{"id":36298,"date":"2020-07-14T09:17:31","date_gmt":"2020-07-14T09:17:31","guid":{"rendered":"https:\/\/www.shqiperia.com\/blog\/?p=36298"},"modified":"2020-07-14T09:17:31","modified_gmt":"2020-07-14T09:17:31","slug":"te-gjithe-jemi-te-tronditur-dhe-te-shokuar-nga-lajmi-erisa-xhixho-thirrje-urgjente-krim-shteteror-spak-te-veproje-koha-nuk-pret","status":"publish","type":"post","link":"https:\/\/www.shqiperia.com\/blog\/te-gjithe-jemi-te-tronditur-dhe-te-shokuar-nga-lajmi-erisa-xhixho-thirrje-urgjente-krim-shteteror-spak-te-veproje-koha-nuk-pret\/","title":{"rendered":"&#8220;T\u00eb gjith\u00eb jemi t\u00eb tronditur dhe t\u00eb shokuar nga lajmi&#8221;. Erisa Xhixho thirrje urgjente: &#8211; Krim shtet\u00ebror, SPAK t\u00eb veproj\u00eb, koha nuk pret!"},"content":{"rendered":"<p><img data-recalc-dims=\"1\" loading=\"lazy\" decoding=\"async\" data-attachment-id=\"36299\" data-permalink=\"https:\/\/www.shqiperia.com\/blog\/te-gjithe-jemi-te-tronditur-dhe-te-shokuar-nga-lajmi-erisa-xhixho-thirrje-urgjente-krim-shteteror-spak-te-veproje-koha-nuk-pret\/800-0-5f0c5d0be241c-1\/\" data-orig-file=\"https:\/\/i0.wp.com\/www.shqiperia.com\/blog\/wp-content\/uploads\/2020\/07\/800-0-5f0c5d0be241c-1.jpg?fit=800%2C453&amp;ssl=1\" data-orig-size=\"800,453\" data-comments-opened=\"1\" data-image-meta=\"{&quot;aperture&quot;:&quot;0&quot;,&quot;credit&quot;:&quot;&quot;,&quot;camera&quot;:&quot;&quot;,&quot;caption&quot;:&quot;&quot;,&quot;created_timestamp&quot;:&quot;0&quot;,&quot;copyright&quot;:&quot;&quot;,&quot;focal_length&quot;:&quot;0&quot;,&quot;iso&quot;:&quot;0&quot;,&quot;shutter_speed&quot;:&quot;0&quot;,&quot;title&quot;:&quot;&quot;,&quot;orientation&quot;:&quot;0&quot;}\" data-image-title=\"-800-0-5f0c5d0be241c (1)\" data-image-description=\"\" data-image-caption=\"\" data-medium-file=\"https:\/\/i0.wp.com\/www.shqiperia.com\/blog\/wp-content\/uploads\/2020\/07\/800-0-5f0c5d0be241c-1.jpg?fit=300%2C170&amp;ssl=1\" data-large-file=\"https:\/\/i0.wp.com\/www.shqiperia.com\/blog\/wp-content\/uploads\/2020\/07\/800-0-5f0c5d0be241c-1.jpg?fit=800%2C453&amp;ssl=1\" class=\"alignnone  wp-image-36299\" alt=\"\" src=\"https:\/\/i0.wp.com\/www.shqiperia.com\/blog\/wp-content\/uploads\/2020\/07\/800-0-5f0c5d0be241c-1.jpg?resize=563%2C319&#038;ssl=1\" width=\"563\" height=\"319\" srcset=\"https:\/\/i0.wp.com\/www.shqiperia.com\/blog\/wp-content\/uploads\/2020\/07\/800-0-5f0c5d0be241c-1.jpg?resize=300%2C170&amp;ssl=1 300w, https:\/\/i0.wp.com\/www.shqiperia.com\/blog\/wp-content\/uploads\/2020\/07\/800-0-5f0c5d0be241c-1.jpg?resize=768%2C435&amp;ssl=1 768w, https:\/\/i0.wp.com\/www.shqiperia.com\/blog\/wp-content\/uploads\/2020\/07\/800-0-5f0c5d0be241c-1.jpg?resize=450%2C255&amp;ssl=1 450w, https:\/\/i0.wp.com\/www.shqiperia.com\/blog\/wp-content\/uploads\/2020\/07\/800-0-5f0c5d0be241c-1.jpg?resize=600%2C340&amp;ssl=1 600w, https:\/\/i0.wp.com\/www.shqiperia.com\/blog\/wp-content\/uploads\/2020\/07\/800-0-5f0c5d0be241c-1.jpg?resize=400%2C227&amp;ssl=1 400w, https:\/\/i0.wp.com\/www.shqiperia.com\/blog\/wp-content\/uploads\/2020\/07\/800-0-5f0c5d0be241c-1.jpg?w=800&amp;ssl=1 800w\" sizes=\"auto, (max-width: 563px) 100vw, 563px\" \/><\/p>\n<p>&#8220;T\u00eb gjith\u00eb jemi t\u00eb tronditur dhe t\u00eb shokuar nga lajmi&#8221;. Erisa Xhixho thirrje urgjente: &#8211; Krim shtet\u00ebror, SPAK t\u00eb veproj\u00eb, koha nuk pret!<\/p>\n<p>13 KORRIK 2020<\/p>\n<p>N\u00ebnkryetarja e LSI, Erisa Xhixho p\u00ebrmes nj\u00eb deklarate nga selia e LSI tha se pagesa prej 109 milion\u00eb eurosh q\u00eb do b\u00ebhet nga qeveria shqiptare p\u00ebr biznesmenin Francesco Becheti, t\u00eb fituara prej tij n\u00eb arbitrazh nuk \u00ebsht\u00eb gj\u00eb tjet\u00ebr ve\u00e7se nj\u00eb krim shtet\u00ebror. Xhixho i k\u00ebrkoi SPAK t\u00eb hetoj\u00eb.<\/p>\n<p>P\u00ebrsh\u00ebndetje!<br \/>\nT\u00eb gjith\u00eb jemi tep\u00ebr t\u00eb tronditur dhe t\u00eb shokuar nga lajmi q\u00eb nga xhepat e shqiptar\u00ebve e taksat tona do t\u00eb paguhen milona euro p\u00ebr faj t\u00eb kryeministrit dhe qeveris\u00eb ndaj biznesmenit italian Francesco Becheti.<br \/>\nShqiptar\u00ebt duhet t\u00eb paguajn\u00eb sot, 109 milion\u00eb euro ose th\u00ebn\u00eb thjesht 140 miliard\u00eb lek\u00eb si pasoj\u00eb e veprimeve arbitrare dhe mafioze t\u00eb qeveris\u00eb ndaj biznesmenit Francesco Becheti.<br \/>\nN\u00eb situat\u00ebn q\u00eb jemi sot, k\u00ebto para mund t\u00eb ishin p\u00ebrdorur p\u00ebr t\u00eb zgjidhur problemet kritike me t\u00eb cilat po p\u00ebrballen shqiptar\u00ebt dhe bizneset si pasoj\u00eb e pandemis\u00eb. N\u00eb m\u00ebnyr\u00eb t\u00eb ve\u00e7ant\u00eb sektori i turizmit.<br \/>\nT\u00eb nderuar qytetar\u00eb, ky \u00ebsht\u00eb nj\u00eb krim shtet\u00ebror q\u00eb \u00ebsht\u00eb konsumuar n\u00eb syt\u00eb e t\u00eb gjith\u00ebve ne dhe pasojat jan\u00eb katastrofike. T\u00eb gjith\u00eb ne, sot k\u00ebrkojm\u00eb q\u00eb fajtor\u00ebt e krimit shtet\u00ebror t\u00eb dalin para drejt\u00ebsis\u00eb dhe t\u00eb marrin d\u00ebnimin e merituar.<br \/>\nTashm\u00eb, gjykatat nd\u00ebrkomb\u00ebtare kan\u00eb folur, mediat po ashtu, qytetar\u00ebt gjithashtu. T\u00eb vetmit q\u00eb nuk kan\u00eb folur jan\u00eb kryeministri dhe prokuroria.<br \/>\nSPAK ka detyrimin kushtetues p\u00ebr t\u00eb hetuar dhe hapur \u00e7\u00ebshtjen penale, n\u00eb m\u00ebnyr\u00eb, q\u00eb qe nga kryeministri deri te zyrtari m\u00eb i fundit t\u00eb merren n\u00ebn hetim.<br \/>\nS\u00ebrisht nga kjo foltore, n\u00eb em\u00ebr t\u00eb t\u00eb gjith\u00eb shqiptar\u00ebve q\u00eb k\u00ebrkojn\u00eb dr\u00ebjt\u00ebsi, po i drejtohemi SPAK me k\u00ebto pyetje p\u00ebrgjigjet e t\u00eb cilave nuk mund t\u00eb presin m\u00eb:<br \/>\n1. Pse nuk i ka b\u00ebr\u00eb publike me koh\u00eb k\u00ebto vendime qeveria shqiptare, k\u00ebt\u00eb vendim, por edhe t\u00eb tjera q\u00eb ajo rrezikon t\u2019i humbas\u00eb n\u00eb gjyqet me biznesmen\u00ebt<br \/>\n2. Kush do ta paguaj\u00eb k\u00ebt\u00eb shum\u00eb marramend\u00ebse, pra kush do ta paguaj\u00eb? Ne?<br \/>\n3. Cilat jan\u00eb veprimet anti-ligjore t\u00eb qeveris\u00eb t\u00eb cilat \u00e7uan n\u00eb k\u00ebt\u00eb vendim shum\u00eb t\u00eb r\u00ebnd\u00eb?<br \/>\n4. Cila \u00ebsht\u00eb p\u00ebrgjegj\u00ebsia penale e Edi Ram\u00ebs si kryeminist\u00ebr q\u00eb ka patur dijeni p\u00ebr \u00e7\u00ebshtjen dhe veprimet q\u00eb ka inkurajuar lidhur me t\u00eb?<br \/>\n5. Cilat jan\u00eb p\u00ebrgjegj\u00ebsit\u00eb penale t\u00eb ekzekutivit individualisht, ministra, drejtor\u00eb t\u00eb tjer\u00eb q\u00eb lidhen me k\u00ebt\u00eb \u00e7\u00ebshtje dhe deri tek specialisti m\u00eb i thjesht\u00eb?<br \/>\n6. Cilat jan\u00eb p\u00ebrgjegj\u00ebsit\u00eb e prokuroris\u00eb n\u00eb k\u00ebt\u00eb proces p\u00ebr mosveprimet dhe heshtjen e saj?<br \/>\n7. \u00c7far\u00eb procesesh albitrazhi t\u00eb tjera jan\u00eb duke u zhvilluar kund\u00ebr qeveris\u00eb dhe sa shkon vlera e tyre? Pra, \u00e7far\u00eb t\u00ebrmeti tjet\u00ebr e pret publikun shqiptar dhe financat shqiptare?<br \/>\n8. Pse nuk u mor asnj\u00eb mas\u00eb, asnj\u00eb drejtim pas alarmit t\u00eb ministrit t\u00eb Drejt\u00ebsis\u00eb n\u00eb 10 prill t\u00eb vitit 2017 mbi k\u00ebt\u00eb d\u00ebm financiar q\u00eb po i vinte vendit dhe rrezikun e humbjes s\u00eb miliardave t\u00eb t\u00ebra nga financat publike.<br \/>\n9. Interesat e kujt jan\u00eb favorizuar nga veprimet arbitrare dhe abuzive t\u00eb qeveris\u00eb n\u00eb prishjen e kontratave?<br \/>\n10. Pse prokuroria shqiptare akoma dhe sot nuk ka hapur \u00e7\u00ebshtjen penale dhe filluar hetimin ndaj Edi Ram\u00ebs, qeveris\u00eb p\u00ebr shp\u00ebrdorimin e detyr\u00ebs me veprime dhe mosveprime t\u00eb tyre q\u00eb kan\u00eb sjell\u00eb pasoja kolosale ndaj financave publike?<\/p>\n<p>\u00c7do minut\u00eb q\u00eb SPAK nuk vepron, r\u00ebndon s\u00eb t\u00ebp\u00ebrmi pozit\u00ebn e tij dhe e shtyn at\u00eb drejt bashk\u00ebfaj\u00ebsis\u00eb.<br \/>\nFaleminderit!<\/p>\n<p>Nga Gazeta Sot<\/p>\n","protected":false},"excerpt":{"rendered":"<p>&#8220;T\u00eb gjith\u00eb jemi t\u00eb tronditur dhe t\u00eb shokuar nga lajmi&#8221;. Erisa Xhixho thirrje urgjente: &#8211; Krim shtet\u00ebror, SPAK t\u00eb veproj\u00eb, koha nuk pret! 13 KORRIK 2020 N\u00ebnkryetarja e LSI, Erisa Xhixho p\u00ebrmes nj\u00eb deklarate nga selia e LSI tha se pagesa prej 109 milion\u00eb eurosh q\u00eb do b\u00ebhet nga qeveria shqiptare p\u00ebr biznesmenin Francesco Becheti, [&hellip;]<\/p>\n","protected":false},"author":9,"featured_media":36299,"comment_status":"open","ping_status":"open","sticky":false,"template":"","format":"standard","meta":{"jetpack_post_was_ever_published":false,"_jetpack_newsletter_access":"","_jetpack_dont_email_post_to_subs":false,"_jetpack_newsletter_tier_id":0,"_jetpack_memberships_contains_paywalled_content":false,"_jetpack_memberships_contains_paid_content":false,"footnotes":"","jetpack_publicize_message":"","jetpack_publicize_feature_enabled":true,"jetpack_social_post_already_shared":true,"jetpack_social_options":{"image_generator_settings":{"template":"highway","default_image_id":0,"font":"","enabled":false},"version":2}},"categories":[27,1,2],"tags":[],"class_list":["post-36298","post","type-post","status-publish","format-standard","has-post-thumbnail","hentry","category-blogu-i-udhetarit","category-njoftime-shtypi","category-politika"],"jetpack_publicize_connections":[],"jetpack_featured_media_url":"https:\/\/i0.wp.com\/www.shqiperia.com\/blog\/wp-content\/uploads\/2020\/07\/800-0-5f0c5d0be241c-1.jpg?fit=800%2C453&ssl=1","jetpack_sharing_enabled":true,"jetpack_shortlink":"https:\/\/wp.me\/p5Z6wp-9rs","jetpack-related-posts":[{"id":30506,"url":"https:\/\/www.shqiperia.com\/blog\/a-ka-nje-plan-opozita-per-zgjedhje-te-parakohshme-pas-reformes-zgjedhore-flet-erisa-xhixho\/","url_meta":{"origin":36298,"position":0},"title":"A ka nj\u00eb plan opozita p\u00ebr zgjedhje t\u00eb parakohshme pas Reform\u00ebs Zgjedhore? Flet Erisa Xhixho","author":"Kurt Farka","date":"January 20, 2020","format":false,"excerpt":"A ka nj\u00eb plan opozita p\u00ebr zgjedhje t\u00eb parakohshme pas Reform\u00ebs Zgjedhore? Flet Erisa Xhixho 18 Janar, 2020 N\u00ebnkryetarja e LSI-s\u00eb Erisa Xhixho ishte e ftuar sot n\u00eb studion e lajmeve t\u00eb Fax Ne\u00ebs, ku foli mbi uljen e partive politike n\u00eb nj\u00eb tryez\u00eb p\u00ebr Reform\u00ebn Zgjedhore. Sipas Xhixhos kjo\u2026","rel":"","context":"In &quot;Blogu i Udh\u00ebtarit&quot;","block_context":{"text":"Blogu i Udh\u00ebtarit","link":"https:\/\/www.shqiperia.com\/blog\/category\/blogu-i-udhetarit\/"},"img":{"alt_text":"","src":"https:\/\/i0.wp.com\/www.shqiperia.com\/blog\/wp-content\/uploads\/2020\/01\/Erisa-Xhixho.jpg?fit=584%2C352&ssl=1&resize=350%2C200","width":350,"height":200,"srcset":"https:\/\/i0.wp.com\/www.shqiperia.com\/blog\/wp-content\/uploads\/2020\/01\/Erisa-Xhixho.jpg?fit=584%2C352&ssl=1&resize=350%2C200 1x, https:\/\/i0.wp.com\/www.shqiperia.com\/blog\/wp-content\/uploads\/2020\/01\/Erisa-Xhixho.jpg?fit=584%2C352&ssl=1&resize=525%2C300 1.5x"},"classes":[]},{"id":59281,"url":"https:\/\/www.shqiperia.com\/blog\/diskursi-i-rames-ishte-per-ti-bere-presion-be-dhe-per-te-legjitimuar-open-balkan\/","url_meta":{"origin":36298,"position":1},"title":"Diskursi i Ram\u00ebs ishte p\u00ebr t\u2019i b\u00ebr\u00eb presion BE dhe p\u00ebr t\u00eb legjitimuar \u201cOpen Balkan\u201d","author":"Kurt Farka","date":"June 24, 2022","format":false,"excerpt":"\u00a023 Qershor 2022 Dit\u00ebn e sotme n\u00eb Bruksel u mbajt samiti i BE, ku pjes\u00ebmarr\u00ebs ishin dhe kryeministri Edi Rama, kryeministri i Maqedonis\u00eb s\u00eb Veriu, Dimitar\u00a0Kova\u00e7evsk, dhe presidentin serb Aleksand\u00ebr Vu\u00e7i\u00e7, t\u00eb cil\u00ebt mbajt\u00ebn dhe nj\u00eb konferenc\u00eb t\u00eb p\u00ebrbashk\u00ebt p\u00ebr shtyp. N\u00eb nj\u00eb intervist\u00eb p\u00ebr Ora News,\u00a0 deputetja e LSI-s\u00eb\u2026","rel":"","context":"In &quot;Kultura&quot;","block_context":{"text":"Kultura","link":"https:\/\/www.shqiperia.com\/blog\/category\/kultura\/"},"img":{"alt_text":"","src":"https:\/\/i0.wp.com\/www.shqiperia.com\/blog\/wp-content\/uploads\/2022\/06\/Erisa-Xhixho.jpg?fit=1200%2C630&ssl=1&resize=350%2C200","width":350,"height":200,"srcset":"https:\/\/i0.wp.com\/www.shqiperia.com\/blog\/wp-content\/uploads\/2022\/06\/Erisa-Xhixho.jpg?fit=1200%2C630&ssl=1&resize=350%2C200 1x, https:\/\/i0.wp.com\/www.shqiperia.com\/blog\/wp-content\/uploads\/2022\/06\/Erisa-Xhixho.jpg?fit=1200%2C630&ssl=1&resize=525%2C300 1.5x, https:\/\/i0.wp.com\/www.shqiperia.com\/blog\/wp-content\/uploads\/2022\/06\/Erisa-Xhixho.jpg?fit=1200%2C630&ssl=1&resize=700%2C400 2x, https:\/\/i0.wp.com\/www.shqiperia.com\/blog\/wp-content\/uploads\/2022\/06\/Erisa-Xhixho.jpg?fit=1200%2C630&ssl=1&resize=1050%2C600 3x"},"classes":[]},{"id":34504,"url":"https:\/\/www.shqiperia.com\/blog\/rama-tha-se-eshte-gati-te-ulet-ne-tryeze-me-meten-dhe-bashen-vjen-reagimi-i-pare-nga-lsi\/","url_meta":{"origin":36298,"position":2},"title":"Rama tha se \u00ebsht\u00eb gati t\u00eb ulet n\u00eb tryez\u00eb me Met\u00ebn dhe Bash\u00ebn, vjen reagimi i par\u00eb nga LSI","author":"Kurt Farka","date":"May 10, 2020","format":false,"excerpt":"Rama tha se \u00ebsht\u00eb gati t\u00eb ulet n\u00eb tryez\u00eb me Met\u00ebn dhe Bash\u00ebn, vjen reagimi i par\u00eb nga LSI 10 MAJ 2020 N\u00ebnkryetarja e LSI, Erisa Xhixho, komentoi n\u00eb nj\u00eb lidhje me \u201cSkype\u201d n\u00eb rubrik\u00ebn \u201cOpinion\u201d, n\u00eb\u00a0News24, ka komentuar thirrjen e kryeministrit Ram\u00ebs p\u00ebr dialog \u201c Thirrjet aspak t\u00eb sinqerta\u2026","rel":"","context":"In &quot;Blogu i Udh\u00ebtarit&quot;","block_context":{"text":"Blogu i Udh\u00ebtarit","link":"https:\/\/www.shqiperia.com\/blog\/category\/blogu-i-udhetarit\/"},"img":{"alt_text":"","src":"https:\/\/i0.wp.com\/www.shqiperia.com\/blog\/wp-content\/uploads\/2020\/05\/Dora-e-shtrire-Edi-Rama-Copy-1.jpg?fit=831%2C478&ssl=1&resize=350%2C200","width":350,"height":200,"srcset":"https:\/\/i0.wp.com\/www.shqiperia.com\/blog\/wp-content\/uploads\/2020\/05\/Dora-e-shtrire-Edi-Rama-Copy-1.jpg?fit=831%2C478&ssl=1&resize=350%2C200 1x, https:\/\/i0.wp.com\/www.shqiperia.com\/blog\/wp-content\/uploads\/2020\/05\/Dora-e-shtrire-Edi-Rama-Copy-1.jpg?fit=831%2C478&ssl=1&resize=525%2C300 1.5x, https:\/\/i0.wp.com\/www.shqiperia.com\/blog\/wp-content\/uploads\/2020\/05\/Dora-e-shtrire-Edi-Rama-Copy-1.jpg?fit=831%2C478&ssl=1&resize=700%2C400 2x"},"classes":[]},{"id":79809,"url":"https:\/\/www.shqiperia.com\/blog\/sot-1-prilli-erisa-xhixho-tregon-ja-tre-genjeshtrat-e-kryeministrit-edi-rama\/","url_meta":{"origin":36298,"position":3},"title":"Sot, 1 Prilli, Erisa Xhixho tregon: &#8211; Ja tre g\u00ebnjeshtrat e kryeministrit Edi Rama","author":"Kurt Farka","date":"April 1, 2024","format":false,"excerpt":"1 Prill 2024 N\u00ebnkryetarja e Partis\u00eb s\u00eb Liris\u00eb Erisa Xhixho, p\u00ebrmes nj\u00eb reagimi n\u00eb rrjetet sociale sot m\u00eb 1 Prill q\u00eb njihet edhe si Dita e G\u00ebnjeshtrave rendit tre t\u00eb tilla t\u00eb b\u00ebra nga kryeministri Edi Rama. Reagimi i plot\u00eb i Erisa Xhixho Tre g\u00ebnjeshtrat e kryeministrit : N\u00eb vitin\u2026","rel":"","context":"In &quot;Blogu i Udh\u00ebtarit&quot;","block_context":{"text":"Blogu i Udh\u00ebtarit","link":"https:\/\/www.shqiperia.com\/blog\/category\/blogu-i-udhetarit\/"},"img":{"alt_text":"","src":"https:\/\/i0.wp.com\/www.shqiperia.com\/blog\/wp-content\/uploads\/2024\/04\/erisa-xhixho.jpg?fit=781%2C394&ssl=1&resize=350%2C200","width":350,"height":200,"srcset":"https:\/\/i0.wp.com\/www.shqiperia.com\/blog\/wp-content\/uploads\/2024\/04\/erisa-xhixho.jpg?fit=781%2C394&ssl=1&resize=350%2C200 1x, https:\/\/i0.wp.com\/www.shqiperia.com\/blog\/wp-content\/uploads\/2024\/04\/erisa-xhixho.jpg?fit=781%2C394&ssl=1&resize=525%2C300 1.5x, https:\/\/i0.wp.com\/www.shqiperia.com\/blog\/wp-content\/uploads\/2024\/04\/erisa-xhixho.jpg?fit=781%2C394&ssl=1&resize=700%2C400 2x"},"classes":[]},{"id":60332,"url":"https:\/\/www.shqiperia.com\/blog\/deputetja-jep-alarmin-eshte-vene-ne-rrezik-siguria-kombetare\/","url_meta":{"origin":36298,"position":4},"title":"Deputetja jep alarmin: &#8211; \u00cbsht\u00eb v\u00ebn\u00eb n\u00eb rrezik siguria komb\u00ebtare","author":"Kurt Farka","date":"July 31, 2022","format":false,"excerpt":"31 KORRIK 2022 N\u00eb nj\u00eb postim n\u00eb rrjetet sociale, deputetja Erisa Xhixho shkruan se siguria komb\u00ebtare po rrezikohet si kurr\u00eb m\u00eb par\u00eb s\u00eb fundmi nga sulmi i paprecedent\u00eb kibernetik n\u00eb sistemet qeveritare. Xhixho thekson se bashk\u00eb me to ka r\u00ebn\u00eb siguria e informacionit dhe e jet\u00ebs pas marrjes s\u00eb gjith\u00eb\u2026","rel":"","context":"In &quot;Blogu i Udh\u00ebtarit&quot;","block_context":{"text":"Blogu i Udh\u00ebtarit","link":"https:\/\/www.shqiperia.com\/blog\/category\/blogu-i-udhetarit\/"},"img":{"alt_text":"","src":"https:\/\/i0.wp.com\/www.shqiperia.com\/blog\/wp-content\/uploads\/2022\/07\/800-0-62e6445c5bba8.jpeg?fit=800%2C451&ssl=1&resize=350%2C200","width":350,"height":200,"srcset":"https:\/\/i0.wp.com\/www.shqiperia.com\/blog\/wp-content\/uploads\/2022\/07\/800-0-62e6445c5bba8.jpeg?fit=800%2C451&ssl=1&resize=350%2C200 1x, https:\/\/i0.wp.com\/www.shqiperia.com\/blog\/wp-content\/uploads\/2022\/07\/800-0-62e6445c5bba8.jpeg?fit=800%2C451&ssl=1&resize=525%2C300 1.5x, https:\/\/i0.wp.com\/www.shqiperia.com\/blog\/wp-content\/uploads\/2022\/07\/800-0-62e6445c5bba8.jpeg?fit=800%2C451&ssl=1&resize=700%2C400 2x"},"classes":[]},{"id":82550,"url":"https:\/\/www.shqiperia.com\/blog\/sherr-tek-ekonomiku-dhe-droge-e-arme-ne-durres-xhixho-me-tone-te-ashpra\/","url_meta":{"origin":36298,"position":5},"title":"Sherr tek Ekonomiku dhe drog\u00eb e arm\u00eb n\u00eb Durr\u00ebs &#8211; Xhixho me tone t\u00eb ashpra","author":"Kurt Farka","date":"July 7, 2024","format":false,"excerpt":"7 Korrik 2024 Zv. presidentja e Partis\u00eb s\u00eb Liris\u00eb, Erisa Xhixho shkruan se p\u00ebrfshirja e nj\u00eb drejtori shkolle n\u00eb shp\u00ebrndarjen e l\u00ebnd\u00ebve narkotike \u00ebsht\u00eb skandali i radh\u00ebs q\u00eb tregon se ku \u00ebsht\u00eb katandisur arsimi n\u00eb Shqip\u00ebri. Sipas saj, kjo \u00ebsht\u00eb prova m\u00eb e qart\u00eb se Ministria e Arsimit ka d\u00ebshtuar\u2026","rel":"","context":"In &quot;Blogu i Udh\u00ebtarit&quot;","block_context":{"text":"Blogu i Udh\u00ebtarit","link":"https:\/\/www.shqiperia.com\/blog\/category\/blogu-i-udhetarit\/"},"img":{"alt_text":"","src":"https:\/\/i0.wp.com\/www.shqiperia.com\/blog\/wp-content\/uploads\/2024\/07\/erisa-xhixho.jpg?fit=640%2C357&ssl=1&resize=350%2C200","width":350,"height":200,"srcset":"https:\/\/i0.wp.com\/www.shqiperia.com\/blog\/wp-content\/uploads\/2024\/07\/erisa-xhixho.jpg?fit=640%2C357&ssl=1&resize=350%2C200 1x, https:\/\/i0.wp.com\/www.shqiperia.com\/blog\/wp-content\/uploads\/2024\/07\/erisa-xhixho.jpg?fit=640%2C357&ssl=1&resize=525%2C300 1.5x"},"classes":[]}],"_links":{"self":[{"href":"https:\/\/www.shqiperia.com\/blog\/wp-json\/wp\/v2\/posts\/36298","targetHints":{"allow":["GET"]}}],"collection":[{"href":"https:\/\/www.shqiperia.com\/blog\/wp-json\/wp\/v2\/posts"}],"about":[{"href":"https:\/\/www.shqiperia.com\/blog\/wp-json\/wp\/v2\/types\/post"}],"author":[{"embeddable":true,"href":"https:\/\/www.shqiperia.com\/blog\/wp-json\/wp\/v2\/users\/9"}],"replies":[{"embeddable":true,"href":"https:\/\/www.shqiperia.com\/blog\/wp-json\/wp\/v2\/comments?post=36298"}],"version-history":[{"count":1,"href":"https:\/\/www.shqiperia.com\/blog\/wp-json\/wp\/v2\/posts\/36298\/revisions"}],"predecessor-version":[{"id":36300,"href":"https:\/\/www.shqiperia.com\/blog\/wp-json\/wp\/v2\/posts\/36298\/revisions\/36300"}],"wp:featuredmedia":[{"embeddable":true,"href":"https:\/\/www.shqiperia.com\/blog\/wp-json\/wp\/v2\/media\/36299"}],"wp:attachment":[{"href":"https:\/\/www.shqiperia.com\/blog\/wp-json\/wp\/v2\/media?parent=36298"}],"wp:term":[{"taxonomy":"category","embeddable":true,"href":"https:\/\/www.shqiperia.com\/blog\/wp-json\/wp\/v2\/categories?post=36298"},{"taxonomy":"post_tag","embeddable":true,"href":"https:\/\/www.shqiperia.com\/blog\/wp-json\/wp\/v2\/tags?post=36298"}],"curies":[{"name":"wp","href":"https:\/\/api.w.org\/{rel}","templated":true}]}}