{"id":36295,"date":"2020-07-14T07:10:10","date_gmt":"2020-07-14T07:10:10","guid":{"rendered":"https:\/\/www.shqiperia.com\/blog\/?p=36295"},"modified":"2020-07-14T07:10:10","modified_gmt":"2020-07-14T07:10:10","slug":"eshte-prekur-nga-nje-semundje-me-vdekjeprurese-se-covid-kina-leshon-alarmin-per-kete-shtet","status":"publish","type":"post","link":"https:\/\/www.shqiperia.com\/blog\/eshte-prekur-nga-nje-semundje-me-vdekjeprurese-se-covid-kina-leshon-alarmin-per-kete-shtet\/","title":{"rendered":"\u00cbsht\u00eb prekur nga nj\u00eb s\u00ebmundje m\u00eb vdekjeprur\u00ebse se Covid, Kina l\u00ebshon alarmin p\u00ebr k\u00ebt\u00eb shtet"},"content":{"rendered":"<p><img data-recalc-dims=\"1\" loading=\"lazy\" decoding=\"async\" data-attachment-id=\"36296\" data-permalink=\"https:\/\/www.shqiperia.com\/blog\/eshte-prekur-nga-nje-semundje-me-vdekjeprurese-se-covid-kina-leshon-alarmin-per-kete-shtet\/640-0-5f082ac8ef9b5\/\" data-orig-file=\"https:\/\/i0.wp.com\/www.shqiperia.com\/blog\/wp-content\/uploads\/2020\/07\/640-0-5f082ac8ef9b5.jpg?fit=640%2C366&amp;ssl=1\" data-orig-size=\"640,366\" data-comments-opened=\"1\" data-image-meta=\"{&quot;aperture&quot;:&quot;0&quot;,&quot;credit&quot;:&quot;&quot;,&quot;camera&quot;:&quot;&quot;,&quot;caption&quot;:&quot;&quot;,&quot;created_timestamp&quot;:&quot;0&quot;,&quot;copyright&quot;:&quot;&quot;,&quot;focal_length&quot;:&quot;0&quot;,&quot;iso&quot;:&quot;0&quot;,&quot;shutter_speed&quot;:&quot;0&quot;,&quot;title&quot;:&quot;&quot;,&quot;orientation&quot;:&quot;0&quot;}\" data-image-title=\"-640-0-5f082ac8ef9b5\" data-image-description=\"\" data-image-caption=\"\" data-medium-file=\"https:\/\/i0.wp.com\/www.shqiperia.com\/blog\/wp-content\/uploads\/2020\/07\/640-0-5f082ac8ef9b5.jpg?fit=300%2C172&amp;ssl=1\" data-large-file=\"https:\/\/i0.wp.com\/www.shqiperia.com\/blog\/wp-content\/uploads\/2020\/07\/640-0-5f082ac8ef9b5.jpg?fit=640%2C366&amp;ssl=1\" class=\"alignnone  wp-image-36296\" alt=\"\" src=\"https:\/\/i0.wp.com\/www.shqiperia.com\/blog\/wp-content\/uploads\/2020\/07\/640-0-5f082ac8ef9b5.jpg?resize=495%2C284&#038;ssl=1\" width=\"495\" height=\"284\" srcset=\"https:\/\/i0.wp.com\/www.shqiperia.com\/blog\/wp-content\/uploads\/2020\/07\/640-0-5f082ac8ef9b5.jpg?resize=300%2C172&amp;ssl=1 300w, https:\/\/i0.wp.com\/www.shqiperia.com\/blog\/wp-content\/uploads\/2020\/07\/640-0-5f082ac8ef9b5.jpg?resize=450%2C257&amp;ssl=1 450w, https:\/\/i0.wp.com\/www.shqiperia.com\/blog\/wp-content\/uploads\/2020\/07\/640-0-5f082ac8ef9b5.jpg?resize=600%2C343&amp;ssl=1 600w, https:\/\/i0.wp.com\/www.shqiperia.com\/blog\/wp-content\/uploads\/2020\/07\/640-0-5f082ac8ef9b5.jpg?resize=400%2C229&amp;ssl=1 400w, https:\/\/i0.wp.com\/www.shqiperia.com\/blog\/wp-content\/uploads\/2020\/07\/640-0-5f082ac8ef9b5.jpg?w=640&amp;ssl=1 640w\" sizes=\"auto, (max-width: 495px) 100vw, 495px\" \/><\/p>\n<p style=\"margin-bottom: 30.0pt;line-height: normal\" class=\"MsoNormal\"><b><span style=\"font-size: 34.0pt;font-family: 'Adelle-SemiBold','serif';color: #262a33\">\u00cbsht\u00eb prekur nga nj\u00eb s\u00ebmundje m\u00eb vdekjeprur\u00ebse se Covid, Kina l\u00ebshon alarmin p\u00ebr k\u00ebt\u00eb shtet<\/span><\/b><\/p>\n<p style=\"margin-bottom: 30.0pt;line-height: normal\" class=\"MsoNormal\"><span style=\"font-size: 8.5pt;font-family: 'Adelle-SemiBold','serif';color: #ea2c30;text-transform: uppercase\">10 KORRIK 2020<span>\u00a0\u00a0\u00a0 <\/span><\/span><b><span style=\"font-size: 34.0pt;font-family: 'Adelle-SemiBold','serif';color: #262a33\"><\/span><\/b><\/p>\n<p style=\"margin-bottom: 22.5pt;line-height: 20.4pt\" class=\"MsoNormal\"><span style=\"font-size: 14.5pt;font-family: 'Adelle-Regular','serif';color: #262a33\">Nj\u00eb pneumoni e rrezikshme, madje m\u00eb e frikshme sesa Covid, ka prekur Kazakistanin. Ky alarm \u00ebsht\u00eb dh\u00ebn\u00eb nga ambasada e Kin\u00ebs n\u00eb Kazakistan.<\/span><\/p>\n<p style=\"margin-bottom: 22.5pt;line-height: 20.4pt\" class=\"MsoNormal\"><span style=\"font-size: 14.5pt;font-family: 'Adelle-Regular','serif';color: #262a33\">\u201cKjo s\u00ebmundje \u00ebsht\u00eb m\u00eb vdekjeprur\u00ebse se Covid-19. Agjencit\u00eb e sh\u00ebndetit po hetojn\u00eb, por ende nuk e kan\u00eb identifikuar virusin\u201d, njofton ambasada n\u00eb nj\u00eb komunikat\u00eb p\u00ebr shtyp.<\/span><\/p>\n<p style=\"margin-bottom: 22.5pt;line-height: 20.4pt\" class=\"MsoNormal\"><span style=\"font-size: 14.5pt;font-family: 'Adelle-Regular','serif';color: #262a33\">P\u00ebrve\u00e7 numrit t\u00eb lart\u00eb t\u00eb personave t\u00eb vdekur, jan\u00eb rreth 300 t\u00eb tjer\u00eb q\u00eb shtrohen \u00e7do dit\u00eb n\u00eb spital me pneumoni, b\u00ebn me dije Saule Kisikova, shefja e departamentit mjek\u00ebsor n\u00eb Astana t\u00eb Kazakistanit.<\/span><\/p>\n<p style=\"margin-bottom: 22.5pt;line-height: 20.4pt\" class=\"MsoNormal\"><span style=\"font-size: 14.5pt;font-family: 'Adelle-Regular','serif';color: #262a33\">Nga 29 qershori deri n\u00eb 5 korrik, Ministria e Sh\u00ebndet\u00ebsis\u00eb ka regjistruar m\u00eb shum\u00eb se 32 000 raste me pneumoni. Shumica e t\u00eb prekurve kan\u00eb dal\u00eb negativ\u00eb n\u00eb testin p\u00ebr koronavirus, edhe pse po trajtohen me t\u00eb nj\u00ebjtat medikamente q\u00eb p\u00ebrdoren p\u00ebr t\u00eb luftuar Covid-19. Q\u00eb nga fillimi i k\u00ebtij viti, 1772 persona kan\u00eb vdekur n\u00eb k\u00ebt\u00eb vend nga kjo pneumoni.<\/span><\/p>\n<p style=\"margin-bottom: 22.5pt;line-height: 20.4pt\" class=\"MsoNormal\"><span style=\"font-size: 8.5pt;font-family: 'Adelle-SemiBold','serif';color: black;text-transform: uppercase\">GAZETA SHQIP<\/span><span style=\"font-size: 14.5pt;font-family: 'Adelle-Regular','serif';color: #262a33\"><\/span><\/p>\n","protected":false},"excerpt":{"rendered":"<p>\u00cbsht\u00eb prekur nga nj\u00eb s\u00ebmundje m\u00eb vdekjeprur\u00ebse se Covid, Kina l\u00ebshon alarmin p\u00ebr k\u00ebt\u00eb shtet 10 KORRIK 2020\u00a0\u00a0\u00a0 Nj\u00eb pneumoni e rrezikshme, madje m\u00eb e frikshme sesa Covid, ka prekur Kazakistanin. Ky alarm \u00ebsht\u00eb dh\u00ebn\u00eb nga ambasada e Kin\u00ebs n\u00eb Kazakistan. \u201cKjo s\u00ebmundje \u00ebsht\u00eb m\u00eb vdekjeprur\u00ebse se Covid-19. Agjencit\u00eb e sh\u00ebndetit po hetojn\u00eb, por ende [&hellip;]<\/p>\n","protected":false},"author":9,"featured_media":36296,"comment_status":"open","ping_status":"open","sticky":false,"template":"","format":"standard","meta":{"jetpack_post_was_ever_published":false,"_jetpack_newsletter_access":"","_jetpack_dont_email_post_to_subs":false,"_jetpack_newsletter_tier_id":0,"_jetpack_memberships_contains_paywalled_content":false,"_jetpack_memberships_contains_paid_content":false,"footnotes":"","jetpack_publicize_message":"","jetpack_publicize_feature_enabled":true,"jetpack_social_post_already_shared":true,"jetpack_social_options":{"image_generator_settings":{"template":"highway","default_image_id":0,"font":"","enabled":false},"version":2}},"categories":[27,1],"tags":[],"class_list":["post-36295","post","type-post","status-publish","format-standard","has-post-thumbnail","hentry","category-blogu-i-udhetarit","category-njoftime-shtypi"],"jetpack_publicize_connections":[],"jetpack_featured_media_url":"https:\/\/i0.wp.com\/www.shqiperia.com\/blog\/wp-content\/uploads\/2020\/07\/640-0-5f082ac8ef9b5.jpg?fit=640%2C366&ssl=1","jetpack_sharing_enabled":true,"jetpack_shortlink":"https:\/\/wp.me\/p5Z6wp-9rp","jetpack-related-posts":[{"id":57497,"url":"https:\/\/www.shqiperia.com\/blog\/semundja-qe-po-qarkullon-me-shpejtesi-be-e-shqetesuar-leshon-alarmin-ja-simptomat\/","url_meta":{"origin":36295,"position":0},"title":"S\u00ebmundja q\u00eb po qarkullon me shpejt\u00ebsi! BE e shqet\u00ebsuar l\u00ebshon alarmin: &#8211; Ja simptomat","author":"Kurt Farka","date":"May 2, 2022","format":false,"excerpt":"S\u00ebmundja q\u00eb po qarkullon me shpejt\u00ebsi! BE e shqet\u00ebsuar l\u00ebshon alarmin: - Ja simptomat 2 MAJ 2022 Pas shfaqjes radhazi t\u00eb rasteve me hepatit akut n\u00eb Europ\u00eb, SHBA, Izrael dhe Japoni, Autoriteti Sh\u00ebndet\u00ebsor i BE, ECDC shprehet i shqet\u00ebsuar. P\u00ebr shkak t\u00eb shkaktarit t\u00eb panjohur t\u00eb s\u00ebmundjeve b\u00ebhet fjal\u00eb p\u00ebr\u2026","rel":"","context":"In &quot;Njoftime Shtypi&quot;","block_context":{"text":"Njoftime Shtypi","link":"https:\/\/www.shqiperia.com\/blog\/category\/njoftime-shtypi\/"},"img":{"alt_text":"","src":"https:\/\/i0.wp.com\/www.shqiperia.com\/blog\/wp-content\/uploads\/2022\/05\/hepatit-akut.png?fit=800%2C481&ssl=1&resize=350%2C200","width":350,"height":200,"srcset":"https:\/\/i0.wp.com\/www.shqiperia.com\/blog\/wp-content\/uploads\/2022\/05\/hepatit-akut.png?fit=800%2C481&ssl=1&resize=350%2C200 1x, https:\/\/i0.wp.com\/www.shqiperia.com\/blog\/wp-content\/uploads\/2022\/05\/hepatit-akut.png?fit=800%2C481&ssl=1&resize=525%2C300 1.5x, https:\/\/i0.wp.com\/www.shqiperia.com\/blog\/wp-content\/uploads\/2022\/05\/hepatit-akut.png?fit=800%2C481&ssl=1&resize=700%2C400 2x"},"classes":[]},{"id":43877,"url":"https:\/\/www.shqiperia.com\/blog\/ekspertet-ngrene-alarmin-po-shfaqet-nje-semundje-e-rralle-prek-me-se-shumti-kete-kategori\/","url_meta":{"origin":36295,"position":1},"title":"Ekspert\u00ebt ngren\u00eb ALARMIN: Po shfaqet nj\u00eb s\u00ebmundje e rrall\u00eb, prek m\u00eb s\u00eb shumti k\u00ebt\u00eb kategori","author":"Kurt Farka","date":"February 7, 2021","format":false,"excerpt":"Ekspert\u00ebt ngren\u00eb ALARMIN: Po shfaqet nj\u00eb s\u00ebmundje e rrall\u00eb, prek m\u00eb s\u00eb shumti k\u00ebt\u00eb kategori 7 SHKURT 2021 Af\u00ebrsisht 100 f\u00ebmij\u00eb n\u00eb jav\u00eb n\u00eb Mbret\u00ebrin\u00eb e Bashkuar p\u00ebrfundojn\u00eb n\u00eb spital me nj\u00eb s\u00ebmundje t\u00eb rrall\u00eb q\u00eb mund t\u00eb shfaqet disa jav\u00eb pas COVID-19, duke i l\u00ebn\u00eb ata n\u00eb kujdes intensiv.\u2026","rel":"","context":"In &quot;Blogu i Udh\u00ebtarit&quot;","block_context":{"text":"Blogu i Udh\u00ebtarit","link":"https:\/\/www.shqiperia.com\/blog\/category\/blogu-i-udhetarit\/"},"img":{"alt_text":"","src":"https:\/\/i0.wp.com\/www.shqiperia.com\/blog\/wp-content\/uploads\/2021\/02\/800-480-602012777898d.jpg?fit=800%2C480&ssl=1&resize=350%2C200","width":350,"height":200,"srcset":"https:\/\/i0.wp.com\/www.shqiperia.com\/blog\/wp-content\/uploads\/2021\/02\/800-480-602012777898d.jpg?fit=800%2C480&ssl=1&resize=350%2C200 1x, https:\/\/i0.wp.com\/www.shqiperia.com\/blog\/wp-content\/uploads\/2021\/02\/800-480-602012777898d.jpg?fit=800%2C480&ssl=1&resize=525%2C300 1.5x, https:\/\/i0.wp.com\/www.shqiperia.com\/blog\/wp-content\/uploads\/2021\/02\/800-480-602012777898d.jpg?fit=800%2C480&ssl=1&resize=700%2C400 2x"},"classes":[]},{"id":41570,"url":"https:\/\/www.shqiperia.com\/blog\/do-te-jete-me-vdekjeprurese-se-koronavirusi-i-ri-alarmi-trondites-i-ekspertit-kina-po-mbledh-adn-ne-e-botes-per-nje-arsye-te-tmerrshme\/","url_meta":{"origin":36295,"position":2},"title":"\u201cDo t\u00eb jet\u00eb m\u00eb vdekjeprur\u00ebse se koronavirusi i ri\u201d\/ Alarmi trondit\u00ebs i ekspertit: Kina po mbledh ADN-n\u00eb e bot\u00ebs p\u00ebr nj\u00eb arsye t\u00eb tmerrshme!","author":"Kurt Farka","date":"December 5, 2020","format":false,"excerpt":"\u201cDo t\u00eb jet\u00eb m\u00eb vdekjeprur\u00ebse se koronavirusi i ri\u201d\/ Alarmi trondit\u00ebs i ekspertit: Kina po mbledh ADN-n\u00eb e bot\u00ebs p\u00ebr nj\u00eb arsye t\u00eb tmerrshme! 5 DHJETOR 2020 Gazeta Sot Republika Popullore e Kin\u00ebs po mbledh prej vitesh AND-n\u00eb e njer\u00ebzve n\u00ebp\u00ebr bot\u00eb p\u00ebr nj\u00eb arsye t\u00eb tmerrshme, thot\u00eb publicisti Gordon\u2026","rel":"","context":"In &quot;Blogu i Udh\u00ebtarit&quot;","block_context":{"text":"Blogu i Udh\u00ebtarit","link":"https:\/\/www.shqiperia.com\/blog\/category\/blogu-i-udhetarit\/"},"img":{"alt_text":"","src":"https:\/\/i0.wp.com\/www.shqiperia.com\/blog\/wp-content\/uploads\/2020\/12\/800-0-5d433e3889ff35e13f13d9719d17fbc9.jpg?fit=800%2C431&ssl=1&resize=350%2C200","width":350,"height":200,"srcset":"https:\/\/i0.wp.com\/www.shqiperia.com\/blog\/wp-content\/uploads\/2020\/12\/800-0-5d433e3889ff35e13f13d9719d17fbc9.jpg?fit=800%2C431&ssl=1&resize=350%2C200 1x, https:\/\/i0.wp.com\/www.shqiperia.com\/blog\/wp-content\/uploads\/2020\/12\/800-0-5d433e3889ff35e13f13d9719d17fbc9.jpg?fit=800%2C431&ssl=1&resize=525%2C300 1.5x, https:\/\/i0.wp.com\/www.shqiperia.com\/blog\/wp-content\/uploads\/2020\/12\/800-0-5d433e3889ff35e13f13d9719d17fbc9.jpg?fit=800%2C431&ssl=1&resize=700%2C400 2x"},"classes":[]},{"id":33402,"url":"https:\/\/www.shqiperia.com\/blog\/nga-semundja-e-justinianit-tek-murtaja-e-zeze-cilat-jane-epidemite-me-vdekjeprurese-qe-kane-transformuar-boten\/","url_meta":{"origin":36295,"position":3},"title":"Nga S\u00ebmundja e Justinianit tek Murtaja e Zez\u00eb\/ Cilat jan\u00eb epidemit\u00eb m\u00eb vdekjeprur\u00ebse q\u00eb kan\u00eb transformuar bot\u00ebn","author":"Kurt Farka","date":"April 13, 2020","format":false,"excerpt":"Nga S\u00ebmundja e Justinianit tek Murtaja e Zez\u00eb\/ Cilat jan\u00eb epidemit\u00eb m\u00eb vdekjeprur\u00ebse q\u00eb kan\u00eb transformuar bot\u00ebn 11 mprill \u00a02020 Washington Post ka publikuar nj\u00eb artikull mbi epidemit\u00eb dhe pandemit\u00eb e tjera q\u00eb kan\u00eb goditur bot\u00ebn m\u00eb her\u00ebt dhe q\u00eb kan\u00eb shkaktuar qindra miliona vdekje me kalimin e koh\u00ebs. Gazeta\u2026","rel":"","context":"In &quot;Blogu i Udh\u00ebtarit&quot;","block_context":{"text":"Blogu i Udh\u00ebtarit","link":"https:\/\/www.shqiperia.com\/blog\/category\/blogu-i-udhetarit\/"},"img":{"alt_text":"","src":"https:\/\/i0.wp.com\/www.shqiperia.com\/blog\/wp-content\/uploads\/2020\/04\/koronavirus-750x375-1-905x450-1.jpg?fit=905%2C450&ssl=1&resize=350%2C200","width":350,"height":200,"srcset":"https:\/\/i0.wp.com\/www.shqiperia.com\/blog\/wp-content\/uploads\/2020\/04\/koronavirus-750x375-1-905x450-1.jpg?fit=905%2C450&ssl=1&resize=350%2C200 1x, https:\/\/i0.wp.com\/www.shqiperia.com\/blog\/wp-content\/uploads\/2020\/04\/koronavirus-750x375-1-905x450-1.jpg?fit=905%2C450&ssl=1&resize=525%2C300 1.5x, https:\/\/i0.wp.com\/www.shqiperia.com\/blog\/wp-content\/uploads\/2020\/04\/koronavirus-750x375-1-905x450-1.jpg?fit=905%2C450&ssl=1&resize=700%2C400 2x"},"classes":[]},{"id":32065,"url":"https:\/\/www.shqiperia.com\/blog\/vjen-lajmi-i-bujshem-nga-kina-pas-panikut-qe-po-perjeton-bota-ja-cfare-mund-ta-luftoje-koronavirusin\/","url_meta":{"origin":36295,"position":4},"title":"Vjen lajmi i bujsh\u00ebm nga Kina pas panikut q\u00eb po p\u00ebrjeton bota \/ Ja \u00e7far\u00eb mund ta luftoj\u00eb koronavirusin","author":"Kurt Farka","date":"March 5, 2020","format":false,"excerpt":"5 mars 2020 Komisioni Komb\u00ebtar i Sh\u00ebndetit Kinez (NHC) ka aprovuar p\u00ebrdorimin e nj\u00eb ila\u00e7i e anti-inflamator p\u00ebr pacient\u00ebt me nd\u00ebrlikimet m\u00eb t\u00eb r\u00ebnda t\u00eb shkaktuara nga COVID-19, infeksioni i shkaktuar nga koronavirusi i ri q\u00eb u shfaq n\u00eb Kin\u00eb (SARS-CoV-2). . \u00cbsht\u00eb p\u00ebrb\u00ebr\u00ebsi aktiv Tocilizumab, i prodhuar nga gjigandi\u2026","rel":"","context":"In &quot;Blogu i Udh\u00ebtarit&quot;","block_context":{"text":"Blogu i Udh\u00ebtarit","link":"https:\/\/www.shqiperia.com\/blog\/category\/blogu-i-udhetarit\/"},"img":{"alt_text":"","src":"https:\/\/i0.wp.com\/www.shqiperia.com\/blog\/wp-content\/uploads\/2020\/03\/800-0-5e610adaa7691.jpg?fit=800%2C450&ssl=1&resize=350%2C200","width":350,"height":200,"srcset":"https:\/\/i0.wp.com\/www.shqiperia.com\/blog\/wp-content\/uploads\/2020\/03\/800-0-5e610adaa7691.jpg?fit=800%2C450&ssl=1&resize=350%2C200 1x, https:\/\/i0.wp.com\/www.shqiperia.com\/blog\/wp-content\/uploads\/2020\/03\/800-0-5e610adaa7691.jpg?fit=800%2C450&ssl=1&resize=525%2C300 1.5x, https:\/\/i0.wp.com\/www.shqiperia.com\/blog\/wp-content\/uploads\/2020\/03\/800-0-5e610adaa7691.jpg?fit=800%2C450&ssl=1&resize=700%2C400 2x"},"classes":[]},{"id":42159,"url":"https:\/\/www.shqiperia.com\/blog\/kjo-perben-nje-kercenim-per-njerezimin-mjeku-i-njohur-do-vijne-viruse-edhe-me-vrastare-duhet-te-kemi-frike\/","url_meta":{"origin":36295,"position":5},"title":"\u201cKjo p\u00ebrb\u00ebn nj\u00eb k\u00ebrc\u00ebnim p\u00ebr njer\u00ebzimin\u201d. Mjeku i njohur: &#8211; Do vijn\u00eb viruse edhe m\u00eb vrastare, duhet t\u00eb kemi frik\u00eb!","author":"Kurt Farka","date":"December 22, 2020","format":false,"excerpt":"\u201cKjo p\u00ebrb\u00ebn nj\u00eb k\u00ebrc\u00ebnim p\u00ebr njer\u00ebzimin\u201d. Mjeku i njohur: - Do vijn\u00eb viruse edhe m\u00eb vrastare, duhet t\u00eb kemi frik\u00eb! 22 DHJETOR 2020 Mjeku i njohur q\u00eb ka zbuluar ebol\u00ebn ka b\u00ebr\u00eb nj\u00eb deklarat\u00eb t\u00eb fshikshme n\u00eb lidhje me virusi t\u00eb tjera q\u00eb priten t\u00eb shfaqen. \u201cKy nuk \u00ebsht\u00eb nj\u00eb\u2026","rel":"","context":"In &quot;Blogu i Udh\u00ebtarit&quot;","block_context":{"text":"Blogu i Udh\u00ebtarit","link":"https:\/\/www.shqiperia.com\/blog\/category\/blogu-i-udhetarit\/"},"img":{"alt_text":"","src":"https:\/\/i0.wp.com\/www.shqiperia.com\/blog\/wp-content\/uploads\/2020\/12\/800-0-81509a6fc2e06e83b428d94f8a2fe539.jpg?fit=589%2C299&ssl=1&resize=350%2C200","width":350,"height":200,"srcset":"https:\/\/i0.wp.com\/www.shqiperia.com\/blog\/wp-content\/uploads\/2020\/12\/800-0-81509a6fc2e06e83b428d94f8a2fe539.jpg?fit=589%2C299&ssl=1&resize=350%2C200 1x, https:\/\/i0.wp.com\/www.shqiperia.com\/blog\/wp-content\/uploads\/2020\/12\/800-0-81509a6fc2e06e83b428d94f8a2fe539.jpg?fit=589%2C299&ssl=1&resize=525%2C300 1.5x"},"classes":[]}],"_links":{"self":[{"href":"https:\/\/www.shqiperia.com\/blog\/wp-json\/wp\/v2\/posts\/36295","targetHints":{"allow":["GET"]}}],"collection":[{"href":"https:\/\/www.shqiperia.com\/blog\/wp-json\/wp\/v2\/posts"}],"about":[{"href":"https:\/\/www.shqiperia.com\/blog\/wp-json\/wp\/v2\/types\/post"}],"author":[{"embeddable":true,"href":"https:\/\/www.shqiperia.com\/blog\/wp-json\/wp\/v2\/users\/9"}],"replies":[{"embeddable":true,"href":"https:\/\/www.shqiperia.com\/blog\/wp-json\/wp\/v2\/comments?post=36295"}],"version-history":[{"count":1,"href":"https:\/\/www.shqiperia.com\/blog\/wp-json\/wp\/v2\/posts\/36295\/revisions"}],"predecessor-version":[{"id":36297,"href":"https:\/\/www.shqiperia.com\/blog\/wp-json\/wp\/v2\/posts\/36295\/revisions\/36297"}],"wp:featuredmedia":[{"embeddable":true,"href":"https:\/\/www.shqiperia.com\/blog\/wp-json\/wp\/v2\/media\/36296"}],"wp:attachment":[{"href":"https:\/\/www.shqiperia.com\/blog\/wp-json\/wp\/v2\/media?parent=36295"}],"wp:term":[{"taxonomy":"category","embeddable":true,"href":"https:\/\/www.shqiperia.com\/blog\/wp-json\/wp\/v2\/categories?post=36295"},{"taxonomy":"post_tag","embeddable":true,"href":"https:\/\/www.shqiperia.com\/blog\/wp-json\/wp\/v2\/tags?post=36295"}],"curies":[{"name":"wp","href":"https:\/\/api.w.org\/{rel}","templated":true}]}}