{"id":36291,"date":"2020-07-14T07:01:58","date_gmt":"2020-07-14T07:01:58","guid":{"rendered":"https:\/\/www.shqiperia.com\/blog\/?p=36291"},"modified":"2020-07-14T07:01:58","modified_gmt":"2020-07-14T07:01:58","slug":"kapidani-rama-dhe-skuadra-e-800-mije-votave","status":"publish","type":"post","link":"https:\/\/www.shqiperia.com\/blog\/kapidani-rama-dhe-skuadra-e-800-mije-votave\/","title":{"rendered":"Kapidani Rama dhe skuadra e 800 mij\u00eb votave"},"content":{"rendered":"<p><img data-recalc-dims=\"1\" loading=\"lazy\" decoding=\"async\" data-attachment-id=\"36292\" data-permalink=\"https:\/\/www.shqiperia.com\/blog\/kapidani-rama-dhe-skuadra-e-800-mije-votave\/f0bbe0de-c099-4e78-8b00-3835ad0dca06-1\/\" data-orig-file=\"https:\/\/i0.wp.com\/www.shqiperia.com\/blog\/wp-content\/uploads\/2020\/07\/F0BBE0DE-C099-4E78-8B00-3835AD0DCA06-1.jpeg?fit=1242%2C784&amp;ssl=1\" data-orig-size=\"1242,784\" data-comments-opened=\"1\" data-image-meta=\"{&quot;aperture&quot;:&quot;0&quot;,&quot;credit&quot;:&quot;&quot;,&quot;camera&quot;:&quot;&quot;,&quot;caption&quot;:&quot;&quot;,&quot;created_timestamp&quot;:&quot;0&quot;,&quot;copyright&quot;:&quot;&quot;,&quot;focal_length&quot;:&quot;0&quot;,&quot;iso&quot;:&quot;0&quot;,&quot;shutter_speed&quot;:&quot;0&quot;,&quot;title&quot;:&quot;&quot;,&quot;orientation&quot;:&quot;1&quot;}\" data-image-title=\"F0BBE0DE-C099-4E78-8B00-3835AD0DCA06 (1)\" data-image-description=\"\" data-image-caption=\"\" data-medium-file=\"https:\/\/i0.wp.com\/www.shqiperia.com\/blog\/wp-content\/uploads\/2020\/07\/F0BBE0DE-C099-4E78-8B00-3835AD0DCA06-1.jpeg?fit=300%2C189&amp;ssl=1\" data-large-file=\"https:\/\/i0.wp.com\/www.shqiperia.com\/blog\/wp-content\/uploads\/2020\/07\/F0BBE0DE-C099-4E78-8B00-3835AD0DCA06-1.jpeg?fit=1024%2C646&amp;ssl=1\" class=\"alignnone  wp-image-36292\" alt=\"\" src=\"https:\/\/i0.wp.com\/www.shqiperia.com\/blog\/wp-content\/uploads\/2020\/07\/F0BBE0DE-C099-4E78-8B00-3835AD0DCA06-1.jpeg?resize=487%2C307&#038;ssl=1\" width=\"487\" height=\"307\" srcset=\"https:\/\/i0.wp.com\/www.shqiperia.com\/blog\/wp-content\/uploads\/2020\/07\/F0BBE0DE-C099-4E78-8B00-3835AD0DCA06-1.jpeg?resize=300%2C189&amp;ssl=1 300w, https:\/\/i0.wp.com\/www.shqiperia.com\/blog\/wp-content\/uploads\/2020\/07\/F0BBE0DE-C099-4E78-8B00-3835AD0DCA06-1.jpeg?resize=1024%2C646&amp;ssl=1 1024w, https:\/\/i0.wp.com\/www.shqiperia.com\/blog\/wp-content\/uploads\/2020\/07\/F0BBE0DE-C099-4E78-8B00-3835AD0DCA06-1.jpeg?resize=768%2C485&amp;ssl=1 768w, https:\/\/i0.wp.com\/www.shqiperia.com\/blog\/wp-content\/uploads\/2020\/07\/F0BBE0DE-C099-4E78-8B00-3835AD0DCA06-1.jpeg?resize=450%2C284&amp;ssl=1 450w, https:\/\/i0.wp.com\/www.shqiperia.com\/blog\/wp-content\/uploads\/2020\/07\/F0BBE0DE-C099-4E78-8B00-3835AD0DCA06-1.jpeg?resize=600%2C379&amp;ssl=1 600w, https:\/\/i0.wp.com\/www.shqiperia.com\/blog\/wp-content\/uploads\/2020\/07\/F0BBE0DE-C099-4E78-8B00-3835AD0DCA06-1.jpeg?resize=400%2C252&amp;ssl=1 400w, https:\/\/i0.wp.com\/www.shqiperia.com\/blog\/wp-content\/uploads\/2020\/07\/F0BBE0DE-C099-4E78-8B00-3835AD0DCA06-1.jpeg?w=1242&amp;ssl=1 1242w\" sizes=\"auto, (max-width: 487px) 100vw, 487px\" \/><\/p>\n<p><strong>Kapidani Rama dhe skuadra e 800 mij\u00eb votave<\/strong><\/p>\n<p>&#8211; 10\/07\/20<\/p>\n<p>Thumbi i sot\u00ebm i Bujar Kapexhiut n\u00eb gazet\u00ebn Mapo po kthehet shpejt n\u00eb viralen e dit\u00ebs. Mesazhi ka t\u00eb b\u00ebj\u00eb me nj\u00eb lajm q\u00eb ka dal\u00eb n\u00eb media, ku thuhet se Rama u ka k\u00ebrkuar t\u00eb tijve, se n\u00eb zgjedhjet q\u00eb po vijn\u00eb k\u00ebrkon 800 mij\u00eb vota.<\/p>\n<p>Reagimet n\u00eb publik kan\u00eb q\u00ebn\u00eb t\u00eb forta. Nj\u00eb pjes\u00eb e mir\u00eb e kan\u00eb trajtuar si planin e madh t\u00eb manipulimit, kur dihet se qeveria nuk ka bilanc dhe nuk ka b\u00ebr\u00eb pun\u00eb p\u00ebr t\u00eb marr\u00eb as gjysm\u00ebn e k\u00ebsaj ambicie. Aq m\u00eb tep\u00ebr, kur k\u00ebsaj i shtohet imazhi i nj\u00eb mazhorance t\u00eb zhytur n\u00eb afera dhe kur raportet nd\u00ebrkomb\u00ebtare e nxjerrin nd\u00ebr m\u00eb t\u00eb korruptuarat n\u00eb Europ\u00eb.<\/p>\n<p>Mjeshtri Kapexhiu sjell dhe nj\u00eb tjet\u00ebr mesazh me punimin e tij sot. Q\u00eb Rama \u00ebsht\u00eb me t\u00eb nj\u00ebjtin ekip si dit\u00ebn e par\u00eb t\u00eb qeverisjes, e s\u00ebrish, pa asnj\u00eb prurje t\u00eb re, dhe ka kurajon t\u00eb k\u00ebrkoj\u00eb 800 mij\u00eb vota. Rama vjen si trainer, ku i jep instruksione skuadr\u00ebs s\u00eb tij para se t\u00eb futen n\u00eb fush\u00ebn elektorale. Bie n\u00eb sy, se n\u00eb krye gjendet Gjiknuri, pik\u00ebrisht nj\u00eb prej sulmuesve m\u00eb t\u00eb suksessh\u00ebm t\u00eb dosjes 184.<\/p>\n<p><img data-recalc-dims=\"1\" loading=\"lazy\" decoding=\"async\" data-attachment-id=\"36293\" data-permalink=\"https:\/\/www.shqiperia.com\/blog\/kapidani-rama-dhe-skuadra-e-800-mije-votave\/f0bbe0de-c099-4e78-8b00-3835ad0dca06-1-copy\/\" data-orig-file=\"https:\/\/i0.wp.com\/www.shqiperia.com\/blog\/wp-content\/uploads\/2020\/07\/F0BBE0DE-C099-4E78-8B00-3835AD0DCA06-1-Copy.jpeg?fit=1242%2C1753&amp;ssl=1\" data-orig-size=\"1242,1753\" data-comments-opened=\"1\" data-image-meta=\"{&quot;aperture&quot;:&quot;0&quot;,&quot;credit&quot;:&quot;&quot;,&quot;camera&quot;:&quot;&quot;,&quot;caption&quot;:&quot;&quot;,&quot;created_timestamp&quot;:&quot;0&quot;,&quot;copyright&quot;:&quot;&quot;,&quot;focal_length&quot;:&quot;0&quot;,&quot;iso&quot;:&quot;0&quot;,&quot;shutter_speed&quot;:&quot;0&quot;,&quot;title&quot;:&quot;&quot;,&quot;orientation&quot;:&quot;1&quot;}\" data-image-title=\"F0BBE0DE-C099-4E78-8B00-3835AD0DCA06 (1) &#8211; Copy\" data-image-description=\"\" data-image-caption=\"\" data-medium-file=\"https:\/\/i0.wp.com\/www.shqiperia.com\/blog\/wp-content\/uploads\/2020\/07\/F0BBE0DE-C099-4E78-8B00-3835AD0DCA06-1-Copy.jpeg?fit=213%2C300&amp;ssl=1\" data-large-file=\"https:\/\/i0.wp.com\/www.shqiperia.com\/blog\/wp-content\/uploads\/2020\/07\/F0BBE0DE-C099-4E78-8B00-3835AD0DCA06-1-Copy.jpeg?fit=726%2C1024&amp;ssl=1\" class=\"alignnone  wp-image-36293\" alt=\"\" src=\"https:\/\/i0.wp.com\/www.shqiperia.com\/blog\/wp-content\/uploads\/2020\/07\/F0BBE0DE-C099-4E78-8B00-3835AD0DCA06-1-Copy.jpeg?resize=539%2C759&#038;ssl=1\" width=\"539\" height=\"759\" srcset=\"https:\/\/i0.wp.com\/www.shqiperia.com\/blog\/wp-content\/uploads\/2020\/07\/F0BBE0DE-C099-4E78-8B00-3835AD0DCA06-1-Copy.jpeg?resize=213%2C300&amp;ssl=1 213w, https:\/\/i0.wp.com\/www.shqiperia.com\/blog\/wp-content\/uploads\/2020\/07\/F0BBE0DE-C099-4E78-8B00-3835AD0DCA06-1-Copy.jpeg?resize=726%2C1024&amp;ssl=1 726w, https:\/\/i0.wp.com\/www.shqiperia.com\/blog\/wp-content\/uploads\/2020\/07\/F0BBE0DE-C099-4E78-8B00-3835AD0DCA06-1-Copy.jpeg?resize=450%2C635&amp;ssl=1 450w, https:\/\/i0.wp.com\/www.shqiperia.com\/blog\/wp-content\/uploads\/2020\/07\/F0BBE0DE-C099-4E78-8B00-3835AD0DCA06-1-Copy.jpeg?zoom=2&amp;resize=539%2C759&amp;ssl=1 1078w\" sizes=\"auto, (max-width: 539px) 100vw, 539px\" \/><\/p>\n<p>Gazeta Mapo<\/p>\n","protected":false},"excerpt":{"rendered":"<p>Kapidani Rama dhe skuadra e 800 mij\u00eb votave &#8211; 10\/07\/20 Thumbi i sot\u00ebm i Bujar Kapexhiut n\u00eb gazet\u00ebn Mapo po kthehet shpejt n\u00eb viralen e dit\u00ebs. Mesazhi ka t\u00eb b\u00ebj\u00eb me nj\u00eb lajm q\u00eb ka dal\u00eb n\u00eb media, ku thuhet se Rama u ka k\u00ebrkuar t\u00eb tijve, se n\u00eb zgjedhjet q\u00eb po vijn\u00eb k\u00ebrkon 800 [&hellip;]<\/p>\n","protected":false},"author":9,"featured_media":36292,"comment_status":"open","ping_status":"open","sticky":false,"template":"","format":"standard","meta":{"jetpack_post_was_ever_published":false,"_jetpack_newsletter_access":"","_jetpack_dont_email_post_to_subs":false,"_jetpack_newsletter_tier_id":0,"_jetpack_memberships_contains_paywalled_content":false,"_jetpack_memberships_contains_paid_content":false,"footnotes":"","jetpack_publicize_message":"","jetpack_publicize_feature_enabled":true,"jetpack_social_post_already_shared":true,"jetpack_social_options":{"image_generator_settings":{"template":"highway","default_image_id":0,"font":"","enabled":false},"version":2}},"categories":[27,2,35],"tags":[],"class_list":["post-36291","post","type-post","status-publish","format-standard","has-post-thumbnail","hentry","category-blogu-i-udhetarit","category-politika","category-shoqerore"],"jetpack_publicize_connections":[],"jetpack_featured_media_url":"https:\/\/i0.wp.com\/www.shqiperia.com\/blog\/wp-content\/uploads\/2020\/07\/F0BBE0DE-C099-4E78-8B00-3835AD0DCA06-1.jpeg?fit=1242%2C784&ssl=1","jetpack_sharing_enabled":true,"jetpack_shortlink":"https:\/\/wp.me\/p5Z6wp-9rl","jetpack-related-posts":[{"id":92643,"url":"https:\/\/www.shqiperia.com\/blog\/edhe-socialistet-denancoin-zgjedhjet-kandidatet-e-ps-ankimuan-ne-kqz-rezultatet-rama-u-dergon-mesazh-te-mos-i-hyhet-asaj-rruge\/","url_meta":{"origin":36291,"position":0},"title":"Edhe Socialistet denancoin Zgjedhjet. &#8211; Kandidat\u00ebt e PS ankimuan n\u00eb KQZ rezultatet, Rama u d\u00ebrgon mesazh: &#8211; T\u00eb mos i hyhet asaj rruge\u2026","author":"Kurt Farka","date":"May 19, 2025","format":false,"excerpt":"19 Maji 2025 Kryeministri Edi Rama ka reaguar me nj\u00eb mesazh t\u00eb drejtp\u00ebrdrejt\u00eb ndaj disa kandidat\u00ebve t\u00eb Partis\u00eb Socialiste q\u00eb kan\u00eb k\u00ebrkuar nga Komisioni Qendror i Zgjedhjeve (KQZ) pamjet filmike t\u00eb procesit t\u00eb num\u00ebrimit t\u00eb votave, ve\u00e7an\u00ebrisht p\u00ebr votat preferenciale. Rama ka shprehur keqardhje p\u00ebr k\u00ebt\u00eb nism\u00eb, duke u b\u00ebr\u00eb\u2026","rel":"","context":"In &quot;Blogu i Udh\u00ebtarit&quot;","block_context":{"text":"Blogu i Udh\u00ebtarit","link":"https:\/\/www.shqiperia.com\/blog\/category\/blogu-i-udhetarit\/"},"img":{"alt_text":"","src":"https:\/\/i0.wp.com\/www.shqiperia.com\/blog\/wp-content\/uploads\/2025\/05\/900-0-1719479652xfgdffg-278.webp?fit=900%2C579&ssl=1&resize=350%2C200","width":350,"height":200,"srcset":"https:\/\/i0.wp.com\/www.shqiperia.com\/blog\/wp-content\/uploads\/2025\/05\/900-0-1719479652xfgdffg-278.webp?fit=900%2C579&ssl=1&resize=350%2C200 1x, https:\/\/i0.wp.com\/www.shqiperia.com\/blog\/wp-content\/uploads\/2025\/05\/900-0-1719479652xfgdffg-278.webp?fit=900%2C579&ssl=1&resize=525%2C300 1.5x, https:\/\/i0.wp.com\/www.shqiperia.com\/blog\/wp-content\/uploads\/2025\/05\/900-0-1719479652xfgdffg-278.webp?fit=900%2C579&ssl=1&resize=700%2C400 2x"},"classes":[]},{"id":92713,"url":"https:\/\/www.shqiperia.com\/blog\/berisha-pergjimet-tregojne-per-darkat-dhe-drekat-qe-shtronte-rama-me-pojen-dhe-agasin-me-vererat-30-40-mije-e-shishja\/","url_meta":{"origin":36291,"position":1},"title":"Berisha: &#8211; P\u00ebrgjimet tregojn\u00eb p\u00ebr darkat dhe drekat q\u00eb shtronte Rama me Poj\u00ebn dhe Agasin me ver\u00ebrat 30-40 mij\u00eb \u20ac shishja","author":"Kurt Farka","date":"May 23, 2025","format":false,"excerpt":"23 Maji 2025 Kryetari i Partis\u00eb Demokratike, Sali Berisha ka deklaruar dit\u00ebn e sotme q\u00eb PD-ja pas luft\u00ebs p\u00ebr paraqitjen nd\u00ebrkomb\u00ebtare t\u00eb fars\u00ebs pas zgjedhjeve, do b\u00ebj\u00eb t\u00eb gjith\u00eb diskutimet e brendshme p\u00ebr t\u00eb gjitt\u00eb problematikat, defektet, t\u00eb metat e gabimet. N\u00eb nj\u00eb konferenc\u00eb p\u00ebr mediat, Berisha tha se p\u00ebrgjimet\u2026","rel":"","context":"In &quot;Blogu i Udh\u00ebtarit&quot;","block_context":{"text":"Blogu i Udh\u00ebtarit","link":"https:\/\/www.shqiperia.com\/blog\/category\/blogu-i-udhetarit\/"},"img":{"alt_text":"","src":"https:\/\/i0.wp.com\/www.shqiperia.com\/blog\/wp-content\/uploads\/2025\/05\/Sali-Berisha-1.jpg?fit=675%2C393&ssl=1&resize=350%2C200","width":350,"height":200,"srcset":"https:\/\/i0.wp.com\/www.shqiperia.com\/blog\/wp-content\/uploads\/2025\/05\/Sali-Berisha-1.jpg?fit=675%2C393&ssl=1&resize=350%2C200 1x, https:\/\/i0.wp.com\/www.shqiperia.com\/blog\/wp-content\/uploads\/2025\/05\/Sali-Berisha-1.jpg?fit=675%2C393&ssl=1&resize=525%2C300 1.5x"},"classes":[]},{"id":66741,"url":"https:\/\/www.shqiperia.com\/blog\/ceshtja-mcgonigal-rama-korrupton-ambasadore-e-punonjes-te-fbi-mund-te-shpallet-non-grata-nga-shba-nese-prokuroria-duhet-te-hetoje\/","url_meta":{"origin":36291,"position":2},"title":"\u00c7\u00ebshtja McGonigal\/  &#8211; Rama korrupton ambasador\u00eb e punonj\u00ebs t\u00eb FBI.  &#8211; Mund t\u00eb shpallet non grata nga SHBA n\u00ebse\u2026 &#8211; \u201cProkuroria duhet t\u00eb hetoj\u00eb\u201d.","author":"Kurt Farka","date":"January 25, 2023","format":false,"excerpt":"25 Janar 2023 Analisti Fatos Lubonja, i ftuar n\u00eb rubrik\u00ebn \u201cOpinion\u201d n\u00eb News24, ka komentuar akuzat ndaj ish zyrtarit t\u00eb lart\u00eb t\u00eb FBI Charles McGonigal dhe lidhjen e tij m\u00eb kryeministrin Rama dhe Shqip\u00ebrin\u00eb. Lubonja theksoi se kryeministri Rama Prokuroria shqiptare duhet t\u00eb hetoj\u00eb n\u00eb lidhje me ngjarjen dhe p\u00ebr\u2026","rel":"","context":"In &quot;Blogu i Udh\u00ebtarit&quot;","block_context":{"text":"Blogu i Udh\u00ebtarit","link":"https:\/\/www.shqiperia.com\/blog\/category\/blogu-i-udhetarit\/"},"img":{"alt_text":"","src":"https:\/\/i0.wp.com\/www.shqiperia.com\/blog\/wp-content\/uploads\/2023\/01\/fatos-lubonja.jpg?fit=1006%2C562&ssl=1&resize=350%2C200","width":350,"height":200,"srcset":"https:\/\/i0.wp.com\/www.shqiperia.com\/blog\/wp-content\/uploads\/2023\/01\/fatos-lubonja.jpg?fit=1006%2C562&ssl=1&resize=350%2C200 1x, https:\/\/i0.wp.com\/www.shqiperia.com\/blog\/wp-content\/uploads\/2023\/01\/fatos-lubonja.jpg?fit=1006%2C562&ssl=1&resize=525%2C300 1.5x, https:\/\/i0.wp.com\/www.shqiperia.com\/blog\/wp-content\/uploads\/2023\/01\/fatos-lubonja.jpg?fit=1006%2C562&ssl=1&resize=700%2C400 2x"},"classes":[]},{"id":33582,"url":"https:\/\/www.shqiperia.com\/blog\/punoni-ne-te-zeze-apo-keni-veshtiresi-ekonomike-kryeministri-rama-ka-nje-lajm-te-mire-per-te-gjithe-ju-kjo-eshte-paga-qe-do-te-merrni-shifra\/","url_meta":{"origin":36291,"position":3},"title":"Punoni n\u00eb t\u00eb zez\u00eb apo keni v\u00ebshtir\u00ebsi ekonomike, kryeministri Rama ka nj\u00eb lajm t\u00eb mir\u00eb p\u00ebr t\u00eb gjith\u00eb ju: Kjo \u00ebsht\u00eb paga q\u00eb do t\u00eb merrni! (SHIFRA)","author":"Kurt Farka","date":"April 20, 2020","format":false,"excerpt":"Punoni n\u00eb t\u00eb zez\u00eb apo keni v\u00ebshtir\u00ebsi ekonomike, kryeministri Rama ka nj\u00eb lajm t\u00eb mir\u00eb p\u00ebr t\u00eb gjith\u00eb ju: Kjo \u00ebsht\u00eb paga q\u00eb do t\u00eb merrni! (SHIFRA) 20 PRILL 2020 Kryeministri Edi Rama ka p\u00ebrmendur dhe familjet q\u00eb nuk kan\u00eb p\u00ebrfituar deri tani, t\u00eb cilat jan\u00eb n\u00eb v\u00ebshtir\u00ebsi ekonomike por\u2026","rel":"","context":"In &quot;Blogu i Udh\u00ebtarit&quot;","block_context":{"text":"Blogu i Udh\u00ebtarit","link":"https:\/\/www.shqiperia.com\/blog\/category\/blogu-i-udhetarit\/"},"img":{"alt_text":"","src":"https:\/\/i0.wp.com\/www.shqiperia.com\/blog\/wp-content\/uploads\/2020\/04\/punekerkues.jpg?fit=1004%2C572&ssl=1&resize=350%2C200","width":350,"height":200,"srcset":"https:\/\/i0.wp.com\/www.shqiperia.com\/blog\/wp-content\/uploads\/2020\/04\/punekerkues.jpg?fit=1004%2C572&ssl=1&resize=350%2C200 1x, https:\/\/i0.wp.com\/www.shqiperia.com\/blog\/wp-content\/uploads\/2020\/04\/punekerkues.jpg?fit=1004%2C572&ssl=1&resize=525%2C300 1.5x, https:\/\/i0.wp.com\/www.shqiperia.com\/blog\/wp-content\/uploads\/2020\/04\/punekerkues.jpg?fit=1004%2C572&ssl=1&resize=700%2C400 2x"},"classes":[]},{"id":55442,"url":"https:\/\/www.shqiperia.com\/blog\/deklaratat-e-rames-per-protesten-lubonja-shtet-gangster\/","url_meta":{"origin":36291,"position":4},"title":"Deklaratat e Ram\u00ebs p\u00ebr protest\u00ebn. &#8211; Lubonja: Shtet gangster","author":"Kurt Farka","date":"March 14, 2022","format":false,"excerpt":"Deklaratat e Ram\u00ebs p\u00ebr protest\u00ebn. - Lubonja: Shtet gangster 14 Mars 2022 Ky (Rama) e ka zakon t\u00eb g\u00ebnjej\u00eb me shifra. Analist\u00ebt kan\u00eb komentuar n\u00eb studion e emisionit \u201cPikat mbi i\u201d, n\u00eb News24 protestat e mbajtura nga qytetar\u00ebt gjat\u00eb k\u00ebtyre 5 dit\u00ebve si dhe deklaratat e dhe reagimet e kryeministrit\u2026","rel":"","context":"In &quot;Blogu i Udh\u00ebtarit&quot;","block_context":{"text":"Blogu i Udh\u00ebtarit","link":"https:\/\/www.shqiperia.com\/blog\/category\/blogu-i-udhetarit\/"},"img":{"alt_text":"","src":"https:\/\/i0.wp.com\/www.shqiperia.com\/blog\/wp-content\/uploads\/2022\/03\/Fatos-Lubonja.jpg?fit=800%2C450&ssl=1&resize=350%2C200","width":350,"height":200,"srcset":"https:\/\/i0.wp.com\/www.shqiperia.com\/blog\/wp-content\/uploads\/2022\/03\/Fatos-Lubonja.jpg?fit=800%2C450&ssl=1&resize=350%2C200 1x, https:\/\/i0.wp.com\/www.shqiperia.com\/blog\/wp-content\/uploads\/2022\/03\/Fatos-Lubonja.jpg?fit=800%2C450&ssl=1&resize=525%2C300 1.5x, https:\/\/i0.wp.com\/www.shqiperia.com\/blog\/wp-content\/uploads\/2022\/03\/Fatos-Lubonja.jpg?fit=800%2C450&ssl=1&resize=700%2C400 2x"},"classes":[]},{"id":66808,"url":"https:\/\/www.shqiperia.com\/blog\/ceshtja-e-mcgonigal-gazetari-robert-papa-zbulon-informacione-qe-mund-te-fundosin-kryeministrin-rama\/","url_meta":{"origin":36291,"position":5},"title":"\u00c7\u00ebshtja e \u201cMcGonigal\u201d, gazetari Robert Papa zbulon informacione q\u00eb mund t\u00eb fundosin kryeministrin Rama","author":"Kurt Farka","date":"January 26, 2023","format":false,"excerpt":"26 Janar 2023 Papa tha se emri i Ram\u00ebs p\u00ebrmendet 6 her\u00eb n\u00eb aktakuz\u00eb dhe kryeministri shqiptar s\u2019i shp\u00ebton dot k\u00ebsaj historie. Ai u shpreh se Blinken do t\u00eb duhej ta shpallte \u201cnon grata\u201d ndon\u00ebse vendime t\u00eb tilla nuk merren p\u00ebr kryeministra n\u00eb detyr\u00eb. Papa tha se cenohet edhe politika\u2026","rel":"","context":"In &quot;Blogu i Udh\u00ebtarit&quot;","block_context":{"text":"Blogu i Udh\u00ebtarit","link":"https:\/\/www.shqiperia.com\/blog\/category\/blogu-i-udhetarit\/"},"img":{"alt_text":"","src":"https:\/\/i0.wp.com\/www.shqiperia.com\/blog\/wp-content\/uploads\/2023\/01\/Edi-Rama.jpg?fit=920%2C597&ssl=1&resize=350%2C200","width":350,"height":200,"srcset":"https:\/\/i0.wp.com\/www.shqiperia.com\/blog\/wp-content\/uploads\/2023\/01\/Edi-Rama.jpg?fit=920%2C597&ssl=1&resize=350%2C200 1x, https:\/\/i0.wp.com\/www.shqiperia.com\/blog\/wp-content\/uploads\/2023\/01\/Edi-Rama.jpg?fit=920%2C597&ssl=1&resize=525%2C300 1.5x, https:\/\/i0.wp.com\/www.shqiperia.com\/blog\/wp-content\/uploads\/2023\/01\/Edi-Rama.jpg?fit=920%2C597&ssl=1&resize=700%2C400 2x"},"classes":[]}],"_links":{"self":[{"href":"https:\/\/www.shqiperia.com\/blog\/wp-json\/wp\/v2\/posts\/36291","targetHints":{"allow":["GET"]}}],"collection":[{"href":"https:\/\/www.shqiperia.com\/blog\/wp-json\/wp\/v2\/posts"}],"about":[{"href":"https:\/\/www.shqiperia.com\/blog\/wp-json\/wp\/v2\/types\/post"}],"author":[{"embeddable":true,"href":"https:\/\/www.shqiperia.com\/blog\/wp-json\/wp\/v2\/users\/9"}],"replies":[{"embeddable":true,"href":"https:\/\/www.shqiperia.com\/blog\/wp-json\/wp\/v2\/comments?post=36291"}],"version-history":[{"count":1,"href":"https:\/\/www.shqiperia.com\/blog\/wp-json\/wp\/v2\/posts\/36291\/revisions"}],"predecessor-version":[{"id":36294,"href":"https:\/\/www.shqiperia.com\/blog\/wp-json\/wp\/v2\/posts\/36291\/revisions\/36294"}],"wp:featuredmedia":[{"embeddable":true,"href":"https:\/\/www.shqiperia.com\/blog\/wp-json\/wp\/v2\/media\/36292"}],"wp:attachment":[{"href":"https:\/\/www.shqiperia.com\/blog\/wp-json\/wp\/v2\/media?parent=36291"}],"wp:term":[{"taxonomy":"category","embeddable":true,"href":"https:\/\/www.shqiperia.com\/blog\/wp-json\/wp\/v2\/categories?post=36291"},{"taxonomy":"post_tag","embeddable":true,"href":"https:\/\/www.shqiperia.com\/blog\/wp-json\/wp\/v2\/tags?post=36291"}],"curies":[{"name":"wp","href":"https:\/\/api.w.org\/{rel}","templated":true}]}}