{"id":36254,"date":"2020-07-12T11:44:01","date_gmt":"2020-07-12T11:44:01","guid":{"rendered":"https:\/\/www.shqiperia.com\/blog\/?p=36254"},"modified":"2020-07-12T11:44:01","modified_gmt":"2020-07-12T11:44:01","slug":"foto-lejoni-dasmat-nuset-dalin-ne-proteste-ne-rome","status":"publish","type":"post","link":"https:\/\/www.shqiperia.com\/blog\/foto-lejoni-dasmat-nuset-dalin-ne-proteste-ne-rome\/","title":{"rendered":"FOTO: \u201cLejoni dasmat\u201d, nuset dalin n\u00eb protest\u00eb n\u00eb Rom\u00eb"},"content":{"rendered":"<p><img data-recalc-dims=\"1\" loading=\"lazy\" decoding=\"async\" data-attachment-id=\"36255\" data-permalink=\"https:\/\/www.shqiperia.com\/blog\/foto-lejoni-dasmat-nuset-dalin-ne-proteste-ne-rome\/nuset-ne-proteste-rome-2\/\" data-orig-file=\"https:\/\/i0.wp.com\/www.shqiperia.com\/blog\/wp-content\/uploads\/2020\/07\/Nuset-ne-proteste-Rome-2.jpg?fit=640%2C426&amp;ssl=1\" data-orig-size=\"640,426\" data-comments-opened=\"1\" data-image-meta=\"{&quot;aperture&quot;:&quot;0&quot;,&quot;credit&quot;:&quot;&quot;,&quot;camera&quot;:&quot;&quot;,&quot;caption&quot;:&quot;&quot;,&quot;created_timestamp&quot;:&quot;0&quot;,&quot;copyright&quot;:&quot;&quot;,&quot;focal_length&quot;:&quot;0&quot;,&quot;iso&quot;:&quot;0&quot;,&quot;shutter_speed&quot;:&quot;0&quot;,&quot;title&quot;:&quot;&quot;,&quot;orientation&quot;:&quot;0&quot;}\" data-image-title=\"Nuset ne proteste Rome (2)\" data-image-description=\"\" data-image-caption=\"\" data-medium-file=\"https:\/\/i0.wp.com\/www.shqiperia.com\/blog\/wp-content\/uploads\/2020\/07\/Nuset-ne-proteste-Rome-2.jpg?fit=300%2C200&amp;ssl=1\" data-large-file=\"https:\/\/i0.wp.com\/www.shqiperia.com\/blog\/wp-content\/uploads\/2020\/07\/Nuset-ne-proteste-Rome-2.jpg?fit=640%2C426&amp;ssl=1\" class=\"alignnone  wp-image-36255\" alt=\"\" src=\"https:\/\/i0.wp.com\/www.shqiperia.com\/blog\/wp-content\/uploads\/2020\/07\/Nuset-ne-proteste-Rome-2.jpg?resize=542%2C361&#038;ssl=1\" width=\"542\" height=\"361\" srcset=\"https:\/\/i0.wp.com\/www.shqiperia.com\/blog\/wp-content\/uploads\/2020\/07\/Nuset-ne-proteste-Rome-2.jpg?resize=300%2C200&amp;ssl=1 300w, https:\/\/i0.wp.com\/www.shqiperia.com\/blog\/wp-content\/uploads\/2020\/07\/Nuset-ne-proteste-Rome-2.jpg?resize=600%2C399&amp;ssl=1 600w, https:\/\/i0.wp.com\/www.shqiperia.com\/blog\/wp-content\/uploads\/2020\/07\/Nuset-ne-proteste-Rome-2.jpg?resize=450%2C300&amp;ssl=1 450w, https:\/\/i0.wp.com\/www.shqiperia.com\/blog\/wp-content\/uploads\/2020\/07\/Nuset-ne-proteste-Rome-2.jpg?resize=400%2C266&amp;ssl=1 400w, https:\/\/i0.wp.com\/www.shqiperia.com\/blog\/wp-content\/uploads\/2020\/07\/Nuset-ne-proteste-Rome-2.jpg?w=640&amp;ssl=1 640w\" sizes=\"auto, (max-width: 542px) 100vw, 542px\" \/><\/p>\n<p style=\"vertical-align: top;margin: 0in 225.0pt 15.0pt 0in\" class=\"MsoNormal\"><b><span style=\"font-size: 22.0pt;font-family: 'Arial','sans-serif';color: #363635\">FOTO: \u201cLejoni dasmat\u201d, nuset dalin n\u00eb protest\u00eb n\u00eb Rom\u00eb<\/span><\/b><\/p>\n<p style=\"margin-bottom: 7.5pt;line-height: normal;vertical-align: top\" class=\"MsoNormal\"><span style=\"font-size: 9.0pt;font-family: 'Arial','sans-serif';color: #6b6b6b;border: none windowtext 1.0pt;padding: 0in\">8 korrik <span>\u00a0<\/span>2020 <\/span><span style=\"font-size: 10.0pt;font-family: 'Arial','sans-serif';color: #363635\"><\/span><\/p>\n<p style=\"margin-bottom: .0001pt;line-height: normal;vertical-align: top\" class=\"MsoNormal\"><span style=\"font-size: 10.0pt;font-family: 'Arial','sans-serif';color: #363635\">\u00a0<\/span><\/p>\n<p style=\"margin-bottom: 11.25pt;line-height: 15.75pt;vertical-align: top\" class=\"MsoNormal\"><span style=\"font-size: 12.0pt;font-family: 'Arial','sans-serif';color: #363635\">Pandemia \u00a0ka goditur dhe evenimentet m\u00eb t\u00eb r\u00ebnd\u00ebsishme, dasmat.<\/span><\/p>\n<p style=\"margin-bottom: 11.25pt;line-height: 15.75pt;vertical-align: top\" class=\"MsoNormal\"><span style=\"font-size: 12.0pt;font-family: 'Arial','sans-serif';color: #363635\">K\u00ebng\u00ebtar\u00eb t\u00eb shumt\u00eb, pronar\u00eb biznesesh jan\u00eb ankuar prej fillimit t\u00eb pandemis\u00eb p\u00ebr shkak t\u00eb ndalimit t\u00eb k\u00ebtyre manifestimeve, aq sa disa prej tyre kan\u00eb shkuar aq larg sa e kan\u00eb demantuar ekzistenc\u00ebn e virusit.<\/span><\/p>\n<p style=\"margin-bottom: 11.25pt;line-height: 15.75pt;vertical-align: top\" class=\"MsoNormal\"><span style=\"font-size: 12.0pt;font-family: 'Arial','sans-serif';color: #363635\">N\u00eb Itali, m\u00eb sakt\u00ebsisht n\u00eb Rom\u00eb, jan\u00eb nuset ato q\u00eb kan\u00eb nisur nj\u00eb lloj proteste t\u00eb ve\u00e7ant\u00eb kund\u00ebr ndalimit t\u00eb dasmave.<\/span><\/p>\n<p><img data-recalc-dims=\"1\" loading=\"lazy\" decoding=\"async\" data-attachment-id=\"36256\" data-permalink=\"https:\/\/www.shqiperia.com\/blog\/foto-lejoni-dasmat-nuset-dalin-ne-proteste-ne-rome\/nuset-ne-proteste-rome-3\/\" data-orig-file=\"https:\/\/i0.wp.com\/www.shqiperia.com\/blog\/wp-content\/uploads\/2020\/07\/Nuset-ne-proteste-Rome-3.jpg?fit=640%2C426&amp;ssl=1\" data-orig-size=\"640,426\" data-comments-opened=\"1\" data-image-meta=\"{&quot;aperture&quot;:&quot;0&quot;,&quot;credit&quot;:&quot;&quot;,&quot;camera&quot;:&quot;&quot;,&quot;caption&quot;:&quot;&quot;,&quot;created_timestamp&quot;:&quot;0&quot;,&quot;copyright&quot;:&quot;&quot;,&quot;focal_length&quot;:&quot;0&quot;,&quot;iso&quot;:&quot;0&quot;,&quot;shutter_speed&quot;:&quot;0&quot;,&quot;title&quot;:&quot;&quot;,&quot;orientation&quot;:&quot;0&quot;}\" data-image-title=\"Nuset ne proteste Rome (3)\" data-image-description=\"\" data-image-caption=\"\" data-medium-file=\"https:\/\/i0.wp.com\/www.shqiperia.com\/blog\/wp-content\/uploads\/2020\/07\/Nuset-ne-proteste-Rome-3.jpg?fit=300%2C200&amp;ssl=1\" data-large-file=\"https:\/\/i0.wp.com\/www.shqiperia.com\/blog\/wp-content\/uploads\/2020\/07\/Nuset-ne-proteste-Rome-3.jpg?fit=640%2C426&amp;ssl=1\" class=\"alignnone  wp-image-36256\" alt=\"\" src=\"https:\/\/i0.wp.com\/www.shqiperia.com\/blog\/wp-content\/uploads\/2020\/07\/Nuset-ne-proteste-Rome-3.jpg?resize=446%2C297&#038;ssl=1\" width=\"446\" height=\"297\" srcset=\"https:\/\/i0.wp.com\/www.shqiperia.com\/blog\/wp-content\/uploads\/2020\/07\/Nuset-ne-proteste-Rome-3.jpg?resize=300%2C200&amp;ssl=1 300w, https:\/\/i0.wp.com\/www.shqiperia.com\/blog\/wp-content\/uploads\/2020\/07\/Nuset-ne-proteste-Rome-3.jpg?resize=600%2C399&amp;ssl=1 600w, https:\/\/i0.wp.com\/www.shqiperia.com\/blog\/wp-content\/uploads\/2020\/07\/Nuset-ne-proteste-Rome-3.jpg?resize=450%2C300&amp;ssl=1 450w, https:\/\/i0.wp.com\/www.shqiperia.com\/blog\/wp-content\/uploads\/2020\/07\/Nuset-ne-proteste-Rome-3.jpg?resize=400%2C266&amp;ssl=1 400w, https:\/\/i0.wp.com\/www.shqiperia.com\/blog\/wp-content\/uploads\/2020\/07\/Nuset-ne-proteste-Rome-3.jpg?w=640&amp;ssl=1 640w\" sizes=\"auto, (max-width: 446px) 100vw, 446px\" \/><\/p>\n<p style=\"margin-bottom: .0001pt;line-height: 15.75pt;vertical-align: top\" class=\"MsoNormal\"><i><span style=\"font-size: 12.0pt;font-family: 'Arial','sans-serif';color: #363635;border: none windowtext 1.0pt;padding: 0in\">\u201cPo protestoj sepse duhej t\u00eb martohesha k\u00ebt\u00eb vit, por shkaku i pandemis\u00eb nuk mund t\u00eb gjej restorant dhe m\u00eb duhet ta shtyj p\u00ebr vitin tjet\u00ebr\u201d,<\/span><\/i><span style=\"font-size: 12.0pt;font-family: 'Arial','sans-serif';color: #363635\">\u00a0u shpreh nj\u00eb nga protesueset.<\/span><\/p>\n<p style=\"margin-bottom: 11.25pt;line-height: 15.75pt;vertical-align: top\" class=\"MsoNormal\"><span style=\"font-size: 12.0pt;font-family: 'Arial','sans-serif';color: #363635\">Protesta nuk i ngjan asnj\u00eb proteste tjet\u00ebr t\u00eb organizuar deri m\u00eb tani.<\/span><\/p>\n<p style=\"margin-bottom: 11.25pt;line-height: 15.75pt;vertical-align: top\" class=\"MsoNormal\"><span style=\"font-size: 12.0pt;font-family: 'Arial','sans-serif';color: #363635\">Nuset jan\u00eb t\u00eb veshura me vello t\u00eb bardha, makiazhi i tyre \u00ebsht\u00eb i p\u00ebrsosur nj\u00ebjt\u00eb si do t\u00eb ishte n\u00eb dit\u00ebn e dasm\u00ebs dhe p\u00ebrgjat\u00eb protestes d\u00ebgjohet melodia tipike e ceremonis\u00eb.<\/span><\/p>\n<p style=\"margin-bottom: 11.25pt;line-height: 15.75pt;vertical-align: top\" class=\"MsoNormal\"><span style=\"font-size: 12.0pt;font-family: 'Arial','sans-serif';color: #363635\">Dasmat u lejuan s\u00ebrish t\u00eb mbaheshin n\u00eb Itali q\u00eb prej 18 majit, por me shum\u00eb pak t\u00eb ftuar.<\/span><\/p>\n<div id=\"attachment_36257\" style=\"width: 573px\" class=\"wp-caption alignnone\"><img data-recalc-dims=\"1\" loading=\"lazy\" decoding=\"async\" aria-describedby=\"caption-attachment-36257\" data-attachment-id=\"36257\" data-permalink=\"https:\/\/www.shqiperia.com\/blog\/foto-lejoni-dasmat-nuset-dalin-ne-proteste-ne-rome\/nuset-ne-proteste-rome\/\" data-orig-file=\"https:\/\/i0.wp.com\/www.shqiperia.com\/blog\/wp-content\/uploads\/2020\/07\/Nuset-ne-proteste-Rome.jpg?fit=640%2C426&amp;ssl=1\" data-orig-size=\"640,426\" data-comments-opened=\"1\" data-image-meta=\"{&quot;aperture&quot;:&quot;0&quot;,&quot;credit&quot;:&quot;&quot;,&quot;camera&quot;:&quot;&quot;,&quot;caption&quot;:&quot;&quot;,&quot;created_timestamp&quot;:&quot;0&quot;,&quot;copyright&quot;:&quot;&quot;,&quot;focal_length&quot;:&quot;0&quot;,&quot;iso&quot;:&quot;0&quot;,&quot;shutter_speed&quot;:&quot;0&quot;,&quot;title&quot;:&quot;&quot;,&quot;orientation&quot;:&quot;0&quot;}\" data-image-title=\"Nuset ne proteste Rome\" data-image-description=\"\" data-image-caption=\"&lt;p&gt;Nuset ne Proteste&lt;\/p&gt;\n\" data-medium-file=\"https:\/\/i0.wp.com\/www.shqiperia.com\/blog\/wp-content\/uploads\/2020\/07\/Nuset-ne-proteste-Rome.jpg?fit=300%2C200&amp;ssl=1\" data-large-file=\"https:\/\/i0.wp.com\/www.shqiperia.com\/blog\/wp-content\/uploads\/2020\/07\/Nuset-ne-proteste-Rome.jpg?fit=640%2C426&amp;ssl=1\" class=\" wp-image-36257\" alt=\"\" src=\"https:\/\/i0.wp.com\/www.shqiperia.com\/blog\/wp-content\/uploads\/2020\/07\/Nuset-ne-proteste-Rome.jpg?resize=563%2C375&#038;ssl=1\" width=\"563\" height=\"375\" srcset=\"https:\/\/i0.wp.com\/www.shqiperia.com\/blog\/wp-content\/uploads\/2020\/07\/Nuset-ne-proteste-Rome.jpg?resize=300%2C200&amp;ssl=1 300w, https:\/\/i0.wp.com\/www.shqiperia.com\/blog\/wp-content\/uploads\/2020\/07\/Nuset-ne-proteste-Rome.jpg?resize=600%2C399&amp;ssl=1 600w, https:\/\/i0.wp.com\/www.shqiperia.com\/blog\/wp-content\/uploads\/2020\/07\/Nuset-ne-proteste-Rome.jpg?resize=450%2C300&amp;ssl=1 450w, https:\/\/i0.wp.com\/www.shqiperia.com\/blog\/wp-content\/uploads\/2020\/07\/Nuset-ne-proteste-Rome.jpg?resize=400%2C266&amp;ssl=1 400w, https:\/\/i0.wp.com\/www.shqiperia.com\/blog\/wp-content\/uploads\/2020\/07\/Nuset-ne-proteste-Rome.jpg?w=640&amp;ssl=1 640w\" sizes=\"auto, (max-width: 563px) 100vw, 563px\" \/><p id=\"caption-attachment-36257\" class=\"wp-caption-text\">Nuset ne Proteste<\/p><\/div>\n<p style=\"margin-bottom: 11.25pt;line-height: 15.75pt;vertical-align: top\" class=\"MsoNormal\"><span style=\"font-size: 12.0pt;font-family: 'Arial','sans-serif';color: #363635\">Mbajtja e maskave \u00ebsht\u00eb e detyrueshme p\u00ebr t\u00eb gjith\u00eb, madje edhe p\u00ebr \u00e7iftin, nd\u00ebrsa nuk lejohet hedhja e buqet\u00ebs apo orizit tradicional si dhe shoq\u00ebrimi i nuses krah p\u00ebr krah nga babai n\u00eb altar p\u00ebr shkak t\u00eb distancimit social.<\/span><\/p>\n","protected":false},"excerpt":{"rendered":"<p>FOTO: \u201cLejoni dasmat\u201d, nuset dalin n\u00eb protest\u00eb n\u00eb Rom\u00eb 8 korrik \u00a02020 \u00a0 Pandemia \u00a0ka goditur dhe evenimentet m\u00eb t\u00eb r\u00ebnd\u00ebsishme, dasmat. K\u00ebng\u00ebtar\u00eb t\u00eb shumt\u00eb, pronar\u00eb biznesesh jan\u00eb ankuar prej fillimit t\u00eb pandemis\u00eb p\u00ebr shkak t\u00eb ndalimit t\u00eb k\u00ebtyre manifestimeve, aq sa disa prej tyre kan\u00eb shkuar aq larg sa e kan\u00eb demantuar ekzistenc\u00ebn e [&hellip;]<\/p>\n","protected":false},"author":9,"featured_media":36255,"comment_status":"open","ping_status":"open","sticky":false,"template":"","format":"standard","meta":{"jetpack_post_was_ever_published":false,"_jetpack_newsletter_access":"","_jetpack_dont_email_post_to_subs":false,"_jetpack_newsletter_tier_id":0,"_jetpack_memberships_contains_paywalled_content":false,"_jetpack_memberships_contains_paid_content":false,"footnotes":"","jetpack_publicize_message":"","jetpack_publicize_feature_enabled":true,"jetpack_social_post_already_shared":true,"jetpack_social_options":{"image_generator_settings":{"template":"highway","default_image_id":0,"font":"","enabled":false},"version":2}},"categories":[27,14,35],"tags":[],"class_list":["post-36254","post","type-post","status-publish","format-standard","has-post-thumbnail","hentry","category-blogu-i-udhetarit","category-press-releases","category-shoqerore"],"jetpack_publicize_connections":[],"jetpack_featured_media_url":"https:\/\/i0.wp.com\/www.shqiperia.com\/blog\/wp-content\/uploads\/2020\/07\/Nuset-ne-proteste-Rome-2.jpg?fit=640%2C426&ssl=1","jetpack_sharing_enabled":true,"jetpack_shortlink":"https:\/\/wp.me\/p5Z6wp-9qK","jetpack-related-posts":[{"id":51300,"url":"https:\/\/www.shqiperia.com\/blog\/foto-fermeret-e-lushnjes-dalin-serish-ne-proteste\/","url_meta":{"origin":36254,"position":0},"title":"FOTO- Fermer\u00ebt e Lushnjes dalin s\u00ebrish n\u00eb protest\u00eb","author":"Kurt Farka","date":"November 12, 2021","format":false,"excerpt":"FOTO- Fermer\u00ebt e Lushnjes dalin s\u00ebrish n\u00eb protest\u00eb - 12 Nentor, 2021 Fermer\u00ebt, grumbulluesit e qum\u00ebshtit dhe agrop\u00ebrpunuesit nga Lushnja kan\u00eb dal\u00eb s\u00ebrish n\u00eb protest\u00eb. Nuk \u00ebsht\u00eb hera e par\u00eb q\u00eb fermer\u00ebt bejn\u00eb protest\u00eb p\u00ebr t\u00eb parandaluar falimentimin e bujq\u00ebsis\u00eb. T\u00eb bashkuar, fermer\u00ebt k\u00ebrkojn\u00eb subvencionim nga shteti dhe ulje t\u00eb\u2026","rel":"","context":"In &quot;Politika&quot;","block_context":{"text":"Politika","link":"https:\/\/www.shqiperia.com\/blog\/category\/politika\/"},"img":{"alt_text":"","src":"https:\/\/i0.wp.com\/www.shqiperia.com\/blog\/wp-content\/uploads\/2021\/11\/proteste.jpg?fit=424%2C317&ssl=1&resize=350%2C200","width":350,"height":200},"classes":[]},{"id":49230,"url":"https:\/\/www.shqiperia.com\/blog\/dalin-ne-proteste-korcaret-duke-marshuar-kunder-bregovicit\/","url_meta":{"origin":36254,"position":1},"title":"Dalin n\u00eb protest\u00eb kor\u00e7ar\u00ebt duke marshuar kund\u00ebr Bregovi\u00e7it","author":"Kurt Farka","date":"August 21, 2021","format":false,"excerpt":"Dalin n\u00eb protest\u00eb kor\u00e7ar\u00ebt duke marshuar kund\u00ebr Bregovi\u00e7it 21 GUSHT 2021 Mbr\u00ebmjen e djeshme qytetar\u00ebt kor\u00e7ar\u00eb kan\u00eb dal\u00eb n\u00eb protest\u00eb kund\u00ebr k\u00ebng\u00ebtarit serb Goran Bregovi\u00e7. Joq ka publikuar nj\u00eb video duke marshuar n\u00eb rrug\u00ebt e Kor\u00e7\u00ebs duke shar\u00eb k\u00ebng\u00ebtarin. Mbr\u00ebmjen e sotme Bregovi\u00e7 pritet t\u00eb k\u00ebndoj\u00eb n\u00eb Fest\u00ebn e birr\u00ebs\u2026","rel":"","context":"In &quot;Kultura&quot;","block_context":{"text":"Kultura","link":"https:\/\/www.shqiperia.com\/blog\/category\/kultura\/"},"img":{"alt_text":"","src":"https:\/\/i0.wp.com\/www.shqiperia.com\/blog\/wp-content\/uploads\/2021\/08\/640-0-c2f09d0d02d98b9736a28cb66b91f026-Copy.jpg?fit=640%2C382&ssl=1&resize=350%2C200","width":350,"height":200,"srcset":"https:\/\/i0.wp.com\/www.shqiperia.com\/blog\/wp-content\/uploads\/2021\/08\/640-0-c2f09d0d02d98b9736a28cb66b91f026-Copy.jpg?fit=640%2C382&ssl=1&resize=350%2C200 1x, https:\/\/i0.wp.com\/www.shqiperia.com\/blog\/wp-content\/uploads\/2021\/08\/640-0-c2f09d0d02d98b9736a28cb66b91f026-Copy.jpg?fit=640%2C382&ssl=1&resize=525%2C300 1.5x"},"classes":[]},{"id":33638,"url":"https:\/\/www.shqiperia.com\/blog\/jemi-ne-rruge-askush-nuk-po-na-jep-zgjidhje-tregtaret-ne-vlore-dalin-ne-proteste\/","url_meta":{"origin":36254,"position":2},"title":"\u201cJemi n\u00eb rrug\u00eb, askush nuk po na jep zgjidhje\u201d, tregtar\u00ebt n\u00eb Vlor\u00eb dalin n\u00eb protest\u00eb","author":"Kurt Farka","date":"April 22, 2020","format":false,"excerpt":"\u201cJemi n\u00eb rrug\u00eb, askush nuk po na jep zgjidhje\u201d, tregtar\u00ebt n\u00eb Vlor\u00eb dalin n\u00eb protest\u00eb 21 Prill 2020 Para Bashkis\u00eb s\u00eb Vlor\u00ebs kan\u00eb dal\u00eb n\u00eb protest\u00eb dit\u00ebn e sotme, tregtar\u00ebt e tregut pran\u00eb ish-fabrik\u00ebs s\u00eb qytetit. Ky veprim ka ardhur pasi ende nuk \u00ebsht\u00eb marr\u00eb ndonj\u00eb vendim p\u00ebr hapjen e\u2026","rel":"","context":"In &quot;Blogu i Udh\u00ebtarit&quot;","block_context":{"text":"Blogu i Udh\u00ebtarit","link":"https:\/\/www.shqiperia.com\/blog\/category\/blogu-i-udhetarit\/"},"img":{"alt_text":"","src":"https:\/\/i0.wp.com\/www.shqiperia.com\/blog\/wp-content\/uploads\/2020\/04\/tregtare-1.png?fit=635%2C350&ssl=1&resize=350%2C200","width":350,"height":200,"srcset":"https:\/\/i0.wp.com\/www.shqiperia.com\/blog\/wp-content\/uploads\/2020\/04\/tregtare-1.png?fit=635%2C350&ssl=1&resize=350%2C200 1x, https:\/\/i0.wp.com\/www.shqiperia.com\/blog\/wp-content\/uploads\/2020\/04\/tregtare-1.png?fit=635%2C350&ssl=1&resize=525%2C300 1.5x"},"classes":[]},{"id":38444,"url":"https:\/\/www.shqiperia.com\/blog\/kurre-te-mos-lejoni-qe-dikush-te-ndryshoje-ate-qe-ju-ben-te-vecante-ambasadorja-kim-mesazh-te-forte-nga-shkodra\/","url_meta":{"origin":36254,"position":3},"title":"\u201cKurr\u00eb t\u00eb mos lejoni q\u00eb dikush t\u00eb ndryshoj\u00eb at\u00eb q\u00eb ju b\u00ebn t\u00eb ve\u00e7ant\u00eb\u201d, ambasadorja Kim mesazh t\u00eb fort\u00eb nga Shkodra","author":"Kurt Farka","date":"September 15, 2020","format":false,"excerpt":"\u201cKurr\u00eb t\u00eb mos lejoni q\u00eb dikush t\u00eb ndryshoj\u00eb at\u00eb q\u00eb ju b\u00ebn t\u00eb ve\u00e7ant\u00eb\u201d, ambasadorja Kim mesazh t\u00eb fort\u00eb nga Shkodra shtator 2020 Turit dy ditor t\u00eb ambasadores amerikan Yuri Kim n\u00eb Shkod\u00ebr, duket se i ka ardhur fundi. N\u00eb p\u00ebrfundim t\u00eb q\u00ebndrimit t\u00eb saj k\u00ebtu, ambasadorja Kim ka p\u00ebrcjell\u00eb\u2026","rel":"","context":"In &quot;Histori&quot;","block_context":{"text":"Histori","link":"https:\/\/www.shqiperia.com\/blog\/category\/histori\/"},"img":{"alt_text":"","src":"https:\/\/i0.wp.com\/www.shqiperia.com\/blog\/wp-content\/uploads\/2020\/09\/yuri-kim-kala-rozafa.jpg?fit=1200%2C631&ssl=1&resize=350%2C200","width":350,"height":200,"srcset":"https:\/\/i0.wp.com\/www.shqiperia.com\/blog\/wp-content\/uploads\/2020\/09\/yuri-kim-kala-rozafa.jpg?fit=1200%2C631&ssl=1&resize=350%2C200 1x, https:\/\/i0.wp.com\/www.shqiperia.com\/blog\/wp-content\/uploads\/2020\/09\/yuri-kim-kala-rozafa.jpg?fit=1200%2C631&ssl=1&resize=525%2C300 1.5x, https:\/\/i0.wp.com\/www.shqiperia.com\/blog\/wp-content\/uploads\/2020\/09\/yuri-kim-kala-rozafa.jpg?fit=1200%2C631&ssl=1&resize=700%2C400 2x, https:\/\/i0.wp.com\/www.shqiperia.com\/blog\/wp-content\/uploads\/2020\/09\/yuri-kim-kala-rozafa.jpg?fit=1200%2C631&ssl=1&resize=1050%2C600 3x"},"classes":[]},{"id":72259,"url":"https:\/\/www.shqiperia.com\/blog\/pretendojne-se-ka-dy-viktima-1-mije-muxhahedine-dalin-ne-proteste-pas-kontrollit-te-policise-ne-kampin-e-mek\/","url_meta":{"origin":36254,"position":4},"title":"Pretendojn\u00eb se ka dy viktima. &#8211; 1 mij\u00eb muxhahedin\u00eb dalin n\u00eb protest\u00eb pas kontrollit t\u00eb policis\u00eb n\u00eb kampin e MEK","author":"Kurt Farka","date":"June 20, 2023","format":false,"excerpt":"20 Qershor 2023 M\u00eb shum\u00eb se 1 mij\u00eb muxhahedin\u00eb t\u00eb strehuar n\u00eb kampin MEK n\u00eb Man\u00ebz kan\u00eb dal\u00eb n\u00eb protest\u00eb pas kontrollit t\u00eb policis\u00eb. Situata \u00ebsht\u00eb e tensionuar, pasi ka patur edhe p\u00ebrplasje mes banor\u00ebve dhe forcave t\u00eb policis\u00eb. Muxhahedin\u00ebt t\u00eb tensionuar kan\u00eb deklaruar se kontrollet e policis\u00eb jan\u00eb t\u00eb\u2026","rel":"","context":"In &quot;Blogu i Udh\u00ebtarit&quot;","block_context":{"text":"Blogu i Udh\u00ebtarit","link":"https:\/\/www.shqiperia.com\/blog\/category\/blogu-i-udhetarit\/"},"img":{"alt_text":"","src":"https:\/\/i0.wp.com\/www.shqiperia.com\/blog\/wp-content\/uploads\/2023\/06\/Capture-171-770x433-1.jpg?fit=770%2C433&ssl=1&resize=350%2C200","width":350,"height":200,"srcset":"https:\/\/i0.wp.com\/www.shqiperia.com\/blog\/wp-content\/uploads\/2023\/06\/Capture-171-770x433-1.jpg?fit=770%2C433&ssl=1&resize=350%2C200 1x, https:\/\/i0.wp.com\/www.shqiperia.com\/blog\/wp-content\/uploads\/2023\/06\/Capture-171-770x433-1.jpg?fit=770%2C433&ssl=1&resize=525%2C300 1.5x, https:\/\/i0.wp.com\/www.shqiperia.com\/blog\/wp-content\/uploads\/2023\/06\/Capture-171-770x433-1.jpg?fit=770%2C433&ssl=1&resize=700%2C400 2x"},"classes":[]},{"id":63998,"url":"https:\/\/www.shqiperia.com\/blog\/rritja-e-cmimeve-bizneset-dalin-sot-ne-proteste-ulin-qepenat-per-nje-ore\/","url_meta":{"origin":36254,"position":5},"title":"Rritja e \u00e7mimeve &#8211; Bizneset dalin sot n\u00eb protest\u00eb, ulin qepenat p\u00ebr nj\u00eb or\u00eb","author":"Kurt Farka","date":"November 5, 2022","format":false,"excerpt":"5 Nentor 2022 Pas paralajm\u00ebrimit t\u00eb Shoqat\u00ebs s\u00eb Biznesit t\u00eb Vog\u00ebl dhe t\u00eb Mesme dje, sot bizneset do t\u00eb hidhen n\u00eb protest\u00eb, p\u00ebr shkak t\u00eb rritjes s\u00eb \u00e7mimeve. P\u00ebrfaq\u00ebsuesit e shoqatave iu b\u00ebn\u00eb thirrje dje bizneseve q\u00eb t\u00eb mbyllin p\u00ebr nj\u00eb or\u00eb sh\u00ebrbimin dhe t\u00eb protestojn\u00eb n\u00eb shenj\u00eb pak\u00ebnaq\u00ebsie. \u201c\u00c7mim\u2026","rel":"","context":"In &quot;Blogu i Udh\u00ebtarit&quot;","block_context":{"text":"Blogu i Udh\u00ebtarit","link":"https:\/\/www.shqiperia.com\/blog\/category\/blogu-i-udhetarit\/"},"img":{"alt_text":"","src":"https:\/\/i0.wp.com\/www.shqiperia.com\/blog\/wp-content\/uploads\/2022\/11\/qepenat-751x450-1.jpg?fit=751%2C450&ssl=1&resize=350%2C200","width":350,"height":200,"srcset":"https:\/\/i0.wp.com\/www.shqiperia.com\/blog\/wp-content\/uploads\/2022\/11\/qepenat-751x450-1.jpg?fit=751%2C450&ssl=1&resize=350%2C200 1x, https:\/\/i0.wp.com\/www.shqiperia.com\/blog\/wp-content\/uploads\/2022\/11\/qepenat-751x450-1.jpg?fit=751%2C450&ssl=1&resize=525%2C300 1.5x, https:\/\/i0.wp.com\/www.shqiperia.com\/blog\/wp-content\/uploads\/2022\/11\/qepenat-751x450-1.jpg?fit=751%2C450&ssl=1&resize=700%2C400 2x"},"classes":[]}],"_links":{"self":[{"href":"https:\/\/www.shqiperia.com\/blog\/wp-json\/wp\/v2\/posts\/36254","targetHints":{"allow":["GET"]}}],"collection":[{"href":"https:\/\/www.shqiperia.com\/blog\/wp-json\/wp\/v2\/posts"}],"about":[{"href":"https:\/\/www.shqiperia.com\/blog\/wp-json\/wp\/v2\/types\/post"}],"author":[{"embeddable":true,"href":"https:\/\/www.shqiperia.com\/blog\/wp-json\/wp\/v2\/users\/9"}],"replies":[{"embeddable":true,"href":"https:\/\/www.shqiperia.com\/blog\/wp-json\/wp\/v2\/comments?post=36254"}],"version-history":[{"count":1,"href":"https:\/\/www.shqiperia.com\/blog\/wp-json\/wp\/v2\/posts\/36254\/revisions"}],"predecessor-version":[{"id":36258,"href":"https:\/\/www.shqiperia.com\/blog\/wp-json\/wp\/v2\/posts\/36254\/revisions\/36258"}],"wp:featuredmedia":[{"embeddable":true,"href":"https:\/\/www.shqiperia.com\/blog\/wp-json\/wp\/v2\/media\/36255"}],"wp:attachment":[{"href":"https:\/\/www.shqiperia.com\/blog\/wp-json\/wp\/v2\/media?parent=36254"}],"wp:term":[{"taxonomy":"category","embeddable":true,"href":"https:\/\/www.shqiperia.com\/blog\/wp-json\/wp\/v2\/categories?post=36254"},{"taxonomy":"post_tag","embeddable":true,"href":"https:\/\/www.shqiperia.com\/blog\/wp-json\/wp\/v2\/tags?post=36254"}],"curies":[{"name":"wp","href":"https:\/\/api.w.org\/{rel}","templated":true}]}}