{"id":36137,"date":"2020-07-09T07:30:15","date_gmt":"2020-07-09T07:30:15","guid":{"rendered":"https:\/\/www.shqiperia.com\/blog\/?p=36137"},"modified":"2020-07-09T07:30:15","modified_gmt":"2020-07-09T07:30:15","slug":"ajet-nallbani-ndal-dores-se-krimit-ndaj-monumenteve-konceptin-e-konservimit-e-kane-zevendesuar-me-rindertim","status":"publish","type":"post","link":"https:\/\/www.shqiperia.com\/blog\/ajet-nallbani-ndal-dores-se-krimit-ndaj-monumenteve-konceptin-e-konservimit-e-kane-zevendesuar-me-rindertim\/","title":{"rendered":"Ajet Nallbani: &#8211; Ndal dor\u00ebs s\u00eb krimit ndaj monumenteve, konceptin e konservimit e kan\u00eb z\u00ebvend\u00ebsuar me rind\u00ebrtim"},"content":{"rendered":"<p><img data-recalc-dims=\"1\" loading=\"lazy\" decoding=\"async\" data-attachment-id=\"36138\" data-permalink=\"https:\/\/www.shqiperia.com\/blog\/ajet-nallbani-ndal-dores-se-krimit-ndaj-monumenteve-konceptin-e-konservimit-e-kane-zevendesuar-me-rindertim\/prof-ajet-nallbani-2\/\" data-orig-file=\"https:\/\/i0.wp.com\/www.shqiperia.com\/blog\/wp-content\/uploads\/2020\/07\/Prof.-Ajet-Nallbani-2.jpg?fit=640%2C369&amp;ssl=1\" data-orig-size=\"640,369\" data-comments-opened=\"1\" data-image-meta=\"{&quot;aperture&quot;:&quot;0&quot;,&quot;credit&quot;:&quot;&quot;,&quot;camera&quot;:&quot;&quot;,&quot;caption&quot;:&quot;&quot;,&quot;created_timestamp&quot;:&quot;0&quot;,&quot;copyright&quot;:&quot;&quot;,&quot;focal_length&quot;:&quot;0&quot;,&quot;iso&quot;:&quot;0&quot;,&quot;shutter_speed&quot;:&quot;0&quot;,&quot;title&quot;:&quot;&quot;,&quot;orientation&quot;:&quot;0&quot;}\" data-image-title=\"Prof. Ajet Nallbani (2)\" data-image-description=\"\" data-image-caption=\"\" data-medium-file=\"https:\/\/i0.wp.com\/www.shqiperia.com\/blog\/wp-content\/uploads\/2020\/07\/Prof.-Ajet-Nallbani-2.jpg?fit=300%2C173&amp;ssl=1\" data-large-file=\"https:\/\/i0.wp.com\/www.shqiperia.com\/blog\/wp-content\/uploads\/2020\/07\/Prof.-Ajet-Nallbani-2.jpg?fit=640%2C369&amp;ssl=1\" class=\"alignnone  wp-image-36138\" alt=\"\" src=\"https:\/\/i0.wp.com\/www.shqiperia.com\/blog\/wp-content\/uploads\/2020\/07\/Prof.-Ajet-Nallbani-2.jpg?resize=473%2C273&#038;ssl=1\" width=\"473\" height=\"273\" srcset=\"https:\/\/i0.wp.com\/www.shqiperia.com\/blog\/wp-content\/uploads\/2020\/07\/Prof.-Ajet-Nallbani-2.jpg?resize=300%2C173&amp;ssl=1 300w, https:\/\/i0.wp.com\/www.shqiperia.com\/blog\/wp-content\/uploads\/2020\/07\/Prof.-Ajet-Nallbani-2.jpg?resize=450%2C259&amp;ssl=1 450w, https:\/\/i0.wp.com\/www.shqiperia.com\/blog\/wp-content\/uploads\/2020\/07\/Prof.-Ajet-Nallbani-2.jpg?resize=600%2C346&amp;ssl=1 600w, https:\/\/i0.wp.com\/www.shqiperia.com\/blog\/wp-content\/uploads\/2020\/07\/Prof.-Ajet-Nallbani-2.jpg?resize=400%2C231&amp;ssl=1 400w, https:\/\/i0.wp.com\/www.shqiperia.com\/blog\/wp-content\/uploads\/2020\/07\/Prof.-Ajet-Nallbani-2.jpg?w=640&amp;ssl=1 640w\" sizes=\"auto, (max-width: 473px) 100vw, 473px\" \/><\/p>\n<p>Ajet Nallbani: &#8211; Ndal dor\u00ebs s\u00eb krimit ndaj monumenteve, konceptin e konservimit e kan\u00eb z\u00ebvend\u00ebsuar me rind\u00ebrtim<\/p>\n<p>8 Korrik 2020<\/p>\n<p>Monumentet e kultur\u00ebs p\u00ebrballen me probleme nga m\u00eb t\u00eb ndryshmet, ku p\u00ebr d\u00ebmtimet sipas specialist\u00ebve t\u00eb fush\u00ebs s\u00eb trash\u00ebgimis\u00eb kulturore p\u00ebrgjegj\u00ebsia \u00ebsht\u00eb e institucioneve. N\u00eb reagimet e tyre ata shprehen se dhe n\u00eb koh\u00ebn kur po flitet p\u00ebr zhvillimin e turizmit, po kalojn\u00eb caqet me sllogane q\u00eb po d\u00ebmtojn\u00eb r\u00ebnd\u00eb trash\u00ebgimin\u00eb kulturore n\u00eb vend. Specialisti Ajet Nallbani shprehet krimi ndaj monumenteve duhet ndalur dhe se me dashje po d\u00ebmtohet trash\u00ebgimia kulturore. \u201cNdal dor\u00ebs s\u00eb krimit ndaj monumenteve. Velantura e turizmit, po i hedh shamin\u00eb e zez\u00eb trash\u00ebgimis\u00eb. Ka koh\u00eb q\u00eb n\u00ebn moton e zhvillimit t\u00eb turizmit, duke b\u00ebr\u00eb zhurm\u00eb t\u00eb madhe p\u00ebr &#8220;Industrin\u00eb e turizmit&#8221;, si i vetmi faktor q\u00eb mund t\u00eb sjell zhvillim dhe rritje t\u00eb ekonomis\u00eb shqiptare, po i kalon caqet me slogane, q\u00eb me dashje apo pa dashje po d\u00ebmtojn\u00eb r\u00ebnd\u00eb trash\u00ebgimin kulturore, aq e vyer p\u00ebr ndjenjat tona dhe p\u00ebr ekonomin\u00eb shqiptare\u201d, shprehet n\u00eb reagimin e tij Nallbani. P\u00ebr specialistin e trash\u00ebgimis\u00eb kulturore Ajet Nallbani, ideator t\u00eb ndrysh\u00ebm, funksionar, pushtetar lokal apo qendror, pseudospecialist\u00eb t\u00eb trash\u00ebgimis\u00eb, q\u00eb i njohin mir\u00eb ligjet dhe kartat nd\u00ebrkomb\u00ebtare t\u00eb trash\u00ebgimis\u00eb, shpesh jan\u00eb promotor t\u00eb projekteve p\u00ebr v\u00ebnien n\u00eb shfryt\u00ebzim t\u00eb monumenteve n\u00eb favor t\u00eb turizmit. \u201cN\u00eb pamje t\u00eb par\u00eb kjo duket pozitive dhe \u00e7do kund\u00ebrshtim t\u00eb b\u00ebn\u00eb fajtor, konservator, jasht\u00eb kohe etj. V\u00ebrtet \u00ebsht\u00eb shum\u00eb me vler\u00eb ti jap\u00ebsh jet\u00eb monumentit, sidomos ato t\u00eb braktisura, sepse si\u00e7 thot\u00eb populli godin\u00ebn e mban fryma gjall\u00eb. Por kur me k\u00ebto parime t\u00eb nevojshme abuzohet dhe nga mbajtje gjall\u00eb kalohet n\u00eb super shfryt\u00ebzim, q\u00eb do t\u00eb thot\u00eb p\u00ebr specialist\u00ebt nga konservim, maksimumi deri n\u00eb restaurim t\u00eb ndonj\u00eb elementi t\u00eb degraduar, tashm\u00eb \u00ebsht\u00eb z\u00ebvend\u00ebsuar me rind\u00ebrtim, plot\u00ebsim kushtesh p\u00ebr funksionin e ri, m\u00eb shkurt shkat\u00ebrrim\u201d, thot\u00eb Nallbani. Duke shprehur shqet\u00ebsimin se \u00e7far\u00eb po ndodh sot me trash\u00ebgimin\u00eb kulturore n\u00eb vend, specialisti Nallbani vijon se n\u00ebse vijon kjo gjendje nuk do t\u00eb kemi m\u00eb trash\u00ebgimi dhe as turiz\u00ebm. \u201cN\u00eb se do vazhdohet k\u00ebshtu momentalisht mund t\u00eb g\u00ebnjejm\u00eb veten me sh\u00ebrbim t\u00eb turizmit, por mbas ca vjet\u00ebsh kur me ritmet e tanishme \u00e7do gj\u00eb do jet\u00eb transformuar do shohim se nuk do kemi m\u00eb trash\u00ebgimi dhe si rrjedhim as turiz\u00ebm. At\u00ebher\u00eb do ta shohim veten n\u00eb varf\u00ebri t\u00eb plot\u00eb\u201d, shprehet ai.<\/p>\n<div id=\"attachment_36139\" style=\"width: 517px\" class=\"wp-caption alignnone\"><img data-recalc-dims=\"1\" loading=\"lazy\" decoding=\"async\" aria-describedby=\"caption-attachment-36139\" data-attachment-id=\"36139\" data-permalink=\"https:\/\/www.shqiperia.com\/blog\/ajet-nallbani-ndal-dores-se-krimit-ndaj-monumenteve-konceptin-e-konservimit-e-kane-zevendesuar-me-rindertim\/prof-ajet-nallbani\/\" data-orig-file=\"https:\/\/i0.wp.com\/www.shqiperia.com\/blog\/wp-content\/uploads\/2020\/07\/Prof.-Ajet-Nallbani.jpg?fit=640%2C674&amp;ssl=1\" data-orig-size=\"640,674\" data-comments-opened=\"1\" data-image-meta=\"{&quot;aperture&quot;:&quot;0&quot;,&quot;credit&quot;:&quot;&quot;,&quot;camera&quot;:&quot;&quot;,&quot;caption&quot;:&quot;&quot;,&quot;created_timestamp&quot;:&quot;0&quot;,&quot;copyright&quot;:&quot;&quot;,&quot;focal_length&quot;:&quot;0&quot;,&quot;iso&quot;:&quot;0&quot;,&quot;shutter_speed&quot;:&quot;0&quot;,&quot;title&quot;:&quot;&quot;,&quot;orientation&quot;:&quot;0&quot;}\" data-image-title=\"Prof. Ajet Nallbani\" data-image-description=\"\" data-image-caption=\"&lt;p&gt;Prof. Ajet Nallbani&lt;\/p&gt;\n\" data-medium-file=\"https:\/\/i0.wp.com\/www.shqiperia.com\/blog\/wp-content\/uploads\/2020\/07\/Prof.-Ajet-Nallbani.jpg?fit=285%2C300&amp;ssl=1\" data-large-file=\"https:\/\/i0.wp.com\/www.shqiperia.com\/blog\/wp-content\/uploads\/2020\/07\/Prof.-Ajet-Nallbani.jpg?fit=640%2C674&amp;ssl=1\" class=\" wp-image-36139\" alt=\"\" src=\"https:\/\/i0.wp.com\/www.shqiperia.com\/blog\/wp-content\/uploads\/2020\/07\/Prof.-Ajet-Nallbani.jpg?resize=507%2C534&#038;ssl=1\" width=\"507\" height=\"534\" srcset=\"https:\/\/i0.wp.com\/www.shqiperia.com\/blog\/wp-content\/uploads\/2020\/07\/Prof.-Ajet-Nallbani.jpg?resize=285%2C300&amp;ssl=1 285w, https:\/\/i0.wp.com\/www.shqiperia.com\/blog\/wp-content\/uploads\/2020\/07\/Prof.-Ajet-Nallbani.jpg?resize=450%2C474&amp;ssl=1 450w, https:\/\/i0.wp.com\/www.shqiperia.com\/blog\/wp-content\/uploads\/2020\/07\/Prof.-Ajet-Nallbani.jpg?resize=600%2C632&amp;ssl=1 600w, https:\/\/i0.wp.com\/www.shqiperia.com\/blog\/wp-content\/uploads\/2020\/07\/Prof.-Ajet-Nallbani.jpg?resize=400%2C421&amp;ssl=1 400w, https:\/\/i0.wp.com\/www.shqiperia.com\/blog\/wp-content\/uploads\/2020\/07\/Prof.-Ajet-Nallbani.jpg?w=640&amp;ssl=1 640w\" sizes=\"auto, (max-width: 507px) 100vw, 507px\" \/><p id=\"caption-attachment-36139\" class=\"wp-caption-text\">Prof. Ajet Nallbani<\/p><\/div>\n<p>Mbrojtja e trash\u00ebgimis\u00eb, p\u00ebr t\u00eb ardhur keq<\/p>\n<p>Specialisti i trash\u00ebgimis\u00eb kulturore Ajet Nallbani thot\u00eb m\u00eb tej se p\u00ebr k\u00ebt\u00eb gjendje shkaqet jan\u00eb t\u00eb shumta. P\u00ebr specialistin, tranzicioni i gjat\u00eb nuk mund t\u00eb kontrolloj\u00eb situatat e r\u00ebnda q\u00eb krijohen her\u00eb pas here. \u201cVler\u00ebsimi nga autoritetet vendore dhe qendrore, gjykatat dhe gjith\u00eb levat q\u00eb duhet t\u00eb funksionojn\u00eb p\u00ebr mbrojtjen e trash\u00ebgimis\u00eb jan\u00eb p\u00ebr t\u00eb ardhur keq. M\u00eb e keqja \u00ebsht\u00eb te ata, q\u00eb ia din\u00eb r\u00ebnd\u00ebsin\u00eb, se kan\u00eb punuar dhjet\u00ebra vjet dhe jan\u00eb specialist\u00eb t\u00eb mir\u00ebfillt\u00eb dhe \u00e7udit\u00ebrisht, asgj\u00eb nga vlera e tyre nuk ka mbetur te projektet q\u00eb b\u00ebjn\u00eb, por dominon porosit\u00ebsi, i cili nuk do t&#8217;ia dij\u00eb p\u00ebr monumentin, mjaft q\u00eb realizohet objektivi i tij, &#8220;se ai ka paran\u00eb&#8221;. Pse nuk d\u00ebnohet nj\u00eb projektues, kur ai mban q\u00ebndrim negativ me k\u00ebrkesat e kartave nd\u00ebrkomb\u00ebtare t\u00eb restaurimit, apo ata, q\u00eb i aprovojn\u00eb k\u00ebto lloj projekte?\u201d, shprehet Nallbani. N\u00eb reagimin e tij, specialisti i njohur shton m\u00eb tej se p\u00ebrball\u00eb k\u00ebsaj gjendje me probleme edhe konceptin konservim ka raste, q\u00eb e kan\u00eb z\u00ebvend\u00ebsuar me rind\u00ebrtim. Si specialist, Ajet Nallbani thot\u00eb se kjo \u00ebsht\u00eb p\u00ebr t\u00eb ardhur keq sot. \u201c\u00c7udit\u00ebrisht, jan\u00eb pajisur me licenca njer\u00ebz q\u00eb nuk kan\u00eb punuar kurr\u00eb me monumentet, apo q\u00eb njohin kartat dhe materialet shkencore t\u00eb koservimit, dhe konceptin konservim e kan\u00eb z\u00ebvend\u00ebsuar me nj\u00eb rind\u00ebrtim q\u00eb p\u00ebr syrin e injoranc\u00ebs \u00ebsht\u00eb nj\u00eb &#8220;mrekulli&#8221;, por p\u00ebr vlerat e trash\u00ebgimis\u00eb \u00ebsht\u00eb krim i r\u00ebnd\u00eb. P\u00ebr t\u00eb ardhur keq, k\u00ebta lloj kan\u00eb aft\u00ebsin\u00eb t\u00eb marrin tenderat q\u00eb nga syrtar\u00ebt\u201d, pohon Nallbani. Problemet vazhdojn\u00eb n\u00eb monumentet e ndryshme t\u00eb kultur\u00ebs n\u00eb vend dhe p\u00ebr specialistin Nallbani kjo praktik\u00eb shkat\u00ebrruese duhet t\u00eb marr\u00eb fund p\u00ebr trash\u00ebgimin\u00eb kulturore. Sipas tij, n\u00ebse nj\u00eb monument rind\u00ebrtohet nuk ka m\u00eb vler\u00eb. \u201cDo d\u00ebshiroja t\u00eb marri fund kjo praktik\u00eb shkat\u00ebrruese, n\u00ebse duam t\u00eb trash\u00ebgohet te brezat e ardhsh\u00ebm kjo pasuri q\u00eb na ka vler\u00ebsuar si popull me trash\u00ebgimi t\u00eb pasur. Rrug\u00ebt jan\u00eb t\u00eb kollajshme, komisionet e aprovimit t\u00eb projekteve t\u00eb jen\u00eb shkencore dhe t\u00eb pavarur dhe t\u00eb hiqet e drejta e projektimit t\u00eb gjith\u00eb atyre q\u00eb kan\u00eb shkelur kriteret. N\u00eb t\u00eb kund\u00ebrt, do kemi p\u00ebrgjegj\u00ebsi t\u00eb r\u00ebnd\u00eb para brezit t\u00eb ri p\u00ebr k\u00ebt\u00eb katastrof\u00eb q\u00eb nuk rregullohet m\u00eb. Monumenti po u rind\u00ebrtua nuk ka vler\u00eb m\u00eb, ai ka vler\u00eb sa nj\u00eb bust i nj\u00eb t\u00eb vdekuri\u201d, vijon Nallbani. N\u00eb fund t\u00eb reagimit t\u00eb tij, specialisti Ajet Nallbani thot\u00eb se fton koleg\u00ebt me t\u00eb gjith\u00eb potencialin e tyre mendor t\u00eb bashkohen n\u00eb frenimin e k\u00ebsaj katastrofe.<\/p>\n<p>Gazeta Sot<\/p>\n","protected":false},"excerpt":{"rendered":"<p>Ajet Nallbani: &#8211; Ndal dor\u00ebs s\u00eb krimit ndaj monumenteve, konceptin e konservimit e kan\u00eb z\u00ebvend\u00ebsuar me rind\u00ebrtim 8 Korrik 2020 Monumentet e kultur\u00ebs p\u00ebrballen me probleme nga m\u00eb t\u00eb ndryshmet, ku p\u00ebr d\u00ebmtimet sipas specialist\u00ebve t\u00eb fush\u00ebs s\u00eb trash\u00ebgimis\u00eb kulturore p\u00ebrgjegj\u00ebsia \u00ebsht\u00eb e institucioneve. N\u00eb reagimet e tyre ata shprehen se dhe n\u00eb koh\u00ebn kur [&hellip;]<\/p>\n","protected":false},"author":9,"featured_media":36138,"comment_status":"open","ping_status":"open","sticky":false,"template":"","format":"standard","meta":{"jetpack_post_was_ever_published":false,"_jetpack_newsletter_access":"","_jetpack_dont_email_post_to_subs":false,"_jetpack_newsletter_tier_id":0,"_jetpack_memberships_contains_paywalled_content":false,"_jetpack_memberships_contains_paid_content":false,"footnotes":"","jetpack_publicize_message":"","jetpack_publicize_feature_enabled":true,"jetpack_social_post_already_shared":true,"jetpack_social_options":{"image_generator_settings":{"template":"highway","default_image_id":0,"font":"","enabled":false},"version":2}},"categories":[27,10,86],"tags":[],"class_list":["post-36137","post","type-post","status-publish","format-standard","has-post-thumbnail","hentry","category-blogu-i-udhetarit","category-kultura","category-trashegimi-kulturore"],"jetpack_publicize_connections":[],"jetpack_featured_media_url":"https:\/\/i0.wp.com\/www.shqiperia.com\/blog\/wp-content\/uploads\/2020\/07\/Prof.-Ajet-Nallbani-2.jpg?fit=640%2C369&ssl=1","jetpack_sharing_enabled":true,"jetpack_shortlink":"https:\/\/wp.me\/p5Z6wp-9oR","jetpack-related-posts":[{"id":9479,"url":"https:\/\/www.shqiperia.com\/blog\/ndal-dores-se-krimit-ndaj-monumenteve\/","url_meta":{"origin":36137,"position":0},"title":"NDAL ! DORES SE KRIMIT NDAJ MONUMENTEVE. &#8211;","author":"Kurt Farka","date":"July 6, 2018","format":false,"excerpt":"NDAL ! DORES SE KRIMIT NDAJ MONUMENTEVE. - Nga: Ajet Nallbani. Velatura e Turizmit, po i hedh shamin\u00eb e zez\u00eb trashgimis\u00eb. Ka koh\u00eb q\u00eb n\u00ebn moton e zhvillimit t\u00eb turizmit, duke b\u00ebr\u00eb zhurm\u00eb t\u00eb madhe p\u00ebr \"Indistrin\u00eb e turizmit\", si i vetmi faktor q\u00eb mund t\u00eb sjell zhvillim dhe ritje\u2026","rel":"","context":"In &quot;Histori&quot;","block_context":{"text":"Histori","link":"https:\/\/www.shqiperia.com\/blog\/category\/histori\/"},"img":{"alt_text":"","src":"https:\/\/i0.wp.com\/www.shqiperia.com\/blog\/wp-content\/uploads\/2018\/07\/download_421-300x218.jpg?resize=350%2C200","width":350,"height":200},"classes":[]},{"id":105424,"url":"https:\/\/www.shqiperia.com\/blog\/turizmi-kulturor-nen-kritika-auron-tare-ciceronet-filipineze-promovojne-qendrat-arkeologjike\/","url_meta":{"origin":36137,"position":1},"title":"Turizmi kulturor n\u00ebn kritika, Auron Tare: &#8211; Ciceron\u00ebt filipinez\u00eb promovojn\u00eb qendrat arkeologjike","author":"Kurt Farka","date":"August 29, 2026","format":false,"excerpt":"29 Gusht 2026 M\u00ebnyra se si po zhvillohet dhe promovohet turizmi kulturor n\u00eb vend po ngre pik\u00ebpyetje, ve\u00e7an\u00ebrisht sa i p\u00ebrket menaxhimit dhe promovimit t\u00eb trash\u00ebgimis\u00eb arkeologjike. Studiuesi Auron Tare ka reaguar ndaj m\u00ebnyr\u00ebs se si po zhvillohet turizmi kulturor n\u00eb vend, duke ngritur nj\u00eb s\u00ebr\u00eb kritikash p\u00ebr modelin q\u00eb\u2026","rel":"","context":"In &quot;Blogu i Udh\u00ebtarit&quot;","block_context":{"text":"Blogu i Udh\u00ebtarit","link":"https:\/\/www.shqiperia.com\/blog\/category\/blogu-i-udhetarit\/"},"img":{"alt_text":"","src":"https:\/\/i0.wp.com\/www.shqiperia.com\/blog\/wp-content\/uploads\/2026\/08\/BUTRINTI.jpg?fit=1095%2C574&ssl=1&resize=350%2C200","width":350,"height":200,"srcset":"https:\/\/i0.wp.com\/www.shqiperia.com\/blog\/wp-content\/uploads\/2026\/08\/BUTRINTI.jpg?fit=1095%2C574&ssl=1&resize=350%2C200 1x, https:\/\/i0.wp.com\/www.shqiperia.com\/blog\/wp-content\/uploads\/2026\/08\/BUTRINTI.jpg?fit=1095%2C574&ssl=1&resize=525%2C300 1.5x, https:\/\/i0.wp.com\/www.shqiperia.com\/blog\/wp-content\/uploads\/2026\/08\/BUTRINTI.jpg?fit=1095%2C574&ssl=1&resize=700%2C400 2x, https:\/\/i0.wp.com\/www.shqiperia.com\/blog\/wp-content\/uploads\/2026\/08\/BUTRINTI.jpg?fit=1095%2C574&ssl=1&resize=1050%2C600 3x"},"classes":[]},{"id":105096,"url":"https:\/\/www.shqiperia.com\/blog\/blendi-gonxhe-legalizon-shkaterrimin-e-kalase-se-lekuresit-resorti-me-leje-arkeologjike-false\/","url_meta":{"origin":36137,"position":2},"title":"Blendi Gonxhe legalizon shkat\u00ebrrimin e Kalas\u00eb s\u00eb L\u00ebkur\u00ebsit, resorti me leje arkeologjike false","author":"Kurt Farka","date":"August 24, 2026","format":false,"excerpt":"24 Gusht 2026 P\u00ebr Blendi Gonxhen ka disa dosje t\u00eb agjencive europiane p\u00ebr p\u00ebrfshirje t\u00eb tij n\u00eb aktivitete kriminale gjat\u00eb viteve 2002-2008 n\u00eb Spanj\u00eb, ku u arratis pas hapjes s\u00eb dig\u00ebs s\u00eb Liqenit t\u00eb Tiran\u00ebs, dhe n\u00eb Itali e Greqi si emigrant. Dosje p\u00ebr z. Blendi Gonxhen ka dhe drejt\u00ebsia\u2026","rel":"","context":"In &quot;Blogu i Udh\u00ebtarit&quot;","block_context":{"text":"Blogu i Udh\u00ebtarit","link":"https:\/\/www.shqiperia.com\/blog\/category\/blogu-i-udhetarit\/"},"img":{"alt_text":"","src":"https:\/\/i0.wp.com\/www.shqiperia.com\/blog\/wp-content\/uploads\/2026\/08\/ijh-6a8c014e75999.jpg?fit=854%2C482&ssl=1&resize=350%2C200","width":350,"height":200,"srcset":"https:\/\/i0.wp.com\/www.shqiperia.com\/blog\/wp-content\/uploads\/2026\/08\/ijh-6a8c014e75999.jpg?fit=854%2C482&ssl=1&resize=350%2C200 1x, https:\/\/i0.wp.com\/www.shqiperia.com\/blog\/wp-content\/uploads\/2026\/08\/ijh-6a8c014e75999.jpg?fit=854%2C482&ssl=1&resize=525%2C300 1.5x, https:\/\/i0.wp.com\/www.shqiperia.com\/blog\/wp-content\/uploads\/2026\/08\/ijh-6a8c014e75999.jpg?fit=854%2C482&ssl=1&resize=700%2C400 2x"},"classes":[]},{"id":104393,"url":"https:\/\/www.shqiperia.com\/blog\/ja-si-blendi-gonxhe-shkaterroi-zonat-arkeologjike-legalizoi-156-ndertime-pa-leje-pas-nisjes-se-punimeve-dalin\/","url_meta":{"origin":36137,"position":3},"title":"Ja si Blendi Gonxhe shkat\u00ebrroi zonat arkeologjike, legalizoi 156 nd\u00ebrtime pa leje pas nisjes s\u00eb punimeve, dalin\u2026","author":"Kurt Farka","date":"August 14, 2026","format":false,"excerpt":"14 Gusht 2026 Endri Haxhiu shfaqet prej vitesh pran\u00eb Blendi Gonxhes, duke e ndjekur at\u00eb n\u00eb disa prej posteve m\u00eb t\u00eb r\u00ebnd\u00ebsishme q\u00eb ka mbajtur. Nga Drejtoria e P\u00ebrgjithshme e Sh\u00ebrbimeve t\u00eb Transportit Rrugor, te Ministria e Kultur\u00ebs, Haxhiu ka vijuar t\u00eb jet\u00eb pjes\u00eb e strukturave ku ka ushtruar detyr\u00ebn\u2026","rel":"","context":"In &quot;Blogu i Udh\u00ebtarit&quot;","block_context":{"text":"Blogu i Udh\u00ebtarit","link":"https:\/\/www.shqiperia.com\/blog\/category\/blogu-i-udhetarit\/"},"img":{"alt_text":"","src":"https:\/\/i0.wp.com\/www.shqiperia.com\/blog\/wp-content\/uploads\/2026\/08\/hkhhhkhh-2.jpg?fit=516%2C400&ssl=1&resize=350%2C200","width":350,"height":200},"classes":[]},{"id":105100,"url":"https:\/\/www.shqiperia.com\/blog\/nderhyrjet-me-eskavator-ne-zonen-e-kalase-se-rozafes-eshte-rrenim\/","url_meta":{"origin":36137,"position":4},"title":"Nd\u00ebrhyrjet me eskavator n\u00eb zon\u00ebn e Kalas\u00eb s\u00eb Rozaf\u00ebs \u00ebsht\u00eb rrenim &#8230;","author":"Kurt Farka","date":"August 24, 2026","format":false,"excerpt":"24 Gusht 2026 Nd\u00ebrhyrjet me mjete t\u00eb r\u00ebnda n\u00eb zon\u00ebn e Kalas\u00eb s\u00eb Rozaf\u00ebs n\u00eb Shkod\u00ebr kan\u00eb ngjallur shqet\u00ebsim p\u00ebr ruajtjen e peizazhit historik dhe vlerave t\u00eb trash\u00ebgimis\u00eb kulturore. P\u00ebrmes nj\u00eb reagimi publik, studiuesi Auron Tare ka kritikuar nd\u00ebrhyrjen, duke e cil\u00ebsuar at\u00eb si nj\u00eb d\u00ebmtim t\u00eb peizazhit historik dhe\u2026","rel":"","context":"In &quot;Blogu i Udh\u00ebtarit&quot;","block_context":{"text":"Blogu i Udh\u00ebtarit","link":"https:\/\/www.shqiperia.com\/blog\/category\/blogu-i-udhetarit\/"},"img":{"alt_text":"","src":"https:\/\/i0.wp.com\/www.shqiperia.com\/blog\/wp-content\/uploads\/2026\/08\/shkodra-kalaja-rozafes-2.jpg?fit=1024%2C683&ssl=1&resize=350%2C200","width":350,"height":200,"srcset":"https:\/\/i0.wp.com\/www.shqiperia.com\/blog\/wp-content\/uploads\/2026\/08\/shkodra-kalaja-rozafes-2.jpg?fit=1024%2C683&ssl=1&resize=350%2C200 1x, https:\/\/i0.wp.com\/www.shqiperia.com\/blog\/wp-content\/uploads\/2026\/08\/shkodra-kalaja-rozafes-2.jpg?fit=1024%2C683&ssl=1&resize=525%2C300 1.5x, https:\/\/i0.wp.com\/www.shqiperia.com\/blog\/wp-content\/uploads\/2026\/08\/shkodra-kalaja-rozafes-2.jpg?fit=1024%2C683&ssl=1&resize=700%2C400 2x"},"classes":[]},{"id":103084,"url":"https:\/\/www.shqiperia.com\/blog\/ndahet-nga-jeta-akademiku-emin-riza-studiuesi-i-shquar-i-trashegimise-kulturore-shqiptare\/","url_meta":{"origin":36137,"position":5},"title":"Ndahet nga jeta akademiku Emin Riza, studiuesi i shquar i trash\u00ebgimis\u00eb kulturore shqiptare","author":"Kurt Farka","date":"July 22, 2026","format":false,"excerpt":"22 Korrik 2026 \u00cbsht\u00eb ndar\u00eb nga jeta n\u00eb mosh\u00ebn 89-vje\u00e7are akademik Emin Riza, nj\u00eb nga studiuesit m\u00eb t\u00eb njohur shqiptar\u00eb n\u00eb fush\u00ebn e trash\u00ebgimis\u00eb kulturore dhe arkitektur\u00ebs tradicionale. Akademia e Shkencave e Shqip\u00ebris\u00eb dhe Komisioni i P\u00ebrhersh\u00ebm i Trash\u00ebgimis\u00eb Kulturore shpreh\u00ebn ngush\u00ebllimet p\u00ebr familjen, t\u00eb af\u00ebrmit, komunitetin akademik dhe bashk\u00ebpun\u00ebtor\u00ebt\u2026","rel":"","context":"In &quot;Blogu i Udh\u00ebtarit&quot;","block_context":{"text":"Blogu i Udh\u00ebtarit","link":"https:\/\/www.shqiperia.com\/blog\/category\/blogu-i-udhetarit\/"},"img":{"alt_text":"","src":"https:\/\/i0.wp.com\/www.shqiperia.com\/blog\/wp-content\/uploads\/2026\/07\/Emin-Riza.webp?fit=900%2C500&ssl=1&resize=350%2C200","width":350,"height":200,"srcset":"https:\/\/i0.wp.com\/www.shqiperia.com\/blog\/wp-content\/uploads\/2026\/07\/Emin-Riza.webp?fit=900%2C500&ssl=1&resize=350%2C200 1x, https:\/\/i0.wp.com\/www.shqiperia.com\/blog\/wp-content\/uploads\/2026\/07\/Emin-Riza.webp?fit=900%2C500&ssl=1&resize=525%2C300 1.5x, https:\/\/i0.wp.com\/www.shqiperia.com\/blog\/wp-content\/uploads\/2026\/07\/Emin-Riza.webp?fit=900%2C500&ssl=1&resize=700%2C400 2x"},"classes":[]}],"_links":{"self":[{"href":"https:\/\/www.shqiperia.com\/blog\/wp-json\/wp\/v2\/posts\/36137","targetHints":{"allow":["GET"]}}],"collection":[{"href":"https:\/\/www.shqiperia.com\/blog\/wp-json\/wp\/v2\/posts"}],"about":[{"href":"https:\/\/www.shqiperia.com\/blog\/wp-json\/wp\/v2\/types\/post"}],"author":[{"embeddable":true,"href":"https:\/\/www.shqiperia.com\/blog\/wp-json\/wp\/v2\/users\/9"}],"replies":[{"embeddable":true,"href":"https:\/\/www.shqiperia.com\/blog\/wp-json\/wp\/v2\/comments?post=36137"}],"version-history":[{"count":1,"href":"https:\/\/www.shqiperia.com\/blog\/wp-json\/wp\/v2\/posts\/36137\/revisions"}],"predecessor-version":[{"id":36140,"href":"https:\/\/www.shqiperia.com\/blog\/wp-json\/wp\/v2\/posts\/36137\/revisions\/36140"}],"wp:featuredmedia":[{"embeddable":true,"href":"https:\/\/www.shqiperia.com\/blog\/wp-json\/wp\/v2\/media\/36138"}],"wp:attachment":[{"href":"https:\/\/www.shqiperia.com\/blog\/wp-json\/wp\/v2\/media?parent=36137"}],"wp:term":[{"taxonomy":"category","embeddable":true,"href":"https:\/\/www.shqiperia.com\/blog\/wp-json\/wp\/v2\/categories?post=36137"},{"taxonomy":"post_tag","embeddable":true,"href":"https:\/\/www.shqiperia.com\/blog\/wp-json\/wp\/v2\/tags?post=36137"}],"curies":[{"name":"wp","href":"https:\/\/api.w.org\/{rel}","templated":true}]}}