{"id":36102,"date":"2020-07-08T08:13:12","date_gmt":"2020-07-08T08:13:12","guid":{"rendered":"https:\/\/www.shqiperia.com\/blog\/?p=36102"},"modified":"2020-07-08T08:13:12","modified_gmt":"2020-07-08T08:13:12","slug":"duke-nisur-nga-janari-i-vitit-2021-shteti-shqiptar-do-te-jete-i-falimentuar-ne-ekonomi","status":"publish","type":"post","link":"https:\/\/www.shqiperia.com\/blog\/duke-nisur-nga-janari-i-vitit-2021-shteti-shqiptar-do-te-jete-i-falimentuar-ne-ekonomi\/","title":{"rendered":"Duke nisur nga janari i vitit 2021 Shteti Shqiptar do t\u00eb jet\u00eb i falimentuar ne ekonomi."},"content":{"rendered":"<p><img data-recalc-dims=\"1\" loading=\"lazy\" decoding=\"async\" data-attachment-id=\"36103\" data-permalink=\"https:\/\/www.shqiperia.com\/blog\/duke-nisur-nga-janari-i-vitit-2021-shteti-shqiptar-do-te-jete-i-falimentuar-ne-ekonomi\/800-0-5f04cd74dc599\/\" data-orig-file=\"https:\/\/i0.wp.com\/www.shqiperia.com\/blog\/wp-content\/uploads\/2020\/07\/800-0-5f04cd74dc599.jpg?fit=800%2C416&amp;ssl=1\" data-orig-size=\"800,416\" data-comments-opened=\"1\" data-image-meta=\"{&quot;aperture&quot;:&quot;0&quot;,&quot;credit&quot;:&quot;&quot;,&quot;camera&quot;:&quot;&quot;,&quot;caption&quot;:&quot;&quot;,&quot;created_timestamp&quot;:&quot;0&quot;,&quot;copyright&quot;:&quot;&quot;,&quot;focal_length&quot;:&quot;0&quot;,&quot;iso&quot;:&quot;0&quot;,&quot;shutter_speed&quot;:&quot;0&quot;,&quot;title&quot;:&quot;&quot;,&quot;orientation&quot;:&quot;0&quot;}\" data-image-title=\"-800-0-5f04cd74dc599\" data-image-description=\"\" data-image-caption=\"\" data-medium-file=\"https:\/\/i0.wp.com\/www.shqiperia.com\/blog\/wp-content\/uploads\/2020\/07\/800-0-5f04cd74dc599.jpg?fit=300%2C156&amp;ssl=1\" data-large-file=\"https:\/\/i0.wp.com\/www.shqiperia.com\/blog\/wp-content\/uploads\/2020\/07\/800-0-5f04cd74dc599.jpg?fit=800%2C416&amp;ssl=1\" class=\"alignnone  wp-image-36103\" alt=\"\" src=\"https:\/\/i0.wp.com\/www.shqiperia.com\/blog\/wp-content\/uploads\/2020\/07\/800-0-5f04cd74dc599.jpg?resize=560%2C291&#038;ssl=1\" width=\"560\" height=\"291\" srcset=\"https:\/\/i0.wp.com\/www.shqiperia.com\/blog\/wp-content\/uploads\/2020\/07\/800-0-5f04cd74dc599.jpg?resize=300%2C156&amp;ssl=1 300w, https:\/\/i0.wp.com\/www.shqiperia.com\/blog\/wp-content\/uploads\/2020\/07\/800-0-5f04cd74dc599.jpg?resize=768%2C399&amp;ssl=1 768w, https:\/\/i0.wp.com\/www.shqiperia.com\/blog\/wp-content\/uploads\/2020\/07\/800-0-5f04cd74dc599.jpg?resize=450%2C234&amp;ssl=1 450w, https:\/\/i0.wp.com\/www.shqiperia.com\/blog\/wp-content\/uploads\/2020\/07\/800-0-5f04cd74dc599.jpg?resize=600%2C312&amp;ssl=1 600w, https:\/\/i0.wp.com\/www.shqiperia.com\/blog\/wp-content\/uploads\/2020\/07\/800-0-5f04cd74dc599.jpg?resize=400%2C208&amp;ssl=1 400w, https:\/\/i0.wp.com\/www.shqiperia.com\/blog\/wp-content\/uploads\/2020\/07\/800-0-5f04cd74dc599.jpg?w=800&amp;ssl=1 800w\" sizes=\"auto, (max-width: 560px) 100vw, 560px\" \/><\/p>\n<p style=\"margin: 11.25pt 0in 7.5pt 0in\" class=\"MsoNormal\"><span style=\"font-size: 17.5pt;font-family: 'calibre-regular','serif';color: black;letter-spacing: -.25pt\">Duke nisur nga janari i vitit 2021 Shteti Shqiptar do t\u00eb jet\u00eb i falimentuar ne ekonomi.<\/span><\/p>\n<p style=\"margin: 11.25pt 0in 7.5pt 0in\" class=\"MsoNormal\"><span style=\"font-size: 17.5pt;font-family: 'calibre-regular','serif';color: black;letter-spacing: -.25pt\">Nga: <span>\u00a0<\/span>Prof. Shinasi Rama.<\/span><\/p>\n<p style=\"margin-bottom: .0001pt;line-height: 12.0pt\" class=\"MsoNormal\"><span style=\"font-size: 10.5pt;font-family: 'calibre-bold','serif';color: black;text-transform: uppercase\">7 KORRIK 2020<\/span><span style=\"font-size: 10.5pt;font-family: 'calibre-regular','serif';color: black;text-transform: uppercase\"><\/span><\/p>\n<p style=\"margin: 11.25pt 0in 7.5pt 0in\" class=\"MsoNormal\"><span style=\"font-size: 14.0pt;font-family: 'Arial','sans-serif';color: black;letter-spacing: -.25pt\">Parashikimi i friksh\u00ebm i Ram\u00ebs: Ja \u00e7far\u00eb pritet t\u00eb ndodh\u00eb me Shqip\u00ebrin\u00eb nga janari i vitit 2021<\/span><\/p>\n<p style=\"line-height: 0%\" class=\"MsoNormal\"><span style=\"font-size: 8.5pt;font-family: 'Helvetica','sans-serif';color: white\">l<\/span><span style=\"font-size: 1.0pt;font-family: 'Times New Roman','serif'\"><\/span><\/p>\n<p style=\"margin-bottom: .0001pt;line-height: 18.0pt\" class=\"MsoNormal\"><span style=\"font-size: 17.5pt;font-family: 'calibre-regular','serif';color: black;letter-spacing: -.25pt\">Profesor Shinasi Rama ka b\u00ebr\u00eb nj\u00eb parashikim t\u00eb friksh\u00ebm. Sipas tij , duke nisur nga janari i vitit 2021 shteti shqiptar do t\u00eb jet\u00eb i falimentuar dhe defi\u00e7iti buxhetor pritet t\u00eb kaloj\u00eb shifr\u00ebn 2.2 miliard\u00eb euro.<\/p>\n<p>\u201cShteti shqiptar jo \u00ebsht\u00eb n\u00eb prag t\u00eb falimentit, por \u00ebsht\u00eb i falimentuar. Do t\u00eb ket\u00eb nj\u00eb ver\u00eb t\u00eb tmerrshme pa turizmin. Xhiroja 1.4 miliard\u00eb e turizmit, nuk do t\u2019i kaloj\u00eb 300 milion\u00eb, se 30 dit\u00eb \u00ebsht\u00eb sezoni i turizmit. Parat\u00eb q\u00eb u mor\u00ebn u shpenzuan p\u00ebr paga dhe p\u00ebr shpenzime arbitrare krejt\u00ebsisht t\u00eb panevojshme. Borxhi fshehur ka nisur t\u00eb b\u00ebhet nj\u00eb gangren\u00eb, q\u00eb shkon n\u00eb rreth 1.1 miliard\u00eb euro.<\/span><\/p>\n<p style=\"margin-bottom: 22.5pt;line-height: 18.0pt\" class=\"MsoNormal\"><span style=\"font-size: 17.5pt;font-family: 'calibre-regular','serif';color: black;letter-spacing: -.25pt\">Ka nj\u00eb gjendje q\u00eb do t\u00eb p\u00ebrkeq\u00ebsohet nga shtatori e m\u00eb pas. \u00cbsht\u00eb kriza e p\u00ebrbashk\u00ebt q\u00eb do ta ul\u00eb p\u00ebrtok\u00eb shtetin shqiptar. K\u00ebto do t\u00eb jen\u00eb kriza politike, sh\u00ebndet\u00ebsore dhe ajo e emigrant\u00ebve.<\/span><\/p>\n<p style=\"margin-bottom: 22.5pt;line-height: 18.0pt\" class=\"MsoNormal\"><span style=\"font-size: 17.5pt;font-family: 'calibre-regular','serif';color: black;letter-spacing: -.25pt\">Duke nisur nga janari i vitit 2021 shteti shqiptar do t\u00eb jet\u00eb i falimentuar, pasi duke u nisur nga ky vit, nuk do t\u00eb jet\u00eb n\u00eb mund\u00ebsi p\u00ebr t\u00eb mbledhur asgj\u00eb. Duke kanalizuar k\u00ebto aspekte, qeveria po mundohet q\u00eb ta harroj\u00eb k\u00ebt\u00eb gj\u00eb p\u00ebr pak muaj, sepse pritet q\u00eb deficiti buxhetor ta kaloj\u00eb shifr\u00ebn 2.2 miliard\u00eb euro n\u00eb shtetin shqiptar. Ky do t\u00eb jet\u00eb litari n\u00eb fytin e \u00e7do shqiptari q\u00eb do ta ul\u00eb n\u00eb gjunj\u00eb ekonomin\u00eb p\u00ebr shum\u00eb koh\u00eb\u201d, u shpreh ai p\u00ebr Ora News.<\/span><\/p>\n<p style=\"margin-bottom: 22.5pt;line-height: 18.0pt\" class=\"MsoNormal\"><span style=\"font-size: 17.5pt;font-family: 'calibre-regular','serif';color: black;letter-spacing: -.25pt\">Gazeta Sot<\/span><\/p>\n","protected":false},"excerpt":{"rendered":"<p>Duke nisur nga janari i vitit 2021 Shteti Shqiptar do t\u00eb jet\u00eb i falimentuar ne ekonomi. Nga: \u00a0Prof. Shinasi Rama. 7 KORRIK 2020 Parashikimi i friksh\u00ebm i Ram\u00ebs: Ja \u00e7far\u00eb pritet t\u00eb ndodh\u00eb me Shqip\u00ebrin\u00eb nga janari i vitit 2021 l Profesor Shinasi Rama ka b\u00ebr\u00eb nj\u00eb parashikim t\u00eb friksh\u00ebm. Sipas tij , duke nisur [&hellip;]<\/p>\n","protected":false},"author":9,"featured_media":36103,"comment_status":"open","ping_status":"open","sticky":false,"template":"","format":"standard","meta":{"jetpack_post_was_ever_published":false,"_jetpack_newsletter_access":"","_jetpack_dont_email_post_to_subs":false,"_jetpack_newsletter_tier_id":0,"_jetpack_memberships_contains_paywalled_content":false,"_jetpack_memberships_contains_paid_content":false,"footnotes":"","jetpack_publicize_message":"","jetpack_publicize_feature_enabled":true,"jetpack_social_post_already_shared":true,"jetpack_social_options":{"image_generator_settings":{"template":"highway","default_image_id":0,"font":"","enabled":false},"version":2}},"categories":[27,1,2],"tags":[],"class_list":["post-36102","post","type-post","status-publish","format-standard","has-post-thumbnail","hentry","category-blogu-i-udhetarit","category-njoftime-shtypi","category-politika"],"jetpack_publicize_connections":[],"jetpack_featured_media_url":"https:\/\/i0.wp.com\/www.shqiperia.com\/blog\/wp-content\/uploads\/2020\/07\/800-0-5f04cd74dc599.jpg?fit=800%2C416&ssl=1","jetpack_sharing_enabled":true,"jetpack_shortlink":"https:\/\/wp.me\/p5Z6wp-9oi","jetpack-related-posts":[{"id":36326,"url":"https:\/\/www.shqiperia.com\/blog\/rama-nga-janari-i-2021-shteti-shqiptar-do-te-jete-i-falimentuar-borxhi-do-shkoje-ne-2-2-mld-euro\/","url_meta":{"origin":36102,"position":0},"title":"Rama: Nga janari i 2021 shteti shqiptar do t\u00eb jet\u00eb i falimentuar, borxhi do shkoj\u00eb n\u00eb 2.2 mld euro","author":"Kurt Farka","date":"July 15, 2020","format":false,"excerpt":"Rama: Nga janari i 2021 shteti shqiptar do t\u00eb jet\u00eb i falimentuar, borxhi do shkoj\u00eb n\u00eb 2.2 mld euro Nga Shenasi Rama Ketu, ne kete intervisten time i rashe si shume shkurt por mos u shqetesoni se gjithcka do te bahet mire mbasi te kryhen edhe keto detyrimet e tjra\u2026","rel":"","context":"In &quot;Blogu i Udh\u00ebtarit&quot;","block_context":{"text":"Blogu i Udh\u00ebtarit","link":"https:\/\/www.shqiperia.com\/blog\/category\/blogu-i-udhetarit\/"},"img":{"alt_text":"","src":"https:\/\/i0.wp.com\/www.shqiperia.com\/blog\/wp-content\/uploads\/2020\/07\/Edi-Rama-1.jpg?fit=480%2C262&ssl=1&resize=350%2C200","width":350,"height":200},"classes":[]},{"id":105556,"url":"https:\/\/www.shqiperia.com\/blog\/banesat-monument-kulture-ne-gjirokaster-prej-vitesh-pa-nderhyrje-rreth-90-ne-rrezik\/","url_meta":{"origin":36102,"position":1},"title":"Banesat monument kulture n\u00eb Gjirokast\u00ebr prej vitesh pa nd\u00ebrhyrje, rreth 90 n\u00eb rrezik","author":"Kurt Farka","date":"August 31, 2026","format":false,"excerpt":"31 Gusht 2026 Nga Julia Vrapi Banesat monument kulture n\u00eb Gjirokast\u00ebr prej vitesh p\u00ebrballen me probleme t\u00eb shumta q\u00eb rrezikojn\u00eb ruajtjen e vlerave t\u00eb tyre historike dhe arkitekturore. Dhjet\u00ebra prej tyre kan\u00eb nevoj\u00eb p\u00ebr nd\u00ebrhyrje, nd\u00ebrsa pronar\u00ebt shpesh p\u00ebrballen me v\u00ebshtir\u00ebsi p\u00ebr t\u2019i mir\u00ebmbajtur. Nga 390 banesa monument kulture n\u00eb\u2026","rel":"","context":"In &quot;Blogu i Udh\u00ebtarit&quot;","block_context":{"text":"Blogu i Udh\u00ebtarit","link":"https:\/\/www.shqiperia.com\/blog\/category\/blogu-i-udhetarit\/"},"img":{"alt_text":"","src":"https:\/\/i0.wp.com\/www.shqiperia.com\/blog\/wp-content\/uploads\/2026\/08\/800-0-capture-6a92723022d22.png?fit=800%2C446&ssl=1&resize=350%2C200","width":350,"height":200,"srcset":"https:\/\/i0.wp.com\/www.shqiperia.com\/blog\/wp-content\/uploads\/2026\/08\/800-0-capture-6a92723022d22.png?fit=800%2C446&ssl=1&resize=350%2C200 1x, https:\/\/i0.wp.com\/www.shqiperia.com\/blog\/wp-content\/uploads\/2026\/08\/800-0-capture-6a92723022d22.png?fit=800%2C446&ssl=1&resize=525%2C300 1.5x, https:\/\/i0.wp.com\/www.shqiperia.com\/blog\/wp-content\/uploads\/2026\/08\/800-0-capture-6a92723022d22.png?fit=800%2C446&ssl=1&resize=700%2C400 2x"},"classes":[]},{"id":100677,"url":"https:\/\/www.shqiperia.com\/blog\/gjykata-e-larte-rrezon-banden-balluku-te-aeroportit-te-vlores-pas-kercenimit-te-biznesmenit-pacolli-per-arbitrazh\/","url_meta":{"origin":36102,"position":2},"title":"Gjykata e Lart\u00eb rr\u00ebzon band\u00ebn \u201cBalluku\u201d t\u00eb Aeroportit t\u00eb Vlor\u00ebs pas k\u00ebrc\u00ebnimit t\u00eb biznesmenit Pacolli p\u00ebr Arbitrazh\u2026","author":"Kurt Farka","date":"May 27, 2026","format":false,"excerpt":"27 Maji 2026 Gjykata e Lart\u00eb i dha fund ng\u00ebr\u00e7it t\u00eb punimeve p\u00ebr aeroportin e Vlor\u00ebs, duke zhbllokuar t\u00eb drejtat e MABCO Constructions S.A. n\u00eb administrimin e shoq\u00ebris\u00eb koncesionare \u201cVlora International Airport\u201d (VIA). Me vendimin e djesh\u00ebm, Gjykata e Lart\u00eb vendosi q\u00eb t\u00eb heq\u00eb \u00e7do penges\u00eb t\u00eb krijuar p\u00ebr administrimin\u2026","rel":"","context":"In &quot;Blogu i Udh\u00ebtarit&quot;","block_context":{"text":"Blogu i Udh\u00ebtarit","link":"https:\/\/www.shqiperia.com\/blog\/category\/blogu-i-udhetarit\/"},"img":{"alt_text":"","src":"https:\/\/i0.wp.com\/www.shqiperia.com\/blog\/wp-content\/uploads\/2026\/05\/Rama-Pacolli.jpg?fit=900%2C506&ssl=1&resize=350%2C200","width":350,"height":200,"srcset":"https:\/\/i0.wp.com\/www.shqiperia.com\/blog\/wp-content\/uploads\/2026\/05\/Rama-Pacolli.jpg?fit=900%2C506&ssl=1&resize=350%2C200 1x, https:\/\/i0.wp.com\/www.shqiperia.com\/blog\/wp-content\/uploads\/2026\/05\/Rama-Pacolli.jpg?fit=900%2C506&ssl=1&resize=525%2C300 1.5x, https:\/\/i0.wp.com\/www.shqiperia.com\/blog\/wp-content\/uploads\/2026\/05\/Rama-Pacolli.jpg?fit=900%2C506&ssl=1&resize=700%2C400 2x"},"classes":[]},{"id":105625,"url":"https:\/\/www.shqiperia.com\/blog\/resorti-tek-gjiri-i-manastirit-shkaterroi-potencialin-arkeologjik-te-parkut-te-butrintit\/","url_meta":{"origin":36102,"position":3},"title":"Resorti tek Gjiri i Manastirit shkat\u00ebrroi potencialin arkeologjik t\u00eb Parkut t\u00eb Butrintit","author":"Kurt Farka","date":"September 1, 2026","format":false,"excerpt":"1 Shtator 2026 Nd\u00ebrtimi i nj\u00eb resorti e transformoi p\u00ebrgjithmon\u00eb Gjirin e Manastirit, q\u00eb ndan Detin Jon me Liqenin e Butrintit dhe nga ana tjet\u00ebr shkat\u00ebrroi potencialin arkeologjik t\u00eb zon\u00ebs, p\u00ebrfshir\u00eb nj\u00eb zbulim t\u00eb vitit 2010. Kompania nuk respektoi monitorimin arkeologjik dhe u gjet n\u00eb shkelje nga nj\u00eb vler\u00ebsim i\u2026","rel":"","context":"In &quot;Histori&quot;","block_context":{"text":"Histori","link":"https:\/\/www.shqiperia.com\/blog\/category\/histori\/"},"img":{"alt_text":"","src":"https:\/\/i0.wp.com\/www.shqiperia.com\/blog\/wp-content\/uploads\/2026\/09\/Gjurma-e-zbulimit-arkeologjik-te%CC%88-vitit-2010.-Foto-nga-raporti-i-ish-Agjencise%CC%88-se%CC%88-She%CC%88rbimit-Arkeologjik-1.png?fit=1200%2C800&ssl=1&resize=350%2C200","width":350,"height":200,"srcset":"https:\/\/i0.wp.com\/www.shqiperia.com\/blog\/wp-content\/uploads\/2026\/09\/Gjurma-e-zbulimit-arkeologjik-te%CC%88-vitit-2010.-Foto-nga-raporti-i-ish-Agjencise%CC%88-se%CC%88-She%CC%88rbimit-Arkeologjik-1.png?fit=1200%2C800&ssl=1&resize=350%2C200 1x, https:\/\/i0.wp.com\/www.shqiperia.com\/blog\/wp-content\/uploads\/2026\/09\/Gjurma-e-zbulimit-arkeologjik-te%CC%88-vitit-2010.-Foto-nga-raporti-i-ish-Agjencise%CC%88-se%CC%88-She%CC%88rbimit-Arkeologjik-1.png?fit=1200%2C800&ssl=1&resize=525%2C300 1.5x, https:\/\/i0.wp.com\/www.shqiperia.com\/blog\/wp-content\/uploads\/2026\/09\/Gjurma-e-zbulimit-arkeologjik-te%CC%88-vitit-2010.-Foto-nga-raporti-i-ish-Agjencise%CC%88-se%CC%88-She%CC%88rbimit-Arkeologjik-1.png?fit=1200%2C800&ssl=1&resize=700%2C400 2x, https:\/\/i0.wp.com\/www.shqiperia.com\/blog\/wp-content\/uploads\/2026\/09\/Gjurma-e-zbulimit-arkeologjik-te%CC%88-vitit-2010.-Foto-nga-raporti-i-ish-Agjencise%CC%88-se%CC%88-She%CC%88rbimit-Arkeologjik-1.png?fit=1200%2C800&ssl=1&resize=1050%2C600 3x"},"classes":[]},{"id":100613,"url":"https:\/\/www.shqiperia.com\/blog\/milva-ekonomi-i-firmosi-miliona-euro-vilma-nushit-kjo-e-fundit-i-investoi-te-kulla-e-ervin-mates\/","url_meta":{"origin":36102,"position":4},"title":"Milva Ekonomi i firmosi miliona euro Vilma Nushit, kjo e fundit i investoi te kulla e Ervin Mat\u00ebs","author":"Kurt Farka","date":"May 24, 2026","format":false,"excerpt":"24 Maji 2026 Pak dit\u00eb m\u00eb par\u00eb emisioni \u201cPlug\u201d n\u00eb Syri TV, b\u00ebri nj\u00eb p\u00ebrmbledhje me fakte dhe dokumente konkrete, t\u00eb abuzimeve q\u00eb jan\u00eb b\u00ebr\u00eb nga shteti shqiptar me koncesionet e sh\u00ebndet\u00ebsis\u00eb, nj\u00eb prej tyre dhe koncesioni i check-up, nj\u00eb skem\u00eb e madhe abuzimi me taksat e qytetar\u00ebve shqiptar\u00eb. P\u00ebr\u2026","rel":"","context":"In &quot;Blogu i Udh\u00ebtarit&quot;","block_context":{"text":"Blogu i Udh\u00ebtarit","link":"https:\/\/www.shqiperia.com\/blog\/category\/blogu-i-udhetarit\/"},"img":{"alt_text":"","src":"https:\/\/i0.wp.com\/www.shqiperia.com\/blog\/wp-content\/uploads\/2026\/05\/maxresdefault-1-1.jpg?fit=1200%2C675&ssl=1&resize=350%2C200","width":350,"height":200,"srcset":"https:\/\/i0.wp.com\/www.shqiperia.com\/blog\/wp-content\/uploads\/2026\/05\/maxresdefault-1-1.jpg?fit=1200%2C675&ssl=1&resize=350%2C200 1x, https:\/\/i0.wp.com\/www.shqiperia.com\/blog\/wp-content\/uploads\/2026\/05\/maxresdefault-1-1.jpg?fit=1200%2C675&ssl=1&resize=525%2C300 1.5x, https:\/\/i0.wp.com\/www.shqiperia.com\/blog\/wp-content\/uploads\/2026\/05\/maxresdefault-1-1.jpg?fit=1200%2C675&ssl=1&resize=700%2C400 2x, https:\/\/i0.wp.com\/www.shqiperia.com\/blog\/wp-content\/uploads\/2026\/05\/maxresdefault-1-1.jpg?fit=1200%2C675&ssl=1&resize=1050%2C600 3x"},"classes":[]},{"id":102024,"url":"https:\/\/www.shqiperia.com\/blog\/ja-si-nato-i-dogji-letrat-kryeministrit-mecollari-zbardh-deshtimin-spektakolar-te-projektit-te-porto-romanos\/","url_meta":{"origin":36102,"position":5},"title":"Ja si NATO i dogji letrat kryeministrit, Me\u00e7ollari zbardh d\u00ebshtimin spektakolar t\u00eb projektit t\u00eb Porto Romanos\u2026","author":"Kurt Farka","date":"June 30, 2026","format":false,"excerpt":"30 Qershor 2026 Ish-komandanti i Forcave Detare, Artur Me\u00e7ollari ka reaguar n\u00eb rrjetet sociale, nd\u00ebrsa ka denoncuar at\u00eb q\u00eb e cil\u00ebson si nj\u00eb skandal t\u00eb thell\u00eb t\u00eb lidhur me baz\u00ebn detare t\u00eb Pashalimanit dhe tentativ\u00ebn p\u00ebr t\u00eb mbuluar shkeljet p\u00ebrmes projektit t\u00eb Porto Romanos. Sipas tij, baza detare e Pashalimanit\u2026","rel":"","context":"In &quot;Blogu i Udh\u00ebtarit&quot;","block_context":{"text":"Blogu i Udh\u00ebtarit","link":"https:\/\/www.shqiperia.com\/blog\/category\/blogu-i-udhetarit\/"},"img":{"alt_text":"","src":"https:\/\/i0.wp.com\/www.shqiperia.com\/blog\/wp-content\/uploads\/2026\/06\/foto-5-10-1140x570-1.jpg?fit=1140%2C570&ssl=1&resize=350%2C200","width":350,"height":200,"srcset":"https:\/\/i0.wp.com\/www.shqiperia.com\/blog\/wp-content\/uploads\/2026\/06\/foto-5-10-1140x570-1.jpg?fit=1140%2C570&ssl=1&resize=350%2C200 1x, https:\/\/i0.wp.com\/www.shqiperia.com\/blog\/wp-content\/uploads\/2026\/06\/foto-5-10-1140x570-1.jpg?fit=1140%2C570&ssl=1&resize=525%2C300 1.5x, https:\/\/i0.wp.com\/www.shqiperia.com\/blog\/wp-content\/uploads\/2026\/06\/foto-5-10-1140x570-1.jpg?fit=1140%2C570&ssl=1&resize=700%2C400 2x, https:\/\/i0.wp.com\/www.shqiperia.com\/blog\/wp-content\/uploads\/2026\/06\/foto-5-10-1140x570-1.jpg?fit=1140%2C570&ssl=1&resize=1050%2C600 3x"},"classes":[]}],"_links":{"self":[{"href":"https:\/\/www.shqiperia.com\/blog\/wp-json\/wp\/v2\/posts\/36102","targetHints":{"allow":["GET"]}}],"collection":[{"href":"https:\/\/www.shqiperia.com\/blog\/wp-json\/wp\/v2\/posts"}],"about":[{"href":"https:\/\/www.shqiperia.com\/blog\/wp-json\/wp\/v2\/types\/post"}],"author":[{"embeddable":true,"href":"https:\/\/www.shqiperia.com\/blog\/wp-json\/wp\/v2\/users\/9"}],"replies":[{"embeddable":true,"href":"https:\/\/www.shqiperia.com\/blog\/wp-json\/wp\/v2\/comments?post=36102"}],"version-history":[{"count":1,"href":"https:\/\/www.shqiperia.com\/blog\/wp-json\/wp\/v2\/posts\/36102\/revisions"}],"predecessor-version":[{"id":36104,"href":"https:\/\/www.shqiperia.com\/blog\/wp-json\/wp\/v2\/posts\/36102\/revisions\/36104"}],"wp:featuredmedia":[{"embeddable":true,"href":"https:\/\/www.shqiperia.com\/blog\/wp-json\/wp\/v2\/media\/36103"}],"wp:attachment":[{"href":"https:\/\/www.shqiperia.com\/blog\/wp-json\/wp\/v2\/media?parent=36102"}],"wp:term":[{"taxonomy":"category","embeddable":true,"href":"https:\/\/www.shqiperia.com\/blog\/wp-json\/wp\/v2\/categories?post=36102"},{"taxonomy":"post_tag","embeddable":true,"href":"https:\/\/www.shqiperia.com\/blog\/wp-json\/wp\/v2\/tags?post=36102"}],"curies":[{"name":"wp","href":"https:\/\/api.w.org\/{rel}","templated":true}]}}