{"id":36087,"date":"2020-07-07T21:19:46","date_gmt":"2020-07-07T21:19:46","guid":{"rendered":"https:\/\/www.shqiperia.com\/blog\/?p=36087"},"modified":"2020-07-07T21:19:46","modified_gmt":"2020-07-07T21:19:46","slug":"cfare-fshihet-pas-koronavirusit-ne-shqiperi-doktori-sulmon-ashper-qeverine-pacienteve-u-merren-telefonat-ne-spital","status":"publish","type":"post","link":"https:\/\/www.shqiperia.com\/blog\/cfare-fshihet-pas-koronavirusit-ne-shqiperi-doktori-sulmon-ashper-qeverine-pacienteve-u-merren-telefonat-ne-spital\/","title":{"rendered":"\u00c7far\u00eb fshihet pas koronavirusit n\u00eb Shqip\u00ebri? Doktori sulmon ashp\u00ebr qeverin\u00eb: &#8211; Pacient\u00ebve u merren telefonat n\u00eb spital&#8230;"},"content":{"rendered":"<p><img data-recalc-dims=\"1\" loading=\"lazy\" decoding=\"async\" data-attachment-id=\"36088\" data-permalink=\"https:\/\/www.shqiperia.com\/blog\/cfare-fshihet-pas-koronavirusit-ne-shqiperi-doktori-sulmon-ashper-qeverine-pacienteve-u-merren-telefonat-ne-spital\/mjeku-artan-koni\/\" data-orig-file=\"https:\/\/i0.wp.com\/www.shqiperia.com\/blog\/wp-content\/uploads\/2020\/07\/Mjeku-Artan-Koni.png?fit=800%2C473&amp;ssl=1\" data-orig-size=\"800,473\" data-comments-opened=\"1\" data-image-meta=\"{&quot;aperture&quot;:&quot;0&quot;,&quot;credit&quot;:&quot;&quot;,&quot;camera&quot;:&quot;&quot;,&quot;caption&quot;:&quot;&quot;,&quot;created_timestamp&quot;:&quot;0&quot;,&quot;copyright&quot;:&quot;&quot;,&quot;focal_length&quot;:&quot;0&quot;,&quot;iso&quot;:&quot;0&quot;,&quot;shutter_speed&quot;:&quot;0&quot;,&quot;title&quot;:&quot;&quot;,&quot;orientation&quot;:&quot;0&quot;}\" data-image-title=\"Mjeku Artan Koni\" data-image-description=\"\" data-image-caption=\"\" data-medium-file=\"https:\/\/i0.wp.com\/www.shqiperia.com\/blog\/wp-content\/uploads\/2020\/07\/Mjeku-Artan-Koni.png?fit=300%2C177&amp;ssl=1\" data-large-file=\"https:\/\/i0.wp.com\/www.shqiperia.com\/blog\/wp-content\/uploads\/2020\/07\/Mjeku-Artan-Koni.png?fit=800%2C473&amp;ssl=1\" class=\"alignnone  wp-image-36088\" alt=\"\" src=\"https:\/\/i0.wp.com\/www.shqiperia.com\/blog\/wp-content\/uploads\/2020\/07\/Mjeku-Artan-Koni.png?resize=603%2C356&#038;ssl=1\" width=\"603\" height=\"356\" srcset=\"https:\/\/i0.wp.com\/www.shqiperia.com\/blog\/wp-content\/uploads\/2020\/07\/Mjeku-Artan-Koni.png?resize=300%2C177&amp;ssl=1 300w, https:\/\/i0.wp.com\/www.shqiperia.com\/blog\/wp-content\/uploads\/2020\/07\/Mjeku-Artan-Koni.png?resize=768%2C454&amp;ssl=1 768w, https:\/\/i0.wp.com\/www.shqiperia.com\/blog\/wp-content\/uploads\/2020\/07\/Mjeku-Artan-Koni.png?resize=450%2C266&amp;ssl=1 450w, https:\/\/i0.wp.com\/www.shqiperia.com\/blog\/wp-content\/uploads\/2020\/07\/Mjeku-Artan-Koni.png?resize=600%2C355&amp;ssl=1 600w, https:\/\/i0.wp.com\/www.shqiperia.com\/blog\/wp-content\/uploads\/2020\/07\/Mjeku-Artan-Koni.png?resize=400%2C237&amp;ssl=1 400w, https:\/\/i0.wp.com\/www.shqiperia.com\/blog\/wp-content\/uploads\/2020\/07\/Mjeku-Artan-Koni.png?w=800&amp;ssl=1 800w\" sizes=\"auto, (max-width: 603px) 100vw, 603px\" \/><\/p>\n<p style=\"margin: 11.25pt 0in 7.5pt 0in\" class=\"MsoNormal\"><span style=\"font-size: 45.0pt;font-family: 'Arial','sans-serif';color: black;letter-spacing: -.25pt\">\u00c7far\u00eb fshihet pas koronavirusit n\u00eb Shqip\u00ebri? Doktori sulmon ashp\u00ebr qeverin\u00eb: &#8211; Pacient\u00ebve u merren telefonat n\u00eb spital&#8230;<\/span><\/p>\n<p style=\"margin-bottom: .0001pt;line-height: 12.0pt\" class=\"MsoNormal\"><span style=\"font-size: 10.5pt;font-family: 'calibre-bold','serif';color: black;text-transform: uppercase\">7 KORRIK 2020<\/span><\/p>\n<p style=\"margin-bottom: 22.5pt;line-height: 18.0pt\" class=\"MsoNormal\"><span style=\"font-size: 17.5pt;font-family: 'calibre-regular','serif';color: black;letter-spacing: -.25pt\">Mjeku Artan Koni deklaroi se asnj\u00eb media nuk \u00ebsht\u00eb lejuar q\u00eb t\u00eb futet n\u00eb spitale.<\/span><\/p>\n<p style=\"margin-bottom: 22.5pt;line-height: 18.0pt\" class=\"MsoNormal\"><span style=\"font-size: 17.5pt;font-family: 'calibre-regular','serif';color: black;letter-spacing: -.25pt\">M\u00eb tej ai ka th\u00ebn\u00eb se personave t\u00eb infektuar u merren telefonat q\u00eb t\u00eb mos b\u00ebjn\u00eb foto apo video dhe t\u00eb mos ken\u00eb asnj\u00eb komunikim me qytetar\u00ebt gjat\u00eb q\u00ebndrimit n\u00eb spitale.<\/span><\/p>\n<p style=\"margin-bottom: 22.5pt;line-height: 18.0pt\" class=\"MsoNormal\"><span style=\"font-size: 17.5pt;font-family: 'calibre-regular','serif';color: black;letter-spacing: -.25pt\">\u201cJu si media dhe asnj\u00eb media nuk ka arritur q\u00eb t\u00eb futet brenda spitalit. \u00c7far\u00eb ndodh aty \u00ebsht\u00eb burg i siguris\u00eb s\u00eb lart\u00eb, b\u00ebhen eksperimente? Pacient\u00ebt q\u00eb shtrohen u merret telefoni q\u00eb t\u00eb mos b\u00ebhen video dhe foto e t\u00eb mos komunikojn\u00eb m\u00eb familjar\u00ebt.<\/span><\/p>\n<p style=\"margin-bottom: 22.5pt;line-height: 18.0pt\" class=\"MsoNormal\"><span style=\"font-size: 17.5pt;font-family: 'calibre-regular','serif';color: black;letter-spacing: -.25pt\">Ishin disa spitale private q\u00eb donin t\u00eb b\u00ebnin testet, por nuk lejoheshin. Marr 127-t\u00ebn dhe m\u00eb thon\u00eb q\u00eb nuk mund ta b\u00ebsh testin se nuk je aq r\u00ebnd\u00eb, por po qesh r\u00ebnd\u00eb nuk po vi fare, se me shum\u00eb mund\u00ebsi po ia shp\u00ebrndajm\u00eb gjith\u00eb lagjes\u201d,\u00a0u shpreh mjeku.<\/span><\/p>\n<p style=\"margin-bottom: 22.5pt;line-height: 18.0pt\" class=\"MsoNormal\"><span style=\"font-size: 17.5pt;font-family: 'calibre-regular','serif';color: black;letter-spacing: -.25pt\">Gazeta Sot<\/span><\/p>\n","protected":false},"excerpt":{"rendered":"<p>\u00c7far\u00eb fshihet pas koronavirusit n\u00eb Shqip\u00ebri? Doktori sulmon ashp\u00ebr qeverin\u00eb: &#8211; Pacient\u00ebve u merren telefonat n\u00eb spital&#8230; 7 KORRIK 2020 Mjeku Artan Koni deklaroi se asnj\u00eb media nuk \u00ebsht\u00eb lejuar q\u00eb t\u00eb futet n\u00eb spitale. M\u00eb tej ai ka th\u00ebn\u00eb se personave t\u00eb infektuar u merren telefonat q\u00eb t\u00eb mos b\u00ebjn\u00eb foto apo video dhe [&hellip;]<\/p>\n","protected":false},"author":9,"featured_media":36088,"comment_status":"open","ping_status":"open","sticky":false,"template":"","format":"standard","meta":{"jetpack_post_was_ever_published":false,"_jetpack_newsletter_access":"","_jetpack_dont_email_post_to_subs":false,"_jetpack_newsletter_tier_id":0,"_jetpack_memberships_contains_paywalled_content":false,"_jetpack_memberships_contains_paid_content":false,"footnotes":"","jetpack_publicize_message":"","jetpack_publicize_feature_enabled":true,"jetpack_social_post_already_shared":true,"jetpack_social_options":{"image_generator_settings":{"template":"highway","default_image_id":0,"font":"","enabled":false},"version":2}},"categories":[27,2],"tags":[],"class_list":["post-36087","post","type-post","status-publish","format-standard","has-post-thumbnail","hentry","category-blogu-i-udhetarit","category-politika"],"jetpack_publicize_connections":[],"jetpack_featured_media_url":"https:\/\/i0.wp.com\/www.shqiperia.com\/blog\/wp-content\/uploads\/2020\/07\/Mjeku-Artan-Koni.png?fit=800%2C473&ssl=1","jetpack_sharing_enabled":true,"jetpack_shortlink":"https:\/\/wp.me\/p5Z6wp-9o3","jetpack-related-posts":[{"id":44545,"url":"https:\/\/www.shqiperia.com\/blog\/studimi-nje-ne-tre-paciente-kane-simptoma-te-covid-edhe-pas-9-muajsh\/","url_meta":{"origin":36087,"position":0},"title":"Studimi: &#8211; Nj\u00eb n\u00eb tre pacient\u00eb kan\u00eb simptoma t\u00eb Covid edhe pas 9 muajsh","author":"Kurt Farka","date":"February 22, 2021","format":false,"excerpt":"Studimi: - Nj\u00eb n\u00eb tre pacient\u00eb kan\u00eb simptoma t\u00eb Covid edhe pas 9 muajsh - 22.02.21 Simptomat e Covid-19, si lodhja, humbja e nuhatjes, shijes, dhimbjet e muskujve mund t\u00eb vazhdojn\u00eb p\u00ebr m\u00eb shum\u00eb se nj\u00eb muaj pas shenjave t\u00eb para. Sipas studimeve t\u00eb realizuara s\u00eb fundmi nj\u00eb n\u00eb tre\u2026","rel":"","context":"In &quot;Blogu i Udh\u00ebtarit&quot;","block_context":{"text":"Blogu i Udh\u00ebtarit","link":"https:\/\/www.shqiperia.com\/blog\/category\/blogu-i-udhetarit\/"},"img":{"alt_text":"","src":"https:\/\/i0.wp.com\/www.shqiperia.com\/blog\/wp-content\/uploads\/2021\/02\/koronavirusi1-1-770x433-1.jpg?fit=770%2C407&ssl=1&resize=350%2C200","width":350,"height":200,"srcset":"https:\/\/i0.wp.com\/www.shqiperia.com\/blog\/wp-content\/uploads\/2021\/02\/koronavirusi1-1-770x433-1.jpg?fit=770%2C407&ssl=1&resize=350%2C200 1x, https:\/\/i0.wp.com\/www.shqiperia.com\/blog\/wp-content\/uploads\/2021\/02\/koronavirusi1-1-770x433-1.jpg?fit=770%2C407&ssl=1&resize=525%2C300 1.5x, https:\/\/i0.wp.com\/www.shqiperia.com\/blog\/wp-content\/uploads\/2021\/02\/koronavirusi1-1-770x433-1.jpg?fit=770%2C407&ssl=1&resize=700%2C400 2x"},"classes":[]},{"id":44941,"url":"https:\/\/www.shqiperia.com\/blog\/do-jete-kandidate-e-ps-ilir-demalia-tregon-se-cfare-fshihet-pas-vendimit-te-rames-per-najada-comon\/","url_meta":{"origin":36087,"position":1},"title":"Do jet\u00eb kandidate e PS! Ilir Demalia tregon se \u00e7far\u00eb fshihet pas vendimit t\u00eb Ram\u00ebs p\u00ebr Najada \u00c7omon","author":"Kurt Farka","date":"March 4, 2021","format":false,"excerpt":"Do jet\u00eb kandidate e PS! Ilir Demalia tregon se \u00e7far\u00eb fshihet pas vendimit t\u00eb Ram\u00ebs p\u00ebr Najada \u00c7omon 4 MARS 2021 Shefja e Spitalit Infektiv do t\u00eb kandidoj\u00eb n\u00eb Tiran\u00eb, nd\u00ebrsa lajmi i u b\u00eb publik pik\u00ebrisht n\u00eb dit\u00ebn kur Tritan Kalo, nj\u00eb nga mjek\u00ebt infeksionist\u00eb t\u00eb njohur t\u00eb Shqip\u00ebris\u00eb\u2026","rel":"","context":"In &quot;Blogu i Udh\u00ebtarit&quot;","block_context":{"text":"Blogu i Udh\u00ebtarit","link":"https:\/\/www.shqiperia.com\/blog\/category\/blogu-i-udhetarit\/"},"img":{"alt_text":"","src":"https:\/\/i0.wp.com\/www.shqiperia.com\/blog\/wp-content\/uploads\/2021\/03\/Najada-Como.jpg?fit=899%2C475&ssl=1&resize=350%2C200","width":350,"height":200,"srcset":"https:\/\/i0.wp.com\/www.shqiperia.com\/blog\/wp-content\/uploads\/2021\/03\/Najada-Como.jpg?fit=899%2C475&ssl=1&resize=350%2C200 1x, https:\/\/i0.wp.com\/www.shqiperia.com\/blog\/wp-content\/uploads\/2021\/03\/Najada-Como.jpg?fit=899%2C475&ssl=1&resize=525%2C300 1.5x, https:\/\/i0.wp.com\/www.shqiperia.com\/blog\/wp-content\/uploads\/2021\/03\/Najada-Como.jpg?fit=899%2C475&ssl=1&resize=700%2C400 2x"},"classes":[]},{"id":43049,"url":"https:\/\/www.shqiperia.com\/blog\/studimi-alarmant-1-3-e-personave-te-sheruar-nga-covid-kthehen-ne-spital-sa-prej-tyre-vdesin\/","url_meta":{"origin":36087,"position":2},"title":"Studimi alarmant\/ 1\/3 e personave t\u00eb sh\u00ebruar nga COVID kthehen n\u00eb spital, sa prej tyre vdesin","author":"Kurt Farka","date":"January 18, 2021","format":false,"excerpt":"Studimi alarmant\/ 1\/3 e personave t\u00eb sh\u00ebruar nga COVID kthehen n\u00eb spital, sa prej tyre vdesin. 18 JANAR 2021 Nga: GAZETA SHQIP Shqet\u00ebsuese jan\u00eb rezultatet e nj\u00eb studimi britanik, mbi imunitetin q\u00eb p\u00ebrflitet t\u00eb personave q\u00eb kan\u00eb kaluar koronavirusin. Studimi nga\u00a0Universiteti i Leicester\u00a0ka dal\u00eb n\u00eb p\u00ebrfundimin se 1\/3 e pacient\u00ebve\u2026","rel":"","context":"In &quot;Blogu i Udh\u00ebtarit&quot;","block_context":{"text":"Blogu i Udh\u00ebtarit","link":"https:\/\/www.shqiperia.com\/blog\/category\/blogu-i-udhetarit\/"},"img":{"alt_text":"","src":"https:\/\/i0.wp.com\/www.shqiperia.com\/blog\/wp-content\/uploads\/2021\/01\/640-0-60058f63c8cc1.jpeg?fit=640%2C361&ssl=1&resize=350%2C200","width":350,"height":200,"srcset":"https:\/\/i0.wp.com\/www.shqiperia.com\/blog\/wp-content\/uploads\/2021\/01\/640-0-60058f63c8cc1.jpeg?fit=640%2C361&ssl=1&resize=350%2C200 1x, https:\/\/i0.wp.com\/www.shqiperia.com\/blog\/wp-content\/uploads\/2021\/01\/640-0-60058f63c8cc1.jpeg?fit=640%2C361&ssl=1&resize=525%2C300 1.5x"},"classes":[]},{"id":33734,"url":"https:\/\/www.shqiperia.com\/blog\/fituesi-i-cmimit-nobel-ben-deklaraten-e-forte-dhe-tregon-cfare-fshihet-dhe-ku-eshte-krijuar-virusi-ka-element-te-hiv-it-ne-gjenomin-e-koronavirusit-edhe\/","url_meta":{"origin":36087,"position":3},"title":"Fituesi i \u00e7mimit Nobel b\u00ebn deklarat\u00ebn e fort\u00eb dhe tregon \u00e7far\u00eb fshihet dhe ku \u00ebsht\u00eb krijuar virusi: Ka element t\u00eb HIV-it n\u00eb gjenomin e koronavirusit edhe&#8230;","author":"Kurt Farka","date":"April 25, 2020","format":false,"excerpt":"Fituesi i \u00e7mimit Nobel b\u00ebn deklarat\u00ebn e fort\u00eb dhe tregon \u00e7far\u00eb fshihet dhe ku \u00ebsht\u00eb krijuar virusi: Ka element t\u00eb HIV-it n\u00eb gjenomin e koronavirusit edhe... 24 APRIL 2020 Bota \u00ebsht\u00eb mb\u00ebrthyer nga pandemia q\u00eb ka sjell koronavirusi, ku shifra e viktimave vazhdon t\u00eb rritet po ashtu edhe personave t\u00eb\u2026","rel":"","context":"In &quot;Blogu i Udh\u00ebtarit&quot;","block_context":{"text":"Blogu i Udh\u00ebtarit","link":"https:\/\/www.shqiperia.com\/blog\/category\/blogu-i-udhetarit\/"},"img":{"alt_text":"","src":"https:\/\/i0.wp.com\/www.shqiperia.com\/blog\/wp-content\/uploads\/2020\/04\/800-0-5ea2b8a0ac2b7.jpg?fit=800%2C439&ssl=1&resize=350%2C200","width":350,"height":200,"srcset":"https:\/\/i0.wp.com\/www.shqiperia.com\/blog\/wp-content\/uploads\/2020\/04\/800-0-5ea2b8a0ac2b7.jpg?fit=800%2C439&ssl=1&resize=350%2C200 1x, https:\/\/i0.wp.com\/www.shqiperia.com\/blog\/wp-content\/uploads\/2020\/04\/800-0-5ea2b8a0ac2b7.jpg?fit=800%2C439&ssl=1&resize=525%2C300 1.5x, https:\/\/i0.wp.com\/www.shqiperia.com\/blog\/wp-content\/uploads\/2020\/04\/800-0-5ea2b8a0ac2b7.jpg?fit=800%2C439&ssl=1&resize=700%2C400 2x"},"classes":[]},{"id":40456,"url":"https:\/\/www.shqiperia.com\/blog\/kjo-eshte-simptome-alarmi-pellumb-pipero-jep-lajmin-qe-duhet-ta-lexojme-te-gjithe\/","url_meta":{"origin":36087,"position":4},"title":"\u201cKjo \u00ebsht\u00eb simptom\u00eb alarmi\u201d, P\u00ebllumb Pipero jep lajmin q\u00eb duhet ta lexojm\u00eb t\u00eb gjith\u00eb","author":"Kurt Farka","date":"November 2, 2020","format":false,"excerpt":"\u201cKjo \u00ebsht\u00eb simptom\u00eb alarmi\u201d, P\u00ebllumb Pipero jep lajmin q\u00eb duhet ta lexojm\u00eb t\u00eb gjith\u00eb 2 Nentor 2020 Doktori i njohur P\u00ebllumb Pipero shprehu shqet\u00ebsimin se \u00ebsht\u00eb rritur numri i atyre q\u00eb q\u00ebndrojn\u00eb p\u00ebr nj\u00eb koh\u00eb t\u00eb gjat\u00eb n\u00eb sht\u00ebpi pa u mjekuar n\u00eb spital dhe shtimin e numrit t\u00eb pacient\u00ebve\u2026","rel":"","context":"In &quot;Blogu i Udh\u00ebtarit&quot;","block_context":{"text":"Blogu i Udh\u00ebtarit","link":"https:\/\/www.shqiperia.com\/blog\/category\/blogu-i-udhetarit\/"},"img":{"alt_text":"","src":"https:\/\/i0.wp.com\/www.shqiperia.com\/blog\/wp-content\/uploads\/2020\/11\/800-0-5fa0562825386.jpg?fit=800%2C447&ssl=1&resize=350%2C200","width":350,"height":200,"srcset":"https:\/\/i0.wp.com\/www.shqiperia.com\/blog\/wp-content\/uploads\/2020\/11\/800-0-5fa0562825386.jpg?fit=800%2C447&ssl=1&resize=350%2C200 1x, https:\/\/i0.wp.com\/www.shqiperia.com\/blog\/wp-content\/uploads\/2020\/11\/800-0-5fa0562825386.jpg?fit=800%2C447&ssl=1&resize=525%2C300 1.5x, https:\/\/i0.wp.com\/www.shqiperia.com\/blog\/wp-content\/uploads\/2020\/11\/800-0-5fa0562825386.jpg?fit=800%2C447&ssl=1&resize=700%2C400 2x"},"classes":[]},{"id":47966,"url":"https:\/\/www.shqiperia.com\/blog\/studimi-ne-shba-rreth-25-e-pacienteve-me-covid-kane-simptoma-afatgjata\/","url_meta":{"origin":36087,"position":5},"title":"Studimi n\u00eb SHBA: &#8211; Rreth 25% e pacient\u00ebve me COVID kan\u00eb simptoma afatgjata","author":"Kurt Farka","date":"June 17, 2021","format":false,"excerpt":"Studimi n\u00eb SHBA: - Rreth 25% e pacient\u00ebve me COVID kan\u00eb simptoma afatgjata 16\/06\/2021 \u00a0\u00a0\u00a0 Nj\u00eb studim i ri n\u00eb Shtetet e Bashkuara zbulon se rreth 25 p\u00ebr qind e pacient\u00ebve me COVID-19 kan\u00eb p\u00ebrjetuan probleme t\u00eb reja sh\u00ebndet\u00ebsore pas nj\u00eb periudhe t\u00eb konsiderueshme kohore nga diagnostikimi fillestar. Grupi jofitimprur\u00ebs\u2026","rel":"","context":"In &quot;Blogu i Udh\u00ebtarit&quot;","block_context":{"text":"Blogu i Udh\u00ebtarit","link":"https:\/\/www.shqiperia.com\/blog\/category\/blogu-i-udhetarit\/"},"img":{"alt_text":"","src":"https:\/\/i0.wp.com\/www.shqiperia.com\/blog\/wp-content\/uploads\/2021\/06\/Covid-3-750x375-1.jpg?fit=750%2C375&ssl=1&resize=350%2C200","width":350,"height":200,"srcset":"https:\/\/i0.wp.com\/www.shqiperia.com\/blog\/wp-content\/uploads\/2021\/06\/Covid-3-750x375-1.jpg?fit=750%2C375&ssl=1&resize=350%2C200 1x, https:\/\/i0.wp.com\/www.shqiperia.com\/blog\/wp-content\/uploads\/2021\/06\/Covid-3-750x375-1.jpg?fit=750%2C375&ssl=1&resize=525%2C300 1.5x, https:\/\/i0.wp.com\/www.shqiperia.com\/blog\/wp-content\/uploads\/2021\/06\/Covid-3-750x375-1.jpg?fit=750%2C375&ssl=1&resize=700%2C400 2x"},"classes":[]}],"_links":{"self":[{"href":"https:\/\/www.shqiperia.com\/blog\/wp-json\/wp\/v2\/posts\/36087","targetHints":{"allow":["GET"]}}],"collection":[{"href":"https:\/\/www.shqiperia.com\/blog\/wp-json\/wp\/v2\/posts"}],"about":[{"href":"https:\/\/www.shqiperia.com\/blog\/wp-json\/wp\/v2\/types\/post"}],"author":[{"embeddable":true,"href":"https:\/\/www.shqiperia.com\/blog\/wp-json\/wp\/v2\/users\/9"}],"replies":[{"embeddable":true,"href":"https:\/\/www.shqiperia.com\/blog\/wp-json\/wp\/v2\/comments?post=36087"}],"version-history":[{"count":1,"href":"https:\/\/www.shqiperia.com\/blog\/wp-json\/wp\/v2\/posts\/36087\/revisions"}],"predecessor-version":[{"id":36089,"href":"https:\/\/www.shqiperia.com\/blog\/wp-json\/wp\/v2\/posts\/36087\/revisions\/36089"}],"wp:featuredmedia":[{"embeddable":true,"href":"https:\/\/www.shqiperia.com\/blog\/wp-json\/wp\/v2\/media\/36088"}],"wp:attachment":[{"href":"https:\/\/www.shqiperia.com\/blog\/wp-json\/wp\/v2\/media?parent=36087"}],"wp:term":[{"taxonomy":"category","embeddable":true,"href":"https:\/\/www.shqiperia.com\/blog\/wp-json\/wp\/v2\/categories?post=36087"},{"taxonomy":"post_tag","embeddable":true,"href":"https:\/\/www.shqiperia.com\/blog\/wp-json\/wp\/v2\/tags?post=36087"}],"curies":[{"name":"wp","href":"https:\/\/api.w.org\/{rel}","templated":true}]}}