{"id":36084,"date":"2020-07-07T19:31:25","date_gmt":"2020-07-07T19:31:25","guid":{"rendered":"https:\/\/www.shqiperia.com\/blog\/?p=36084"},"modified":"2020-07-07T19:31:25","modified_gmt":"2020-07-07T19:31:25","slug":"greket-na-vodhen-historine-akademiku-pirroja-i-epirit-akili-dhe-aleksandri-i-madh-jane-paraardhes-te-shqiptareve","status":"publish","type":"post","link":"https:\/\/www.shqiperia.com\/blog\/greket-na-vodhen-historine-akademiku-pirroja-i-epirit-akili-dhe-aleksandri-i-madh-jane-paraardhes-te-shqiptareve\/","title":{"rendered":"\u201cGrek\u00ebt na vodh\u00ebn historin\u00eb\u201d, akademiku: Pirroja i Epirit, Akili dhe Aleksandri i Madh jan\u00eb paraardh\u00ebs t\u00eb shqiptar\u00ebve"},"content":{"rendered":"<p><img data-recalc-dims=\"1\" loading=\"lazy\" decoding=\"async\" data-attachment-id=\"36085\" data-permalink=\"https:\/\/www.shqiperia.com\/blog\/greket-na-vodhen-historine-akademiku-pirroja-i-epirit-akili-dhe-aleksandri-i-madh-jane-paraardhes-te-shqiptareve\/apllon-bace-905x450\/\" data-orig-file=\"https:\/\/i0.wp.com\/www.shqiperia.com\/blog\/wp-content\/uploads\/2020\/07\/apllon-bace-905x450-1.png?fit=905%2C450&amp;ssl=1\" data-orig-size=\"905,450\" data-comments-opened=\"1\" data-image-meta=\"{&quot;aperture&quot;:&quot;0&quot;,&quot;credit&quot;:&quot;&quot;,&quot;camera&quot;:&quot;&quot;,&quot;caption&quot;:&quot;&quot;,&quot;created_timestamp&quot;:&quot;0&quot;,&quot;copyright&quot;:&quot;&quot;,&quot;focal_length&quot;:&quot;0&quot;,&quot;iso&quot;:&quot;0&quot;,&quot;shutter_speed&quot;:&quot;0&quot;,&quot;title&quot;:&quot;&quot;,&quot;orientation&quot;:&quot;0&quot;}\" data-image-title=\"apllon-bace-905&#215;450\" data-image-description=\"\" data-image-caption=\"\" data-medium-file=\"https:\/\/i0.wp.com\/www.shqiperia.com\/blog\/wp-content\/uploads\/2020\/07\/apllon-bace-905x450-1.png?fit=300%2C149&amp;ssl=1\" data-large-file=\"https:\/\/i0.wp.com\/www.shqiperia.com\/blog\/wp-content\/uploads\/2020\/07\/apllon-bace-905x450-1.png?fit=905%2C450&amp;ssl=1\" class=\"alignnone  wp-image-36085\" alt=\"\" src=\"https:\/\/i0.wp.com\/www.shqiperia.com\/blog\/wp-content\/uploads\/2020\/07\/apllon-bace-905x450-1.png?resize=528%2C262&#038;ssl=1\" width=\"528\" height=\"262\" srcset=\"https:\/\/i0.wp.com\/www.shqiperia.com\/blog\/wp-content\/uploads\/2020\/07\/apllon-bace-905x450-1.png?resize=300%2C149&amp;ssl=1 300w, https:\/\/i0.wp.com\/www.shqiperia.com\/blog\/wp-content\/uploads\/2020\/07\/apllon-bace-905x450-1.png?resize=768%2C382&amp;ssl=1 768w, https:\/\/i0.wp.com\/www.shqiperia.com\/blog\/wp-content\/uploads\/2020\/07\/apllon-bace-905x450-1.png?resize=450%2C224&amp;ssl=1 450w, https:\/\/i0.wp.com\/www.shqiperia.com\/blog\/wp-content\/uploads\/2020\/07\/apllon-bace-905x450-1.png?resize=600%2C298&amp;ssl=1 600w, https:\/\/i0.wp.com\/www.shqiperia.com\/blog\/wp-content\/uploads\/2020\/07\/apllon-bace-905x450-1.png?resize=400%2C199&amp;ssl=1 400w, https:\/\/i0.wp.com\/www.shqiperia.com\/blog\/wp-content\/uploads\/2020\/07\/apllon-bace-905x450-1.png?w=905&amp;ssl=1 905w\" sizes=\"auto, (max-width: 528px) 100vw, 528px\" \/><\/p>\n<p><strong>\u201cGrek\u00ebt na vodh\u00ebn historin\u00eb\u201d, akademiku: Pirroja i Epirit, Akili dhe Aleksandri i Madh jan\u00eb paraardh\u00ebs t\u00eb shqiptar\u00ebve<\/strong><\/p>\n<p>7 korrik \u00a02020<\/p>\n<p>Akademiku Apollon Ba\u00e7e hedh posht\u00eb versionin zyrtar q\u00eb Pirro, Akili dhe Aleksandri i Madh jan\u00eb me origjin\u00eb greke dhe maqedonase.<\/p>\n<p>Sipas tij, Greqia ka vjedhur dhe manipuluar historin\u00eb. K\u00ebt\u00eb deklarat\u00eb Ba\u00e7e e b\u00ebri\u00a0 n\u00eb emisionin \u201cHard Talk\u201d nga Roland Qafoku.<\/p>\n<p><strong>-Aleksandri ishte maqedonas profesor?<\/strong><\/p>\n<p>Nuk ka maqedonas. E \u00ebma e Filipit \u00ebsht\u00eb nga Lynkes\u00ebt, i ati i Filipit Herodoti tregon nj\u00eb histori ku thot\u00eb se ishin tre v\u00ebllez\u00ebr q\u00eb shkojn\u00eb t\u00eb punojn\u00eb n\u00eb Teb\u00eb t\u00eb Greqis\u00eb dhe pastaj prishen me t\u00eb zotin ngaq\u00eb nuk po iu jepte lek\u00ebt dhe iu thot\u00eb merrni rrezen e diellit. Ky e merr rrezen e diellit dhe ky e kupton q\u00eb k\u00ebta e grabit\u00ebn, ikin i gj\u00ebmojn\u00eb mbrapa dhe p\u00ebrfundojn\u00eb n\u00eb Iliri. Jetojn\u00eb aty disa vjet pastaj q\u00eb andej shkojn\u00eb n\u00eb Maqedoni.<\/p>\n<p><strong>-P\u00ebrderisa Pirro thoshte jam pasardh\u00ebs i Akilit, Sk\u00ebnderbeu thoshte jam pasardh\u00ebs i Pirros, tani Akili ishte yni apo i grek\u00ebve?<\/strong><\/p>\n<p>Momsini na thot\u00eb k\u00ebto fjal\u00eb: Epiriot\u00ebt trima shqiptar\u00eb t\u00eb antikitetit mb\u00ebshtet\u00ebn me besnik\u00ebri tradicionale dhe entuziaz\u00ebm rinor djaloshin e guximsh\u00ebm Pirro, \u201cShqiponja\u201d si\u00e7 e quanin ata.<\/p>\n<p>Po qe se lexohet me kujdes Iliada, ajo fillon me vajtimin q\u00eb i thuhet Athinas\u00eb \u201cAi q\u00eb na shkat\u00ebrroi heronjt\u00eb tan\u00eb, ai q\u00eb i b\u00ebri ushqim p\u00ebr qent\u00eb dhe zogjt\u00eb e eg\u00ebrr, ai q\u00eb na prishi rinin\u00eb dhe ushtrin\u00eb ton\u00eb, Akili.\u201d<\/p>\n<p>Akili q\u00eb ka hyr\u00eb n\u00eb luft\u00ebn e Troj\u00ebs, ke nj\u00eb autor tjet\u00ebr tregon k\u00ebt\u00eb q\u00eb, nuk ka mund\u00ebsi ta marrim k\u00ebt\u00eb n\u00ebse nuk marrim mjeshtrin e zaptimit t\u00eb qyteteve q\u00eb \u00ebsht\u00eb Akili. Akili vjen si mercenar.<\/p>\n<p><strong>-Nga erdhi?<\/strong><\/p>\n<p>Akili \u00ebsht\u00eb nga zona e Dodon\u00ebs, andej vjen ai. Dodona i p\u00ebrkiste fisit t\u00eb Molos\u00ebve.<\/p>\n<p><strong>-Dometh\u00ebn\u00eb nuk ishte grek?<\/strong><\/p>\n<p>Absolutisht nuk ishte grek. Kur Akili i lutet Zeusit i thot\u00eb: \u201cAshtu si\u00e7 m\u00e7 ke ndihmuar at\u00ebher\u00eb, ma sill Patroklin gjall\u00eb nga lufta.\u201d Ashtu si\u00e7 me ke ndihmuar at\u00ebher\u00eb, pra\u00a0 kur shpartalloi Akejt\u00eb, akejt\u00eb ishin grek\u00eb n\u00eb at\u00eb koh\u00eb. At\u00ebher\u00eb ky njeri q\u00eb ka shpartalluar ushtrin\u00eb e akejve, at\u00ebher\u00eb si mund t\u00eb jet\u00eb grek ky njeri q\u00eb i ka shpartalluar ushtrin\u00eb e grek\u00ebve? Tjet\u00ebr \u00ebsht\u00eb edhe lista e qyteteve q\u00eb ky ka shpartalluar.<\/p>\n<p><em>j.l.\/ dita<\/em><\/p>\n","protected":false},"excerpt":{"rendered":"<p>\u201cGrek\u00ebt na vodh\u00ebn historin\u00eb\u201d, akademiku: Pirroja i Epirit, Akili dhe Aleksandri i Madh jan\u00eb paraardh\u00ebs t\u00eb shqiptar\u00ebve 7 korrik \u00a02020 Akademiku Apollon Ba\u00e7e hedh posht\u00eb versionin zyrtar q\u00eb Pirro, Akili dhe Aleksandri i Madh jan\u00eb me origjin\u00eb greke dhe maqedonase. Sipas tij, Greqia ka vjedhur dhe manipuluar historin\u00eb. K\u00ebt\u00eb deklarat\u00eb Ba\u00e7e e b\u00ebri\u00a0 n\u00eb emisionin [&hellip;]<\/p>\n","protected":false},"author":9,"featured_media":36085,"comment_status":"open","ping_status":"open","sticky":false,"template":"","format":"standard","meta":{"jetpack_post_was_ever_published":false,"_jetpack_newsletter_access":"","_jetpack_dont_email_post_to_subs":false,"_jetpack_newsletter_tier_id":0,"_jetpack_memberships_contains_paywalled_content":false,"_jetpack_memberships_contains_paid_content":false,"footnotes":"","jetpack_publicize_message":"","jetpack_publicize_feature_enabled":true,"jetpack_social_post_already_shared":true,"jetpack_social_options":{"image_generator_settings":{"template":"highway","default_image_id":0,"font":"","enabled":false},"version":2}},"categories":[27,85],"tags":[],"class_list":["post-36084","post","type-post","status-publish","format-standard","has-post-thumbnail","hentry","category-blogu-i-udhetarit","category-histori"],"jetpack_publicize_connections":[],"jetpack_featured_media_url":"https:\/\/i0.wp.com\/www.shqiperia.com\/blog\/wp-content\/uploads\/2020\/07\/apllon-bace-905x450-1.png?fit=905%2C450&ssl=1","jetpack_sharing_enabled":true,"jetpack_shortlink":"https:\/\/wp.me\/p5Z6wp-9o0","jetpack-related-posts":[{"id":4303,"url":"https:\/\/www.shqiperia.com\/blog\/greqia-e-maqedonia-zihen-per-emrin-dhe-aleksandrin-e-madh-por-cthone-autoret-e-lashte-per-te\/","url_meta":{"origin":36084,"position":0},"title":"Greqia e \u201cMaqedonia\u201d zihen p\u00ebr emrin dhe Aleksandrin e Madh, por \u00e7\u2019thon\u00eb autoret e lasht\u00eb p\u00ebr t\u00eb? &#8211;","author":"Kurt Farka","date":"March 4, 2018","format":false,"excerpt":"Nga: MARIN MEMA. - T\u00eb shkruash p\u00ebr Aleksandrin e Madh nuk \u00ebsht\u00eb e leht\u00eb, por as e v\u00ebshtir\u00eb. Nga nj\u00ebri krah historia e tij \u00ebsht\u00eb e turbullt, duke ngjallur edhe sot jo pak p\u00ebrplasje duke v\u00ebn\u00eb p\u00ebrball\u00eb dy vende si\u00e7 jan\u00eb Greqia dhe shteti i vet\u00ebpag\u00ebzuar me emrin Maqedoni. T\u00eb\u2026","rel":"","context":"In &quot;Histori&quot;","block_context":{"text":"Histori","link":"https:\/\/www.shqiperia.com\/blog\/category\/histori\/"},"img":{"alt_text":"","src":"https:\/\/i0.wp.com\/www.shqiperia.com\/blog\/wp-content\/uploads\/2018\/03\/buyuk-iskender-facebook-cover-listelist.jpg?fit=620%2C400&ssl=1&resize=350%2C200","width":350,"height":200,"srcset":"https:\/\/i0.wp.com\/www.shqiperia.com\/blog\/wp-content\/uploads\/2018\/03\/buyuk-iskender-facebook-cover-listelist.jpg?fit=620%2C400&ssl=1&resize=350%2C200 1x, https:\/\/i0.wp.com\/www.shqiperia.com\/blog\/wp-content\/uploads\/2018\/03\/buyuk-iskender-facebook-cover-listelist.jpg?fit=620%2C400&ssl=1&resize=525%2C300 1.5x"},"classes":[]},{"id":3354,"url":"https:\/\/www.shqiperia.com\/blog\/aleksandri-madh-ne-kujtesen-historike-te-skenderbeut-e-te-shqiptareve-pjesa\/","url_meta":{"origin":36084,"position":1},"title":"Aleksandri i Madh n\u00eb kujtes\u00ebn historike, t\u00eb Sk\u00ebnderbeut e t\u00eb Shqiptar\u00ebve  (Pjesa I).-","author":"Kurt Farka","date":"February 16, 2018","format":false,"excerpt":"Nga: \u00a0Kasem Bi\u00e7oku. - Shqiptar\u00ebt, bashk\u00eb me gjuh\u00ebn dhe kultur\u00ebn e lasht\u00eb kan\u00eb ruajtur tradit\u00ebn historike dhe kujtimin p\u00ebr figurat madhore t\u00eb s\u00eb kaluar\u00ebs. Nga lasht\u00ebsia kan\u00eb mbetur t\u00eb pashlyera n\u00eb kujtes\u00ebn historike t\u00eb shqiptar\u00ebve dy personalitetet m\u00eb madhore t\u00eb asaj periudhe, Aleksandri i Madh dhe Pirroja i Epirit. Emri\u2026","rel":"","context":"In &quot;Blogu i Udh\u00ebtarit&quot;","block_context":{"text":"Blogu i Udh\u00ebtarit","link":"https:\/\/www.shqiperia.com\/blog\/category\/blogu-i-udhetarit\/"},"img":{"alt_text":"","src":"https:\/\/i0.wp.com\/www.shqiperia.com\/blog\/wp-content\/uploads\/2018\/02\/Aleksandri-i-Madh-ne-Monedhen-shqiptare-1926.-294x300.jpg?resize=350%2C200","width":350,"height":200},"classes":[]},{"id":18856,"url":"https:\/\/www.shqiperia.com\/blog\/kanuni-i-lekes-se-madh-apo-leke-dukagjinit-pjesa-e-pare\/","url_meta":{"origin":36084,"position":2},"title":"Kanuni i Lek\u00ebs s\u00eb Madh apo Lek\u00eb Dukagjinit. -(Pjesa e Pare).","author":"Kurt Farka","date":"March 28, 2019","format":false,"excerpt":"Kanuni i Lek\u00ebs s\u00eb Madh apo Lek\u00eb Dukagjinit. - Edhe m\u00eb i fuqish\u00ebm te shqiptar\u00ebt \u00ebsht\u00eb ruajtur gjat\u00eb shekujve kujtesa e thell\u00eb historike p\u00ebr Aleksandrin e Madh. Edhe pse jetoi pak, 33 vjet (356-323 para er\u00ebs son\u00eb) dhe mbret\u00ebroi vet\u00ebm 13 vjet (336-323), Aleksandri i Madh \u00ebsht\u00eb personaliteti shtet\u00ebror dhe\u2026","rel":"","context":"In &quot;Histori&quot;","block_context":{"text":"Histori","link":"https:\/\/www.shqiperia.com\/blog\/category\/histori\/"},"img":{"alt_text":"","src":"https:\/\/i0.wp.com\/www.shqiperia.com\/blog\/wp-content\/uploads\/2019\/03\/leka-i-madh-mes-shum-euml-versioneve-t-euml-historis-euml_hd-780x439.jpg?fit=780%2C439&ssl=1&resize=350%2C200","width":350,"height":200,"srcset":"https:\/\/i0.wp.com\/www.shqiperia.com\/blog\/wp-content\/uploads\/2019\/03\/leka-i-madh-mes-shum-euml-versioneve-t-euml-historis-euml_hd-780x439.jpg?fit=780%2C439&ssl=1&resize=350%2C200 1x, https:\/\/i0.wp.com\/www.shqiperia.com\/blog\/wp-content\/uploads\/2019\/03\/leka-i-madh-mes-shum-euml-versioneve-t-euml-historis-euml_hd-780x439.jpg?fit=780%2C439&ssl=1&resize=525%2C300 1.5x, https:\/\/i0.wp.com\/www.shqiperia.com\/blog\/wp-content\/uploads\/2019\/03\/leka-i-madh-mes-shum-euml-versioneve-t-euml-historis-euml_hd-780x439.jpg?fit=780%2C439&ssl=1&resize=700%2C400 2x"},"classes":[]},{"id":58248,"url":"https:\/\/www.shqiperia.com\/blog\/botimet-arbereshe-drejt-shqiperise-moti-i-madh-per-ne-unesco-akademiku-nje-nga-projektet-qe-ka-ecur-me-mire-grupi-i-punes-po-gjurmon-mbijetoja-te-ketyre-ritualeve\/","url_meta":{"origin":36084,"position":3},"title":"Botimet arb\u00ebreshe drejt Shqip\u00ebris\u00eb, &#8220;Moti i madh&#8221; p\u00ebr n\u00eb UNESCO. Akademiku: &#8211; Nj\u00eb nga projektet q\u00eb ka ecur m\u00eb mir\u00eb, grupi i pun\u00ebs po gjurmon mbijetoja t\u00eb k\u00ebtyre ritualeve","author":"Kurt Farka","date":"May 28, 2022","format":false,"excerpt":"Nga Anila Dedaj 27 Maji 2022 Nj\u00ebsia e Akademis\u00eb s\u00eb Shkencave, Arb\u00ebresh\u00ebt - Arvanit\u00ebt \u2013 Arb\u00ebnesh\u00ebt, e krijuar 6 muaj m\u00eb par\u00eb e mban takimin e par\u00eb mes diskutimeve virtuale e studiuesve n\u00eb sall\u00ebn \u201cAleks Buda\u201d. \u201c\u00cbsht\u00eb nj\u00eb Nj\u00ebsi q\u00eb ka n\u00eb p\u00ebrb\u00ebrjen e vet\u00eb studiues t\u00eb mir\u00ebnjohur nga Italia,\u2026","rel":"","context":"In &quot;Arte&quot;","block_context":{"text":"Arte","link":"https:\/\/www.shqiperia.com\/blog\/category\/arte\/"},"img":{"alt_text":"","src":"https:\/\/i0.wp.com\/www.shqiperia.com\/blog\/wp-content\/uploads\/2022\/05\/1653666985_Screenshot1.jpg?fit=780%2C440&ssl=1&resize=350%2C200","width":350,"height":200,"srcset":"https:\/\/i0.wp.com\/www.shqiperia.com\/blog\/wp-content\/uploads\/2022\/05\/1653666985_Screenshot1.jpg?fit=780%2C440&ssl=1&resize=350%2C200 1x, https:\/\/i0.wp.com\/www.shqiperia.com\/blog\/wp-content\/uploads\/2022\/05\/1653666985_Screenshot1.jpg?fit=780%2C440&ssl=1&resize=525%2C300 1.5x, https:\/\/i0.wp.com\/www.shqiperia.com\/blog\/wp-content\/uploads\/2022\/05\/1653666985_Screenshot1.jpg?fit=780%2C440&ssl=1&resize=700%2C400 2x"},"classes":[]},{"id":41096,"url":"https:\/\/www.shqiperia.com\/blog\/nga-moikom-zeqo-a-eshte-aleksandri-i-madh-themelues-i-shkodres\/","url_meta":{"origin":36084,"position":4},"title":"NGA MOIKOM ZEQO: &#8211; \u00a0A \u00ebsht\u00eb Aleksandri i Madh themelues i Shkodr\u00ebs\u2026?!","author":"Kurt Farka","date":"November 22, 2020","format":false,"excerpt":"NGA MOIKOM ZEQO: - \u00a0A \u00ebsht\u00eb Aleksandri i Madh themelues i Shkodr\u00ebs\u2026?! 2019. Para disa vitesh erdhi t\u00eb m\u00eb takonte n\u00eb Muzeun Historik Komb\u00ebtar Prof. Lucia Nadin e shoq\u00ebruar nga Prof. Gherardo Ortalli. Kam vite q\u00eb njihem me Lucia Nadin. Ajo ka punuar p\u00ebr shum\u00eb koh\u00eb n\u00eb dh\u00ebnien e gjuh\u00ebs\u2026","rel":"","context":"In &quot;Blogu i Udh\u00ebtarit&quot;","block_context":{"text":"Blogu i Udh\u00ebtarit","link":"https:\/\/www.shqiperia.com\/blog\/category\/blogu-i-udhetarit\/"},"img":{"alt_text":"","src":"https:\/\/i0.wp.com\/www.shqiperia.com\/blog\/wp-content\/uploads\/2020\/11\/aleksandri-madh-mozaik.jpg?fit=725%2C408&ssl=1&resize=350%2C200","width":350,"height":200,"srcset":"https:\/\/i0.wp.com\/www.shqiperia.com\/blog\/wp-content\/uploads\/2020\/11\/aleksandri-madh-mozaik.jpg?fit=725%2C408&ssl=1&resize=350%2C200 1x, https:\/\/i0.wp.com\/www.shqiperia.com\/blog\/wp-content\/uploads\/2020\/11\/aleksandri-madh-mozaik.jpg?fit=725%2C408&ssl=1&resize=525%2C300 1.5x, https:\/\/i0.wp.com\/www.shqiperia.com\/blog\/wp-content\/uploads\/2020\/11\/aleksandri-madh-mozaik.jpg?fit=725%2C408&ssl=1&resize=700%2C400 2x"},"classes":[]},{"id":73165,"url":"https:\/\/www.shqiperia.com\/blog\/a-kishte-femije-aleksandri-i-madh\/","url_meta":{"origin":36084,"position":5},"title":"A kishte f\u00ebmij\u00eb Aleksandri i Madh?","author":"Kurt Farka","date":"July 31, 2023","format":false,"excerpt":"31 Korrik 2023 Aleksandri i Madh u ngjit n\u00eb fronin maqedonas n\u00eb mosh\u00ebn 20-vje\u00e7are dhe vdiq vet\u00ebm 12 vjet m\u00eb von\u00eb, pasi kishte pushtuar nj\u00eb nga perandorit\u00eb m\u00eb t\u00eb m\u00ebdha n\u00eb bot\u00ebn antike. Gjat\u00eb asaj kohe, a kishte ai f\u00ebmij\u00eb dhe, n\u00eb vakumin e pushtetit pas vdekjes s\u00eb tij, \u00e7far\u00eb\u2026","rel":"","context":"In &quot;Blogu i Udh\u00ebtarit&quot;","block_context":{"text":"Blogu i Udh\u00ebtarit","link":"https:\/\/www.shqiperia.com\/blog\/category\/blogu-i-udhetarit\/"},"img":{"alt_text":"","src":"https:\/\/i0.wp.com\/www.shqiperia.com\/blog\/wp-content\/uploads\/2023\/07\/alex22-870x418-770x418-1-1.jpg?fit=770%2C418&ssl=1&resize=350%2C200","width":350,"height":200,"srcset":"https:\/\/i0.wp.com\/www.shqiperia.com\/blog\/wp-content\/uploads\/2023\/07\/alex22-870x418-770x418-1-1.jpg?fit=770%2C418&ssl=1&resize=350%2C200 1x, https:\/\/i0.wp.com\/www.shqiperia.com\/blog\/wp-content\/uploads\/2023\/07\/alex22-870x418-770x418-1-1.jpg?fit=770%2C418&ssl=1&resize=525%2C300 1.5x, https:\/\/i0.wp.com\/www.shqiperia.com\/blog\/wp-content\/uploads\/2023\/07\/alex22-870x418-770x418-1-1.jpg?fit=770%2C418&ssl=1&resize=700%2C400 2x"},"classes":[]}],"_links":{"self":[{"href":"https:\/\/www.shqiperia.com\/blog\/wp-json\/wp\/v2\/posts\/36084","targetHints":{"allow":["GET"]}}],"collection":[{"href":"https:\/\/www.shqiperia.com\/blog\/wp-json\/wp\/v2\/posts"}],"about":[{"href":"https:\/\/www.shqiperia.com\/blog\/wp-json\/wp\/v2\/types\/post"}],"author":[{"embeddable":true,"href":"https:\/\/www.shqiperia.com\/blog\/wp-json\/wp\/v2\/users\/9"}],"replies":[{"embeddable":true,"href":"https:\/\/www.shqiperia.com\/blog\/wp-json\/wp\/v2\/comments?post=36084"}],"version-history":[{"count":1,"href":"https:\/\/www.shqiperia.com\/blog\/wp-json\/wp\/v2\/posts\/36084\/revisions"}],"predecessor-version":[{"id":36086,"href":"https:\/\/www.shqiperia.com\/blog\/wp-json\/wp\/v2\/posts\/36084\/revisions\/36086"}],"wp:featuredmedia":[{"embeddable":true,"href":"https:\/\/www.shqiperia.com\/blog\/wp-json\/wp\/v2\/media\/36085"}],"wp:attachment":[{"href":"https:\/\/www.shqiperia.com\/blog\/wp-json\/wp\/v2\/media?parent=36084"}],"wp:term":[{"taxonomy":"category","embeddable":true,"href":"https:\/\/www.shqiperia.com\/blog\/wp-json\/wp\/v2\/categories?post=36084"},{"taxonomy":"post_tag","embeddable":true,"href":"https:\/\/www.shqiperia.com\/blog\/wp-json\/wp\/v2\/tags?post=36084"}],"curies":[{"name":"wp","href":"https:\/\/api.w.org\/{rel}","templated":true}]}}