{"id":36080,"date":"2020-07-07T15:42:57","date_gmt":"2020-07-07T15:42:57","guid":{"rendered":"https:\/\/www.shqiperia.com\/blog\/?p=36080"},"modified":"2020-07-07T15:43:49","modified_gmt":"2020-07-07T15:43:49","slug":"ceshtja-cami-dhe-koliqi-nen-vezhgim","status":"publish","type":"post","link":"https:\/\/www.shqiperia.com\/blog\/ceshtja-cami-dhe-koliqi-nen-vezhgim\/","title":{"rendered":"\u00c7eshtja Cami dhe Koliqi nen vezhgim &#8230;"},"content":{"rendered":"<p><img data-recalc-dims=\"1\" loading=\"lazy\" decoding=\"async\" data-attachment-id=\"36081\" data-permalink=\"https:\/\/www.shqiperia.com\/blog\/ceshtja-cami-dhe-koliqi-nen-vezhgim\/vme\/\" data-orig-file=\"https:\/\/i0.wp.com\/www.shqiperia.com\/blog\/wp-content\/uploads\/2020\/07\/vme.jpg?fit=828%2C272&amp;ssl=1\" data-orig-size=\"828,272\" data-comments-opened=\"1\" data-image-meta=\"{&quot;aperture&quot;:&quot;0&quot;,&quot;credit&quot;:&quot;Sk\\u00ebnder Bu\\u00e7papaj&quot;,&quot;camera&quot;:&quot;&quot;,&quot;caption&quot;:&quot;&quot;,&quot;created_timestamp&quot;:&quot;1594123348&quot;,&quot;copyright&quot;:&quot;&quot;,&quot;focal_length&quot;:&quot;0&quot;,&quot;iso&quot;:&quot;0&quot;,&quot;shutter_speed&quot;:&quot;0&quot;,&quot;title&quot;:&quot;&quot;,&quot;orientation&quot;:&quot;0&quot;}\" data-image-title=\"vme\" data-image-description=\"\" data-image-caption=\"\" data-medium-file=\"https:\/\/i0.wp.com\/www.shqiperia.com\/blog\/wp-content\/uploads\/2020\/07\/vme.jpg?fit=300%2C99&amp;ssl=1\" data-large-file=\"https:\/\/i0.wp.com\/www.shqiperia.com\/blog\/wp-content\/uploads\/2020\/07\/vme.jpg?fit=828%2C272&amp;ssl=1\" class=\"alignnone wp-image-36081\" alt=\"\" src=\"https:\/\/i0.wp.com\/www.shqiperia.com\/blog\/wp-content\/uploads\/2020\/07\/vme.jpg?resize=512%2C169&#038;ssl=1\" width=\"512\" height=\"169\" srcset=\"https:\/\/i0.wp.com\/www.shqiperia.com\/blog\/wp-content\/uploads\/2020\/07\/vme.jpg?resize=300%2C99&amp;ssl=1 300w, https:\/\/i0.wp.com\/www.shqiperia.com\/blog\/wp-content\/uploads\/2020\/07\/vme.jpg?resize=768%2C252&amp;ssl=1 768w, https:\/\/i0.wp.com\/www.shqiperia.com\/blog\/wp-content\/uploads\/2020\/07\/vme.jpg?resize=450%2C148&amp;ssl=1 450w, https:\/\/i0.wp.com\/www.shqiperia.com\/blog\/wp-content\/uploads\/2020\/07\/vme.jpg?resize=600%2C197&amp;ssl=1 600w, https:\/\/i0.wp.com\/www.shqiperia.com\/blog\/wp-content\/uploads\/2020\/07\/vme.jpg?resize=400%2C131&amp;ssl=1 400w, https:\/\/i0.wp.com\/www.shqiperia.com\/blog\/wp-content\/uploads\/2020\/07\/vme.jpg?w=828&amp;ssl=1 828w\" sizes=\"auto, (max-width: 512px) 100vw, 512px\" \/><\/p>\n<p style=\"line-height: 30.0pt;background: white;margin: 7.5pt 0in 7.5pt 0in\" class=\"MsoNormal\"><strong><a href=\"https:\/\/www.voal.ch\/ceshtja-camaj-dhe-koliqi-nen-vezhgim-nga-visar-zhiti\/\">\u00c7<\/a>eshtja Cami dhe Koliqi nen vezhgim &#8230;<\/strong><\/p>\n<p style=\"line-height: normal;background: white\" class=\"MsoNormal\"><span style=\"font-size: 12.0pt;font-family: 'Open Sans','serif';color: #333333\">\u00a07 korrik 2020<\/span><\/p>\n<p style=\"line-height: normal;background: white\" class=\"MsoNormal\"><span style=\"font-size: 12.0pt;font-family: 'Open Sans','serif';color: #333333\">Nga Visar Zhiti<\/span><\/p>\n<p style=\"margin-bottom: 15.0pt;line-height: 18.0pt;background: white\" class=\"MsoNormal\"><i><span style=\"font-size: 13.5pt;font-family: 'Open Sans','serif';color: black\">N\u00eb librin n\u00eb fjal\u00eb, flas paksa edhe p\u00ebr bashk\u00ebpunimin e shkrimtar\u00ebve me policin\u00eb sekrete dhe me Sigurimin e Shtetit; por u ula ta p\u00ebrdit\u00ebsoj k\u00ebt\u00eb kartel\u00eb, sipas t\u00eb dh\u00ebnave q\u00eb na u ofruan dje, me gjykimin tim, sipas p\u00ebrvoj\u00ebs nga vij, nga ajo e t\u00eb persekutuarve, jo nga ajo e persekutor\u00ebve.<\/span><\/i><span style=\"font-size: 13.5pt;font-family: 'Open Sans','serif';color: black\"><\/span><\/p>\n<p style=\"margin-bottom: 15.0pt;line-height: 18.0pt;background: white\" class=\"MsoNormal\"><i><span style=\"font-size: 13.5pt;font-family: 'Open Sans','serif';color: black\">Ja, kartela:<\/span><\/i><span style=\"font-size: 13.5pt;font-family: 'Open Sans','serif';color: black\"><\/span><\/p>\n<p style=\"margin-bottom: 15.0pt;line-height: 18.0pt;background: white\" class=\"MsoNormal\"><span style=\"font-size: 13.5pt;font-family: 'Open Sans','serif';color: black\">BASHK\u00cbPUN\u00cbTOR\u00cb T\u00cb POLICIS\u00cb SEKRETE<\/span><\/p>\n<p style=\"margin-bottom: 15.0pt;line-height: 18.0pt;background: white\" class=\"MsoNormal\"><span style=\"font-size: 13.5pt;font-family: 'Open Sans','serif';color: black\">DHE ABUZIMI ME \u00c7\u00cbSHTJEN\u2026<\/span><\/p>\n<p style=\"margin-bottom: 15.0pt;line-height: 18.0pt;background: white\" class=\"MsoNormal\"><span style=\"font-size: 13.5pt;font-family: 'Open Sans','serif';color: black\">Dhe p\u00ebrs\u00ebri rikthehen n\u00eb fillim, te banalizimi, kalohet n\u00eb sulme t\u00eb tjera, t\u00eb goditen figurat e burgut, simbolet e vuajtjes\u2026<\/span><\/p>\n<p style=\"margin-bottom: 15.0pt;line-height: 18.0pt;background: white\" class=\"MsoNormal\"><span style=\"font-size: 13.5pt;font-family: 'Open Sans','serif';color: black\">Dhe p\u00ebrflitet deri edhe n\u00eb media se mjaft nga intelektual\u00ebt, jo vet\u00ebm shkrimtar\u00eb t\u00eb realizmit socialist, por edhe nga t\u00eb persekutuarit, kan\u00eb qen\u00eb bashk\u00ebpun\u00ebtor\u00eb t\u00eb Sigurimit t\u00eb Shtetit diktatorial dhe nxirrnin her\u00eb pas here emra, edhe kur nuk ishin hapur dosjet, sa \u00e7\u2019\u00ebsht\u00eb lejuar t\u00eb hapen tani\u2026<\/span><\/p>\n<p style=\"margin-bottom: 15.0pt;line-height: 18.0pt;background: white\" class=\"MsoNormal\"><span style=\"font-size: 13.5pt;font-family: 'Open Sans','serif';color: black\">Jo se s\u2019ka t\u00eb thyer n\u00eb radh\u00ebt e t\u00eb persekutuarve, mbase dhe mjaft, p\u00ebr fat t\u00eb keq, por s\u00eb pari duhen goditur diktatura, ata q\u00eb i thyen dhe si, me \u00e7\u2019tortura dhe t\u00eb vihen para drejt\u00ebsis\u00eb dhe t\u00eb drejt\u00ebn morale p\u00ebr t\u2019i p\u00ebr\u00e7muar, n\u00ebse do t\u00eb duhet, e kan\u00eb, s\u00eb pari, po bashk\u00ebvuajt\u00ebsit e tyre dhe jo ata q\u00eb ishin pjes\u00eb e diktatur\u00ebs dhe q\u00eb i vun\u00eb me dhun\u00eb n\u00ebn sh\u00ebrbim, jo p\u00ebr \u00e7\u00ebshtje komb\u00ebtare a n\u00eb zbulimin e armikut, keqb\u00ebr\u00ebsit, etj, por p\u00ebr p\u00ebr\u00e7arje dhe d\u00ebnime t\u00eb s\u00eb tjer\u00ebve, p\u00ebr agjitacion dhe propagand\u00eb kund\u00ebr shtetit apo t\u00eb atyre q\u00eb donin t\u00eb arratiseshin e deri n\u00eb \u00e7\u00ebshtje t\u00eb r\u00ebndomta ordinere, t\u00eb paligjshme dhe t\u00eb pamoralshme\u2026 etj.<\/span><\/p>\n<p style=\"margin-bottom: 15.0pt;line-height: 18.0pt;background: white\" class=\"MsoNormal\"><span style=\"font-size: 13.5pt;font-family: 'Open Sans','serif';color: black\">Jan\u00eb p\u00ebrdorur tortura t\u00eb llahtarshme, fizike dhe psikologjike, uri e rrahje \u00e7mendurake, thesi n\u00eb kok\u00eb si n\u00eb mesjet\u00eb, varje n\u00ebp\u00ebr \u00e7engela etj., deri te p\u00ebrdhunimet e grave e t\u00eb vajzave t\u00eb familjes s\u00eb atij q\u00eb i k\u00ebrkohej bashk\u00ebpunimi dhe ku: n\u00eb prani t\u00eb tij! Turpi, r\u00ebnia dhe degjenerimi m\u00eb par\u00eb, e p\u00ebrs\u00ebris, jan\u00eb t\u00eb atyre q\u00eb ua k\u00ebrkuan bashk\u00ebpunimin me dhun\u00eb viktimave, sesa t\u00eb vet\u00eb viktimave, dhe nd\u00ebshkimi q\u00eb vonon, duhet t\u00eb nis\u00eb tek ata.<\/span><\/p>\n<p style=\"margin-bottom: 15.0pt;line-height: 18.0pt;background: white\" class=\"MsoNormal\"><span style=\"font-size: 13.5pt;font-family: 'Open Sans','serif';color: black\">Patjet\u00ebr edhe p\u00ebr bashk\u00ebpun\u00ebtor\u00ebt e Sigurimit, cil\u00ebtdoqofshin, t\u00eb veproj\u00eb drejt\u00ebsia, sipas d\u00ebmit q\u00eb u kan\u00eb shkaktuar t\u00eb tjer\u00ebve dhe shoq\u00ebris\u00eb..<\/span><\/p>\n<p style=\"margin-bottom: 15.0pt;line-height: 18.0pt;background: white\" class=\"MsoNormal\"><span style=\"font-size: 13.5pt;font-family: 'Open Sans','serif';color: black\">Njer\u00ebz q\u00eb q\u00ebndruan dhe refuzuan bashk\u00ebpunimin me t\u00eb keqen, p\u00ebr fat ka, dhe nuk jan\u00eb pak, jan\u00eb t\u00eb shumt\u00eb dhe atje ku ishte tejet e v\u00ebshtir\u00eb, n\u00eb burgje e internime. V\u00ebrtet ishte heroike,\u00a0 e di n\u00eb vet\u00eb t\u00eb par\u00eb \u00e7\u2019sakrific\u00eb e r\u00ebnd\u00eb \u00ebsht\u00eb.<\/span><\/p>\n<p style=\"margin-bottom: 15.0pt;line-height: 18.0pt;background: white\" class=\"MsoNormal\"><span style=\"font-size: 13.5pt;font-family: 'Open Sans','serif';color: black\">Lexojm\u00eb n\u00eb sh\u00ebnimet postume q\u00eb botohen, se edhe studiuesit t\u00eb shquar\u00a0<b>Injac Zamputti<\/b>, me origjin\u00eb italiane, i ishte k\u00ebrkuar t\u00eb informonte fshehurazi p\u00ebr kolegun e vet, dijetarin\u00a0<b>Eqrem \u00c7abej<\/b>. (Q\u00eb thoshin se kishte qen\u00eb n\u00eb burg, por jo, kishte pasur t\u00eb shoqen). Profesor Injaci nuk pranoi kurrsesi, por u vet\u00ebmbyll e b\u00ebnte jet\u00eb murgu mbi libra, gjith\u00eb ankth n\u00eb pritje t\u00eb arrestimit, me vite.<\/span><\/p>\n<p style=\"margin-bottom: 15.0pt;line-height: 18.0pt;background: white\" class=\"MsoNormal\"><span style=\"font-size: 13.5pt;font-family: 'Open Sans','serif';color: black\">Studiuesi i zellsh\u00ebm dhe korrekt\u00a0<b>Agron Alibali<\/b>\u00a0gjen n\u00eb arkivat amerikane dokumente dhe i botoi s\u00eb fundmi q\u00eb tregojn\u00eb p\u00ebrpjekjet p\u00ebr bashk\u00ebpunime agjenturore t\u00eb s\u00eb huajve si me kritikun nga Kosova\u00a0<b>Krist Maloki<\/b>\u00a0dhe dijetarin\u00a0<b>Eqrem \u00c7abej<\/b>, etj, dhe q\u00ebndrimet e profesor\u00ebve kan\u00eb qen\u00eb dinjitoze dhe shembullore.<\/span><\/p>\n<p style=\"margin-bottom: 15.0pt;line-height: 18.0pt;background: white\" class=\"MsoNormal\"><b><span style=\"font-size: 13.5pt;font-family: 'Open Sans','serif';color: black\">Krist Maloki<\/span><\/b><span style=\"font-size: 13.5pt;font-family: 'Open Sans','serif';color: black\">\u00a0vinte nga Austria dhe kishte n\u00ebnshtet\u00ebsin\u00eb e atij vendi; ikte prap\u00eb atje, por profesor \u00c7abejin mund ta priste dhe burgu dhe m\u00eb keq mbase, kur \u00e7\u00ebshtjet lidheshin me Enverin.<\/span><\/p>\n<p style=\"margin-bottom: 15.0pt;line-height: 18.0pt;background: white\" class=\"MsoNormal\"><span style=\"font-size: 13.5pt;font-family: 'Open Sans','serif';color: black\">E v\u00ebrteta duhet, \u00ebsht\u00eb e domosdoshme. E v\u00ebrteta \u00ebsht\u00eb e r\u00ebnd\u00ebsishme. M\u00eb r\u00ebnd\u00ebsi ka njohja e s\u00eb v\u00ebrtet\u00ebs se sa mbulimi i saj. E v\u00ebrteta \u00ebsht\u00eb kok\u00ebfort\u00eb, por jo studiuesi. R\u00ebnd\u00ebsi kan\u00eb dhe q\u00ebllimi i asaj t\u00eb v\u00ebrtete dhe p\u00ebrdorimi ose shp\u00ebrdorimi i saj, sa vlen ajo dhe sa ndikon dhe sa duhet, etj, etj. Dokumenti mund t\u00eb jet\u00eb i v\u00ebrtet\u00eb, por s\u2019\u00ebsht\u00eb ajo e v\u00ebrteta.<\/span><\/p>\n<p style=\"margin-bottom: 15.0pt;line-height: 18.0pt;background: white\" class=\"MsoNormal\"><span style=\"font-size: 13.5pt;font-family: 'Open Sans','serif';color: black\">Arrestimin fshehurazi, para se t\u00eb arratisej, t\u00eb shkrimtarit t\u00eb shquar nga diaspora,\u00a0<b>Martin Camaj<\/b>, e d\u00ebshmon dhe nj\u00eb studiues tjet\u00ebr,\u00a0<b>Auron Tare<\/b>, pasionant i zbulimeve agjenturore komb\u00ebtare dhe nd\u00ebrkomb\u00ebtare. Ai rinxjerr at\u00eb q\u00eb e ka shpjeguar edhe studiuesi\u00a0<b>Kastriot Dervishi<\/b>, dokumentin e vitit 1948, ku 23 vje\u00e7ari nga Dukagjini, pasi izolohet forc\u00ebrisht, sillet n\u00eb zyrat e Sigurimit t\u00eb Shtetit dhe merret n\u00eb pyetje nga kapteri II\u00a0<b>Fadil Kapisyzi<\/b>. Pastaj studiuesi Tare e l\u00eb t\u00eb qet\u00eb kapterin II dhe e vijon hetimin vet\u00eb: \u00e7\u2019ka b\u00ebr\u00eb viktima m\u00eb pas, ku ka shkuar dhe hamend\u00ebsime t\u00eb tjera p\u00ebrtej dokumentit dhe fakteve, pa na zb\u00ebrthyer si e qysh ka vepruar Sigurimi mbi t\u00eb arrestuarin, me \u00e7\u2019t\u00eb drejt\u00eb dhe me \u00e7\u2019urdhra, shefat e tij, sistemi, koha, partia, kthetrat, pra l\u00eb bishat dhe merret me pren\u00eb.<\/span><\/p>\n<p style=\"margin-bottom: 15.0pt;line-height: 18.0pt;background: white\" class=\"MsoNormal\"><span style=\"font-size: 13.5pt;font-family: 'Open Sans','serif';color: black\">Sipas deklarat\u00ebs-fotokopje n\u00eb dosje, Matin Camaj ka pranuar \u201c<i>p\u00ebrfshirjen e tij n\u00eb ndihmes\u00ebn p\u00ebr t\u00eb arratisurit antikomunist\u00eb, por n\u00eb rr\u00ebfimin e tij p\u00ebr oficer\u00ebt e Sigurimit<\/i>\u00a0(sa ishin, 2, 5, 10, nd\u00ebrroheshin me radh\u00eb ujq\u00ebrit, \u00e7\u2019tortura p\u00ebrdornin, etj? \u2013 sh\u00ebn. imi)\u00a0<i>t\u00eb bie n\u00eb sy se Camaj ka d\u00ebshmuar gjithashtu kund\u00ebr disa prej m\u00ebsuesve t\u00eb vet fret\u00ebr jezuit\u00eb<\/i>\u00a0(duhej et\u00ebrit jezuit\u00eb, jo fret\u00ebrit; sh\u00ebnimi im, V.Zh.),<i>\u00a0n\u00eb ve\u00e7anti Pad\u00ebr Fausti, Pad\u00ebr Dajani, Pad\u00ebr Roza. Duhet th\u00ebn\u00eb se Pad\u00ebr Xhovani Fausti\u00a0<\/i>(jezuit italian, \u2013 sh\u00ebnimi im, V.Zh.)\u00a0<i>dhe Pad\u00ebr Danjel Dajani ishin d\u00ebnuar nd\u00ebrkoh\u00eb me pushkatim n\u00eb gyqin e famsh\u00ebm t\u00eb Shkodr\u00ebs kund\u00ebr klerit katolik.<\/i>\u201d<\/span><\/p>\n<p style=\"margin-bottom: 15.0pt;line-height: 18.0pt;background: white\" class=\"MsoNormal\"><span style=\"font-size: 13.5pt;font-family: 'Open Sans','serif';color: black\">Kaq, vet\u00ebm se duhet th\u00ebn\u00eb q\u00eb \u201c<b>ishin t\u00eb pushkatuar<\/b>\u201d dhe jo pse dhe nga cil\u00ebt? Po gjyqi pask\u00ebsh qen\u00eb i famsh\u00ebm dhe jo gjyq terrorist\u00ebsh t\u00eb indoktrinuar? Dhe Camaj d\u00ebshmoi kund\u00ebr m\u00ebsuesve t\u00eb tij? Po mbase tha at\u00eb t\u00eb v\u00ebrtet\u00eb, q\u00eb ia kishin m\u00ebsuar m\u00ebsuesit e tij dhe q\u00eb e pohuan n\u00eb gjyq se ishin antikomunist\u00eb dhe n\u00eb pushtet kishin ardhur me force nj\u00eb band\u00eb vrastar\u00ebsh. Mbas 5 dit\u00ebsh Camaj \u201c<i>doli nga zyrat e Sigurimit t\u00eb Shkodr\u00ebs\u2026 pasi pranoi t\u00eb rekrutohej si informator\u201d \u2013\u00a0<\/i>na informon studiuesi dhe vazhdon: \u201c<i>n\u00eb shtator t\u00eb 1948<\/i>\u00a0(pra mbas 4 muajsh, \u2013 sh\u00ebn. imi)\u00a0<i>Martin Camaj arratiset drejt Jugosllavis\u00eb s\u00eb bashku me nj\u00eb num\u00ebr eksponent\u00ebsh lokal\u00eb antikomunist\u00eb<\/i>.\u201d Jan\u00eb 36 veta gjithsej, t\u00eb rinj dhe burra mal\u00ebsor\u00eb, ndoca me grat\u00eb me motrat. Ik\u00ebn dhe do t\u00eb iknin dhe m\u00eb pas. Ndryshe si do t\u00eb mund t\u00eb shp\u00ebtonin?<\/span><\/p>\n<p style=\"margin-bottom: 15.0pt;line-height: 18.0pt;background: white\" class=\"MsoNormal\"><span style=\"font-size: 13.5pt;font-family: 'Open Sans','serif';color: black\">Jemi para nj\u00eb t\u00eb v\u00ebrtete me dokumente virtuale, q\u00eb s\u2019ka siguri se sa e mbartin ato at\u00eb t\u00eb v\u00ebrtet\u00eb. Dhe tjet\u00ebr \u00ebsht\u00eb e v\u00ebrteta e t\u00eb p\u00ebrndjekurit dhe tjet\u00ebr e v\u00ebrteta e Sigurimit t\u00eb Shtetit, qoft\u00eb dhe n\u00eb t\u00eb nj\u00ebjtat dokumente.<\/span><\/p>\n<p style=\"margin-bottom: 15.0pt;line-height: 18.0pt;background: white\" class=\"MsoNormal\"><span style=\"font-size: 13.5pt;font-family: 'Open Sans','serif';color: black\">Na sillen p\u00ebr t\u00eb pasur njohje apo p\u00ebr t\u00eb arritur nj\u00eb njollosje t\u00eb re? N\u00ebse e v\u00ebrteta \u00ebsht\u00eb nj\u00eb njoll\u00eb mbi l\u00ebkur\u00eb, a nuk duhet zbuluar dhe ai q\u00eb ia b\u00ebri at\u00eb njoll\u00eb ose ata? Dhe pse? Dhe kush \u00ebsht\u00eb m\u00eb pis, ai q\u00eb njollos\u00ebn apo ata q\u00eb njollosnin? Po kur \u00ebsht\u00eb plag\u00eb thike n\u00eb mish? Mjeku merret me kurimin e saj, kriminalisti me zbulimin e \u00e7\u00ebshtjes, n\u00ebse \u00ebsht\u00eb krim, etj. Studiuesi sjell t\u00eb v\u00ebrtet\u00ebn e plot\u00eb, n\u00ebse duhet, p\u00ebr ata q\u00eb u duhet. Hetimet e studiuesit n\u00eb fjal\u00eb jan\u00eb kap\u00ebrcime q\u00eb kan\u00eb p\u00ebr logjik\u00eb at\u00eb q\u00eb do t\u00eb donte hetuesi i Camajt, n\u00ebse do ta kishin arrestuar prap\u00eb.<\/span><\/p>\n<p style=\"margin-bottom: 15.0pt;line-height: 18.0pt;background: white\" class=\"MsoNormal\"><span style=\"font-size: 13.5pt;font-family: 'Open Sans','serif';color: black\">P\u00ebr Martin Camajn shkrimtar, autoritet i lart\u00eb i kultur\u00ebs Komb\u00ebtare, duhet ditur shum\u00eb\u00e7ka. E mbajtur larg ashtu si ai, e ndaluar dhe e panjohur e gjith\u00eb vepra e tij n\u00eb vitet e diktatur\u00ebs, ne na duhet zbulimi dhe njohja e vlerave t\u00eb tij, pastaj, kur ai ishte 23 vje\u00e7 \u00e7\u2019b\u00ebri Sigurimi i shtetit me t\u00eb duhet ta dim\u00eb, p\u00ebr t\u00eb ditur dhe kuptuar se \u00e7\u2019b\u00ebnte Sigurimi i shtetit, deri ku shkonte, \u00e7\u2019b\u00ebnte me t\u00eb rinjt\u00eb, me intelektual\u00ebt e ardhsh\u00ebm, sa d\u00ebmtonte vendin p\u00ebr t\u00eb mbrojtur sistemin, etj.<\/span><\/p>\n<p style=\"margin-bottom: 15.0pt;line-height: 18.0pt;background: white\" class=\"MsoNormal\"><span style=\"font-size: 13.5pt;font-family: 'Open Sans','serif';color: black\">Gjykoj se Martin Camaj shkrimtar, intelektual europian, \u00ebsht\u00eb tjet\u00ebr dhe s\u2019ka asgj\u00eb t\u00eb ngjashme me at\u00eb t\u00eb dosjes s\u00eb Sigurimit t\u00eb shtetit, t\u00eb 23 vje\u00e7arit q\u00eb u iku p\u00ebr t\u00eb qen\u00eb i lir\u00eb dhe q\u00eb t\u00eb b\u00ebhej ai q\u00eb u b\u00eb. Jeta e tij e m\u00ebtejshme dhe vepra nuk duken gj\u00ebkundi se kan\u00eb qen\u00eb n\u00eb sh\u00ebrbim t\u00eb Sigurimit t\u00eb shtetit, t\u00eb atij aksidenti, rrethanat e t\u00eb cilit jan\u00eb t\u00eb paqarta nga studiuesi, por t\u00eb qarta nga realiteti. Sigurimi i shtetit ishte shkat\u00ebrrimtar dhe ai iku.<\/span><\/p>\n<p style=\"margin-bottom: 15.0pt;line-height: 18.0pt;background: white\" class=\"MsoNormal\"><span style=\"font-size: 13.5pt;font-family: 'Open Sans','serif';color: black\">Tani \u00ebsht\u00eb rasti dhe koha p\u00ebr t\u00eb zbuluar dhe gjykuar Sigurimin e shtetit dhe t\u00eb d\u00ebnohet ky p\u00ebr d\u00ebmet e shkaktuara. Pastaj, e p\u00ebrs\u00ebris, t\u00eb gjykohen dhe bashk\u00ebpun\u00ebtor\u00ebt, sa d\u00ebm kan\u00eb sjell\u00eb ndaj t\u00eb tjer\u00ebve, \u00e7\u2019karrier\u00eb kan\u00eb b\u00ebr\u00eb, sa dekorata e fam\u00eb mor\u00ebn apo ia mbath\u00ebn edhe ata maleve, duke marr\u00eb arratin\u00eb.<\/span><\/p>\n<p style=\"margin-bottom: 15.0pt;line-height: 18.0pt;background: white\" class=\"MsoNormal\"><span style=\"font-size: 13.5pt;font-family: 'Open Sans','serif';color: black\">Studiuesit q\u00eb vazhdojn\u00eb t\u00eb p\u00ebrndjekin viktimat dhe jo ndjek\u00ebsit e atyre barbar\u00eb, b\u00ebhen pjes\u00eb e k\u00ebsaj p\u00ebrndjekje dhe jo ithtar\u00eb t\u00eb s\u00eb v\u00ebrtet\u00ebs q\u00eb na duhet.<\/span><\/p>\n<p style=\"margin-bottom: 15.0pt;line-height: 18.0pt;background: white\" class=\"MsoNormal\"><span style=\"font-size: 13.5pt;font-family: 'Open Sans','serif';color: black\">\u00cbsht\u00eb e kuptueshme q\u00eb ata q\u00eb arratiseshin nga diktatura e tmerrshme e vendosur n\u00eb Shqip\u00ebri, kudo q\u00eb t\u00eb shkonin, s\u2019do t\u00eb mund t\u00eb ishin t\u00eb qet\u00eb, as t\u00eb lir\u00eb si emigrant\u00eb politik\u00eb, sidomos me t\u00eb dal\u00eb n\u00eb Jugosllavin\u00eb e Titos, q\u00eb ose do t\u2019i kthenin nga erdh\u00ebn ose t\u2019i mbanin si\u00e7 do t\u00eb donin. Nd\u00ebrkaq p\u00ebrndjekja do t\u00eb vazhdonte nga Sigurimi i Shtetit fantazm\u00eb dhe jasht\u00eb, n\u00eb Jugosllavi, n\u00eb Greqi e Itali, n\u00eb Gjermani e deri n\u00eb SHBA. K\u00ebshtu del.<\/span><\/p>\n<p style=\"margin-bottom: 15.0pt;line-height: 18.0pt;background: white\" class=\"MsoNormal\"><span style=\"font-size: 13.5pt;font-family: 'Open Sans','serif';color: black\">Teknologjia sa primitive, po aq dhe barbare e Sigurimit t\u00eb Shtetit, tani ishte me p\u00ebrvojat e sofistikuara sovjetike dhe naziste dhe nuk p\u00ebrjashtohet dhe mund\u00ebsia si filles\u00eb e t\u00eb qenit n\u00eb sh\u00ebrbim e disa prej t\u00eb arratisurve, por dhe shk\u00ebputja e menj\u00ebhershme e tyre, por dhe falsifikimet e dykahshme.<\/span><\/p>\n<p style=\"margin-bottom: 15.0pt;line-height: 18.0pt;background: white\" class=\"MsoNormal\"><span style=\"font-size: 13.5pt;font-family: 'Open Sans','serif';color: black\">I arratisuri\u00a0<b>Reshat Agaj<\/b>\u00a0n\u00eb kujtimet e veta \u201cV\u00ebllai i pengut\u201d tregon se me t\u00eb kaluar kufirin p\u00ebr n\u00eb Greqi, k\u00ebrkon atasheun ushtarak amerikan dhe i rr\u00ebfehet se e ka d\u00ebrguar Sigurimi i shtetit, duke i mbajtur peng nj\u00eb v\u00eblla n\u00eb burg, t\u00eb cilin para se ta pushkatonin, punonte me kazm\u00eb n\u00eb tunelin sekret q\u00eb lidhte n\u00ebntok\u00eb Komitetin Qendror me Kryeministrin\u00eb n\u00eb Tiran\u00eb.<\/span><\/p>\n<p style=\"margin-bottom: 15.0pt;line-height: 18.0pt;background: white\" class=\"MsoNormal\"><b><span style=\"font-size: 13.5pt;font-family: 'Open Sans','serif';color: black\">Pjet\u00ebr Arbnori<\/span><\/b><span style=\"font-size: 13.5pt;font-family: 'Open Sans','serif';color: black\">\u00a0q\u00eb nga burgu i Burrelit pati guximin e madh t\u00eb d\u00ebrgonte nj\u00eb let\u00ebr lart n\u00eb shtet, q\u00eb nuk pranonte asgj\u00eb nga ato q\u00eb mund t\u00eb kish th\u00ebn\u00eb gjat\u00eb torturave, n\u00eb delirin e vdekjes.<\/span><\/p>\n<p style=\"margin-bottom: 15.0pt;line-height: 18.0pt;background: white\" class=\"MsoNormal\"><span style=\"font-size: 13.5pt;font-family: 'Open Sans','serif';color: black\">Sigurimi i shtetit gjithsesi synonte p\u00ebrndjekjet dhe terrorin aq sa ishte e mundur edhe jasht\u00eb vendit ndaj t\u00eb arratisurve. Q\u00ebllimi ishte, mendoj, i disadrejtimsh\u00ebm: neutralizimi i armikut t\u00eb ikur, i kund\u00ebrshtarit, i veprimtarive t\u00eb organizatave t\u00eb tyre kund\u00ebr sistemit diktatorial komunist n\u00eb Shqip\u00ebri. K\u00ebrc\u00ebnime t\u00eb vazhdueshme atyre edhe duke u d\u00ebmtuar familjet e mbetura n\u00eb atdhe, p\u00ebrhapjen me m\u00ebnyra dhe mjete q\u00eb i di ve\u00e7 Sigurimi, p\u00ebr t\u2019i b\u00ebr\u00eb t\u00eb dyshimta ikjet dhe q\u00ebndrimet n\u00eb vendet e huaja, n\u00eb diaspor\u00eb e m\u00eb gjer\u00eb, duke dekonspiruar apo sajuar, me q\u00ebllim p\u00ebr\u00e7arjen e m\u00ebtejshme t\u00eb diaspor\u00ebs dhe duke penguar k\u00ebshtu veprimtarit\u00eb e shteteve per\u00ebndimore, q\u00eb mund t\u00eb nd\u00ebrmerrnin me diaspor\u00ebn kund\u00ebr Shqip\u00ebris\u00eb s\u00eb Enver Hoxh\u00ebs, p\u00ebrmbysjes s\u00eb tij.<\/span><\/p>\n<p style=\"margin-bottom: 15.0pt;line-height: 18.0pt;background: white\" class=\"MsoNormal\"><span style=\"font-size: 13.5pt;font-family: 'Open Sans','serif';color: black\">Sigurimi i Shtetit del se ka qen\u00eb hiperaktiv, duke k\u00ebrkuar dhe arritur dhe zhdukjen fizike t\u00eb personaliteteve m\u00eb t\u00eb spikatur jasht\u00eb, jo vet\u00ebm politikan\u00eb, por dhe shkrimtar\u00eb, duke ua nd\u00ebrlikuar jet\u00ebn dhe p\u00ebrkushtimin krijues, etj.<\/span><\/p>\n<p style=\"margin-bottom: 15.0pt;line-height: 18.0pt;background: white\" class=\"MsoNormal\"><span style=\"font-size: 13.5pt;font-family: 'Open Sans','serif';color: black\">Natyrisht, ata s\u2019mund t\u00eb ishin aq t\u00eb lir\u00eb si azilant\u00eb politik\u00eb, si shkrimtar\u00eb besoj se po. Plot\u00ebsisht. Vepra e tyre shkencore e albanologjis\u00eb dhe ajo letrare ishte n\u00eb sh\u00ebrbim t\u00eb gjuh\u00ebs dhe let\u00ebrsis\u00eb shqipe, realitet shpirt\u00ebror shqiptar, mbetet kultur\u00eb dhe identitet komb\u00ebtar, nd\u00ebrkaq mund t\u00eb mos e ken\u00eb shmangur p\u00ebrfshirjen e tyre n\u00eb veprimtarit\u00eb e hapura dhe t\u00eb fshehta kund\u00ebr sistemit tiranik t\u00eb Enver Hoxh\u00ebs s\u00eb pathyesh\u00ebm, sipas nostalgjik\u00ebve t\u00eb tij, kur ai vet\u00eb, Enveri, ka qen\u00eb dhe ka b\u00ebr\u00eb edhe agjentin, aleatin e dyshimt\u00eb dhe kund\u00ebr-aleatin ende m\u00eb t\u00eb dyshimt\u00eb, dhe sh\u00ebrb\u00ebtorin e t\u00eb huajve deri n\u00eb p\u00ebrul\u00ebsi, vet\u00ebm q\u00eb t\u00eb sundoj\u00eb duke e shtypur pa m\u00ebshir\u00eb popullin e tij, duke d\u00ebmtuar shpesh e m\u00eb shpesh interesat e Shqip\u00ebris\u00eb.<\/span><\/p>\n<p style=\"margin-bottom: 15.0pt;line-height: 18.0pt;background: white\" class=\"MsoNormal\"><span style=\"font-size: 13.5pt;font-family: 'Open Sans','serif';color: black\">Shkrimtar\u00ebt e realizmit socialist t\u00eb tij ai i p\u00ebrdori dhe i keqp\u00ebrdori shume m\u00eb r\u00ebnd\u00eb se \u00e7\u2019mund t\u00eb b\u00ebnte armiku. Ai u shprishi dhe m\u00eb t\u00eb shenjt\u00ebn e tyre, krijimtarin\u00eb. Vlerat duhen ve\u00e7uar nga fati i autorit dhe duhen nderuar.<\/span><\/p>\n<p style=\"margin-bottom: 15.0pt;line-height: 18.0pt;background: white\" class=\"MsoNormal\"><span style=\"font-size: 13.5pt;font-family: 'Open Sans','serif';color: black\">Dhe s\u2019ka pse t\u00eb turfullohet ndaj konferencave n\u00eb Tiran\u00eb dhe n\u00eb Prishtin\u00eb ku dalin vlerat si shkrimtar\u00eb dhe personalitete t\u00eb kultur\u00ebs t\u00eb\u00a0<b>Ernest Koliqit<\/b>\u00a0dhe t\u00eb\u00a0<b>Martin Camajt<\/b>, t\u00eb cil\u00ebt b\u00ebn\u00eb art, ku te Koliqi s\u2019ka asgj\u00eb fashiste dhe te Camaj s\u2019ka asgj\u00eb antikomuniste. K\u00ebta ishin\u00a0<i>estetikisht<\/i>\u00a0kund\u00ebshtar\u00eb t\u00eb realizmit socialist. Dhe kur veprat nuk ishin n\u00eb sh\u00ebrbim t\u00eb kauz\u00ebs politike t\u00eb sistemit, sipas sundimtar\u00ebve, ato ishin kund\u00ebr.<\/span><\/p>\n<p style=\"margin-bottom: 15.0pt;line-height: 18.0pt;background: white\" class=\"MsoNormal\"><span style=\"font-size: 13.5pt;font-family: 'Open Sans','serif';color: black\">Mendimi kritik i qytet\u00ebruar ka etik\u00ebn e njer\u00ebzores dhe jo t\u00eb vras\u00ebsve t\u00eb saj. Th\u00ebn\u00eb me terma t\u00eb tanish\u00ebm, \u00ebsht\u00eb n\u00eb mbrojtje t\u00eb s\u00eb drejtave t\u00eb njeriut dhe nuk njeh si thyerje ato q\u00eb jan\u00eb arritur me forc\u00eb, me dhun\u00eb e tortura, psikike e fizike, ku Sigurimi i shtetit shqiptar ishte lavdimadh deri n\u00eb tmerr dhe asgj\u00ebsim n\u00eb k\u00ebt\u00eb drejtim.<\/span><\/p>\n<p style=\"margin-bottom: 15.0pt;line-height: 18.0pt;background: white\" class=\"MsoNormal\"><span style=\"font-size: 13.5pt;font-family: 'Open Sans','serif';color: black\">Mendimi kritik i qytet\u00ebruar e njeh t\u00eb v\u00ebrtet\u00ebn, madje do t\u00eb thosha se nuk e ndjen nevoj\u00ebn e k\u00ebrkimit t\u00eb saj se ajo \u00ebsht\u00eb e natyrshme brenda atij mendimi dhe veprimeve t\u00eb p\u00ebrgjegjshme qytetare, del n\u00eb mbrojtje t\u00eb viktim\u00ebs dhe jo anash e anash apo hapur n\u00eb mbrojtje t\u00eb persekutor\u00ebve..<\/span><\/p>\n<p style=\"margin-bottom: 15.0pt;line-height: 18.0pt;background: white\" class=\"MsoNormal\"><span style=\"font-size: 13.5pt;font-family: 'Open Sans','serif';color: black\">Mund dhe duhet t\u00eb m\u00ebsohet dhe nga q\u00ebndrimi kritik q\u00eb u mbajt me poetin amerikan\u00a0<b>Ezra Pound<\/b>, nd\u00ebr m\u00eb t\u00eb m\u00ebdhenjt\u00eb e poezis\u00eb moderne t\u00eb shekullit XX n\u00eb bot\u00eb, por q\u00eb ishte me bindje fashiste, madje mbas luft\u00ebs e nxjerrin dhe n\u00eb gjyq si t\u00eb till\u00eb. Por si poet \u00e7mohet nga t\u00eb gjith\u00eb bota e kultur\u00ebs.<\/span><\/p>\n<p style=\"margin-bottom: 15.0pt;line-height: 18.0pt;background: white\" class=\"MsoNormal\"><span style=\"font-size: 13.5pt;font-family: 'Open Sans','serif';color: black\">\u201c<i>Ka monstra t\u00eb mrekullueshme, qenie njer\u00ebzore q\u00eb kan\u00eb zgjedhur an\u00ebn e gabuar t\u00eb historis\u00eb me ide kriminale e krime ideologjike, por duke i dhuruar bot\u00ebs nj\u00eblloj cop\u00ebza bukurie me artin e tyre.\u00a0 Celine ishte antisemit,\u00a0 Heidegger nazist, Caravaggio vras\u00ebs\u2026\u201d\u00a0<\/i>\u2013 shkruan nj\u00eb shkrimtar i ri italian dhe pyet p\u00ebr Ezra Pound-in n\u00ebse \u00ebsht\u00eb e drejt\u00eb t\u00eb gjykohet p\u00ebr t\u00eb kaluar\u00ebn\u00a0 fashiste dhe jo p\u00ebr vepr\u00ebn e tij.<\/span><\/p>\n<p style=\"margin-bottom: 15.0pt;line-height: 18.0pt;background: white\" class=\"MsoNormal\"><span style=\"font-size: 13.5pt;font-family: 'Open Sans','serif';color: black\">Shpesh ata jan\u00eb viktima apo t\u00eb gabuarit e ideologjive q\u00eb marrin pushtet tiranik. Ne jemi shum\u00eb larg k\u00ebtij t\u00eb gjykuari, por dhe t\u00eb atij realiteti. Shkrimtar\u00ebt shqiptar\u00eb nd\u00ebrkaq nuk kan\u00eb qen\u00eb t\u00eb lir\u00eb. Edhe Ernest Koliqi ka sh\u00ebrbyer n\u00ebn pushtimin fashist, edhe duke i besuar, gjithsesi n\u00eb totatlitariz\u00ebm, kurse Martin Camaj ka qen\u00eb i p\u00ebrndjekur i regjimit komunist dhe t\u00eb dy ik\u00ebn nga atdheu, por jo nga dashuria p\u00ebr atdhe, as nga meraku p\u00ebr Shqip\u00ebrin\u00eb dhe sh\u00ebrbimi ndaj saj.. Natyrisht k\u00ebt\u00eb s\u2019ka si ta ket\u00eb dosja armike e Sigurimit, por vepra e tyre, q\u00eb \u00a0\u00ebsht\u00eb jo vet\u00ebm e bukur dhe me r\u00ebnd\u00ebsi, por m\u00eb shqiptare se ata q\u00eb dol\u00ebn n\u00eb krye t\u00eb Shqip\u00ebris\u00eb si fitimtar\u00eb dhe e atyre q\u00eb i sh\u00ebrbyen realizmit socialist t\u00eb tyre.<\/span><\/p>\n<p style=\"margin-bottom: 15.0pt;line-height: 18.0pt;background: white\" class=\"MsoNormal\"><span style=\"font-size: 13.5pt;font-family: 'Open Sans','serif';color: black\">Nd\u00ebrkaq vepra e tyre ka t\u00eb ardhme. E kund\u00ebrshtar\u00ebve t\u00eb tyre ka vet\u00ebm t\u00eb shkuar. Duket sikur Sigurimi i mbetur i shtetit vazhdon luft\u00ebn ndryshe ndaj t\u00eb ikurve, m\u00eb par\u00eb duke i shpallur dezertor\u00eb, tradhtar\u00eb, t\u00eb d\u00ebnuar me vdekje, kurse sot dhe si t\u00eb d\u00ebrguar nga Sigurimi i shtetit, p\u00ebrndryshe t\u00eb v\u00ebn\u00eb n\u00eb sh\u00ebrbim t\u00eb agjenturave t\u00eb huaja kund\u00ebr regjimit, q\u00eb e identifikojn\u00eb me atdheun.<\/span><\/p>\n<p style=\"margin-bottom: 15.0pt;line-height: 18.0pt;background: white\" class=\"MsoNormal\"><span style=\"font-size: 13.5pt;font-family: 'Open Sans','serif';color: black\">Ata studiues agjenturor\u00eb do t\u00eb ishin m\u00eb t\u00eb dobish\u00ebm, n\u00ebse do ta kishin par\u00ebsore t\u2019i sh\u00ebrbenin t\u00eb sotmes dhe jo t\u00eb djeshmes, t\u00eb na zbulonin me dokumente se si ka vepruar diktatura dhe diktator\u00ebt, Sigurimi i tmerrsh\u00ebm i shtetit ndaj shkrimtar\u00ebve dhe artist\u00ebve brenda dhe jasht\u00eb vendit, me ata vet\u00eb, n\u00ebse m\u00ebtojn\u00eb t\u00eb kalojn\u00eb sinoret.<\/span><\/p>\n<p style=\"margin-bottom: 15.0pt;line-height: 18.0pt;background: white\" class=\"MsoNormal\"><span style=\"font-size: 13.5pt;font-family: 'Open Sans','serif';color: black\">Studimi i asisojsh\u00ebm i ngjan nj\u00eb hetuesie pas vdekjes me tortura kufom\u00ebs.<\/span><\/p>\n<p style=\"margin-bottom: 15.0pt;line-height: 18.0pt;background: white\" class=\"MsoNormal\"><span style=\"font-size: 13.5pt;font-family: 'Open Sans','serif';color: black\">Dosja e shkrimtarit Martin Camaj me ato dokumente ashtu nuk \u00ebsht\u00eb vep\u00ebr e tij, por e Sigurimit t\u00eb Shtetit dhe nuk duhet gjykuar shkrimtari, por kapteri II, oficer\u00ebt e sigurimit deri te shefi i tyre i lart\u00eb, Enver Hoxha. Kjo \u00ebsht\u00eb v\u00ebrteta reale.<\/span><\/p>\n<p style=\"margin-bottom: 15.0pt;line-height: 18.0pt;background: white\" class=\"MsoNormal\"><span style=\"font-size: 13.5pt;font-family: 'Open Sans','serif';color: black\">*\u00a0\u00a0 *\u00a0\u00a0 *<\/span><\/p>\n<p style=\"margin-bottom: 15.0pt;line-height: 18.0pt;background: white\" class=\"MsoNormal\"><span style=\"font-size: 13.5pt;font-family: 'Open Sans','serif';color: black\">Shkrimtari nobelist\u00a0<i>Hermann Hesse<\/i>\u00a0thot\u00eb n\u00eb nj\u00eb poezi t\u00eb vet\u00ebn:\u00a0<i>m\u00eb mir\u00eb t\u00eb t\u00eb vrasin komunist\u00ebt, sesa t\u00eb jesh komunist.\u00a0<\/i>E thot\u00eb dhe p\u00ebr nazist\u00ebt. Mund ta vazhdonim, m\u00eb mir\u00eb t\u00eb t\u00eb vras\u00eb e keqja, se sa t\u00eb jesh i keq.<\/span><\/p>\n<p style=\"margin-bottom: 15.0pt;line-height: 18.0pt;background: white\" class=\"MsoNormal\"><span style=\"font-size: 13.5pt;font-family: 'Open Sans','serif';color: black\">At\u00ebher\u00eb kemi \u00e7\u2019t\u00eb nxjerrim m\u00eb par\u00eb e \u00e7\u2019p\u00ebrgjegj\u00ebsi. Dhe kuraj\u00ebn e nd\u00ebshkimit sipas fajit a d\u00ebmit. Shoq\u00ebria shqiptare t\u00eb jet\u00eb e aft\u00eb q\u00eb t\u00eb shpalos\u00eb vlerat e larta morale deri n\u00eb heroiz\u00ebm trondit\u00ebs, edhe aty ku jan\u00eb mbuluar me gjak e balt\u00eb e p\u00ebrbaltje. P\u00ebr vetedukim t\u00eb tanish\u00ebm dhe t\u00eb s\u00eb ardhmes.<\/span><\/p>\n<p style=\"margin-bottom: 15.0pt;line-height: 18.0pt;background: white\" class=\"MsoNormal\"><span style=\"font-size: 13.5pt;font-family: 'Open Sans','serif';color: black\">N\u00ebse do t\u00eb mundet.<\/span><\/p>\n<p style=\"margin-bottom: 15.0pt;line-height: 18.0pt;background: white\" class=\"MsoNormal\"><span style=\"font-size: 13.5pt;font-family: 'Open Sans','serif';color: black\">*\u00a0\u00a0 *\u00a0\u00a0 *<\/span><\/p>\n<p style=\"margin-bottom: 15.0pt;line-height: 18.0pt;background: white\" class=\"MsoNormal\"><i><span style=\"font-size: 13.5pt;font-family: 'Open Sans','serif';color: black\">T\u00eb gjith\u00eb kan\u00eb kryqin e tyre mbi shpin\u00eb, por disa e kan\u00eb n\u00eb form\u00ebn e drap\u00ebr-dhe-\u00e7ekanit.<\/span><\/i><\/p>\n<p style=\"margin-bottom: 15.0pt;line-height: 18.0pt;background: white\" class=\"MsoNormal\"><i><span style=\"font-size: 13.5pt;font-family: 'Open Sans','serif';color: black\">Nga VOAL<\/span><\/i><span style=\"font-size: 13.5pt;font-family: 'Open Sans','serif';color: black\"><\/span><\/p>\n","protected":false},"excerpt":{"rendered":"<p>\u00c7eshtja Cami dhe Koliqi nen vezhgim &#8230; \u00a07 korrik 2020 Nga Visar Zhiti N\u00eb librin n\u00eb fjal\u00eb, flas paksa edhe p\u00ebr bashk\u00ebpunimin e shkrimtar\u00ebve me policin\u00eb sekrete dhe me Sigurimin e Shtetit; por u ula ta p\u00ebrdit\u00ebsoj k\u00ebt\u00eb kartel\u00eb, sipas t\u00eb dh\u00ebnave q\u00eb na u ofruan dje, me gjykimin tim, sipas p\u00ebrvoj\u00ebs nga vij, nga [&hellip;]<\/p>\n","protected":false},"author":9,"featured_media":36081,"comment_status":"open","ping_status":"open","sticky":false,"template":"","format":"standard","meta":{"jetpack_post_was_ever_published":false,"_jetpack_newsletter_access":"","_jetpack_dont_email_post_to_subs":false,"_jetpack_newsletter_tier_id":0,"_jetpack_memberships_contains_paywalled_content":false,"_jetpack_memberships_contains_paid_content":false,"footnotes":"","jetpack_publicize_message":"","jetpack_publicize_feature_enabled":true,"jetpack_social_post_already_shared":true,"jetpack_social_options":{"image_generator_settings":{"template":"highway","default_image_id":0,"font":"","enabled":false},"version":2}},"categories":[85,10,86],"tags":[],"class_list":["post-36080","post","type-post","status-publish","format-standard","has-post-thumbnail","hentry","category-histori","category-kultura","category-trashegimi-kulturore"],"jetpack_publicize_connections":[],"jetpack_featured_media_url":"https:\/\/i0.wp.com\/www.shqiperia.com\/blog\/wp-content\/uploads\/2020\/07\/vme.jpg?fit=828%2C272&ssl=1","jetpack_sharing_enabled":true,"jetpack_shortlink":"https:\/\/wp.me\/p5Z6wp-9nW","jetpack-related-posts":[{"id":20949,"url":"https:\/\/www.shqiperia.com\/blog\/dy-kartolina-postare-te-shkruara-autograf-nga-ernest-koliqi\/","url_meta":{"origin":36080,"position":0},"title":"Dy kartolina postare te shkruara autograf nga Ernest Koliqi. &#8211;","author":"Kurt Farka","date":"May 10, 2019","format":false,"excerpt":"Me rastin e pervjetorit te lindjes. Dy kartolina postare te shkruara autograf nga Ernest Koliqi. Njera i eshte derguar Studiuesi Henrik Lacaj dhe tjetra Z. Luigj Koliqit. Kartpostalet (kartolinat) ruhen ne nje koleksion privat.","rel":"","context":"In &quot;Njoftime Shtypi&quot;","block_context":{"text":"Njoftime Shtypi","link":"https:\/\/www.shqiperia.com\/blog\/category\/njoftime-shtypi\/"},"img":{"alt_text":"","src":"https:\/\/i0.wp.com\/www.shqiperia.com\/blog\/wp-content\/uploads\/2019\/05\/Kartpostale-Ernest-Kolici.jpg?fit=536%2C300&ssl=1&resize=350%2C200","width":350,"height":200,"srcset":"https:\/\/i0.wp.com\/www.shqiperia.com\/blog\/wp-content\/uploads\/2019\/05\/Kartpostale-Ernest-Kolici.jpg?fit=536%2C300&ssl=1&resize=350%2C200 1x, https:\/\/i0.wp.com\/www.shqiperia.com\/blog\/wp-content\/uploads\/2019\/05\/Kartpostale-Ernest-Kolici.jpg?fit=536%2C300&ssl=1&resize=525%2C300 1.5x"},"classes":[]},{"id":1416,"url":"https:\/\/www.shqiperia.com\/blog\/kur-martin-camaj-kujtonte-ernest-koliqin\/","url_meta":{"origin":36080,"position":1},"title":"Kur Martin Camaj kujtonte Ernest Koliqin","author":"Kurt Farka","date":"January 15, 2018","format":false,"excerpt":"Foto: Ernest Koliqi Nga Martin CAMAJ E rand\u00eb dhe e v\u00ebshtir\u00eb asht edhe p\u00ebr mue barra q\u00eb po m\u00eb bie t\u00eb shkruej p\u00ebr k\u00ebt\u00eb humbje shi n\u00eb k\u00ebt\u00eb vend ku Ernest Koliqi shtjelloi p\u00ebr tet\u00ebmb\u00ebdhjet\u00eb vjet tema gjithfar\u00ebsh shoqnore, frym\u00ebdhan\u00ebse t\u00eb artit dhe p\u00ebrtrijse t\u00eb kultur\u00ebs shqiptare. Kjo pesh\u00eb leht\u00ebsohet\u2026","rel":"","context":"In &quot;Kultura&quot;","block_context":{"text":"Kultura","link":"https:\/\/www.shqiperia.com\/blog\/category\/kultura\/"},"img":{"alt_text":"","src":"https:\/\/i0.wp.com\/www.shqiperia.com\/blog\/wp-content\/uploads\/2018\/01\/Ernest-Koliqi-200x300.jpg?resize=350%2C200","width":350,"height":200},"classes":[]},{"id":36189,"url":"https:\/\/www.shqiperia.com\/blog\/camaj-e-koliqi-spiune-debat-i-forte-mes-tares-dhe-cupit-ne-studio-qenkeni-mashtrues-je-kunder-katolikeve\/","url_meta":{"origin":36080,"position":2},"title":"Camaj e Koliqi, spiun\u00eb? Debat i fort\u00eb mes Tares dhe \u00c7upit n\u00eb studio: Qenkeni mashtrues&#8230; Je kund\u00ebr katolik\u00ebve","author":"Kurt Farka","date":"July 10, 2020","format":false,"excerpt":"Camaj e Koliqi, spiun\u00eb? Debat i fort\u00eb mes Tares dhe \u00c7upit n\u00eb studio: Qenkeni mashtrues... Je kund\u00ebr katolik\u00ebve 10 KORRIK 2020 \u00c7upi: - \u2026Gjith\u00eb sulmin e b\u00ebn se jan\u00eb verior\u00eb, katolik\u00eb, anti-komunist\u00eb. Edhe babai juaj ka qen\u00eb kund\u00ebr tyre\u2026. Nj\u00eb deklarat\u00eb e Auron Tares ka hapur nj\u00eb debat t\u00eb gjer\u00eb\u2026","rel":"","context":"In &quot;Blogu i Udh\u00ebtarit&quot;","block_context":{"text":"Blogu i Udh\u00ebtarit","link":"https:\/\/www.shqiperia.com\/blog\/category\/blogu-i-udhetarit\/"},"img":{"alt_text":"","src":"https:\/\/i0.wp.com\/www.shqiperia.com\/blog\/wp-content\/uploads\/2020\/07\/640-0-5f0878168732c.jpg?fit=640%2C298&ssl=1&resize=350%2C200","width":350,"height":200,"srcset":"https:\/\/i0.wp.com\/www.shqiperia.com\/blog\/wp-content\/uploads\/2020\/07\/640-0-5f0878168732c.jpg?fit=640%2C298&ssl=1&resize=350%2C200 1x, https:\/\/i0.wp.com\/www.shqiperia.com\/blog\/wp-content\/uploads\/2020\/07\/640-0-5f0878168732c.jpg?fit=640%2C298&ssl=1&resize=525%2C300 1.5x"},"classes":[]},{"id":62837,"url":"https:\/\/www.shqiperia.com\/blog\/vezhgim-askush-nuk-eshte-kujtuar-te-hartoje-nje-liste-te-lahutareve-qe-jetojne-e-kendojne-eposin-shqiptare\/","url_meta":{"origin":36080,"position":3},"title":"Vezhgim: &#8211; Askush nuk eshte kujtuar te hartoje nje liste te lahutareve qe jetojne e kendojne Eposin Shqiptare.","author":"Kurt Farka","date":"October 1, 2022","format":false,"excerpt":"Ky eshte Lahutari Gjelosh Alia. 1 Tetor 2022 - Na erdhi mire qe u zvillu ne Koplik Takimi i Lahutareve, nje veprimtari shume e vlefshme ne drejtim te Trahegimise tone. - Por u habita kur thuhej se kane mbetur vetem 20 lahutare ne truallin shqiptar. Ja ketu po jap edhe\u2026","rel":"","context":"In &quot;Arte&quot;","block_context":{"text":"Arte","link":"https:\/\/www.shqiperia.com\/blog\/category\/arte\/"},"img":{"alt_text":"","src":"https:\/\/i0.wp.com\/www.shqiperia.com\/blog\/wp-content\/uploads\/2022\/10\/Lahutari-Gjelosh-Alia-nga-fshati-Dardhe-Puke.jpg?fit=1200%2C738&ssl=1&resize=350%2C200","width":350,"height":200,"srcset":"https:\/\/i0.wp.com\/www.shqiperia.com\/blog\/wp-content\/uploads\/2022\/10\/Lahutari-Gjelosh-Alia-nga-fshati-Dardhe-Puke.jpg?fit=1200%2C738&ssl=1&resize=350%2C200 1x, https:\/\/i0.wp.com\/www.shqiperia.com\/blog\/wp-content\/uploads\/2022\/10\/Lahutari-Gjelosh-Alia-nga-fshati-Dardhe-Puke.jpg?fit=1200%2C738&ssl=1&resize=525%2C300 1.5x, https:\/\/i0.wp.com\/www.shqiperia.com\/blog\/wp-content\/uploads\/2022\/10\/Lahutari-Gjelosh-Alia-nga-fshati-Dardhe-Puke.jpg?fit=1200%2C738&ssl=1&resize=700%2C400 2x, https:\/\/i0.wp.com\/www.shqiperia.com\/blog\/wp-content\/uploads\/2022\/10\/Lahutari-Gjelosh-Alia-nga-fshati-Dardhe-Puke.jpg?fit=1200%2C738&ssl=1&resize=1050%2C600 3x"},"classes":[]},{"id":13041,"url":"https:\/\/www.shqiperia.com\/blog\/93-disqe-pllaka-gramafoni-nga-viti-1920-deri-ne-1940-ekspozohen-ne-shkoder\/","url_meta":{"origin":36080,"position":4},"title":"93 disqe (pllaka gramafoni)  nga viti 1920 deri n\u00eb 1940 ekspozohen n\u00eb Shkod\u00ebr. &#8211;","author":"Kurt Farka","date":"October 26, 2018","format":false,"excerpt":"93 disqe (pllaka gramafoni)\u00a0 nga viti 1920 deri n\u00eb 1940 ekspozohen n\u00eb Shkod\u00ebr. - P\u00ebr her\u00eb t\u00eb par\u00eb kan\u00eb dal\u00eb n\u00eb drit\u00eb regjistrime muzikore unike t\u00eb viteve \u2018900, t\u00eb realizuara n\u00eb Shkod\u00ebr nga \u201cColumbia Production\u201d. K\u00ebto regjistrime u prezantuan n\u00eb Muzeun Historik t\u00eb Shkodr\u00ebs, p\u00ebr t\u2019u b\u00ebr\u00eb pjes\u00eb e nj\u00eb\u2026","rel":"","context":"In &quot;Arte&quot;","block_context":{"text":"Arte","link":"https:\/\/www.shqiperia.com\/blog\/category\/arte\/"},"img":{"alt_text":"","src":"https:\/\/i0.wp.com\/www.shqiperia.com\/blog\/wp-content\/uploads\/2018\/10\/orkesetr.jpg?fit=1169%2C661&ssl=1&resize=350%2C200","width":350,"height":200,"srcset":"https:\/\/i0.wp.com\/www.shqiperia.com\/blog\/wp-content\/uploads\/2018\/10\/orkesetr.jpg?fit=1169%2C661&ssl=1&resize=350%2C200 1x, https:\/\/i0.wp.com\/www.shqiperia.com\/blog\/wp-content\/uploads\/2018\/10\/orkesetr.jpg?fit=1169%2C661&ssl=1&resize=525%2C300 1.5x, https:\/\/i0.wp.com\/www.shqiperia.com\/blog\/wp-content\/uploads\/2018\/10\/orkesetr.jpg?fit=1169%2C661&ssl=1&resize=700%2C400 2x, https:\/\/i0.wp.com\/www.shqiperia.com\/blog\/wp-content\/uploads\/2018\/10\/orkesetr.jpg?fit=1169%2C661&ssl=1&resize=1050%2C600 3x"},"classes":[]},{"id":98761,"url":"https:\/\/www.shqiperia.com\/blog\/11-administratore-shperndanin-droge-brenda-klubeve-tek-lokalet-e-nates-ne-ish-bllok\/","url_meta":{"origin":36080,"position":5},"title":"11 administrator\u00eb shp\u00ebrndanin drog\u00eb brenda klubeve tek lokalet e nat\u00ebs n\u00eb ish-Bllok","author":"Kurt Farka","date":"March 28, 2026","format":false,"excerpt":"28 Mars 2026 E premtja mbr\u00ebma pati tjet\u00ebr adrenalin\u00eb n\u00eb lokalet e nat\u00ebs n\u00eb zon\u00ebn e ish bllokut kryeqytet. Policia e Tiran\u00ebs prej muajsh kishte v\u00ebn\u00eb n\u00ebn v\u00ebzhgim disa prej k\u00ebtyre lokaleve n\u00ebn dyshimin se punonj\u00ebs ose administrator\u00eb t\u00eb tyre shp\u00ebrndanin l\u00ebnd\u00eb narkotike. Si rezultat i nd\u00ebrhyrjes s\u00eb beft\u00eb n\u00eb\u2026","rel":"","context":"In &quot;Blogu i Udh\u00ebtarit&quot;","block_context":{"text":"Blogu i Udh\u00ebtarit","link":"https:\/\/www.shqiperia.com\/blog\/category\/blogu-i-udhetarit\/"},"img":{"alt_text":"","src":"https:\/\/i0.wp.com\/www.shqiperia.com\/blog\/wp-content\/uploads\/2026\/03\/dd.webp?fit=1200%2C681&ssl=1&resize=350%2C200","width":350,"height":200,"srcset":"https:\/\/i0.wp.com\/www.shqiperia.com\/blog\/wp-content\/uploads\/2026\/03\/dd.webp?fit=1200%2C681&ssl=1&resize=350%2C200 1x, https:\/\/i0.wp.com\/www.shqiperia.com\/blog\/wp-content\/uploads\/2026\/03\/dd.webp?fit=1200%2C681&ssl=1&resize=525%2C300 1.5x, https:\/\/i0.wp.com\/www.shqiperia.com\/blog\/wp-content\/uploads\/2026\/03\/dd.webp?fit=1200%2C681&ssl=1&resize=700%2C400 2x, https:\/\/i0.wp.com\/www.shqiperia.com\/blog\/wp-content\/uploads\/2026\/03\/dd.webp?fit=1200%2C681&ssl=1&resize=1050%2C600 3x"},"classes":[]}],"_links":{"self":[{"href":"https:\/\/www.shqiperia.com\/blog\/wp-json\/wp\/v2\/posts\/36080","targetHints":{"allow":["GET"]}}],"collection":[{"href":"https:\/\/www.shqiperia.com\/blog\/wp-json\/wp\/v2\/posts"}],"about":[{"href":"https:\/\/www.shqiperia.com\/blog\/wp-json\/wp\/v2\/types\/post"}],"author":[{"embeddable":true,"href":"https:\/\/www.shqiperia.com\/blog\/wp-json\/wp\/v2\/users\/9"}],"replies":[{"embeddable":true,"href":"https:\/\/www.shqiperia.com\/blog\/wp-json\/wp\/v2\/comments?post=36080"}],"version-history":[{"count":2,"href":"https:\/\/www.shqiperia.com\/blog\/wp-json\/wp\/v2\/posts\/36080\/revisions"}],"predecessor-version":[{"id":36083,"href":"https:\/\/www.shqiperia.com\/blog\/wp-json\/wp\/v2\/posts\/36080\/revisions\/36083"}],"wp:featuredmedia":[{"embeddable":true,"href":"https:\/\/www.shqiperia.com\/blog\/wp-json\/wp\/v2\/media\/36081"}],"wp:attachment":[{"href":"https:\/\/www.shqiperia.com\/blog\/wp-json\/wp\/v2\/media?parent=36080"}],"wp:term":[{"taxonomy":"category","embeddable":true,"href":"https:\/\/www.shqiperia.com\/blog\/wp-json\/wp\/v2\/categories?post=36080"},{"taxonomy":"post_tag","embeddable":true,"href":"https:\/\/www.shqiperia.com\/blog\/wp-json\/wp\/v2\/tags?post=36080"}],"curies":[{"name":"wp","href":"https:\/\/api.w.org\/{rel}","templated":true}]}}