{"id":35957,"date":"2020-06-30T07:39:21","date_gmt":"2020-06-30T07:39:21","guid":{"rendered":"https:\/\/www.shqiperia.com\/blog\/?p=35957"},"modified":"2020-06-30T07:39:21","modified_gmt":"2020-06-30T07:39:21","slug":"temperatura-te-larta-e-vranesira-kalimtare-njihuni-me-parashikimin-e-motit-per-sot","status":"publish","type":"post","link":"https:\/\/www.shqiperia.com\/blog\/temperatura-te-larta-e-vranesira-kalimtare-njihuni-me-parashikimin-e-motit-per-sot\/","title":{"rendered":"Temperatura t\u00eb larta e vran\u00ebsira kalimtare\/ Njihuni me parashikimin e motit p\u00ebr sot"},"content":{"rendered":"<p><img data-recalc-dims=\"1\" loading=\"lazy\" decoding=\"async\" data-attachment-id=\"35958\" data-permalink=\"https:\/\/www.shqiperia.com\/blog\/temperatura-te-larta-e-vranesira-kalimtare-njihuni-me-parashikimin-e-motit-per-sot\/parashikimi-i-motit\/\" data-orig-file=\"https:\/\/i0.wp.com\/www.shqiperia.com\/blog\/wp-content\/uploads\/2020\/06\/parashikimi-i-motit.jpg?fit=747%2C428&amp;ssl=1\" data-orig-size=\"747,428\" data-comments-opened=\"1\" data-image-meta=\"{&quot;aperture&quot;:&quot;0&quot;,&quot;credit&quot;:&quot;Blerim&quot;,&quot;camera&quot;:&quot;&quot;,&quot;caption&quot;:&quot;&quot;,&quot;created_timestamp&quot;:&quot;1492941445&quot;,&quot;copyright&quot;:&quot;&quot;,&quot;focal_length&quot;:&quot;0&quot;,&quot;iso&quot;:&quot;0&quot;,&quot;shutter_speed&quot;:&quot;0&quot;,&quot;title&quot;:&quot;&quot;,&quot;orientation&quot;:&quot;0&quot;}\" data-image-title=\"parashikimi-i-motit\" data-image-description=\"\" data-image-caption=\"\" data-medium-file=\"https:\/\/i0.wp.com\/www.shqiperia.com\/blog\/wp-content\/uploads\/2020\/06\/parashikimi-i-motit.jpg?fit=300%2C172&amp;ssl=1\" data-large-file=\"https:\/\/i0.wp.com\/www.shqiperia.com\/blog\/wp-content\/uploads\/2020\/06\/parashikimi-i-motit.jpg?fit=747%2C428&amp;ssl=1\" class=\"alignnone  wp-image-35958\" alt=\"\" src=\"https:\/\/i0.wp.com\/www.shqiperia.com\/blog\/wp-content\/uploads\/2020\/06\/parashikimi-i-motit.jpg?resize=464%2C266&#038;ssl=1\" width=\"464\" height=\"266\" srcset=\"https:\/\/i0.wp.com\/www.shqiperia.com\/blog\/wp-content\/uploads\/2020\/06\/parashikimi-i-motit.jpg?resize=300%2C172&amp;ssl=1 300w, https:\/\/i0.wp.com\/www.shqiperia.com\/blog\/wp-content\/uploads\/2020\/06\/parashikimi-i-motit.jpg?resize=450%2C258&amp;ssl=1 450w, https:\/\/i0.wp.com\/www.shqiperia.com\/blog\/wp-content\/uploads\/2020\/06\/parashikimi-i-motit.jpg?resize=600%2C344&amp;ssl=1 600w, https:\/\/i0.wp.com\/www.shqiperia.com\/blog\/wp-content\/uploads\/2020\/06\/parashikimi-i-motit.jpg?resize=400%2C229&amp;ssl=1 400w, https:\/\/i0.wp.com\/www.shqiperia.com\/blog\/wp-content\/uploads\/2020\/06\/parashikimi-i-motit.jpg?w=747&amp;ssl=1 747w\" sizes=\"auto, (max-width: 464px) 100vw, 464px\" \/><\/p>\n<p><strong>Temperatura t\u00eb larta e vran\u00ebsira kalimtare\/ Njihuni me parashikimin e motit p\u00ebr sot<\/strong><\/p>\n<p>&#8211; 30\/06\/<em>20 <\/em><\/p>\n<p>P\u00ebrgjat\u00eb dit\u00ebs s\u00eb sotme kthjellimet dhe temperaturat relativisht t\u00eb larta do t\u00eb mbizot\u00ebrojn\u00eb n\u00eb vendin ton\u00eb.<\/p>\n<p>Mesdita do t\u00eb sjell\u00eb kalime vran\u00ebsirash, ku m\u00eb t\u00eb shpeshta do jen\u00eb n\u00eb skajin verior duke rrezikuar ndonj\u00eb rrebesh t\u00eb izoluar.<\/p>\n<p>Pjesa tjet\u00ebr e territorit vijon me kthjellime.<\/p>\n<p>Era do fryj\u00eb e leht\u00eb me shpejt\u00ebsi deri 30 km\/h nga drejtimi Veriper\u00ebndimor duke krijuar brigjet detare dallg\u00ebzim 2-3 ball\u00eb.<\/p>\n<p>Dit\u00ebn e sotme, temperaturat minimale dhe maksimale t\u00eb ajrit pritet t\u00eb arrijn\u00eb:<\/p>\n<p>n\u00eb bregdet: 19 \/ 33\u00b0C<\/p>\n<p>n\u00eb vendet e ul\u00ebta: 16 \/ 35\u00b0C<\/p>\n<p>n\u00eb vendet malore: 14 \/ 32\u00b0C<\/p>\n","protected":false},"excerpt":{"rendered":"<p>Temperatura t\u00eb larta e vran\u00ebsira kalimtare\/ Njihuni me parashikimin e motit p\u00ebr sot &#8211; 30\/06\/20 P\u00ebrgjat\u00eb dit\u00ebs s\u00eb sotme kthjellimet dhe temperaturat relativisht t\u00eb larta do t\u00eb mbizot\u00ebrojn\u00eb n\u00eb vendin ton\u00eb. Mesdita do t\u00eb sjell\u00eb kalime vran\u00ebsirash, ku m\u00eb t\u00eb shpeshta do jen\u00eb n\u00eb skajin verior duke rrezikuar ndonj\u00eb rrebesh t\u00eb izoluar. Pjesa tjet\u00ebr e [&hellip;]<\/p>\n","protected":false},"author":9,"featured_media":35958,"comment_status":"open","ping_status":"open","sticky":false,"template":"","format":"standard","meta":{"jetpack_post_was_ever_published":false,"_jetpack_newsletter_access":"","_jetpack_dont_email_post_to_subs":false,"_jetpack_newsletter_tier_id":0,"_jetpack_memberships_contains_paywalled_content":false,"_jetpack_memberships_contains_paid_content":false,"footnotes":"","jetpack_publicize_message":"","jetpack_publicize_feature_enabled":true,"jetpack_social_post_already_shared":true,"jetpack_social_options":{"image_generator_settings":{"template":"highway","default_image_id":0,"font":"","enabled":false},"version":2}},"categories":[27],"tags":[],"class_list":["post-35957","post","type-post","status-publish","format-standard","has-post-thumbnail","hentry","category-blogu-i-udhetarit"],"jetpack_publicize_connections":[],"jetpack_featured_media_url":"https:\/\/i0.wp.com\/www.shqiperia.com\/blog\/wp-content\/uploads\/2020\/06\/parashikimi-i-motit.jpg?fit=747%2C428&ssl=1","jetpack_sharing_enabled":true,"jetpack_shortlink":"https:\/\/wp.me\/p5Z6wp-9lX","jetpack-related-posts":[{"id":38263,"url":"https:\/\/www.shqiperia.com\/blog\/temperatura-te-larta-dhe-vranesira-njihuni-me-surprizat-e-motit-per-diten-e-sotme\/","url_meta":{"origin":35957,"position":0},"title":"Temperatura t\u00eb larta dhe vran\u00ebsira, njihuni me surprizat e motit p\u00ebr dit\u00ebn e sotme","author":"Kurt Farka","date":"September 10, 2020","format":false,"excerpt":"Temperatura t\u00eb larta dhe vran\u00ebsira, njihuni me surprizat e motit p\u00ebr dit\u00ebn e sotme 10 SHTATOR 2020 Dit\u00ebn e sotme vendi yn\u00eb do t\u00eb jet\u00eb n\u00ebn ndikimin e kthjellimeve, me mot t\u00eb q\u00ebndruesh\u00ebm n\u00eb zonat e ulta dhe bregdetare, nd\u00ebrsa me vran\u00ebsira n\u00eb zonat p\u00ebrgjat\u00eb kufirit lindor. Sipas Meteoalb, temperaturat\u2026","rel":"","context":"In &quot;Blogu i Udh\u00ebtarit&quot;","block_context":{"text":"Blogu i Udh\u00ebtarit","link":"https:\/\/www.shqiperia.com\/blog\/category\/blogu-i-udhetarit\/"},"img":{"alt_text":"","src":"https:\/\/i0.wp.com\/www.shqiperia.com\/blog\/wp-content\/uploads\/2020\/09\/640-0-5f59b642d5325.jpg?fit=640%2C366&ssl=1&resize=350%2C200","width":350,"height":200,"srcset":"https:\/\/i0.wp.com\/www.shqiperia.com\/blog\/wp-content\/uploads\/2020\/09\/640-0-5f59b642d5325.jpg?fit=640%2C366&ssl=1&resize=350%2C200 1x, https:\/\/i0.wp.com\/www.shqiperia.com\/blog\/wp-content\/uploads\/2020\/09\/640-0-5f59b642d5325.jpg?fit=640%2C366&ssl=1&resize=525%2C300 1.5x"},"classes":[]},{"id":79736,"url":"https:\/\/www.shqiperia.com\/blog\/keni-bere-plane-per-kete-fundjave-njihuni-me-pare-me-parashikimin-e-motit\/","url_meta":{"origin":35957,"position":1},"title":"Keni b\u00ebr\u00eb plane p\u00ebr k\u00ebt\u00eb fundjav\u00eb? Njihuni m\u00eb par\u00eb me parashikimin e motit","author":"Kurt Farka","date":"March 29, 2024","format":false,"excerpt":"30 Mars 2024 P\u00ebr fundjav\u00ebn q\u00eb presim p\u00ebrpara vendi yn\u00eb do t\u00eb ndikohet nga kushte t\u00eb q\u00ebndrueshme atmosferike p\u00ebr shkak t\u00eb masave ajrore t\u00eb ngrohta me origjin\u00eb jugore si pasoj\u00eb e dep\u00ebrtimit t\u00eb pazakont\u00eb p\u00ebr periudh\u00ebn q\u00eb ndodhemi t\u00eb Anticiklonit Afrikan. Moti parashikohet i kthjell\u00ebt n\u00eb t\u00eb gjith\u00eb territorin e\u2026","rel":"","context":"In &quot;Blogu i Udh\u00ebtarit&quot;","block_context":{"text":"Blogu i Udh\u00ebtarit","link":"https:\/\/www.shqiperia.com\/blog\/category\/blogu-i-udhetarit\/"},"img":{"alt_text":"","src":"https:\/\/i0.wp.com\/www.shqiperia.com\/blog\/wp-content\/uploads\/2024\/03\/800-0-6606d7c9be999.jpg?fit=800%2C480&ssl=1&resize=350%2C200","width":350,"height":200,"srcset":"https:\/\/i0.wp.com\/www.shqiperia.com\/blog\/wp-content\/uploads\/2024\/03\/800-0-6606d7c9be999.jpg?fit=800%2C480&ssl=1&resize=350%2C200 1x, https:\/\/i0.wp.com\/www.shqiperia.com\/blog\/wp-content\/uploads\/2024\/03\/800-0-6606d7c9be999.jpg?fit=800%2C480&ssl=1&resize=525%2C300 1.5x, https:\/\/i0.wp.com\/www.shqiperia.com\/blog\/wp-content\/uploads\/2024\/03\/800-0-6606d7c9be999.jpg?fit=800%2C480&ssl=1&resize=700%2C400 2x"},"classes":[]},{"id":75837,"url":"https:\/\/www.shqiperia.com\/blog\/njihuni-me-parashikimin-e-motit-te-dites-se-sotme-sa-grade-do-te-ulen-temperaturat-per-sot\/","url_meta":{"origin":35957,"position":2},"title":"Njihuni me parashikimin e motit t\u00eb dit\u00ebs s\u00eb sotme. &#8211; Sa grad\u00eb do t\u00eb ulen temperaturat p\u00ebr sot","author":"Kurt Farka","date":"November 26, 2023","format":false,"excerpt":"26 Nentor 2023 Moti p\u00ebr dit\u00ebn e sotme do t\u00eb jet\u00eb me kthjellime dhe vran\u00ebsira. Priten reshje t\u00eb pakta d\u00ebbore n\u00eb jug dhe juglindje t\u00eb vendit. Temperaturat minimale do t\u00eb luhaten nga -8 deri n\u00eb -2 grad\u00eb celcius. Temperaturat maksimale parashikohen 4-7 grad\u00eb celcius n\u00eb veri dhe 8\/11 grad\u00eb n\u00eb\u2026","rel":"","context":"In &quot;Blogu i Udh\u00ebtarit&quot;","block_context":{"text":"Blogu i Udh\u00ebtarit","link":"https:\/\/www.shqiperia.com\/blog\/category\/blogu-i-udhetarit\/"},"img":{"alt_text":"","src":"https:\/\/i0.wp.com\/www.shqiperia.com\/blog\/wp-content\/uploads\/2023\/11\/800-0-6562e83402c63.jpg?fit=800%2C450&ssl=1&resize=350%2C200","width":350,"height":200,"srcset":"https:\/\/i0.wp.com\/www.shqiperia.com\/blog\/wp-content\/uploads\/2023\/11\/800-0-6562e83402c63.jpg?fit=800%2C450&ssl=1&resize=350%2C200 1x, https:\/\/i0.wp.com\/www.shqiperia.com\/blog\/wp-content\/uploads\/2023\/11\/800-0-6562e83402c63.jpg?fit=800%2C450&ssl=1&resize=525%2C300 1.5x, https:\/\/i0.wp.com\/www.shqiperia.com\/blog\/wp-content\/uploads\/2023\/11\/800-0-6562e83402c63.jpg?fit=800%2C450&ssl=1&resize=700%2C400 2x"},"classes":[]},{"id":35623,"url":"https:\/\/www.shqiperia.com\/blog\/shi-dhe-bresher-njihuni-me-parashikimin-e-motit-sot\/","url_meta":{"origin":35957,"position":3},"title":"\u201cShi dhe bresh\u00ebr\u201d\/ Njihuni me parashikimin e motit sot","author":"Kurt Farka","date":"June 11, 2020","format":false,"excerpt":"\u201cShi dhe bresh\u00ebr\u201d\/ Njihuni me parashikimin e motit sot - 11\/06\/20 Moti sot pritet q\u00eb t\u00eb jet\u00eb fillimisht me kthjellime dhe vran\u00ebsira kalimtare dhe prej or\u00ebve t\u00eb drek\u00ebs p\u00ebrs\u00ebri zhvillime vran\u00ebsirash deri t\u00eb dendura. Ashtu si dit\u00ebt e fundit vran\u00ebsirat do t\u00eb shoq\u00ebrohen me reshje shiu me intensitet t\u00eb ul\u00ebt\u2026","rel":"","context":"In &quot;Blogu i Udh\u00ebtarit&quot;","block_context":{"text":"Blogu i Udh\u00ebtarit","link":"https:\/\/www.shqiperia.com\/blog\/category\/blogu-i-udhetarit\/"},"img":{"alt_text":"","src":"https:\/\/i0.wp.com\/www.shqiperia.com\/blog\/wp-content\/uploads\/2020\/06\/moti-4-e1567582889192.jpg?fit=1200%2C737&ssl=1&resize=350%2C200","width":350,"height":200,"srcset":"https:\/\/i0.wp.com\/www.shqiperia.com\/blog\/wp-content\/uploads\/2020\/06\/moti-4-e1567582889192.jpg?fit=1200%2C737&ssl=1&resize=350%2C200 1x, https:\/\/i0.wp.com\/www.shqiperia.com\/blog\/wp-content\/uploads\/2020\/06\/moti-4-e1567582889192.jpg?fit=1200%2C737&ssl=1&resize=525%2C300 1.5x, https:\/\/i0.wp.com\/www.shqiperia.com\/blog\/wp-content\/uploads\/2020\/06\/moti-4-e1567582889192.jpg?fit=1200%2C737&ssl=1&resize=700%2C400 2x, https:\/\/i0.wp.com\/www.shqiperia.com\/blog\/wp-content\/uploads\/2020\/06\/moti-4-e1567582889192.jpg?fit=1200%2C737&ssl=1&resize=1050%2C600 3x"},"classes":[]},{"id":42563,"url":"https:\/\/www.shqiperia.com\/blog\/dita-e-trete-e-vitit-te-ri-nis-me-reshje-shiu-dhe-debore-cilat-jane-zona-e-vendit-qe-do-preken-njihuni-me-parashikimin-e-motit-per-diten-e-diel\/","url_meta":{"origin":35957,"position":4},"title":"Dita e tret\u00eb e vitit t\u00eb ri, nis me reshje shiu dhe d\u00ebbore. Cilat jan\u00eb zona e vendit q\u00eb do preken, njihuni me parashikimin e motit p\u00ebr dit\u00ebn e diel","author":"Kurt Farka","date":"January 3, 2021","format":false,"excerpt":"Dita e tret\u00eb e vitit t\u00eb ri, nis me reshje shiu dhe d\u00ebbore. Cilat jan\u00eb zona e vendit q\u00eb do preken, njihuni me parashikimin e motit p\u00ebr dit\u00ebn e diel 3 janar\u00a0 2021 Sipas MeteoAlb dita e sotme (3 janar) do t\u00eb karakterizohet nga mot me vran\u00ebsira t\u00eb dendura dhe\u2026","rel":"","context":"In &quot;Blogu i Udh\u00ebtarit&quot;","block_context":{"text":"Blogu i Udh\u00ebtarit","link":"https:\/\/www.shqiperia.com\/blog\/category\/blogu-i-udhetarit\/"},"img":{"alt_text":"","src":"https:\/\/i0.wp.com\/www.shqiperia.com\/blog\/wp-content\/uploads\/2021\/01\/reshje-bore-2-e1609660905884-905x450-1.jpg?fit=838%2C450&ssl=1&resize=350%2C200","width":350,"height":200,"srcset":"https:\/\/i0.wp.com\/www.shqiperia.com\/blog\/wp-content\/uploads\/2021\/01\/reshje-bore-2-e1609660905884-905x450-1.jpg?fit=838%2C450&ssl=1&resize=350%2C200 1x, https:\/\/i0.wp.com\/www.shqiperia.com\/blog\/wp-content\/uploads\/2021\/01\/reshje-bore-2-e1609660905884-905x450-1.jpg?fit=838%2C450&ssl=1&resize=525%2C300 1.5x, https:\/\/i0.wp.com\/www.shqiperia.com\/blog\/wp-content\/uploads\/2021\/01\/reshje-bore-2-e1609660905884-905x450-1.jpg?fit=838%2C450&ssl=1&resize=700%2C400 2x"},"classes":[]},{"id":32669,"url":"https:\/\/www.shqiperia.com\/blog\/reshje-dhe-ulje-temperaturash-njihuni-me-parashikimin-e-motit-temperatura-deri-ne-4-grade-celsius\/","url_meta":{"origin":35957,"position":5},"title":"Reshje dhe ulje temperaturash, njihuni me parashikimin e motit. &#8211; Temperatura deri ne -4 grade celsius","author":"Kurt Farka","date":"March 23, 2020","format":false,"excerpt":"Reshje dhe ulje temperaturash, njihuni me parashikimin e motit. - Temperatura deri ne -4 grade celsius 23\/03\/20 Vendi yn\u00eb sot do t\u00eb mbizot\u00ebrohet nga alternime kthjellimesh dhe vran\u00ebsirash t\u00eb cilat do sjellin reshje shiu thuajse n\u00eb t\u00eb gjith\u00eb territorin. Sipas Meteoalb, temperaturat do t\u00eb p\u00ebsojn\u00eb nj\u00eb r\u00ebnie t\u00eb ndjeshme ku\u2026","rel":"","context":"In &quot;Blogu i Udh\u00ebtarit&quot;","block_context":{"text":"Blogu i Udh\u00ebtarit","link":"https:\/\/www.shqiperia.com\/blog\/category\/blogu-i-udhetarit\/"},"img":{"alt_text":"","src":"https:\/\/i0.wp.com\/www.shqiperia.com\/blog\/wp-content\/uploads\/2020\/03\/Porave-Puke-23-mars-2020.jpg?fit=960%2C522&ssl=1&resize=350%2C200","width":350,"height":200,"srcset":"https:\/\/i0.wp.com\/www.shqiperia.com\/blog\/wp-content\/uploads\/2020\/03\/Porave-Puke-23-mars-2020.jpg?fit=960%2C522&ssl=1&resize=350%2C200 1x, https:\/\/i0.wp.com\/www.shqiperia.com\/blog\/wp-content\/uploads\/2020\/03\/Porave-Puke-23-mars-2020.jpg?fit=960%2C522&ssl=1&resize=525%2C300 1.5x, https:\/\/i0.wp.com\/www.shqiperia.com\/blog\/wp-content\/uploads\/2020\/03\/Porave-Puke-23-mars-2020.jpg?fit=960%2C522&ssl=1&resize=700%2C400 2x"},"classes":[]}],"_links":{"self":[{"href":"https:\/\/www.shqiperia.com\/blog\/wp-json\/wp\/v2\/posts\/35957","targetHints":{"allow":["GET"]}}],"collection":[{"href":"https:\/\/www.shqiperia.com\/blog\/wp-json\/wp\/v2\/posts"}],"about":[{"href":"https:\/\/www.shqiperia.com\/blog\/wp-json\/wp\/v2\/types\/post"}],"author":[{"embeddable":true,"href":"https:\/\/www.shqiperia.com\/blog\/wp-json\/wp\/v2\/users\/9"}],"replies":[{"embeddable":true,"href":"https:\/\/www.shqiperia.com\/blog\/wp-json\/wp\/v2\/comments?post=35957"}],"version-history":[{"count":1,"href":"https:\/\/www.shqiperia.com\/blog\/wp-json\/wp\/v2\/posts\/35957\/revisions"}],"predecessor-version":[{"id":35959,"href":"https:\/\/www.shqiperia.com\/blog\/wp-json\/wp\/v2\/posts\/35957\/revisions\/35959"}],"wp:featuredmedia":[{"embeddable":true,"href":"https:\/\/www.shqiperia.com\/blog\/wp-json\/wp\/v2\/media\/35958"}],"wp:attachment":[{"href":"https:\/\/www.shqiperia.com\/blog\/wp-json\/wp\/v2\/media?parent=35957"}],"wp:term":[{"taxonomy":"category","embeddable":true,"href":"https:\/\/www.shqiperia.com\/blog\/wp-json\/wp\/v2\/categories?post=35957"},{"taxonomy":"post_tag","embeddable":true,"href":"https:\/\/www.shqiperia.com\/blog\/wp-json\/wp\/v2\/tags?post=35957"}],"curies":[{"name":"wp","href":"https:\/\/api.w.org\/{rel}","templated":true}]}}