{"id":35953,"date":"2020-06-29T22:36:47","date_gmt":"2020-06-29T22:36:47","guid":{"rendered":"https:\/\/www.shqiperia.com\/blog\/?p=35953"},"modified":"2020-06-29T22:36:47","modified_gmt":"2020-06-29T22:36:47","slug":"lekundje-termeti-ne-shqiperi-00-12-ja-ku-ishte-epiqendra-dhe-magnituda","status":"publish","type":"post","link":"https:\/\/www.shqiperia.com\/blog\/lekundje-termeti-ne-shqiperi-00-12-ja-ku-ishte-epiqendra-dhe-magnituda\/","title":{"rendered":"L\u00ebkundje t\u00ebrmeti n\u00eb Shqip\u00ebri 00.12, ja ku ishte epiqendra dhe magnituda"},"content":{"rendered":"<p><img data-recalc-dims=\"1\" loading=\"lazy\" decoding=\"async\" data-attachment-id=\"35954\" data-permalink=\"https:\/\/www.shqiperia.com\/blog\/lekundje-termeti-ne-shqiperi-00-12-ja-ku-ishte-epiqendra-dhe-magnituda\/attachment\/160\/\" data-orig-file=\"https:\/\/i0.wp.com\/www.shqiperia.com\/blog\/wp-content\/uploads\/2020\/06\/160.jpg?fit=402%2C201&amp;ssl=1\" data-orig-size=\"402,201\" data-comments-opened=\"1\" data-image-meta=\"{&quot;aperture&quot;:&quot;0&quot;,&quot;credit&quot;:&quot;Online2&quot;,&quot;camera&quot;:&quot;&quot;,&quot;caption&quot;:&quot;&quot;,&quot;created_timestamp&quot;:&quot;1593473249&quot;,&quot;copyright&quot;:&quot;&quot;,&quot;focal_length&quot;:&quot;0&quot;,&quot;iso&quot;:&quot;0&quot;,&quot;shutter_speed&quot;:&quot;0&quot;,&quot;title&quot;:&quot;&quot;,&quot;orientation&quot;:&quot;0&quot;}\" data-image-title=\"160\" data-image-description=\"\" data-image-caption=\"\" data-medium-file=\"https:\/\/i0.wp.com\/www.shqiperia.com\/blog\/wp-content\/uploads\/2020\/06\/160.jpg?fit=300%2C150&amp;ssl=1\" data-large-file=\"https:\/\/i0.wp.com\/www.shqiperia.com\/blog\/wp-content\/uploads\/2020\/06\/160.jpg?fit=402%2C201&amp;ssl=1\" class=\"alignnone  wp-image-35954\" alt=\"\" src=\"https:\/\/i0.wp.com\/www.shqiperia.com\/blog\/wp-content\/uploads\/2020\/06\/160.jpg?resize=512%2C256&#038;ssl=1\" width=\"512\" height=\"256\" srcset=\"https:\/\/i0.wp.com\/www.shqiperia.com\/blog\/wp-content\/uploads\/2020\/06\/160.jpg?resize=300%2C150&amp;ssl=1 300w, https:\/\/i0.wp.com\/www.shqiperia.com\/blog\/wp-content\/uploads\/2020\/06\/160.jpg?resize=400%2C200&amp;ssl=1 400w, https:\/\/i0.wp.com\/www.shqiperia.com\/blog\/wp-content\/uploads\/2020\/06\/160.jpg?w=402&amp;ssl=1 402w\" sizes=\"auto, (max-width: 512px) 100vw, 512px\" \/><\/p>\n<p style=\"margin-bottom: 7.5pt;line-height: normal\" class=\"MsoNormal\"><b><span style=\"font-size: 25.5pt;font-family: 'Chunkfive Ex.ttf','serif';color: black\">L\u00ebkundje t\u00ebrmeti n\u00eb Shqip\u00ebri 00.12, ja ku ishte epiqendra dhe magnituda<\/span><\/b><\/p>\n<p style=\"margin-bottom: .0001pt;line-height: normal\" class=\"MsoNormal\"><b><span style=\"font-size: 9.0pt;font-family: 'Roboto','serif';color: #4d4d4d\">30 Qershor 2020 | 00 : 12<\/span><\/b><span style=\"font-size: 9.0pt;font-family: 'Roboto','serif';color: #3a3a3a\"><\/span><\/p>\n<p style=\"margin-bottom: 12.75pt;line-height: 20.25pt\" class=\"MsoNormal\"><span style=\"font-size: 15.0pt;font-family: 'Chunkfive Ex.ttf','serif';color: #222222\">Nj\u00eb l\u00ebkundje e leht\u00eb t\u00ebrmeti \u00ebsht\u00eb regjistruar mbr\u00ebmjen e sotme n\u00eb vendin ton\u00eb.<\/span><\/p>\n<p style=\"margin-bottom: 12.75pt;line-height: 20.25pt\" class=\"MsoNormal\"><span style=\"font-size: 15.0pt;font-family: 'Chunkfive Ex.ttf','serif';color: #222222\">Paraprakisht b\u00ebhet me dije se t\u00ebrmeti ka pasur nj\u00eb magnitud\u00eb prej 3.4, nd\u00ebrsa epiqendra ndryshe nga her\u00ebt e tjera t\u00eb muajve t\u00eb fundit, \u00ebsht\u00eb regjistruar n\u00eb detin Adriatik rreth 7 km larg Vlor\u00ebs.<\/span><span style=\"color: #222222;font-family: 'Chunkfive Ex.ttf', serif;font-size: 15pt;text-align: center\">\u00a0<\/span><\/p>\n<p style=\"margin-bottom: .0001pt;line-height: 20.25pt\" class=\"MsoNormal\"><span style=\"font-size: 15.0pt;font-family: 'Chunkfive Ex.ttf','serif';color: #222222\">T\u00ebrmeti ka pasur nj\u00eb thell\u00ebsi t\u00eb vog\u00ebl prej vet\u00ebm 2 km. Duke q\u00eb se l\u00ebkundja ishte e leht\u00eb nuk raportohet p\u00ebr d\u00ebm\u00eb apo panik, megjith\u00ebse \u00ebsht\u00eb ndjer\u00eb nga qytetar\u00ebt.<\/span><\/p>\n<p><img data-recalc-dims=\"1\" loading=\"lazy\" decoding=\"async\" data-attachment-id=\"35955\" data-permalink=\"https:\/\/www.shqiperia.com\/blog\/lekundje-termeti-ne-shqiperi-00-12-ja-ku-ishte-epiqendra-dhe-magnituda\/ttt-2\/\" data-orig-file=\"https:\/\/i0.wp.com\/www.shqiperia.com\/blog\/wp-content\/uploads\/2020\/06\/ttt-2.png?fit=840%2C440&amp;ssl=1\" data-orig-size=\"840,440\" data-comments-opened=\"1\" data-image-meta=\"{&quot;aperture&quot;:&quot;0&quot;,&quot;credit&quot;:&quot;&quot;,&quot;camera&quot;:&quot;&quot;,&quot;caption&quot;:&quot;&quot;,&quot;created_timestamp&quot;:&quot;0&quot;,&quot;copyright&quot;:&quot;&quot;,&quot;focal_length&quot;:&quot;0&quot;,&quot;iso&quot;:&quot;0&quot;,&quot;shutter_speed&quot;:&quot;0&quot;,&quot;title&quot;:&quot;&quot;,&quot;orientation&quot;:&quot;0&quot;}\" data-image-title=\"ttt-2\" data-image-description=\"\" data-image-caption=\"\" data-medium-file=\"https:\/\/i0.wp.com\/www.shqiperia.com\/blog\/wp-content\/uploads\/2020\/06\/ttt-2.png?fit=300%2C157&amp;ssl=1\" data-large-file=\"https:\/\/i0.wp.com\/www.shqiperia.com\/blog\/wp-content\/uploads\/2020\/06\/ttt-2.png?fit=840%2C440&amp;ssl=1\" class=\"alignnone  wp-image-35955\" alt=\"\" src=\"https:\/\/i0.wp.com\/www.shqiperia.com\/blog\/wp-content\/uploads\/2020\/06\/ttt-2.png?resize=608%2C318&#038;ssl=1\" width=\"608\" height=\"318\" srcset=\"https:\/\/i0.wp.com\/www.shqiperia.com\/blog\/wp-content\/uploads\/2020\/06\/ttt-2.png?resize=300%2C157&amp;ssl=1 300w, https:\/\/i0.wp.com\/www.shqiperia.com\/blog\/wp-content\/uploads\/2020\/06\/ttt-2.png?resize=768%2C402&amp;ssl=1 768w, https:\/\/i0.wp.com\/www.shqiperia.com\/blog\/wp-content\/uploads\/2020\/06\/ttt-2.png?resize=450%2C236&amp;ssl=1 450w, https:\/\/i0.wp.com\/www.shqiperia.com\/blog\/wp-content\/uploads\/2020\/06\/ttt-2.png?resize=600%2C314&amp;ssl=1 600w, https:\/\/i0.wp.com\/www.shqiperia.com\/blog\/wp-content\/uploads\/2020\/06\/ttt-2.png?resize=400%2C210&amp;ssl=1 400w, https:\/\/i0.wp.com\/www.shqiperia.com\/blog\/wp-content\/uploads\/2020\/06\/ttt-2.png?w=840&amp;ssl=1 840w\" sizes=\"auto, (max-width: 608px) 100vw, 608px\" \/><\/p>\n<p style=\"margin-bottom: .0001pt;line-height: 20.25pt\" class=\"MsoNormal\"><span style=\"font-size: 15.0pt;font-family: 'Chunkfive Ex.ttf','serif';color: #222222\">Gazeta Shqip.<\/span><\/p>\n<p class=\"MsoNormal\">\n","protected":false},"excerpt":{"rendered":"<p>L\u00ebkundje t\u00ebrmeti n\u00eb Shqip\u00ebri 00.12, ja ku ishte epiqendra dhe magnituda 30 Qershor 2020 | 00 : 12 Nj\u00eb l\u00ebkundje e leht\u00eb t\u00ebrmeti \u00ebsht\u00eb regjistruar mbr\u00ebmjen e sotme n\u00eb vendin ton\u00eb. Paraprakisht b\u00ebhet me dije se t\u00ebrmeti ka pasur nj\u00eb magnitud\u00eb prej 3.4, nd\u00ebrsa epiqendra ndryshe nga her\u00ebt e tjera t\u00eb muajve t\u00eb fundit, \u00ebsht\u00eb [&hellip;]<\/p>\n","protected":false},"author":9,"featured_media":35954,"comment_status":"open","ping_status":"open","sticky":false,"template":"","format":"standard","meta":{"jetpack_post_was_ever_published":false,"_jetpack_newsletter_access":"","_jetpack_dont_email_post_to_subs":false,"_jetpack_newsletter_tier_id":0,"_jetpack_memberships_contains_paywalled_content":false,"_jetpack_memberships_contains_paid_content":false,"footnotes":"","jetpack_publicize_message":"","jetpack_publicize_feature_enabled":true,"jetpack_social_post_already_shared":true,"jetpack_social_options":{"image_generator_settings":{"template":"highway","default_image_id":0,"font":"","enabled":false},"version":2}},"categories":[27,1],"tags":[],"class_list":["post-35953","post","type-post","status-publish","format-standard","has-post-thumbnail","hentry","category-blogu-i-udhetarit","category-njoftime-shtypi"],"jetpack_publicize_connections":[],"jetpack_featured_media_url":"https:\/\/i0.wp.com\/www.shqiperia.com\/blog\/wp-content\/uploads\/2020\/06\/160.jpg?fit=402%2C201&ssl=1","jetpack_sharing_enabled":true,"jetpack_shortlink":"https:\/\/wp.me\/p5Z6wp-9lT","jetpack-related-posts":[{"id":50580,"url":"https:\/\/www.shqiperia.com\/blog\/termet-i-lehte-ne-shqiperi-ja-ku-ishte-epiqendra-dhe-magnituda\/","url_meta":{"origin":35953,"position":0},"title":"T\u00ebrmet i lehte n\u00eb Shqip\u00ebri, ja ku ishte epiqendra dhe magnituda","author":"Kurt Farka","date":"October 15, 2021","format":false,"excerpt":"T\u00ebrmet i lehte n\u00eb Shqip\u00ebri, ja ku ishte epiqendra dhe magnituda 15 TETOR 2021 T\u00ebrmet n\u00eb Shqip\u00ebri, ja ku ishte epiqendra dhe magnituda Para pak minutash n\u00eb Mallakast\u00ebr dhe Patos jan\u00eb ndjer\u00eb l\u00ebkundje t\u00ebrmeti, me magnitud\u00eb 2.6. L\u00ebkundje t\u00eb lehta, por banor\u00ebt e kan\u00eb ndjer\u00eb dhe kan\u00eb qen\u00eb t\u00eb dyshimt\u00eb\u2026","rel":"","context":"In &quot;Njoftime Shtypi&quot;","block_context":{"text":"Njoftime Shtypi","link":"https:\/\/www.shqiperia.com\/blog\/category\/njoftime-shtypi\/"},"img":{"alt_text":"","src":"https:\/\/i0.wp.com\/www.shqiperia.com\/blog\/wp-content\/uploads\/2021\/10\/640-0-77a76e4c9839a4f3f2d4c06785b7fb67.jpg?fit=640%2C336&ssl=1&resize=350%2C200","width":350,"height":200,"srcset":"https:\/\/i0.wp.com\/www.shqiperia.com\/blog\/wp-content\/uploads\/2021\/10\/640-0-77a76e4c9839a4f3f2d4c06785b7fb67.jpg?fit=640%2C336&ssl=1&resize=350%2C200 1x, https:\/\/i0.wp.com\/www.shqiperia.com\/blog\/wp-content\/uploads\/2021\/10\/640-0-77a76e4c9839a4f3f2d4c06785b7fb67.jpg?fit=640%2C336&ssl=1&resize=525%2C300 1.5x"},"classes":[]},{"id":88990,"url":"https:\/\/www.shqiperia.com\/blog\/lekundje-termeti-ne-shqiperi-ja-ku-ishte-epiqendra\/","url_meta":{"origin":35953,"position":1},"title":"L\u00ebkundje t\u00ebrmeti n\u00eb Shqip\u00ebri, ja ku ishte epiqendra","author":"Kurt Farka","date":"February 4, 2025","format":false,"excerpt":"4 Shkurt 2025 L\u00ebkundje t\u00ebrmeti jan\u00eb regjistruar n\u00eb vendin ton\u00eb k\u00ebt\u00eb pasdite. Sipas t\u00eb dh\u00ebnave, epiqendra e t\u00ebrmetit ka qen\u00eb n\u00eb af\u00ebrsi t\u00eb Puk\u00ebs. S\u2019dihet ende magnituda e l\u00ebkundjes sizmike, por paraprakisht nuk raportohet p\u00ebr d\u00ebme.","rel":"","context":"In &quot;Blogu i Udh\u00ebtarit&quot;","block_context":{"text":"Blogu i Udh\u00ebtarit","link":"https:\/\/www.shqiperia.com\/blog\/category\/blogu-i-udhetarit\/"},"img":{"alt_text":"","src":"https:\/\/i0.wp.com\/www.shqiperia.com\/blog\/wp-content\/uploads\/2025\/02\/termet-1-1.jpg?fit=850%2C478&ssl=1&resize=350%2C200","width":350,"height":200,"srcset":"https:\/\/i0.wp.com\/www.shqiperia.com\/blog\/wp-content\/uploads\/2025\/02\/termet-1-1.jpg?fit=850%2C478&ssl=1&resize=350%2C200 1x, https:\/\/i0.wp.com\/www.shqiperia.com\/blog\/wp-content\/uploads\/2025\/02\/termet-1-1.jpg?fit=850%2C478&ssl=1&resize=525%2C300 1.5x, https:\/\/i0.wp.com\/www.shqiperia.com\/blog\/wp-content\/uploads\/2025\/02\/termet-1-1.jpg?fit=850%2C478&ssl=1&resize=700%2C400 2x"},"classes":[]},{"id":34893,"url":"https:\/\/www.shqiperia.com\/blog\/lekundje-e-lehte-termeti-ne-shqiperi-ku-ishte-epiqendra\/","url_meta":{"origin":35953,"position":2},"title":"L\u00ebkundje e lehte t\u00ebrmeti n\u00eb Shqip\u00ebri, ku ishte epiqendra","author":"Kurt Farka","date":"May 21, 2020","format":false,"excerpt":"L\u00ebkundje e lehte t\u00ebrmeti n\u00eb Shqip\u00ebri, ku ishte epiqendra 21 maji \u00a02020 L\u00ebkundje t\u00ebrmeti jan\u00eb sh\u00ebnuar mbasditen e sotme n\u00eb vendin ton\u00eb, rreth or\u00ebs 18:25 n\u00eb vend. Sipas EMSC, epiqendra u regjistrua n\u00eb Durr\u00ebs, nd\u00ebrsa magnituda ishte 3.0 e shkalles Rihter, me nj\u00eb thell\u00ebsi 10 km.","rel":"","context":"In &quot;Blogu i Udh\u00ebtarit&quot;","block_context":{"text":"Blogu i Udh\u00ebtarit","link":"https:\/\/www.shqiperia.com\/blog\/category\/blogu-i-udhetarit\/"},"img":{"alt_text":"","src":"https:\/\/i0.wp.com\/www.shqiperia.com\/blog\/wp-content\/uploads\/2020\/05\/received_2625909614349980-e1590079527729-187x350-1.jpeg?resize=350%2C200&ssl=1","width":350,"height":200},"classes":[]},{"id":72439,"url":"https:\/\/www.shqiperia.com\/blog\/termeti-i-fuqishem-ne-shqiperi-ja-ku-ishte-epiqendra\/","url_meta":{"origin":35953,"position":3},"title":"T\u00ebrmeti i fuqish\u00ebm ne Shqiperi, ja ku ishte epiqendra","author":"Kurt Farka","date":"June 26, 2023","format":false,"excerpt":"26 Qershor 2023 L\u00ebkundje t\u00ebrmeti jan\u00eb ndjer\u00eb pak minuta m\u00eb par\u00eb n\u00eb vend. M\u00ebsohet se epiqendra ka qen\u00eb n\u00eb \u00c7ar\u00e7ov\u00eb, t\u00eb qytetit t\u00eb Gjirokast\u00ebr, nd\u00ebrsa magnituda ka qen\u00eb 4.18. T\u00ebrmeti ka r\u00ebn\u00eb sakt\u00ebsisht n\u00eb or\u00ebn 11:15, nd\u00ebrsa thell\u00ebsia ka qen\u00eb 10 kilometra.","rel":"","context":"In &quot;Blogu i Udh\u00ebtarit&quot;","block_context":{"text":"Blogu i Udh\u00ebtarit","link":"https:\/\/www.shqiperia.com\/blog\/category\/blogu-i-udhetarit\/"},"img":{"alt_text":"","src":"https:\/\/i0.wp.com\/www.shqiperia.com\/blog\/wp-content\/uploads\/2023\/06\/640-0-d43ad0b301d66f82e69efa0a2e44c638.jpg?fit=640%2C367&ssl=1&resize=350%2C200","width":350,"height":200,"srcset":"https:\/\/i0.wp.com\/www.shqiperia.com\/blog\/wp-content\/uploads\/2023\/06\/640-0-d43ad0b301d66f82e69efa0a2e44c638.jpg?fit=640%2C367&ssl=1&resize=350%2C200 1x, https:\/\/i0.wp.com\/www.shqiperia.com\/blog\/wp-content\/uploads\/2023\/06\/640-0-d43ad0b301d66f82e69efa0a2e44c638.jpg?fit=640%2C367&ssl=1&resize=525%2C300 1.5x"},"classes":[]},{"id":89069,"url":"https:\/\/www.shqiperia.com\/blog\/lekundje-termeti-prane-tiranes-ja-epiqendra-dhe-magnituda\/","url_meta":{"origin":35953,"position":4},"title":"L\u00ebkundje t\u00ebrmeti pran\u00eb Tiran\u00ebs, ja epiqendra dhe magnituda","author":"Kurt Farka","date":"February 5, 2025","format":false,"excerpt":"5 Shkurt 2025 L\u00ebkundje t\u00ebrmeti jan\u00eb regjistruar mbr\u00ebmjen e sotme n\u00eb Vor\u00eb. Sipas informacioneve paraprake, t\u00ebrmeti ka qen\u00eb relativisht i vog\u00ebl, me magnitud\u00eb 2.9 ball\u00eb dhe n\u00eb nj\u00eb thell\u00ebsi prej 5 kilometrash.","rel":"","context":"In &quot;Blogu i Udh\u00ebtarit&quot;","block_context":{"text":"Blogu i Udh\u00ebtarit","link":"https:\/\/www.shqiperia.com\/blog\/category\/blogu-i-udhetarit\/"},"img":{"alt_text":"","src":"https:\/\/i0.wp.com\/www.shqiperia.com\/blog\/wp-content\/uploads\/2025\/02\/termet1-1.jpg?fit=520%2C360&ssl=1&resize=350%2C200","width":350,"height":200},"classes":[]},{"id":41948,"url":"https:\/\/www.shqiperia.com\/blog\/lekundje-termeti-ne-elbasan-ja-sa-ishte-magnituda\/","url_meta":{"origin":35953,"position":5},"title":"L\u00ebkundje t\u00ebrmeti n\u00eb Elbasan, ja sa ishte magnituda","author":"Kurt Farka","date":"December 15, 2020","format":false,"excerpt":"L\u00ebkundje t\u00ebrmeti n\u00eb Elbasan, ja sa ishte magnituda 15 DHJETOR 2020 ora 22.32 L\u00ebkundje toke t\u00eb lehta jan\u00eb ndjer\u00eb n\u00eb Elbasan.T\u00eb dh\u00ebnat e para thon\u00eb se magnituda ka qen\u00eb 2.5 me thell\u00ebsi 3 km. Epiqendra ka qen\u00eb 9 km n\u00eb verilindje t\u00eb Elbasanit, dhe l\u00ebkundjet jan\u00eb regjistruar n\u00eb or\u00ebn 22:32.\u2026","rel":"","context":"In &quot;Blogu i Udh\u00ebtarit&quot;","block_context":{"text":"Blogu i Udh\u00ebtarit","link":"https:\/\/www.shqiperia.com\/blog\/category\/blogu-i-udhetarit\/"},"img":{"alt_text":"","src":"https:\/\/i0.wp.com\/www.shqiperia.com\/blog\/wp-content\/uploads\/2020\/12\/640-0-5fd93276ec79c-3.jpg?fit=452%2C230&ssl=1&resize=350%2C200","width":350,"height":200},"classes":[]}],"_links":{"self":[{"href":"https:\/\/www.shqiperia.com\/blog\/wp-json\/wp\/v2\/posts\/35953","targetHints":{"allow":["GET"]}}],"collection":[{"href":"https:\/\/www.shqiperia.com\/blog\/wp-json\/wp\/v2\/posts"}],"about":[{"href":"https:\/\/www.shqiperia.com\/blog\/wp-json\/wp\/v2\/types\/post"}],"author":[{"embeddable":true,"href":"https:\/\/www.shqiperia.com\/blog\/wp-json\/wp\/v2\/users\/9"}],"replies":[{"embeddable":true,"href":"https:\/\/www.shqiperia.com\/blog\/wp-json\/wp\/v2\/comments?post=35953"}],"version-history":[{"count":1,"href":"https:\/\/www.shqiperia.com\/blog\/wp-json\/wp\/v2\/posts\/35953\/revisions"}],"predecessor-version":[{"id":35956,"href":"https:\/\/www.shqiperia.com\/blog\/wp-json\/wp\/v2\/posts\/35953\/revisions\/35956"}],"wp:featuredmedia":[{"embeddable":true,"href":"https:\/\/www.shqiperia.com\/blog\/wp-json\/wp\/v2\/media\/35954"}],"wp:attachment":[{"href":"https:\/\/www.shqiperia.com\/blog\/wp-json\/wp\/v2\/media?parent=35953"}],"wp:term":[{"taxonomy":"category","embeddable":true,"href":"https:\/\/www.shqiperia.com\/blog\/wp-json\/wp\/v2\/categories?post=35953"},{"taxonomy":"post_tag","embeddable":true,"href":"https:\/\/www.shqiperia.com\/blog\/wp-json\/wp\/v2\/tags?post=35953"}],"curies":[{"name":"wp","href":"https:\/\/api.w.org\/{rel}","templated":true}]}}