{"id":35949,"date":"2020-06-29T21:14:43","date_gmt":"2020-06-29T21:14:43","guid":{"rendered":"https:\/\/www.shqiperia.com\/blog\/?p=35949"},"modified":"2020-06-29T21:14:43","modified_gmt":"2020-06-29T21:14:43","slug":"media-ne-prishtine-rama-kishte-veshur-antiplumb-ne-trup-nuk-eshte-mire-per-imazhin-e-kosoves-garda-mohon","status":"publish","type":"post","link":"https:\/\/www.shqiperia.com\/blog\/media-ne-prishtine-rama-kishte-veshur-antiplumb-ne-trup-nuk-eshte-mire-per-imazhin-e-kosoves-garda-mohon\/","title":{"rendered":"Media n\u00eb Prishtin\u00eb: &#8211; Rama kishte veshur antiplumb n\u00eb trup, nuk \u00ebsht\u00eb mir\u00eb p\u00ebr imazhin e Kosov\u00ebs. Garda mohon"},"content":{"rendered":"<p><img data-recalc-dims=\"1\" loading=\"lazy\" decoding=\"async\" data-attachment-id=\"35950\" data-permalink=\"https:\/\/www.shqiperia.com\/blog\/media-ne-prishtine-rama-kishte-veshur-antiplumb-ne-trup-nuk-eshte-mire-per-imazhin-e-kosoves-garda-mohon\/edi-rama-ne-kosove-me-antipelumb\/\" data-orig-file=\"https:\/\/i0.wp.com\/www.shqiperia.com\/blog\/wp-content\/uploads\/2020\/06\/Edi-Rama-ne-Kosove-me-antipelumb.jpg?fit=593%2C295&amp;ssl=1\" data-orig-size=\"593,295\" data-comments-opened=\"1\" data-image-meta=\"{&quot;aperture&quot;:&quot;0&quot;,&quot;credit&quot;:&quot;&quot;,&quot;camera&quot;:&quot;&quot;,&quot;caption&quot;:&quot;&quot;,&quot;created_timestamp&quot;:&quot;0&quot;,&quot;copyright&quot;:&quot;&quot;,&quot;focal_length&quot;:&quot;0&quot;,&quot;iso&quot;:&quot;0&quot;,&quot;shutter_speed&quot;:&quot;0&quot;,&quot;title&quot;:&quot;&quot;,&quot;orientation&quot;:&quot;0&quot;}\" data-image-title=\"Edi Rama ne Kosove me antipelumb\" data-image-description=\"\" data-image-caption=\"\" data-medium-file=\"https:\/\/i0.wp.com\/www.shqiperia.com\/blog\/wp-content\/uploads\/2020\/06\/Edi-Rama-ne-Kosove-me-antipelumb.jpg?fit=300%2C149&amp;ssl=1\" data-large-file=\"https:\/\/i0.wp.com\/www.shqiperia.com\/blog\/wp-content\/uploads\/2020\/06\/Edi-Rama-ne-Kosove-me-antipelumb.jpg?fit=593%2C295&amp;ssl=1\" class=\"alignnone  wp-image-35950\" alt=\"\" src=\"https:\/\/i0.wp.com\/www.shqiperia.com\/blog\/wp-content\/uploads\/2020\/06\/Edi-Rama-ne-Kosove-me-antipelumb.jpg?resize=473%2C235&#038;ssl=1\" width=\"473\" height=\"235\" srcset=\"https:\/\/i0.wp.com\/www.shqiperia.com\/blog\/wp-content\/uploads\/2020\/06\/Edi-Rama-ne-Kosove-me-antipelumb.jpg?resize=300%2C149&amp;ssl=1 300w, https:\/\/i0.wp.com\/www.shqiperia.com\/blog\/wp-content\/uploads\/2020\/06\/Edi-Rama-ne-Kosove-me-antipelumb.jpg?resize=450%2C224&amp;ssl=1 450w, https:\/\/i0.wp.com\/www.shqiperia.com\/blog\/wp-content\/uploads\/2020\/06\/Edi-Rama-ne-Kosove-me-antipelumb.jpg?resize=400%2C199&amp;ssl=1 400w, https:\/\/i0.wp.com\/www.shqiperia.com\/blog\/wp-content\/uploads\/2020\/06\/Edi-Rama-ne-Kosove-me-antipelumb.jpg?w=593&amp;ssl=1 593w\" sizes=\"auto, (max-width: 473px) 100vw, 473px\" \/><\/p>\n<p><strong>Media n\u00eb Prishtin\u00eb: &#8211; Rama kishte veshur antiplumb n\u00eb trup, nuk \u00ebsht\u00eb mir\u00eb p\u00ebr imazhin e Kosov\u00ebs. Garda mohon<\/strong><\/p>\n<p>29 qershor \u00a02020<\/p>\n<p>Gazeta \u201cBota Sot\u201d n\u00eb nj\u00eb analiz\u00eb mbi vizit\u00ebn e Ram\u00ebs n\u00eb Prishtin\u00eb shkruan se ai ishte veshur me antiplumb dhe se kjo nuk \u00ebsht\u00eb mir\u00eb p\u00ebr imazhin nd\u00ebrkomb\u00ebtar t\u00eb Kosov\u00ebs.<\/p>\n<p>Duke botuar nj\u00eb foto ballore ku shfaqet Rama me nj\u00eb pamje t\u00eb fryr\u00eb t\u00eb veshjes, \u201cBota sot\u201d shkruan nd\u00ebr t\u00eb tjera:<\/p>\n<p>\u201cTh\u00ebn\u00eb shkurt, kjo \u00ebsht\u00eb e rrezikshme p\u00ebr Kosov\u00ebn. Dikush mund t\u00eb pyes pse? Por kjo veshje e tij n\u00eb aren\u00ebn nd\u00ebrkomb\u00ebtare mund t\u00eb paraqes imazh t\u00eb keq p\u00ebr Kosov\u00ebn.<\/p>\n<p>Media serbe padyshim q\u00eb do t\u00eb shkruajn\u00eb se kryeministri shqiptar Edi Rama \u00ebsht\u00eb ndje i rrezikuar n\u00eb Kosov\u00eb, andaj edhe kishte veshur anti-plumbin.<\/p>\n<p>Kosov\u00ebs nuk i duhet q\u00eb nj\u00eb kryeminist\u00ebr shqiptar t\u00eb ndihet i rrezikuar n\u00eb sht\u00ebpi\u201d.<\/p>\n<p><img data-recalc-dims=\"1\" loading=\"lazy\" decoding=\"async\" data-attachment-id=\"35951\" data-permalink=\"https:\/\/www.shqiperia.com\/blog\/media-ne-prishtine-rama-kishte-veshur-antiplumb-ne-trup-nuk-eshte-mire-per-imazhin-e-kosoves-garda-mohon\/edi-rama-ne-kosove-me-antipelumb-2\/\" data-orig-file=\"https:\/\/i0.wp.com\/www.shqiperia.com\/blog\/wp-content\/uploads\/2020\/06\/Edi-Rama-ne-Kosove-me-antipelumb-2.jpg?fit=593%2C413&amp;ssl=1\" data-orig-size=\"593,413\" data-comments-opened=\"1\" data-image-meta=\"{&quot;aperture&quot;:&quot;0&quot;,&quot;credit&quot;:&quot;&quot;,&quot;camera&quot;:&quot;&quot;,&quot;caption&quot;:&quot;&quot;,&quot;created_timestamp&quot;:&quot;0&quot;,&quot;copyright&quot;:&quot;&quot;,&quot;focal_length&quot;:&quot;0&quot;,&quot;iso&quot;:&quot;0&quot;,&quot;shutter_speed&quot;:&quot;0&quot;,&quot;title&quot;:&quot;&quot;,&quot;orientation&quot;:&quot;0&quot;}\" data-image-title=\"Edi Rama ne Kosove me antipelumb (2)\" data-image-description=\"\" data-image-caption=\"\" data-medium-file=\"https:\/\/i0.wp.com\/www.shqiperia.com\/blog\/wp-content\/uploads\/2020\/06\/Edi-Rama-ne-Kosove-me-antipelumb-2.jpg?fit=300%2C209&amp;ssl=1\" data-large-file=\"https:\/\/i0.wp.com\/www.shqiperia.com\/blog\/wp-content\/uploads\/2020\/06\/Edi-Rama-ne-Kosove-me-antipelumb-2.jpg?fit=593%2C413&amp;ssl=1\" class=\"alignnone  wp-image-35951\" alt=\"\" src=\"https:\/\/i0.wp.com\/www.shqiperia.com\/blog\/wp-content\/uploads\/2020\/06\/Edi-Rama-ne-Kosove-me-antipelumb-2.jpg?resize=548%2C382&#038;ssl=1\" width=\"548\" height=\"382\" srcset=\"https:\/\/i0.wp.com\/www.shqiperia.com\/blog\/wp-content\/uploads\/2020\/06\/Edi-Rama-ne-Kosove-me-antipelumb-2.jpg?resize=300%2C209&amp;ssl=1 300w, https:\/\/i0.wp.com\/www.shqiperia.com\/blog\/wp-content\/uploads\/2020\/06\/Edi-Rama-ne-Kosove-me-antipelumb-2.jpg?resize=450%2C313&amp;ssl=1 450w, https:\/\/i0.wp.com\/www.shqiperia.com\/blog\/wp-content\/uploads\/2020\/06\/Edi-Rama-ne-Kosove-me-antipelumb-2.jpg?resize=400%2C279&amp;ssl=1 400w, https:\/\/i0.wp.com\/www.shqiperia.com\/blog\/wp-content\/uploads\/2020\/06\/Edi-Rama-ne-Kosove-me-antipelumb-2.jpg?w=593&amp;ssl=1 593w\" sizes=\"auto, (max-width: 548px) 100vw, 548px\" \/><\/p>\n<p>Burime nga Garda t\u00eb pyetur n\u00ebse kreu i qeveris\u00eb ka veshur antiplumb gjat\u00eb vizit\u00ebs n\u00eb Kosov\u00eb than\u00eb p\u00ebr Dita se ka patur masa t\u00eb shtuara sigurie por jo veshje speciale.<\/p>\n<p><strong>d.a. \/ dita<\/strong><\/p>\n","protected":false},"excerpt":{"rendered":"<p>Media n\u00eb Prishtin\u00eb: &#8211; Rama kishte veshur antiplumb n\u00eb trup, nuk \u00ebsht\u00eb mir\u00eb p\u00ebr imazhin e Kosov\u00ebs. Garda mohon 29 qershor \u00a02020 Gazeta \u201cBota Sot\u201d n\u00eb nj\u00eb analiz\u00eb mbi vizit\u00ebn e Ram\u00ebs n\u00eb Prishtin\u00eb shkruan se ai ishte veshur me antiplumb dhe se kjo nuk \u00ebsht\u00eb mir\u00eb p\u00ebr imazhin nd\u00ebrkomb\u00ebtar t\u00eb Kosov\u00ebs. Duke botuar nj\u00eb [&hellip;]<\/p>\n","protected":false},"author":9,"featured_media":35950,"comment_status":"open","ping_status":"open","sticky":false,"template":"","format":"standard","meta":{"jetpack_post_was_ever_published":false,"_jetpack_newsletter_access":"","_jetpack_dont_email_post_to_subs":false,"_jetpack_newsletter_tier_id":0,"_jetpack_memberships_contains_paywalled_content":false,"_jetpack_memberships_contains_paid_content":false,"footnotes":"","jetpack_publicize_message":"","jetpack_publicize_feature_enabled":true,"jetpack_social_post_already_shared":true,"jetpack_social_options":{"image_generator_settings":{"template":"highway","default_image_id":0,"font":"","enabled":false},"version":2}},"categories":[27,1],"tags":[],"class_list":["post-35949","post","type-post","status-publish","format-standard","has-post-thumbnail","hentry","category-blogu-i-udhetarit","category-njoftime-shtypi"],"jetpack_publicize_connections":[],"jetpack_featured_media_url":"https:\/\/i0.wp.com\/www.shqiperia.com\/blog\/wp-content\/uploads\/2020\/06\/Edi-Rama-ne-Kosove-me-antipelumb.jpg?fit=593%2C295&ssl=1","jetpack_sharing_enabled":true,"jetpack_shortlink":"https:\/\/wp.me\/p5Z6wp-9lP","jetpack-related-posts":[{"id":72531,"url":"https:\/\/www.shqiperia.com\/blog\/vucic-donte-qe-te-arrestohej-djali-i-tij-qe-te-fajesonte-kosoven\/","url_meta":{"origin":35949,"position":0},"title":"Vu\u00e7i\u00e7 donte q\u00eb t\u00eb arrestohej djali i tij q\u00eb t\u00eb faj\u00ebsonte Kosov\u00ebn","author":"Kurt Farka","date":"June 29, 2023","format":false,"excerpt":"209 Qershor 2023 Avokati Tom\u00eb Gashi tha n\u00eb nj\u00eb intervist\u00eb p\u00ebr Euronews Albania se djali i presidentit t\u00eb Serbis\u00eb Aleksand\u00ebr Vu\u00e7i\u00e7 kishte veshur bluz\u00ebn me mbishkrimin \u201cDor\u00ebzimi s\u2019\u00ebsht\u00eb opsion\u201d, me q\u00ebllimin e vet\u00ebm p\u00ebr t\u00eb provokuar. Gashi tha se vet\u00eb Vu\u00e7i\u00e7i do kishte dashur q\u00eb policia e Kosov\u00ebs ta arrestonte\u2026","rel":"","context":"In &quot;Blogu i Udh\u00ebtarit&quot;","block_context":{"text":"Blogu i Udh\u00ebtarit","link":"https:\/\/www.shqiperia.com\/blog\/category\/blogu-i-udhetarit\/"},"img":{"alt_text":"","src":"https:\/\/i0.wp.com\/www.shqiperia.com\/blog\/wp-content\/uploads\/2023\/06\/800-0-649d97710892c.png?fit=800%2C444&ssl=1&resize=350%2C200","width":350,"height":200,"srcset":"https:\/\/i0.wp.com\/www.shqiperia.com\/blog\/wp-content\/uploads\/2023\/06\/800-0-649d97710892c.png?fit=800%2C444&ssl=1&resize=350%2C200 1x, https:\/\/i0.wp.com\/www.shqiperia.com\/blog\/wp-content\/uploads\/2023\/06\/800-0-649d97710892c.png?fit=800%2C444&ssl=1&resize=525%2C300 1.5x, https:\/\/i0.wp.com\/www.shqiperia.com\/blog\/wp-content\/uploads\/2023\/06\/800-0-649d97710892c.png?fit=800%2C444&ssl=1&resize=700%2C400 2x"},"classes":[]},{"id":17083,"url":"https:\/\/www.shqiperia.com\/blog\/haradinaj-i-vendos-rames-kufirin-te-thana-mos-u-perzje-me-punet-tona\/","url_meta":{"origin":35949,"position":1},"title":"Haradinaj i vendos Ram\u00ebs \u201ckufirin te thana\u201d: &#8211; Mos u p\u00ebrzje me pun\u00ebt tona!","author":"Kurt Farka","date":"February 7, 2019","format":false,"excerpt":"Haradinaj i vendos Ram\u00ebs \u201ckufirin te thana\u201d: - Mos u p\u00ebrzje me pun\u00ebt tona! 7 Shkurt, 2019 Darka e shum\u00ebp\u00ebrfolur n\u00eb shtepin\u00eb e re t\u00eb Hashim Tha\u00e7it duket se nuk e ka l\u00ebkundur kryeministrin e Kosov\u00ebs, Ramush Haradinaj. Ai \u00ebsht\u00eb i prer\u00eb p\u00ebr t\u00eb mos ndryshuar kufijt\u00eb e Kosov\u00ebs pavar\u00ebsisht\u2026","rel":"","context":"In &quot;Blogu i Udh\u00ebtarit&quot;","block_context":{"text":"Blogu i Udh\u00ebtarit","link":"https:\/\/www.shqiperia.com\/blog\/category\/blogu-i-udhetarit\/"},"img":{"alt_text":"","src":"https:\/\/i0.wp.com\/www.shqiperia.com\/blog\/wp-content\/uploads\/2019\/02\/rama-haradinaj-e1511860713463-1024x571.jpg?fit=1024%2C522&ssl=1&resize=350%2C200","width":350,"height":200,"srcset":"https:\/\/i0.wp.com\/www.shqiperia.com\/blog\/wp-content\/uploads\/2019\/02\/rama-haradinaj-e1511860713463-1024x571.jpg?fit=1024%2C522&ssl=1&resize=350%2C200 1x, https:\/\/i0.wp.com\/www.shqiperia.com\/blog\/wp-content\/uploads\/2019\/02\/rama-haradinaj-e1511860713463-1024x571.jpg?fit=1024%2C522&ssl=1&resize=525%2C300 1.5x, https:\/\/i0.wp.com\/www.shqiperia.com\/blog\/wp-content\/uploads\/2019\/02\/rama-haradinaj-e1511860713463-1024x571.jpg?fit=1024%2C522&ssl=1&resize=700%2C400 2x"},"classes":[]},{"id":17078,"url":"https:\/\/www.shqiperia.com\/blog\/njeri-te-lobi-ruso-serb-tjetri-me-brekushe-ne-riad-pse-rama-dhe-thaci-po-frikesohen\/","url_meta":{"origin":35949,"position":2},"title":"Nj\u00ebri te lobi ruso-serb, tjetri me brekushe n\u00eb Riad, pse Rama dhe Tha\u00e7i po frik\u00ebsohen. &#8211;","author":"Kurt Farka","date":"February 7, 2019","format":false,"excerpt":"Nj\u00ebri te lobi ruso-serb, tjetri me brekushe n\u00eb Riad, pse Rama dhe Tha\u00e7i po frik\u00ebsohen. -\u201d Nga Spartak Ngjela. \u00a0 Asgj\u00eb nuk mund t\u00eb ndodh\u00eb n\u00ebse Ramush Haradinaj do t\u00eb ket\u00eb shumic\u00ebn n\u00eb Parlament. Nd\u00ebrrimi i kufijve \u00ebsht\u00eb fyerje q\u00eb k\u00ebrkojn\u00eb t\u2019i b\u00ebjn\u00eb shqiptar\u00ebve kur k\u00ebta jan\u00eb sot n\u00eb kulmin\u2026","rel":"","context":"In &quot;Blogu i Udh\u00ebtarit&quot;","block_context":{"text":"Blogu i Udh\u00ebtarit","link":"https:\/\/www.shqiperia.com\/blog\/category\/blogu-i-udhetarit\/"},"img":{"alt_text":"","src":"https:\/\/i0.wp.com\/www.shqiperia.com\/blog\/wp-content\/uploads\/2019\/02\/ngjela.jpg?fit=789%2C502&ssl=1&resize=350%2C200","width":350,"height":200,"srcset":"https:\/\/i0.wp.com\/www.shqiperia.com\/blog\/wp-content\/uploads\/2019\/02\/ngjela.jpg?fit=789%2C502&ssl=1&resize=350%2C200 1x, https:\/\/i0.wp.com\/www.shqiperia.com\/blog\/wp-content\/uploads\/2019\/02\/ngjela.jpg?fit=789%2C502&ssl=1&resize=525%2C300 1.5x, https:\/\/i0.wp.com\/www.shqiperia.com\/blog\/wp-content\/uploads\/2019\/02\/ngjela.jpg?fit=789%2C502&ssl=1&resize=700%2C400 2x"},"classes":[]},{"id":15069,"url":"https:\/\/www.shqiperia.com\/blog\/kryemadhi-akuza-te-renda-rames-dje-erdhe-me-antiplumb-drogohesh-je-peng-i-mallit-qe-te-shesin\/","url_meta":{"origin":35949,"position":3},"title":"Kryemadhi, akuza t\u00eb r\u00ebnda Ram\u00ebs: -Dje erdhe me antiplumb. Drogohesh, je peng i mallit q\u00eb t\u00eb shesin. &#8211;","author":"Kurt Farka","date":"December 21, 2018","format":false,"excerpt":"Kryemadhi, akuza t\u00eb r\u00ebnda Ram\u00ebs: -Dje erdhe me antiplumb. Drogohesh, je peng i mallit q\u00eb t\u00eb shesin. - 21 dhjetor 2018 Kryetarja e LSI-s\u00eb, Monika Kryemadhi ka qen\u00eb shum\u00eb e ashp\u00ebr n\u00eb akuzat e b\u00ebra n\u00eb adres\u00eb t\u00eb kryeministrit Edi Rama, duke e quajtur at\u00eb jo vet\u00ebm t\u00eb droguar, por\u2026","rel":"","context":"In &quot;Blogu i Udh\u00ebtarit&quot;","block_context":{"text":"Blogu i Udh\u00ebtarit","link":"https:\/\/www.shqiperia.com\/blog\/category\/blogu-i-udhetarit\/"},"img":{"alt_text":"","src":"https:\/\/i0.wp.com\/www.shqiperia.com\/blog\/wp-content\/uploads\/2018\/12\/monaaa.jpg?fit=690%2C391&ssl=1&resize=350%2C200","width":350,"height":200,"srcset":"https:\/\/i0.wp.com\/www.shqiperia.com\/blog\/wp-content\/uploads\/2018\/12\/monaaa.jpg?fit=690%2C391&ssl=1&resize=350%2C200 1x, https:\/\/i0.wp.com\/www.shqiperia.com\/blog\/wp-content\/uploads\/2018\/12\/monaaa.jpg?fit=690%2C391&ssl=1&resize=525%2C300 1.5x"},"classes":[]},{"id":28040,"url":"https:\/\/www.shqiperia.com\/blog\/me-mospjesemarrjen-ne-oher-kosova-u-vetembrojt-nuk-u-veteperjashtua\/","url_meta":{"origin":35949,"position":4},"title":"Me mospjes\u00ebmarrjen n\u00eb Oh\u00ebr, Kosova u vet\u00ebmbrojt, nuk u &#8220;vet\u00ebp\u00ebrjashtua&#8221;. &#8211;","author":"Kurt Farka","date":"November 13, 2019","format":false,"excerpt":"Me mospjes\u00ebmarrjen n\u00eb Oh\u00ebr, Kosova u vet\u00ebmbrojt, nuk u \"vet\u00ebp\u00ebrjashtua\". m\u00eb 11-11-2019 Nga Prof. Lisen Bashkurti Nisma e Shengenit Ballkaik \u00ebsht\u00eb pritur me shum\u00eb shqet\u00ebsim sidomos n\u00eb Kosov\u00eb dhe, p\u00ebr konseguenc\u00eb, n\u00eb t\u00eb gjith\u00eb shqiptar\u00ebt n\u00eb Ballkan, Evrop\u00eb dhe ShBA. Sinjalet e kund\u00ebrshtimit jan\u00eb b\u00ebr\u00eb t\u00eb forta dhe publike. Kjo\u2026","rel":"","context":"In &quot;Blogu i Udh\u00ebtarit&quot;","block_context":{"text":"Blogu i Udh\u00ebtarit","link":"https:\/\/www.shqiperia.com\/blog\/category\/blogu-i-udhetarit\/"},"img":{"alt_text":"","src":"https:\/\/i0.wp.com\/www.shqiperia.com\/blog\/wp-content\/uploads\/2019\/11\/0c56aa62e0aa1130eac350acff413bf2_L.jpg?fit=700%2C377&ssl=1&resize=350%2C200","width":350,"height":200,"srcset":"https:\/\/i0.wp.com\/www.shqiperia.com\/blog\/wp-content\/uploads\/2019\/11\/0c56aa62e0aa1130eac350acff413bf2_L.jpg?fit=700%2C377&ssl=1&resize=350%2C200 1x, https:\/\/i0.wp.com\/www.shqiperia.com\/blog\/wp-content\/uploads\/2019\/11\/0c56aa62e0aa1130eac350acff413bf2_L.jpg?fit=700%2C377&ssl=1&resize=525%2C300 1.5x, https:\/\/i0.wp.com\/www.shqiperia.com\/blog\/wp-content\/uploads\/2019\/11\/0c56aa62e0aa1130eac350acff413bf2_L.jpg?fit=700%2C377&ssl=1&resize=700%2C400 2x"},"classes":[]},{"id":72041,"url":"https:\/\/www.shqiperia.com\/blog\/draft-propozimi-i-kryeministrit-shehu-per-panorama-tv-gafe-e-madhe-e-rames-demton-sovranitetin-e-kosoves\/","url_meta":{"origin":35949,"position":5},"title":"Draft propozimi i kryeministrit, Shehu p\u00ebr Panorama TV: &#8211; Gaf\u00eb e madhe e Ram\u00ebs! &#8211; D\u00ebmton sovranitetin e Kosov\u00ebs","author":"Kurt Farka","date":"June 10, 2023","format":false,"excerpt":"10 Qershor 2023 Ish-ministri i Jasht\u00ebm, Tritan Shehu n\u00eb nj\u00eb intervist\u00eb p\u00ebr Panorama Tv ka komentuar draft propozimin\u00a0 e kryeministrit Edi Rama p\u00ebr asociacionin n\u00eb Kosov\u00eb, ku tha se kjo e fundit ishte nj\u00eb gaf\u00eb e madhe pasi kreu i shtetit nuk \u00ebsht\u00eb guvernator i Prishtin\u00ebs. Shehu tha se Shqip\u00ebria\u2026","rel":"","context":"In &quot;Blogu i Udh\u00ebtarit&quot;","block_context":{"text":"Blogu i Udh\u00ebtarit","link":"https:\/\/www.shqiperia.com\/blog\/category\/blogu-i-udhetarit\/"},"img":{"alt_text":"","src":"https:\/\/i0.wp.com\/www.shqiperia.com\/blog\/wp-content\/uploads\/2023\/06\/800-0-63dcb1ab16de0-1.jpg?fit=743%2C409&ssl=1&resize=350%2C200","width":350,"height":200,"srcset":"https:\/\/i0.wp.com\/www.shqiperia.com\/blog\/wp-content\/uploads\/2023\/06\/800-0-63dcb1ab16de0-1.jpg?fit=743%2C409&ssl=1&resize=350%2C200 1x, https:\/\/i0.wp.com\/www.shqiperia.com\/blog\/wp-content\/uploads\/2023\/06\/800-0-63dcb1ab16de0-1.jpg?fit=743%2C409&ssl=1&resize=525%2C300 1.5x, https:\/\/i0.wp.com\/www.shqiperia.com\/blog\/wp-content\/uploads\/2023\/06\/800-0-63dcb1ab16de0-1.jpg?fit=743%2C409&ssl=1&resize=700%2C400 2x"},"classes":[]}],"_links":{"self":[{"href":"https:\/\/www.shqiperia.com\/blog\/wp-json\/wp\/v2\/posts\/35949","targetHints":{"allow":["GET"]}}],"collection":[{"href":"https:\/\/www.shqiperia.com\/blog\/wp-json\/wp\/v2\/posts"}],"about":[{"href":"https:\/\/www.shqiperia.com\/blog\/wp-json\/wp\/v2\/types\/post"}],"author":[{"embeddable":true,"href":"https:\/\/www.shqiperia.com\/blog\/wp-json\/wp\/v2\/users\/9"}],"replies":[{"embeddable":true,"href":"https:\/\/www.shqiperia.com\/blog\/wp-json\/wp\/v2\/comments?post=35949"}],"version-history":[{"count":1,"href":"https:\/\/www.shqiperia.com\/blog\/wp-json\/wp\/v2\/posts\/35949\/revisions"}],"predecessor-version":[{"id":35952,"href":"https:\/\/www.shqiperia.com\/blog\/wp-json\/wp\/v2\/posts\/35949\/revisions\/35952"}],"wp:featuredmedia":[{"embeddable":true,"href":"https:\/\/www.shqiperia.com\/blog\/wp-json\/wp\/v2\/media\/35950"}],"wp:attachment":[{"href":"https:\/\/www.shqiperia.com\/blog\/wp-json\/wp\/v2\/media?parent=35949"}],"wp:term":[{"taxonomy":"category","embeddable":true,"href":"https:\/\/www.shqiperia.com\/blog\/wp-json\/wp\/v2\/categories?post=35949"},{"taxonomy":"post_tag","embeddable":true,"href":"https:\/\/www.shqiperia.com\/blog\/wp-json\/wp\/v2\/tags?post=35949"}],"curies":[{"name":"wp","href":"https:\/\/api.w.org\/{rel}","templated":true}]}}