{"id":35844,"date":"2020-06-19T09:47:26","date_gmt":"2020-06-19T09:47:26","guid":{"rendered":"https:\/\/www.shqiperia.com\/blog\/?p=35844"},"modified":"2020-06-19T09:47:26","modified_gmt":"2020-06-19T09:47:26","slug":"deputeti-maliqi-i-ashper-ndaj-rames-filmimet-e-kasetat-nuk-mungojne-do-e-nxjerr-lakuriq-demonin-e-surrelit","status":"publish","type":"post","link":"https:\/\/www.shqiperia.com\/blog\/deputeti-maliqi-i-ashper-ndaj-rames-filmimet-e-kasetat-nuk-mungojne-do-e-nxjerr-lakuriq-demonin-e-surrelit\/","title":{"rendered":"Deputeti Maliqi, i ashp\u00ebr ndaj Ram\u00ebs: Filmimet e kasetat nuk mungojn\u00eb, do e nxjerr lakuriq \u201cdemonin\u201d e Surrelit"},"content":{"rendered":"<p><img data-recalc-dims=\"1\" loading=\"lazy\" decoding=\"async\" data-attachment-id=\"35845\" data-permalink=\"https:\/\/www.shqiperia.com\/blog\/deputeti-maliqi-i-ashper-ndaj-rames-filmimet-e-kasetat-nuk-mungojne-do-e-nxjerr-lakuriq-demonin-e-surrelit\/lefter-maliqi-6\/\" data-orig-file=\"https:\/\/i0.wp.com\/www.shqiperia.com\/blog\/wp-content\/uploads\/2020\/06\/Lefter-Maliqi-1.png?fit=770%2C427&amp;ssl=1\" data-orig-size=\"770,427\" data-comments-opened=\"1\" data-image-meta=\"{&quot;aperture&quot;:&quot;0&quot;,&quot;credit&quot;:&quot;&quot;,&quot;camera&quot;:&quot;&quot;,&quot;caption&quot;:&quot;&quot;,&quot;created_timestamp&quot;:&quot;0&quot;,&quot;copyright&quot;:&quot;&quot;,&quot;focal_length&quot;:&quot;0&quot;,&quot;iso&quot;:&quot;0&quot;,&quot;shutter_speed&quot;:&quot;0&quot;,&quot;title&quot;:&quot;&quot;,&quot;orientation&quot;:&quot;0&quot;}\" data-image-title=\"Lefter Maliqi\" data-image-description=\"\" data-image-caption=\"\" data-medium-file=\"https:\/\/i0.wp.com\/www.shqiperia.com\/blog\/wp-content\/uploads\/2020\/06\/Lefter-Maliqi-1.png?fit=300%2C166&amp;ssl=1\" data-large-file=\"https:\/\/i0.wp.com\/www.shqiperia.com\/blog\/wp-content\/uploads\/2020\/06\/Lefter-Maliqi-1.png?fit=770%2C427&amp;ssl=1\" class=\"alignnone  wp-image-35845\" alt=\"\" src=\"https:\/\/i0.wp.com\/www.shqiperia.com\/blog\/wp-content\/uploads\/2020\/06\/Lefter-Maliqi-1.png?resize=495%2C274&#038;ssl=1\" width=\"495\" height=\"274\" srcset=\"https:\/\/i0.wp.com\/www.shqiperia.com\/blog\/wp-content\/uploads\/2020\/06\/Lefter-Maliqi-1.png?resize=300%2C166&amp;ssl=1 300w, https:\/\/i0.wp.com\/www.shqiperia.com\/blog\/wp-content\/uploads\/2020\/06\/Lefter-Maliqi-1.png?resize=768%2C426&amp;ssl=1 768w, https:\/\/i0.wp.com\/www.shqiperia.com\/blog\/wp-content\/uploads\/2020\/06\/Lefter-Maliqi-1.png?resize=450%2C250&amp;ssl=1 450w, https:\/\/i0.wp.com\/www.shqiperia.com\/blog\/wp-content\/uploads\/2020\/06\/Lefter-Maliqi-1.png?resize=600%2C333&amp;ssl=1 600w, https:\/\/i0.wp.com\/www.shqiperia.com\/blog\/wp-content\/uploads\/2020\/06\/Lefter-Maliqi-1.png?resize=400%2C222&amp;ssl=1 400w, https:\/\/i0.wp.com\/www.shqiperia.com\/blog\/wp-content\/uploads\/2020\/06\/Lefter-Maliqi-1.png?w=770&amp;ssl=1 770w\" sizes=\"auto, (max-width: 495px) 100vw, 495px\" \/><\/p>\n<p><strong>Deputeti Maliqi, i ashp\u00ebr ndaj Ram\u00ebs: Filmimet e kasetat nuk mungojn\u00eb, do e nxjerr lakuriq \u201cdemonin\u201d e Surrelit<\/strong><\/p>\n<p>&#8211; 19.06.20<\/p>\n<p><a href=\"http:\/\/gazetashqiptare.al\/2020\/06\/19\/deputeti-maliqi-ashper-ndaj-rames-filmimet-e-kasetat-nuk-mungojne-e-nxjerr-lakuriq-demonin-e-surrelit\/\">Gazeta Shqiptare<\/a><\/p>\n<p>Deputeti Lefter Maliqi i \u00ebsht\u00eb p\u00ebrgjigjur me tone t\u00eb ashpra kryeministrit Edi Rama, pasi numri nj\u00eb i Qeveris\u00eb u shpreh se ai ishte i vetmi q\u00eb nuk kishte votuar p\u00ebr veten.<\/p>\n<p>Duke folur p\u00ebr mediat jasht\u00eb Kuvendit, Maliqi, teksa e ka cil\u00ebsuar Ram\u00ebn \u2018demon\u2019, paralajmeroi daljen e filmimeve dhe kasetave. Sipas deputetit nga sot fillon lufta e v\u00ebrtet\u00eb me Edi Ram\u00ebn, \u201cpasi u hap\u00ebn letrat\u201d dhe premtoi se p\u00ebrballja do jet\u00eb e ashp\u00ebr.<\/p>\n<p>\u201cSot \u00ebsht\u00eb nj\u00eb dit\u00eb e zez\u00eb p\u00ebr demonin e dukur t\u00eb djallit t\u00eb beut t\u00eb Surrelit sepse mbr\u00ebm\u00eb PE miratoi amendamentin p\u00ebr 15 kushtet, ku nd\u00ebr m\u00eb kryesor\u00eb d\u00ebnimi i krimit zgjedhor, lufta kund\u00ebr korrupsionit. P\u00ebr shqiptar\u00ebt dhe socialist\u00ebt e ndersh\u00ebm \u00ebsht\u00eb dit\u00eb zie sepse ka ikur nj\u00eb nd\u00ebr figurat m\u00eb t\u00eb r\u00ebnd\u00ebsishme Moikom Zeqo dhe familjes s\u00eb tij i shpreh ngush\u00ebllimet. Un\u00eb jam k\u00ebtu, meqen\u00ebse ky frikacak, kam b\u00ebr\u00eb rresht dy interpelanca me ministrin. Ai nuk pranoi t\u00eb dilte p\u00ebrball\u00eb.<\/p>\n<p>Dje n\u00eb munges\u00ebn time, duke par\u00eb q\u00eb nuk ishte n\u00eb rreshtin e tij, njolla e zez\u00eb e k\u00ebsaj figure, si\u00e7 shiti Tahirin, Kok\u00ebdhim\u00ebn, e Dakon foli.<\/p>\n<p>N\u00ebse \u00ebsht\u00eb burr\u00eb, sot nis deklaratat p\u00ebr t\u00eb, pasi do e nxjerr lakuriq atje para Kuvendit si\u00e7 \u00ebsht\u00eb. Mos t\u00eb kujtoj\u00eb se ka vdekur Prifti dhe s\u2019ka m\u00eb kaseta. Filmimet dhe kasetat tek Dashi i Pez\u00ebs nuk mungojn\u00eb.<\/p>\n<p>Dua t\u2019i them se ai i infiltruari q\u00eb ka qen\u00eb n\u00eb grupin e zjarrit dhe ka q\u00eblluar, duhet t\u00eb hetohet. Paketorin e ke aty o pala\u00e7o.<\/p>\n<p>Paketorin q\u00eb vjedh parat\u00eb e shqiptar\u00ebve. Drejtorin e burgjeve e ke po aty. Ky njeri q\u00eb k\u00ebrc\u00ebnoi me mesazhe zotin Basha ka frik\u00eb nga koalicionet. E vetmja m\u00ebnyr\u00eb \u00ebsht\u00eb grisja e marr\u00ebveshjes n\u00eb Ambasad\u00ebn Amerikane.<\/p>\n<p>Jo k\u00ebta po \u00e7far\u00ebdo partie t\u00eb krijoj\u00eb nuk fiton dot p\u00ebrball\u00eb shqiptar\u00ebve t\u00eb ndersh\u00ebm. P\u00ebr t\u2019i dh\u00ebn\u00eb edhe nj\u00eb p\u00ebrgjigje edhe m\u00eb t\u00eb sinqert\u00eb dhelpr\u00ebn me dy koka e di shum\u00eb mir\u00eb ai. \u00cbsht\u00eb shprehja e tij n\u00eb nj\u00eb grup t\u00eb madh pazarxhinjsh. Do t\u2019ia them t\u00eb gjitha ball\u00eb p\u00ebrball\u00eb.<\/p>\n<p>Tani u hap\u00ebn letrat. \u00cbsht\u00eb mosmir\u00ebnjoh\u00ebs. Ky njeri duhet t\u00eb marr\u00eb fund. Ky nervi im \u00ebsht\u00eb i sinqert\u00eb, i drejt\u00eb. Ku t\u00eb doj\u00eb t\u00eb p\u00ebrballet, n\u00eb vot\u00eb dhe parlament. Mos t\u2019iu duket se \u00ebsht\u00eb trim, se aktron dhe me ju, b\u00ebn batuta, batuta krimi. \u00cbsht\u00eb kriminel, \u00ebsht\u00eb sharlatan, nj\u00eb belk\u00ebputur. Kujton se do blej\u00eb vota\u201d, tha Maliqi.<\/p>\n","protected":false},"excerpt":{"rendered":"<p>Deputeti Maliqi, i ashp\u00ebr ndaj Ram\u00ebs: Filmimet e kasetat nuk mungojn\u00eb, do e nxjerr lakuriq \u201cdemonin\u201d e Surrelit &#8211; 19.06.20 Gazeta Shqiptare Deputeti Lefter Maliqi i \u00ebsht\u00eb p\u00ebrgjigjur me tone t\u00eb ashpra kryeministrit Edi Rama, pasi numri nj\u00eb i Qeveris\u00eb u shpreh se ai ishte i vetmi q\u00eb nuk kishte votuar p\u00ebr veten. Duke folur [&hellip;]<\/p>\n","protected":false},"author":9,"featured_media":35845,"comment_status":"open","ping_status":"open","sticky":false,"template":"","format":"standard","meta":{"jetpack_post_was_ever_published":false,"_jetpack_newsletter_access":"","_jetpack_dont_email_post_to_subs":false,"_jetpack_newsletter_tier_id":0,"_jetpack_memberships_contains_paywalled_content":false,"_jetpack_memberships_contains_paid_content":false,"footnotes":"","jetpack_publicize_message":"","jetpack_publicize_feature_enabled":true,"jetpack_social_post_already_shared":true,"jetpack_social_options":{"image_generator_settings":{"template":"highway","default_image_id":0,"font":"","enabled":false},"version":2}},"categories":[27,35],"tags":[],"class_list":["post-35844","post","type-post","status-publish","format-standard","has-post-thumbnail","hentry","category-blogu-i-udhetarit","category-shoqerore"],"jetpack_publicize_connections":[],"jetpack_featured_media_url":"https:\/\/i0.wp.com\/www.shqiperia.com\/blog\/wp-content\/uploads\/2020\/06\/Lefter-Maliqi-1.png?fit=770%2C427&ssl=1","jetpack_sharing_enabled":true,"jetpack_shortlink":"https:\/\/wp.me\/p5Z6wp-9k8","jetpack-related-posts":[{"id":32591,"url":"https:\/\/www.shqiperia.com\/blog\/lefter-maliqi-nuk-permbahet-ndaj-rames-ka-ardhur-koha-qe-duhet-ti-rrembejne-miliardat-e-eurove-qe-ke-do-te-shkulin-nga-parlamenti\/","url_meta":{"origin":35844,"position":0},"title":"Lefter Maliqi nuk p\u00ebrmbahet ndaj Ram\u00ebs: &#8211; Ka ardhur koha q\u00eb duhet ti rr\u00ebmbejn\u00eb miliardat e eurove q\u00eb ke&#8230; &#8211; Do t\u00eb shkulin nga Parlamenti\u201d,","author":"Kurt Farka","date":"March 20, 2020","format":false,"excerpt":"Lefter Maliqi nuk p\u00ebrmbahet ndaj Ram\u00ebs: - Ka ardhur koha q\u00eb duhet ti rr\u00ebmbejn\u00eb miliardat e eurove q\u00eb ke... - Do t\u00eb shkulin nga Parlamenti\u201d, 20 MARS 2020 Deputeti i opozit\u00ebs Lefter Maliqi ka reaguar ashp\u00ebr ndaj masave t\u00eb marra ndaj kryeministrit Rama ndaj luft\u00ebs s\u00eb koronavirusit. Ai e quan\u2026","rel":"","context":"In &quot;Blogu i Udh\u00ebtarit&quot;","block_context":{"text":"Blogu i Udh\u00ebtarit","link":"https:\/\/www.shqiperia.com\/blog\/category\/blogu-i-udhetarit\/"},"img":{"alt_text":"","src":"https:\/\/i0.wp.com\/www.shqiperia.com\/blog\/wp-content\/uploads\/2020\/03\/edi-rama-1.jpg?fit=876%2C552&ssl=1&resize=350%2C200","width":350,"height":200,"srcset":"https:\/\/i0.wp.com\/www.shqiperia.com\/blog\/wp-content\/uploads\/2020\/03\/edi-rama-1.jpg?fit=876%2C552&ssl=1&resize=350%2C200 1x, https:\/\/i0.wp.com\/www.shqiperia.com\/blog\/wp-content\/uploads\/2020\/03\/edi-rama-1.jpg?fit=876%2C552&ssl=1&resize=525%2C300 1.5x, https:\/\/i0.wp.com\/www.shqiperia.com\/blog\/wp-content\/uploads\/2020\/03\/edi-rama-1.jpg?fit=876%2C552&ssl=1&resize=700%2C400 2x"},"classes":[]},{"id":36283,"url":"https:\/\/www.shqiperia.com\/blog\/deputeti-lefter-maliqi-zbulon-per-here-te-pare-sa-e-bleu-rama-qe-iku-nga-pd-ja-e-bashes\/","url_meta":{"origin":35844,"position":1},"title":"Deputeti Lefter Maliqi zbulon p\u00ebr her\u00eb t\u00eb par\u00eb sa e bleu Rama q\u00eb iku nga PD-ja e Bash\u00ebs","author":"Kurt Farka","date":"July 13, 2020","format":false,"excerpt":"Deputeti Lefter Maliqi zbulon p\u00ebr her\u00eb t\u00eb par\u00eb sa e bleu Rama q\u00eb iku nga PD-ja e Bash\u00ebs 13 KORRIK 2020 Deputeti Lefter Maliqi p\u00ebr her\u00eb t\u00eb par\u00eb ka treguar cila ishte marr\u00ebveshja me Edi Ram\u00ebn p\u00ebr t\u00eb kaluar n\u00eb 2017 me PS-n\u00eb pas p\u00ebrplasjes me Lulzim Bash\u00ebn. Maliqi u\u2026","rel":"","context":"In &quot;Blogu i Udh\u00ebtarit&quot;","block_context":{"text":"Blogu i Udh\u00ebtarit","link":"https:\/\/www.shqiperia.com\/blog\/category\/blogu-i-udhetarit\/"},"img":{"alt_text":"","src":"https:\/\/i0.wp.com\/www.shqiperia.com\/blog\/wp-content\/uploads\/2020\/07\/lefter_maliqi_47460-Copy.jpg?fit=720%2C411&ssl=1&resize=350%2C200","width":350,"height":200,"srcset":"https:\/\/i0.wp.com\/www.shqiperia.com\/blog\/wp-content\/uploads\/2020\/07\/lefter_maliqi_47460-Copy.jpg?fit=720%2C411&ssl=1&resize=350%2C200 1x, https:\/\/i0.wp.com\/www.shqiperia.com\/blog\/wp-content\/uploads\/2020\/07\/lefter_maliqi_47460-Copy.jpg?fit=720%2C411&ssl=1&resize=525%2C300 1.5x, https:\/\/i0.wp.com\/www.shqiperia.com\/blog\/wp-content\/uploads\/2020\/07\/lefter_maliqi_47460-Copy.jpg?fit=720%2C411&ssl=1&resize=700%2C400 2x"},"classes":[]},{"id":36632,"url":"https:\/\/www.shqiperia.com\/blog\/lefter-maliqi-do-kete-perplasje-te-forta-ne-vjeshte\/","url_meta":{"origin":35844,"position":2},"title":"Lefter Maliqi: &#8211; Do ket\u00eb p\u00ebrplasje t\u00eb forta n\u00eb vjesht\u00eb","author":"Kurt Farka","date":"July 29, 2020","format":false,"excerpt":"Lefter Maliqi: - Do ket\u00eb p\u00ebrplasje t\u00eb forta n\u00eb vjesht\u00eb 29 KORRIK 2020 Deputeti i opozit\u00ebs parlamentare, Lefter Maliqi i k\u00ebrkon presidentit Ilir Meta t\u00eb shp\u00ebrndaj\u00eb parlamentin. \u201cShikoj nj\u00eb vjesht\u00eb \u00a0ku nuk do t\u00eb ket\u00eb as gaz lotsjell\u00ebs dhe as presion q\u00eb mund t\u00eb ndal\u00eb zem\u00ebrimin tashm\u00eb popullor. Kur turma\u2026","rel":"","context":"In &quot;Blogu i Udh\u00ebtarit&quot;","block_context":{"text":"Blogu i Udh\u00ebtarit","link":"https:\/\/www.shqiperia.com\/blog\/category\/blogu-i-udhetarit\/"},"img":{"alt_text":"","src":"https:\/\/i0.wp.com\/www.shqiperia.com\/blog\/wp-content\/uploads\/2020\/07\/800-0-5f21aa5fd5cab.jpg?fit=800%2C421&ssl=1&resize=350%2C200","width":350,"height":200,"srcset":"https:\/\/i0.wp.com\/www.shqiperia.com\/blog\/wp-content\/uploads\/2020\/07\/800-0-5f21aa5fd5cab.jpg?fit=800%2C421&ssl=1&resize=350%2C200 1x, https:\/\/i0.wp.com\/www.shqiperia.com\/blog\/wp-content\/uploads\/2020\/07\/800-0-5f21aa5fd5cab.jpg?fit=800%2C421&ssl=1&resize=525%2C300 1.5x, https:\/\/i0.wp.com\/www.shqiperia.com\/blog\/wp-content\/uploads\/2020\/07\/800-0-5f21aa5fd5cab.jpg?fit=800%2C421&ssl=1&resize=700%2C400 2x"},"classes":[]},{"id":89338,"url":"https:\/\/www.shqiperia.com\/blog\/lefter-maliqi-ky-eshte-efekti-trump-tashme-radhen-e-ka-babloku\/","url_meta":{"origin":35844,"position":3},"title":"Lefter Maliqi: &#8211; Ky \u00ebsht\u00eb efekti \u201cTrump\u201d, tashm\u00eb radh\u00ebn e ka \u201cbabloku\u201d","author":"Kurt Farka","date":"February 10, 2025","format":false,"excerpt":"10 Shkurt 2025 Drejtuesi politik i Partis\u00eb s\u00eb Liris\u00eb n\u00eb Qarkun e Beratit, Lefter Maliqi, i ftuar n\u00eb studion e lajmeve n\u00eb \u201cOra News\u201d deklaroi se tashm\u00eb pas arrestimit t\u00eb kryebashkiakut t\u00eb Tiran\u00ebs Erion Veliaj, si pasoj\u00eb e efektit \u201cTrump\u201d, radh\u00ebn e ka babloku i Surrelit, Edi Rama. \u201cPo t\u00eb\u2026","rel":"","context":"In &quot;Blogu i Udh\u00ebtarit&quot;","block_context":{"text":"Blogu i Udh\u00ebtarit","link":"https:\/\/www.shqiperia.com\/blog\/category\/blogu-i-udhetarit\/"},"img":{"alt_text":"","src":"https:\/\/i0.wp.com\/www.shqiperia.com\/blog\/wp-content\/uploads\/2025\/02\/Edi-Rama-me-Perkrenare.jpg?fit=650%2C370&ssl=1&resize=350%2C200","width":350,"height":200,"srcset":"https:\/\/i0.wp.com\/www.shqiperia.com\/blog\/wp-content\/uploads\/2025\/02\/Edi-Rama-me-Perkrenare.jpg?fit=650%2C370&ssl=1&resize=350%2C200 1x, https:\/\/i0.wp.com\/www.shqiperia.com\/blog\/wp-content\/uploads\/2025\/02\/Edi-Rama-me-Perkrenare.jpg?fit=650%2C370&ssl=1&resize=525%2C300 1.5x"},"classes":[]},{"id":35601,"url":"https:\/\/www.shqiperia.com\/blog\/lefter-maliqi-flet-me-emra-trondit-me-deklaraten-po-me-kercenojne-nuk-fiton-pd-ja-cfare-do-te-ndodhe-ne-zgjedhjet-e-ardhshme-ne-shqiperi\/","url_meta":{"origin":35844,"position":4},"title":"Lefter Maliqi flet me emra, trondit me deklarat\u00ebn: Po m\u00eb k\u00ebrc\u00ebnojn\u00eb. Nuk fiton PD! Ja \u00e7far\u00eb do t\u00eb ndodh\u00eb n\u00eb zgjedhjet e ardhshme n\u00eb Shqip\u00ebri","author":"Kurt Farka","date":"June 10, 2020","format":false,"excerpt":"Lefter Maliqi flet me emra, trondit me deklarat\u00ebn: Po m\u00eb k\u00ebrc\u00ebnojn\u00eb. Nuk fiton PD! Ja \u00e7far\u00eb do t\u00eb ndodh\u00eb n\u00eb zgjedhjet e ardhshme n\u00eb Shqip\u00ebri 10 QERSHOR 2020 Deputeti Lefter Maliqi ka theksuar se nuk e trembin mesazhet k\u00ebrc\u00ebnuese, pasi ai nuk ka frik\u00eb. Nd\u00ebrkoh\u00eb deputeti \u00ebsht\u00eb shprehur se gjasht\u00eb\u2026","rel":"","context":"In &quot;Blogu i Udh\u00ebtarit&quot;","block_context":{"text":"Blogu i Udh\u00ebtarit","link":"https:\/\/www.shqiperia.com\/blog\/category\/blogu-i-udhetarit\/"},"img":{"alt_text":"","src":"https:\/\/i0.wp.com\/www.shqiperia.com\/blog\/wp-content\/uploads\/2020\/06\/800-0-5ee0a62b1b23d.jpg?fit=800%2C450&ssl=1&resize=350%2C200","width":350,"height":200,"srcset":"https:\/\/i0.wp.com\/www.shqiperia.com\/blog\/wp-content\/uploads\/2020\/06\/800-0-5ee0a62b1b23d.jpg?fit=800%2C450&ssl=1&resize=350%2C200 1x, https:\/\/i0.wp.com\/www.shqiperia.com\/blog\/wp-content\/uploads\/2020\/06\/800-0-5ee0a62b1b23d.jpg?fit=800%2C450&ssl=1&resize=525%2C300 1.5x, https:\/\/i0.wp.com\/www.shqiperia.com\/blog\/wp-content\/uploads\/2020\/06\/800-0-5ee0a62b1b23d.jpg?fit=800%2C450&ssl=1&resize=700%2C400 2x"},"classes":[]},{"id":40368,"url":"https:\/\/www.shqiperia.com\/blog\/cfare-e-pret-kryeministrin-rama-se-shpejti-deputeti-paralajmeron-termet-ne-politiken-shqiptare\/","url_meta":{"origin":35844,"position":5},"title":"Cfar\u00eb e pret kryeministrin Rama s\u00eb shpejti. &#8211; Deputeti paralajm\u00ebron \u2018t\u00ebrmet\u2019 n\u00eb politik\u00ebn shqiptare,\u00a0","author":"Kurt Farka","date":"November 1, 2020","format":false,"excerpt":"Cfar\u00eb e pret kryeministrin Rama s\u00eb shpejti. - Deputeti paralajm\u00ebron \u2018t\u00ebrmet\u2019 n\u00eb politik\u00ebn shqiptare, 1 Nentor 2020 Deputeti Lefter Maliqi shkruan se kryeministri Rama k\u00ebrkon mandatin e tret\u00eb, p\u00ebr ti shp\u00ebtuar burgut. Ai paralajm\u00ebron se fundi i Ram\u00ebs \u00ebsht\u00eb af\u00ebr Postimi i plot\u00eb i deputetit Lefter Maliqi: Peshkaqeni me peshqit\u2026","rel":"","context":"In &quot;Blogu i Udh\u00ebtarit&quot;","block_context":{"text":"Blogu i Udh\u00ebtarit","link":"https:\/\/www.shqiperia.com\/blog\/category\/blogu-i-udhetarit\/"},"img":{"alt_text":"","src":"https:\/\/i0.wp.com\/www.shqiperia.com\/blog\/wp-content\/uploads\/2020\/11\/Lefter-Maliqi.jpg?fit=705%2C379&ssl=1&resize=350%2C200","width":350,"height":200,"srcset":"https:\/\/i0.wp.com\/www.shqiperia.com\/blog\/wp-content\/uploads\/2020\/11\/Lefter-Maliqi.jpg?fit=705%2C379&ssl=1&resize=350%2C200 1x, https:\/\/i0.wp.com\/www.shqiperia.com\/blog\/wp-content\/uploads\/2020\/11\/Lefter-Maliqi.jpg?fit=705%2C379&ssl=1&resize=525%2C300 1.5x, https:\/\/i0.wp.com\/www.shqiperia.com\/blog\/wp-content\/uploads\/2020\/11\/Lefter-Maliqi.jpg?fit=705%2C379&ssl=1&resize=700%2C400 2x"},"classes":[]}],"_links":{"self":[{"href":"https:\/\/www.shqiperia.com\/blog\/wp-json\/wp\/v2\/posts\/35844","targetHints":{"allow":["GET"]}}],"collection":[{"href":"https:\/\/www.shqiperia.com\/blog\/wp-json\/wp\/v2\/posts"}],"about":[{"href":"https:\/\/www.shqiperia.com\/blog\/wp-json\/wp\/v2\/types\/post"}],"author":[{"embeddable":true,"href":"https:\/\/www.shqiperia.com\/blog\/wp-json\/wp\/v2\/users\/9"}],"replies":[{"embeddable":true,"href":"https:\/\/www.shqiperia.com\/blog\/wp-json\/wp\/v2\/comments?post=35844"}],"version-history":[{"count":1,"href":"https:\/\/www.shqiperia.com\/blog\/wp-json\/wp\/v2\/posts\/35844\/revisions"}],"predecessor-version":[{"id":35846,"href":"https:\/\/www.shqiperia.com\/blog\/wp-json\/wp\/v2\/posts\/35844\/revisions\/35846"}],"wp:featuredmedia":[{"embeddable":true,"href":"https:\/\/www.shqiperia.com\/blog\/wp-json\/wp\/v2\/media\/35845"}],"wp:attachment":[{"href":"https:\/\/www.shqiperia.com\/blog\/wp-json\/wp\/v2\/media?parent=35844"}],"wp:term":[{"taxonomy":"category","embeddable":true,"href":"https:\/\/www.shqiperia.com\/blog\/wp-json\/wp\/v2\/categories?post=35844"},{"taxonomy":"post_tag","embeddable":true,"href":"https:\/\/www.shqiperia.com\/blog\/wp-json\/wp\/v2\/tags?post=35844"}],"curies":[{"name":"wp","href":"https:\/\/api.w.org\/{rel}","templated":true}]}}