{"id":35841,"date":"2020-06-19T08:32:43","date_gmt":"2020-06-19T08:32:43","guid":{"rendered":"https:\/\/www.shqiperia.com\/blog\/?p=35841"},"modified":"2020-06-19T08:32:43","modified_gmt":"2020-06-19T08:32:43","slug":"parlamenti-europian-voton-15-kushtet-per-ramen-para-nisjes-se-negociatave","status":"publish","type":"post","link":"https:\/\/www.shqiperia.com\/blog\/parlamenti-europian-voton-15-kushtet-per-ramen-para-nisjes-se-negociatave\/","title":{"rendered":"Parlamenti Europian voton 15 kushtet p\u00ebr Ram\u00ebn, para nisjes s\u00eb negociatave"},"content":{"rendered":"<p><img data-recalc-dims=\"1\" loading=\"lazy\" decoding=\"async\" data-attachment-id=\"35842\" data-permalink=\"https:\/\/www.shqiperia.com\/blog\/parlamenti-europian-voton-15-kushtet-per-ramen-para-nisjes-se-negociatave\/parlamenti-europian-per-shqiperine\/\" data-orig-file=\"https:\/\/i0.wp.com\/www.shqiperia.com\/blog\/wp-content\/uploads\/2020\/06\/PARLAMENTI-EUROPIAN-PER-SHQIPERINE.jpg?fit=1536%2C864&amp;ssl=1\" data-orig-size=\"1536,864\" data-comments-opened=\"1\" data-image-meta=\"{&quot;aperture&quot;:&quot;0&quot;,&quot;credit&quot;:&quot;&quot;,&quot;camera&quot;:&quot;&quot;,&quot;caption&quot;:&quot;&quot;,&quot;created_timestamp&quot;:&quot;0&quot;,&quot;copyright&quot;:&quot;&quot;,&quot;focal_length&quot;:&quot;0&quot;,&quot;iso&quot;:&quot;0&quot;,&quot;shutter_speed&quot;:&quot;0&quot;,&quot;title&quot;:&quot;&quot;,&quot;orientation&quot;:&quot;0&quot;}\" data-image-title=\"PARLAMENTI-EUROPIAN-PER-SHQIPERINE\" data-image-description=\"\" data-image-caption=\"\" data-medium-file=\"https:\/\/i0.wp.com\/www.shqiperia.com\/blog\/wp-content\/uploads\/2020\/06\/PARLAMENTI-EUROPIAN-PER-SHQIPERINE.jpg?fit=300%2C169&amp;ssl=1\" data-large-file=\"https:\/\/i0.wp.com\/www.shqiperia.com\/blog\/wp-content\/uploads\/2020\/06\/PARLAMENTI-EUROPIAN-PER-SHQIPERINE.jpg?fit=1024%2C576&amp;ssl=1\" class=\"alignnone  wp-image-35842\" alt=\"\" src=\"https:\/\/i0.wp.com\/www.shqiperia.com\/blog\/wp-content\/uploads\/2020\/06\/PARLAMENTI-EUROPIAN-PER-SHQIPERINE.jpg?resize=488%2C275&#038;ssl=1\" width=\"488\" height=\"275\" srcset=\"https:\/\/i0.wp.com\/www.shqiperia.com\/blog\/wp-content\/uploads\/2020\/06\/PARLAMENTI-EUROPIAN-PER-SHQIPERINE.jpg?resize=300%2C169&amp;ssl=1 300w, https:\/\/i0.wp.com\/www.shqiperia.com\/blog\/wp-content\/uploads\/2020\/06\/PARLAMENTI-EUROPIAN-PER-SHQIPERINE.jpg?resize=1024%2C576&amp;ssl=1 1024w, https:\/\/i0.wp.com\/www.shqiperia.com\/blog\/wp-content\/uploads\/2020\/06\/PARLAMENTI-EUROPIAN-PER-SHQIPERINE.jpg?resize=768%2C432&amp;ssl=1 768w, https:\/\/i0.wp.com\/www.shqiperia.com\/blog\/wp-content\/uploads\/2020\/06\/PARLAMENTI-EUROPIAN-PER-SHQIPERINE.jpg?resize=450%2C253&amp;ssl=1 450w, https:\/\/i0.wp.com\/www.shqiperia.com\/blog\/wp-content\/uploads\/2020\/06\/PARLAMENTI-EUROPIAN-PER-SHQIPERINE.jpg?resize=600%2C338&amp;ssl=1 600w, https:\/\/i0.wp.com\/www.shqiperia.com\/blog\/wp-content\/uploads\/2020\/06\/PARLAMENTI-EUROPIAN-PER-SHQIPERINE.jpg?resize=1500%2C844&amp;ssl=1 1500w, https:\/\/i0.wp.com\/www.shqiperia.com\/blog\/wp-content\/uploads\/2020\/06\/PARLAMENTI-EUROPIAN-PER-SHQIPERINE.jpg?resize=1300%2C731&amp;ssl=1 1300w, https:\/\/i0.wp.com\/www.shqiperia.com\/blog\/wp-content\/uploads\/2020\/06\/PARLAMENTI-EUROPIAN-PER-SHQIPERINE.jpg?resize=400%2C225&amp;ssl=1 400w, https:\/\/i0.wp.com\/www.shqiperia.com\/blog\/wp-content\/uploads\/2020\/06\/PARLAMENTI-EUROPIAN-PER-SHQIPERINE.jpg?w=1536&amp;ssl=1 1536w\" sizes=\"auto, (max-width: 488px) 100vw, 488px\" \/><\/p>\n<p><strong>Parlamenti Europian voton 15 kushtet p\u00ebr Ram\u00ebn, para nisjes s\u00eb negociatave<\/strong><\/p>\n<p>&#8211; 19\/06\/20<\/p>\n<p>Me 388 vota pro, 280 vota kund\u00ebr dhe 19 abstenime Parlamenti Europian, miratoi mbr\u00ebm\u00eb, amendamentin e Grupit t\u00eb Partive Popullore Europiane me tekst: \u201cParlamenti Europian thekson 15 kushtet e caktuara nga K\u00ebshilli i Bashkimit Europian, q\u00eb Shqip\u00ebria duhet t\u00eb ket\u00eb p\u00ebrmbushur p\u00ebrpara thirrjes Konferenc\u00ebs s\u00eb par\u00eb Nd\u00ebrqeveritare, me shtetet antare\u201d.<br \/>\nAmendamenti i firmosur nga eurodeputetja Kinga G\u00e0l me k\u00ebrkes\u00ebn e raporterit Lega dhe me mb\u00ebshtetjen e koordinatorit Gahler, erdhi si p\u00ebrgjigje e mohimit t\u00eb p\u00ebrs\u00ebritur nga kryeministri Rama jav\u00ebn e shkuar t\u00eb ekzistenc\u00ebs s\u00eb 15 kushteve.<\/p>\n<p><span>\u00a0<\/span><\/p>\n<p>N\u00eb fillim, kryeministri u bishtnoi, nd\u00ebrsa edhe dje, duket se i ironizoi, kur tha, nuk jan\u00eb 15, po mij\u00ebra kushte q\u00eb do kemi rrug\u00ebs. K\u00ebto kushte u vendos\u00ebn\u00a0 nga K\u00ebshilli Europian (shtetet an\u00ebtare) me propozimin e Gjermanis\u00eb, Franc\u00ebs, Holland\u00ebs, Danimark\u00ebs e Spanj\u00ebs n\u00eb mars t\u00eb k\u00ebtij viti. Pro amendamentit votuan Grupi Liberal dhe ai Konservator si dhe shum\u00eb deputet\u00eb nga e majta dhe djathta pavar\u00ebsisht qendrimit formal t\u00eb grupeve.<\/p>\n<p>Grupi Social Demokrat\u00a0formalisht nuk u shpreh pro-amendimit me shpjegimin se nuk duhej zbehur jehona festive e samitit t\u00eb Zagrebit. Por shum\u00eb eurodeputet\u00eb socialdemokrat\u00eb t\u00eb prir\u00eb nga danez\u00ebt dhe finlandez\u00ebt, votuan pro PPE, si\u00e7 e tregon edhe rezultati. Nj\u00eb pjes\u00eb e nxitur nga eurodeputet\u00ebt rumun\u00eb votuan kundra.<br \/>\nTaulant Balla paraqiti nj\u00eb lutje n\u00eb kryesin\u00eb e PSE, p\u00ebr votim kund\u00ebr n\u00eb bllok, por kjo nuk u mor parasysh.<br \/>\nGjat\u00eb jav\u00ebs s\u00eb shkuar shum\u00eb eurodeputet\u00eb, por edhe diplomat\u00eb europian\u00eb reaguan ndaj deklaratave t\u00eb Ram\u00ebs duke apeluar publikisht p\u00ebr domosdoshm\u00ebrin\u00eb e p\u00ebrmbushjes s\u00eb 15 kushteve sepse ndryshe nuk fillojn\u00eb negociatat.<br \/>\nOpozita e quajti t\u00eb pap\u00ebrgjegjsh\u00ebm mohimin e 15 kushteve nga Rama; sipas saj kjo retorik\u00eb \u00ebsht\u00eb penges\u00eb kryesore p\u00ebr integrimin europian t\u00eb vendit mbas p\u00ebrkeq\u00ebsimit t\u00eb treguesve t\u00eb demokracis\u00eb e shtetit ligjor. Restaurimi i normalitetit demokratike vjen duke plot\u00ebsuar 15 kushtet.<\/p>\n<p><span>\u00a0<\/span><\/p>\n<p>Nj\u00ebri prej kushteve\u00a0 \u00ebsht\u00eb edhe d\u00ebnimi i politikan\u00ebve q\u00eb kan\u00eb bler\u00eb vota n\u00eb zgjedhjet e Dibr\u00ebs e Shijakut. Kujtojm\u00eb se Rama i ka marr\u00eb ata vazhdimisht n\u00eb mbrojtje.<\/p>\n<p>Nga: <a href=\"https:\/\/gazetamapo.al\/parlamenti-europian-voton-15-kushtet-per-ramen-para-nisjes-se-negociatave\/\"><strong>mapo.al<\/strong><\/a><\/p>\n","protected":false},"excerpt":{"rendered":"<p>Parlamenti Europian voton 15 kushtet p\u00ebr Ram\u00ebn, para nisjes s\u00eb negociatave &#8211; 19\/06\/20 Me 388 vota pro, 280 vota kund\u00ebr dhe 19 abstenime Parlamenti Europian, miratoi mbr\u00ebm\u00eb, amendamentin e Grupit t\u00eb Partive Popullore Europiane me tekst: \u201cParlamenti Europian thekson 15 kushtet e caktuara nga K\u00ebshilli i Bashkimit Europian, q\u00eb Shqip\u00ebria duhet t\u00eb ket\u00eb p\u00ebrmbushur p\u00ebrpara [&hellip;]<\/p>\n","protected":false},"author":9,"featured_media":35842,"comment_status":"open","ping_status":"open","sticky":false,"template":"","format":"standard","meta":{"jetpack_post_was_ever_published":false,"_jetpack_newsletter_access":"","_jetpack_dont_email_post_to_subs":false,"_jetpack_newsletter_tier_id":0,"_jetpack_memberships_contains_paywalled_content":false,"_jetpack_memberships_contains_paid_content":false,"footnotes":"","jetpack_publicize_message":"","jetpack_publicize_feature_enabled":true,"jetpack_social_post_already_shared":true,"jetpack_social_options":{"image_generator_settings":{"template":"highway","default_image_id":0,"font":"","enabled":false},"version":2}},"categories":[27,1,2],"tags":[],"class_list":["post-35841","post","type-post","status-publish","format-standard","has-post-thumbnail","hentry","category-blogu-i-udhetarit","category-njoftime-shtypi","category-politika"],"jetpack_publicize_connections":[],"jetpack_featured_media_url":"https:\/\/i0.wp.com\/www.shqiperia.com\/blog\/wp-content\/uploads\/2020\/06\/PARLAMENTI-EUROPIAN-PER-SHQIPERINE.jpg?fit=1536%2C864&ssl=1","jetpack_sharing_enabled":true,"jetpack_shortlink":"https:\/\/wp.me\/p5Z6wp-9k5","jetpack-related-posts":[{"id":11477,"url":"https:\/\/www.shqiperia.com\/blog\/parlamenti-europian-voton-pro-heqjes-se-vizave-per-kosoven\/","url_meta":{"origin":35841,"position":0},"title":"Parlamenti Europian voton pro heqjes s\u00eb vizave p\u00ebr Kosov\u00ebn. &#8211;","author":"Kurt Farka","date":"September 13, 2018","format":false,"excerpt":"Parlamenti Europian voton pro heqjes s\u00eb vizave p\u00ebr Kosov\u00ebn. - \u00a013\/09\/2018 Parlamenti Europian ka votuar pro heqjes p\u00ebr Kosov\u00ebn.Pro heqjes s\u00eb vizave p\u00ebr Kosov\u00ebn dhe qytetar\u00ebt e saj kan\u00eb votuar 420 deputet\u00eb t\u00eb Parlamentit Evropian.Raportuesja p\u00ebr Kosov\u00ebn n\u00eb Parlamentin Evropian, Tanja Fajon para fillimit t\u00eb votimit tha se Kosova i\u2026","rel":"","context":"In &quot;Njoftime Shtypi&quot;","block_context":{"text":"Njoftime Shtypi","link":"https:\/\/www.shqiperia.com\/blog\/category\/njoftime-shtypi\/"},"img":{"alt_text":"","src":"https:\/\/i0.wp.com\/www.shqiperia.com\/blog\/wp-content\/uploads\/2018\/09\/pa_1453281986-714335-Copy-300x183.jpg?resize=350%2C200","width":350,"height":200},"classes":[]},{"id":35708,"url":"https:\/\/www.shqiperia.com\/blog\/grupi-i-ppe-amendament-per-15-kushtet-e-shqiperise-te-permbushen-para-konferences-nderqeveritare\/","url_meta":{"origin":35841,"position":1},"title":"Grupi i PPE, amendament p\u00ebr 15 kushtet e Shqip\u00ebris\u00eb: T\u00eb p\u00ebrmbushen para Konferenc\u00ebs Nd\u00ebrqeveritare","author":"Kurt Farka","date":"June 15, 2020","format":false,"excerpt":"Grupi i PPE, amendament p\u00ebr 15 kushtet e Shqip\u00ebris\u00eb: T\u00eb p\u00ebrmbushen para Konferenc\u00ebs Nd\u00ebrqeveritare - 15\/06\/20 Nga: mapo.al Grupi Parlamentar PPE dor\u00ebzoi sot nj\u00eb amendament p\u00ebr rezolut\u00ebn mbi Ballkanin Per\u00ebndimor e cila miratohet k\u00ebt\u00eb jav\u00eb n\u00eb plenaren e Parlamentit Europian. Rezoluta e hartuar nga socialisti kroat, Tonino Picula \u00ebsht\u00eb e\u2026","rel":"","context":"In &quot;Njoftime Shtypi&quot;","block_context":{"text":"Njoftime Shtypi","link":"https:\/\/www.shqiperia.com\/blog\/category\/njoftime-shtypi\/"},"img":{"alt_text":"","src":"https:\/\/i0.wp.com\/www.shqiperia.com\/blog\/wp-content\/uploads\/2020\/06\/parlamenti-europian.jpg?fit=900%2C562&ssl=1&resize=350%2C200","width":350,"height":200,"srcset":"https:\/\/i0.wp.com\/www.shqiperia.com\/blog\/wp-content\/uploads\/2020\/06\/parlamenti-europian.jpg?fit=900%2C562&ssl=1&resize=350%2C200 1x, https:\/\/i0.wp.com\/www.shqiperia.com\/blog\/wp-content\/uploads\/2020\/06\/parlamenti-europian.jpg?fit=900%2C562&ssl=1&resize=525%2C300 1.5x, https:\/\/i0.wp.com\/www.shqiperia.com\/blog\/wp-content\/uploads\/2020\/06\/parlamenti-europian.jpg?fit=900%2C562&ssl=1&resize=700%2C400 2x"},"classes":[]},{"id":19732,"url":"https:\/\/www.shqiperia.com\/blog\/parlamenti-holandez-voton-per-heqjen-e-levisjes-shengen-me-shqiperine-por-fjalen-e-fundit-e-thote\/","url_meta":{"origin":35841,"position":2},"title":"Parlamenti Holandez voton p\u00ebr heqjen e Levisjes Shengen me Shqip\u00ebrin\u00eb, por fjal\u00ebn e fundit e thot\u00eb\u2026","author":"Kurt Farka","date":"April 16, 2019","format":false,"excerpt":"Parlamenti Holandez voton p\u00ebr heqjen e Levisjes Shengen me Shqip\u00ebrin\u00eb, por fjal\u00ebn e fundit e thot\u00eb\u2026 16 prill 2019 Holanda ka votuar p\u00ebr rikthimin e vizave p\u00ebr Shqip\u00ebrin\u00eb. Pes\u00eb partit\u00eb politike n\u00eb Holand\u00eb, VVD, CDA, PVV, SP, CU kan\u00eb b\u00ebr\u00eb bashk\u00eb 92 deputet\u00eb, nga 150 duke votuar me shumic\u00eb votash\u2026","rel":"","context":"In &quot;Njoftime Shtypi&quot;","block_context":{"text":"Njoftime Shtypi","link":"https:\/\/www.shqiperia.com\/blog\/category\/njoftime-shtypi\/"},"img":{"alt_text":"","src":"https:\/\/i0.wp.com\/www.shqiperia.com\/blog\/wp-content\/uploads\/2019\/04\/teei-587x352.jpg?fit=587%2C308&ssl=1&resize=350%2C200","width":350,"height":200,"srcset":"https:\/\/i0.wp.com\/www.shqiperia.com\/blog\/wp-content\/uploads\/2019\/04\/teei-587x352.jpg?fit=587%2C308&ssl=1&resize=350%2C200 1x, https:\/\/i0.wp.com\/www.shqiperia.com\/blog\/wp-content\/uploads\/2019\/04\/teei-587x352.jpg?fit=587%2C308&ssl=1&resize=525%2C300 1.5x"},"classes":[]},{"id":84757,"url":"https:\/\/www.shqiperia.com\/blog\/parlamenti-europian-miraton-rezoluten-lejojeni-ukrainen-te-godase-brenda-territorit-rus\/","url_meta":{"origin":35841,"position":3},"title":"Parlamenti Europian miraton rezolut\u00ebn: &#8211; Lejojeni Ukrain\u00ebn t\u00eb godas\u00eb brenda territorit rus","author":"Kurt Farka","date":"September 20, 2024","format":false,"excerpt":"20 Shtator 2024 Parlamenti Europian ka miratuar me 377 vota pro, 191 kund\u00ebr dhe 51 abstenime, rezolut\u00ebn e cila k\u00ebrkon q\u00eb vendet e Bashkimit Europian t\u00eb heqin t\u00eb gjitha kufizimet n\u00eb m\u00ebnyr\u00eb q\u00eb Ukraina t\u00eb p\u00ebrdor\u00eb arm\u00ebt per\u00ebndimore kund\u00ebr objektivave brenda territorit rus. Parlamenti n\u00ebnvizon faktin se d\u00ebrgesat e pamjaftueshme\u2026","rel":"","context":"In &quot;Blogu i Udh\u00ebtarit&quot;","block_context":{"text":"Blogu i Udh\u00ebtarit","link":"https:\/\/www.shqiperia.com\/blog\/category\/blogu-i-udhetarit\/"},"img":{"alt_text":"","src":"https:\/\/i0.wp.com\/www.shqiperia.com\/blog\/wp-content\/uploads\/2024\/09\/640-0-755cd455-bd6f-4e44-9ac4-e4ab96d8d348-231.jpeg?fit=640%2C335&ssl=1&resize=350%2C200","width":350,"height":200,"srcset":"https:\/\/i0.wp.com\/www.shqiperia.com\/blog\/wp-content\/uploads\/2024\/09\/640-0-755cd455-bd6f-4e44-9ac4-e4ab96d8d348-231.jpeg?fit=640%2C335&ssl=1&resize=350%2C200 1x, https:\/\/i0.wp.com\/www.shqiperia.com\/blog\/wp-content\/uploads\/2024\/09\/640-0-755cd455-bd6f-4e44-9ac4-e4ab96d8d348-231.jpeg?fit=640%2C335&ssl=1&resize=525%2C300 1.5x"},"classes":[]},{"id":21705,"url":"https:\/\/www.shqiperia.com\/blog\/be-e-ka-rrezuar-ramen-tani-eshte-radha-e-opozites\/","url_meta":{"origin":35841,"position":4},"title":"BE e ka rr\u00ebzuar Ram\u00ebn, tani \u00ebsht\u00eb radha e opozit\u00ebs","author":"Kurt Farka","date":"June 7, 2019","format":false,"excerpt":"BE e ka rr\u00ebzuar Ram\u00ebn, tani \u00ebsht\u00eb radha e opozit\u00ebs. 7 Qershor, 2019 Gjat\u00eb gjith\u00eb muajve t\u00eb kriz\u00ebs politike qeveria ka pasur nj\u00eb argument q\u00eb e hidhte n\u00eb tavolin\u00eb sa her\u00eb diskutohej largimi i saj. Logjika e qeveris\u00eb lidhej me faktin se pavar\u00ebsisht atyre q\u00eb thot\u00eb opozita, Bashkimi Europian mb\u00ebshtet\u2026","rel":"","context":"In &quot;Blogu i Udh\u00ebtarit&quot;","block_context":{"text":"Blogu i Udh\u00ebtarit","link":"https:\/\/www.shqiperia.com\/blog\/category\/blogu-i-udhetarit\/"},"img":{"alt_text":"","src":"https:\/\/i0.wp.com\/www.shqiperia.com\/blog\/wp-content\/uploads\/2019\/06\/rama-konference-kryeministri3-1024x709.jpg?fit=1024%2C601&ssl=1&resize=350%2C200","width":350,"height":200,"srcset":"https:\/\/i0.wp.com\/www.shqiperia.com\/blog\/wp-content\/uploads\/2019\/06\/rama-konference-kryeministri3-1024x709.jpg?fit=1024%2C601&ssl=1&resize=350%2C200 1x, https:\/\/i0.wp.com\/www.shqiperia.com\/blog\/wp-content\/uploads\/2019\/06\/rama-konference-kryeministri3-1024x709.jpg?fit=1024%2C601&ssl=1&resize=525%2C300 1.5x, https:\/\/i0.wp.com\/www.shqiperia.com\/blog\/wp-content\/uploads\/2019\/06\/rama-konference-kryeministri3-1024x709.jpg?fit=1024%2C601&ssl=1&resize=700%2C400 2x"},"classes":[]},{"id":32082,"url":"https:\/\/www.shqiperia.com\/blog\/sa-shpik-armiq-lexo-kushtet-e-be-qe-shtohen-cdo-dite-bardhi-i-pergjigjet-rames-i-pafuqishem-per-te-luftuar-krimin-pasi\/","url_meta":{"origin":35841,"position":5},"title":"\u201cSa shpik armiq, lexo kushtet e BE, q\u00eb shtohen \u00e7do dit\u00eb\u201d- Bardhi i p\u00ebrgjigjet Ram\u00ebs: I pafuqish\u00ebm p\u00ebr t\u00eb luftuar krimin pasi\u2026","author":"Kurt Farka","date":"March 5, 2020","format":false,"excerpt":"\u201cSa shpik armiq, lexo kushtet e BE, q\u00eb shtohen \u00e7do dit\u00eb\u201d- Bardhi i p\u00ebrgjigjet Ram\u00ebs: I pafuqish\u00ebm p\u00ebr t\u00eb luftuar krimin pasi\u2026 5 mars2020\u00a0 Sekretari i P\u00ebrgjithsh\u00ebm i Partis\u00eb Demokratike, Gazment Bardhi i kujton kryeministrit Edi Rama q\u00eb t\u00eb lexoj\u00eb 9 kushtet q\u00eb jan\u00eb vendosur nga partner\u00ebt evropian dhe se\u2026","rel":"","context":"In &quot;Blogu i Udh\u00ebtarit&quot;","block_context":{"text":"Blogu i Udh\u00ebtarit","link":"https:\/\/www.shqiperia.com\/blog\/category\/blogu-i-udhetarit\/"},"img":{"alt_text":"","src":"https:\/\/i0.wp.com\/www.shqiperia.com\/blog\/wp-content\/uploads\/2020\/03\/gaz-bardhi.jpg?fit=1200%2C643&ssl=1&resize=350%2C200","width":350,"height":200,"srcset":"https:\/\/i0.wp.com\/www.shqiperia.com\/blog\/wp-content\/uploads\/2020\/03\/gaz-bardhi.jpg?fit=1200%2C643&ssl=1&resize=350%2C200 1x, https:\/\/i0.wp.com\/www.shqiperia.com\/blog\/wp-content\/uploads\/2020\/03\/gaz-bardhi.jpg?fit=1200%2C643&ssl=1&resize=525%2C300 1.5x, https:\/\/i0.wp.com\/www.shqiperia.com\/blog\/wp-content\/uploads\/2020\/03\/gaz-bardhi.jpg?fit=1200%2C643&ssl=1&resize=700%2C400 2x, https:\/\/i0.wp.com\/www.shqiperia.com\/blog\/wp-content\/uploads\/2020\/03\/gaz-bardhi.jpg?fit=1200%2C643&ssl=1&resize=1050%2C600 3x"},"classes":[]}],"_links":{"self":[{"href":"https:\/\/www.shqiperia.com\/blog\/wp-json\/wp\/v2\/posts\/35841","targetHints":{"allow":["GET"]}}],"collection":[{"href":"https:\/\/www.shqiperia.com\/blog\/wp-json\/wp\/v2\/posts"}],"about":[{"href":"https:\/\/www.shqiperia.com\/blog\/wp-json\/wp\/v2\/types\/post"}],"author":[{"embeddable":true,"href":"https:\/\/www.shqiperia.com\/blog\/wp-json\/wp\/v2\/users\/9"}],"replies":[{"embeddable":true,"href":"https:\/\/www.shqiperia.com\/blog\/wp-json\/wp\/v2\/comments?post=35841"}],"version-history":[{"count":1,"href":"https:\/\/www.shqiperia.com\/blog\/wp-json\/wp\/v2\/posts\/35841\/revisions"}],"predecessor-version":[{"id":35843,"href":"https:\/\/www.shqiperia.com\/blog\/wp-json\/wp\/v2\/posts\/35841\/revisions\/35843"}],"wp:featuredmedia":[{"embeddable":true,"href":"https:\/\/www.shqiperia.com\/blog\/wp-json\/wp\/v2\/media\/35842"}],"wp:attachment":[{"href":"https:\/\/www.shqiperia.com\/blog\/wp-json\/wp\/v2\/media?parent=35841"}],"wp:term":[{"taxonomy":"category","embeddable":true,"href":"https:\/\/www.shqiperia.com\/blog\/wp-json\/wp\/v2\/categories?post=35841"},{"taxonomy":"post_tag","embeddable":true,"href":"https:\/\/www.shqiperia.com\/blog\/wp-json\/wp\/v2\/tags?post=35841"}],"curies":[{"name":"wp","href":"https:\/\/api.w.org\/{rel}","templated":true}]}}