{"id":35838,"date":"2020-06-19T08:24:02","date_gmt":"2020-06-19T08:24:02","guid":{"rendered":"https:\/\/www.shqiperia.com\/blog\/?p=35838"},"modified":"2020-06-19T08:24:02","modified_gmt":"2020-06-19T08:24:02","slug":"cfare-ndodh-pas-shkarkimit-te-fatmira-hajdarit-nga-vettingu-spartak-ngjela-zbulon-detajet-i-gjithe-gjyqesori","status":"publish","type":"post","link":"https:\/\/www.shqiperia.com\/blog\/cfare-ndodh-pas-shkarkimit-te-fatmira-hajdarit-nga-vettingu-spartak-ngjela-zbulon-detajet-i-gjithe-gjyqesori\/","title":{"rendered":"\u00c7far\u00eb ndodh pas shkarkimit t\u00eb Fatmira Hajdarit nga vettingu? Spartak Ngjela zbulon detajet: I gjith\u00eb gjyq\u00ebsori &#8230;."},"content":{"rendered":"<p><img data-recalc-dims=\"1\" loading=\"lazy\" decoding=\"async\" data-attachment-id=\"35839\" data-permalink=\"https:\/\/www.shqiperia.com\/blog\/cfare-ndodh-pas-shkarkimit-te-fatmira-hajdarit-nga-vettingu-spartak-ngjela-zbulon-detajet-i-gjithe-gjyqesori\/spartak-ngjela-16\/\" data-orig-file=\"https:\/\/i0.wp.com\/www.shqiperia.com\/blog\/wp-content\/uploads\/2020\/06\/Spartak-Ngjela.jpg?fit=640%2C361&amp;ssl=1\" data-orig-size=\"640,361\" data-comments-opened=\"1\" data-image-meta=\"{&quot;aperture&quot;:&quot;0&quot;,&quot;credit&quot;:&quot;&quot;,&quot;camera&quot;:&quot;&quot;,&quot;caption&quot;:&quot;&quot;,&quot;created_timestamp&quot;:&quot;0&quot;,&quot;copyright&quot;:&quot;&quot;,&quot;focal_length&quot;:&quot;0&quot;,&quot;iso&quot;:&quot;0&quot;,&quot;shutter_speed&quot;:&quot;0&quot;,&quot;title&quot;:&quot;&quot;,&quot;orientation&quot;:&quot;0&quot;}\" data-image-title=\"Spartak Ngjela\" data-image-description=\"\" data-image-caption=\"\" data-medium-file=\"https:\/\/i0.wp.com\/www.shqiperia.com\/blog\/wp-content\/uploads\/2020\/06\/Spartak-Ngjela.jpg?fit=300%2C169&amp;ssl=1\" data-large-file=\"https:\/\/i0.wp.com\/www.shqiperia.com\/blog\/wp-content\/uploads\/2020\/06\/Spartak-Ngjela.jpg?fit=640%2C361&amp;ssl=1\" class=\"alignnone  wp-image-35839\" alt=\"\" src=\"https:\/\/i0.wp.com\/www.shqiperia.com\/blog\/wp-content\/uploads\/2020\/06\/Spartak-Ngjela.jpg?resize=497%2C280&#038;ssl=1\" width=\"497\" height=\"280\" srcset=\"https:\/\/i0.wp.com\/www.shqiperia.com\/blog\/wp-content\/uploads\/2020\/06\/Spartak-Ngjela.jpg?resize=300%2C169&amp;ssl=1 300w, https:\/\/i0.wp.com\/www.shqiperia.com\/blog\/wp-content\/uploads\/2020\/06\/Spartak-Ngjela.jpg?resize=450%2C254&amp;ssl=1 450w, https:\/\/i0.wp.com\/www.shqiperia.com\/blog\/wp-content\/uploads\/2020\/06\/Spartak-Ngjela.jpg?resize=600%2C338&amp;ssl=1 600w, https:\/\/i0.wp.com\/www.shqiperia.com\/blog\/wp-content\/uploads\/2020\/06\/Spartak-Ngjela.jpg?resize=400%2C226&amp;ssl=1 400w, https:\/\/i0.wp.com\/www.shqiperia.com\/blog\/wp-content\/uploads\/2020\/06\/Spartak-Ngjela.jpg?w=640&amp;ssl=1 640w\" sizes=\"auto, (max-width: 497px) 100vw, 497px\" \/><\/p>\n<p>\u00c7far\u00eb ndodh pas shkarkimit t\u00eb Fatmira Hajdarit nga vettingu? Spartak Ngjela zbulon detajet: I gjith\u00eb gjyq\u00ebsori &#8230;.<\/p>\n<p>19 Qershor 2020<\/p>\n<p>Komisioni i Pavarur i Kualifikimit shkarkoi dje nga detyra gjyqtaren e Gjykat\u00ebs s\u00eb Apelit t\u00eb Tiran\u00ebs, Fatmira Hajdari, e veja e liderit t\u00eb demokracis\u00eb Azem Hajdari dhe n\u00ebna e deputetes Rudina Hajdari.<\/p>\n<p>Avokati Spartak Ngjela tha se Hajdari duhet t\u00eb shkoj\u00eb n\u00eb gjykat\u00eb dhe t\u00eb justifikoj\u00eb pasurin\u00eb.<\/p>\n<p>Sipas tij, pushteti gjyq\u00ebsor n\u00eb Shqip\u00ebri ka qen\u00eb korporat\u00eb biznesi.<\/p>\n<p>&#8221;Pasuria \u00ebsht\u00eb kryesorja. Edhe revokimi i viz\u00ebs \u00ebsht\u00eb b\u00ebr\u00eb n\u00eb funksion t\u00eb pasuris\u00eb. Duhet ta justifikoj\u00eb. Shko n\u00eb gjykat\u00eb edhe zgjidhi. Problemi \u00ebsht\u00eb ata i kam miq. Por sado miq q\u00eb t&#8217;i kem, un\u00eb jam me t\u00eb v\u00ebrtetat. Dua m\u00eb shum\u00eb t\u00eb v\u00ebrtet\u00ebn. Vajza e vet tha nuk kam p\u00ebrgjegj\u00ebsi fare, le t&#8217;i p\u00ebrgjigjet ligjit. Si un\u00eb foli edhe ajo. Ajo \u00ebsht\u00eb n\u00ebnshtetase amerikane, \u00e7pun\u00eb ka ajo se \u00e7far\u00eb b\u00ebn k\u00ebtu e \u00ebma e vet si gjyqtare n\u00eb nj\u00eb sistem gjyq\u00ebsor ultra t\u00eb korruptuar. Se mos vet\u00ebm kjo? Pushteti gjyq\u00ebsor n\u00eb Shqip\u00ebri ka qen\u00eb korporat\u00eb biznesi.&#8221;-tha\u00a0Spartak Ngjela.<\/p>\n<p>Gazeta Sot<\/p>\n","protected":false},"excerpt":{"rendered":"<p>\u00c7far\u00eb ndodh pas shkarkimit t\u00eb Fatmira Hajdarit nga vettingu? Spartak Ngjela zbulon detajet: I gjith\u00eb gjyq\u00ebsori &#8230;. 19 Qershor 2020 Komisioni i Pavarur i Kualifikimit shkarkoi dje nga detyra gjyqtaren e Gjykat\u00ebs s\u00eb Apelit t\u00eb Tiran\u00ebs, Fatmira Hajdari, e veja e liderit t\u00eb demokracis\u00eb Azem Hajdari dhe n\u00ebna e deputetes Rudina Hajdari. Avokati Spartak Ngjela [&hellip;]<\/p>\n","protected":false},"author":9,"featured_media":35839,"comment_status":"open","ping_status":"open","sticky":false,"template":"","format":"standard","meta":{"jetpack_post_was_ever_published":false,"_jetpack_newsletter_access":"","_jetpack_dont_email_post_to_subs":false,"_jetpack_newsletter_tier_id":0,"_jetpack_memberships_contains_paywalled_content":false,"_jetpack_memberships_contains_paid_content":false,"footnotes":"","jetpack_publicize_message":"","jetpack_publicize_feature_enabled":true,"jetpack_social_post_already_shared":true,"jetpack_social_options":{"image_generator_settings":{"template":"highway","default_image_id":0,"font":"","enabled":false},"version":2}},"categories":[27,2,35],"tags":[],"class_list":["post-35838","post","type-post","status-publish","format-standard","has-post-thumbnail","hentry","category-blogu-i-udhetarit","category-politika","category-shoqerore"],"jetpack_publicize_connections":[],"jetpack_featured_media_url":"https:\/\/i0.wp.com\/www.shqiperia.com\/blog\/wp-content\/uploads\/2020\/06\/Spartak-Ngjela.jpg?fit=640%2C361&ssl=1","jetpack_sharing_enabled":true,"jetpack_shortlink":"https:\/\/wp.me\/p5Z6wp-9k2","jetpack-related-posts":[{"id":52890,"url":"https:\/\/www.shqiperia.com\/blog\/basha-sot-e-ndihmoi-berishen-spartak-ngjela-zbulon-cfare-ndodhi-ne-seline-blu-zheji-ben-parashikimin-e-rendesishem-nese-deri-ne-oren\/","url_meta":{"origin":35838,"position":0},"title":"\u201cBasha sot e ndihmoi Berish\u00ebn\u201d, Spartak Ngjela zbulon \u00e7far\u00eb ndodhi n\u00eb selin\u00eb blu, Zheji b\u00ebn parashikimin e r\u00ebnd\u00ebsish\u00ebm: N\u00ebse deri n\u00eb or\u00ebn&#8230;","author":"Kurt Farka","date":"January 5, 2022","format":false,"excerpt":"\u201cBasha sot e ndihmoi Berish\u00ebn\u201d, Spartak Ngjela zbulon \u00e7far\u00eb ndodhi n\u00eb selin\u00eb blu, Zheji b\u00ebn parashikimin e r\u00ebnd\u00ebsish\u00ebm: N\u00ebse deri n\u00eb or\u00ebn... 5 JANAR 2022 Avokati Spartak Ngjela dhe analisti Artur Zheji komentuan sot n\u00eb emisionin \u2018Pikat mbi i\u2019 p\u00ebrplasjet brenda PD-s\u00eb. Sipas avokatit Ngjela, ish-kryeministri Sali Berisha \u00ebsht\u00eb i\u2026","rel":"","context":"In &quot;Blogu i Udh\u00ebtarit&quot;","block_context":{"text":"Blogu i Udh\u00ebtarit","link":"https:\/\/www.shqiperia.com\/blog\/category\/blogu-i-udhetarit\/"},"img":{"alt_text":"","src":"https:\/\/i0.wp.com\/www.shqiperia.com\/blog\/wp-content\/uploads\/2022\/01\/800-0-61d5a27cba6c0-300x162.png?resize=350%2C200&ssl=1","width":350,"height":200,"srcset":"https:\/\/i0.wp.com\/www.shqiperia.com\/blog\/wp-content\/uploads\/2022\/01\/800-0-61d5a27cba6c0-300x162.png?resize=350%2C200&ssl=1 1x, https:\/\/i0.wp.com\/www.shqiperia.com\/blog\/wp-content\/uploads\/2022\/01\/800-0-61d5a27cba6c0-300x162.png?resize=525%2C300&ssl=1 1.5x"},"classes":[]},{"id":36916,"url":"https:\/\/www.shqiperia.com\/blog\/a-do-ta-pranoje-rama-kete-spartak-ngjela-zbulon-cfare-po-planifikon-politika-amerikane-per-zgjedhjet-e-ardhshme-ne-shqiperi\/","url_meta":{"origin":35838,"position":1},"title":"\u201cA do ta pranoj\u00eb Rama k\u00ebt\u00eb?\u201d, Spartak Ngjela zbulon \u00e7far\u00eb po planifikon politika amerikane p\u00ebr zgjedhjet e ardhshme n\u00eb Shqip\u00ebri","author":"Kurt Farka","date":"August 6, 2020","format":false,"excerpt":"\u201cA do ta pranoj\u00eb Rama k\u00ebt\u00eb?\u201d, Spartak Ngjela zbulon \u00e7far\u00eb po planifikon politika amerikane p\u00ebr zgjedhjet e ardhshme n\u00eb Shqip\u00ebri 5 Gusht 2020 Avokat Spartak Ngjela p\u00ebrmes nj\u00eb postimi n\u00eb rrjetet sociale ka ngritur pyetjet n\u00ebse do t\u00eb miratohet ligji p\u00ebr vettingun e kandidat\u00ebve p\u00ebr deputet n\u00eb zgjedhjet 2021. Sipas\u2026","rel":"","context":"In &quot;Blogu i Udh\u00ebtarit&quot;","block_context":{"text":"Blogu i Udh\u00ebtarit","link":"https:\/\/www.shqiperia.com\/blog\/category\/blogu-i-udhetarit\/"},"img":{"alt_text":"","src":"https:\/\/i0.wp.com\/www.shqiperia.com\/blog\/wp-content\/uploads\/2020\/08\/Edi-Rama-1-300x164.jpg?resize=350%2C200&ssl=1","width":350,"height":200},"classes":[]},{"id":37769,"url":"https:\/\/www.shqiperia.com\/blog\/greqia-kerkon-zgjerim-kufiri-drejt-detit-jon-spartak-ngjela-zbulon-cfare-pritet-te-ndodhe-dhe-leshon-deklaraten-bombe-kjo-eshte-marreveshje-e-rames-dhe-ka-kete-qellim\/","url_meta":{"origin":35838,"position":2},"title":"Greqia k\u00ebrkon zgjerim kufiri drejt detit Jon, Spartak Ngjela zbulon \u00e7far\u00eb pritet t\u00eb ndodh\u00eb dhe l\u00ebshon deklarat\u00ebn \u2018bomb\u00eb\u2019: Kjo \u00ebsht\u00eb marr\u00ebveshje e Ram\u00ebs dhe ka k\u00ebt\u00eb q\u00ebllim!","author":"Kurt Farka","date":"August 28, 2020","format":false,"excerpt":"Greqia k\u00ebrkon zgjerim kufiri drejt detit Jon, Spartak Ngjela zbulon \u00e7far\u00eb pritet t\u00eb ndodh\u00eb dhe l\u00ebshon deklarat\u00ebn \u2018bomb\u00eb\u2019: Kjo \u00ebsht\u00eb marr\u00ebveshje e Ram\u00ebs dhe ka k\u00ebt\u00eb q\u00ebllim! 28 GUSHT 2020 Avokati Spartak Ngjela ka b\u00ebr\u00eb nj\u00eb reagim t\u00eb fort\u00eb lidhur me \u00e7\u00ebshtjen e \u2018nxeht\u00eb\u2019 t\u00eb kufirit detar me Greqin\u00eb. Ngjela\u2026","rel":"","context":"In &quot;Blogu i Udh\u00ebtarit&quot;","block_context":{"text":"Blogu i Udh\u00ebtarit","link":"https:\/\/www.shqiperia.com\/blog\/category\/blogu-i-udhetarit\/"},"img":{"alt_text":"","src":"https:\/\/i0.wp.com\/www.shqiperia.com\/blog\/wp-content\/uploads\/2020\/08\/spartak-ngjela-mirela-milori.jpg?fit=1173%2C600&ssl=1&resize=350%2C200","width":350,"height":200,"srcset":"https:\/\/i0.wp.com\/www.shqiperia.com\/blog\/wp-content\/uploads\/2020\/08\/spartak-ngjela-mirela-milori.jpg?fit=1173%2C600&ssl=1&resize=350%2C200 1x, https:\/\/i0.wp.com\/www.shqiperia.com\/blog\/wp-content\/uploads\/2020\/08\/spartak-ngjela-mirela-milori.jpg?fit=1173%2C600&ssl=1&resize=525%2C300 1.5x, https:\/\/i0.wp.com\/www.shqiperia.com\/blog\/wp-content\/uploads\/2020\/08\/spartak-ngjela-mirela-milori.jpg?fit=1173%2C600&ssl=1&resize=700%2C400 2x, https:\/\/i0.wp.com\/www.shqiperia.com\/blog\/wp-content\/uploads\/2020\/08\/spartak-ngjela-mirela-milori.jpg?fit=1173%2C600&ssl=1&resize=1050%2C600 3x"},"classes":[]},{"id":61667,"url":"https:\/\/www.shqiperia.com\/blog\/kjo-eshte-e-rende-spartak-ngjela-zbulon-shkeljen-qe-mund-te-kete-bere-gledis-nano-rrezikon-te-arrestohet-nese-nuk-ka-respektuar\/","url_meta":{"origin":35838,"position":3},"title":"\u201cKjo \u00ebsht\u00eb e r\u00ebnd\u00eb\u201d, Spartak Ngjela zbulon shkeljen q\u00eb mund t\u00eb ket\u00eb b\u00ebr\u00eb Gledis Nano: &#8211; Rrezikon t\u00eb arrestohet, n\u00ebse nuk ka respektuar&#8230;","author":"Kurt Farka","date":"August 31, 2022","format":false,"excerpt":"31 Gusht 2022 Shkarkimin e Gledis Nanos si drejtor i P\u00ebrgjithsh\u00ebm i Policis\u00eb s\u00eb Shtetit, avokati Spartak Ngjela e sheh nj\u00eb vendim t\u00eb marr\u00eb n\u00eb kushtet e flagranc\u00ebs. Ngjela:\u00a0Nuk e dim\u00eb shkakun duhet ta gjej\u00eb gazetaria. E papritur u duk, 9 muaj ka. Por ka ndodhur nj\u00eb gj\u00eb flagrante, se\u2026","rel":"","context":"In &quot;Blogu i Udh\u00ebtarit&quot;","block_context":{"text":"Blogu i Udh\u00ebtarit","link":"https:\/\/www.shqiperia.com\/blog\/category\/blogu-i-udhetarit\/"},"img":{"alt_text":"","src":"https:\/\/i0.wp.com\/www.shqiperia.com\/blog\/wp-content\/uploads\/2022\/08\/800-0-630fb6b421a0d.jpg?fit=800%2C492&ssl=1&resize=350%2C200","width":350,"height":200,"srcset":"https:\/\/i0.wp.com\/www.shqiperia.com\/blog\/wp-content\/uploads\/2022\/08\/800-0-630fb6b421a0d.jpg?fit=800%2C492&ssl=1&resize=350%2C200 1x, https:\/\/i0.wp.com\/www.shqiperia.com\/blog\/wp-content\/uploads\/2022\/08\/800-0-630fb6b421a0d.jpg?fit=800%2C492&ssl=1&resize=525%2C300 1.5x, https:\/\/i0.wp.com\/www.shqiperia.com\/blog\/wp-content\/uploads\/2022\/08\/800-0-630fb6b421a0d.jpg?fit=800%2C492&ssl=1&resize=700%2C400 2x"},"classes":[]},{"id":29099,"url":"https:\/\/www.shqiperia.com\/blog\/spartak-ngjela-flet-me-emra-dhe-ben-paralajmerimin-bombe-zbulon-3-politikanet-qe-do-te-fundosen-se-shpejti-gjendja-eshte-shume-e-rende-nuk-shpetojne-dot-nga-kontrolli\/","url_meta":{"origin":35838,"position":4},"title":"Spartak Ngjela flet me emra dhe b\u00ebn paralajm\u00ebrimin \u201cbomb\u00eb\u201d, zbulon 3 politikan\u00ebt q\u00eb do t\u00eb fundosen s\u00eb shpejti: Gjendja \u00ebsht\u00eb shum\u00eb e r\u00ebnd\u00eb! Nuk shp\u00ebtojn\u00eb dot nga kontrolli. &#8211;","author":"Kurt Farka","date":"December 9, 2019","format":false,"excerpt":"Spartak Ngjela flet me emra dhe b\u00ebn paralajm\u00ebrimin \u201cbomb\u00eb\u201d, zbulon 3 politikan\u00ebt q\u00eb do t\u00eb fundosen s\u00eb shpejti: Gjendja \u00ebsht\u00eb shum\u00eb e r\u00ebnd\u00eb! Nuk shp\u00ebtojn\u00eb dot nga kontrolli 08\/12\/2019 Avokat Spartak Ngjela deklaroi se tre persona jan\u00eb p\u00ebrgjegj\u00ebs p\u00ebr pasojat e t\u00ebrmetit shkat\u00ebrrues q\u00eb goditi vendin ton\u00eb m\u00ebngjesin e 26\u2026","rel":"","context":"In &quot;Blogu i Udh\u00ebtarit&quot;","block_context":{"text":"Blogu i Udh\u00ebtarit","link":"https:\/\/www.shqiperia.com\/blog\/category\/blogu-i-udhetarit\/"},"img":{"alt_text":"","src":"https:\/\/i0.wp.com\/www.shqiperia.com\/blog\/wp-content\/uploads\/2019\/12\/maxresdefault.jpg?fit=1200%2C675&ssl=1&resize=350%2C200","width":350,"height":200,"srcset":"https:\/\/i0.wp.com\/www.shqiperia.com\/blog\/wp-content\/uploads\/2019\/12\/maxresdefault.jpg?fit=1200%2C675&ssl=1&resize=350%2C200 1x, https:\/\/i0.wp.com\/www.shqiperia.com\/blog\/wp-content\/uploads\/2019\/12\/maxresdefault.jpg?fit=1200%2C675&ssl=1&resize=525%2C300 1.5x, https:\/\/i0.wp.com\/www.shqiperia.com\/blog\/wp-content\/uploads\/2019\/12\/maxresdefault.jpg?fit=1200%2C675&ssl=1&resize=700%2C400 2x, https:\/\/i0.wp.com\/www.shqiperia.com\/blog\/wp-content\/uploads\/2019\/12\/maxresdefault.jpg?fit=1200%2C675&ssl=1&resize=1050%2C600 3x"},"classes":[]},{"id":38576,"url":"https:\/\/www.shqiperia.com\/blog\/turp-cjane-keta-bastarde-spartak-ngjela-kap-detajin-juridik-ne-ceshtjen-e-nxehte-te-detit-me-greqine-dhe-i-drejton-thirrjen-urgjente-rames-te-terhiqet-sa-me-pare\/","url_meta":{"origin":35838,"position":5},"title":"\u201cTurp! \u00c7\u2019jan\u00eb k\u00ebta bastard\u00eb?!\u201d, Spartak Ngjela kap detajin juridik n\u00eb \u00e7\u00ebshtjen &#8216;e nxeht\u00eb&#8217; t\u00eb detit me Greqin\u00eb dhe i drejton thirrjen urgjente Ram\u00ebs: T\u00eb t\u00ebrhiqet sa m\u00eb par\u00eb!","author":"Kurt Farka","date":"September 18, 2020","format":false,"excerpt":"\u201cTurp! \u00c7\u2019jan\u00eb k\u00ebta bastard\u00eb?!\u201d, Spartak Ngjela kap detajin juridik n\u00eb \u00e7\u00ebshtjen 'e nxeht\u00eb' t\u00eb detit me Greqin\u00eb dhe i drejton thirrjen urgjente Ram\u00ebs: T\u00eb t\u00ebrhiqet sa m\u00eb par\u00eb! 18 SHTATOR 2020 Avokat Spartak Ngjela ka reaguar p\u00ebrmes nj\u00eb statusi n\u00eb rrjetet sociale p\u00ebr deklarat\u00ebn e kryeministrit Rama se \u00e7\u00ebshtja e\u2026","rel":"","context":"In &quot;Blogu i Udh\u00ebtarit&quot;","block_context":{"text":"Blogu i Udh\u00ebtarit","link":"https:\/\/www.shqiperia.com\/blog\/category\/blogu-i-udhetarit\/"},"img":{"alt_text":"","src":"https:\/\/i0.wp.com\/www.shqiperia.com\/blog\/wp-content\/uploads\/2020\/09\/800-0-5f64746846df5.jpg?fit=800%2C492&ssl=1&resize=350%2C200","width":350,"height":200,"srcset":"https:\/\/i0.wp.com\/www.shqiperia.com\/blog\/wp-content\/uploads\/2020\/09\/800-0-5f64746846df5.jpg?fit=800%2C492&ssl=1&resize=350%2C200 1x, https:\/\/i0.wp.com\/www.shqiperia.com\/blog\/wp-content\/uploads\/2020\/09\/800-0-5f64746846df5.jpg?fit=800%2C492&ssl=1&resize=525%2C300 1.5x, https:\/\/i0.wp.com\/www.shqiperia.com\/blog\/wp-content\/uploads\/2020\/09\/800-0-5f64746846df5.jpg?fit=800%2C492&ssl=1&resize=700%2C400 2x"},"classes":[]}],"_links":{"self":[{"href":"https:\/\/www.shqiperia.com\/blog\/wp-json\/wp\/v2\/posts\/35838","targetHints":{"allow":["GET"]}}],"collection":[{"href":"https:\/\/www.shqiperia.com\/blog\/wp-json\/wp\/v2\/posts"}],"about":[{"href":"https:\/\/www.shqiperia.com\/blog\/wp-json\/wp\/v2\/types\/post"}],"author":[{"embeddable":true,"href":"https:\/\/www.shqiperia.com\/blog\/wp-json\/wp\/v2\/users\/9"}],"replies":[{"embeddable":true,"href":"https:\/\/www.shqiperia.com\/blog\/wp-json\/wp\/v2\/comments?post=35838"}],"version-history":[{"count":1,"href":"https:\/\/www.shqiperia.com\/blog\/wp-json\/wp\/v2\/posts\/35838\/revisions"}],"predecessor-version":[{"id":35840,"href":"https:\/\/www.shqiperia.com\/blog\/wp-json\/wp\/v2\/posts\/35838\/revisions\/35840"}],"wp:featuredmedia":[{"embeddable":true,"href":"https:\/\/www.shqiperia.com\/blog\/wp-json\/wp\/v2\/media\/35839"}],"wp:attachment":[{"href":"https:\/\/www.shqiperia.com\/blog\/wp-json\/wp\/v2\/media?parent=35838"}],"wp:term":[{"taxonomy":"category","embeddable":true,"href":"https:\/\/www.shqiperia.com\/blog\/wp-json\/wp\/v2\/categories?post=35838"},{"taxonomy":"post_tag","embeddable":true,"href":"https:\/\/www.shqiperia.com\/blog\/wp-json\/wp\/v2\/tags?post=35838"}],"curies":[{"name":"wp","href":"https:\/\/api.w.org\/{rel}","templated":true}]}}