{"id":35832,"date":"2020-06-19T08:15:19","date_gmt":"2020-06-19T08:15:19","guid":{"rendered":"https:\/\/www.shqiperia.com\/blog\/?p=35832"},"modified":"2020-06-19T08:16:15","modified_gmt":"2020-06-19T08:16:15","slug":"arte-figurative-festivalistja-veper-e-kristaq-thanasit","status":"publish","type":"post","link":"https:\/\/www.shqiperia.com\/blog\/arte-figurative-festivalistja-veper-e-kristaq-thanasit\/","title":{"rendered":"Arte Figurative: &#8220;Festivalistja&#8221; &#8211; Veper e Kristaq Thanasit."},"content":{"rendered":"<p><img data-recalc-dims=\"1\" loading=\"lazy\" decoding=\"async\" data-attachment-id=\"35833\" data-permalink=\"https:\/\/www.shqiperia.com\/blog\/arte-figurative-festivalistja-veper-e-kristaq-thanasit\/kristaq-thanasi-2-copy\/\" data-orig-file=\"https:\/\/i0.wp.com\/www.shqiperia.com\/blog\/wp-content\/uploads\/2020\/06\/Kristaq-Thanasi-2-Copy.jpg?fit=750%2C432&amp;ssl=1\" data-orig-size=\"750,432\" data-comments-opened=\"1\" data-image-meta=\"{&quot;aperture&quot;:&quot;0&quot;,&quot;credit&quot;:&quot;&quot;,&quot;camera&quot;:&quot;&quot;,&quot;caption&quot;:&quot;&quot;,&quot;created_timestamp&quot;:&quot;0&quot;,&quot;copyright&quot;:&quot;&quot;,&quot;focal_length&quot;:&quot;0&quot;,&quot;iso&quot;:&quot;0&quot;,&quot;shutter_speed&quot;:&quot;0&quot;,&quot;title&quot;:&quot;&quot;,&quot;orientation&quot;:&quot;0&quot;}\" data-image-title=\"Kristaq Thanasi\" data-image-description=\"\" data-image-caption=\"\" data-medium-file=\"https:\/\/i0.wp.com\/www.shqiperia.com\/blog\/wp-content\/uploads\/2020\/06\/Kristaq-Thanasi-2-Copy.jpg?fit=300%2C173&amp;ssl=1\" data-large-file=\"https:\/\/i0.wp.com\/www.shqiperia.com\/blog\/wp-content\/uploads\/2020\/06\/Kristaq-Thanasi-2-Copy.jpg?fit=750%2C432&amp;ssl=1\" class=\"alignnone wp-image-35833\" alt=\"\" src=\"https:\/\/i0.wp.com\/www.shqiperia.com\/blog\/wp-content\/uploads\/2020\/06\/Kristaq-Thanasi-2-Copy.jpg?resize=538%2C310&#038;ssl=1\" width=\"538\" height=\"310\" srcset=\"https:\/\/i0.wp.com\/www.shqiperia.com\/blog\/wp-content\/uploads\/2020\/06\/Kristaq-Thanasi-2-Copy.jpg?resize=300%2C173&amp;ssl=1 300w, https:\/\/i0.wp.com\/www.shqiperia.com\/blog\/wp-content\/uploads\/2020\/06\/Kristaq-Thanasi-2-Copy.jpg?resize=450%2C259&amp;ssl=1 450w, https:\/\/i0.wp.com\/www.shqiperia.com\/blog\/wp-content\/uploads\/2020\/06\/Kristaq-Thanasi-2-Copy.jpg?resize=600%2C346&amp;ssl=1 600w, https:\/\/i0.wp.com\/www.shqiperia.com\/blog\/wp-content\/uploads\/2020\/06\/Kristaq-Thanasi-2-Copy.jpg?resize=400%2C230&amp;ssl=1 400w, https:\/\/i0.wp.com\/www.shqiperia.com\/blog\/wp-content\/uploads\/2020\/06\/Kristaq-Thanasi-2-Copy.jpg?w=750&amp;ssl=1 750w\" sizes=\"auto, (max-width: 538px) 100vw, 538px\" \/><\/p>\n<p>Arte Figurative: &#8220;Festivalistja&#8221; &#8211; Veper e Kristaq Thanasit.<\/p>\n<div id=\"attachment_35834\" style=\"width: 565px\" class=\"wp-caption alignnone\"><img data-recalc-dims=\"1\" loading=\"lazy\" decoding=\"async\" aria-describedby=\"caption-attachment-35834\" data-attachment-id=\"35834\" data-permalink=\"https:\/\/www.shqiperia.com\/blog\/arte-figurative-festivalistja-veper-e-kristaq-thanasit\/kristaq-thanasi-2-2\/\" data-orig-file=\"https:\/\/i0.wp.com\/www.shqiperia.com\/blog\/wp-content\/uploads\/2020\/06\/Kristaq-Thanasi-2-1.jpg?fit=750%2C948&amp;ssl=1\" data-orig-size=\"750,948\" data-comments-opened=\"1\" data-image-meta=\"{&quot;aperture&quot;:&quot;0&quot;,&quot;credit&quot;:&quot;&quot;,&quot;camera&quot;:&quot;&quot;,&quot;caption&quot;:&quot;&quot;,&quot;created_timestamp&quot;:&quot;0&quot;,&quot;copyright&quot;:&quot;&quot;,&quot;focal_length&quot;:&quot;0&quot;,&quot;iso&quot;:&quot;0&quot;,&quot;shutter_speed&quot;:&quot;0&quot;,&quot;title&quot;:&quot;&quot;,&quot;orientation&quot;:&quot;0&quot;}\" data-image-title=\"Kristaq Thanasi\" data-image-description=\"\" data-image-caption=\"&lt;p&gt;Kristaq Thanasi&lt;\/p&gt;\n\" data-medium-file=\"https:\/\/i0.wp.com\/www.shqiperia.com\/blog\/wp-content\/uploads\/2020\/06\/Kristaq-Thanasi-2-1.jpg?fit=237%2C300&amp;ssl=1\" data-large-file=\"https:\/\/i0.wp.com\/www.shqiperia.com\/blog\/wp-content\/uploads\/2020\/06\/Kristaq-Thanasi-2-1.jpg?fit=750%2C948&amp;ssl=1\" class=\" wp-image-35834\" alt=\"\" src=\"https:\/\/i0.wp.com\/www.shqiperia.com\/blog\/wp-content\/uploads\/2020\/06\/Kristaq-Thanasi-2-1.jpg?resize=555%2C703&#038;ssl=1\" width=\"555\" height=\"703\" srcset=\"https:\/\/i0.wp.com\/www.shqiperia.com\/blog\/wp-content\/uploads\/2020\/06\/Kristaq-Thanasi-2-1.jpg?resize=237%2C300&amp;ssl=1 237w, https:\/\/i0.wp.com\/www.shqiperia.com\/blog\/wp-content\/uploads\/2020\/06\/Kristaq-Thanasi-2-1.jpg?resize=450%2C569&amp;ssl=1 450w, https:\/\/i0.wp.com\/www.shqiperia.com\/blog\/wp-content\/uploads\/2020\/06\/Kristaq-Thanasi-2-1.jpg?resize=400%2C506&amp;ssl=1 400w, https:\/\/i0.wp.com\/www.shqiperia.com\/blog\/wp-content\/uploads\/2020\/06\/Kristaq-Thanasi-2-1.jpg?w=750&amp;ssl=1 750w\" sizes=\"auto, (max-width: 555px) 100vw, 555px\" \/><p id=\"caption-attachment-35834\" class=\"wp-caption-text\">Kristaq Thanasi<\/p><\/div>\n","protected":false},"excerpt":{"rendered":"<p>Arte Figurative: &#8220;Festivalistja&#8221; &#8211; Veper e Kristaq Thanasit.<\/p>\n","protected":false},"author":9,"featured_media":35833,"comment_status":"open","ping_status":"open","sticky":false,"template":"","format":"standard","meta":{"jetpack_post_was_ever_published":false,"_jetpack_newsletter_access":"","_jetpack_dont_email_post_to_subs":false,"_jetpack_newsletter_tier_id":0,"_jetpack_memberships_contains_paywalled_content":false,"_jetpack_memberships_contains_paid_content":false,"footnotes":"","jetpack_publicize_message":"","jetpack_publicize_feature_enabled":true,"jetpack_social_post_already_shared":true,"jetpack_social_options":{"image_generator_settings":{"template":"highway","default_image_id":0,"font":"","enabled":false},"version":2}},"categories":[87,35],"tags":[],"class_list":["post-35832","post","type-post","status-publish","format-standard","has-post-thumbnail","hentry","category-arte","category-shoqerore"],"jetpack_publicize_connections":[],"jetpack_featured_media_url":"https:\/\/i0.wp.com\/www.shqiperia.com\/blog\/wp-content\/uploads\/2020\/06\/Kristaq-Thanasi-2-Copy.jpg?fit=750%2C432&ssl=1","jetpack_sharing_enabled":true,"jetpack_shortlink":"https:\/\/wp.me\/p5Z6wp-9jW","jetpack-related-posts":[{"id":61118,"url":"https:\/\/www.shqiperia.com\/blog\/ndahet-nga-jeta-regjisori-i-kinemase-shqiptare-kristaq-dhamo\/","url_meta":{"origin":35832,"position":0},"title":"Ndahet nga Jeta Regjisori i Kinemase Shqiptare Kristaq Dhamo","author":"Kurt Farka","date":"August 14, 2022","format":false,"excerpt":"14 Gusht 2022 Kristaq Dhamo\u00a0- lindi m\u00eb\u00a020 Prill\u00a01933\u00a0n\u00eb\u00a0Fier. Ka mbaruari studimet n\u00eb Institutin e Lart\u00eb kinematografik n\u00eb Budapest, Hungari. Fillon t\u00eb punojn\u00eb n\u00eb Film Studio-\"Shqip\u00ebria e Re\", ku realizoj filmin \"Tana\" m\u00eb 1958. P\u00ebr shum\u00eb vite ai ka qen\u00eb drejtor artistik n\u00eb Film Studio. Dhamo ka dh\u00ebn\u00eb nj\u00eb ndihm\u00eb t\u00eb\u2026","rel":"","context":"In &quot;Arte&quot;","block_context":{"text":"Arte","link":"https:\/\/www.shqiperia.com\/blog\/category\/arte\/"},"img":{"alt_text":"","src":"https:\/\/i0.wp.com\/www.shqiperia.com\/blog\/wp-content\/uploads\/2022\/08\/Kristaq-Dhamo.jpg?fit=780%2C440&ssl=1&resize=350%2C200","width":350,"height":200,"srcset":"https:\/\/i0.wp.com\/www.shqiperia.com\/blog\/wp-content\/uploads\/2022\/08\/Kristaq-Dhamo.jpg?fit=780%2C440&ssl=1&resize=350%2C200 1x, https:\/\/i0.wp.com\/www.shqiperia.com\/blog\/wp-content\/uploads\/2022\/08\/Kristaq-Dhamo.jpg?fit=780%2C440&ssl=1&resize=525%2C300 1.5x, https:\/\/i0.wp.com\/www.shqiperia.com\/blog\/wp-content\/uploads\/2022\/08\/Kristaq-Dhamo.jpg?fit=780%2C440&ssl=1&resize=700%2C400 2x"},"classes":[]},{"id":35821,"url":"https:\/\/www.shqiperia.com\/blog\/interviste-me-piktorin-kristaq-thanasi-ne-pikture-dua-te-gershetoj-traditen-populloren-me-modernizimin-album-foto\/","url_meta":{"origin":35832,"position":1},"title":"Intervist\u00eb me piktorin Kristaq Thanasi (N\u00eb piktur\u00eb dua t\u00eb g\u00ebrshetoj tradit\u00ebn, populloren me modernizimin (album-foto)","author":"Kurt Farka","date":"June 19, 2020","format":false,"excerpt":"Intervist\u00eb me piktorin Kristaq Thanasi: N\u00eb piktur\u00eb dua t\u00eb g\u00ebrshetoj tradit\u00ebn, populloren me modernizimin Intervist\u00eb me piktorin Kristaq Thanasi: N\u00eb piktur\u00eb dua t\u00eb g\u00ebrshetoj tradit\u00ebn, populloren me modernizimin Portretet femra t\u00eb piktorit Kristaq Thanasi kan\u00eb v\u00ebshtrim t\u00eb thell\u00eb dep\u00ebrtues e gjurm\u00ebl\u00ebn\u00ebs. Nuk i ik\u00ebn dot leht\u00eb pa r\u00ebn\u00eb n\u00eb grack\u00ebn\u2026","rel":"","context":"In &quot;Arte&quot;","block_context":{"text":"Arte","link":"https:\/\/www.shqiperia.com\/blog\/category\/arte\/"},"img":{"alt_text":"","src":"https:\/\/i0.wp.com\/www.shqiperia.com\/blog\/wp-content\/uploads\/2020\/06\/1-Kristaq-Thanasi-8.jpg?fit=750%2C406&ssl=1&resize=350%2C200","width":350,"height":200,"srcset":"https:\/\/i0.wp.com\/www.shqiperia.com\/blog\/wp-content\/uploads\/2020\/06\/1-Kristaq-Thanasi-8.jpg?fit=750%2C406&ssl=1&resize=350%2C200 1x, https:\/\/i0.wp.com\/www.shqiperia.com\/blog\/wp-content\/uploads\/2020\/06\/1-Kristaq-Thanasi-8.jpg?fit=750%2C406&ssl=1&resize=525%2C300 1.5x, https:\/\/i0.wp.com\/www.shqiperia.com\/blog\/wp-content\/uploads\/2020\/06\/1-Kristaq-Thanasi-8.jpg?fit=750%2C406&ssl=1&resize=700%2C400 2x"},"classes":[]},{"id":39330,"url":"https:\/\/www.shqiperia.com\/blog\/arte-figurative-onufri-dy-foto\/","url_meta":{"origin":35832,"position":2},"title":"Arte Figurative -&#8220;Onufri&#8221;. (dy foto).","author":"Kurt Farka","date":"October 7, 2020","format":false,"excerpt":"Arte Figurative -\"Onufri\". Veper e piktorit Anastas Kostandini.","rel":"","context":"In &quot;Arte&quot;","block_context":{"text":"Arte","link":"https:\/\/www.shqiperia.com\/blog\/category\/arte\/"},"img":{"alt_text":"","src":"https:\/\/i0.wp.com\/www.shqiperia.com\/blog\/wp-content\/uploads\/2020\/10\/Onufri-veper-e-Anastas-Kostandinit.jpg?fit=960%2C500&ssl=1&resize=350%2C200","width":350,"height":200,"srcset":"https:\/\/i0.wp.com\/www.shqiperia.com\/blog\/wp-content\/uploads\/2020\/10\/Onufri-veper-e-Anastas-Kostandinit.jpg?fit=960%2C500&ssl=1&resize=350%2C200 1x, https:\/\/i0.wp.com\/www.shqiperia.com\/blog\/wp-content\/uploads\/2020\/10\/Onufri-veper-e-Anastas-Kostandinit.jpg?fit=960%2C500&ssl=1&resize=525%2C300 1.5x, https:\/\/i0.wp.com\/www.shqiperia.com\/blog\/wp-content\/uploads\/2020\/10\/Onufri-veper-e-Anastas-Kostandinit.jpg?fit=960%2C500&ssl=1&resize=700%2C400 2x"},"classes":[]},{"id":66875,"url":"https:\/\/www.shqiperia.com\/blog\/kendi-i-fotografise-arte-figurative-5\/","url_meta":{"origin":35832,"position":3},"title":"Kendi i Fotografise: &#8211; Arte Figurative.","author":"Kurt Farka","date":"January 28, 2023","format":false,"excerpt":"28 Janar 2023 Kendi i Fotografise: - Arte Figurative. Skenderbeu. Veper e artistit Adian Pepa.","rel":"","context":"In &quot;Arte&quot;","block_context":{"text":"Arte","link":"https:\/\/www.shqiperia.com\/blog\/category\/arte\/"},"img":{"alt_text":"","src":"https:\/\/i0.wp.com\/www.shqiperia.com\/blog\/wp-content\/uploads\/2023\/01\/327876676_895282835149043_238895352142901051_n-1-300x201.jpg?resize=350%2C200&ssl=1","width":350,"height":200},"classes":[]},{"id":58858,"url":"https:\/\/www.shqiperia.com\/blog\/gendi-i-fotografise-arte-figurative\/","url_meta":{"origin":35832,"position":4},"title":"Gendi i Fotografise: &#8211; Arte Figurative.","author":"Kurt Farka","date":"June 10, 2022","format":false,"excerpt":"Gendi i Fotografise: - Arte Figurative. Portret \"Marin Bechikemi\" Veper e piktorit\u00a0 George (Gjergj) Pali.","rel":"","context":"In &quot;Arte&quot;","block_context":{"text":"Arte","link":"https:\/\/www.shqiperia.com\/blog\/category\/arte\/"},"img":{"alt_text":"","src":"https:\/\/i0.wp.com\/www.shqiperia.com\/blog\/wp-content\/uploads\/2022\/06\/Marin-Bechikem-Nga-George-Gjergj-Pali.jpg?fit=960%2C720&ssl=1&resize=350%2C200","width":350,"height":200,"srcset":"https:\/\/i0.wp.com\/www.shqiperia.com\/blog\/wp-content\/uploads\/2022\/06\/Marin-Bechikem-Nga-George-Gjergj-Pali.jpg?fit=960%2C720&ssl=1&resize=350%2C200 1x, https:\/\/i0.wp.com\/www.shqiperia.com\/blog\/wp-content\/uploads\/2022\/06\/Marin-Bechikem-Nga-George-Gjergj-Pali.jpg?fit=960%2C720&ssl=1&resize=525%2C300 1.5x, https:\/\/i0.wp.com\/www.shqiperia.com\/blog\/wp-content\/uploads\/2022\/06\/Marin-Bechikem-Nga-George-Gjergj-Pali.jpg?fit=960%2C720&ssl=1&resize=700%2C400 2x"},"classes":[]},{"id":35904,"url":"https:\/\/www.shqiperia.com\/blog\/arte-figurative-puthja-autore-floriana-paskali\/","url_meta":{"origin":35832,"position":5},"title":"Arte Figurative: &#8220;Puthja&#8221;. Autore Floriana Paskali.","author":"Kurt Farka","date":"June 21, 2020","format":false,"excerpt":"Arte Figurative, \"Puthja\". Autore Floriana Paskali, 2008. Veper e krijuar me bazorelievin me te njejtin titull te Odhise Paskali. Ruhet ne nje koleksion privat.","rel":"","context":"In &quot;Arte&quot;","block_context":{"text":"Arte","link":"https:\/\/www.shqiperia.com\/blog\/category\/arte\/"},"img":{"alt_text":"","src":"https:\/\/i0.wp.com\/www.shqiperia.com\/blog\/wp-content\/uploads\/2020\/06\/Floriana-Paskali.jpg?fit=900%2C699&ssl=1&resize=350%2C200","width":350,"height":200,"srcset":"https:\/\/i0.wp.com\/www.shqiperia.com\/blog\/wp-content\/uploads\/2020\/06\/Floriana-Paskali.jpg?fit=900%2C699&ssl=1&resize=350%2C200 1x, https:\/\/i0.wp.com\/www.shqiperia.com\/blog\/wp-content\/uploads\/2020\/06\/Floriana-Paskali.jpg?fit=900%2C699&ssl=1&resize=525%2C300 1.5x, https:\/\/i0.wp.com\/www.shqiperia.com\/blog\/wp-content\/uploads\/2020\/06\/Floriana-Paskali.jpg?fit=900%2C699&ssl=1&resize=700%2C400 2x"},"classes":[]}],"_links":{"self":[{"href":"https:\/\/www.shqiperia.com\/blog\/wp-json\/wp\/v2\/posts\/35832","targetHints":{"allow":["GET"]}}],"collection":[{"href":"https:\/\/www.shqiperia.com\/blog\/wp-json\/wp\/v2\/posts"}],"about":[{"href":"https:\/\/www.shqiperia.com\/blog\/wp-json\/wp\/v2\/types\/post"}],"author":[{"embeddable":true,"href":"https:\/\/www.shqiperia.com\/blog\/wp-json\/wp\/v2\/users\/9"}],"replies":[{"embeddable":true,"href":"https:\/\/www.shqiperia.com\/blog\/wp-json\/wp\/v2\/comments?post=35832"}],"version-history":[{"count":3,"href":"https:\/\/www.shqiperia.com\/blog\/wp-json\/wp\/v2\/posts\/35832\/revisions"}],"predecessor-version":[{"id":35837,"href":"https:\/\/www.shqiperia.com\/blog\/wp-json\/wp\/v2\/posts\/35832\/revisions\/35837"}],"wp:featuredmedia":[{"embeddable":true,"href":"https:\/\/www.shqiperia.com\/blog\/wp-json\/wp\/v2\/media\/35833"}],"wp:attachment":[{"href":"https:\/\/www.shqiperia.com\/blog\/wp-json\/wp\/v2\/media?parent=35832"}],"wp:term":[{"taxonomy":"category","embeddable":true,"href":"https:\/\/www.shqiperia.com\/blog\/wp-json\/wp\/v2\/categories?post=35832"},{"taxonomy":"post_tag","embeddable":true,"href":"https:\/\/www.shqiperia.com\/blog\/wp-json\/wp\/v2\/tags?post=35832"}],"curies":[{"name":"wp","href":"https:\/\/api.w.org\/{rel}","templated":true}]}}