{"id":35102,"date":"2020-05-27T02:41:45","date_gmt":"2020-05-27T02:41:45","guid":{"rendered":"https:\/\/www.shqiperia.com\/blog\/?p=35102"},"modified":"2020-05-27T02:41:45","modified_gmt":"2020-05-27T02:41:45","slug":"libri-historik-miredita-e-tre-shekujve-ne-nje-liber-monografik","status":"publish","type":"post","link":"https:\/\/www.shqiperia.com\/blog\/libri-historik-miredita-e-tre-shekujve-ne-nje-liber-monografik\/","title":{"rendered":"Libri Historik- Mir\u00ebdita e tre shekujve n\u00eb nj\u00eb lib\u00ebr monografik"},"content":{"rendered":"<p><img data-recalc-dims=\"1\" loading=\"lazy\" decoding=\"async\" data-attachment-id=\"35103\" data-permalink=\"https:\/\/www.shqiperia.com\/blog\/libri-historik-miredita-e-tre-shekujve-ne-nje-liber-monografik\/libri-historik-miredita-e-tre-shekujve-ne-nje-liber-monografik-2\/\" data-orig-file=\"https:\/\/i0.wp.com\/www.shqiperia.com\/blog\/wp-content\/uploads\/2020\/05\/Libri-Historik-Mir%C3%ABdita-e-tre-shekujve-n%C3%AB-nj%C3%AB-lib%C3%ABr-monografik-2.jpg?fit=709%2C414&amp;ssl=1\" data-orig-size=\"709,414\" data-comments-opened=\"1\" data-image-meta=\"{&quot;aperture&quot;:&quot;0&quot;,&quot;credit&quot;:&quot;&quot;,&quot;camera&quot;:&quot;&quot;,&quot;caption&quot;:&quot;&quot;,&quot;created_timestamp&quot;:&quot;0&quot;,&quot;copyright&quot;:&quot;&quot;,&quot;focal_length&quot;:&quot;0&quot;,&quot;iso&quot;:&quot;0&quot;,&quot;shutter_speed&quot;:&quot;0&quot;,&quot;title&quot;:&quot;&quot;,&quot;orientation&quot;:&quot;0&quot;}\" data-image-title=\"Libri Historik- Mir\u00ebdita e tre shekujve n\u00eb nj\u00eb lib\u00ebr monografik (2)\" data-image-description=\"\" data-image-caption=\"\" data-medium-file=\"https:\/\/i0.wp.com\/www.shqiperia.com\/blog\/wp-content\/uploads\/2020\/05\/Libri-Historik-Mir%C3%ABdita-e-tre-shekujve-n%C3%AB-nj%C3%AB-lib%C3%ABr-monografik-2.jpg?fit=300%2C175&amp;ssl=1\" data-large-file=\"https:\/\/i0.wp.com\/www.shqiperia.com\/blog\/wp-content\/uploads\/2020\/05\/Libri-Historik-Mir%C3%ABdita-e-tre-shekujve-n%C3%AB-nj%C3%AB-lib%C3%ABr-monografik-2.jpg?fit=709%2C414&amp;ssl=1\" class=\"alignnone  wp-image-35103\" alt=\"\" src=\"https:\/\/i0.wp.com\/www.shqiperia.com\/blog\/wp-content\/uploads\/2020\/05\/Libri-Historik-Mir%C3%ABdita-e-tre-shekujve-n%C3%AB-nj%C3%AB-lib%C3%ABr-monografik-2.jpg?resize=525%2C306&#038;ssl=1\" width=\"525\" height=\"306\" srcset=\"https:\/\/i0.wp.com\/www.shqiperia.com\/blog\/wp-content\/uploads\/2020\/05\/Libri-Historik-Mir%C3%ABdita-e-tre-shekujve-n%C3%AB-nj%C3%AB-lib%C3%ABr-monografik-2.jpg?resize=300%2C175&amp;ssl=1 300w, https:\/\/i0.wp.com\/www.shqiperia.com\/blog\/wp-content\/uploads\/2020\/05\/Libri-Historik-Mir%C3%ABdita-e-tre-shekujve-n%C3%AB-nj%C3%AB-lib%C3%ABr-monografik-2.jpg?resize=450%2C263&amp;ssl=1 450w, https:\/\/i0.wp.com\/www.shqiperia.com\/blog\/wp-content\/uploads\/2020\/05\/Libri-Historik-Mir%C3%ABdita-e-tre-shekujve-n%C3%AB-nj%C3%AB-lib%C3%ABr-monografik-2.jpg?resize=600%2C350&amp;ssl=1 600w, https:\/\/i0.wp.com\/www.shqiperia.com\/blog\/wp-content\/uploads\/2020\/05\/Libri-Historik-Mir%C3%ABdita-e-tre-shekujve-n%C3%AB-nj%C3%AB-lib%C3%ABr-monografik-2.jpg?resize=400%2C234&amp;ssl=1 400w, https:\/\/i0.wp.com\/www.shqiperia.com\/blog\/wp-content\/uploads\/2020\/05\/Libri-Historik-Mir%C3%ABdita-e-tre-shekujve-n%C3%AB-nj%C3%AB-lib%C3%ABr-monografik-2.jpg?w=709&amp;ssl=1 709w\" sizes=\"auto, (max-width: 525px) 100vw, 525px\" \/><\/p>\n<p><strong>Libri Historik- Mir\u00ebdita e tre shekujve n\u00eb nj\u00eb lib\u00ebr monografik<\/strong><\/p>\n<p>Nga <a href=\"https:\/\/www.facebook.com\/ardian.ndreca.9?__tn__=%2CdC-R-R&amp;eid=ARAahPLPcWMWkCwSq1L-CPlxmsgtptuf7jPAsVKMP75E718ldIj6jOQ8-omr7f2p7u2Tzxzf3L9Z_0ja&amp;hc_ref=ARTWFXoVM1W2-X07eTnSJBDJss2OXQ2S7QF0UQRhTbzGyR-MmqUG860qkzqF9r86yvE&amp;fref=nf\"><strong>Ardian Ndreca<\/strong><\/a><\/p>\n<p>Sapo doli prej shtypit ky v\u00ebllim me dokumenta historike, fryt i bashk\u00ebpunimit mes Qendr\u00ebs s\u00eb Studimeve Albanologjike \u201cShejzat-Pleiades\u201d, Bashkis\u00eb Rr\u00ebshen dhe Unionit Mirdita.<\/p>\n<p>\u201cKjo p\u00ebrmbledhje dokumentesh ndri\u00e7on faza dhe momente t\u00eb panjohura t\u00eb historis\u00eb s\u00eb Mirdit\u00ebs, njohja e t\u00eb cilave ndihmon n\u00eb krijimin e vet\u00ebdijes dhe t\u00eb vijim\u00ebsis\u00eb historike t\u00eb asaj treve.<br \/>\nHistoria flet m\u00eb s\u00eb pari n\u00ebp\u00ebrmjet dokumenteve arkivore, paraqitja e t\u00eb cilave \u00ebsht\u00eb themelore p\u00ebr \u00e7do interpretim t\u00eb\u00a0m\u00ebtejsh\u00ebm t\u00eb saj.<br \/>\nTek kjo p\u00ebrmbledhje Mirdita e tre shekujve t\u00eb fundit na paraqitet e gjall\u00eb p\u00ebrsa i p\u00ebrket aspekteve t\u00eb jet\u00ebs fetare, politike, dok\u00ebsore, ekonomiko-shoq\u00ebrore, kulturore, duke e pasuruar k\u00ebshtu ndjesh\u00ebm kuadrin e njohjes s\u00eb saj si p\u00ebr studiuesit e mir\u00ebfillt\u00eb ashtu edhe p\u00ebr dashamir\u00ebt e historis\u00eb.\u201d<\/p>\n<p>Shqip\u00ebroi dhe p\u00ebrgatiti p\u00ebr botim Arben Ndreca, me parathanje t\u00eb Prof. G\u00ebzim Gurg\u00ebs.<br \/>\nN\u00eb kopertin\u00eb: Arka e Shejtit (Orosh), Geg\u00eb Marubi 1937, Muzeu Komb\u00ebtar i Fotografis\u00eb \u201cMarubi\u201d.<\/p>\n<div id=\"attachment_35104\" style=\"width: 453px\" class=\"wp-caption alignnone\"><img data-recalc-dims=\"1\" loading=\"lazy\" decoding=\"async\" aria-describedby=\"caption-attachment-35104\" data-attachment-id=\"35104\" data-permalink=\"https:\/\/www.shqiperia.com\/blog\/libri-historik-miredita-e-tre-shekujve-ne-nje-liber-monografik\/libri-historik-miredita-e-tre-shekujve-ne-nje-liber-monografik\/\" data-orig-file=\"https:\/\/i0.wp.com\/www.shqiperia.com\/blog\/wp-content\/uploads\/2020\/05\/Libri-Historik-Mir%C3%ABdita-e-tre-shekujve-n%C3%AB-nj%C3%AB-lib%C3%ABr-monografik.jpg?fit=569%2C714&amp;ssl=1\" data-orig-size=\"569,714\" data-comments-opened=\"1\" data-image-meta=\"{&quot;aperture&quot;:&quot;0&quot;,&quot;credit&quot;:&quot;&quot;,&quot;camera&quot;:&quot;&quot;,&quot;caption&quot;:&quot;&quot;,&quot;created_timestamp&quot;:&quot;0&quot;,&quot;copyright&quot;:&quot;&quot;,&quot;focal_length&quot;:&quot;0&quot;,&quot;iso&quot;:&quot;0&quot;,&quot;shutter_speed&quot;:&quot;0&quot;,&quot;title&quot;:&quot;&quot;,&quot;orientation&quot;:&quot;0&quot;}\" data-image-title=\"Libri Historik- Mir\u00ebdita e tre shekujve n\u00eb nj\u00eb lib\u00ebr monografik\" data-image-description=\"\" data-image-caption=\"&lt;p&gt;Libri Historik- Mir\u00ebdita e tre shekujve n\u00eb nj\u00eb lib\u00ebr monografik &lt;\/p&gt;\n\" data-medium-file=\"https:\/\/i0.wp.com\/www.shqiperia.com\/blog\/wp-content\/uploads\/2020\/05\/Libri-Historik-Mir%C3%ABdita-e-tre-shekujve-n%C3%AB-nj%C3%AB-lib%C3%ABr-monografik.jpg?fit=239%2C300&amp;ssl=1\" data-large-file=\"https:\/\/i0.wp.com\/www.shqiperia.com\/blog\/wp-content\/uploads\/2020\/05\/Libri-Historik-Mir%C3%ABdita-e-tre-shekujve-n%C3%AB-nj%C3%AB-lib%C3%ABr-monografik.jpg?fit=569%2C714&amp;ssl=1\" class=\" wp-image-35104\" alt=\"\" src=\"https:\/\/i0.wp.com\/www.shqiperia.com\/blog\/wp-content\/uploads\/2020\/05\/Libri-Historik-Mir%C3%ABdita-e-tre-shekujve-n%C3%AB-nj%C3%AB-lib%C3%ABr-monografik.jpg?resize=443%2C556&#038;ssl=1\" width=\"443\" height=\"556\" srcset=\"https:\/\/i0.wp.com\/www.shqiperia.com\/blog\/wp-content\/uploads\/2020\/05\/Libri-Historik-Mir%C3%ABdita-e-tre-shekujve-n%C3%AB-nj%C3%AB-lib%C3%ABr-monografik.jpg?resize=239%2C300&amp;ssl=1 239w, https:\/\/i0.wp.com\/www.shqiperia.com\/blog\/wp-content\/uploads\/2020\/05\/Libri-Historik-Mir%C3%ABdita-e-tre-shekujve-n%C3%AB-nj%C3%AB-lib%C3%ABr-monografik.jpg?resize=450%2C565&amp;ssl=1 450w, https:\/\/i0.wp.com\/www.shqiperia.com\/blog\/wp-content\/uploads\/2020\/05\/Libri-Historik-Mir%C3%ABdita-e-tre-shekujve-n%C3%AB-nj%C3%AB-lib%C3%ABr-monografik.jpg?resize=400%2C502&amp;ssl=1 400w, https:\/\/i0.wp.com\/www.shqiperia.com\/blog\/wp-content\/uploads\/2020\/05\/Libri-Historik-Mir%C3%ABdita-e-tre-shekujve-n%C3%AB-nj%C3%AB-lib%C3%ABr-monografik.jpg?w=569&amp;ssl=1 569w\" sizes=\"auto, (max-width: 443px) 100vw, 443px\" \/><p id=\"caption-attachment-35104\" class=\"wp-caption-text\">Libri Historik- Mir\u00ebdita e tre shekujve n\u00eb nj\u00eb lib\u00ebr monografik<\/p><\/div>\n","protected":false},"excerpt":{"rendered":"<p>Libri Historik- Mir\u00ebdita e tre shekujve n\u00eb nj\u00eb lib\u00ebr monografik Nga Ardian Ndreca Sapo doli prej shtypit ky v\u00ebllim me dokumenta historike, fryt i bashk\u00ebpunimit mes Qendr\u00ebs s\u00eb Studimeve Albanologjike \u201cShejzat-Pleiades\u201d, Bashkis\u00eb Rr\u00ebshen dhe Unionit Mirdita. \u201cKjo p\u00ebrmbledhje dokumentesh ndri\u00e7on faza dhe momente t\u00eb panjohura t\u00eb historis\u00eb s\u00eb Mirdit\u00ebs, njohja e t\u00eb cilave ndihmon n\u00eb [&hellip;]<\/p>\n","protected":false},"author":9,"featured_media":35103,"comment_status":"open","ping_status":"open","sticky":false,"template":"","format":"standard","meta":{"jetpack_post_was_ever_published":false,"_jetpack_newsletter_access":"","_jetpack_dont_email_post_to_subs":false,"_jetpack_newsletter_tier_id":0,"_jetpack_memberships_contains_paywalled_content":false,"_jetpack_memberships_contains_paid_content":false,"footnotes":"","jetpack_publicize_message":"","jetpack_publicize_feature_enabled":true,"jetpack_social_post_already_shared":true,"jetpack_social_options":{"image_generator_settings":{"template":"highway","default_image_id":0,"font":"","enabled":false},"version":2}},"categories":[85,10,86],"tags":[],"class_list":["post-35102","post","type-post","status-publish","format-standard","has-post-thumbnail","hentry","category-histori","category-kultura","category-trashegimi-kulturore"],"jetpack_publicize_connections":[],"jetpack_featured_media_url":"https:\/\/i0.wp.com\/www.shqiperia.com\/blog\/wp-content\/uploads\/2020\/05\/Libri-Historik-Mir%C3%ABdita-e-tre-shekujve-n%C3%AB-nj%C3%AB-lib%C3%ABr-monografik-2.jpg?fit=709%2C414&ssl=1","jetpack_sharing_enabled":true,"jetpack_shortlink":"https:\/\/wp.me\/p5Z6wp-98a","jetpack-related-posts":[{"id":11627,"url":"https:\/\/www.shqiperia.com\/blog\/botimi-i-ri-aleksander-meksi-liber-per-arkitekturen-e-historine-e-xhamive-te-shqiperise\/","url_meta":{"origin":35102,"position":0},"title":"Botimi i ri: -Aleksand\u00ebr Meksi, lib\u00ebr p\u00ebr arkitektur\u00ebn e historin\u00eb e xhamive t\u00eb Shqip\u00ebris\u00eb. &#8211;","author":"Kurt Farka","date":"September 17, 2018","format":false,"excerpt":"Botimi i ri: - Aleksand\u00ebr Meksi, lib\u00ebr p\u00ebr arkitektur\u00ebn e historin\u00eb e xhamive t\u00eb Shqip\u00ebris\u00eb. - N\u00ebp\u00ebrmjet k\u00ebtij libri, autori thellon pun\u00ebn e tij k\u00ebrkimore shkencore, duke na paraqitur nj\u00eb botim t\u00eb ri m\u00eb t\u00eb plot\u00eb, p\u00ebr mas\u00ebn e interesuar t\u00eb lexuesve, studiuesve, besimtar\u00ebve, si dhe atyre q\u00eb jan\u00eb t\u00eb\u2026","rel":"","context":"In &quot;Blogu i Udh\u00ebtarit&quot;","block_context":{"text":"Blogu i Udh\u00ebtarit","link":"https:\/\/www.shqiperia.com\/blog\/category\/blogu-i-udhetarit\/"},"img":{"alt_text":"","src":"https:\/\/i0.wp.com\/www.shqiperia.com\/blog\/wp-content\/uploads\/2018\/09\/1536904402_LibriiMeksitperxhamite.jpg?fit=780%2C440&ssl=1&resize=350%2C200","width":350,"height":200,"srcset":"https:\/\/i0.wp.com\/www.shqiperia.com\/blog\/wp-content\/uploads\/2018\/09\/1536904402_LibriiMeksitperxhamite.jpg?fit=780%2C440&ssl=1&resize=350%2C200 1x, https:\/\/i0.wp.com\/www.shqiperia.com\/blog\/wp-content\/uploads\/2018\/09\/1536904402_LibriiMeksitperxhamite.jpg?fit=780%2C440&ssl=1&resize=525%2C300 1.5x, https:\/\/i0.wp.com\/www.shqiperia.com\/blog\/wp-content\/uploads\/2018\/09\/1536904402_LibriiMeksitperxhamite.jpg?fit=780%2C440&ssl=1&resize=700%2C400 2x"},"classes":[]},{"id":99047,"url":"https:\/\/www.shqiperia.com\/blog\/historia-e-apolonise-ilire-studim-monografik-i-bashkim-vrekes-liber-i-detajuar-per-jeten-kulturen-dhe-zbulimet-arkeologjike\/","url_meta":{"origin":35102,"position":1},"title":"\u201cHistoria e Apolonis\u00eb Ilire\u201d studim monografik i Bashkim Vrekes, lib\u00ebr i detajuar p\u00ebr jet\u00ebn, kultur\u00ebn dhe zbulimet arkeologjike","author":"Kurt Farka","date":"April 3, 2026","format":false,"excerpt":"Nga: Marsela Topi\u00a0 Historia e nj\u00eb prej qyteteve m\u00eb t\u00eb r\u00ebnd\u00ebsishme t\u00eb lasht\u00ebsis\u00eb shqiptare rr\u00ebfehet e dokumentuar n\u00eb librin \u201cHistoria e Apolonis\u00eb Ilire\u201d nga Bashkim Vrekaj. Ky botim sjell nj\u00eb pasqyr\u00eb t\u00eb detajuar t\u00eb jet\u00ebs dhe zhvillimit t\u00eb k\u00ebtij qyteti nd\u00ebr shekuj. A ishte\u00a0Apolonia\u00a0nj\u00eb nga qytetet m\u00eb t\u00eb zhvilluara t\u00eb\u2026","rel":"","context":"In &quot;Arte&quot;","block_context":{"text":"Arte","link":"https:\/\/www.shqiperia.com\/blog\/category\/arte\/"},"img":{"alt_text":"","src":"https:\/\/i0.wp.com\/www.shqiperia.com\/blog\/wp-content\/uploads\/2026\/04\/maxresdefault-2.jpg?fit=1069%2C619&ssl=1&resize=350%2C200","width":350,"height":200,"srcset":"https:\/\/i0.wp.com\/www.shqiperia.com\/blog\/wp-content\/uploads\/2026\/04\/maxresdefault-2.jpg?fit=1069%2C619&ssl=1&resize=350%2C200 1x, https:\/\/i0.wp.com\/www.shqiperia.com\/blog\/wp-content\/uploads\/2026\/04\/maxresdefault-2.jpg?fit=1069%2C619&ssl=1&resize=525%2C300 1.5x, https:\/\/i0.wp.com\/www.shqiperia.com\/blog\/wp-content\/uploads\/2026\/04\/maxresdefault-2.jpg?fit=1069%2C619&ssl=1&resize=700%2C400 2x, https:\/\/i0.wp.com\/www.shqiperia.com\/blog\/wp-content\/uploads\/2026\/04\/maxresdefault-2.jpg?fit=1069%2C619&ssl=1&resize=1050%2C600 3x"},"classes":[]},{"id":1223,"url":"https:\/\/www.shqiperia.com\/blog\/libri-album-51-piktore-shqiptare\/","url_meta":{"origin":35102,"position":2},"title":"Libri-Album \u201c51 piktor\u00eb shqiptar\u00eb\u201d","author":"Kurt Farka","date":"January 13, 2018","format":false,"excerpt":"Libri-Album \u201c51 piktor\u00eb shqiptar\u00eb\u201d\u00a0 \u00ebsht\u00eb nj\u00eb p\u00ebrmbledhje veprash dhe faktesh, \u00ebsht\u00eb nj\u00eb botim shum\u00eb serioz dhe i kushtuesh\u00ebm. Botimi ka form\u00ebn e nj\u00eb historie arti dhe studiuesja Suzana Varvarica Kuka dhe koleksionisti Shehaj e pan\u00eb t\u00eb p\u00ebrshtatshme q\u00eb libri t\u00eb ket\u00eb dy tituj, t\u00eb cil\u00ebt lidhen e funksionojn\u00eb p\u00ebr nj\u00ebri-tjetrin.\u2026","rel":"","context":"In &quot;Arte&quot;","block_context":{"text":"Arte","link":"https:\/\/www.shqiperia.com\/blog\/category\/arte\/"},"img":{"alt_text":"","src":"https:\/\/i0.wp.com\/www.shqiperia.com\/blog\/wp-content\/uploads\/2018\/01\/51-piktore-218x300.jpg?resize=350%2C200","width":350,"height":200},"classes":[]},{"id":1207,"url":"https:\/\/www.shqiperia.com\/blog\/trashegimia-kulturore-ne-presheve-libri-ri\/","url_meta":{"origin":35102,"position":3},"title":"Trash\u00ebgimia kulturore n\u00eb Preshev\u00eb &#8211; Libri i ri i autorit Xhemaledin Salihu","author":"Kurt Farka","date":"January 13, 2018","format":false,"excerpt":"Trash\u00ebgimia kulturore n\u00eb Preshev\u00eb pasurohet me nj\u00eb tjet\u00ebr lib\u00ebr monografik. B\u00ebhet fjal\u00eb p\u00ebr librin \u201cPresheva- pjes\u00eb e pandar\u00eb e L\u00ebvizjes Komb\u00ebtare n\u00ebp\u00ebr shekuj\u201d, e autorit preshevar, profesor Xhemaledin Salihu. Sevdail Hyseni shkruan se autorit i ka lindur ideja p\u00ebr nj\u00eb monografi t\u00eb p\u00ebrgjithshme p\u00ebr Preshev\u00ebn prej koh\u00ebsh, duke hulumtuar, grumbulluar\u2026","rel":"","context":"In &quot;Kultura&quot;","block_context":{"text":"Kultura","link":"https:\/\/www.shqiperia.com\/blog\/category\/kultura\/"},"img":{"alt_text":"","src":"https:\/\/i0.wp.com\/www.shqiperia.com\/blog\/wp-content\/uploads\/2018\/01\/presheva-227x300.jpg?resize=350%2C200","width":350,"height":200},"classes":[]},{"id":878,"url":"https:\/\/www.shqiperia.com\/blog\/heraldika-shqiptare-monogafi-e-autorit-jaho-brahaj\/","url_meta":{"origin":35102,"position":4},"title":"Heraldika Shqiptare: monogafi e autorit Jaho Brahaj","author":"Kurt Farka","date":"January 9, 2018","format":false,"excerpt":"Nga: Prof. Dr. Ferit Duka - Veper e\u00a0 themelt\u00eb n\u00eb k\u00ebt\u00eb disiplin\u00eb q\u00eb i ka munguar studimeve albanologjike. Studimi monografik shkencor \"Emblemat Shqiptare - gjurmime heraldike\" i autorit Jaho Brahaj, paraqet interes te ve\u00e7ant\u00eb n\u00eb fush\u00ebn e studimeve mbi simbolik\u00ebn historike kornb\u00ebtare t\u00eb shqiptareve. Punimi n\u00eb fjale permban informacion t\u00eb\u2026","rel":"","context":"In &quot;Trashegimi Kulturore&quot;","block_context":{"text":"Trashegimi Kulturore","link":"https:\/\/www.shqiperia.com\/blog\/category\/trashegimi-kulturore\/"},"img":{"alt_text":"","src":"https:\/\/i0.wp.com\/www.shqiperia.com\/blog\/wp-content\/uploads\/2018\/01\/Jaho-Brahaj.jpg?fit=754%2C960&ssl=1&resize=350%2C200","width":350,"height":200,"srcset":"https:\/\/i0.wp.com\/www.shqiperia.com\/blog\/wp-content\/uploads\/2018\/01\/Jaho-Brahaj.jpg?fit=754%2C960&ssl=1&resize=350%2C200 1x, https:\/\/i0.wp.com\/www.shqiperia.com\/blog\/wp-content\/uploads\/2018\/01\/Jaho-Brahaj.jpg?fit=754%2C960&ssl=1&resize=525%2C300 1.5x, https:\/\/i0.wp.com\/www.shqiperia.com\/blog\/wp-content\/uploads\/2018\/01\/Jaho-Brahaj.jpg?fit=754%2C960&ssl=1&resize=700%2C400 2x"},"classes":[]},{"id":40910,"url":"https:\/\/www.shqiperia.com\/blog\/libri-i-ri-i-aurel-plasarit-per-te-hershmen-e-te-famshmen-arbni\/","url_meta":{"origin":35102,"position":5},"title":"Libri i ri i Aurel Plasarit per te hershmen e te famshmen Arbni","author":"Kurt Farka","date":"November 16, 2020","format":false,"excerpt":"Libri i ri i Aurel Plasarit per te hershmen e te famshmen Arbni 15\/11\/2020 Nga Fahri Balliu \u2013 (Mendime dhe emocione per librin \u201cArbni\u201dHistorik, Gjeografik, Kishtar dhe Politik. Nje autor i madh ne kohen e koleres zbuloi dhe perjetoi nje dashuri te madhe .Plasari me librin ne fjale ka bere\u2026","rel":"","context":"In &quot;Histori&quot;","block_context":{"text":"Histori","link":"https:\/\/www.shqiperia.com\/blog\/category\/histori\/"},"img":{"alt_text":"","src":"https:\/\/i0.wp.com\/www.shqiperia.com\/blog\/wp-content\/uploads\/2020\/11\/Aurel-Plasari-750x375-1.jpg?fit=750%2C375&ssl=1&resize=350%2C200","width":350,"height":200,"srcset":"https:\/\/i0.wp.com\/www.shqiperia.com\/blog\/wp-content\/uploads\/2020\/11\/Aurel-Plasari-750x375-1.jpg?fit=750%2C375&ssl=1&resize=350%2C200 1x, https:\/\/i0.wp.com\/www.shqiperia.com\/blog\/wp-content\/uploads\/2020\/11\/Aurel-Plasari-750x375-1.jpg?fit=750%2C375&ssl=1&resize=525%2C300 1.5x, https:\/\/i0.wp.com\/www.shqiperia.com\/blog\/wp-content\/uploads\/2020\/11\/Aurel-Plasari-750x375-1.jpg?fit=750%2C375&ssl=1&resize=700%2C400 2x"},"classes":[]}],"_links":{"self":[{"href":"https:\/\/www.shqiperia.com\/blog\/wp-json\/wp\/v2\/posts\/35102","targetHints":{"allow":["GET"]}}],"collection":[{"href":"https:\/\/www.shqiperia.com\/blog\/wp-json\/wp\/v2\/posts"}],"about":[{"href":"https:\/\/www.shqiperia.com\/blog\/wp-json\/wp\/v2\/types\/post"}],"author":[{"embeddable":true,"href":"https:\/\/www.shqiperia.com\/blog\/wp-json\/wp\/v2\/users\/9"}],"replies":[{"embeddable":true,"href":"https:\/\/www.shqiperia.com\/blog\/wp-json\/wp\/v2\/comments?post=35102"}],"version-history":[{"count":1,"href":"https:\/\/www.shqiperia.com\/blog\/wp-json\/wp\/v2\/posts\/35102\/revisions"}],"predecessor-version":[{"id":35105,"href":"https:\/\/www.shqiperia.com\/blog\/wp-json\/wp\/v2\/posts\/35102\/revisions\/35105"}],"wp:featuredmedia":[{"embeddable":true,"href":"https:\/\/www.shqiperia.com\/blog\/wp-json\/wp\/v2\/media\/35103"}],"wp:attachment":[{"href":"https:\/\/www.shqiperia.com\/blog\/wp-json\/wp\/v2\/media?parent=35102"}],"wp:term":[{"taxonomy":"category","embeddable":true,"href":"https:\/\/www.shqiperia.com\/blog\/wp-json\/wp\/v2\/categories?post=35102"},{"taxonomy":"post_tag","embeddable":true,"href":"https:\/\/www.shqiperia.com\/blog\/wp-json\/wp\/v2\/tags?post=35102"}],"curies":[{"name":"wp","href":"https:\/\/api.w.org\/{rel}","templated":true}]}}