{"id":35097,"date":"2020-05-27T02:25:59","date_gmt":"2020-05-27T02:25:59","guid":{"rendered":"https:\/\/www.shqiperia.com\/blog\/?p=35097"},"modified":"2020-05-27T02:25:59","modified_gmt":"2020-05-27T02:25:59","slug":"lajm-arkiv-shengeni-ballkanik-ne-skaner-ornela-liperi-te-5-pyetjet-po-i-hapim-deren-serbise-fatale-per-biznesin-pozitive-vetem-per-punen","status":"publish","type":"post","link":"https:\/\/www.shqiperia.com\/blog\/lajm-arkiv-shengeni-ballkanik-ne-skaner-ornela-liperi-te-5-pyetjet-po-i-hapim-deren-serbise-fatale-per-biznesin-pozitive-vetem-per-punen\/","title":{"rendered":"Lajm Arkiv &#8211; Shengeni Ballkanik n\u00eb skaner\/ Ornela Liperi te &#8216;5 Pyetjet&#8217;: Po i hapim der\u00ebn Serbis\u00eb, fatale p\u00ebr biznesin! Pozitive vet\u00ebm p\u00ebr pun\u00ebn"},"content":{"rendered":"<p><img data-recalc-dims=\"1\" loading=\"lazy\" decoding=\"async\" data-attachment-id=\"35098\" data-permalink=\"https:\/\/www.shqiperia.com\/blog\/lajm-arkiv-shengeni-ballkanik-ne-skaner-ornela-liperi-te-5-pyetjet-po-i-hapim-deren-serbise-fatale-per-biznesin-pozitive-vetem-per-punen\/ornela-liperi-2\/\" data-orig-file=\"https:\/\/i0.wp.com\/www.shqiperia.com\/blog\/wp-content\/uploads\/2020\/05\/Ornela-Liperi.jpg?fit=1280%2C720&amp;ssl=1\" data-orig-size=\"1280,720\" data-comments-opened=\"1\" data-image-meta=\"{&quot;aperture&quot;:&quot;0&quot;,&quot;credit&quot;:&quot;&quot;,&quot;camera&quot;:&quot;&quot;,&quot;caption&quot;:&quot;&quot;,&quot;created_timestamp&quot;:&quot;0&quot;,&quot;copyright&quot;:&quot;&quot;,&quot;focal_length&quot;:&quot;0&quot;,&quot;iso&quot;:&quot;0&quot;,&quot;shutter_speed&quot;:&quot;0&quot;,&quot;title&quot;:&quot;&quot;,&quot;orientation&quot;:&quot;0&quot;}\" data-image-title=\"Ornela Liperi\" data-image-description=\"\" data-image-caption=\"\" data-medium-file=\"https:\/\/i0.wp.com\/www.shqiperia.com\/blog\/wp-content\/uploads\/2020\/05\/Ornela-Liperi.jpg?fit=300%2C169&amp;ssl=1\" data-large-file=\"https:\/\/i0.wp.com\/www.shqiperia.com\/blog\/wp-content\/uploads\/2020\/05\/Ornela-Liperi.jpg?fit=1024%2C576&amp;ssl=1\" class=\"alignnone  wp-image-35098\" alt=\"\" src=\"https:\/\/i0.wp.com\/www.shqiperia.com\/blog\/wp-content\/uploads\/2020\/05\/Ornela-Liperi.jpg?resize=517%2C291&#038;ssl=1\" width=\"517\" height=\"291\" srcset=\"https:\/\/i0.wp.com\/www.shqiperia.com\/blog\/wp-content\/uploads\/2020\/05\/Ornela-Liperi.jpg?resize=300%2C169&amp;ssl=1 300w, https:\/\/i0.wp.com\/www.shqiperia.com\/blog\/wp-content\/uploads\/2020\/05\/Ornela-Liperi.jpg?resize=1024%2C576&amp;ssl=1 1024w, https:\/\/i0.wp.com\/www.shqiperia.com\/blog\/wp-content\/uploads\/2020\/05\/Ornela-Liperi.jpg?resize=768%2C432&amp;ssl=1 768w, https:\/\/i0.wp.com\/www.shqiperia.com\/blog\/wp-content\/uploads\/2020\/05\/Ornela-Liperi.jpg?resize=450%2C253&amp;ssl=1 450w, https:\/\/i0.wp.com\/www.shqiperia.com\/blog\/wp-content\/uploads\/2020\/05\/Ornela-Liperi.jpg?resize=600%2C338&amp;ssl=1 600w, https:\/\/i0.wp.com\/www.shqiperia.com\/blog\/wp-content\/uploads\/2020\/05\/Ornela-Liperi.jpg?resize=400%2C225&amp;ssl=1 400w, https:\/\/i0.wp.com\/www.shqiperia.com\/blog\/wp-content\/uploads\/2020\/05\/Ornela-Liperi.jpg?w=1280&amp;ssl=1 1280w\" sizes=\"auto, (max-width: 517px) 100vw, 517px\" \/><\/p>\n<p><strong>Lajm Arkiv &#8211; Shengeni Ballkanik n\u00eb skaner\/ Ornela Liperi te &#8216;5 Pyetjet&#8217;: Po i hapim der\u00ebn Serbis\u00eb, fatale p\u00ebr biznesin! Pozitive vet\u00ebm p\u00ebr pun\u00ebn<\/strong><\/p>\n<p>23 Dhjetor 2019<\/p>\n<p><em>Gazetarja e ekonomis\u00eb Ornela Liperi ishte e\u00a0ftuar n\u00eb studion e emisionit &#8216;5 Pyetjet nga Babaramo&#8217; n\u00eb Report Tv p\u00ebr t\u00eb analizuar pikat e dob\u00ebta dhe t\u00eb forta t\u00eb ekonomis\u00eb shqiptare n\u00eb raport me vendet e rajonit me vendosjen n\u00eb jet\u00eb t\u00eb Shengenit Ballkanik, q\u00eb pritet q\u00eb t\u00eb ndodh\u00eb vitin tjet\u00ebr.<\/em><\/p>\n<p>&#8220;<em>Ne po hapim dyert e sht\u00ebpis\u00eb, por e kemi bosh, nuk kemi asgj\u00eb dhe serbi do t\u00eb vij\u00eb ta mbush\u00eb sht\u00ebpin\u00eb ton\u00eb me mallrat e veta dhe do e mbush\u00eb me ato q\u00eb do, e imponon ai. Serbia \u00ebsht\u00eb shum\u00eb m\u00eb konkurruese se ne, dhe do t\u00eb kemi nj\u00eb v\u00ebrshim t\u00eb mallrave serbe<\/em>&#8220;. K\u00ebshtu deklaroi gazetarja Ornela Liperi e ftuar n\u00eb studion e emisionit &#8216;5 Pyetjet nga Babaramo&#8217; n\u00eb Report Tv p\u00ebr t\u00eb analizuar pikat e dob\u00ebta dhe t\u00eb forta t\u00eb ekonomis\u00eb shqiptare n\u00eb raport me vendet e rajonit me vendosjen n\u00eb jet\u00eb t\u00eb Shengenit Ballkanik, q\u00eb pritet q\u00eb t\u00eb ndodh\u00eb vitin tjet\u00ebr.<\/p>\n<p><img data-recalc-dims=\"1\" loading=\"lazy\" decoding=\"async\" data-attachment-id=\"35099\" data-permalink=\"https:\/\/www.shqiperia.com\/blog\/lajm-arkiv-shengeni-ballkanik-ne-skaner-ornela-liperi-te-5-pyetjet-po-i-hapim-deren-serbise-fatale-per-biznesin-pozitive-vetem-per-punen\/ornela-liperi-te-2\/\" data-orig-file=\"https:\/\/i0.wp.com\/www.shqiperia.com\/blog\/wp-content\/uploads\/2020\/05\/Ornela-Liperi-te-2.jpg?fit=780%2C440&amp;ssl=1\" data-orig-size=\"780,440\" data-comments-opened=\"1\" data-image-meta=\"{&quot;aperture&quot;:&quot;0&quot;,&quot;credit&quot;:&quot;&quot;,&quot;camera&quot;:&quot;&quot;,&quot;caption&quot;:&quot;&quot;,&quot;created_timestamp&quot;:&quot;0&quot;,&quot;copyright&quot;:&quot;&quot;,&quot;focal_length&quot;:&quot;0&quot;,&quot;iso&quot;:&quot;0&quot;,&quot;shutter_speed&quot;:&quot;0&quot;,&quot;title&quot;:&quot;&quot;,&quot;orientation&quot;:&quot;0&quot;}\" data-image-title=\"Ornela Liperi te (2)\" data-image-description=\"\" data-image-caption=\"\" data-medium-file=\"https:\/\/i0.wp.com\/www.shqiperia.com\/blog\/wp-content\/uploads\/2020\/05\/Ornela-Liperi-te-2.jpg?fit=300%2C169&amp;ssl=1\" data-large-file=\"https:\/\/i0.wp.com\/www.shqiperia.com\/blog\/wp-content\/uploads\/2020\/05\/Ornela-Liperi-te-2.jpg?fit=780%2C440&amp;ssl=1\" class=\"alignnone  wp-image-35099\" alt=\"\" src=\"https:\/\/i0.wp.com\/www.shqiperia.com\/blog\/wp-content\/uploads\/2020\/05\/Ornela-Liperi-te-2.jpg?resize=580%2C327&#038;ssl=1\" width=\"580\" height=\"327\" srcset=\"https:\/\/i0.wp.com\/www.shqiperia.com\/blog\/wp-content\/uploads\/2020\/05\/Ornela-Liperi-te-2.jpg?resize=300%2C169&amp;ssl=1 300w, https:\/\/i0.wp.com\/www.shqiperia.com\/blog\/wp-content\/uploads\/2020\/05\/Ornela-Liperi-te-2.jpg?resize=768%2C433&amp;ssl=1 768w, https:\/\/i0.wp.com\/www.shqiperia.com\/blog\/wp-content\/uploads\/2020\/05\/Ornela-Liperi-te-2.jpg?resize=450%2C254&amp;ssl=1 450w, https:\/\/i0.wp.com\/www.shqiperia.com\/blog\/wp-content\/uploads\/2020\/05\/Ornela-Liperi-te-2.jpg?resize=600%2C338&amp;ssl=1 600w, https:\/\/i0.wp.com\/www.shqiperia.com\/blog\/wp-content\/uploads\/2020\/05\/Ornela-Liperi-te-2.jpg?resize=400%2C226&amp;ssl=1 400w, https:\/\/i0.wp.com\/www.shqiperia.com\/blog\/wp-content\/uploads\/2020\/05\/Ornela-Liperi-te-2.jpg?w=780&amp;ssl=1 780w\" sizes=\"auto, (max-width: 580px) 100vw, 580px\" \/><\/p>\n<p>Liperi u shpreh se ekonomia shqiptare nuk \u00ebsht\u00eb e p\u00ebrgatitur p\u00ebr nj\u00eb hapje t\u00eb till\u00eb t\u00eb tregut, e para sepse vendet e tjera me p\u00ebrjashtim t\u00eb vendit ton\u00eb jan\u00eb shum\u00eb protektoniste, e dyta sepse vet\u00ebm me Kosov\u00ebn kemi bilanc pozitiv tregtar dhe kjo e fundit nuk \u00ebsht\u00eb pjes\u00eb e nism\u00ebs. N\u00ebse do t\u00eb hapet tregu rajonal, ajo tha se mallrat serbe do t\u00eb pushtojn\u00eb sht\u00ebpit\u00eb shqiptare, nd\u00ebrsa ekonomia shqiptare \u00ebsht\u00eb shum\u00eb e dob\u00ebt dhe jo konkurruese.<\/p>\n<p><img data-recalc-dims=\"1\" loading=\"lazy\" decoding=\"async\" data-attachment-id=\"35100\" data-permalink=\"https:\/\/www.shqiperia.com\/blog\/lajm-arkiv-shengeni-ballkanik-ne-skaner-ornela-liperi-te-5-pyetjet-po-i-hapim-deren-serbise-fatale-per-biznesin-pozitive-vetem-per-punen\/download-80\/\" data-orig-file=\"https:\/\/i0.wp.com\/www.shqiperia.com\/blog\/wp-content\/uploads\/2020\/05\/download-1.jpg?fit=300%2C168&amp;ssl=1\" data-orig-size=\"300,168\" data-comments-opened=\"1\" data-image-meta=\"{&quot;aperture&quot;:&quot;0&quot;,&quot;credit&quot;:&quot;&quot;,&quot;camera&quot;:&quot;&quot;,&quot;caption&quot;:&quot;&quot;,&quot;created_timestamp&quot;:&quot;0&quot;,&quot;copyright&quot;:&quot;&quot;,&quot;focal_length&quot;:&quot;0&quot;,&quot;iso&quot;:&quot;0&quot;,&quot;shutter_speed&quot;:&quot;0&quot;,&quot;title&quot;:&quot;&quot;,&quot;orientation&quot;:&quot;0&quot;}\" data-image-title=\"download\" data-image-description=\"\" data-image-caption=\"\" data-medium-file=\"https:\/\/i0.wp.com\/www.shqiperia.com\/blog\/wp-content\/uploads\/2020\/05\/download-1.jpg?fit=300%2C168&amp;ssl=1\" data-large-file=\"https:\/\/i0.wp.com\/www.shqiperia.com\/blog\/wp-content\/uploads\/2020\/05\/download-1.jpg?fit=300%2C168&amp;ssl=1\" class=\"alignnone  wp-image-35100\" alt=\"\" src=\"https:\/\/i0.wp.com\/www.shqiperia.com\/blog\/wp-content\/uploads\/2020\/05\/download-1.jpg?resize=482%2C270&#038;ssl=1\" width=\"482\" height=\"270\" \/><\/p>\n<p>Gazeta Shqiptarja.Com<\/p>\n","protected":false},"excerpt":{"rendered":"<p>Lajm Arkiv &#8211; Shengeni Ballkanik n\u00eb skaner\/ Ornela Liperi te &#8216;5 Pyetjet&#8217;: Po i hapim der\u00ebn Serbis\u00eb, fatale p\u00ebr biznesin! Pozitive vet\u00ebm p\u00ebr pun\u00ebn 23 Dhjetor 2019 Gazetarja e ekonomis\u00eb Ornela Liperi ishte e\u00a0ftuar n\u00eb studion e emisionit &#8216;5 Pyetjet nga Babaramo&#8217; n\u00eb Report Tv p\u00ebr t\u00eb analizuar pikat e dob\u00ebta dhe t\u00eb forta t\u00eb [&hellip;]<\/p>\n","protected":false},"author":9,"featured_media":35098,"comment_status":"open","ping_status":"open","sticky":false,"template":"","format":"standard","meta":{"jetpack_post_was_ever_published":false,"_jetpack_newsletter_access":"","_jetpack_dont_email_post_to_subs":false,"_jetpack_newsletter_tier_id":0,"_jetpack_memberships_contains_paywalled_content":false,"_jetpack_memberships_contains_paid_content":false,"footnotes":"","jetpack_publicize_message":"","jetpack_publicize_feature_enabled":true,"jetpack_social_post_already_shared":true,"jetpack_social_options":{"image_generator_settings":{"template":"highway","default_image_id":0,"font":"","enabled":false},"version":2}},"categories":[27,2,35],"tags":[],"class_list":["post-35097","post","type-post","status-publish","format-standard","has-post-thumbnail","hentry","category-blogu-i-udhetarit","category-politika","category-shoqerore"],"jetpack_publicize_connections":[],"jetpack_featured_media_url":"https:\/\/i0.wp.com\/www.shqiperia.com\/blog\/wp-content\/uploads\/2020\/05\/Ornela-Liperi.jpg?fit=1280%2C720&ssl=1","jetpack_sharing_enabled":true,"jetpack_shortlink":"https:\/\/wp.me\/p5Z6wp-985","jetpack-related-posts":[{"id":43500,"url":"https:\/\/www.shqiperia.com\/blog\/pergjimet-e-ndranghetas-dhe-skema-e-pastrimit-te-parave-ne-ndertim-liperi-ujqerit-jane-ne-tirane\/","url_meta":{"origin":35097,"position":0},"title":"P\u00ebrgjimet e Ndranghetas dhe skema e pastrimit t\u00eb parave n\u00eb nd\u00ebrtim, Liperi: \u201cUjq\u00ebrit\u201d jan\u00eb n\u00eb Tiran\u00eb","author":"Kurt Farka","date":"January 29, 2021","format":false,"excerpt":"P\u00ebrgjimet e Ndranghetas dhe skema e pastrimit t\u00eb parave n\u00eb nd\u00ebrtim, Liperi: \u201cUjq\u00ebrit\u201d jan\u00eb n\u00eb Tiran\u00eb 28 Janar, 2021 Ornela Liperi, kryeredaktore e revist\u00ebs \u201cMonitor\u201d duke komentuar p\u00ebrgjimet q\u00eb dol\u00ebn nga antimafia italiane zb\u00ebrtheu mbr\u00ebmjen e sotme n\u00eb emisionin \u201cAs pro, as kund\u00ebr\u201d n\u00eb ABC skem\u00ebn e pastrimit t\u00eb parave\u2026","rel":"","context":"In &quot;Blogu i Udh\u00ebtarit&quot;","block_context":{"text":"Blogu i Udh\u00ebtarit","link":"https:\/\/www.shqiperia.com\/blog\/category\/blogu-i-udhetarit\/"},"img":{"alt_text":"","src":"https:\/\/i0.wp.com\/www.shqiperia.com\/blog\/wp-content\/uploads\/2021\/01\/ornela-liperi.jpg?fit=761%2C432&ssl=1&resize=350%2C200","width":350,"height":200,"srcset":"https:\/\/i0.wp.com\/www.shqiperia.com\/blog\/wp-content\/uploads\/2021\/01\/ornela-liperi.jpg?fit=761%2C432&ssl=1&resize=350%2C200 1x, https:\/\/i0.wp.com\/www.shqiperia.com\/blog\/wp-content\/uploads\/2021\/01\/ornela-liperi.jpg?fit=761%2C432&ssl=1&resize=525%2C300 1.5x, https:\/\/i0.wp.com\/www.shqiperia.com\/blog\/wp-content\/uploads\/2021\/01\/ornela-liperi.jpg?fit=761%2C432&ssl=1&resize=700%2C400 2x"},"classes":[]},{"id":39774,"url":"https:\/\/www.shqiperia.com\/blog\/mori-750-milione-leke-nga-shteti-pa-pasur-asnje-punonjes-thellohet-skandali-i-inceneratorit-te-fierit-gazetarja-zbardh-detajet\/","url_meta":{"origin":35097,"position":1},"title":"\u201cMori 750 milion\u00eb lek\u00eb nga shteti, pa pasur asnj\u00eb punonj\u00ebs\u201d. &#8211; Thellohet skandali i inceneratorit t\u00eb Fierit, gazetarja zbardh detajet","author":"Kurt Farka","date":"October 17, 2020","format":false,"excerpt":"\u201cMori 750 milion\u00eb lek\u00eb nga shteti, pa pasur asnj\u00eb punonj\u00ebs\u201d. - Thellohet skandali i inceneratorit t\u00eb Fierit, gazetarja zbardh detajet 17 Tetor, 2020 CNA.al\u00a0ka publikuar nj\u00eb dosje t\u00eb plot\u00eb investigimi p\u00ebr koncensionet e incenerator\u00ebve, ku p\u00ebrfshihet edhe ai i\u00a0Fierit. Inceneratori i Fierit, \u00ebsht\u00eb dh\u00ebn\u00eb me koncesion nga qeveria shqiptare sipas\u2026","rel":"","context":"In &quot;Blogu i Udh\u00ebtarit&quot;","block_context":{"text":"Blogu i Udh\u00ebtarit","link":"https:\/\/www.shqiperia.com\/blog\/category\/blogu-i-udhetarit\/"},"img":{"alt_text":"","src":"https:\/\/i0.wp.com\/www.shqiperia.com\/blog\/wp-content\/uploads\/2020\/10\/inceneratori-590x354-1.jpg?fit=590%2C354&ssl=1&resize=350%2C200","width":350,"height":200,"srcset":"https:\/\/i0.wp.com\/www.shqiperia.com\/blog\/wp-content\/uploads\/2020\/10\/inceneratori-590x354-1.jpg?fit=590%2C354&ssl=1&resize=350%2C200 1x, https:\/\/i0.wp.com\/www.shqiperia.com\/blog\/wp-content\/uploads\/2020\/10\/inceneratori-590x354-1.jpg?fit=590%2C354&ssl=1&resize=525%2C300 1.5x"},"classes":[]},{"id":26289,"url":"https:\/\/www.shqiperia.com\/blog\/ky-skenar-rama-vucic-si-ai-enver-tito-dikur-duhet-ndalur-thirrja-e-ish-deputetit-shengeni-ballkanik-na-largon-nga-europa\/","url_meta":{"origin":35097,"position":2},"title":"\u201cKy skenar Rama-Vu\u00e7i\u00e7, si ai Enver-Tito dikur, duhet ndalur\u201d, thirrja e ish deputetit: \u201cShengeni Ballkanik\u201d na largon nga Europa. &#8211;","author":"Kurt Farka","date":"September 26, 2019","format":false,"excerpt":"\u201cKy skenar Rama-Vu\u00e7i\u00e7, si ai Enver-Tito dikur, duhet ndalur\u201d, thirrja e ish deputetit: \u201cShengeni Ballkanik\u201d na largon nga Europa. - \u00a026 shtator 2019 N\u00eb Nju Jork ku po merr pjes\u00eb n\u00eb punimet e Asambles\u00eb s\u00eb P\u00ebrgjithshme t\u00eb OKB-s\u00eb, Aleksandar Vu\u00e7i\u00e7 ka deklaruar p\u00ebr mediat serbe se \u00ebsht\u00eb takuar me kryeministrin\u2026","rel":"","context":"In &quot;Blogu i Udh\u00ebtarit&quot;","block_context":{"text":"Blogu i Udh\u00ebtarit","link":"https:\/\/www.shqiperia.com\/blog\/category\/blogu-i-udhetarit\/"},"img":{"alt_text":"","src":"https:\/\/i0.wp.com\/www.shqiperia.com\/blog\/wp-content\/uploads\/2019\/09\/Enver-Tito.jpg?fit=1174%2C692&ssl=1&resize=350%2C200","width":350,"height":200,"srcset":"https:\/\/i0.wp.com\/www.shqiperia.com\/blog\/wp-content\/uploads\/2019\/09\/Enver-Tito.jpg?fit=1174%2C692&ssl=1&resize=350%2C200 1x, https:\/\/i0.wp.com\/www.shqiperia.com\/blog\/wp-content\/uploads\/2019\/09\/Enver-Tito.jpg?fit=1174%2C692&ssl=1&resize=525%2C300 1.5x, https:\/\/i0.wp.com\/www.shqiperia.com\/blog\/wp-content\/uploads\/2019\/09\/Enver-Tito.jpg?fit=1174%2C692&ssl=1&resize=700%2C400 2x, https:\/\/i0.wp.com\/www.shqiperia.com\/blog\/wp-content\/uploads\/2019\/09\/Enver-Tito.jpg?fit=1174%2C692&ssl=1&resize=1050%2C600 3x"},"classes":[]},{"id":21450,"url":"https:\/\/www.shqiperia.com\/blog\/nese-nuk-hiqet-taksa-e-qarkullimit-qeveria-do-i-vjedhe-qytetaret\/","url_meta":{"origin":35097,"position":3},"title":"N\u00ebse nuk hiqet taksa e qarkullimit, qeveria do i vjedh\u00eb qytetar\u00ebt. &#8211;","author":"Kurt Farka","date":"May 21, 2019","format":false,"excerpt":"N\u00ebse nuk hiqet taksa e qarkullimit, qeveria do i vjedh\u00eb qytetar\u00ebt. - Nga Ornela LIPERI. 19 Maj 2019 Shqiptar\u00ebt paguajn\u00eb sot \u00e7mimin e naft\u00ebs me prej rreth 1.43 euro\/lit\u00ebr, q\u00eb \u00ebsht\u00eb i 13-i m\u00eb i shtrenjt\u00eb n\u00eb bot\u00eb, sipas t\u00eb dh\u00ebnave t\u00eb Global Petrol Price (t\u00eb p\u00ebrdit\u00ebsuara n\u00eb 13 maj),\u2026","rel":"","context":"In &quot;Blogu i Udh\u00ebtarit&quot;","block_context":{"text":"Blogu i Udh\u00ebtarit","link":"https:\/\/www.shqiperia.com\/blog\/category\/blogu-i-udhetarit\/"},"img":{"alt_text":"","src":"https:\/\/i0.wp.com\/www.shqiperia.com\/blog\/wp-content\/uploads\/2019\/05\/Ornela-LIPERI.jpg?fit=889%2C484&ssl=1&resize=350%2C200","width":350,"height":200,"srcset":"https:\/\/i0.wp.com\/www.shqiperia.com\/blog\/wp-content\/uploads\/2019\/05\/Ornela-LIPERI.jpg?fit=889%2C484&ssl=1&resize=350%2C200 1x, https:\/\/i0.wp.com\/www.shqiperia.com\/blog\/wp-content\/uploads\/2019\/05\/Ornela-LIPERI.jpg?fit=889%2C484&ssl=1&resize=525%2C300 1.5x, https:\/\/i0.wp.com\/www.shqiperia.com\/blog\/wp-content\/uploads\/2019\/05\/Ornela-LIPERI.jpg?fit=889%2C484&ssl=1&resize=700%2C400 2x"},"classes":[]},{"id":26846,"url":"https:\/\/www.shqiperia.com\/blog\/ne-vend-te-celjes-se-negociatave-me-be-shqiperia-merr-shengenin-ballkanik\/","url_meta":{"origin":35097,"position":4},"title":"N\u00eb vend t\u00eb \u00e7eljes s\u00eb negociatave me BE, Shqip\u00ebria merr \u201cShengenin Ballkanik\u201d. &#8211;","author":"Kurt Farka","date":"October 10, 2019","format":false,"excerpt":"N\u00eb vend t\u00eb \u00e7eljes s\u00eb negociatave me BE, Shqip\u00ebria merr \u201cShengenin Ballkanik\u201d 10 tetor 2019 Shumica e shqiptar\u00ebve jan\u00eb n\u00eb pritje t\u00eb hapjes s\u00eb negociatave me BE-n\u00eb, por atyre po u ofrohet tjet\u00ebr gj\u00eb, \u201cSchengeni i vog\u00ebl\u201d. N\u00eb Novi Sad t\u00eb Serbis\u00eb, kryeministri Edi Rama s\u00ebbashku me kryeministrin maqedonas, Zoran\u2026","rel":"","context":"In &quot;Politika&quot;","block_context":{"text":"Politika","link":"https:\/\/www.shqiperia.com\/blog\/category\/politika\/"},"img":{"alt_text":"","src":"https:\/\/i0.wp.com\/www.shqiperia.com\/blog\/wp-content\/uploads\/2019\/10\/RAMA-VUCIC-ZAEV-2-905x450.jpeg?fit=905%2C450&ssl=1&resize=350%2C200","width":350,"height":200,"srcset":"https:\/\/i0.wp.com\/www.shqiperia.com\/blog\/wp-content\/uploads\/2019\/10\/RAMA-VUCIC-ZAEV-2-905x450.jpeg?fit=905%2C450&ssl=1&resize=350%2C200 1x, https:\/\/i0.wp.com\/www.shqiperia.com\/blog\/wp-content\/uploads\/2019\/10\/RAMA-VUCIC-ZAEV-2-905x450.jpeg?fit=905%2C450&ssl=1&resize=525%2C300 1.5x, https:\/\/i0.wp.com\/www.shqiperia.com\/blog\/wp-content\/uploads\/2019\/10\/RAMA-VUCIC-ZAEV-2-905x450.jpeg?fit=905%2C450&ssl=1&resize=700%2C400 2x"},"classes":[]},{"id":1585,"url":"https:\/\/www.shqiperia.com\/blog\/tirane-vale-e-re-dhe-e-heshtur-emigrimi-nga-shqiperia-2\/","url_meta":{"origin":35097,"position":5},"title":"Tiran\u00eb: Val\u00eb e re dhe e heshtur emigrimi nga Shqip\u00ebria","author":"Kurt Farka","date":"January 21, 2018","format":false,"excerpt":"Nga: Ilirian Agolli N\u00eb Tiran\u00eb, revista ekonomike Monitor sapo ka kryer nj\u00eb v\u00ebzhgim mbi emigrimin e ri t\u00eb shqiptar\u00ebve. Sipas k\u00ebtij v\u00ebzhgimi, q\u00eb publikohet t\u00eb h\u00ebn\u00ebn n\u00eb kryeqytet, ritmi i largimit t\u00eb shqiptar\u00ebve nga vendi po rritet p\u00ebrs\u00ebri deri n\u00eb nivelet rekord t\u00eb vitit 2015. E ve\u00e7anta n\u00eb k\u00ebt\u00eb val\u00eb\u2026","rel":"","context":"In &quot;Blogu i Udh\u00ebtarit&quot;","block_context":{"text":"Blogu i Udh\u00ebtarit","link":"https:\/\/www.shqiperia.com\/blog\/category\/blogu-i-udhetarit\/"},"img":{"alt_text":"","src":"https:\/\/i0.wp.com\/www.shqiperia.com\/blog\/wp-content\/uploads\/2018\/01\/Ilirian-Agolli.png?fit=1023%2C575&ssl=1&resize=350%2C200","width":350,"height":200,"srcset":"https:\/\/i0.wp.com\/www.shqiperia.com\/blog\/wp-content\/uploads\/2018\/01\/Ilirian-Agolli.png?fit=1023%2C575&ssl=1&resize=350%2C200 1x, https:\/\/i0.wp.com\/www.shqiperia.com\/blog\/wp-content\/uploads\/2018\/01\/Ilirian-Agolli.png?fit=1023%2C575&ssl=1&resize=525%2C300 1.5x, https:\/\/i0.wp.com\/www.shqiperia.com\/blog\/wp-content\/uploads\/2018\/01\/Ilirian-Agolli.png?fit=1023%2C575&ssl=1&resize=700%2C400 2x"},"classes":[]}],"_links":{"self":[{"href":"https:\/\/www.shqiperia.com\/blog\/wp-json\/wp\/v2\/posts\/35097","targetHints":{"allow":["GET"]}}],"collection":[{"href":"https:\/\/www.shqiperia.com\/blog\/wp-json\/wp\/v2\/posts"}],"about":[{"href":"https:\/\/www.shqiperia.com\/blog\/wp-json\/wp\/v2\/types\/post"}],"author":[{"embeddable":true,"href":"https:\/\/www.shqiperia.com\/blog\/wp-json\/wp\/v2\/users\/9"}],"replies":[{"embeddable":true,"href":"https:\/\/www.shqiperia.com\/blog\/wp-json\/wp\/v2\/comments?post=35097"}],"version-history":[{"count":1,"href":"https:\/\/www.shqiperia.com\/blog\/wp-json\/wp\/v2\/posts\/35097\/revisions"}],"predecessor-version":[{"id":35101,"href":"https:\/\/www.shqiperia.com\/blog\/wp-json\/wp\/v2\/posts\/35097\/revisions\/35101"}],"wp:featuredmedia":[{"embeddable":true,"href":"https:\/\/www.shqiperia.com\/blog\/wp-json\/wp\/v2\/media\/35098"}],"wp:attachment":[{"href":"https:\/\/www.shqiperia.com\/blog\/wp-json\/wp\/v2\/media?parent=35097"}],"wp:term":[{"taxonomy":"category","embeddable":true,"href":"https:\/\/www.shqiperia.com\/blog\/wp-json\/wp\/v2\/categories?post=35097"},{"taxonomy":"post_tag","embeddable":true,"href":"https:\/\/www.shqiperia.com\/blog\/wp-json\/wp\/v2\/tags?post=35097"}],"curies":[{"name":"wp","href":"https:\/\/api.w.org\/{rel}","templated":true}]}}