{"id":35094,"date":"2020-05-26T16:49:05","date_gmt":"2020-05-26T16:49:05","guid":{"rendered":"https:\/\/www.shqiperia.com\/blog\/?p=35094"},"modified":"2020-05-26T16:49:05","modified_gmt":"2020-05-26T16:49:05","slug":"gka-cel-dyert-ekspozohen-veprat-e-realizmit-socialist-nga-qitesja-e-kristaq-rames-tek-enver-hoxha-i-dhramit","status":"publish","type":"post","link":"https:\/\/www.shqiperia.com\/blog\/gka-cel-dyert-ekspozohen-veprat-e-realizmit-socialist-nga-qitesja-e-kristaq-rames-tek-enver-hoxha-i-dhramit\/","title":{"rendered":"GKA \u00e7el dyert, ekspozohen veprat e realizmit socialist nga \u201cQit\u00ebsja\u201d e Kristaq Ram\u00ebs tek \u201cEnver Hoxha\u201d i Dhramit"},"content":{"rendered":"<p><img data-recalc-dims=\"1\" loading=\"lazy\" decoding=\"async\" data-attachment-id=\"35095\" data-permalink=\"https:\/\/www.shqiperia.com\/blog\/gka-cel-dyert-ekspozohen-veprat-e-realizmit-socialist-nga-qitesja-e-kristaq-rames-tek-enver-hoxha-i-dhramit\/galeria-kombetare-e-arteve-2\/\" data-orig-file=\"https:\/\/i0.wp.com\/www.shqiperia.com\/blog\/wp-content\/uploads\/2020\/05\/Galeria-Kombetare-e-Arteve.jpg?fit=780%2C440&amp;ssl=1\" data-orig-size=\"780,440\" data-comments-opened=\"1\" data-image-meta=\"{&quot;aperture&quot;:&quot;0&quot;,&quot;credit&quot;:&quot;&quot;,&quot;camera&quot;:&quot;&quot;,&quot;caption&quot;:&quot;&quot;,&quot;created_timestamp&quot;:&quot;0&quot;,&quot;copyright&quot;:&quot;&quot;,&quot;focal_length&quot;:&quot;0&quot;,&quot;iso&quot;:&quot;0&quot;,&quot;shutter_speed&quot;:&quot;0&quot;,&quot;title&quot;:&quot;&quot;,&quot;orientation&quot;:&quot;0&quot;}\" data-image-title=\"Galeria Kombetare e Arteve\" data-image-description=\"\" data-image-caption=\"\" data-medium-file=\"https:\/\/i0.wp.com\/www.shqiperia.com\/blog\/wp-content\/uploads\/2020\/05\/Galeria-Kombetare-e-Arteve.jpg?fit=300%2C169&amp;ssl=1\" data-large-file=\"https:\/\/i0.wp.com\/www.shqiperia.com\/blog\/wp-content\/uploads\/2020\/05\/Galeria-Kombetare-e-Arteve.jpg?fit=780%2C440&amp;ssl=1\" class=\"alignnone  wp-image-35095\" alt=\"\" src=\"https:\/\/i0.wp.com\/www.shqiperia.com\/blog\/wp-content\/uploads\/2020\/05\/Galeria-Kombetare-e-Arteve.jpg?resize=623%2C351&#038;ssl=1\" width=\"623\" height=\"351\" srcset=\"https:\/\/i0.wp.com\/www.shqiperia.com\/blog\/wp-content\/uploads\/2020\/05\/Galeria-Kombetare-e-Arteve.jpg?resize=300%2C169&amp;ssl=1 300w, https:\/\/i0.wp.com\/www.shqiperia.com\/blog\/wp-content\/uploads\/2020\/05\/Galeria-Kombetare-e-Arteve.jpg?resize=768%2C433&amp;ssl=1 768w, https:\/\/i0.wp.com\/www.shqiperia.com\/blog\/wp-content\/uploads\/2020\/05\/Galeria-Kombetare-e-Arteve.jpg?resize=450%2C254&amp;ssl=1 450w, https:\/\/i0.wp.com\/www.shqiperia.com\/blog\/wp-content\/uploads\/2020\/05\/Galeria-Kombetare-e-Arteve.jpg?resize=600%2C338&amp;ssl=1 600w, https:\/\/i0.wp.com\/www.shqiperia.com\/blog\/wp-content\/uploads\/2020\/05\/Galeria-Kombetare-e-Arteve.jpg?resize=400%2C226&amp;ssl=1 400w, https:\/\/i0.wp.com\/www.shqiperia.com\/blog\/wp-content\/uploads\/2020\/05\/Galeria-Kombetare-e-Arteve.jpg?w=780&amp;ssl=1 780w\" sizes=\"auto, (max-width: 623px) 100vw, 623px\" \/><\/p>\n<p><em>Galeria Komb\u00ebtare e Arteve ka \u00e7elur dyert p\u00ebr publikun. Vizitor\u00ebt mund t\u00eb shikojn\u00eb nga af\u00ebr ekspozit\u00ebn \u201cDurim Tiran\u00eb\u201d dhe koleksionin \u201cUrimet m\u00eb t\u00eb mira p\u00ebr 1999\u201d, nd\u00ebrsa n\u00eb muajin qershor kushdo mund t\u00eb shikoj\u00eb nga af\u00ebr skulpturat e artist\u00ebve shqiptar\u00eb para edhe gjat\u00eb realizmit socialist.<\/em><\/p>\n<p><a href=\"https:\/\/shqiptarja.com\/autori\/218\">Nga\u00a0 Valeria Dedaj<br \/>\n<\/a>26 Maj 2020<\/p>\n<p>Pas mbylljes s\u00eb gjat\u00eb q\u00eb shkaktoi pandemia Covid 19, Galeria Komb\u00ebtare e Arteve ka \u00e7elur dyert p\u00ebr vizitor\u00ebt.<\/p>\n<p>K\u00ebto dit\u00eb vizitor\u00ebt mund t\u00eb vizitojn\u00eb koleksionin \u201cUrimet m\u00eb t\u00eb mira p\u00ebr 1999-n\u201d edhe ekspozit\u00ebn \u201cDurim Tiran\u00eb\u201d.<\/p>\n<p>Sipas kurator\u00ebve, Nata\u0161a Ili\u0107 Adam Szymczyk, ekspozita \u201cDurim Tiran\u00eb\u201d, fsheh n\u00eb vend q\u00eb t\u00eb tregoj\u00eb veprat e saj, duke sjell si l\u00ebvizje t\u00eb saj origjinale t\u00ebrheqjen e p\u00ebrkohshme dhe jo shfaqjen e punimeve q\u00eb kan\u00eb qen\u00eb t\u00eb ekspozuara, duke ndryshuar konfigurimin, gjat\u00eb gjith\u00eb dekad\u00ebs s\u00eb fundit, ku veprat bashk\u00ebkohore q\u00ebndrojn\u00eb p\u00ebrball\u00eb veprave t\u00eb realizuara gjat\u00eb regjimit komunist, q\u00eb sundoi Enver Hoxha.<\/p>\n<p>Nd\u00ebrsa, n\u00eb muajin qershor stafi i Galeris\u00eb Komb\u00ebtare t\u00eb Arteve do t\u00eb \u00e7el ekspozit\u00ebn me skultura t\u00eb autor\u00ebve shqiptar\u00eb. K\u00ebto skultura jan\u00eb pjes\u00eb e fondit t\u00eb gjer\u00eb me 5000 vepra, t\u00eb realizuara para edhe gjat\u00eb realizmit socialist.<\/p>\n<p>N\u00eb koleksion p\u00ebrfshihen vepra t\u00eb periudh\u00ebs s\u00eb rilindjes komb\u00ebtare, por edhe t\u00eb pavar\u00ebsis\u00eb.<\/p>\n<p>Nd\u00ebrsa, fondin m\u00eb t\u00eb madh e p\u00ebrb\u00ebjn\u00eb skulpturat e\u00a0 periudh\u00ebs s\u00eb realizmit socialist nga viti 1944 deri n\u00eb \u201990, si \u201cNd\u00ebrtuesja e jet\u00ebs s\u00eb re\u201d e Andrea Manos, \u201cN\u00ebna m\u00eb f\u00ebmij\u00eb\u201d apo \u201cEnver Hoxha\u201d i Muntaz Dhramit, \u201cQit\u00ebsja\u201d edhe Migjeni i Kristaq Ram\u00ebs, edhe shum\u00eb t\u00eb tjera.<\/p>\n<p>Galeria Komb\u00ebtare e Arteve \u00ebsht\u00eb hapur p\u00ebr t\u00eb gjith\u00eb vizitor\u00ebt.<\/p>\n<p>Gazeta Shqiptarja.com<\/p>\n","protected":false},"excerpt":{"rendered":"<p>Galeria Komb\u00ebtare e Arteve ka \u00e7elur dyert p\u00ebr publikun. Vizitor\u00ebt mund t\u00eb shikojn\u00eb nga af\u00ebr ekspozit\u00ebn \u201cDurim Tiran\u00eb\u201d dhe koleksionin \u201cUrimet m\u00eb t\u00eb mira p\u00ebr 1999\u201d, nd\u00ebrsa n\u00eb muajin qershor kushdo mund t\u00eb shikoj\u00eb nga af\u00ebr skulpturat e artist\u00ebve shqiptar\u00eb para edhe gjat\u00eb realizmit socialist. Nga\u00a0 Valeria Dedaj 26 Maj 2020 Pas mbylljes s\u00eb gjat\u00eb [&hellip;]<\/p>\n","protected":false},"author":9,"featured_media":35095,"comment_status":"open","ping_status":"open","sticky":false,"template":"","format":"standard","meta":{"jetpack_post_was_ever_published":false,"_jetpack_newsletter_access":"","_jetpack_dont_email_post_to_subs":false,"_jetpack_newsletter_tier_id":0,"_jetpack_memberships_contains_paywalled_content":false,"_jetpack_memberships_contains_paid_content":false,"footnotes":"","jetpack_publicize_message":"","jetpack_publicize_feature_enabled":true,"jetpack_social_post_already_shared":true,"jetpack_social_options":{"image_generator_settings":{"template":"highway","default_image_id":0,"font":"","enabled":false},"version":2}},"categories":[87,10,86],"tags":[],"class_list":["post-35094","post","type-post","status-publish","format-standard","has-post-thumbnail","hentry","category-arte","category-kultura","category-trashegimi-kulturore"],"jetpack_publicize_connections":[],"jetpack_featured_media_url":"https:\/\/i0.wp.com\/www.shqiperia.com\/blog\/wp-content\/uploads\/2020\/05\/Galeria-Kombetare-e-Arteve.jpg?fit=780%2C440&ssl=1","jetpack_sharing_enabled":true,"jetpack_shortlink":"https:\/\/wp.me\/p5Z6wp-982","jetpack-related-posts":[{"id":2747,"url":"https:\/\/www.shqiperia.com\/blog\/clirim-ceka-piktor-album\/","url_meta":{"origin":35094,"position":0},"title":"\u00c7lirim Ceka, Piktor (+album)","author":"Kurt Farka","date":"February 9, 2018","format":false,"excerpt":"\u00c7lirim Ceka. - (02.02. Elbasan, 1945) Piktor, grafist, ilustrator. Piktori \u00c7lirim Ceka i p\u00ebrket artist\u00ebve t\u00eb r\u00ebnd\u00ebsish\u00ebm shqiptar\u00eb t\u00eb realizmit socialist. Ceka ka kryer Institutin e Lart\u00eb t\u00eb Arteve, Tiran\u00eb dhe po n\u00eb k\u00ebt\u00eb Institut ka punuar si pedagog i grafik\u00ebs n\u00eb vitet (1970-1975). Ceka b\u00ebnte pjes\u00eb n\u00eb grupin e\u2026","rel":"","context":"In &quot;Arte&quot;","block_context":{"text":"Arte","link":"https:\/\/www.shqiperia.com\/blog\/category\/arte\/"},"img":{"alt_text":"","src":"https:\/\/i0.wp.com\/www.shqiperia.com\/blog\/wp-content\/uploads\/2018\/02\/Clirim-Ceka-6.jpg?fit=720%2C960&ssl=1&resize=350%2C200","width":350,"height":200,"srcset":"https:\/\/i0.wp.com\/www.shqiperia.com\/blog\/wp-content\/uploads\/2018\/02\/Clirim-Ceka-6.jpg?fit=720%2C960&ssl=1&resize=350%2C200 1x, https:\/\/i0.wp.com\/www.shqiperia.com\/blog\/wp-content\/uploads\/2018\/02\/Clirim-Ceka-6.jpg?fit=720%2C960&ssl=1&resize=525%2C300 1.5x, https:\/\/i0.wp.com\/www.shqiperia.com\/blog\/wp-content\/uploads\/2018\/02\/Clirim-Ceka-6.jpg?fit=720%2C960&ssl=1&resize=700%2C400 2x"},"classes":[]},{"id":21677,"url":"https:\/\/www.shqiperia.com\/blog\/arkivi-i-shtetit-cel-dyert-per-vizitoret-gjendet-edhe-vula-e-fermanit-te-manastirit-te-kamenes\/","url_meta":{"origin":35094,"position":1},"title":"Arkivi i Shtetit \u00e7el dyert p\u00ebr vizitor\u00ebt, gjendet edhe Vula e Fermanit t\u00eb Manastirit t\u00eb Kamen\u00ebs.","author":"Kurt Farka","date":"June 7, 2019","format":false,"excerpt":"Arkivi i Shtetit \u00e7el dyert p\u00ebr vizitor\u00ebt, gjendet edhe Vula e Fermanit t\u00eb Manastirit t\u00eb Kamen\u00ebs. - Arkivi i Shtetit n\u00eb \u201cJav\u00ebn e arkivave hapura\u201d, por edhe n\u00eb kuad\u00ebr t\u00eb 70-vjetorit t\u00eb themelimit t\u00eb k\u00ebtij institucioni \u00e7el dyer p\u00ebr publikun. T\u00eb gjith\u00eb t\u00eb vizitor\u00ebt mund t\u00eb shohin nga af\u00ebr kodik\u00ebt\u2026","rel":"","context":"In &quot;Blogu i Udh\u00ebtarit&quot;","block_context":{"text":"Blogu i Udh\u00ebtarit","link":"https:\/\/www.shqiperia.com\/blog\/category\/blogu-i-udhetarit\/"},"img":{"alt_text":"","src":"https:\/\/i0.wp.com\/www.shqiperia.com\/blog\/wp-content\/uploads\/2019\/06\/auto_arkivi-i-shtetit-1024x5761558163354.jpg?fit=850%2C478&ssl=1&resize=350%2C200","width":350,"height":200,"srcset":"https:\/\/i0.wp.com\/www.shqiperia.com\/blog\/wp-content\/uploads\/2019\/06\/auto_arkivi-i-shtetit-1024x5761558163354.jpg?fit=850%2C478&ssl=1&resize=350%2C200 1x, https:\/\/i0.wp.com\/www.shqiperia.com\/blog\/wp-content\/uploads\/2019\/06\/auto_arkivi-i-shtetit-1024x5761558163354.jpg?fit=850%2C478&ssl=1&resize=525%2C300 1.5x, https:\/\/i0.wp.com\/www.shqiperia.com\/blog\/wp-content\/uploads\/2019\/06\/auto_arkivi-i-shtetit-1024x5761558163354.jpg?fit=850%2C478&ssl=1&resize=700%2C400 2x"},"classes":[]},{"id":51829,"url":"https:\/\/www.shqiperia.com\/blog\/portret-artisti-skender-kamberi\/","url_meta":{"origin":35094,"position":2},"title":"Portret Artisti: Sk\u00ebnder Kamberi","author":"Kurt Farka","date":"November 29, 2021","format":false,"excerpt":"Portret Artisti: Sk\u00ebnder Kamberi Nga Ylli Drishti Sk\u00ebnder Kamberi (Vlor\u00eb 02.02.1939) Piktor. Sk\u00ebnder Kamberi \u00ebsht\u00eb nj\u00eb nga piktor\u00ebt shqiptar\u00eb m\u00eb t\u00eb r\u00ebnd\u00ebsish\u00ebm t\u00eb shekullit XX. Ai ka\u00a0 lindur n\u00eb qytetin e Vlor\u00ebs n\u00eb prag t\u00eb luft\u00ebs s\u00eb dyt\u00eb bot\u00ebrore (1939). Artisti pasi kryeu n\u00eb Tiran\u00eb Liceun Artistik \u201cJordan Misja\u201d dhe\u2026","rel":"","context":"In &quot;Arte&quot;","block_context":{"text":"Arte","link":"https:\/\/www.shqiperia.com\/blog\/category\/arte\/"},"img":{"alt_text":"","src":"https:\/\/i0.wp.com\/www.shqiperia.com\/blog\/wp-content\/uploads\/2021\/11\/Skender-Kamberi.jpg?fit=1024%2C576&ssl=1&resize=350%2C200","width":350,"height":200,"srcset":"https:\/\/i0.wp.com\/www.shqiperia.com\/blog\/wp-content\/uploads\/2021\/11\/Skender-Kamberi.jpg?fit=1024%2C576&ssl=1&resize=350%2C200 1x, https:\/\/i0.wp.com\/www.shqiperia.com\/blog\/wp-content\/uploads\/2021\/11\/Skender-Kamberi.jpg?fit=1024%2C576&ssl=1&resize=525%2C300 1.5x, https:\/\/i0.wp.com\/www.shqiperia.com\/blog\/wp-content\/uploads\/2021\/11\/Skender-Kamberi.jpg?fit=1024%2C576&ssl=1&resize=700%2C400 2x"},"classes":[]},{"id":89912,"url":"https:\/\/www.shqiperia.com\/blog\/artiste-e-studiues-galeria-kombetare-e-arteve-prej-vitesh-nuk-ka-blere-vepra-fatkeqesi-per-artin\/","url_meta":{"origin":35094,"position":3},"title":"Artist\u00eb e studiues: &#8211; Galeria Komb\u00ebtare e Arteve prej vitesh nuk ka bler\u00eb vepra, fatkeq\u00ebsi p\u00ebr artin","author":"Kurt Farka","date":"February 26, 2025","format":false,"excerpt":"26 Shkurt 2025 Nga Julia Vrapi Galeria Komb\u00ebtare e Arteve n\u00eb tetor t\u00eb vitit 2021 mbylli dyert p\u00ebr vizitor\u00ebt, pasi godina po i n\u00ebnshtrohet rikonstruksionit dhe punimet parashikohen q\u00eb t\u00eb p\u00ebrfundojn\u00eb n\u00eb tetor 2025. Artist\u00eb t\u00eb ndrysh\u00ebm dhe studiues t\u00eb artit, pas inspektimit q\u00eb b\u00ebri ministri i Ekonomis\u00eb, Kultur\u00ebs dhe\u2026","rel":"","context":"In &quot;Arte&quot;","block_context":{"text":"Arte","link":"https:\/\/www.shqiperia.com\/blog\/category\/arte\/"},"img":{"alt_text":"","src":"https:\/\/i0.wp.com\/www.shqiperia.com\/blog\/wp-content\/uploads\/2025\/02\/33_National_Gallery_of_Arts_tirana_albania-1-2.jpg?fit=800%2C600&ssl=1&resize=350%2C200","width":350,"height":200,"srcset":"https:\/\/i0.wp.com\/www.shqiperia.com\/blog\/wp-content\/uploads\/2025\/02\/33_National_Gallery_of_Arts_tirana_albania-1-2.jpg?fit=800%2C600&ssl=1&resize=350%2C200 1x, https:\/\/i0.wp.com\/www.shqiperia.com\/blog\/wp-content\/uploads\/2025\/02\/33_National_Gallery_of_Arts_tirana_albania-1-2.jpg?fit=800%2C600&ssl=1&resize=525%2C300 1.5x, https:\/\/i0.wp.com\/www.shqiperia.com\/blog\/wp-content\/uploads\/2025\/02\/33_National_Gallery_of_Arts_tirana_albania-1-2.jpg?fit=800%2C600&ssl=1&resize=700%2C400 2x"},"classes":[]},{"id":47232,"url":"https:\/\/www.shqiperia.com\/blog\/artistet-pjesemarrese-ne-ekspoziten-synime-dhurojne-vepra-per-fondin-e-gka\/","url_meta":{"origin":35094,"position":4},"title":"Artistet pjes\u00ebmarr\u00ebse n\u00eb ekspozit\u00ebn \u201cSynime\u201d dhurojn\u00eb vepra p\u00ebr fondin e GKA","author":"Kurt Farka","date":"May 5, 2021","format":false,"excerpt":"Artistet pjes\u00ebmarr\u00ebse n\u00eb ekspozit\u00ebn \u201cSynime\u201d dhurojn\u00eb vepra p\u00ebr fondin e GKA 13 PRILL 2021 Artistet pjes\u00ebmarr\u00ebse n\u00eb ekspozit\u00ebn \u201cSynime\u201d, q\u00eb q\u00ebndroi e hapur n\u00eb Galerin\u00eb Komb\u00ebtare t\u00eb Arteve p\u00ebr disa jav\u00eb dhuruan vepra p\u00ebr pasurimin e fondit. Lajmin e b\u00ebn me dije vet\u00eb GKA q\u00eb shprehet se ka nisur nj\u00eb\u2026","rel":"","context":"In &quot;Arte&quot;","block_context":{"text":"Arte","link":"https:\/\/www.shqiperia.com\/blog\/category\/arte\/"},"img":{"alt_text":"","src":"https:\/\/i0.wp.com\/www.shqiperia.com\/blog\/wp-content\/uploads\/2021\/05\/800-0-607529ff3f834.jpg?fit=746%2C412&ssl=1&resize=350%2C200","width":350,"height":200,"srcset":"https:\/\/i0.wp.com\/www.shqiperia.com\/blog\/wp-content\/uploads\/2021\/05\/800-0-607529ff3f834.jpg?fit=746%2C412&ssl=1&resize=350%2C200 1x, https:\/\/i0.wp.com\/www.shqiperia.com\/blog\/wp-content\/uploads\/2021\/05\/800-0-607529ff3f834.jpg?fit=746%2C412&ssl=1&resize=525%2C300 1.5x, https:\/\/i0.wp.com\/www.shqiperia.com\/blog\/wp-content\/uploads\/2021\/05\/800-0-607529ff3f834.jpg?fit=746%2C412&ssl=1&resize=700%2C400 2x"},"classes":[]},{"id":39922,"url":"https:\/\/www.shqiperia.com\/blog\/piktori-abaz-hado-cel-ekspoziten-arti-tek-biznesi-me-20-tablo-abstrakte\/","url_meta":{"origin":35094,"position":5},"title":"Piktori Abaz Hado \u00e7el ekspozit\u00ebn \u201cArti tek biznesi\u201d me 20 tablo abstrakte","author":"Kurt Farka","date":"October 20, 2020","format":false,"excerpt":"Piktori Abaz Hado \u00e7el ekspozit\u00ebn \u201cArti tek biznesi\u201d me 20 tablo abstrakte Piktori Abaz Hado ka \u00e7elur ekspozit\u00eb personale n\u00eb ambientet e nj\u00eb biznesi privat n\u00eb Tiran\u00eb. Kuratori i ekspozit\u00ebs e Pandi Madhi, e cil\u00ebson k\u00ebt\u00eb nj\u00eb l\u00ebvizje t\u00eb re q\u00eb nuk duhet t\u00eb ndalet, por t\u00eb mb\u00ebshtetet ligj\u00ebrisht edhe\u2026","rel":"","context":"In &quot;Arte&quot;","block_context":{"text":"Arte","link":"https:\/\/www.shqiperia.com\/blog\/category\/arte\/"},"img":{"alt_text":"","src":"https:\/\/i0.wp.com\/www.shqiperia.com\/blog\/wp-content\/uploads\/2020\/10\/1603121533_Screenshot1.jpg?fit=539%2C305&ssl=1&resize=350%2C200","width":350,"height":200,"srcset":"https:\/\/i0.wp.com\/www.shqiperia.com\/blog\/wp-content\/uploads\/2020\/10\/1603121533_Screenshot1.jpg?fit=539%2C305&ssl=1&resize=350%2C200 1x, https:\/\/i0.wp.com\/www.shqiperia.com\/blog\/wp-content\/uploads\/2020\/10\/1603121533_Screenshot1.jpg?fit=539%2C305&ssl=1&resize=525%2C300 1.5x"},"classes":[]}],"_links":{"self":[{"href":"https:\/\/www.shqiperia.com\/blog\/wp-json\/wp\/v2\/posts\/35094","targetHints":{"allow":["GET"]}}],"collection":[{"href":"https:\/\/www.shqiperia.com\/blog\/wp-json\/wp\/v2\/posts"}],"about":[{"href":"https:\/\/www.shqiperia.com\/blog\/wp-json\/wp\/v2\/types\/post"}],"author":[{"embeddable":true,"href":"https:\/\/www.shqiperia.com\/blog\/wp-json\/wp\/v2\/users\/9"}],"replies":[{"embeddable":true,"href":"https:\/\/www.shqiperia.com\/blog\/wp-json\/wp\/v2\/comments?post=35094"}],"version-history":[{"count":1,"href":"https:\/\/www.shqiperia.com\/blog\/wp-json\/wp\/v2\/posts\/35094\/revisions"}],"predecessor-version":[{"id":35096,"href":"https:\/\/www.shqiperia.com\/blog\/wp-json\/wp\/v2\/posts\/35094\/revisions\/35096"}],"wp:featuredmedia":[{"embeddable":true,"href":"https:\/\/www.shqiperia.com\/blog\/wp-json\/wp\/v2\/media\/35095"}],"wp:attachment":[{"href":"https:\/\/www.shqiperia.com\/blog\/wp-json\/wp\/v2\/media?parent=35094"}],"wp:term":[{"taxonomy":"category","embeddable":true,"href":"https:\/\/www.shqiperia.com\/blog\/wp-json\/wp\/v2\/categories?post=35094"},{"taxonomy":"post_tag","embeddable":true,"href":"https:\/\/www.shqiperia.com\/blog\/wp-json\/wp\/v2\/tags?post=35094"}],"curies":[{"name":"wp","href":"https:\/\/api.w.org\/{rel}","templated":true}]}}