{"id":35091,"date":"2020-05-26T16:18:44","date_gmt":"2020-05-26T16:18:44","guid":{"rendered":"https:\/\/www.shqiperia.com\/blog\/?p=35091"},"modified":"2020-05-26T16:18:44","modified_gmt":"2020-05-26T16:18:44","slug":"covid-19-eshte-vetem-maja-e-ajsbergut-virologia-kineze-paralajmeron-ka-mundesi-per-nje-shperthim-tjeter","status":"publish","type":"post","link":"https:\/\/www.shqiperia.com\/blog\/covid-19-eshte-vetem-maja-e-ajsbergut-virologia-kineze-paralajmeron-ka-mundesi-per-nje-shperthim-tjeter\/","title":{"rendered":"\u201cCovid-19 \u00ebsht\u00eb vet\u00ebm maja e ajsbergut\u201d, virologia kineze paralajm\u00ebron: Ka mund\u00ebsi p\u00ebr nj\u00eb shp\u00ebrthim tjet\u00ebr"},"content":{"rendered":"<p><img data-recalc-dims=\"1\" loading=\"lazy\" decoding=\"async\" data-attachment-id=\"35092\" data-permalink=\"https:\/\/www.shqiperia.com\/blog\/covid-19-eshte-vetem-maja-e-ajsbergut-virologia-kineze-paralajmeron-ka-mundesi-per-nje-shperthim-tjeter\/mw-ih136_batwom_20200526023540_zq\/\" data-orig-file=\"https:\/\/i0.wp.com\/www.shqiperia.com\/blog\/wp-content\/uploads\/2020\/05\/MW-IH136_batwom_20200526023540_ZQ.jpg?fit=660%2C371&amp;ssl=1\" data-orig-size=\"660,371\" data-comments-opened=\"1\" data-image-meta=\"{&quot;aperture&quot;:&quot;0&quot;,&quot;credit&quot;:&quot;&quot;,&quot;camera&quot;:&quot;&quot;,&quot;caption&quot;:&quot;&quot;,&quot;created_timestamp&quot;:&quot;0&quot;,&quot;copyright&quot;:&quot;&quot;,&quot;focal_length&quot;:&quot;0&quot;,&quot;iso&quot;:&quot;0&quot;,&quot;shutter_speed&quot;:&quot;0&quot;,&quot;title&quot;:&quot;&quot;,&quot;orientation&quot;:&quot;0&quot;}\" data-image-title=\"MW-IH136_batwom_20200526023540_ZQ\" data-image-description=\"\" data-image-caption=\"\" data-medium-file=\"https:\/\/i0.wp.com\/www.shqiperia.com\/blog\/wp-content\/uploads\/2020\/05\/MW-IH136_batwom_20200526023540_ZQ.jpg?fit=300%2C169&amp;ssl=1\" data-large-file=\"https:\/\/i0.wp.com\/www.shqiperia.com\/blog\/wp-content\/uploads\/2020\/05\/MW-IH136_batwom_20200526023540_ZQ.jpg?fit=660%2C371&amp;ssl=1\" class=\"alignnone  wp-image-35092\" alt=\"\" src=\"https:\/\/i0.wp.com\/www.shqiperia.com\/blog\/wp-content\/uploads\/2020\/05\/MW-IH136_batwom_20200526023540_ZQ.jpg?resize=540%2C304&#038;ssl=1\" width=\"540\" height=\"304\" srcset=\"https:\/\/i0.wp.com\/www.shqiperia.com\/blog\/wp-content\/uploads\/2020\/05\/MW-IH136_batwom_20200526023540_ZQ.jpg?resize=300%2C169&amp;ssl=1 300w, https:\/\/i0.wp.com\/www.shqiperia.com\/blog\/wp-content\/uploads\/2020\/05\/MW-IH136_batwom_20200526023540_ZQ.jpg?resize=450%2C253&amp;ssl=1 450w, https:\/\/i0.wp.com\/www.shqiperia.com\/blog\/wp-content\/uploads\/2020\/05\/MW-IH136_batwom_20200526023540_ZQ.jpg?resize=600%2C337&amp;ssl=1 600w, https:\/\/i0.wp.com\/www.shqiperia.com\/blog\/wp-content\/uploads\/2020\/05\/MW-IH136_batwom_20200526023540_ZQ.jpg?resize=400%2C225&amp;ssl=1 400w, https:\/\/i0.wp.com\/www.shqiperia.com\/blog\/wp-content\/uploads\/2020\/05\/MW-IH136_batwom_20200526023540_ZQ.jpg?w=660&amp;ssl=1 660w\" sizes=\"auto, (max-width: 540px) 100vw, 540px\" \/><\/p>\n<p>\u201cCovid-19 \u00ebsht\u00eb vet\u00ebm maja e ajsbergut\u201d, virologia kineze paralajm\u00ebron: Ka mund\u00ebsi p\u00ebr nj\u00eb shp\u00ebrthim tjet\u00ebr<\/p>\n<p><em>26 maji 2020<\/em><\/p>\n<p><strong>Ekspertja virologe kineze Shi Zhengli n\u00eb nj\u00eb intervist\u00eb\u00a0<a href=\"https:\/\/timesofindia.indiatimes.com\/world\/china\/chinas-bat-woman-warns-coronavirus-is-just-tip-of-the-iceberg\/articleshow\/75990561.cms\">p\u00ebr televizionin shtet\u00ebror kinez<\/a>\u00a0thot\u00eb se Covid -19 \u00ebsht\u00eb vet\u00ebm maja e ajsbergut dhe duhet bashk\u00ebpunim nd\u00ebrkomb\u00ebtar p\u00ebr t\u00eb luftuar kund\u00ebr pandemis\u00eb.<\/strong><\/p>\n<p>Zhengli, e cila \u00ebsht\u00eb edhe zv.drejtoresha e Institutit t\u00eb Virologjis\u00eb n\u00eb Vuhan thot\u00eb se studimet q\u00eb kryhen p\u00ebr koronavirusin k\u00ebrkojn\u00eb transparenc\u00eb dhe bashk\u00ebpunim mes qeverive dhe komunitetit shkencor.<\/p>\n<p>Ajo shprehet se \u00ebsht\u00eb \u201cshum\u00eb p\u00ebr t\u00eb ardhur keq\u201d kur shkenca politizohet.<\/p>\n<p>\u201c<em>N\u00ebse duam t\u00eb parandalojm\u00eb q\u00eb qeniet njer\u00ebzore t\u00eb vuajn\u00eb nga nj\u00eb tjet\u00ebr shp\u00ebrthim s\u00ebmundjeje infektive, duhet t\u00eb jemi nj\u00eb hap para sa i takon njohjes s\u00eb viruseve t\u00eb panjohura t\u00eb bartura nga kafsh\u00ebt e egra n\u00eb natyr\u00eb dhe t\u00eb japim paralajm\u00ebrime t\u00eb hershme<\/em>\u201c, thot\u00eb ajo p\u00ebr CGTN.<\/p>\n<p>\u201c<em>N\u00ebse nuk i studiojm\u00eb ato, ka mund\u00ebsi t\u00eb ket\u00eb nj\u00eb shp\u00ebrthim tjet\u00ebr<\/em>.\u201d<\/p>\n<p>Gazeta Panorama<\/p>\n","protected":false},"excerpt":{"rendered":"<p>\u201cCovid-19 \u00ebsht\u00eb vet\u00ebm maja e ajsbergut\u201d, virologia kineze paralajm\u00ebron: Ka mund\u00ebsi p\u00ebr nj\u00eb shp\u00ebrthim tjet\u00ebr 26 maji 2020 Ekspertja virologe kineze Shi Zhengli n\u00eb nj\u00eb intervist\u00eb\u00a0p\u00ebr televizionin shtet\u00ebror kinez\u00a0thot\u00eb se Covid -19 \u00ebsht\u00eb vet\u00ebm maja e ajsbergut dhe duhet bashk\u00ebpunim nd\u00ebrkomb\u00ebtar p\u00ebr t\u00eb luftuar kund\u00ebr pandemis\u00eb. Zhengli, e cila \u00ebsht\u00eb edhe zv.drejtoresha e Institutit t\u00eb [&hellip;]<\/p>\n","protected":false},"author":9,"featured_media":35092,"comment_status":"open","ping_status":"open","sticky":false,"template":"","format":"standard","meta":{"jetpack_post_was_ever_published":false,"_jetpack_newsletter_access":"","_jetpack_dont_email_post_to_subs":false,"_jetpack_newsletter_tier_id":0,"_jetpack_memberships_contains_paywalled_content":false,"_jetpack_memberships_contains_paid_content":false,"footnotes":"","jetpack_publicize_message":"","jetpack_publicize_feature_enabled":true,"jetpack_social_post_already_shared":true,"jetpack_social_options":{"image_generator_settings":{"template":"highway","default_image_id":0,"font":"","enabled":false},"version":2}},"categories":[27,35],"tags":[],"class_list":["post-35091","post","type-post","status-publish","format-standard","has-post-thumbnail","hentry","category-blogu-i-udhetarit","category-shoqerore"],"jetpack_publicize_connections":[],"jetpack_featured_media_url":"https:\/\/i0.wp.com\/www.shqiperia.com\/blog\/wp-content\/uploads\/2020\/05\/MW-IH136_batwom_20200526023540_ZQ.jpg?fit=660%2C371&ssl=1","jetpack_sharing_enabled":true,"jetpack_shortlink":"https:\/\/wp.me\/p5Z6wp-97Z","jetpack-related-posts":[{"id":41553,"url":"https:\/\/www.shqiperia.com\/blog\/u-tha-se-covid-doli-nga-laboratori-i-saj-shkencetarja-e-shquar-kineze-te-tjere-koronavirus-mund-te-kalojne\/","url_meta":{"origin":35091,"position":0},"title":"U tha se COVID doli nga laboratori i saj, shkenc\u00ebtarja e shquar kineze: &#8211; T\u00eb tjer\u00eb koronavirus mund t\u00eb kalojn\u00eb&#8230;","author":"Kurt Farka","date":"December 4, 2020","format":false,"excerpt":"U tha se COVID doli nga laboratori i saj, shkenc\u00ebtarja e shquar kineze: - T\u00eb tjer\u00eb koronavirus mund t\u00eb kalojn\u00eb. ... 4 DHJETOR 2020 Lakuriq\u00ebt e nat\u00ebs n\u00eb rajonet kufitare t\u00eb jugut dhe jug-per\u00ebndimit t\u00eb Kin\u00ebs strehojn\u00eb koronavirus\u00eb t\u00eb tjer\u00eb q\u00eb tashm\u00eb kan\u00eb aft\u00ebsin\u00eb t\u00eb kalojn\u00eb te njer\u00ebzit, ka th\u00ebn\u00eb\u2026","rel":"","context":"In &quot;Blogu i Udh\u00ebtarit&quot;","block_context":{"text":"Blogu i Udh\u00ebtarit","link":"https:\/\/www.shqiperia.com\/blog\/category\/blogu-i-udhetarit\/"},"img":{"alt_text":"","src":"https:\/\/i0.wp.com\/www.shqiperia.com\/blog\/wp-content\/uploads\/2020\/12\/640-0-5fca57b3618d0.jpg?fit=573%2C317&ssl=1&resize=350%2C200","width":350,"height":200,"srcset":"https:\/\/i0.wp.com\/www.shqiperia.com\/blog\/wp-content\/uploads\/2020\/12\/640-0-5fca57b3618d0.jpg?fit=573%2C317&ssl=1&resize=350%2C200 1x, https:\/\/i0.wp.com\/www.shqiperia.com\/blog\/wp-content\/uploads\/2020\/12\/640-0-5fca57b3618d0.jpg?fit=573%2C317&ssl=1&resize=525%2C300 1.5x"},"classes":[]},{"id":44917,"url":"https:\/\/www.shqiperia.com\/blog\/jane-vetem-maja-e-ajsbergut-interpol-nxjerr-detajet-tronditese-ja-cfare-kemi-zbuluar-ne-disa-vaksina-anti-covid\/","url_meta":{"origin":35091,"position":1},"title":"\u201cJan\u00eb vet\u00ebm maja e ajsbergut\u201d, INTERPOL nxjerr detajet trondit\u00ebse: &#8211; Ja \u00e7far\u00eb kemi zbuluar n\u00eb disa vaksina anti-Covid","author":"Kurt Farka","date":"March 4, 2021","format":false,"excerpt":"\u201cJan\u00eb vet\u00ebm maja e ajsbergut\u201d, INTERPOL nxjerr detajet trondit\u00ebse: - Ja \u00e7far\u00eb kemi zbuluar n\u00eb disa vaksina anti-Covid 4 MARS 2021 Policia n\u00eb Kin\u00eb dhe Afrik\u00ebn e Jugut ka kapur mij\u00ebra doza false t\u00eb vaksin\u00ebs Covid-19, tha t\u00eb m\u00ebrkur\u00ebn organizata globale e policis\u00eb Interpol, duke paralajm\u00ebruar se kjo p\u00ebrfaq\u00ebsonte vet\u00ebm\u2026","rel":"","context":"In &quot;Blogu i Udh\u00ebtarit&quot;","block_context":{"text":"Blogu i Udh\u00ebtarit","link":"https:\/\/www.shqiperia.com\/blog\/category\/blogu-i-udhetarit\/"},"img":{"alt_text":"","src":"https:\/\/i0.wp.com\/www.shqiperia.com\/blog\/wp-content\/uploads\/2021\/03\/800-0-aa830dc8d3a715abca0822a8bf67607e.jpg?fit=457%2C243&ssl=1&resize=350%2C200","width":350,"height":200},"classes":[]},{"id":36090,"url":"https:\/\/www.shqiperia.com\/blog\/gruaja-qe-zbuloi-koronavirusin-tregon-nese-virusi-lindi-ne-laborator-ka-nje-paralajmerim-te-rendesishem-per-boten\/","url_meta":{"origin":35091,"position":2},"title":"Gruaja q\u00eb zbuloi koronavirusin, tregon n\u00ebse virusi \u201clindi\u201d n\u00eb laborator, ka nj\u00eb paralajm\u00ebrim t\u00eb r\u00ebnd\u00ebsish\u00ebm p\u00ebr bot\u00ebn","author":"Kurt Farka","date":"July 8, 2020","format":false,"excerpt":"Gruaja q\u00eb zbuloi koronavirusin, tregon n\u00ebse virusi \u201clindi\u201d n\u00eb laborator, ka nj\u00eb paralajm\u00ebrim t\u00eb r\u00ebnd\u00ebsish\u00ebm p\u00ebr bot\u00ebn Nga: Gazeta Shqiptare Gjasht\u00eb muaj m\u00eb par\u00eb, Shi Zhengli kishte pranuar telefonat\u00ebn t\u00eb cil\u00ebs i \u00ebsht\u00eb frik\u00ebsuar t\u00ebr\u00eb jet\u00ebn. Nj\u00eb nga virologet m\u00eb t\u00eb shquara nga Wuhani, ishte jasht\u00eb qytetit kur e kishin\u2026","rel":"","context":"In &quot;Blogu i Udh\u00ebtarit&quot;","block_context":{"text":"Blogu i Udh\u00ebtarit","link":"https:\/\/www.shqiperia.com\/blog\/category\/blogu-i-udhetarit\/"},"img":{"alt_text":"","src":"https:\/\/i0.wp.com\/www.shqiperia.com\/blog\/wp-content\/uploads\/2020\/07\/1-23-780x439-1-770x433-1.jpg?fit=770%2C433&ssl=1&resize=350%2C200","width":350,"height":200,"srcset":"https:\/\/i0.wp.com\/www.shqiperia.com\/blog\/wp-content\/uploads\/2020\/07\/1-23-780x439-1-770x433-1.jpg?fit=770%2C433&ssl=1&resize=350%2C200 1x, https:\/\/i0.wp.com\/www.shqiperia.com\/blog\/wp-content\/uploads\/2020\/07\/1-23-780x439-1-770x433-1.jpg?fit=770%2C433&ssl=1&resize=525%2C300 1.5x, https:\/\/i0.wp.com\/www.shqiperia.com\/blog\/wp-content\/uploads\/2020\/07\/1-23-780x439-1-770x433-1.jpg?fit=770%2C433&ssl=1&resize=700%2C400 2x"},"classes":[]},{"id":48886,"url":"https:\/\/www.shqiperia.com\/blog\/virologia-e-laboratorit-ne-wuhan-ben-deklaraten-tronditese-variante-600-here-me-vdekjeprurese-se-covid-19-do-te-shfaqen-ne-te-ardhmen-qe-do-te-sjellin-fundin-e-botes\/","url_meta":{"origin":35091,"position":3},"title":"Virologia e laboratorit n\u00eb Wuhan b\u00ebn deklarat\u00ebn trondit\u00ebse: &#8211; Variante 600 her\u00eb m\u00eb vdekjeprur\u00ebse se Covid-19 do t\u00eb shfaqen n\u00eb t\u00eb ardhmen q\u00eb do t\u00eb sjellin fundin e bot\u00ebs.","author":"Kurt Farka","date":"August 6, 2021","format":false,"excerpt":"Virologia e laboratorit n\u00eb Wuhan b\u00ebn deklarat\u00ebn trondit\u00ebse: - Variante 600 her\u00eb m\u00eb vdekjeprur\u00ebse se Covid-19 do t\u00eb shfaqen n\u00eb t\u00eb ardhmen q\u00eb do t\u00eb sjellin fundin e bot\u00ebs. NGA SOT.COM.AL 6 GUSHT 2021 Virologia e Kin\u00ebs Shi Zhengli ka paralajm\u00ebruar se variantet e tjera vdekjeprur\u00ebse t\u00eb Covid do t\u00eb\u2026","rel":"","context":"In &quot;Blogu i Udh\u00ebtarit&quot;","block_context":{"text":"Blogu i Udh\u00ebtarit","link":"https:\/\/www.shqiperia.com\/blog\/category\/blogu-i-udhetarit\/"},"img":{"alt_text":"","src":"https:\/\/i0.wp.com\/www.shqiperia.com\/blog\/wp-content\/uploads\/2021\/08\/800-0-e63c42691dd9b5084ca95a1adb008730.jpg?fit=800%2C450&ssl=1&resize=350%2C200","width":350,"height":200,"srcset":"https:\/\/i0.wp.com\/www.shqiperia.com\/blog\/wp-content\/uploads\/2021\/08\/800-0-e63c42691dd9b5084ca95a1adb008730.jpg?fit=800%2C450&ssl=1&resize=350%2C200 1x, https:\/\/i0.wp.com\/www.shqiperia.com\/blog\/wp-content\/uploads\/2021\/08\/800-0-e63c42691dd9b5084ca95a1adb008730.jpg?fit=800%2C450&ssl=1&resize=525%2C300 1.5x, https:\/\/i0.wp.com\/www.shqiperia.com\/blog\/wp-content\/uploads\/2021\/08\/800-0-e63c42691dd9b5084ca95a1adb008730.jpg?fit=800%2C450&ssl=1&resize=700%2C400 2x"},"classes":[]},{"id":42292,"url":"https:\/\/www.shqiperia.com\/blog\/studimi-i-obsh-i-jep-fund-polemikave-covid19-kaloi-nga-lakuriqet-e-nates-tek-njeriu-ska-me-hetime-per-daljen-nga-laboratori\/","url_meta":{"origin":35091,"position":4},"title":"Studimi i OBSH i jep fund polemikave: COVID19 kaloi nga lakuriq\u00ebt e nat\u00ebs tek njeriu, s\u2019ka m\u00eb hetime p\u00ebr daljen nga laboratori","author":"Kurt Farka","date":"December 25, 2020","format":false,"excerpt":"Studimi i OBSH i jep fund polemikave: COVID19 kaloi nga lakuriq\u00ebt e nat\u00ebs tek njeriu, s\u2019ka m\u00eb hetime p\u00ebr daljen nga laboratori Shum\u00eb shkenc\u00ebtar\u00eb besojn\u00eb se skenari m\u00eb i mundsh\u00ebm \u00ebsht\u00eb q\u00eb Sars-Cov-2, virusi q\u00eb shkakton Covid-19, u p\u00ebrhap natyrsh\u00ebm nga lakuriq\u00ebt e nat\u00ebs tek njer\u00ebzit, ndoshta p\u00ebrmes nj\u00eb specie\u2026","rel":"","context":"In &quot;Blogu i Udh\u00ebtarit&quot;","block_context":{"text":"Blogu i Udh\u00ebtarit","link":"https:\/\/www.shqiperia.com\/blog\/category\/blogu-i-udhetarit\/"},"img":{"alt_text":"","src":"https:\/\/i0.wp.com\/www.shqiperia.com\/blog\/wp-content\/uploads\/2020\/12\/d1e3a-998086_700078296685847_791235820_n.jpg?fit=629%2C367&ssl=1&resize=350%2C200","width":350,"height":200,"srcset":"https:\/\/i0.wp.com\/www.shqiperia.com\/blog\/wp-content\/uploads\/2020\/12\/d1e3a-998086_700078296685847_791235820_n.jpg?fit=629%2C367&ssl=1&resize=350%2C200 1x, https:\/\/i0.wp.com\/www.shqiperia.com\/blog\/wp-content\/uploads\/2020\/12\/d1e3a-998086_700078296685847_791235820_n.jpg?fit=629%2C367&ssl=1&resize=525%2C300 1.5x"},"classes":[]},{"id":43339,"url":"https:\/\/www.shqiperia.com\/blog\/kjo-eshte-vetem-maja-a-ajsbergut-artan-hoxha-ja-ku-i-pastrojne-parate-balla-e-di\/","url_meta":{"origin":35091,"position":5},"title":"\u201cKjo \u00ebsht\u00eb vet\u00ebm maja a ajsbergut\u201d. Artan Hoxha: &#8211; Ja ku i pastrojn\u00eb parat\u00eb! Balla e di &#8230;","author":"Kurt Farka","date":"January 25, 2021","format":false,"excerpt":"\u201cKjo \u00ebsht\u00eb vet\u00ebm maja a ajsbergut\u201d. Artan Hoxha: - Ja ku i pastrojn\u00eb parat\u00eb! Balla e di ... 25 JANAR 2021 Gazetari Artan Hoxha ka reaguar n\u00eb lidhje me p\u00ebrgjimet e antimafias italiane ku jan\u00eb t\u00eb implikuar edhe politikan\u00eb shqiptar\u00eb. \u201cNe mediat po e monitorojm\u00eb, nd\u00ebrkomb\u00ebtar\u00ebt po monitorojn\u00eb, situata, buxheti,\u2026","rel":"","context":"In &quot;Blogu i Udh\u00ebtarit&quot;","block_context":{"text":"Blogu i Udh\u00ebtarit","link":"https:\/\/www.shqiperia.com\/blog\/category\/blogu-i-udhetarit\/"},"img":{"alt_text":"","src":"https:\/\/i0.wp.com\/www.shqiperia.com\/blog\/wp-content\/uploads\/2021\/01\/800-0-600eae3771126.png?fit=800%2C423&ssl=1&resize=350%2C200","width":350,"height":200,"srcset":"https:\/\/i0.wp.com\/www.shqiperia.com\/blog\/wp-content\/uploads\/2021\/01\/800-0-600eae3771126.png?fit=800%2C423&ssl=1&resize=350%2C200 1x, https:\/\/i0.wp.com\/www.shqiperia.com\/blog\/wp-content\/uploads\/2021\/01\/800-0-600eae3771126.png?fit=800%2C423&ssl=1&resize=525%2C300 1.5x, https:\/\/i0.wp.com\/www.shqiperia.com\/blog\/wp-content\/uploads\/2021\/01\/800-0-600eae3771126.png?fit=800%2C423&ssl=1&resize=700%2C400 2x"},"classes":[]}],"_links":{"self":[{"href":"https:\/\/www.shqiperia.com\/blog\/wp-json\/wp\/v2\/posts\/35091","targetHints":{"allow":["GET"]}}],"collection":[{"href":"https:\/\/www.shqiperia.com\/blog\/wp-json\/wp\/v2\/posts"}],"about":[{"href":"https:\/\/www.shqiperia.com\/blog\/wp-json\/wp\/v2\/types\/post"}],"author":[{"embeddable":true,"href":"https:\/\/www.shqiperia.com\/blog\/wp-json\/wp\/v2\/users\/9"}],"replies":[{"embeddable":true,"href":"https:\/\/www.shqiperia.com\/blog\/wp-json\/wp\/v2\/comments?post=35091"}],"version-history":[{"count":1,"href":"https:\/\/www.shqiperia.com\/blog\/wp-json\/wp\/v2\/posts\/35091\/revisions"}],"predecessor-version":[{"id":35093,"href":"https:\/\/www.shqiperia.com\/blog\/wp-json\/wp\/v2\/posts\/35091\/revisions\/35093"}],"wp:featuredmedia":[{"embeddable":true,"href":"https:\/\/www.shqiperia.com\/blog\/wp-json\/wp\/v2\/media\/35092"}],"wp:attachment":[{"href":"https:\/\/www.shqiperia.com\/blog\/wp-json\/wp\/v2\/media?parent=35091"}],"wp:term":[{"taxonomy":"category","embeddable":true,"href":"https:\/\/www.shqiperia.com\/blog\/wp-json\/wp\/v2\/categories?post=35091"},{"taxonomy":"post_tag","embeddable":true,"href":"https:\/\/www.shqiperia.com\/blog\/wp-json\/wp\/v2\/tags?post=35091"}],"curies":[{"name":"wp","href":"https:\/\/api.w.org\/{rel}","templated":true}]}}