{"id":35088,"date":"2020-05-26T08:34:59","date_gmt":"2020-05-26T08:34:59","guid":{"rendered":"https:\/\/www.shqiperia.com\/blog\/?p=35088"},"modified":"2020-05-26T08:34:59","modified_gmt":"2020-05-26T08:34:59","slug":"meta-rama-perfaqesues-i-lobit-serb-ne-shba-i-intereson-destabilizimi-i-vendit-kam-prova-do-flas-kur-te-vije-koha","status":"publish","type":"post","link":"https:\/\/www.shqiperia.com\/blog\/meta-rama-perfaqesues-i-lobit-serb-ne-shba-i-intereson-destabilizimi-i-vendit-kam-prova-do-flas-kur-te-vije-koha\/","title":{"rendered":"Meta: &#8211; Rama p\u00ebrfaq\u00ebsues i lobit serb n\u00eb SHBA, i intereson destabilizimi i vendit! Kam prova, do flas kur t\u00eb vij\u00eb koha"},"content":{"rendered":"<p><img data-recalc-dims=\"1\" loading=\"lazy\" decoding=\"async\" data-attachment-id=\"35089\" data-permalink=\"https:\/\/www.shqiperia.com\/blog\/meta-rama-perfaqesues-i-lobit-serb-ne-shba-i-intereson-destabilizimi-i-vendit-kam-prova-do-flas-kur-te-vije-koha\/4-28-905x450\/\" data-orig-file=\"https:\/\/i0.wp.com\/www.shqiperia.com\/blog\/wp-content\/uploads\/2020\/05\/4-28-905x450-1.jpg?fit=905%2C450&amp;ssl=1\" data-orig-size=\"905,450\" data-comments-opened=\"1\" data-image-meta=\"{&quot;aperture&quot;:&quot;0&quot;,&quot;credit&quot;:&quot;&quot;,&quot;camera&quot;:&quot;&quot;,&quot;caption&quot;:&quot;&quot;,&quot;created_timestamp&quot;:&quot;0&quot;,&quot;copyright&quot;:&quot;&quot;,&quot;focal_length&quot;:&quot;0&quot;,&quot;iso&quot;:&quot;0&quot;,&quot;shutter_speed&quot;:&quot;0&quot;,&quot;title&quot;:&quot;&quot;,&quot;orientation&quot;:&quot;0&quot;}\" data-image-title=\"4-28-905&#215;450\" data-image-description=\"\" data-image-caption=\"\" data-medium-file=\"https:\/\/i0.wp.com\/www.shqiperia.com\/blog\/wp-content\/uploads\/2020\/05\/4-28-905x450-1.jpg?fit=300%2C149&amp;ssl=1\" data-large-file=\"https:\/\/i0.wp.com\/www.shqiperia.com\/blog\/wp-content\/uploads\/2020\/05\/4-28-905x450-1.jpg?fit=905%2C450&amp;ssl=1\" class=\"alignnone  wp-image-35089\" alt=\"\" src=\"https:\/\/i0.wp.com\/www.shqiperia.com\/blog\/wp-content\/uploads\/2020\/05\/4-28-905x450-1.jpg?resize=534%2C265&#038;ssl=1\" width=\"534\" height=\"265\" srcset=\"https:\/\/i0.wp.com\/www.shqiperia.com\/blog\/wp-content\/uploads\/2020\/05\/4-28-905x450-1.jpg?resize=300%2C149&amp;ssl=1 300w, https:\/\/i0.wp.com\/www.shqiperia.com\/blog\/wp-content\/uploads\/2020\/05\/4-28-905x450-1.jpg?resize=768%2C382&amp;ssl=1 768w, https:\/\/i0.wp.com\/www.shqiperia.com\/blog\/wp-content\/uploads\/2020\/05\/4-28-905x450-1.jpg?resize=450%2C224&amp;ssl=1 450w, https:\/\/i0.wp.com\/www.shqiperia.com\/blog\/wp-content\/uploads\/2020\/05\/4-28-905x450-1.jpg?resize=600%2C298&amp;ssl=1 600w, https:\/\/i0.wp.com\/www.shqiperia.com\/blog\/wp-content\/uploads\/2020\/05\/4-28-905x450-1.jpg?resize=400%2C199&amp;ssl=1 400w, https:\/\/i0.wp.com\/www.shqiperia.com\/blog\/wp-content\/uploads\/2020\/05\/4-28-905x450-1.jpg?w=905&amp;ssl=1 905w\" sizes=\"auto, (max-width: 534px) 100vw, 534px\" \/><\/p>\n<p><strong>Meta: &#8211; Rama p\u00ebrfaq\u00ebsues i lobit serb n\u00eb SHBA, i intereson destabilizimi i vendit! Kam prova, do flas kur t\u00eb vij\u00eb koha<\/strong><\/p>\n<p>25 maji 2020<\/p>\n<p>Presidenti Ilir Meta ka akuzuar kryeministrin Edi Rama se ai \u00ebsht\u00eb p\u00ebrfaq\u00ebsues i lobit serb n\u00eb Uashington, p\u00ebr k\u00ebt\u00eb arsye t\u00eb gjitha vendimet q\u00eb merr, p\u00ebrfshir\u00eb k\u00ebtu edhe shembjen e Teatrit, se k\u00ebrkon destabilizimin e vendit.<\/p>\n<p>\u201c<em>Rama p\u00ebrfaq\u00ebsues i lobit serb n\u00eb SHBA.<\/em><\/p>\n<p><em>E them me bindje do e provoj\u00eb koha. Lobi serb dhe ai pro rus n\u00eb Uashington i intereson p\u00ebrplasja civile dhe destabilizimi n\u00eb Shqip\u00ebri.<\/em><\/p>\n<p><em>Kam shume prova dhe dokumente q\u00eb do i bej publike n\u00eb koh\u00ebn e duhur. SMS q\u00eb u b\u00eb publike sot do duket pa vlere n\u00eb raport me to.<\/em><\/p>\n<p><em>Do flas n\u00eb t\u00eb ardhmen dhe n\u00eb koh\u00ebn e duhur<\/em>\u201c, tha Meta.<\/p>\n<p><strong>Gazeta Dita<\/strong><\/p>\n","protected":false},"excerpt":{"rendered":"<p>Meta: &#8211; Rama p\u00ebrfaq\u00ebsues i lobit serb n\u00eb SHBA, i intereson destabilizimi i vendit! Kam prova, do flas kur t\u00eb vij\u00eb koha 25 maji 2020 Presidenti Ilir Meta ka akuzuar kryeministrin Edi Rama se ai \u00ebsht\u00eb p\u00ebrfaq\u00ebsues i lobit serb n\u00eb Uashington, p\u00ebr k\u00ebt\u00eb arsye t\u00eb gjitha vendimet q\u00eb merr, p\u00ebrfshir\u00eb k\u00ebtu edhe shembjen e [&hellip;]<\/p>\n","protected":false},"author":9,"featured_media":35089,"comment_status":"open","ping_status":"open","sticky":false,"template":"","format":"standard","meta":{"jetpack_post_was_ever_published":false,"_jetpack_newsletter_access":"","_jetpack_dont_email_post_to_subs":false,"_jetpack_newsletter_tier_id":0,"_jetpack_memberships_contains_paywalled_content":false,"_jetpack_memberships_contains_paid_content":false,"footnotes":"","jetpack_publicize_message":"","jetpack_publicize_feature_enabled":true,"jetpack_social_post_already_shared":true,"jetpack_social_options":{"image_generator_settings":{"template":"highway","default_image_id":0,"font":"","enabled":false},"version":2}},"categories":[27,10,2],"tags":[],"class_list":["post-35088","post","type-post","status-publish","format-standard","has-post-thumbnail","hentry","category-blogu-i-udhetarit","category-kultura","category-politika"],"jetpack_publicize_connections":[],"jetpack_featured_media_url":"https:\/\/i0.wp.com\/www.shqiperia.com\/blog\/wp-content\/uploads\/2020\/05\/4-28-905x450-1.jpg?fit=905%2C450&ssl=1","jetpack_sharing_enabled":true,"jetpack_shortlink":"https:\/\/wp.me\/p5Z6wp-97W","jetpack-related-posts":[{"id":35078,"url":"https:\/\/www.shqiperia.com\/blog\/lobi-pro-serb-ne-uashington-i-interesuar-per-perplasje-ne-shqiperi-presidenti-meta-ben-deklaraten-e-forte-rama-ka-marre-persiper-te\/","url_meta":{"origin":35088,"position":0},"title":"\u201cLobi pro serb n\u00eb Uashington i interesuar p\u00ebr p\u00ebrplasje n\u00eb Shqip\u00ebri\u201d- Presidenti Meta b\u00ebn deklarat\u00ebn e fort\u00eb: &#8211; Rama ka marr\u00eb p\u00ebrsip\u00ebr t\u00eb\u2026","author":"Kurt Farka","date":"May 26, 2020","format":false,"excerpt":"25 maji 2020 Presidenti Ilir Meta thekson se shembja me urgjenc\u00eb e Teatrit Komb\u00ebtar pa pritur nj\u00eb vendim t\u00eb Gjykat\u00ebs Kushtetuese dhe pa pritur p\u00ebrfundimin e pandemis\u00eb, thot\u00eb se synonte t\u00eb krijonte destabilitet. Sipas tij, kjo \u00ebsht\u00eb b\u00ebr\u00eb p\u00ebr llogari t\u00eb lobit pro serb n\u00eb Uashington q\u00eb sipas kreut t\u00eb\u2026","rel":"","context":"In &quot;Blogu i Udh\u00ebtarit&quot;","block_context":{"text":"Blogu i Udh\u00ebtarit","link":"https:\/\/www.shqiperia.com\/blog\/category\/blogu-i-udhetarit\/"},"img":{"alt_text":"","src":"https:\/\/i0.wp.com\/www.shqiperia.com\/blog\/wp-content\/uploads\/2020\/05\/meta-rama.jpg?fit=1200%2C596&ssl=1&resize=350%2C200","width":350,"height":200,"srcset":"https:\/\/i0.wp.com\/www.shqiperia.com\/blog\/wp-content\/uploads\/2020\/05\/meta-rama.jpg?fit=1200%2C596&ssl=1&resize=350%2C200 1x, https:\/\/i0.wp.com\/www.shqiperia.com\/blog\/wp-content\/uploads\/2020\/05\/meta-rama.jpg?fit=1200%2C596&ssl=1&resize=525%2C300 1.5x, https:\/\/i0.wp.com\/www.shqiperia.com\/blog\/wp-content\/uploads\/2020\/05\/meta-rama.jpg?fit=1200%2C596&ssl=1&resize=700%2C400 2x, https:\/\/i0.wp.com\/www.shqiperia.com\/blog\/wp-content\/uploads\/2020\/05\/meta-rama.jpg?fit=1200%2C596&ssl=1&resize=1050%2C600 3x"},"classes":[]},{"id":35081,"url":"https:\/\/www.shqiperia.com\/blog\/presidenti-ilir-meta-thekson-se-shembja-me-urgjence-e-teatrit-kombetar-synonte-te-krijonte-destabilitet-kjo-eshte-bere-per-llogari-te-lobit-pro-serb-ne-uashington\/","url_meta":{"origin":35088,"position":1},"title":"Presidenti Ilir Meta thekson se shembja me urgjenc\u00eb e Teatrit Komb\u00ebtar\u00a0synonte t\u00eb krijonte destabilitet&#8230; Kjo \u00ebsht\u00eb b\u00ebr\u00eb p\u00ebr llogari t\u00eb lobit pro serb n\u00eb Uashington.","author":"Kurt Farka","date":"May 26, 2020","format":false,"excerpt":"Presidenti Ilir Meta thekson se shembja me urgjenc\u00eb e Teatrit Komb\u00ebtar pa pritur nj\u00eb vendim t\u00eb Gjykat\u00ebs Kushtetuese dhe pa pritur p\u00ebrfundimin e pandemis\u00eb, thot\u00eb se synonte t\u00eb krijonte destabilitet. Sipas tij, kjo \u00ebsht\u00eb b\u00ebr\u00eb p\u00ebr llogari t\u00eb lobit pro serb n\u00eb Uashington, q\u00eb sipas kreut t\u00eb shtetit, \u00ebsht\u00eb fuqizuar\u2026","rel":"","context":"In &quot;Blogu i Udh\u00ebtarit&quot;","block_context":{"text":"Blogu i Udh\u00ebtarit","link":"https:\/\/www.shqiperia.com\/blog\/category\/blogu-i-udhetarit\/"},"img":{"alt_text":"","src":"https:\/\/i0.wp.com\/www.shqiperia.com\/blog\/wp-content\/uploads\/2020\/05\/Edi-Rama.jpg?fit=480%2C262&ssl=1&resize=350%2C200","width":350,"height":200},"classes":[]},{"id":35085,"url":"https:\/\/www.shqiperia.com\/blog\/kryeministrin-e-kemi-artist-qe-rreh-artistet-presidenti-meta-shembja-e-teatrit-10-mije-here-e-paligjshme-ngado-ta-kapesh\/","url_meta":{"origin":35088,"position":2},"title":"\u201cKryeministrin e kemi artist q\u00eb rreh artist\u00ebt\u201d- Presidenti Meta: Shembja e Teatrit 10 mij\u00eb her\u00eb e paligjshme ngado ta kap\u00ebsh","author":"Kurt Farka","date":"May 26, 2020","format":false,"excerpt":"\u201cKryeministrin e kemi artist q\u00eb rreh artist\u00ebt\u201d- Presidenti Meta: Shembja e Teatrit 10 mij\u00eb her\u00eb e paligjshme ngado ta kap\u00ebsh 25 maji 2020 Presidenti Ilir Meta thot\u00eb se shembja e Teatrit Komb\u00ebtar \u00ebsht\u00eb e paligjshm ngado q\u00eb ta kap\u00ebsh. I ftuar n\u00eb \u201cOpinion\u201d, kreu i shtetit e konsideron kryeministrin nj\u00eb\u2026","rel":"","context":"In &quot;Blogu i Udh\u00ebtarit&quot;","block_context":{"text":"Blogu i Udh\u00ebtarit","link":"https:\/\/www.shqiperia.com\/blog\/category\/blogu-i-udhetarit\/"},"img":{"alt_text":"","src":"https:\/\/i0.wp.com\/www.shqiperia.com\/blog\/wp-content\/uploads\/2020\/05\/meta-teatri.jpg?fit=600%2C306&ssl=1&resize=350%2C200","width":350,"height":200,"srcset":"https:\/\/i0.wp.com\/www.shqiperia.com\/blog\/wp-content\/uploads\/2020\/05\/meta-teatri.jpg?fit=600%2C306&ssl=1&resize=350%2C200 1x, https:\/\/i0.wp.com\/www.shqiperia.com\/blog\/wp-content\/uploads\/2020\/05\/meta-teatri.jpg?fit=600%2C306&ssl=1&resize=525%2C300 1.5x"},"classes":[]},{"id":41674,"url":"https:\/\/www.shqiperia.com\/blog\/rama-ne-shba-per-vaksinen-apo-lobim-per-pushtetin-ne-foto-edi-rames-me-alexandros-karloutsos-perfaqesues-i-kishes-greke-ne-shba\/","url_meta":{"origin":35088,"position":3},"title":"Rama n\u00eb SHBA p\u00ebr vaksin\u00ebn apo lobim p\u00ebr pushtetin? &#8211; Ne foto Edi Ram\u00ebs me Alexandros Karloutsos, p\u00ebrfaq\u00ebsues i kish\u00ebs greke n\u00eb SHBA.","author":"Kurt Farka","date":"December 8, 2020","format":false,"excerpt":"Rama n\u00eb SHBA p\u00ebr vaksin\u00ebn apo lobim p\u00ebr pushtetin? 08\/12\/2020 Kryeministri Edi Rama \u00ebsht\u00eb nisur dit\u00ebn e shtun\u00eb p\u00ebr n\u00eb SHBA. N\u00eb nj\u00eb njoftim n\u00eb rrjetet sociale, Rama deklaroi se vizita lidhej me marrjen e vaksin\u00ebs kund\u00ebr koronavirusit. P\u00ebr gati 4 dit\u00ebt e q\u00ebndrimit n\u00eb SHBA nuk ka asnj\u00eb njoftim\u2026","rel":"","context":"In &quot;Blogu i Udh\u00ebtarit&quot;","block_context":{"text":"Blogu i Udh\u00ebtarit","link":"https:\/\/www.shqiperia.com\/blog\/category\/blogu-i-udhetarit\/"},"img":{"alt_text":"","src":"https:\/\/i0.wp.com\/www.shqiperia.com\/blog\/wp-content\/uploads\/2020\/12\/Edi-Rames-me-Alexandros-Karloutsos-perfaqesues-i-kishes-greke-ne-SHBA..jpeg?fit=768%2C475&ssl=1&resize=350%2C200","width":350,"height":200,"srcset":"https:\/\/i0.wp.com\/www.shqiperia.com\/blog\/wp-content\/uploads\/2020\/12\/Edi-Rames-me-Alexandros-Karloutsos-perfaqesues-i-kishes-greke-ne-SHBA..jpeg?fit=768%2C475&ssl=1&resize=350%2C200 1x, https:\/\/i0.wp.com\/www.shqiperia.com\/blog\/wp-content\/uploads\/2020\/12\/Edi-Rames-me-Alexandros-Karloutsos-perfaqesues-i-kishes-greke-ne-SHBA..jpeg?fit=768%2C475&ssl=1&resize=525%2C300 1.5x, https:\/\/i0.wp.com\/www.shqiperia.com\/blog\/wp-content\/uploads\/2020\/12\/Edi-Rames-me-Alexandros-Karloutsos-perfaqesues-i-kishes-greke-ne-SHBA..jpeg?fit=768%2C475&ssl=1&resize=700%2C400 2x"},"classes":[]},{"id":23474,"url":"https:\/\/www.shqiperia.com\/blog\/presidenti-meta-ne-shqiperi-ka-vec-nje-konflikt-madhor-ai-i-kryeministrit-me\/","url_meta":{"origin":35088,"position":4},"title":"Presidenti Meta: &#8211; N\u00eb Shqip\u00ebri ka ve\u00e7 nj\u00eb konflikt madhor, ai i kryeministrit me\u2026","author":"Kurt Farka","date":"July 23, 2019","format":false,"excerpt":"Presidenti Meta: - N\u00eb Shqip\u00ebri ka ve\u00e7 nj\u00eb konflikt madhor, ai i kryeministrit me\u2026 23 korrik \u00a02019 \u2026 \u00a0pjese nga intervista \u2026 Presidenti Meta: \u00cbsht\u00eb konflikti i Kryeministrit Edi Rama me pluralizmin politik, me demokracin\u00eb dhe me shtetin e s\u00eb drejt\u00ebs, q\u00eb bazohet n\u00eb ndarjen e pushteteve dhe n\u00eb respektimin\u2026","rel":"","context":"In &quot;Blogu i Udh\u00ebtarit&quot;","block_context":{"text":"Blogu i Udh\u00ebtarit","link":"https:\/\/www.shqiperia.com\/blog\/category\/blogu-i-udhetarit\/"},"img":{"alt_text":"","src":"https:\/\/i0.wp.com\/www.shqiperia.com\/blog\/wp-content\/uploads\/2019\/07\/IMG-20190723-WA0005-2-905x450.jpg?fit=905%2C450&ssl=1&resize=350%2C200","width":350,"height":200,"srcset":"https:\/\/i0.wp.com\/www.shqiperia.com\/blog\/wp-content\/uploads\/2019\/07\/IMG-20190723-WA0005-2-905x450.jpg?fit=905%2C450&ssl=1&resize=350%2C200 1x, https:\/\/i0.wp.com\/www.shqiperia.com\/blog\/wp-content\/uploads\/2019\/07\/IMG-20190723-WA0005-2-905x450.jpg?fit=905%2C450&ssl=1&resize=525%2C300 1.5x, https:\/\/i0.wp.com\/www.shqiperia.com\/blog\/wp-content\/uploads\/2019\/07\/IMG-20190723-WA0005-2-905x450.jpg?fit=905%2C450&ssl=1&resize=700%2C400 2x"},"classes":[]},{"id":61259,"url":"https:\/\/www.shqiperia.com\/blog\/ceshtja-e-detit-me-greqine-meta-kam-kaq-shume-prova-e-fakte-rama-nje-aventurier-i-marre-peng-ia-kam-bere-te-qarte\/","url_meta":{"origin":35088,"position":5},"title":"\u00c7\u00ebshtja e detit me Greqin\u00eb\/ Meta: &#8211; Kam kaq shum\u00eb prova e fakte,.- Rama nj\u00eb aventurier i marr\u00eb peng! Ia kam b\u00ebr\u00eb t\u00eb qart\u00eb\u2026","author":"Kurt Farka","date":"August 17, 2022","format":false,"excerpt":"17 Gusht 2022 Kryetari i Partis\u00eb s\u00eb Liris\u00eb, Ilir Meta tha se ka shum\u00eb fakte dhe prova q\u00eb kryeministri Edi Rama ka b\u00ebr\u00eb pazar me \u00e7\u00ebshtjen e detit mes Shqip\u00ebris\u00eb dhe Greqis\u00eb. N\u00eb nj\u00eb konferenc\u00eb p\u00ebr mediat, Meta tha se \u00e7\u00ebshtja e detit nuk duhet ta shfokusoj\u00eb aksionin opozitar nga\u2026","rel":"","context":"In &quot;Blogu i Udh\u00ebtarit&quot;","block_context":{"text":"Blogu i Udh\u00ebtarit","link":"https:\/\/www.shqiperia.com\/blog\/category\/blogu-i-udhetarit\/"},"img":{"alt_text":"","src":"https:\/\/i0.wp.com\/www.shqiperia.com\/blog\/wp-content\/uploads\/2022\/08\/safe_image-3.jpg?fit=500%2C261&ssl=1&resize=350%2C200","width":350,"height":200},"classes":[]}],"_links":{"self":[{"href":"https:\/\/www.shqiperia.com\/blog\/wp-json\/wp\/v2\/posts\/35088","targetHints":{"allow":["GET"]}}],"collection":[{"href":"https:\/\/www.shqiperia.com\/blog\/wp-json\/wp\/v2\/posts"}],"about":[{"href":"https:\/\/www.shqiperia.com\/blog\/wp-json\/wp\/v2\/types\/post"}],"author":[{"embeddable":true,"href":"https:\/\/www.shqiperia.com\/blog\/wp-json\/wp\/v2\/users\/9"}],"replies":[{"embeddable":true,"href":"https:\/\/www.shqiperia.com\/blog\/wp-json\/wp\/v2\/comments?post=35088"}],"version-history":[{"count":1,"href":"https:\/\/www.shqiperia.com\/blog\/wp-json\/wp\/v2\/posts\/35088\/revisions"}],"predecessor-version":[{"id":35090,"href":"https:\/\/www.shqiperia.com\/blog\/wp-json\/wp\/v2\/posts\/35088\/revisions\/35090"}],"wp:featuredmedia":[{"embeddable":true,"href":"https:\/\/www.shqiperia.com\/blog\/wp-json\/wp\/v2\/media\/35089"}],"wp:attachment":[{"href":"https:\/\/www.shqiperia.com\/blog\/wp-json\/wp\/v2\/media?parent=35088"}],"wp:term":[{"taxonomy":"category","embeddable":true,"href":"https:\/\/www.shqiperia.com\/blog\/wp-json\/wp\/v2\/categories?post=35088"},{"taxonomy":"post_tag","embeddable":true,"href":"https:\/\/www.shqiperia.com\/blog\/wp-json\/wp\/v2\/tags?post=35088"}],"curies":[{"name":"wp","href":"https:\/\/api.w.org\/{rel}","templated":true}]}}