{"id":35085,"date":"2020-05-26T08:26:07","date_gmt":"2020-05-26T08:26:07","guid":{"rendered":"https:\/\/www.shqiperia.com\/blog\/?p=35085"},"modified":"2020-05-26T08:26:07","modified_gmt":"2020-05-26T08:26:07","slug":"kryeministrin-e-kemi-artist-qe-rreh-artistet-presidenti-meta-shembja-e-teatrit-10-mije-here-e-paligjshme-ngado-ta-kapesh","status":"publish","type":"post","link":"https:\/\/www.shqiperia.com\/blog\/kryeministrin-e-kemi-artist-qe-rreh-artistet-presidenti-meta-shembja-e-teatrit-10-mije-here-e-paligjshme-ngado-ta-kapesh\/","title":{"rendered":"\u201cKryeministrin e kemi artist q\u00eb rreh artist\u00ebt\u201d- Presidenti Meta: Shembja e Teatrit 10 mij\u00eb her\u00eb e paligjshme ngado ta kap\u00ebsh"},"content":{"rendered":"<p><img data-recalc-dims=\"1\" loading=\"lazy\" decoding=\"async\" data-attachment-id=\"35086\" data-permalink=\"https:\/\/www.shqiperia.com\/blog\/kryeministrin-e-kemi-artist-qe-rreh-artistet-presidenti-meta-shembja-e-teatrit-10-mije-here-e-paligjshme-ngado-ta-kapesh\/meta-teatri\/\" data-orig-file=\"https:\/\/i0.wp.com\/www.shqiperia.com\/blog\/wp-content\/uploads\/2020\/05\/meta-teatri.jpg?fit=600%2C306&amp;ssl=1\" data-orig-size=\"600,306\" data-comments-opened=\"1\" data-image-meta=\"{&quot;aperture&quot;:&quot;0&quot;,&quot;credit&quot;:&quot;&quot;,&quot;camera&quot;:&quot;&quot;,&quot;caption&quot;:&quot;&quot;,&quot;created_timestamp&quot;:&quot;0&quot;,&quot;copyright&quot;:&quot;&quot;,&quot;focal_length&quot;:&quot;0&quot;,&quot;iso&quot;:&quot;0&quot;,&quot;shutter_speed&quot;:&quot;0&quot;,&quot;title&quot;:&quot;&quot;,&quot;orientation&quot;:&quot;0&quot;}\" data-image-title=\"meta-teatri\" data-image-description=\"\" data-image-caption=\"\" data-medium-file=\"https:\/\/i0.wp.com\/www.shqiperia.com\/blog\/wp-content\/uploads\/2020\/05\/meta-teatri.jpg?fit=300%2C153&amp;ssl=1\" data-large-file=\"https:\/\/i0.wp.com\/www.shqiperia.com\/blog\/wp-content\/uploads\/2020\/05\/meta-teatri.jpg?fit=600%2C306&amp;ssl=1\" class=\"alignnone  wp-image-35086\" alt=\"\" src=\"https:\/\/i0.wp.com\/www.shqiperia.com\/blog\/wp-content\/uploads\/2020\/05\/meta-teatri.jpg?resize=433%2C221&#038;ssl=1\" width=\"433\" height=\"221\" srcset=\"https:\/\/i0.wp.com\/www.shqiperia.com\/blog\/wp-content\/uploads\/2020\/05\/meta-teatri.jpg?resize=300%2C153&amp;ssl=1 300w, https:\/\/i0.wp.com\/www.shqiperia.com\/blog\/wp-content\/uploads\/2020\/05\/meta-teatri.jpg?resize=450%2C230&amp;ssl=1 450w, https:\/\/i0.wp.com\/www.shqiperia.com\/blog\/wp-content\/uploads\/2020\/05\/meta-teatri.jpg?resize=400%2C204&amp;ssl=1 400w, https:\/\/i0.wp.com\/www.shqiperia.com\/blog\/wp-content\/uploads\/2020\/05\/meta-teatri.jpg?w=600&amp;ssl=1 600w\" sizes=\"auto, (max-width: 433px) 100vw, 433px\" \/><\/p>\n<p>\u201cKryeministrin e kemi artist q\u00eb rreh artist\u00ebt\u201d- Presidenti Meta: Shembja e Teatrit 10 mij\u00eb her\u00eb e paligjshme ngado ta kap\u00ebsh<\/p>\n<p><em>25 maji 2020<\/em><\/p>\n<p><strong>Presidenti Ilir Meta thot\u00eb se shembja e Teatrit Komb\u00ebtar \u00ebsht\u00eb e paligjshm ngado q\u00eb ta kap\u00ebsh.<\/strong><\/p>\n<p>I ftuar n\u00eb \u201cOpinion\u201d, kreu i shtetit e konsideron kryeministrin nj\u00eb artist q\u00eb rreh artist\u00ebt.<\/p>\n<p><strong>Meta<\/strong>:\u00a0<em>Mua m\u00eb vjen sepse nuk mund t\u2019i jepja k\u00ebnaq\u00ebsin\u00eb provokator\u00ebve dhe as lobit serb q\u00eb \u00ebsht\u00eb fuqizuar shum\u00eb n\u00eb Uashington p\u00ebr t\u00eb th\u00ebn\u00eb ja Presidenti i Shqip\u00ebris\u00eb del atje dhe p\u00ebrplaset me polic\u00ebt. Ata e prish\u00ebn n\u00eb m\u00ebnyr\u00eb t\u00eb pabes\u00eb dhe t\u00eb paligjshme. \u00cbsht\u00eb 10 mij\u00eb her\u00eb e paligjshme ngado q\u00eb ta kap\u00ebsh. M\u00eb intereson q\u00eb Der Standard e konsideron grusht shteti, ajo gjermane e konsideron nj\u00ebsoj si veprimet e Hitlerit.<\/em><\/p>\n<p><em>Un\u00eb kam marr\u00ebdh\u00ebnie institucionale me Ram\u00ebn. Nuk kam asnj\u00eb kanal jo zyrtar. K\u00ebto jan\u00eb p\u00ebrralla dhe legjenda dhe nga sot e tutje nuk do t\u00eb kem asnj\u00eb komunikim p\u00ebrve\u00e7 zyrtar. Kam qen\u00eb duke \u00e7uar vajz\u00ebn p\u00ebr n\u00eb aeroport dhe jam kthyer pasi ma ka k\u00ebrkuar. Kryeministrin e kemi artist q\u00eb rreh artist\u00ebt.<\/em><\/p>\n<p><em>Gazeta Panorama<\/em><\/p>\n","protected":false},"excerpt":{"rendered":"<p>\u201cKryeministrin e kemi artist q\u00eb rreh artist\u00ebt\u201d- Presidenti Meta: Shembja e Teatrit 10 mij\u00eb her\u00eb e paligjshme ngado ta kap\u00ebsh 25 maji 2020 Presidenti Ilir Meta thot\u00eb se shembja e Teatrit Komb\u00ebtar \u00ebsht\u00eb e paligjshm ngado q\u00eb ta kap\u00ebsh. I ftuar n\u00eb \u201cOpinion\u201d, kreu i shtetit e konsideron kryeministrin nj\u00eb artist q\u00eb rreh artist\u00ebt. Meta:\u00a0Mua [&hellip;]<\/p>\n","protected":false},"author":9,"featured_media":35086,"comment_status":"open","ping_status":"open","sticky":false,"template":"","format":"standard","meta":{"jetpack_post_was_ever_published":false,"_jetpack_newsletter_access":"","_jetpack_dont_email_post_to_subs":false,"_jetpack_newsletter_tier_id":0,"_jetpack_memberships_contains_paywalled_content":false,"_jetpack_memberships_contains_paid_content":false,"footnotes":"","jetpack_publicize_message":"","jetpack_publicize_feature_enabled":true,"jetpack_social_post_already_shared":true,"jetpack_social_options":{"image_generator_settings":{"template":"highway","default_image_id":0,"font":"","enabled":false},"version":2}},"categories":[27,35],"tags":[],"class_list":["post-35085","post","type-post","status-publish","format-standard","has-post-thumbnail","hentry","category-blogu-i-udhetarit","category-shoqerore"],"jetpack_publicize_connections":[],"jetpack_featured_media_url":"https:\/\/i0.wp.com\/www.shqiperia.com\/blog\/wp-content\/uploads\/2020\/05\/meta-teatri.jpg?fit=600%2C306&ssl=1","jetpack_sharing_enabled":true,"jetpack_shortlink":"https:\/\/wp.me\/p5Z6wp-97T","jetpack-related-posts":[{"id":34883,"url":"https:\/\/www.shqiperia.com\/blog\/lajm-i-fundit-takimi-i-presidentit-me-aleatet-opozitare-meta-shembja-e-teatrit-provokim-per-demokracine-opozita-e-bashkuar-te\/","url_meta":{"origin":35085,"position":0},"title":"LAJM I FUNDIT\/ Takimi i Presidentit me aleat\u00ebt opozitar\u00eb, Meta: Shembja e Teatrit, provokim p\u00ebr demokracin\u00eb. Opozita e Bashkuar t\u00eb\u2026","author":"Kurt Farka","date":"May 21, 2020","format":false,"excerpt":"LAJM I FUNDIT\/ Takimi i Presidentit me aleat\u00ebt opozitar\u00eb, Meta: Shembja e Teatrit, provokim p\u00ebr demokracin\u00eb. Opozita e Bashkuar t\u00eb\u2026 21 maji 2020 Presidenti Meta pret n\u00eb takim kryetar\u00ebt e partive t\u00eb Opozit\u00ebs s\u00eb Bashkuar Zbardhen detaje nga takimi i sotem i Presidentit te Republik\u00ebs Ilir Meta\u00a0me kryetar\u00ebt e partive\u2026","rel":"","context":"In &quot;Blogu i Udh\u00ebtarit&quot;","block_context":{"text":"Blogu i Udh\u00ebtarit","link":"https:\/\/www.shqiperia.com\/blog\/category\/blogu-i-udhetarit\/"},"img":{"alt_text":"","src":"https:\/\/i0.wp.com\/www.shqiperia.com\/blog\/wp-content\/uploads\/2020\/05\/PALLATI-I-BRIGADAVE.jpg?fit=1200%2C675&ssl=1&resize=350%2C200","width":350,"height":200,"srcset":"https:\/\/i0.wp.com\/www.shqiperia.com\/blog\/wp-content\/uploads\/2020\/05\/PALLATI-I-BRIGADAVE.jpg?fit=1200%2C675&ssl=1&resize=350%2C200 1x, https:\/\/i0.wp.com\/www.shqiperia.com\/blog\/wp-content\/uploads\/2020\/05\/PALLATI-I-BRIGADAVE.jpg?fit=1200%2C675&ssl=1&resize=525%2C300 1.5x, https:\/\/i0.wp.com\/www.shqiperia.com\/blog\/wp-content\/uploads\/2020\/05\/PALLATI-I-BRIGADAVE.jpg?fit=1200%2C675&ssl=1&resize=700%2C400 2x, https:\/\/i0.wp.com\/www.shqiperia.com\/blog\/wp-content\/uploads\/2020\/05\/PALLATI-I-BRIGADAVE.jpg?fit=1200%2C675&ssl=1&resize=1050%2C600 3x"},"classes":[]},{"id":35081,"url":"https:\/\/www.shqiperia.com\/blog\/presidenti-ilir-meta-thekson-se-shembja-me-urgjence-e-teatrit-kombetar-synonte-te-krijonte-destabilitet-kjo-eshte-bere-per-llogari-te-lobit-pro-serb-ne-uashington\/","url_meta":{"origin":35085,"position":1},"title":"Presidenti Ilir Meta thekson se shembja me urgjenc\u00eb e Teatrit Komb\u00ebtar\u00a0synonte t\u00eb krijonte destabilitet&#8230; Kjo \u00ebsht\u00eb b\u00ebr\u00eb p\u00ebr llogari t\u00eb lobit pro serb n\u00eb Uashington.","author":"Kurt Farka","date":"May 26, 2020","format":false,"excerpt":"Presidenti Ilir Meta thekson se shembja me urgjenc\u00eb e Teatrit Komb\u00ebtar pa pritur nj\u00eb vendim t\u00eb Gjykat\u00ebs Kushtetuese dhe pa pritur p\u00ebrfundimin e pandemis\u00eb, thot\u00eb se synonte t\u00eb krijonte destabilitet. Sipas tij, kjo \u00ebsht\u00eb b\u00ebr\u00eb p\u00ebr llogari t\u00eb lobit pro serb n\u00eb Uashington, q\u00eb sipas kreut t\u00eb shtetit, \u00ebsht\u00eb fuqizuar\u2026","rel":"","context":"In &quot;Blogu i Udh\u00ebtarit&quot;","block_context":{"text":"Blogu i Udh\u00ebtarit","link":"https:\/\/www.shqiperia.com\/blog\/category\/blogu-i-udhetarit\/"},"img":{"alt_text":"","src":"https:\/\/i0.wp.com\/www.shqiperia.com\/blog\/wp-content\/uploads\/2020\/05\/Edi-Rama.jpg?fit=480%2C262&ssl=1&resize=350%2C200","width":350,"height":200},"classes":[]},{"id":34916,"url":"https:\/\/www.shqiperia.com\/blog\/reforma-zgjedhore-reagon-kryemadhi-lsi-te-njejtin-qendrim-me-bashen-shembja-e-teatrit-provokim-i-rames-per-ta-sabotuar\/","url_meta":{"origin":35085,"position":2},"title":"Reforma Zgjedhore\/ Reagon Kryemadhi: LSI t\u00eb nj\u00ebjtin q\u00ebndrim me Bash\u00ebn. Shembja e Teatrit provokim i Ram\u00ebs p\u00ebr ta sabotuar","author":"Kurt Farka","date":"May 22, 2020","format":false,"excerpt":"Reforma Zgjedhore\/ Reagon Kryemadhi: LSI t\u00eb nj\u00ebjtin q\u00ebndrim me Bash\u00ebn. Shembja e Teatrit provokim i Ram\u00ebs p\u00ebr ta sabotuar 22 maji \u00a02020 Kryetarja e LSI-s\u00eb, Monika Kryemadhi, tha se mb\u00ebshtet q\u00ebndrimin e kreut t\u00eb PD-s\u00eb,\u00a0 Lulzim Bash\u00ebs, p\u00ebr Reform\u00ebn Zgjedhore p\u00ebr t\u2019u kthyer n\u00eb tryez\u00eb\u00a0. Kryemadhi thekson se realizimi i\u2026","rel":"","context":"In &quot;Blogu i Udh\u00ebtarit&quot;","block_context":{"text":"Blogu i Udh\u00ebtarit","link":"https:\/\/www.shqiperia.com\/blog\/category\/blogu-i-udhetarit\/"},"img":{"alt_text":"","src":"https:\/\/i0.wp.com\/www.shqiperia.com\/blog\/wp-content\/uploads\/2020\/05\/Kryemadhi-600x300-1.png?fit=600%2C300&ssl=1&resize=350%2C200","width":350,"height":200,"srcset":"https:\/\/i0.wp.com\/www.shqiperia.com\/blog\/wp-content\/uploads\/2020\/05\/Kryemadhi-600x300-1.png?fit=600%2C300&ssl=1&resize=350%2C200 1x, https:\/\/i0.wp.com\/www.shqiperia.com\/blog\/wp-content\/uploads\/2020\/05\/Kryemadhi-600x300-1.png?fit=600%2C300&ssl=1&resize=525%2C300 1.5x"},"classes":[]},{"id":27076,"url":"https:\/\/www.shqiperia.com\/blog\/ne-mbrojtje-te-teatrit-kombetar-edhe-artistet-e-teatrit-kombetar-d-maria-ne-lisbone\/","url_meta":{"origin":35085,"position":3},"title":"N\u00eb mbrojtje t\u00eb Teatrit Komb\u00ebtar edhe artist\u00ebt e Teatrit Komb\u00ebtar \u201cD. Maria\u201d n\u00eb Lisbon\u00eb. &#8211;","author":"Kurt Farka","date":"October 17, 2019","format":false,"excerpt":"N\u00eb mbrojtje t\u00eb Teatrit Komb\u00ebtar edhe artist\u00ebt e Teatrit Komb\u00ebtar \u201cD. Maria\u201d n\u00eb Lisbon\u00eb. 16 Tetor, 2019. Kauz\u00ebs s\u00eb mbrojtjes s\u00eb godin\u00ebs historike t\u00eb Teatrit Komb\u00ebtar nga shembja e tij nga qeveria \u201cRama\u201d vijojn\u00eb t\u2019i bashkohen dhe artist\u00ebt e huaj t\u00eb teatrove m\u00eb t\u00eb famsh\u00ebm t\u00eb Europ\u00ebs. S\u00eb fundmi n\u00eb\u2026","rel":"","context":"In &quot;Blogu i Udh\u00ebtarit&quot;","block_context":{"text":"Blogu i Udh\u00ebtarit","link":"https:\/\/www.shqiperia.com\/blog\/category\/blogu-i-udhetarit\/"},"img":{"alt_text":"","src":"https:\/\/i0.wp.com\/www.shqiperia.com\/blog\/wp-content\/uploads\/2019\/10\/policia-teatri-8-696x464.jpeg?fit=696%2C374&ssl=1&resize=350%2C200","width":350,"height":200,"srcset":"https:\/\/i0.wp.com\/www.shqiperia.com\/blog\/wp-content\/uploads\/2019\/10\/policia-teatri-8-696x464.jpeg?fit=696%2C374&ssl=1&resize=350%2C200 1x, https:\/\/i0.wp.com\/www.shqiperia.com\/blog\/wp-content\/uploads\/2019\/10\/policia-teatri-8-696x464.jpeg?fit=696%2C374&ssl=1&resize=525%2C300 1.5x"},"classes":[]},{"id":42471,"url":"https:\/\/www.shqiperia.com\/blog\/gjykata-kushtetuese-jep-njoftimin-e-pare-ne-janar-nis-shqyrtimi-i-padive-ne-liste-zgjedhjet-e-30-qershorit-2019-dhe-shembja-e-teatrit-kombetar\/","url_meta":{"origin":35085,"position":4},"title":"Gjykata Kushtetuese jep njoftimin e par\u00eb: N\u00eb janar nis shqyrtimi i padive, n\u00eb list\u00eb zgjedhjet e 30 qershorit 2019 dhe shembja e Teatrit Komb\u00ebtar.","author":"Kurt Farka","date":"December 30, 2020","format":false,"excerpt":"Gjykata Kushtetuese jep njoftimin e par\u00eb: N\u00eb janar nis shqyrtimi i padive, n\u00eb list\u00eb zgjedhjet e 30 qershorit 2019 dhe shembja e Teatrit Komb\u00ebtar. 29 dhjetor 2020 Gjykata Kushtetuese ka njoftuar sot se duke filluar nga muaji i ardhsh\u00ebm do t\u00eb nis\u00eb shqyrtimi i k\u00ebrkesave, disa prej t\u00eb cilave presin\u2026","rel":"","context":"In &quot;Blogu i Udh\u00ebtarit&quot;","block_context":{"text":"Blogu i Udh\u00ebtarit","link":"https:\/\/www.shqiperia.com\/blog\/category\/blogu-i-udhetarit\/"},"img":{"alt_text":"","src":"https:\/\/i0.wp.com\/www.shqiperia.com\/blog\/wp-content\/uploads\/2020\/12\/1609253735_Screenshot1-905x450-1.jpg?fit=780%2C403&ssl=1&resize=350%2C200","width":350,"height":200,"srcset":"https:\/\/i0.wp.com\/www.shqiperia.com\/blog\/wp-content\/uploads\/2020\/12\/1609253735_Screenshot1-905x450-1.jpg?fit=780%2C403&ssl=1&resize=350%2C200 1x, https:\/\/i0.wp.com\/www.shqiperia.com\/blog\/wp-content\/uploads\/2020\/12\/1609253735_Screenshot1-905x450-1.jpg?fit=780%2C403&ssl=1&resize=525%2C300 1.5x, https:\/\/i0.wp.com\/www.shqiperia.com\/blog\/wp-content\/uploads\/2020\/12\/1609253735_Screenshot1-905x450-1.jpg?fit=780%2C403&ssl=1&resize=700%2C400 2x"},"classes":[]},{"id":23987,"url":"https:\/\/www.shqiperia.com\/blog\/maks-velo-keshillon-artistet-ja-si-ta-shpetoni-teatrin-nga-shembja\/","url_meta":{"origin":35085,"position":5},"title":"Maks Velo k\u00ebshillon artist\u00ebt: &#8211; Ja si ta shp\u00ebtoni teatrin nga shembja","author":"Kurt Farka","date":"July 30, 2019","format":false,"excerpt":"Maks Velo k\u00ebshillon artist\u00ebt: - Ja si ta shp\u00ebtoni teatrin nga shembja 29\/07\/19 Arkitekti i njohur Maks Velo, n\u00eb studion e lajmeve n\u00eb RTV Ora, tregoi se ka nj\u00eb m\u00ebnyr\u00eb sesi teatri Komb\u00ebtar t\u00eb shp\u00ebtohet nga shembja. Sipas tij, artist\u00ebt duhet t\u00eb vendosin shfaqje n\u00eb sken\u00eb, p\u00ebr t\u00eb treguar se\u2026","rel":"","context":"In &quot;Arte&quot;","block_context":{"text":"Arte","link":"https:\/\/www.shqiperia.com\/blog\/category\/arte\/"},"img":{"alt_text":"","src":"https:\/\/i0.wp.com\/www.shqiperia.com\/blog\/wp-content\/uploads\/2019\/07\/teatrikombetarwpwtr16-770x433.jpg?fit=770%2C433&ssl=1&resize=350%2C200","width":350,"height":200,"srcset":"https:\/\/i0.wp.com\/www.shqiperia.com\/blog\/wp-content\/uploads\/2019\/07\/teatrikombetarwpwtr16-770x433.jpg?fit=770%2C433&ssl=1&resize=350%2C200 1x, https:\/\/i0.wp.com\/www.shqiperia.com\/blog\/wp-content\/uploads\/2019\/07\/teatrikombetarwpwtr16-770x433.jpg?fit=770%2C433&ssl=1&resize=525%2C300 1.5x, https:\/\/i0.wp.com\/www.shqiperia.com\/blog\/wp-content\/uploads\/2019\/07\/teatrikombetarwpwtr16-770x433.jpg?fit=770%2C433&ssl=1&resize=700%2C400 2x"},"classes":[]}],"_links":{"self":[{"href":"https:\/\/www.shqiperia.com\/blog\/wp-json\/wp\/v2\/posts\/35085","targetHints":{"allow":["GET"]}}],"collection":[{"href":"https:\/\/www.shqiperia.com\/blog\/wp-json\/wp\/v2\/posts"}],"about":[{"href":"https:\/\/www.shqiperia.com\/blog\/wp-json\/wp\/v2\/types\/post"}],"author":[{"embeddable":true,"href":"https:\/\/www.shqiperia.com\/blog\/wp-json\/wp\/v2\/users\/9"}],"replies":[{"embeddable":true,"href":"https:\/\/www.shqiperia.com\/blog\/wp-json\/wp\/v2\/comments?post=35085"}],"version-history":[{"count":1,"href":"https:\/\/www.shqiperia.com\/blog\/wp-json\/wp\/v2\/posts\/35085\/revisions"}],"predecessor-version":[{"id":35087,"href":"https:\/\/www.shqiperia.com\/blog\/wp-json\/wp\/v2\/posts\/35085\/revisions\/35087"}],"wp:featuredmedia":[{"embeddable":true,"href":"https:\/\/www.shqiperia.com\/blog\/wp-json\/wp\/v2\/media\/35086"}],"wp:attachment":[{"href":"https:\/\/www.shqiperia.com\/blog\/wp-json\/wp\/v2\/media?parent=35085"}],"wp:term":[{"taxonomy":"category","embeddable":true,"href":"https:\/\/www.shqiperia.com\/blog\/wp-json\/wp\/v2\/categories?post=35085"},{"taxonomy":"post_tag","embeddable":true,"href":"https:\/\/www.shqiperia.com\/blog\/wp-json\/wp\/v2\/tags?post=35085"}],"curies":[{"name":"wp","href":"https:\/\/api.w.org\/{rel}","templated":true}]}}