{"id":35078,"date":"2020-05-26T00:48:41","date_gmt":"2020-05-26T00:48:41","guid":{"rendered":"https:\/\/www.shqiperia.com\/blog\/?p=35078"},"modified":"2020-05-26T00:48:41","modified_gmt":"2020-05-26T00:48:41","slug":"lobi-pro-serb-ne-uashington-i-interesuar-per-perplasje-ne-shqiperi-presidenti-meta-ben-deklaraten-e-forte-rama-ka-marre-persiper-te","status":"publish","type":"post","link":"https:\/\/www.shqiperia.com\/blog\/lobi-pro-serb-ne-uashington-i-interesuar-per-perplasje-ne-shqiperi-presidenti-meta-ben-deklaraten-e-forte-rama-ka-marre-persiper-te\/","title":{"rendered":"\u201cLobi pro serb n\u00eb Uashington i interesuar p\u00ebr p\u00ebrplasje n\u00eb Shqip\u00ebri\u201d- Presidenti Meta b\u00ebn deklarat\u00ebn e fort\u00eb: &#8211; Rama ka marr\u00eb p\u00ebrsip\u00ebr t\u00eb\u2026"},"content":{"rendered":"<p><img data-recalc-dims=\"1\" loading=\"lazy\" decoding=\"async\" data-attachment-id=\"35079\" data-permalink=\"https:\/\/www.shqiperia.com\/blog\/lobi-pro-serb-ne-uashington-i-interesuar-per-perplasje-ne-shqiperi-presidenti-meta-ben-deklaraten-e-forte-rama-ka-marre-persiper-te\/meta-rama\/\" data-orig-file=\"https:\/\/i0.wp.com\/www.shqiperia.com\/blog\/wp-content\/uploads\/2020\/05\/meta-rama.jpg?fit=1298%2C645&amp;ssl=1\" data-orig-size=\"1298,645\" data-comments-opened=\"1\" data-image-meta=\"{&quot;aperture&quot;:&quot;0&quot;,&quot;credit&quot;:&quot;JAVA&quot;,&quot;camera&quot;:&quot;&quot;,&quot;caption&quot;:&quot;&quot;,&quot;created_timestamp&quot;:&quot;1491329704&quot;,&quot;copyright&quot;:&quot;&quot;,&quot;focal_length&quot;:&quot;0&quot;,&quot;iso&quot;:&quot;0&quot;,&quot;shutter_speed&quot;:&quot;0&quot;,&quot;title&quot;:&quot;&quot;,&quot;orientation&quot;:&quot;0&quot;}\" data-image-title=\"meta-rama\" data-image-description=\"\" data-image-caption=\"\" data-medium-file=\"https:\/\/i0.wp.com\/www.shqiperia.com\/blog\/wp-content\/uploads\/2020\/05\/meta-rama.jpg?fit=300%2C149&amp;ssl=1\" data-large-file=\"https:\/\/i0.wp.com\/www.shqiperia.com\/blog\/wp-content\/uploads\/2020\/05\/meta-rama.jpg?fit=1024%2C509&amp;ssl=1\" class=\"alignnone  wp-image-35079\" alt=\"\" src=\"https:\/\/i0.wp.com\/www.shqiperia.com\/blog\/wp-content\/uploads\/2020\/05\/meta-rama.jpg?resize=556%2C276&#038;ssl=1\" width=\"556\" height=\"276\" srcset=\"https:\/\/i0.wp.com\/www.shqiperia.com\/blog\/wp-content\/uploads\/2020\/05\/meta-rama.jpg?resize=300%2C149&amp;ssl=1 300w, https:\/\/i0.wp.com\/www.shqiperia.com\/blog\/wp-content\/uploads\/2020\/05\/meta-rama.jpg?resize=1024%2C509&amp;ssl=1 1024w, https:\/\/i0.wp.com\/www.shqiperia.com\/blog\/wp-content\/uploads\/2020\/05\/meta-rama.jpg?resize=768%2C382&amp;ssl=1 768w, https:\/\/i0.wp.com\/www.shqiperia.com\/blog\/wp-content\/uploads\/2020\/05\/meta-rama.jpg?resize=450%2C224&amp;ssl=1 450w, https:\/\/i0.wp.com\/www.shqiperia.com\/blog\/wp-content\/uploads\/2020\/05\/meta-rama.jpg?resize=600%2C298&amp;ssl=1 600w, https:\/\/i0.wp.com\/www.shqiperia.com\/blog\/wp-content\/uploads\/2020\/05\/meta-rama.jpg?resize=400%2C199&amp;ssl=1 400w, https:\/\/i0.wp.com\/www.shqiperia.com\/blog\/wp-content\/uploads\/2020\/05\/meta-rama.jpg?w=1298&amp;ssl=1 1298w\" sizes=\"auto, (max-width: 556px) 100vw, 556px\" \/><\/p>\n<p><em>25 maji 2020<\/em><\/p>\n<p><strong>Presidenti Ilir Meta thekson se shembja me urgjenc\u00eb e Teatrit Komb\u00ebtar pa pritur nj\u00eb vendim t\u00eb Gjykat\u00ebs Kushtetuese dhe pa pritur p\u00ebrfundimin e pandemis\u00eb, thot\u00eb se synonte t\u00eb krijonte destabilitet.<\/strong><\/p>\n<p>Sipas tij, kjo \u00ebsht\u00eb b\u00ebr\u00eb p\u00ebr llogari t\u00eb lobit pro serb n\u00eb Uashington q\u00eb sipas kreut t\u00eb shtetit, \u00ebsht\u00eb fuqizuar shum\u00eb dhe lidhet edhe me zhvillimet n\u00eb Kosov\u00eb muajt n\u00eb vijim.<\/p>\n<p>\u201c<em>Nuk kishte koh\u00eb p\u00ebr t\u00eb pritur t\u00eb dilnim nga pandemia sepse kemi t\u00eb b\u00ebjm\u00eb me nj\u00eb skenar p\u00ebr trazira dhe p\u00ebrplasje n\u00eb Shqip\u00ebri dhe kjo ka n\u00eb sfond edhe zhvillimet rajonale. P\u00ebr arsye t\u00eb brendshme q\u00eb t\u00eb provokoj\u00eb opozit\u00ebn, t\u00eb ik\u00eb nga \u00e7\u00ebshtja e Kodit, t\u00eb harroj\u00eb 15 kushtet e BE-s\u00eb. Ka marr\u00eb nj\u00eb porosi t\u00eb destabilizoj\u00eb, t\u00eb nxeh\u00eb situat\u00ebn n\u00eb Shqip\u00ebri. Lobit shum\u00eb t\u00eb fuqizuar pro serb n\u00eb Uashington si\u00e7 i interesonte edhe vjet p\u00ebrplasja p\u00ebr zgjedhjet lokale.<\/em><\/p>\n<p><em>Edhe vjet aty ishte q\u00ebllimi, t\u00eb ket\u00eb p\u00ebrplasje dhe gjakderdhje dhe opozita e Lulit dhe Mon\u00ebs t\u00eb shpallej organizat\u00eb terroriste. Kam shume prova dhe dokumenta qe do i bej publike ne kohen e duhur. SMS qe u be publike sot do duket pa vlere ne raport me to. Do flas ne te ardhmen dhe ne kohen e duhur. Mund t\u00eb ket\u00eb ndonj\u00eb zhvillim interesant n\u00eb Kosov\u00eb n\u00eb periudh\u00ebn n\u00eb vijim\u201d-<\/em>tha Meta n\u00eb \u201cOpinion\u201d.<\/p>\n<p>Gazeta Panorama<\/p>\n","protected":false},"excerpt":{"rendered":"<p>25 maji 2020 Presidenti Ilir Meta thekson se shembja me urgjenc\u00eb e Teatrit Komb\u00ebtar pa pritur nj\u00eb vendim t\u00eb Gjykat\u00ebs Kushtetuese dhe pa pritur p\u00ebrfundimin e pandemis\u00eb, thot\u00eb se synonte t\u00eb krijonte destabilitet. Sipas tij, kjo \u00ebsht\u00eb b\u00ebr\u00eb p\u00ebr llogari t\u00eb lobit pro serb n\u00eb Uashington q\u00eb sipas kreut t\u00eb shtetit, \u00ebsht\u00eb fuqizuar shum\u00eb dhe [&hellip;]<\/p>\n","protected":false},"author":9,"featured_media":35079,"comment_status":"open","ping_status":"open","sticky":false,"template":"","format":"standard","meta":{"jetpack_post_was_ever_published":false,"_jetpack_newsletter_access":"","_jetpack_dont_email_post_to_subs":false,"_jetpack_newsletter_tier_id":0,"_jetpack_memberships_contains_paywalled_content":false,"_jetpack_memberships_contains_paid_content":false,"footnotes":"","jetpack_publicize_message":"","jetpack_publicize_feature_enabled":true,"jetpack_social_post_already_shared":true,"jetpack_social_options":{"image_generator_settings":{"template":"highway","default_image_id":0,"font":"","enabled":false},"version":2}},"categories":[27,2,35],"tags":[],"class_list":["post-35078","post","type-post","status-publish","format-standard","has-post-thumbnail","hentry","category-blogu-i-udhetarit","category-politika","category-shoqerore"],"jetpack_publicize_connections":[],"jetpack_featured_media_url":"https:\/\/i0.wp.com\/www.shqiperia.com\/blog\/wp-content\/uploads\/2020\/05\/meta-rama.jpg?fit=1298%2C645&ssl=1","jetpack_sharing_enabled":true,"jetpack_shortlink":"https:\/\/wp.me\/p5Z6wp-97M","jetpack-related-posts":[{"id":35081,"url":"https:\/\/www.shqiperia.com\/blog\/presidenti-ilir-meta-thekson-se-shembja-me-urgjence-e-teatrit-kombetar-synonte-te-krijonte-destabilitet-kjo-eshte-bere-per-llogari-te-lobit-pro-serb-ne-uashington\/","url_meta":{"origin":35078,"position":0},"title":"Presidenti Ilir Meta thekson se shembja me urgjenc\u00eb e Teatrit Komb\u00ebtar\u00a0synonte t\u00eb krijonte destabilitet&#8230; Kjo \u00ebsht\u00eb b\u00ebr\u00eb p\u00ebr llogari t\u00eb lobit pro serb n\u00eb Uashington.","author":"Kurt Farka","date":"May 26, 2020","format":false,"excerpt":"Presidenti Ilir Meta thekson se shembja me urgjenc\u00eb e Teatrit Komb\u00ebtar pa pritur nj\u00eb vendim t\u00eb Gjykat\u00ebs Kushtetuese dhe pa pritur p\u00ebrfundimin e pandemis\u00eb, thot\u00eb se synonte t\u00eb krijonte destabilitet. Sipas tij, kjo \u00ebsht\u00eb b\u00ebr\u00eb p\u00ebr llogari t\u00eb lobit pro serb n\u00eb Uashington, q\u00eb sipas kreut t\u00eb shtetit, \u00ebsht\u00eb fuqizuar\u2026","rel":"","context":"In &quot;Blogu i Udh\u00ebtarit&quot;","block_context":{"text":"Blogu i Udh\u00ebtarit","link":"https:\/\/www.shqiperia.com\/blog\/category\/blogu-i-udhetarit\/"},"img":{"alt_text":"","src":"https:\/\/i0.wp.com\/www.shqiperia.com\/blog\/wp-content\/uploads\/2020\/05\/Edi-Rama.jpg?fit=480%2C262&ssl=1&resize=350%2C200","width":350,"height":200},"classes":[]},{"id":37789,"url":"https:\/\/www.shqiperia.com\/blog\/pres-befasi-nga-takimi-ne-uashington-vucic-flet-per-cmimin-qe-duhet-te-paguaje-serbia\/","url_meta":{"origin":35078,"position":1},"title":"\u201cPres befasi nga takimi n\u00eb Uashington\u201d, Vu\u00e7i\u00e7 flet p\u00ebr \u00e7mimin q\u00eb duhet t\u00eb paguaj\u00eb Serbia","author":"Kurt Farka","date":"August 29, 2020","format":false,"excerpt":"\u201cPres befasi nga takimi n\u00eb Uashington\u201d, Vu\u00e7i\u00e7 flet p\u00ebr \u00e7mimin q\u00eb duhet t\u00eb paguaj\u00eb Serbia 29 gusht 2020 Presidenti i Serbis\u00eb, Aleksandar Vu\u00e7iq, tha se Serbia ka pranuar agjend\u00ebn zyrtare p\u00ebr negociatat me Kosov\u00ebn n\u00eb Uashington, m\u00eb 4 shtator, dhe se n\u00eb t\u00eb \u00ebsht\u00eb vet\u00ebm nj\u00eb \u201cpik\u00eb q\u00eb \u00ebsht\u00eb e\u2026","rel":"","context":"In &quot;Blogu i Udh\u00ebtarit&quot;","block_context":{"text":"Blogu i Udh\u00ebtarit","link":"https:\/\/www.shqiperia.com\/blog\/category\/blogu-i-udhetarit\/"},"img":{"alt_text":"","src":"https:\/\/i0.wp.com\/www.shqiperia.com\/blog\/wp-content\/uploads\/2020\/08\/vucic.jpg?fit=1023%2C575&ssl=1&resize=350%2C200","width":350,"height":200,"srcset":"https:\/\/i0.wp.com\/www.shqiperia.com\/blog\/wp-content\/uploads\/2020\/08\/vucic.jpg?fit=1023%2C575&ssl=1&resize=350%2C200 1x, https:\/\/i0.wp.com\/www.shqiperia.com\/blog\/wp-content\/uploads\/2020\/08\/vucic.jpg?fit=1023%2C575&ssl=1&resize=525%2C300 1.5x, https:\/\/i0.wp.com\/www.shqiperia.com\/blog\/wp-content\/uploads\/2020\/08\/vucic.jpg?fit=1023%2C575&ssl=1&resize=700%2C400 2x"},"classes":[]},{"id":38135,"url":"https:\/\/www.shqiperia.com\/blog\/marreveshja-ne-shtepine-e-bardhe-diplomati-nesho-zbulon-prapaskenat-dhe-paralajmeron-kosoven-kujdes-me-levizjet-e-radhes\/","url_meta":{"origin":35078,"position":2},"title":"Marr\u00ebveshja n\u00eb Sht\u00ebpin\u00eb e Bardh\u00eb, diplomati Nesho zbulon prapaskenat dhe paralajm\u00ebron Kosov\u00ebn: Kujdes me l\u00ebvizjet e radh\u00ebs!","author":"Kurt Farka","date":"September 6, 2020","format":false,"excerpt":"Marr\u00ebveshja n\u00eb Sht\u00ebpin\u00eb e Bardh\u00eb, diplomati Nesho zbulon prapaskenat dhe paralajm\u00ebron Kosov\u00ebn: Kujdes me l\u00ebvizjet e radh\u00ebs! 5 SHTATOR 2020 Diplomati shqiptar, Agim Nesho, komentoi marr\u00ebveshjen e arritur mbr\u00ebmjen e kaluar n\u00eb Sht\u00ebpin\u00eb e Bardhe mes Kosov\u00ebs dhe Serbis\u00eb. I ftuar n\u00eb rubrik\u00ebn \u201cOpinion\u201d, n\u00eb Ne\u00ebs24, diplomati i njohur paralajm\u00ebroi\u2026","rel":"","context":"In &quot;Blogu i Udh\u00ebtarit&quot;","block_context":{"text":"Blogu i Udh\u00ebtarit","link":"https:\/\/www.shqiperia.com\/blog\/category\/blogu-i-udhetarit\/"},"img":{"alt_text":"","src":"https:\/\/i0.wp.com\/www.shqiperia.com\/blog\/wp-content\/uploads\/2020\/09\/Agim-Nezho.jpg?fit=800%2C450&ssl=1&resize=350%2C200","width":350,"height":200,"srcset":"https:\/\/i0.wp.com\/www.shqiperia.com\/blog\/wp-content\/uploads\/2020\/09\/Agim-Nezho.jpg?fit=800%2C450&ssl=1&resize=350%2C200 1x, https:\/\/i0.wp.com\/www.shqiperia.com\/blog\/wp-content\/uploads\/2020\/09\/Agim-Nezho.jpg?fit=800%2C450&ssl=1&resize=525%2C300 1.5x, https:\/\/i0.wp.com\/www.shqiperia.com\/blog\/wp-content\/uploads\/2020\/09\/Agim-Nezho.jpg?fit=800%2C450&ssl=1&resize=700%2C400 2x"},"classes":[]},{"id":28413,"url":"https:\/\/www.shqiperia.com\/blog\/andi-bejtja-nuk-do-i-marrim-ere-cdo-pordhe-nderkombetari\/","url_meta":{"origin":35078,"position":3},"title":"Andi Bejtja: &#8211; Nuk do i marrim er\u00eb \u00e7do pordhe nd\u00ebrkomb\u00ebtari! &#8211;","author":"Kurt Farka","date":"November 21, 2019","format":false,"excerpt":"Andi Bejtja: - Nuk do i marrim er\u00eb \u00e7do pordhe nd\u00ebrkomb\u00ebtari! 20 Nentor, 2019 Analisti dhe gazetari i njohur Andi Bejtja duke komentuar zhvillimet m\u00eb t\u00eb fundit politike n\u00eb vend dhe q\u00ebndrimet e Presidentit Meta q\u00eb ka mbledhur n\u00eb tryez\u00eb faktor\u00ebt politik\u00eb, thot\u00eb nd\u00ebr t\u00eb tjera se Meta \u00ebsht\u00eb diga\u2026","rel":"","context":"In &quot;Blogu i Udh\u00ebtarit&quot;","block_context":{"text":"Blogu i Udh\u00ebtarit","link":"https:\/\/www.shqiperia.com\/blog\/category\/blogu-i-udhetarit\/"},"img":{"alt_text":"","src":"https:\/\/i0.wp.com\/www.shqiperia.com\/blog\/wp-content\/uploads\/2019\/11\/Andi-Bejtja-1.jpg?fit=520%2C304&ssl=1&resize=350%2C200","width":350,"height":200},"classes":[]},{"id":23474,"url":"https:\/\/www.shqiperia.com\/blog\/presidenti-meta-ne-shqiperi-ka-vec-nje-konflikt-madhor-ai-i-kryeministrit-me\/","url_meta":{"origin":35078,"position":4},"title":"Presidenti Meta: &#8211; N\u00eb Shqip\u00ebri ka ve\u00e7 nj\u00eb konflikt madhor, ai i kryeministrit me\u2026","author":"Kurt Farka","date":"July 23, 2019","format":false,"excerpt":"Presidenti Meta: - N\u00eb Shqip\u00ebri ka ve\u00e7 nj\u00eb konflikt madhor, ai i kryeministrit me\u2026 23 korrik \u00a02019 \u2026 \u00a0pjese nga intervista \u2026 Presidenti Meta: \u00cbsht\u00eb konflikti i Kryeministrit Edi Rama me pluralizmin politik, me demokracin\u00eb dhe me shtetin e s\u00eb drejt\u00ebs, q\u00eb bazohet n\u00eb ndarjen e pushteteve dhe n\u00eb respektimin\u2026","rel":"","context":"In &quot;Blogu i Udh\u00ebtarit&quot;","block_context":{"text":"Blogu i Udh\u00ebtarit","link":"https:\/\/www.shqiperia.com\/blog\/category\/blogu-i-udhetarit\/"},"img":{"alt_text":"","src":"https:\/\/i0.wp.com\/www.shqiperia.com\/blog\/wp-content\/uploads\/2019\/07\/IMG-20190723-WA0005-2-905x450.jpg?fit=905%2C450&ssl=1&resize=350%2C200","width":350,"height":200,"srcset":"https:\/\/i0.wp.com\/www.shqiperia.com\/blog\/wp-content\/uploads\/2019\/07\/IMG-20190723-WA0005-2-905x450.jpg?fit=905%2C450&ssl=1&resize=350%2C200 1x, https:\/\/i0.wp.com\/www.shqiperia.com\/blog\/wp-content\/uploads\/2019\/07\/IMG-20190723-WA0005-2-905x450.jpg?fit=905%2C450&ssl=1&resize=525%2C300 1.5x, https:\/\/i0.wp.com\/www.shqiperia.com\/blog\/wp-content\/uploads\/2019\/07\/IMG-20190723-WA0005-2-905x450.jpg?fit=905%2C450&ssl=1&resize=700%2C400 2x"},"classes":[]},{"id":28428,"url":"https:\/\/www.shqiperia.com\/blog\/shperthen-ylli-rakipi-ambasadori-soreca-nje-keqberes-ne-shqiperi-borchardt-nje-ambasador-qesharak\/","url_meta":{"origin":35078,"position":5},"title":"Shp\u00ebrthen Ylli Rakipi: &#8211; Ambasadori Soreca, nj\u00eb keqb\u00ebr\u00ebs n\u00eb Shqip\u00ebri. Borchardt, nj\u00eb ambasador qesharak. &#8211;","author":"Kurt Farka","date":"November 22, 2019","format":false,"excerpt":"Shp\u00ebrthen Ylli Rakipi: - Ambasadori Soreca, nj\u00eb keqb\u00ebr\u00ebs n\u00eb Shqip\u00ebri. Borchardt, nj\u00eb ambasador qesharak 21 nentor 2019 Gazetari Ylli Rakipi, i ftuar n\u00eb studion e ABC News, me Mirela Milorin, ka folur p\u00ebr zhvillimet e fundit politike n\u00eb vend. Rakipi tha se institucioni i fundit q\u00eb ka mbetur pa marr\u00eb\u2026","rel":"","context":"In &quot;Blogu i Udh\u00ebtarit&quot;","block_context":{"text":"Blogu i Udh\u00ebtarit","link":"https:\/\/www.shqiperia.com\/blog\/category\/blogu-i-udhetarit\/"},"img":{"alt_text":"","src":"https:\/\/i0.wp.com\/www.shqiperia.com\/blog\/wp-content\/uploads\/2019\/11\/ylli-rakipi.jpg?fit=696%2C368&ssl=1&resize=350%2C200","width":350,"height":200,"srcset":"https:\/\/i0.wp.com\/www.shqiperia.com\/blog\/wp-content\/uploads\/2019\/11\/ylli-rakipi.jpg?fit=696%2C368&ssl=1&resize=350%2C200 1x, https:\/\/i0.wp.com\/www.shqiperia.com\/blog\/wp-content\/uploads\/2019\/11\/ylli-rakipi.jpg?fit=696%2C368&ssl=1&resize=525%2C300 1.5x"},"classes":[]}],"_links":{"self":[{"href":"https:\/\/www.shqiperia.com\/blog\/wp-json\/wp\/v2\/posts\/35078","targetHints":{"allow":["GET"]}}],"collection":[{"href":"https:\/\/www.shqiperia.com\/blog\/wp-json\/wp\/v2\/posts"}],"about":[{"href":"https:\/\/www.shqiperia.com\/blog\/wp-json\/wp\/v2\/types\/post"}],"author":[{"embeddable":true,"href":"https:\/\/www.shqiperia.com\/blog\/wp-json\/wp\/v2\/users\/9"}],"replies":[{"embeddable":true,"href":"https:\/\/www.shqiperia.com\/blog\/wp-json\/wp\/v2\/comments?post=35078"}],"version-history":[{"count":1,"href":"https:\/\/www.shqiperia.com\/blog\/wp-json\/wp\/v2\/posts\/35078\/revisions"}],"predecessor-version":[{"id":35080,"href":"https:\/\/www.shqiperia.com\/blog\/wp-json\/wp\/v2\/posts\/35078\/revisions\/35080"}],"wp:featuredmedia":[{"embeddable":true,"href":"https:\/\/www.shqiperia.com\/blog\/wp-json\/wp\/v2\/media\/35079"}],"wp:attachment":[{"href":"https:\/\/www.shqiperia.com\/blog\/wp-json\/wp\/v2\/media?parent=35078"}],"wp:term":[{"taxonomy":"category","embeddable":true,"href":"https:\/\/www.shqiperia.com\/blog\/wp-json\/wp\/v2\/categories?post=35078"},{"taxonomy":"post_tag","embeddable":true,"href":"https:\/\/www.shqiperia.com\/blog\/wp-json\/wp\/v2\/tags?post=35078"}],"curies":[{"name":"wp","href":"https:\/\/api.w.org\/{rel}","templated":true}]}}