{"id":35075,"date":"2020-05-26T00:32:58","date_gmt":"2020-05-26T00:32:58","guid":{"rendered":"https:\/\/www.shqiperia.com\/blog\/?p=35075"},"modified":"2020-05-26T00:32:58","modified_gmt":"2020-05-26T00:32:58","slug":"analiza-fatos-lubonja-yuri-kim-orakulli-i-delfit-dhe-shkaterrimi-i-teatrit-arsyet-pse-ambasadorja-e-shba-akuzoi-per-marreveshje-te-fshehte","status":"publish","type":"post","link":"https:\/\/www.shqiperia.com\/blog\/analiza-fatos-lubonja-yuri-kim-orakulli-i-delfit-dhe-shkaterrimi-i-teatrit-arsyet-pse-ambasadorja-e-shba-akuzoi-per-marreveshje-te-fshehte\/","title":{"rendered":"ANALIZA\/ Fatos Lubonja: &#8211; Yuri Kim, orakulli i Delfit dhe shkat\u00ebrrimi i Teatrit. Arsyet pse ambasadorja e SHBA akuzoi p\u00ebr marr\u00ebveshje t\u00eb fsheht\u00eb"},"content":{"rendered":"<p><img data-recalc-dims=\"1\" loading=\"lazy\" decoding=\"async\" data-attachment-id=\"35076\" data-permalink=\"https:\/\/www.shqiperia.com\/blog\/analiza-fatos-lubonja-yuri-kim-orakulli-i-delfit-dhe-shkaterrimi-i-teatrit-arsyet-pse-ambasadorja-e-shba-akuzoi-per-marreveshje-te-fshehte\/fatos-lubonja-yri-kim-tetri-433x300\/\" data-orig-file=\"https:\/\/i0.wp.com\/www.shqiperia.com\/blog\/wp-content\/uploads\/2020\/05\/Fatos-Lubonja-Yri-Kim-Tetri-433x300-1.jpg?fit=410%2C220&amp;ssl=1\" data-orig-size=\"410,220\" data-comments-opened=\"1\" data-image-meta=\"{&quot;aperture&quot;:&quot;0&quot;,&quot;credit&quot;:&quot;&quot;,&quot;camera&quot;:&quot;&quot;,&quot;caption&quot;:&quot;&quot;,&quot;created_timestamp&quot;:&quot;0&quot;,&quot;copyright&quot;:&quot;&quot;,&quot;focal_length&quot;:&quot;0&quot;,&quot;iso&quot;:&quot;0&quot;,&quot;shutter_speed&quot;:&quot;0&quot;,&quot;title&quot;:&quot;&quot;,&quot;orientation&quot;:&quot;0&quot;}\" data-image-title=\"Fatos-Lubonja-Yri-Kim-Tetri-433&#215;300\" data-image-description=\"\" data-image-caption=\"\" data-medium-file=\"https:\/\/i0.wp.com\/www.shqiperia.com\/blog\/wp-content\/uploads\/2020\/05\/Fatos-Lubonja-Yri-Kim-Tetri-433x300-1.jpg?fit=300%2C161&amp;ssl=1\" data-large-file=\"https:\/\/i0.wp.com\/www.shqiperia.com\/blog\/wp-content\/uploads\/2020\/05\/Fatos-Lubonja-Yri-Kim-Tetri-433x300-1.jpg?fit=410%2C220&amp;ssl=1\" class=\"alignnone  wp-image-35076\" alt=\"\" src=\"https:\/\/i0.wp.com\/www.shqiperia.com\/blog\/wp-content\/uploads\/2020\/05\/Fatos-Lubonja-Yri-Kim-Tetri-433x300-1.jpg?resize=559%2C300&#038;ssl=1\" width=\"559\" height=\"300\" srcset=\"https:\/\/i0.wp.com\/www.shqiperia.com\/blog\/wp-content\/uploads\/2020\/05\/Fatos-Lubonja-Yri-Kim-Tetri-433x300-1.jpg?resize=300%2C161&amp;ssl=1 300w, https:\/\/i0.wp.com\/www.shqiperia.com\/blog\/wp-content\/uploads\/2020\/05\/Fatos-Lubonja-Yri-Kim-Tetri-433x300-1.jpg?resize=400%2C215&amp;ssl=1 400w, https:\/\/i0.wp.com\/www.shqiperia.com\/blog\/wp-content\/uploads\/2020\/05\/Fatos-Lubonja-Yri-Kim-Tetri-433x300-1.jpg?w=410&amp;ssl=1 410w\" sizes=\"auto, (max-width: 559px) 100vw, 559px\" \/><\/p>\n<p>ANALIZA\/ Fatos Lubonja: &#8211; Yuri Kim, orakulli i Delfit dhe shkat\u00ebrrimi i Teatrit. Arsyet pse ambasadorja e SHBA akuzoi p\u00ebr marr\u00ebveshje t\u00eb fsheht\u00eb<\/p>\n<p><em>25 maji 2020<\/em><\/p>\n<p><strong>Nga: FATOS LUBONJA<\/strong><\/p>\n<p>Cic\u00ebrima gjith\u00eb ambiguitet e ambasadores amerikane, Yuri Kim, ku shprehej se qe e shqet\u00ebsuar p\u00ebr ca thashetheme q\u00eb qarkullonin p\u00ebr nj\u00eb marr\u00ebveshje t\u00eb fsheht\u00eb (shqiptar\u00ebsh), t\u00eb cil\u00ebt po sabotonin Reform\u00ebn n\u00eb Drejt\u00ebsi, m\u00eb kujtoi Orakullin e Delfit.<\/p>\n<p>P\u00ebr ata q\u00eb nuk e din\u00eb: n\u00eb Orakullin e Delfit, persona t\u00eb ndrysh\u00ebm shkonin t\u00eb merrnin p\u00ebrgjigje p\u00ebr hallet, problemet apo t\u00eb ardhmen e tyre. Aty flisnin me ca prift\u00ebresha q\u00eb u jepnin k\u00ebtyre p\u00ebrgjigje pak si n\u00eb tym \u2013 sipas nj\u00eb versioni pasi ato pinin gjith\u00eb koh\u00ebs opium \u2013 por, ama, kjo ishte e llogaritur q\u00eb pastaj prift\u00ebrinjt\u00eb e m\u00ebdhenj me mjek\u00ebr t\u2019i interpretonin fjal\u00ebt e tyre sipas interesave t\u00eb pushtetit apo paras\u00eb q\u00eb kishin te personat q\u00eb shkonin atje.<\/p>\n<p>Ndjes\u00eb ambasadores, por, me ardhjen e saj, ambasada ka filluar t\u00eb flas\u00eb gjithnj\u00eb e m\u00eb shum\u00eb me k\u00ebt\u00eb gjuh\u00ebn e prift\u00ebreshave t\u00eb Delfit (m\u00eb kujtohet p.sh. kur n\u00eb protest\u00ebn e Met\u00ebs ajo u shpreh: \u201cNuk e kuptova se pse ishte atje flamuri amerikan\u201d). K\u00ebsaj here, nga ky stil u frym\u00ebzua edhe prifti me mjek\u00ebr, Edi Rama, q\u00eb e interpretoi cic\u00ebrim\u00ebn e ambasadores me th\u00ebnien e Shekspirit: \u201cFerri \u00ebsht\u00eb bosh, djajt\u00eb jan\u00eb t\u00eb gjith\u00eb k\u00ebtu\u201d, q\u00eb, e interpretuar drejt, sipas meje do t\u00eb thot\u00eb se ambasadorja k\u00ebrc\u00ebnonte djajt\u00eb, d.m.th. kund\u00ebrshtar\u00ebt e tij, t\u00eb cil\u00ebt tashm\u00eb duhet t\u00eb ishin n\u00eb burg, se po vazhdonin t\u2019i krijonin turbullira.<\/p>\n<p>Meta, p\u00ebrkundrazi, e interpretoi duke th\u00ebn\u00eb se fjala ishte p\u00ebr pengesat q\u00eb po sjell Rama e t\u00eb tijt\u00eb dhe nxori 14 pikat q\u00eb ia ka d\u00ebrguar q\u00eb n\u00eb prill ambasad\u00ebs. Edhe Basha tha se ambasadorja e kishte me Ram\u00ebn, i cili, me gjuh\u00ebn e nj\u00eb deputeti, kishte k\u00ebrkuar t\u00eb shkap\u00ebrceheshin apo ndryshoheshin ca nene t\u00eb Kushtetut\u00ebs. Por interpretimet u pasuruan edhe me skandalin Daci. Meqen\u00ebse ky b\u00ebri pis procesin e vetingut, ambasadorja, sipas k\u00ebtij interpretimi, nxitoi t\u00eb d\u00ebnoj\u00eb ndot\u00ebsit p\u00ebr t\u00eb mbajtur t\u00eb past\u00ebr imazhin e Reform\u00ebs (s\u00eb suksesshme) n\u00eb Drejt\u00ebsi. Nuk mungoi as interpretimi se cic\u00ebrima i drejtohej Edi Ram\u00ebs, dora vet\u00eb, pasi amerikan\u00ebt i kan\u00eb th\u00ebn\u00eb t\u00eb heq\u00eb dor\u00eb nga amnistia fiskale dhe ligji p\u00ebr legalizimin e kanabisit, q\u00eb t\u00eb dyja n\u00eb favor t\u00eb narkotrafikant\u00ebve, me t\u00eb cil\u00ebt po nd\u00ebrton kullat, por ai u ka dal\u00eb p\u00ebr duarsh, nuk u bindet m\u00eb.<\/p>\n<p>Duke luajtur rolin e priftit me mjek\u00ebr t\u00eb Delfit, po jap edhe un\u00eb interpretimin tim. Sigurisht, ambasadorja nuk ka qen\u00eb n\u00ebn efekte opiumi, por pa dyshim ia ka turbulluar pak gjendjen shpirt\u00ebrore shkat\u00ebrrimi n\u00eb at\u00eb m\u00ebnyr\u00eb i Teatrit Komb\u00ebtar nga beniamini i\u00a0ambasad\u00ebs, sheiku i Albanis\u00eb, Edi Rama. K\u00ebshtu, meq\u00eb nuk mund t\u00eb thoshte dot: \u201cAmbasada amerikane mb\u00ebshtet shembjen e Teatrit Popullor\u201d-sepse kjo do ta ulte n\u00eb minimumin e vet historik reputacionin n\u00eb r\u00ebnie pikiat\u00eb t\u00eb Ambasad\u00ebs\u2013 zgjodhi t\u00eb jap\u00eb mesazhin: Teatri \u00ebsht\u00eb nj\u00eb aksident i par\u00ebnd\u00ebsish\u00ebm, vazhdoni pun\u00ebn, merruni me Reform\u00ebn n\u00eb Drejt\u00ebsi.<\/p>\n<p>Pse e them k\u00ebt\u00eb? Sepse t\u00eb flas\u00ebsh p\u00ebr Reform\u00ebn n\u00eb Drejt\u00ebsi dit\u00ebt kur \u00ebsht\u00eb kryer nj\u00eb nga krimet m\u00eb t\u00eb ul\u00ebta, jo vet\u00ebm ndaj kultur\u00ebs e identitetit shqiptar, por edhe ndaj drejt\u00ebsis\u00eb dhe shtetit t\u00eb s\u00eb drejt\u00ebs, \u00ebsht\u00eb nj\u00eblloj sikur t\u00eb inkurajosh mjek\u00ebt q\u00eb i ke paguar p\u00ebr t\u00eb sh\u00ebruar nj\u00eb pacient, t\u00eb vazhdojn\u00eb t\u00eb k\u00ebrkojn\u00eb gjetjen e kur\u00ebs, nd\u00ebrkoh\u00eb q\u00eb k\u00ebta, me vet\u00ebdije, e kan\u00eb vrar\u00eb pacientin dhe k\u00ebt\u00eb e din\u00eb t\u00eb gjith\u00eb. Prandaj, p\u00ebr mua, fakti q\u00eb Yuri Kim ka ardhur k\u00ebtu me udh\u00ebzime t\u00eb qarta q\u00eb t\u00eb mb\u00ebshtes\u00eb sheikun e Albanis\u00eb (p\u00ebr interesa amerikane dhe jo proceset demokratike e forcimin e shtetit e s\u00eb drejt\u00ebs), u provua edhe nj\u00eb her\u00eb me q\u00ebndrimin e Ambasad\u00ebs dit\u00ebn e shkat\u00ebrrimit t\u00eb Teatrit.<\/p>\n<p>Pyetja shtrohet: pse e mb\u00ebshtesin amerikan\u00ebt Edi Ram\u00ebn? Sqaroj se kur them \u201camerikan\u00ebt\u201d nuk kam parasysh gjith\u00eb SHBA, por faktin fatkeq se ata q\u00eb merren direkt me Shqip\u00ebrin\u00eb nuk jan\u00eb m\u00eb shum\u00eb se 4-5 veta n\u00eb Departamentin e Shtetit. Pra, kam parasysh k\u00ebta dhe disa lobe rreth tyre. Deri te Lu-ja, q\u00eb konsiderohej i administrat\u00ebs Obama, mb\u00ebshtetjen, deri n\u00eb mbulimin me flamur amerikan t\u00eb fushave me kanabis, e kemi shpjeguar me lidhjet e Ram\u00ebs n\u00ebp\u00ebrmjet Soros, me administrat\u00ebn e Klintonin etj..<\/p>\n<p>E kemi shpjeguar edhe me gatishm\u00ebrin\u00eb p\u00ebr t\u00eb sjell\u00eb muxhahedin\u00ebt, me harxhimet e trustit t\u00eb kanabisit dhe kokain\u00ebs p\u00ebr t\u00eb promovuar imazhin e Kryeministrit artist vizionar, por edhe me nj\u00eb p\u00ebr\u00e7mim, q\u00eb kan\u00eb thell\u00eb-thell\u00eb per\u00ebndimor\u00ebt kur shohin sjelljen\u00a0ton\u00eb prej hajdut\u00ebsh pa pik\u00eb dinjiteti, q\u00eb l\u00ebpijn\u00eb lart e p\u00ebshtyjn\u00eb posht\u00eb, \u00e7ka i b\u00ebn t\u00eb mendoj\u00eb se shqiptar\u00ebt kaq meritojn\u00eb: nj\u00eb sheik q\u00eb luan solo pasi nuk jan\u00eb n\u00eb gjendje t\u00eb luajn\u00eb muzik\u00ebn e demokracis\u00eb me nj\u00eb orkest\u00ebr. Disa nga k\u00ebto arsye mbeten, por m\u00eb duken si t\u00eb pamjaftueshme po t\u00eb kesh parasysh p\u00ebrshkall\u00ebzimin e pushtetit t\u00eb krimit t\u00eb organizuar n\u00eb Albani. Prandaj, mua analiza m\u00eb \u00e7on edhe n\u00eb Kosov\u00eb.<\/p>\n<p>Po t\u00eb vesh re edhe atje, Kurti \u00ebsht\u00eb pro-amerikan, si\u00e7 \u00ebsht\u00eb edhe opozita jon\u00eb pro amerikane, por ata nxituan ta rr\u00ebzojn\u00eb, megjith\u00ebse koh\u00eb pandemie, n\u00eb favor t\u00eb Tha\u00e7it. E pra, ka vet\u00ebm nj\u00eb gj\u00eb q\u00eb i b\u00ebn \u201cantiamerikan\u00eb\u201d si opozit\u00ebn ton\u00eb, edhe Kurtin: ata jan\u00eb kund\u00ebr planeve p\u00ebr ndryshimin e kufijve, prandaj gjykoj se mb\u00ebshtetja e Ram\u00ebs n\u00eb Tiran\u00eb, ashtu sikurse ajo e Tha\u00e7it n\u00eb Kosov\u00eb shpjegohet edhe me faktin se k\u00ebta jan\u00eb interlokutor\u00ebt e zgjedhur p\u00ebr t\u00eb kryer marr\u00ebveshjen e ndryshimit t\u00eb kufijve n\u00eb Kosov\u00eb. Qofsha i gabuar, koha do ta v\u00ebrtetoj\u00eb.<\/p>\n<p>Me k\u00ebt\u00eb nuk dua t\u00eb them se, sapo t\u00eb kryejn\u00eb k\u00ebt\u00eb pun\u00eb, do t\u00eb heqin dor\u00eb prej Ram\u00ebs dhe Tha\u00e7it. K\u00ebt\u00eb nuk e besoj si\u00e7 nuk besoj as nj\u00eb version q\u00eb qarkullon se amerikan\u00ebt duan t\u00eb p\u00ebrfundoj\u00eb Reforma n\u00eb Drejt\u00ebsi me \u00e7do kusht dhe, pastaj, i pari q\u00eb do t\u00eb bjer\u00eb n\u00eb rrjet\u00ebn e saj do t\u00eb jet\u00eb sheiku i Albanis\u00eb, dora vet\u00eb. Kjo \u00ebsht\u00eb nj\u00eb p\u00ebrrall\u00eb e bukur p\u00ebr ata q\u00eb presin t\u2019ua nxjerrin g\u00ebshtenjat nga zjarri t\u00eb tjer\u00ebt.<\/p>\n<p>Sot p\u00ebr sot di t\u00eb them se shembja e Teatrit n\u00eb at\u00eb m\u00ebnyr\u00eb, megjith\u00eb shembjet e tjera q\u00eb ajo p\u00ebrmban, nuk \u00ebsht\u00eb e mjaftueshme q\u00eb \u201camerikan\u00ebt\u201d t\u00eb heqin dor\u00eb nga mb\u00ebshtetja p\u00ebr sheikun e Albanis\u00eb. Atyre q\u00eb presin t\u00eb ndodh\u00eb kjo, pra, q\u00eb t\u2019ua heq\u00eb SHBA sheikun pro amerikan q\u00eb po i dhunon, po u kujtoj se, n\u00eb Vietnamin e Jugut, kur amerikan\u00ebt, p\u00ebr interesat e tyre gjeopolitike, mb\u00ebshtesnin nj\u00eb tip t\u00eb till\u00eb si autokrati Diem, e l\u00ebshuan at\u00eb vet\u00ebm kur kund\u00ebrshtar\u00ebt e tij, vietnamez\u00ebt budist\u00eb, filluan t\u00eb protestojn\u00eb duke u djegur t\u00eb gjall\u00eb n\u00eb Sajgon dhe kur fotot e tyre b\u00ebn\u00eb xhiron e bot\u00ebs, duke diskredituar mb\u00ebshtetjen amerikane p\u00ebr Diem. Dhe \u00e7\u2019\u00ebsht\u00eb m\u00eb e keqja, ata, me t\u00eb cil\u00ebt e z\u00ebvend\u00ebsuan, nuk dol\u00ebn m\u00eb t\u00eb mir\u00eb.<\/p>\n<p>Shpresoj q\u00eb mesazhi q\u00eb jep kjo histori, t\u00eb jet\u00eb m\u00eb i qart\u00eb p\u00ebr shqiptar\u00ebt sesa cic\u00ebrima e ambasadores Kim.<\/p>\n","protected":false},"excerpt":{"rendered":"<p>ANALIZA\/ Fatos Lubonja: &#8211; Yuri Kim, orakulli i Delfit dhe shkat\u00ebrrimi i Teatrit. Arsyet pse ambasadorja e SHBA akuzoi p\u00ebr marr\u00ebveshje t\u00eb fsheht\u00eb 25 maji 2020 Nga: FATOS LUBONJA Cic\u00ebrima gjith\u00eb ambiguitet e ambasadores amerikane, Yuri Kim, ku shprehej se qe e shqet\u00ebsuar p\u00ebr ca thashetheme q\u00eb qarkullonin p\u00ebr nj\u00eb marr\u00ebveshje t\u00eb fsheht\u00eb (shqiptar\u00ebsh), t\u00eb [&hellip;]<\/p>\n","protected":false},"author":9,"featured_media":35076,"comment_status":"open","ping_status":"open","sticky":false,"template":"","format":"standard","meta":{"jetpack_post_was_ever_published":false,"_jetpack_newsletter_access":"","_jetpack_dont_email_post_to_subs":false,"_jetpack_newsletter_tier_id":0,"_jetpack_memberships_contains_paywalled_content":false,"_jetpack_memberships_contains_paid_content":false,"footnotes":"","jetpack_publicize_message":"","jetpack_publicize_feature_enabled":true,"jetpack_social_post_already_shared":true,"jetpack_social_options":{"image_generator_settings":{"template":"highway","default_image_id":0,"font":"","enabled":false},"version":2}},"categories":[27,2,35],"tags":[],"class_list":["post-35075","post","type-post","status-publish","format-standard","has-post-thumbnail","hentry","category-blogu-i-udhetarit","category-politika","category-shoqerore"],"jetpack_publicize_connections":[],"jetpack_featured_media_url":"https:\/\/i0.wp.com\/www.shqiperia.com\/blog\/wp-content\/uploads\/2020\/05\/Fatos-Lubonja-Yri-Kim-Tetri-433x300-1.jpg?fit=410%2C220&ssl=1","jetpack_sharing_enabled":true,"jetpack_shortlink":"https:\/\/wp.me\/p5Z6wp-97J","jetpack-related-posts":[{"id":37071,"url":"https:\/\/www.shqiperia.com\/blog\/yuri-kim-e-ka-gabim-analisti-i-njohur-sulmon-ambasadoren-amerikane\/","url_meta":{"origin":35075,"position":0},"title":"\u2018Yuri Kim e ka gabim\u2019, analisti i njohur sulmon ambasadoren amerikane","author":"Kurt Farka","date":"August 10, 2020","format":false,"excerpt":"\u2018Yuri Kim e ka gabim\u2019, analisti i njohur sulmon ambasadoren amerikane 10 GUSHT 2020 Analisti Fatos Lubonja i konsideron veprimet e Prokuroris\u00eb Speciale si selektive, duke theksuar se nj\u00eb pjes\u00eb t\u00eb kriminel\u00ebve dhe trafikant\u00ebve q\u00eb jan\u00eb pran\u00eb qeveris\u00eb nuk preken. I ftuar n\u00eb \u201cNe\u00ebs 24\u201d, Lubonja komenton edhe deklaratat e\u2026","rel":"","context":"In &quot;Blogu i Udh\u00ebtarit&quot;","block_context":{"text":"Blogu i Udh\u00ebtarit","link":"https:\/\/www.shqiperia.com\/blog\/category\/blogu-i-udhetarit\/"},"img":{"alt_text":"","src":"https:\/\/i0.wp.com\/www.shqiperia.com\/blog\/wp-content\/uploads\/2020\/08\/640-0-5f3180128e72f.jpg?fit=640%2C381&ssl=1&resize=350%2C200","width":350,"height":200,"srcset":"https:\/\/i0.wp.com\/www.shqiperia.com\/blog\/wp-content\/uploads\/2020\/08\/640-0-5f3180128e72f.jpg?fit=640%2C381&ssl=1&resize=350%2C200 1x, https:\/\/i0.wp.com\/www.shqiperia.com\/blog\/wp-content\/uploads\/2020\/08\/640-0-5f3180128e72f.jpg?fit=640%2C381&ssl=1&resize=525%2C300 1.5x"},"classes":[]},{"id":57031,"url":"https:\/\/www.shqiperia.com\/blog\/sherri-ne-foltoren-e-kuvendit-lubonja-deshperuese-ja-pse-berisha-eshte-opozitari-me-i-besueshem\/","url_meta":{"origin":35075,"position":1},"title":"\u2018Sherri\u2019 n\u00eb foltoren e Kuvendit, Lubonja: &#8211; D\u00ebshp\u00ebruese, ja pse Berisha \u00ebsht\u00eb opozitari m\u00eb i besuesh\u00ebm","author":"Kurt Farka","date":"April 21, 2022","format":false,"excerpt":"\u2018Sherri\u2019 n\u00eb foltoren e Kuvendit, Lubonja: - D\u00ebshp\u00ebruese, ja pse Berisha \u00ebsht\u00eb opozitari m\u00eb i besuesh\u00ebm 21 PRILL 2022 Analisti Fatos Lubonja ka komentuar mbr\u00ebmjen e sotm situat\u00ebn politike n\u00eb vend. Ai ka folur gjithashtu edhe p\u00ebr p\u00ebrplasjen mes Berish\u00ebs dhe Alibeajt n\u00eb foltoren e Kuvendit. Lubonja e ka konsideruar\u2026","rel":"","context":"In &quot;Blogu i Udh\u00ebtarit&quot;","block_context":{"text":"Blogu i Udh\u00ebtarit","link":"https:\/\/www.shqiperia.com\/blog\/category\/blogu-i-udhetarit\/"},"img":{"alt_text":"","src":"https:\/\/i0.wp.com\/www.shqiperia.com\/blog\/wp-content\/uploads\/2022\/04\/Fatos-Lubonja.jpg?fit=800%2C438&ssl=1&resize=350%2C200","width":350,"height":200,"srcset":"https:\/\/i0.wp.com\/www.shqiperia.com\/blog\/wp-content\/uploads\/2022\/04\/Fatos-Lubonja.jpg?fit=800%2C438&ssl=1&resize=350%2C200 1x, https:\/\/i0.wp.com\/www.shqiperia.com\/blog\/wp-content\/uploads\/2022\/04\/Fatos-Lubonja.jpg?fit=800%2C438&ssl=1&resize=525%2C300 1.5x, https:\/\/i0.wp.com\/www.shqiperia.com\/blog\/wp-content\/uploads\/2022\/04\/Fatos-Lubonja.jpg?fit=800%2C438&ssl=1&resize=700%2C400 2x"},"classes":[]},{"id":36370,"url":"https:\/\/www.shqiperia.com\/blog\/plas-sherri-ne-studio-fatos-lubonja-perplaset-me-murrizin-sdihet-se-ke-perfaqeson-nese-je-sherbetor-i-rames-duhet\/","url_meta":{"origin":35075,"position":2},"title":"Plas sherri n\u00eb studio; &#8211; Fatos Lubonja p\u00ebrplaset me Murrizin: S&#8217;dihet se k\u00eb p\u00ebrfaq\u00ebson, n\u00ebse je sh\u00ebrb\u00ebtor i Ram\u00ebs\u00a0duhet&#8230;","author":"Kurt Farka","date":"July 16, 2020","format":false,"excerpt":"Plas sherri n\u00eb studio; - Fatos Lubonja p\u00ebrplaset me Murrizin: S'dihet se k\u00eb p\u00ebrfaq\u00ebson, n\u00ebse je sh\u00ebrb\u00ebtor i Ram\u00ebs\u00a0duhet... 16 KORRIK 2020 Deputeti Myslim Murrizi \u00ebsht\u00eb p\u00ebrplasur ashp\u00ebr me analistin Fatos Lubonja. Ky i fundit tha se opozita parlamentare nuk dihet k\u00eb p\u00ebrfaq\u00ebson, madje i akuzoi ata si \"sh\u00ebrb\u00ebtor\" t\u00eb\u2026","rel":"","context":"In &quot;Blogu i Udh\u00ebtarit&quot;","block_context":{"text":"Blogu i Udh\u00ebtarit","link":"https:\/\/www.shqiperia.com\/blog\/category\/blogu-i-udhetarit\/"},"img":{"alt_text":"","src":"https:\/\/i0.wp.com\/www.shqiperia.com\/blog\/wp-content\/uploads\/2020\/07\/fatos-lubonja.jpg?fit=588%2C302&ssl=1&resize=350%2C200","width":350,"height":200,"srcset":"https:\/\/i0.wp.com\/www.shqiperia.com\/blog\/wp-content\/uploads\/2020\/07\/fatos-lubonja.jpg?fit=588%2C302&ssl=1&resize=350%2C200 1x, https:\/\/i0.wp.com\/www.shqiperia.com\/blog\/wp-content\/uploads\/2020\/07\/fatos-lubonja.jpg?fit=588%2C302&ssl=1&resize=525%2C300 1.5x"},"classes":[]},{"id":48477,"url":"https:\/\/www.shqiperia.com\/blog\/arrestimet-e-zyrtareve-nga-spak-analiza-e-fatos-lubonjes-regjisori-eshte-edi-rama-ben-operacione-per-te-krijuar-idene-se-po-nderton-shtet\/","url_meta":{"origin":35075,"position":3},"title":"Arrestimet e zyrtar\u00ebve nga SPAK. \u00a0Analiza e Fatos Lubonj\u00ebs:  &#8211; Regjisori \u00ebsht\u00eb Edi Rama, b\u00ebn operacione p\u00ebr t\u00eb krijuar iden\u00eb se po nd\u00ebrton shtet!","author":"Kurt Farka","date":"July 14, 2021","format":false,"excerpt":"Arrestimet e zyrtar\u00ebve nga SPAK. \u00a0Analiza e Fatos Lubonj\u00ebs: - Regjisori \u00ebsht\u00eb Edi Rama, b\u00ebn operacione p\u00ebr t\u00eb krijuar iden\u00eb se po nd\u00ebrton shtet! 14 korrik 2021 lubonja-spakAnalisti Fatos Lubonja ka komentuar aksionet e fundit t\u00eb SPAK, ku n\u00eb pranga jan\u00eb v\u00ebn\u00eb zyrtar\u00eb t\u00eb lart\u00eb t\u00eb shtetit. N\u00eb nj\u00eb intervist\u00eb\u2026","rel":"","context":"In &quot;Blogu i Udh\u00ebtarit&quot;","block_context":{"text":"Blogu i Udh\u00ebtarit","link":"https:\/\/www.shqiperia.com\/blog\/category\/blogu-i-udhetarit\/"},"img":{"alt_text":"","src":"https:\/\/i0.wp.com\/www.shqiperia.com\/blog\/wp-content\/uploads\/2021\/07\/Fatos-Lubonja.jpg?fit=800%2C454&ssl=1&resize=350%2C200","width":350,"height":200,"srcset":"https:\/\/i0.wp.com\/www.shqiperia.com\/blog\/wp-content\/uploads\/2021\/07\/Fatos-Lubonja.jpg?fit=800%2C454&ssl=1&resize=350%2C200 1x, https:\/\/i0.wp.com\/www.shqiperia.com\/blog\/wp-content\/uploads\/2021\/07\/Fatos-Lubonja.jpg?fit=800%2C454&ssl=1&resize=525%2C300 1.5x, https:\/\/i0.wp.com\/www.shqiperia.com\/blog\/wp-content\/uploads\/2021\/07\/Fatos-Lubonja.jpg?fit=800%2C454&ssl=1&resize=700%2C400 2x"},"classes":[]},{"id":48906,"url":"https:\/\/www.shqiperia.com\/blog\/nese-pd-do-vinte-ne-pushtet-shba-nuk-do-lubonja-per-shpalljen-non-grata-te-berishes-duan-te-ndryshojne-fokusin-nga-problemet-e-vendit-ja-cfare-i-mung\/","url_meta":{"origin":35075,"position":4},"title":"\u201cN\u00ebse PD do vinte n\u00eb pushtet, SHBA nuk do\u2026\u201d. Lubonja p\u00ebr shpalljen \u2018non-grata\u2019 t\u00eb Berish\u00ebs: &#8211; Duan t\u00eb ndryshojn\u00eb fokusin nga problemet e vendit, ja \u00e7far\u00eb i mungon politik\u00ebs","author":"Kurt Farka","date":"August 7, 2021","format":false,"excerpt":"\u201cN\u00ebse PD do vinte n\u00eb pushtet, SHBA nuk do\u2026\u201d. Lubonja p\u00ebr shpalljen \u2018non-grata\u2019 t\u00eb Berish\u00ebs: - Duan t\u00eb ndryshojn\u00eb fokusin nga problemet e vendit, ja \u00e7far\u00eb i mungon politik\u00ebs 6 gusht 2021 Analisti Fatos Lubonja thot\u00eb se fokusi q\u00eb i \u00ebsht\u00eb dh\u00ebn\u00eb shpalljes \u201cnon-grata\u201d t\u00eb ish-kryeministrit Sali Berisha, ka larguar\u2026","rel":"","context":"In &quot;Blogu i Udh\u00ebtarit&quot;","block_context":{"text":"Blogu i Udh\u00ebtarit","link":"https:\/\/www.shqiperia.com\/blog\/category\/blogu-i-udhetarit\/"},"img":{"alt_text":"","src":"https:\/\/i0.wp.com\/www.shqiperia.com\/blog\/wp-content\/uploads\/2021\/08\/mm.jpg.jpg?fit=512%2C341&ssl=1&resize=350%2C200","width":350,"height":200},"classes":[]},{"id":39018,"url":"https:\/\/www.shqiperia.com\/blog\/e-mirepres-propozimin-e-pd-yuri-kim-mesazh-te-qarte-politikes-ata-qe-nenshkruan-5-qershorin-mos-te-devijojne-eshte-ceshtje-nderi\/","url_meta":{"origin":35075,"position":5},"title":"\u201cE mir\u00ebpres propozimin e PD\u201d, Yuri Kim mesazh t\u00eb qart\u00eb politik\u00ebs: Ata q\u00eb n\u00ebnshkruan 5 Qershorin mos t\u00eb devijojn\u00eb! \u00cbsht\u00eb \u00e7\u00ebshtje nderi","author":"Kurt Farka","date":"September 28, 2020","format":false,"excerpt":"\u201cE mir\u00ebpres propozimin e PD\u201d, Yuri Kim mesazh t\u00eb qart\u00eb politik\u00ebs: Ata q\u00eb n\u00ebnshkruan 5 Qershorin mos t\u00eb devijojn\u00eb! \u00cbsht\u00eb \u00e7\u00ebshtje nderi 28 shtator 2020 Ambasadorja amerikane n\u00eb Tiran\u00eb, Yuri Kim, k\u00ebrkon nga t\u00eb gjitha partit\u00eb q\u00eb kan\u00eb n\u00ebnshkruar marr\u00ebveshjen e 5 Qershorit, q\u00eb t\u2019i q\u00ebndrojn\u00eb asaj marr\u00ebveshje. Teksa n\u00eb\u2026","rel":"","context":"In &quot;Blogu i Udh\u00ebtarit&quot;","block_context":{"text":"Blogu i Udh\u00ebtarit","link":"https:\/\/www.shqiperia.com\/blog\/category\/blogu-i-udhetarit\/"},"img":{"alt_text":"","src":"https:\/\/i0.wp.com\/www.shqiperia.com\/blog\/wp-content\/uploads\/2020\/09\/64afb3ac245b711f650ac1d9ccf39bff_XL-e1601299326901-905x450-1.jpg?fit=905%2C450&ssl=1&resize=350%2C200","width":350,"height":200,"srcset":"https:\/\/i0.wp.com\/www.shqiperia.com\/blog\/wp-content\/uploads\/2020\/09\/64afb3ac245b711f650ac1d9ccf39bff_XL-e1601299326901-905x450-1.jpg?fit=905%2C450&ssl=1&resize=350%2C200 1x, https:\/\/i0.wp.com\/www.shqiperia.com\/blog\/wp-content\/uploads\/2020\/09\/64afb3ac245b711f650ac1d9ccf39bff_XL-e1601299326901-905x450-1.jpg?fit=905%2C450&ssl=1&resize=525%2C300 1.5x, https:\/\/i0.wp.com\/www.shqiperia.com\/blog\/wp-content\/uploads\/2020\/09\/64afb3ac245b711f650ac1d9ccf39bff_XL-e1601299326901-905x450-1.jpg?fit=905%2C450&ssl=1&resize=700%2C400 2x"},"classes":[]}],"_links":{"self":[{"href":"https:\/\/www.shqiperia.com\/blog\/wp-json\/wp\/v2\/posts\/35075","targetHints":{"allow":["GET"]}}],"collection":[{"href":"https:\/\/www.shqiperia.com\/blog\/wp-json\/wp\/v2\/posts"}],"about":[{"href":"https:\/\/www.shqiperia.com\/blog\/wp-json\/wp\/v2\/types\/post"}],"author":[{"embeddable":true,"href":"https:\/\/www.shqiperia.com\/blog\/wp-json\/wp\/v2\/users\/9"}],"replies":[{"embeddable":true,"href":"https:\/\/www.shqiperia.com\/blog\/wp-json\/wp\/v2\/comments?post=35075"}],"version-history":[{"count":1,"href":"https:\/\/www.shqiperia.com\/blog\/wp-json\/wp\/v2\/posts\/35075\/revisions"}],"predecessor-version":[{"id":35077,"href":"https:\/\/www.shqiperia.com\/blog\/wp-json\/wp\/v2\/posts\/35075\/revisions\/35077"}],"wp:featuredmedia":[{"embeddable":true,"href":"https:\/\/www.shqiperia.com\/blog\/wp-json\/wp\/v2\/media\/35076"}],"wp:attachment":[{"href":"https:\/\/www.shqiperia.com\/blog\/wp-json\/wp\/v2\/media?parent=35075"}],"wp:term":[{"taxonomy":"category","embeddable":true,"href":"https:\/\/www.shqiperia.com\/blog\/wp-json\/wp\/v2\/categories?post=35075"},{"taxonomy":"post_tag","embeddable":true,"href":"https:\/\/www.shqiperia.com\/blog\/wp-json\/wp\/v2\/tags?post=35075"}],"curies":[{"name":"wp","href":"https:\/\/api.w.org\/{rel}","templated":true}]}}