{"id":35071,"date":"2020-05-26T00:28:43","date_gmt":"2020-05-26T00:28:43","guid":{"rendered":"https:\/\/www.shqiperia.com\/blog\/?p=35071"},"modified":"2020-05-26T00:28:43","modified_gmt":"2020-05-26T00:28:43","slug":"zgjedhja-e-xhaferllarit-ne-gjykaten-kushtetuese-presidenti-meta-publikon-sms-te-e-diplomatit-te-huaj-per-ramen","status":"publish","type":"post","link":"https:\/\/www.shqiperia.com\/blog\/zgjedhja-e-xhaferllarit-ne-gjykaten-kushtetuese-presidenti-meta-publikon-sms-te-e-diplomatit-te-huaj-per-ramen\/","title":{"rendered":"Zgjedhja e Xhaferllarit n\u00eb Gjykat\u00ebn Kushtetuese\/ Presidenti Meta publikon SMS-t\u00eb e diplomatit t\u00eb huaj p\u00ebr Ram\u00ebn"},"content":{"rendered":"<p><img data-recalc-dims=\"1\" loading=\"lazy\" decoding=\"async\" data-attachment-id=\"35072\" data-permalink=\"https:\/\/www.shqiperia.com\/blog\/zgjedhja-e-xhaferllarit-ne-gjykaten-kushtetuese-presidenti-meta-publikon-sms-te-e-diplomatit-te-huaj-per-ramen\/meta\/\" data-orig-file=\"https:\/\/i0.wp.com\/www.shqiperia.com\/blog\/wp-content\/uploads\/2020\/05\/meta.jpg?fit=591%2C265&amp;ssl=1\" data-orig-size=\"591,265\" data-comments-opened=\"1\" data-image-meta=\"{&quot;aperture&quot;:&quot;0&quot;,&quot;credit&quot;:&quot;&quot;,&quot;camera&quot;:&quot;&quot;,&quot;caption&quot;:&quot;&quot;,&quot;created_timestamp&quot;:&quot;0&quot;,&quot;copyright&quot;:&quot;&quot;,&quot;focal_length&quot;:&quot;0&quot;,&quot;iso&quot;:&quot;0&quot;,&quot;shutter_speed&quot;:&quot;0&quot;,&quot;title&quot;:&quot;&quot;,&quot;orientation&quot;:&quot;0&quot;}\" data-image-title=\"meta\" data-image-description=\"\" data-image-caption=\"\" data-medium-file=\"https:\/\/i0.wp.com\/www.shqiperia.com\/blog\/wp-content\/uploads\/2020\/05\/meta.jpg?fit=300%2C135&amp;ssl=1\" data-large-file=\"https:\/\/i0.wp.com\/www.shqiperia.com\/blog\/wp-content\/uploads\/2020\/05\/meta.jpg?fit=591%2C265&amp;ssl=1\" class=\"alignnone  wp-image-35072\" alt=\"\" src=\"https:\/\/i0.wp.com\/www.shqiperia.com\/blog\/wp-content\/uploads\/2020\/05\/meta.jpg?resize=538%2C242&#038;ssl=1\" width=\"538\" height=\"242\" srcset=\"https:\/\/i0.wp.com\/www.shqiperia.com\/blog\/wp-content\/uploads\/2020\/05\/meta.jpg?resize=300%2C135&amp;ssl=1 300w, https:\/\/i0.wp.com\/www.shqiperia.com\/blog\/wp-content\/uploads\/2020\/05\/meta.jpg?resize=450%2C202&amp;ssl=1 450w, https:\/\/i0.wp.com\/www.shqiperia.com\/blog\/wp-content\/uploads\/2020\/05\/meta.jpg?resize=400%2C179&amp;ssl=1 400w, https:\/\/i0.wp.com\/www.shqiperia.com\/blog\/wp-content\/uploads\/2020\/05\/meta.jpg?w=591&amp;ssl=1 591w\" sizes=\"auto, (max-width: 538px) 100vw, 538px\" \/><\/p>\n<p>Zgjedhja e Xhaferllarit n\u00eb Gjykat\u00ebn Kushtetuese\/ Presidenti Meta publikon SMS-t\u00eb e diplomatit t\u00eb huaj p\u00ebr Ram\u00ebn<\/p>\n<p><em>25 maji 2020<\/em><\/p>\n<p><strong>Presidenti i Republik\u00ebs, Ilir Meta ka publikuar mesazhin e nj\u00eb diplomati n\u00eb Tiran\u00eb n\u00eb periudh\u00ebn kur zgjidheshin an\u00ebtar\u00ebt e rinj t\u00eb Gjykat\u00ebs Kushtetuese.<\/strong><\/p>\n<p>Sipas mesazhit t\u00eb publikuar nga Presidenti n\u00eb \u201cOpinion\u201d dhe i shp\u00ebrndar\u00eb p\u00ebr mediat edhe nga Presidenca, diplomati thot\u00eb se Rama nuk do ta bllokoj\u00eb kandidatur\u00ebn e Marsida Xhaferllarit n\u00eb list\u00ebn tjet\u00ebr p\u00ebr an\u00ebtare t\u00eb Gjykat\u00ebs Kushtetuese, \u00e7ka p\u00ebr Presidentin Meta tregon qart\u00eb ndikimin e kryeministrit n\u00eb reform\u00ebn n\u00eb drejt\u00ebsi.<\/p>\n<p><strong>Meta:\u00a0<\/strong>Un\u00eb t\u00eb diel\u00ebn n\u00eb dark\u00eb thirra me urgjenc\u00eb p\u00ebrfaq\u00ebsuesin e SHBA-s\u00eb, BE-s\u00eb dhe nja dy t\u00eb tjer\u00eb, mora edhe Avokaten e Popullit, e cila \u00ebsht\u00eb n\u00eb t\u00eb gjitha mbledhjet e KED-s\u00eb me Kushtetut\u00eb dhe ligj, i monitoron p\u00ebr transparenc\u00ebn dhe \u00e7do gj\u00eb. I th\u00ebrras dhe u them shikoni situat\u00ebn, ju kam d\u00ebrguar edhe k\u00ebt\u00eb let\u00ebr. Ka ndodhur nj\u00eb gj\u00eb e r\u00ebnd\u00eb, dje ka ndodhur nj\u00eb botim, kjo \u00ebsht\u00eb e paligjshme, antikushtetuese, ua sqarova. Ata d\u00ebgjonin me shum\u00eb v\u00ebmendje, b\u00ebnin ndonj\u00eb pyetje, por nuk i dinin gj\u00ebrat shum\u00eb mir\u00eb, madje p\u00ebrfaq\u00ebsuesi i BE-s\u00eb tha se e kishin \u00e7uar edhe n\u00eb Bruksel k\u00ebt\u00eb gj\u00eb dhe do disa dit\u00eb t\u00eb vij\u00eb nj\u00eb p\u00ebrgjigje. Un\u00eb u thash\u00eb se kjo nuk ka nevoj\u00eb p\u00ebr Bruksel, sepse 1 \u00ebsht\u00eb para 2 dhe 2 para 3 dhe kjo \u00ebsht\u00eb e p\u00ebrcaktuar n\u00eb Kushtetut\u00eb. Un\u00eb u thash\u00eb, ju lutem flisni me ata, sepse un\u00eb nuk dua p\u00ebrplasje, situata po vete shum\u00eb shqet\u00ebsuese dhe un\u00eb s\u2019mund t\u00eb hesht, un\u00eb kam toleruar shum\u00eb gj\u00ebra, sepse ata nuk i kan\u00eb sjell\u00eb tamam sipas ligjit. U kam th\u00ebn\u00eb edhe se i thoni, mos harroni q\u00eb betimi i saj dhe i kujtdo tjet\u00ebr b\u00ebhet n\u00eb Presidenc\u00eb, dhe un\u00eb nuk mund t\u00eb pranoj q\u00eb t\u00eb b\u00ebj betimin e nj\u00eb personi q\u00eb nuk \u00ebsht\u00eb an\u00ebtar i Gjykat\u00ebs Kushtetuese dhe q\u00eb \u00ebsht\u00eb aty si rezultat i nj\u00eb botimi mafioz.\u201d<\/p>\n<p><strong>Blendi Fevziu:<\/strong>\u00a0\u00c7far\u00eb \u00ebsht\u00eb kjo se duket si mesazh privat?<\/p>\n<p><img data-recalc-dims=\"1\" loading=\"lazy\" decoding=\"async\" data-attachment-id=\"35073\" data-permalink=\"https:\/\/www.shqiperia.com\/blog\/zgjedhja-e-xhaferllarit-ne-gjykaten-kushtetuese-presidenti-meta-publikon-sms-te-e-diplomatit-te-huaj-per-ramen\/431a5486-c0e4-438c-9997-045c5cbbf4d4\/\" data-orig-file=\"https:\/\/i0.wp.com\/www.shqiperia.com\/blog\/wp-content\/uploads\/2020\/05\/431a5486-c0e4-438c-9997-045c5cbbf4d4.jpg?fit=768%2C1024&amp;ssl=1\" data-orig-size=\"768,1024\" data-comments-opened=\"1\" data-image-meta=\"{&quot;aperture&quot;:&quot;0&quot;,&quot;credit&quot;:&quot;&quot;,&quot;camera&quot;:&quot;&quot;,&quot;caption&quot;:&quot;&quot;,&quot;created_timestamp&quot;:&quot;0&quot;,&quot;copyright&quot;:&quot;&quot;,&quot;focal_length&quot;:&quot;0&quot;,&quot;iso&quot;:&quot;0&quot;,&quot;shutter_speed&quot;:&quot;0&quot;,&quot;title&quot;:&quot;&quot;,&quot;orientation&quot;:&quot;0&quot;}\" data-image-title=\"431a5486-c0e4-438c-9997-045c5cbbf4d4\" data-image-description=\"\" data-image-caption=\"\" data-medium-file=\"https:\/\/i0.wp.com\/www.shqiperia.com\/blog\/wp-content\/uploads\/2020\/05\/431a5486-c0e4-438c-9997-045c5cbbf4d4.jpg?fit=225%2C300&amp;ssl=1\" data-large-file=\"https:\/\/i0.wp.com\/www.shqiperia.com\/blog\/wp-content\/uploads\/2020\/05\/431a5486-c0e4-438c-9997-045c5cbbf4d4.jpg?fit=768%2C1024&amp;ssl=1\" class=\"alignnone  wp-image-35073\" alt=\"\" src=\"https:\/\/i0.wp.com\/www.shqiperia.com\/blog\/wp-content\/uploads\/2020\/05\/431a5486-c0e4-438c-9997-045c5cbbf4d4.jpg?resize=458%2C611&#038;ssl=1\" width=\"458\" height=\"611\" srcset=\"https:\/\/i0.wp.com\/www.shqiperia.com\/blog\/wp-content\/uploads\/2020\/05\/431a5486-c0e4-438c-9997-045c5cbbf4d4.jpg?resize=225%2C300&amp;ssl=1 225w, https:\/\/i0.wp.com\/www.shqiperia.com\/blog\/wp-content\/uploads\/2020\/05\/431a5486-c0e4-438c-9997-045c5cbbf4d4.jpg?resize=450%2C600&amp;ssl=1 450w, https:\/\/i0.wp.com\/www.shqiperia.com\/blog\/wp-content\/uploads\/2020\/05\/431a5486-c0e4-438c-9997-045c5cbbf4d4.jpg?resize=600%2C800&amp;ssl=1 600w, https:\/\/i0.wp.com\/www.shqiperia.com\/blog\/wp-content\/uploads\/2020\/05\/431a5486-c0e4-438c-9997-045c5cbbf4d4.jpg?resize=400%2C533&amp;ssl=1 400w, https:\/\/i0.wp.com\/www.shqiperia.com\/blog\/wp-content\/uploads\/2020\/05\/431a5486-c0e4-438c-9997-045c5cbbf4d4.jpg?w=768&amp;ssl=1 768w\" sizes=\"auto, (max-width: 458px) 100vw, 458px\" \/><\/p>\n<p><strong>Meta:<\/strong>\u00a0Jo nuk \u00ebsht\u00eb privat. Ky mesazhi k\u00ebtu \u00ebsht\u00eb p\u00ebr t\u00eb kuptuar se si punojn\u00eb disa nd\u00ebrkomb\u00ebtar\u00eb n\u00eb Tiran\u00eb me Reform\u00ebn n\u00eb Drejt\u00ebsi. Ky \u00ebsht\u00eb nj\u00eb diplomat, nj\u00eb njeri shum\u00eb korrekt q\u00eb ka qen\u00eb n\u00eb at\u00eb takim. Nuk e ka nisur n\u00eb emrin e tij, e ka nisur n\u00eb emrin e ambasad\u00ebs s\u00eb SHBA-ve dhe BE-s\u00eb. \u2018<em>Mir\u00ebm\u00ebngjesi Beni<\/em>\u2019, thot\u00eb dit\u00ebn tjet\u00ebr ai, n\u00eb dark\u00eb ishin n\u00eb pritje dhe nuk i kishin t\u00eb qarta si e tek. \u2018<em>Takova, thot\u00eb, koleg\u00ebt e mi amerikan\u00eb dhe t\u00eb BE-s\u00eb k\u00ebt\u00eb m\u00ebngjes, fol\u00ebm me Ram\u00ebn n\u00eb telefon, dhe zyrat ligjore t\u00eb k\u00ebtyre t\u00eb dyjave, (SHBA-BE), nuk e mb\u00ebshtesin pozicionin e Presidentit p\u00ebr pezullimin<\/em>\u2019, gj\u00eb t\u00eb cil\u00ebn nuk ma than\u00eb mua ata n\u00eb dark\u00eb. \u2018<em>Dhe ata besojn\u00eb q\u00eb Arta Vorpsi tani \u00ebsht\u00eb caktuar si rezultat i mekanizmit zhbllokues. Dhe ata do t\u00eb dalin sot publikisht, edhe kemi r\u00ebn\u00eb dakord q\u00eb ta themi para<\/em>\u2019, q\u00eb t\u00eb mos i bjer\u00eb t\u00eb fik\u00ebt Presidentit, kur t\u00eb dalin ata t\u00eb mos i bjer\u00eb t\u00eb fik\u00ebt. Tani shikoje,\u00a0<em>\u2018Rama, thon\u00eb ata, megjithat\u00eb ra dakord q\u00eb Marsida Xhaferllari t\u00eb jet\u00eb n\u00eb list\u00ebn e Presidentit p\u00ebr tjetr\u00ebn, q\u00eb do t\u00eb b\u00ebhet shum\u00eb shpejt. Dhe Rama do t\u00eb p\u00ebrpiqet t\u00eb mos bllokoj\u00eb k\u00ebt\u00eb<\/em>\u2019. Pra \u00ebsht\u00eb Rama q\u00eb i bllokon, nuk \u00ebsht\u00eb KED-ja q\u00eb i filtron kandidat\u00ebt. Tani m\u00eb thuaj mua ti, mor\u00ebn nj\u00eb p\u00ebrgjigje q\u00eb besoj e ka transmetuar. Ky \u00ebsht\u00eb mesazhi i nj\u00eb diplomati q\u00eb ishte n\u00eb takim n\u00eb dark\u00eb, q\u00eb \u00ebsht\u00eb shum\u00eb korrekt, q\u00eb s\u2019ka asnj\u00eb p\u00ebrgjegj\u00ebsi, sepse ia kan\u00eb k\u00ebrkuar p\u00ebrcille ti k\u00ebt\u00eb mesazh, por aty \u00ebsht\u00eb q\u00ebndrimi i tyre, nj\u00eb q\u00ebndrim skandaloz, i turpsh\u00ebm, antikushtetues, t\u00ebr\u00ebsisht politik dhe t\u00ebr\u00ebsisht n\u00eb sh\u00ebrbim t\u00eb Edi Ram\u00ebs. Nuk ka lidhje Amerika, jan\u00eb loj\u00ebra q\u00eb b\u00ebjn\u00eb ekspert\u00eb k\u00ebtu q\u00eb b\u00ebjn\u00eb loj\u00ebn e Edi Ram\u00ebs. Prandaj jemi k\u00ebtu ku jemi.<\/p>\n<p><strong>Teksti i Mesazhit:<\/strong><\/p>\n<p><em>\u2018Mir\u00ebm\u00ebngjesi Beni. Takova koleg\u00ebt e mi amerikan\u00eb dhe t\u00eb BE-s\u00eb k\u00ebt\u00eb m\u00ebngjes, fol\u00ebm me Ram\u00ebn n\u00eb telefon, dhe zyrat ligjore t\u00eb k\u00ebtyre t\u00eb dyjave, (SHBA-BE), nuk e mb\u00ebshtesin pozicionin e Presidentit p\u00ebr pezullimin. Ata besojn\u00eb q\u00eb Arta Vorpsi tani \u00ebsht\u00eb caktuar si rezultat i mekanizmit zhbllokues. Dhe ata do t\u00eb dalin sot publikisht, edhe kemi r\u00ebn\u00eb dakord q\u00eb ta themi para.<\/em><\/p>\n<p><em>Sidoqoft\u00eb, Rama ra dakord q\u00eb Marsida Xhaferllari t\u00eb jet\u00eb n\u00eb list\u00ebn tjet\u00ebr t\u00eb Presidentit, q\u00eb do t\u00eb b\u00ebhet shum\u00eb shpejt. Rama do t\u00eb p\u00ebrpiqet t\u00eb mos e bllokoj\u00eb k\u00ebt\u00eb. P\u00ebrs\u00ebri m\u00eb k\u00ebrkuan q\u00eb t\u2019ua p\u00ebrcjell k\u00ebt\u00eb mesazh.<\/em><\/p>\n<p><em>Gazeta Panorama<\/em><\/p>\n","protected":false},"excerpt":{"rendered":"<p>Zgjedhja e Xhaferllarit n\u00eb Gjykat\u00ebn Kushtetuese\/ Presidenti Meta publikon SMS-t\u00eb e diplomatit t\u00eb huaj p\u00ebr Ram\u00ebn 25 maji 2020 Presidenti i Republik\u00ebs, Ilir Meta ka publikuar mesazhin e nj\u00eb diplomati n\u00eb Tiran\u00eb n\u00eb periudh\u00ebn kur zgjidheshin an\u00ebtar\u00ebt e rinj t\u00eb Gjykat\u00ebs Kushtetuese. Sipas mesazhit t\u00eb publikuar nga Presidenti n\u00eb \u201cOpinion\u201d dhe i shp\u00ebrndar\u00eb p\u00ebr mediat [&hellip;]<\/p>\n","protected":false},"author":9,"featured_media":35072,"comment_status":"open","ping_status":"open","sticky":false,"template":"","format":"standard","meta":{"jetpack_post_was_ever_published":false,"_jetpack_newsletter_access":"","_jetpack_dont_email_post_to_subs":false,"_jetpack_newsletter_tier_id":0,"_jetpack_memberships_contains_paywalled_content":false,"_jetpack_memberships_contains_paid_content":false,"footnotes":"","jetpack_publicize_message":"","jetpack_publicize_feature_enabled":true,"jetpack_social_post_already_shared":true,"jetpack_social_options":{"image_generator_settings":{"template":"highway","default_image_id":0,"font":"","enabled":false},"version":2}},"categories":[27,2],"tags":[],"class_list":["post-35071","post","type-post","status-publish","format-standard","has-post-thumbnail","hentry","category-blogu-i-udhetarit","category-politika"],"jetpack_publicize_connections":[],"jetpack_featured_media_url":"https:\/\/i0.wp.com\/www.shqiperia.com\/blog\/wp-content\/uploads\/2020\/05\/meta.jpg?fit=591%2C265&ssl=1","jetpack_sharing_enabled":true,"jetpack_shortlink":"https:\/\/wp.me\/p5Z6wp-97F","jetpack-related-posts":[{"id":31278,"url":"https:\/\/www.shqiperia.com\/blog\/mazhoranca-po-e-shnderron-gjykaten-kushtetuese-ne-nje-organizate-partie-presidenti-meta-i-ashper-per-voa-po-hidhet-ne-ere-reforma\/","url_meta":{"origin":35071,"position":0},"title":"\u201cMazhoranca po e shnd\u00ebrron Gjykat\u00ebn Kushtetuese n\u00eb nj\u00eb organizat\u00eb partie\u201d- Presidenti Meta i ashp\u00ebr p\u00ebr VOA: Po hidhet n\u00eb er\u00eb reforma","author":"Kurt Farka","date":"February 8, 2020","format":false,"excerpt":"\u201cMazhoranca po e shnd\u00ebrron Gjykat\u00ebn Kushtetuese n\u00eb nj\u00eb organizat\u00eb partie\u201d- Presidenti Meta i ashp\u00ebr p\u00ebr VOA: Po hidhet n\u00eb er\u00eb reforma Duke komentuar hapat e mazhoranc\u00ebs socialiste p\u00ebr t\u00eb shmangur betimin tek Presidentit t\u00eb an\u00ebtar\u00ebve t\u00eb rinj t\u00eb Gjykat\u00ebs Kushtetuese, Presidenti i Republik\u00ebs, Ilir Meta thot\u00eb se kjo Gjykat\u00eb po\u2026","rel":"","context":"In &quot;Blogu i Udh\u00ebtarit&quot;","block_context":{"text":"Blogu i Udh\u00ebtarit","link":"https:\/\/www.shqiperia.com\/blog\/category\/blogu-i-udhetarit\/"},"img":{"alt_text":"","src":"https:\/\/i0.wp.com\/www.shqiperia.com\/blog\/wp-content\/uploads\/2020\/02\/meta2.jpg?fit=722%2C371&ssl=1&resize=350%2C200","width":350,"height":200,"srcset":"https:\/\/i0.wp.com\/www.shqiperia.com\/blog\/wp-content\/uploads\/2020\/02\/meta2.jpg?fit=722%2C371&ssl=1&resize=350%2C200 1x, https:\/\/i0.wp.com\/www.shqiperia.com\/blog\/wp-content\/uploads\/2020\/02\/meta2.jpg?fit=722%2C371&ssl=1&resize=525%2C300 1.5x, https:\/\/i0.wp.com\/www.shqiperia.com\/blog\/wp-content\/uploads\/2020\/02\/meta2.jpg?fit=722%2C371&ssl=1&resize=700%2C400 2x"},"classes":[]},{"id":28308,"url":"https:\/\/www.shqiperia.com\/blog\/gjykata-kushtetuese-publikon-listen-e-anetareve-te-saj-vuloset-perfundimisht-anetarja-e-dekretuar-nga-presidenti-meta\/","url_meta":{"origin":35071,"position":1},"title":"Gjykata Kushtetuese publikon list\u00ebn e an\u00ebtar\u00ebve t\u00eb saj. \u201cVuloset\u201d p\u00ebrfundimisht an\u00ebtarja e dekretuar nga Presidenti Meta. &#8211;","author":"Kurt Farka","date":"November 19, 2019","format":false,"excerpt":"Gjykata Kushtetuese publikon list\u00ebn e an\u00ebtar\u00ebve t\u00eb saj. \u201cVuloset\u201d p\u00ebrfundimisht an\u00ebtarja e dekretuar nga Presidenti Meta Nov 19 nentor 2019 Gjykata Kushtetuese ka publikuar list\u00ebn e pes\u00eb an\u00ebtar\u00ebve t\u00eb saj nga n\u00ebnt\u00eb an\u00ebtar\u00eb q\u00eb ka gjithsej kjo gjykat\u00eb. Ja Antaret: Vitore Tusha, an\u00ebtare Besnik Mu\u00e7i, an\u00ebtar Elsa Toska, an\u00ebtare Marsida\u2026","rel":"","context":"In &quot;Blogu i Udh\u00ebtarit&quot;","block_context":{"text":"Blogu i Udh\u00ebtarit","link":"https:\/\/www.shqiperia.com\/blog\/category\/blogu-i-udhetarit\/"},"img":{"alt_text":"","src":"https:\/\/i0.wp.com\/www.shqiperia.com\/blog\/wp-content\/uploads\/2019\/11\/gjykata-kushtetuese.png?fit=569%2C351&ssl=1&resize=350%2C200","width":350,"height":200,"srcset":"https:\/\/i0.wp.com\/www.shqiperia.com\/blog\/wp-content\/uploads\/2019\/11\/gjykata-kushtetuese.png?fit=569%2C351&ssl=1&resize=350%2C200 1x, https:\/\/i0.wp.com\/www.shqiperia.com\/blog\/wp-content\/uploads\/2019\/11\/gjykata-kushtetuese.png?fit=569%2C351&ssl=1&resize=525%2C300 1.5x"},"classes":[]},{"id":42209,"url":"https:\/\/www.shqiperia.com\/blog\/emri-meta-firmos-dekretin-ja-kush-eshte-anetari-i-gjashte-i-kushtetueses\/","url_meta":{"origin":35071,"position":2},"title":"Emri\/ Meta firmos dekretin, ja kush \u00ebsht\u00eb an\u00ebtari i gjasht\u00eb i Kushtetueses","author":"Kurt Farka","date":"December 23, 2020","format":false,"excerpt":"Emri\/ Meta firmos dekretin, ja kush \u00ebsht\u00eb an\u00ebtari i gjasht\u00eb i Kushtetueses 23 DHJETOR 2020 Presidenti Ilir Meta sapo ka dekretuar an\u00ebtarin e ri t\u00eb Gjykat\u00ebs Kushtetuese. Sipas njoftimit zyrtar t\u00eb Presidentit, kreu i shtetit ka dekretuar P\u00ebrparim Kalon si an\u00ebtarin e gjasht\u00eb t\u00eb k\u00ebsaj Gjykate. Presidenti nuk ka humbur\u2026","rel":"","context":"In &quot;Blogu i Udh\u00ebtarit&quot;","block_context":{"text":"Blogu i Udh\u00ebtarit","link":"https:\/\/www.shqiperia.com\/blog\/category\/blogu-i-udhetarit\/"},"img":{"alt_text":"","src":"https:\/\/i0.wp.com\/www.shqiperia.com\/blog\/wp-content\/uploads\/2020\/12\/640-0-5fe375032bd82.jpeg?fit=640%2C350&ssl=1&resize=350%2C200","width":350,"height":200,"srcset":"https:\/\/i0.wp.com\/www.shqiperia.com\/blog\/wp-content\/uploads\/2020\/12\/640-0-5fe375032bd82.jpeg?fit=640%2C350&ssl=1&resize=350%2C200 1x, https:\/\/i0.wp.com\/www.shqiperia.com\/blog\/wp-content\/uploads\/2020\/12\/640-0-5fe375032bd82.jpeg?fit=640%2C350&ssl=1&resize=525%2C300 1.5x"},"classes":[]},{"id":35863,"url":"https:\/\/www.shqiperia.com\/blog\/raporti-pd-venecia-e-vulosi-sot-qe-rama-tentoi-te-kape-gjykaten-kushtetuese\/","url_meta":{"origin":35071,"position":3},"title":"Raporti\/ PD: \u201cVenecia\u201d e vulosi sot q\u00eb Rama tentoi t\u00eb kap\u00eb Gjykat\u00ebn Kushtetuese","author":"Kurt Farka","date":"June 19, 2020","format":false,"excerpt":"Raporti\/ PD: \u201cVenecia\u201d e vulosi sot q\u00eb Rama tentoi t\u00eb kap\u00eb Gjykat\u00ebn Kushtetuese 19 Qershor 2020 Partia Demokratike ka reguar pas opinionit t\u00eb Komisionit t\u00eb Venecias lidhur me Gjykat\u00ebn Kushtetuese. N\u00eb nj\u00eb status n\u00eb Facebook, Gazment Bardhi, p\u00ebrsh\u00ebndeti vendimin e Komisionit, q\u00eb sipas tij \u201cvulosi sot se regjimi n\u00eb ikje\u2026","rel":"","context":"In &quot;Blogu i Udh\u00ebtarit&quot;","block_context":{"text":"Blogu i Udh\u00ebtarit","link":"https:\/\/www.shqiperia.com\/blog\/category\/blogu-i-udhetarit\/"},"img":{"alt_text":"","src":"https:\/\/i0.wp.com\/www.shqiperia.com\/blog\/wp-content\/uploads\/2020\/06\/Gazment-Bardhi-Democratic-Party-751x436-1.jpg?fit=751%2C436&ssl=1&resize=350%2C200","width":350,"height":200,"srcset":"https:\/\/i0.wp.com\/www.shqiperia.com\/blog\/wp-content\/uploads\/2020\/06\/Gazment-Bardhi-Democratic-Party-751x436-1.jpg?fit=751%2C436&ssl=1&resize=350%2C200 1x, https:\/\/i0.wp.com\/www.shqiperia.com\/blog\/wp-content\/uploads\/2020\/06\/Gazment-Bardhi-Democratic-Party-751x436-1.jpg?fit=751%2C436&ssl=1&resize=525%2C300 1.5x, https:\/\/i0.wp.com\/www.shqiperia.com\/blog\/wp-content\/uploads\/2020\/06\/Gazment-Bardhi-Democratic-Party-751x436-1.jpg?fit=751%2C436&ssl=1&resize=700%2C400 2x"},"classes":[]},{"id":28075,"url":"https:\/\/www.shqiperia.com\/blog\/arta-vorpsi-ben-levizjen-e-papritur-pasi-sfidoi-meten-duke-u-betuar-tek-noterja-i-drejtohet-gjykates-kushtetuese-foto\/","url_meta":{"origin":35071,"position":4},"title":"Arta Vorpsi b\u00ebn l\u00ebvizjen e papritur, pasi sfidoi Met\u00ebn duke u betuar tek noterja, i drejtohet Gjykat\u00ebs Kushtetuese (Foto)","author":"Kurt Farka","date":"November 14, 2019","format":false,"excerpt":"Arta Vorpsi b\u00ebn l\u00ebvizjen e papritur, pasi sfidoi Met\u00ebn duke u betuar tek noterja, i drejtohet Gjykat\u00ebs Kushtetuese (Foto) 14\/11\/2019 Pasi sfidoi hapur presidentin Meta duke u betuar tek noterja si an\u00ebtare e Gjykat\u00ebs Kushtetuese, Arta Vorpsi ka b\u00ebr\u00eb l\u00ebvizjen e menj\u00ebhershme. Teksa nuk ka humbur aspak koh\u00eb, Vorpsi iu\u2026","rel":"","context":"In &quot;Blogu i Udh\u00ebtarit&quot;","block_context":{"text":"Blogu i Udh\u00ebtarit","link":"https:\/\/www.shqiperia.com\/blog\/category\/blogu-i-udhetarit\/"},"img":{"alt_text":"","src":"https:\/\/i0.wp.com\/www.shqiperia.com\/blog\/wp-content\/uploads\/2019\/11\/alskdfhs.jpg?fit=1200%2C672&ssl=1&resize=350%2C200","width":350,"height":200,"srcset":"https:\/\/i0.wp.com\/www.shqiperia.com\/blog\/wp-content\/uploads\/2019\/11\/alskdfhs.jpg?fit=1200%2C672&ssl=1&resize=350%2C200 1x, https:\/\/i0.wp.com\/www.shqiperia.com\/blog\/wp-content\/uploads\/2019\/11\/alskdfhs.jpg?fit=1200%2C672&ssl=1&resize=525%2C300 1.5x, https:\/\/i0.wp.com\/www.shqiperia.com\/blog\/wp-content\/uploads\/2019\/11\/alskdfhs.jpg?fit=1200%2C672&ssl=1&resize=700%2C400 2x, https:\/\/i0.wp.com\/www.shqiperia.com\/blog\/wp-content\/uploads\/2019\/11\/alskdfhs.jpg?fit=1200%2C672&ssl=1&resize=1050%2C600 3x"},"classes":[]},{"id":28115,"url":"https:\/\/www.shqiperia.com\/blog\/referendum-per-kushtetuten-shperndarje-e-parlamentit-cfare-paralajmeroi-meta\/","url_meta":{"origin":35071,"position":5},"title":"Referendum p\u00ebr Kushtetut\u00ebn, shp\u00ebrndarje e parlamentit? \u00c7far\u00eb paralajm\u00ebroi Meta. &#8211;","author":"Kurt Farka","date":"November 15, 2019","format":false,"excerpt":"Referendum p\u00ebr Kushtetut\u00ebn, shp\u00ebrndarje e parlamentit? \u00c7far\u00eb paralajm\u00ebroi Meta 15 nentor 2019 Presidenti Ilir Meta l\u00eb t\u00eb kuptuar se shum\u00eb shpejt mund t\u00eb k\u00ebrkoj\u00eb referendum popullor p\u00ebr ndryshimin e Kushtetut\u00ebs. Duke e quajtur Kushtetut\u00ebn mbi \u00e7do institucion tjet\u00ebr n\u00eb Shqip\u00ebri, kreu i shtetit tha se nuk mund t\u00eb lejoj\u00eb asnj\u00eb\u2026","rel":"","context":"In &quot;Blogu i Udh\u00ebtarit&quot;","block_context":{"text":"Blogu i Udh\u00ebtarit","link":"https:\/\/www.shqiperia.com\/blog\/category\/blogu-i-udhetarit\/"},"img":{"alt_text":"","src":"https:\/\/i0.wp.com\/www.shqiperia.com\/blog\/wp-content\/uploads\/2019\/11\/Untitled-3-905x450.jpg?fit=905%2C450&ssl=1&resize=350%2C200","width":350,"height":200,"srcset":"https:\/\/i0.wp.com\/www.shqiperia.com\/blog\/wp-content\/uploads\/2019\/11\/Untitled-3-905x450.jpg?fit=905%2C450&ssl=1&resize=350%2C200 1x, https:\/\/i0.wp.com\/www.shqiperia.com\/blog\/wp-content\/uploads\/2019\/11\/Untitled-3-905x450.jpg?fit=905%2C450&ssl=1&resize=525%2C300 1.5x, https:\/\/i0.wp.com\/www.shqiperia.com\/blog\/wp-content\/uploads\/2019\/11\/Untitled-3-905x450.jpg?fit=905%2C450&ssl=1&resize=700%2C400 2x"},"classes":[]}],"_links":{"self":[{"href":"https:\/\/www.shqiperia.com\/blog\/wp-json\/wp\/v2\/posts\/35071","targetHints":{"allow":["GET"]}}],"collection":[{"href":"https:\/\/www.shqiperia.com\/blog\/wp-json\/wp\/v2\/posts"}],"about":[{"href":"https:\/\/www.shqiperia.com\/blog\/wp-json\/wp\/v2\/types\/post"}],"author":[{"embeddable":true,"href":"https:\/\/www.shqiperia.com\/blog\/wp-json\/wp\/v2\/users\/9"}],"replies":[{"embeddable":true,"href":"https:\/\/www.shqiperia.com\/blog\/wp-json\/wp\/v2\/comments?post=35071"}],"version-history":[{"count":1,"href":"https:\/\/www.shqiperia.com\/blog\/wp-json\/wp\/v2\/posts\/35071\/revisions"}],"predecessor-version":[{"id":35074,"href":"https:\/\/www.shqiperia.com\/blog\/wp-json\/wp\/v2\/posts\/35071\/revisions\/35074"}],"wp:featuredmedia":[{"embeddable":true,"href":"https:\/\/www.shqiperia.com\/blog\/wp-json\/wp\/v2\/media\/35072"}],"wp:attachment":[{"href":"https:\/\/www.shqiperia.com\/blog\/wp-json\/wp\/v2\/media?parent=35071"}],"wp:term":[{"taxonomy":"category","embeddable":true,"href":"https:\/\/www.shqiperia.com\/blog\/wp-json\/wp\/v2\/categories?post=35071"},{"taxonomy":"post_tag","embeddable":true,"href":"https:\/\/www.shqiperia.com\/blog\/wp-json\/wp\/v2\/tags?post=35071"}],"curies":[{"name":"wp","href":"https:\/\/api.w.org\/{rel}","templated":true}]}}