{"id":34986,"date":"2020-05-24T11:09:39","date_gmt":"2020-05-24T11:09:39","guid":{"rendered":"https:\/\/www.shqiperia.com\/blog\/?p=34986"},"modified":"2020-05-24T11:10:58","modified_gmt":"2020-05-24T11:10:58","slug":"leter-e-hapur-per-ministrine-e-kultues-dhe-dap","status":"publish","type":"post","link":"https:\/\/www.shqiperia.com\/blog\/leter-e-hapur-per-ministrine-e-kultues-dhe-dap\/","title":{"rendered":"LETER E HAPUR PER MINISTRINE E KULTUES DHE DAP."},"content":{"rendered":"<p><img data-recalc-dims=\"1\" loading=\"lazy\" decoding=\"async\" data-attachment-id=\"34987\" data-permalink=\"https:\/\/www.shqiperia.com\/blog\/leter-e-hapur-per-ministrine-e-kultues-dhe-dap\/100389587_2928717970578077_8982886106303299584_o\/\" data-orig-file=\"https:\/\/i0.wp.com\/www.shqiperia.com\/blog\/wp-content\/uploads\/2020\/05\/100389587_2928717970578077_8982886106303299584_o.jpg?fit=960%2C495&amp;ssl=1\" data-orig-size=\"960,495\" data-comments-opened=\"1\" data-image-meta=\"{&quot;aperture&quot;:&quot;0&quot;,&quot;credit&quot;:&quot;&quot;,&quot;camera&quot;:&quot;&quot;,&quot;caption&quot;:&quot;&quot;,&quot;created_timestamp&quot;:&quot;0&quot;,&quot;copyright&quot;:&quot;&quot;,&quot;focal_length&quot;:&quot;0&quot;,&quot;iso&quot;:&quot;0&quot;,&quot;shutter_speed&quot;:&quot;0&quot;,&quot;title&quot;:&quot;&quot;,&quot;orientation&quot;:&quot;0&quot;}\" data-image-title=\"100389587_2928717970578077_8982886106303299584_o\" data-image-description=\"\" data-image-caption=\"\" data-medium-file=\"https:\/\/i0.wp.com\/www.shqiperia.com\/blog\/wp-content\/uploads\/2020\/05\/100389587_2928717970578077_8982886106303299584_o.jpg?fit=300%2C155&amp;ssl=1\" data-large-file=\"https:\/\/i0.wp.com\/www.shqiperia.com\/blog\/wp-content\/uploads\/2020\/05\/100389587_2928717970578077_8982886106303299584_o.jpg?fit=960%2C495&amp;ssl=1\" class=\"alignnone wp-image-34987\" alt=\"\" src=\"https:\/\/i0.wp.com\/www.shqiperia.com\/blog\/wp-content\/uploads\/2020\/05\/100389587_2928717970578077_8982886106303299584_o.jpg?resize=522%2C270&#038;ssl=1\" width=\"522\" height=\"270\" srcset=\"https:\/\/i0.wp.com\/www.shqiperia.com\/blog\/wp-content\/uploads\/2020\/05\/100389587_2928717970578077_8982886106303299584_o.jpg?resize=300%2C155&amp;ssl=1 300w, https:\/\/i0.wp.com\/www.shqiperia.com\/blog\/wp-content\/uploads\/2020\/05\/100389587_2928717970578077_8982886106303299584_o.jpg?resize=768%2C396&amp;ssl=1 768w, https:\/\/i0.wp.com\/www.shqiperia.com\/blog\/wp-content\/uploads\/2020\/05\/100389587_2928717970578077_8982886106303299584_o.jpg?resize=450%2C232&amp;ssl=1 450w, https:\/\/i0.wp.com\/www.shqiperia.com\/blog\/wp-content\/uploads\/2020\/05\/100389587_2928717970578077_8982886106303299584_o.jpg?resize=600%2C309&amp;ssl=1 600w, https:\/\/i0.wp.com\/www.shqiperia.com\/blog\/wp-content\/uploads\/2020\/05\/100389587_2928717970578077_8982886106303299584_o.jpg?resize=400%2C206&amp;ssl=1 400w, https:\/\/i0.wp.com\/www.shqiperia.com\/blog\/wp-content\/uploads\/2020\/05\/100389587_2928717970578077_8982886106303299584_o.jpg?w=960&amp;ssl=1 960w\" sizes=\"auto, (max-width: 522px) 100vw, 522px\" \/><\/p>\n<p>LETER E HAPUR PER MINISTRINE E KULTUES DHE DAP.<\/p>\n<p>Nga: <strong><a href=\"https:\/\/www.facebook.com\/Forumi-per-Mbrojtjen-e-Trashegimise-Kulturore-471052503011315\/?__tn__=kC-R&amp;eid=ARBK4wgUJhBUzjbtmCM28nj8klgGR0-0qenUrcdJdVYi6jALIA-TY6MrN3Pn76_WhksZQ0P3ryGeX_-c&amp;hc_ref=ARR_-LmkbVMP2u9JY1rUp__raq2w708QQiuwHvIk-xUMubtmPFnkHnMpbYKhKJCph8Q&amp;fref=nf&amp;__xts__%5B0%5D=68.ARCTJ1xSbrAO4-1jmFnT_IN7kx3T-CqHmr2H8he2utszaYtASR-T8bE_a50lZ69m8vEwbMGrHRU4UevIOg9ihiXrjl3gOAKrEboOdGustLuKYmkQu-1aKtxURpEHyVdiW5msnHQ5ZQhLaVBeG2S8Y4MOcELe3D-kGw11UXTcgcQg4VAbRmC8Kb56RzZFW6BSES1DqljCyBvPeWX7rq8OvhiiEC2UMELdpreVJT2lguSBJee6PblUGDLr38MwrvvHhqQiTJqFQY_m3DxtaFwqLINc1DjGHmpNRs7je6U_vHz1FkJbJZB1Uz6huku_v6RwlhFu2UJfgIn4NpzeD--q57rzULewpEHEvRfzp1kKFiQpDiWtQj3xKYvL\">Forumi per Mbrojtjen e Trashegimise Kulturore<\/a><\/strong><\/p>\n<p>Dyshimet e ngritura n\u00eb disa media mbi diplomimin e ish-drejtorit t\u00eb p\u00ebrgjithsh\u00ebm t\u00eb trash\u00ebgimis\u00eb n\u00eb Ministrin\u00eb e Kultur\u00ebs, Ledion Lako, nuk mund t\u00eb kalojn\u00eb n\u00eb heshtje. Kjo c\u00ebshtje b\u00ebhet edhe m\u00eb e r\u00ebnd\u00ebsishme n\u00eb momentin q\u00eb e gjith\u00eb ekspertiza teknike p\u00ebr heqjen nga lista e monumenteve t\u00eb mbrojtura apo vendime t\u00eb tjera n\u00eb d\u00ebm t\u00eb trash\u00ebgimis\u00eb jan\u00eb mb\u00ebshtetur mbi vler\u00ebsimet q\u00eb ka dh\u00ebn\u00eb ky drejtor. M\u00eb konkretisht:<\/p>\n<p>&#8211; N\u00eb funksionin e Drejtorit t\u00eb Drejtoris\u00eb Rajonale t\u00eb Kultur\u00ebs Komb\u00ebtare Durr\u00ebs, Ledion Lako ka firmosur projektin e nd\u00ebrtimit t\u00eb projektit Veliera n\u00eb zon\u00ebn arkeologjike A t\u00eb qytetit t\u00eb Durresit.<\/p>\n<p>&#8211; N\u00eb krye t\u00eb Drejtoris\u00eb s\u00eb P\u00ebrgjithshme t\u00eb Politikave dhe Zhvillimit t\u00eb Kultur\u00ebs n\u00eb ministrin\u00eb e Kultur\u00ebs, Ledion Lako ka drejtuar grupin prej shtat\u00eb ekpert\u00ebsh q\u00eb m\u00eb 17 maj 2018 i drejtohet K\u00ebshillit t\u00eb Ministrave me nj\u00eb p\u00ebrgjigje pozitive lidhur me k\u00ebrkes\u00ebn e Bashkis\u00eb s\u00eb Tiran\u00ebs p\u00ebr zhvillimin e zon\u00ebs pran\u00eb Teatrit Komb\u00ebtar.<\/p>\n<p><img data-recalc-dims=\"1\" loading=\"lazy\" decoding=\"async\" data-attachment-id=\"34988\" data-permalink=\"https:\/\/www.shqiperia.com\/blog\/leter-e-hapur-per-ministrine-e-kultues-dhe-dap\/100389587_2928717970578077_8982886106303299584_o-2\/\" data-orig-file=\"https:\/\/i0.wp.com\/www.shqiperia.com\/blog\/wp-content\/uploads\/2020\/05\/100389587_2928717970578077_8982886106303299584_o-1.jpg?fit=960%2C495&amp;ssl=1\" data-orig-size=\"960,495\" data-comments-opened=\"1\" data-image-meta=\"{&quot;aperture&quot;:&quot;0&quot;,&quot;credit&quot;:&quot;&quot;,&quot;camera&quot;:&quot;&quot;,&quot;caption&quot;:&quot;&quot;,&quot;created_timestamp&quot;:&quot;0&quot;,&quot;copyright&quot;:&quot;&quot;,&quot;focal_length&quot;:&quot;0&quot;,&quot;iso&quot;:&quot;0&quot;,&quot;shutter_speed&quot;:&quot;0&quot;,&quot;title&quot;:&quot;&quot;,&quot;orientation&quot;:&quot;0&quot;}\" data-image-title=\"100389587_2928717970578077_8982886106303299584_o\" data-image-description=\"\" data-image-caption=\"\" data-medium-file=\"https:\/\/i0.wp.com\/www.shqiperia.com\/blog\/wp-content\/uploads\/2020\/05\/100389587_2928717970578077_8982886106303299584_o-1.jpg?fit=300%2C155&amp;ssl=1\" data-large-file=\"https:\/\/i0.wp.com\/www.shqiperia.com\/blog\/wp-content\/uploads\/2020\/05\/100389587_2928717970578077_8982886106303299584_o-1.jpg?fit=960%2C495&amp;ssl=1\" class=\"alignnone wp-image-34988\" alt=\"\" src=\"https:\/\/i0.wp.com\/www.shqiperia.com\/blog\/wp-content\/uploads\/2020\/05\/100389587_2928717970578077_8982886106303299584_o-1.jpg?resize=577%2C298&#038;ssl=1\" width=\"577\" height=\"298\" srcset=\"https:\/\/i0.wp.com\/www.shqiperia.com\/blog\/wp-content\/uploads\/2020\/05\/100389587_2928717970578077_8982886106303299584_o-1.jpg?resize=300%2C155&amp;ssl=1 300w, https:\/\/i0.wp.com\/www.shqiperia.com\/blog\/wp-content\/uploads\/2020\/05\/100389587_2928717970578077_8982886106303299584_o-1.jpg?resize=768%2C396&amp;ssl=1 768w, https:\/\/i0.wp.com\/www.shqiperia.com\/blog\/wp-content\/uploads\/2020\/05\/100389587_2928717970578077_8982886106303299584_o-1.jpg?resize=450%2C232&amp;ssl=1 450w, https:\/\/i0.wp.com\/www.shqiperia.com\/blog\/wp-content\/uploads\/2020\/05\/100389587_2928717970578077_8982886106303299584_o-1.jpg?resize=600%2C309&amp;ssl=1 600w, https:\/\/i0.wp.com\/www.shqiperia.com\/blog\/wp-content\/uploads\/2020\/05\/100389587_2928717970578077_8982886106303299584_o-1.jpg?resize=400%2C206&amp;ssl=1 400w, https:\/\/i0.wp.com\/www.shqiperia.com\/blog\/wp-content\/uploads\/2020\/05\/100389587_2928717970578077_8982886106303299584_o-1.jpg?w=960&amp;ssl=1 960w\" sizes=\"auto, (max-width: 577px) 100vw, 577px\" \/><\/p>\n<p>T\u00eb dyja k\u00ebto vendime jan\u00eb bazuar mbi ekspertiz\u00ebn profesionale n\u00eb fush\u00ebn e trash\u00ebgimis\u00eb t\u00eb drejtorit Lako. Po cila \u00ebsht\u00eb konkretisht ekspertiza e tij n\u00eb k\u00ebt\u00eb fush\u00eb. N\u00eb faqen zyrtare t\u00eb Ministris\u00eb s\u00eb Kultur\u00ebs\u00a0<a href=\"https:\/\/l.facebook.com\/l.php?u=https%3A%2F%2Fkultura.gov.al%2Fdrejtor-i-pergjithshem-ledion-lako%2F%3Ffbclid%3DIwAR0bJvlH0KHp6K7O_zJNoLR_rtePl5yuYtwDjmpaiJ0B70cCr1ybC0jI-qA&amp;h=AT3WFTGXGI8AqQcO1rAfUTQuvN-RUnXSwMN198U7_p0Yj1sybsrao7SSQzid3hLM_Os0sU9-zW3bl1FIK1R4IgOxvhIqKZmbER2Yk1Hn4ffJDNUc2Md-HQw7b6x3jBwO2PxayusDozg3sXYBEZqz9FcTiTRXUnmjhvED5ogd0cqIG6EdMOozknp4nSplCp2QtoYnDP4nwdYneRe2kLAhsFEXGRFoqLYeN2hZrRuRWTaRdZSQeNMyBZAaAaLsgqVTv4vqPSeYB_-oNTmht4c2wt7H6GXdGeMDwjhMK7W9YJs2DX6Kfvm_0G12afDv-Q1YH2meHsO3X9lEdozVTAyPnPY5eYfvw-omt47HeXW7mEow_5OFu4ocqZe3ozqMBlRNSwkKiV7Np1BfjqBwmWJGN6oFNgqjIqc0B3RwA1LBS2FNR7KBnojFClQ2uZWGxuQ35sgVR_ZD_MMd-tx1Px6Nkw9icTfu74KDaBMCXBVVvK0BCtxjBESI8o78KK2-h9pD-lEhpdExuFlcNg_b69Pg76wmbC5OQjz6pV5iBboZYoK5f-m5Du4TUkVbDV-le_X1rJN2N4tcIjoMJtFQLSM0jbbYKa45HuNgN_hCp3gdql9JfeKMxZ11JUxBanT_-GM8x-LTbFlvZqd_slsr79T2hWIhDnU0gzzxdEID2rfwpFuo\">https:\/\/kultura.gov.al\/drejtor-i-pergjithshem-ledion-lako\/<\/a>\u00a0vazhdon t\u00eb jet\u00eb e publikuar CV e drejtorit Lako ku edukimi I tij \u00ebsht\u00eb detajuar si m\u00eb posht\u00eb:<br \/>\nKa kryer studimet universitare n\u00eb Shkenca Politike dhe Marr\u00ebdh\u00ebnie Nd\u00ebrkomb\u00ebtare n\u00eb Universitetin Zoja e K\u00ebshillit t\u00eb Mir\u00eb, Tiran\u00eb. Mban titujt Master Profesional Euromesdhetar n\u00eb Kultur\u00eb dhe Turiz\u00ebm n\u00eb Universitetin \u201cAldo Moro\u201d, Bari- Itali dhe Master i Shkencave n\u00eb \u201cMarr\u00ebdh\u00ebnie Nd\u00ebrkomb\u00ebtare, Organizata Nd\u00ebrkomb\u00ebtare\u201d n\u00eb Universitetin Europian t\u00eb Tiran\u00ebs. Aktualisht ndjek studimet n\u00eb vitin e fundit pran\u00eb Shkoll\u00ebs s\u00eb Doktorat\u00ebs, p\u00ebr Filozofi Politike n\u00eb Universitetin \u201cAldo Moro\u201d n\u00eb Bari, Itali.<\/p>\n<p>Pra e gjith\u00eb ekspertiza n\u00eb fush\u00ebn e trash\u00ebgimis\u00eb e drejtorit Lako \u00ebsht\u00eb e bazuar n\u00eb nj\u00eb master profesional (nj\u00eb kurs nj\u00ebvjecar) n\u00eb nj\u00eb universitet pa ndonje emer nw fushwn e trashwgimisw n\u00eb Bari t\u00eb Italis\u00eb. I gjith\u00eb formimi i tij kryesor \u00ebsht\u00eb n\u00eb fush\u00ebn e shkencave politike dhe marr\u00ebdh\u00ebnieve nd\u00ebrkombetare.<br \/>\nN\u00ebse jan\u00eb t\u00eb v\u00ebrteta akuzat e botuara dje se ne CV e drejtorit Lako jan\u00eb paraqitur si diploma certifiikatat e kurseve t\u00eb kamarierit, situata \u00ebsht\u00eb edhe m\u00eb e r\u00ebnd\u00eb. (Denoncimi nw media:\u00a0<a href=\"https:\/\/l.facebook.com\/l.php?u=http%3A%2F%2Fpamfleti.net%2Fdrejtori-ledion-lako-ka-paraqitur-si-diplome-ekselence-kursin-3-mujor-per-kamarier-bere-ne-hotel-campus-bari-itali%2F%3Ffbclid%3DIwAR06KruLJfXBt8OWilQEjuMD9Eui-bcnZlileZyYiWB89Xtz5mnfqzcFVGM&amp;h=AT0djgis-Aevn9t-33M1VDLHdNMCTnlja35aiqITcBd780IkHFOHqzHWds6C54hPeHfKYr2pmc45QTKzt6azqdTp4kaV_onBqHzi9_wRAmqRWXKDMRDiAjc0fNGz5XXI0pueVxwz5UtrQkB7vWzqwDNl3RjDgFCmuwQhNBSPEsmIymSyVfG7jPdZoAC7EpYMa23vr6xTw2-gGrFgNiKScdihuW1k8bHondHWscdNcLV3vbh5MiOJed53OGW5oh8Hmz_fxRBr3kHG5jVwEDoPYK1fTLyhtDKVRxuyRcE326ze5NXLXAqiMUCaN-yBu9CtLIx2KsoPRfrkrMttSvsbUfqzPUwGroJe3hb6P_GqIe2k8X0hK2dj3q6fuwDRfcJf-U1bQPotdnvp-PidAVIMqx6gaYFLWSoU9UpCwLk-I0mlT3TXf5MuneNChauLty0G83J-Kd0reJzyWAYy6_DZL0gQxoK-8pyTTpJXaj2I_Pyrh0gRPKoNdISopE1jGBKLOLM3d29B1wiRQddJuh62Evf5pNYRB2l5RuEKhQI8c36olF7xdalqmXvFdJ2nRNjZC8Ayl5wWZy-T78yi1XaGa22OC61nBsUiHtKurjMotR1HE1VJCNGZjrNY_7G4fzmT1kMFYdnnkjt9AfhBPxhlUX0-JEiOTHwOjSxMn14LjpU9\">http:\/\/pamfleti.net\/drejtori-ledion-lako-ka-paraqitur-si-\u2026\/\u2026<\/a>)<\/p>\n<p><img data-recalc-dims=\"1\" loading=\"lazy\" decoding=\"async\" data-attachment-id=\"34989\" data-permalink=\"https:\/\/www.shqiperia.com\/blog\/leter-e-hapur-per-ministrine-e-kultues-dhe-dap\/100626049_2928716040578270_5841159529764487168_o\/\" data-orig-file=\"https:\/\/i0.wp.com\/www.shqiperia.com\/blog\/wp-content\/uploads\/2020\/05\/100626049_2928716040578270_5841159529764487168_o.jpg?fit=960%2C594&amp;ssl=1\" data-orig-size=\"960,594\" data-comments-opened=\"1\" data-image-meta=\"{&quot;aperture&quot;:&quot;0&quot;,&quot;credit&quot;:&quot;&quot;,&quot;camera&quot;:&quot;&quot;,&quot;caption&quot;:&quot;&quot;,&quot;created_timestamp&quot;:&quot;0&quot;,&quot;copyright&quot;:&quot;&quot;,&quot;focal_length&quot;:&quot;0&quot;,&quot;iso&quot;:&quot;0&quot;,&quot;shutter_speed&quot;:&quot;0&quot;,&quot;title&quot;:&quot;&quot;,&quot;orientation&quot;:&quot;0&quot;}\" data-image-title=\"100626049_2928716040578270_5841159529764487168_o\" data-image-description=\"\" data-image-caption=\"\" data-medium-file=\"https:\/\/i0.wp.com\/www.shqiperia.com\/blog\/wp-content\/uploads\/2020\/05\/100626049_2928716040578270_5841159529764487168_o.jpg?fit=300%2C186&amp;ssl=1\" data-large-file=\"https:\/\/i0.wp.com\/www.shqiperia.com\/blog\/wp-content\/uploads\/2020\/05\/100626049_2928716040578270_5841159529764487168_o.jpg?fit=960%2C594&amp;ssl=1\" class=\"alignnone wp-image-34989\" alt=\"\" src=\"https:\/\/i0.wp.com\/www.shqiperia.com\/blog\/wp-content\/uploads\/2020\/05\/100626049_2928716040578270_5841159529764487168_o.jpg?resize=795%2C493&#038;ssl=1\" width=\"795\" height=\"493\" srcset=\"https:\/\/i0.wp.com\/www.shqiperia.com\/blog\/wp-content\/uploads\/2020\/05\/100626049_2928716040578270_5841159529764487168_o.jpg?resize=300%2C186&amp;ssl=1 300w, https:\/\/i0.wp.com\/www.shqiperia.com\/blog\/wp-content\/uploads\/2020\/05\/100626049_2928716040578270_5841159529764487168_o.jpg?resize=768%2C475&amp;ssl=1 768w, https:\/\/i0.wp.com\/www.shqiperia.com\/blog\/wp-content\/uploads\/2020\/05\/100626049_2928716040578270_5841159529764487168_o.jpg?resize=450%2C278&amp;ssl=1 450w, https:\/\/i0.wp.com\/www.shqiperia.com\/blog\/wp-content\/uploads\/2020\/05\/100626049_2928716040578270_5841159529764487168_o.jpg?resize=600%2C371&amp;ssl=1 600w, https:\/\/i0.wp.com\/www.shqiperia.com\/blog\/wp-content\/uploads\/2020\/05\/100626049_2928716040578270_5841159529764487168_o.jpg?resize=400%2C248&amp;ssl=1 400w, https:\/\/i0.wp.com\/www.shqiperia.com\/blog\/wp-content\/uploads\/2020\/05\/100626049_2928716040578270_5841159529764487168_o.jpg?w=960&amp;ssl=1 960w\" sizes=\"auto, (max-width: 795px) 100vw, 795px\" \/><\/p>\n<p>I k\u00ebrkojm\u00eb Ministris\u00eb s\u00eb Kultur\u00ebs dhe Departamentit t\u00eb Adminstrat\u00ebs Publike, si pun\u00ebdh\u00ebn\u00ebsit e Ledion Lakos q\u00eb t\u00eb b\u00ebjn\u00eb publike diplomat dhe dokumentacionin p\u00ebrkat\u00ebs p\u00ebr t\u00eb sqaruar k\u00ebto dyshime q\u00eb v\u00ebn\u00eb n\u00eb dyshimm t\u00eb gjith\u00eb vendimmarrjen e deritanishme t\u00eb k\u00ebtyre institucioneve. N\u00eb t\u00eb kund\u00ebrt falsifikimi I dokumentacionit dhe p\u00ebrgjegj\u00ebsia profesionale nuk \u00ebsht\u00eb m\u00eb vet\u00ebm e nj\u00eb individi por kthehet n\u00eb krim shtet\u00ebror.<\/p>\n<p>FORUMI PER MBROJTJEN E TRASHEGIMISE KULTURORE<\/p>\n","protected":false},"excerpt":{"rendered":"<p>LETER E HAPUR PER MINISTRINE E KULTUES DHE DAP. Nga: Forumi per Mbrojtjen e Trashegimise Kulturore Dyshimet e ngritura n\u00eb disa media mbi diplomimin e ish-drejtorit t\u00eb p\u00ebrgjithsh\u00ebm t\u00eb trash\u00ebgimis\u00eb n\u00eb Ministrin\u00eb e Kultur\u00ebs, Ledion Lako, nuk mund t\u00eb kalojn\u00eb n\u00eb heshtje. Kjo c\u00ebshtje b\u00ebhet edhe m\u00eb e r\u00ebnd\u00ebsishme n\u00eb momentin q\u00eb e gjith\u00eb ekspertiza [&hellip;]<\/p>\n","protected":false},"author":9,"featured_media":34987,"comment_status":"open","ping_status":"open","sticky":false,"template":"","format":"standard","meta":{"jetpack_post_was_ever_published":false,"_jetpack_newsletter_access":"","_jetpack_dont_email_post_to_subs":false,"_jetpack_newsletter_tier_id":0,"_jetpack_memberships_contains_paywalled_content":false,"_jetpack_memberships_contains_paid_content":false,"footnotes":"","jetpack_publicize_message":"","jetpack_publicize_feature_enabled":true,"jetpack_social_post_already_shared":true,"jetpack_social_options":{"image_generator_settings":{"template":"highway","default_image_id":0,"font":"","enabled":false},"version":2}},"categories":[10,1,86],"tags":[],"class_list":["post-34986","post","type-post","status-publish","format-standard","has-post-thumbnail","hentry","category-kultura","category-njoftime-shtypi","category-trashegimi-kulturore"],"jetpack_publicize_connections":[],"jetpack_featured_media_url":"https:\/\/i0.wp.com\/www.shqiperia.com\/blog\/wp-content\/uploads\/2020\/05\/100389587_2928717970578077_8982886106303299584_o.jpg?fit=960%2C495&ssl=1","jetpack_sharing_enabled":true,"jetpack_shortlink":"https:\/\/wp.me\/p5Z6wp-96i","jetpack-related-posts":[{"id":34752,"url":"https:\/\/www.shqiperia.com\/blog\/urgjent-sipas-ligjit-te-regjistrohen-objektet-dhe-gjurme-objektesh-trashegimi-kulturore-tek-rrenojat-e-teatrit-kombetar\/","url_meta":{"origin":34986,"position":0},"title":"Leter e hapur publike. Zonjes Elva Margariti  &#8211; Urgjent sipas ligjit: Te regjistrohen Objektet dhe: (Gjurme objektesh) TrashegimI Kulturore tek Rrenojat e Teatrit Kombetar.","author":"Kurt Farka","date":"May 18, 2020","format":false,"excerpt":"Leter e hapur publike. Zonjes Elva Margariti Urgjent sipas ligjit: Te regjistrohen Objektet dhe: (Gjurme objektesh) TrashegimI Kulturore tek Rrenojat e Teatrit Kombetar. Leter e hapur publike. Zonjes Elva Margariti Ministre e Kultures, Tirane. 18 maji 2020. Pas prishjes se godines se Teatrit Kombetare shume personalitete te kultures dhe qytetar\u2026","rel":"","context":"In &quot;Kultura&quot;","block_context":{"text":"Kultura","link":"https:\/\/www.shqiperia.com\/blog\/category\/kultura\/"},"img":{"alt_text":"","src":"https:\/\/i0.wp.com\/www.shqiperia.com\/blog\/wp-content\/uploads\/2020\/05\/1200-630-5e390c8464943-1.jpg?fit=1200%2C630&ssl=1&resize=350%2C200","width":350,"height":200,"srcset":"https:\/\/i0.wp.com\/www.shqiperia.com\/blog\/wp-content\/uploads\/2020\/05\/1200-630-5e390c8464943-1.jpg?fit=1200%2C630&ssl=1&resize=350%2C200 1x, https:\/\/i0.wp.com\/www.shqiperia.com\/blog\/wp-content\/uploads\/2020\/05\/1200-630-5e390c8464943-1.jpg?fit=1200%2C630&ssl=1&resize=525%2C300 1.5x, https:\/\/i0.wp.com\/www.shqiperia.com\/blog\/wp-content\/uploads\/2020\/05\/1200-630-5e390c8464943-1.jpg?fit=1200%2C630&ssl=1&resize=700%2C400 2x, https:\/\/i0.wp.com\/www.shqiperia.com\/blog\/wp-content\/uploads\/2020\/05\/1200-630-5e390c8464943-1.jpg?fit=1200%2C630&ssl=1&resize=1050%2C600 3x"},"classes":[]},{"id":34774,"url":"https:\/\/www.shqiperia.com\/blog\/jaho-brahaj-cfare-u-varros-poshte-teatrit-kombetar-leter-te-hapur-ministres-se-kultures-per-mbrojtjen-e-artefakteve\/","url_meta":{"origin":34986,"position":1},"title":"Jaho Brahaj: -\u00c7far\u00eb u \u201cvarros\u201d posht\u00eb Teatrit Komb\u00ebtar, let\u00ebr t\u00eb hapur ministres s\u00eb Kultur\u00ebs p\u00ebr mbrojtjen e artefakteve","author":"Kurt Farka","date":"May 19, 2020","format":false,"excerpt":"Jaho Brahaj: -\u00c7far\u00eb u \u201cvarros\u201d posht\u00eb Teatrit Komb\u00ebtar, let\u00ebr t\u00eb hapur ministres s\u00eb Kultur\u00ebs p\u00ebr mbrojtjen e artefakteve Jaho Brahaj studiues i Trash\u00ebgimis\u00eb Kulturore n\u00eb\u00a0\u201cABC e m\u00ebngjesit\u201d\u00a0ka folur p\u00ebr letr\u00ebn d\u00ebrguar ministres s\u00eb Kultur\u00ebs Elva Margariti pas shembjes se Teatrit Komb\u00ebtar. Ai u shpreh se tashm\u00eb n\u00eb ambientet e teatrit\u2026","rel":"","context":"In &quot;Histori&quot;","block_context":{"text":"Histori","link":"https:\/\/www.shqiperia.com\/blog\/category\/histori\/"},"img":{"alt_text":"","src":"https:\/\/i0.wp.com\/www.shqiperia.com\/blog\/wp-content\/uploads\/2020\/05\/Jaho-Brahaj-me-Enkel-Demin-ne-ABC.jpg?fit=756%2C419&ssl=1&resize=350%2C200","width":350,"height":200,"srcset":"https:\/\/i0.wp.com\/www.shqiperia.com\/blog\/wp-content\/uploads\/2020\/05\/Jaho-Brahaj-me-Enkel-Demin-ne-ABC.jpg?fit=756%2C419&ssl=1&resize=350%2C200 1x, https:\/\/i0.wp.com\/www.shqiperia.com\/blog\/wp-content\/uploads\/2020\/05\/Jaho-Brahaj-me-Enkel-Demin-ne-ABC.jpg?fit=756%2C419&ssl=1&resize=525%2C300 1.5x, https:\/\/i0.wp.com\/www.shqiperia.com\/blog\/wp-content\/uploads\/2020\/05\/Jaho-Brahaj-me-Enkel-Demin-ne-ABC.jpg?fit=756%2C419&ssl=1&resize=700%2C400 2x"},"classes":[]},{"id":45624,"url":"https:\/\/www.shqiperia.com\/blog\/eksperte-nderkombetare-i-kerkojne-rames-ndalimin-e-ndertimit-te-bypass-it-ne-gjirokaster-rrezikon-statusin-e-saj-si-pjese-e-unesco-s\/","url_meta":{"origin":34986,"position":2},"title":"Ekspert\u00eb nd\u00ebrkomb\u00ebtar\u00eb i k\u00ebrkojn\u00eb Ram\u00ebs ndalimin e nd\u00ebrtimit t\u00eb Bypass-it n\u00eb Gjirokast\u00ebr: Rrezikon statusin e saj si pjes\u00eb e UNESCO-s","author":"Kurt Farka","date":"March 22, 2021","format":false,"excerpt":"Ekspert\u00eb nd\u00ebrkomb\u00ebtar\u00eb i k\u00ebrkojn\u00eb Ram\u00ebs ndalimin e nd\u00ebrtimit t\u00eb Bypass-it n\u00eb Gjirokast\u00ebr: Rrezikon statusin e saj si pjes\u00eb e UNESCO-s Nj\u00eb grup ekspert\u00ebsh nd\u00ebrkomb\u00ebtar\u00eb t\u00eb trash\u00ebgimis\u00eb kulturore, t\u00eb cil\u00ebt kan\u00eb punuar n\u00eb Gjirokast\u00ebr i kan\u00eb d\u00ebrguar kryeministrit Edi Rama nj\u00eb let\u00ebr t\u00eb hapur, q\u00eb t\u00eb nd\u00ebrpres\u00eb punimet p\u00ebr nd\u00ebrtimin e\u2026","rel":"","context":"In &quot;Histori&quot;","block_context":{"text":"Histori","link":"https:\/\/www.shqiperia.com\/blog\/category\/histori\/"},"img":{"alt_text":"","src":"https:\/\/i0.wp.com\/www.shqiperia.com\/blog\/wp-content\/uploads\/2021\/03\/1616408046_BYPASS5.jpeg?fit=780%2C440&ssl=1&resize=350%2C200","width":350,"height":200,"srcset":"https:\/\/i0.wp.com\/www.shqiperia.com\/blog\/wp-content\/uploads\/2021\/03\/1616408046_BYPASS5.jpeg?fit=780%2C440&ssl=1&resize=350%2C200 1x, https:\/\/i0.wp.com\/www.shqiperia.com\/blog\/wp-content\/uploads\/2021\/03\/1616408046_BYPASS5.jpeg?fit=780%2C440&ssl=1&resize=525%2C300 1.5x, https:\/\/i0.wp.com\/www.shqiperia.com\/blog\/wp-content\/uploads\/2021\/03\/1616408046_BYPASS5.jpeg?fit=780%2C440&ssl=1&resize=700%2C400 2x"},"classes":[]},{"id":25339,"url":"https:\/\/www.shqiperia.com\/blog\/per-monumentet-e-trashegimise-kulturore\/","url_meta":{"origin":34986,"position":3},"title":"Per monumentet e trash\u00ebgimis\u00eb kulturore\u2026","author":"Kurt Farka","date":"September 2, 2019","format":false,"excerpt":"Per monumentet e trash\u00ebgimis\u00eb kulturore\u2026 Nga Ben Antoni K\u00ebto s\u2019duhet t\u2019i p\u00ebrmendim sepse t\u00eb z\u00eb tmerri. Gati nj\u00eb vit e gjysm\u00eb m\u00eb par\u00eb, ish-Ministrja e Kultur\u00ebs Mirela Kumbaro e pranishme n\u00eb Komisionin parlamentar t\u00eb Medias dhe Mjeteve t\u00eb Informimit Publik ka deklaruar se jan\u00eb 219 monumente n\u00eb t\u00eb gjith\u00eb vendin\u2026","rel":"","context":"In &quot;Arte&quot;","block_context":{"text":"Arte","link":"https:\/\/www.shqiperia.com\/blog\/category\/arte\/"},"img":{"alt_text":"","src":"https:\/\/i0.wp.com\/www.shqiperia.com\/blog\/wp-content\/uploads\/2019\/09\/Shkaterrohen-monumente-Gjirokaster-2.jpg?fit=933%2C501&ssl=1&resize=350%2C200","width":350,"height":200,"srcset":"https:\/\/i0.wp.com\/www.shqiperia.com\/blog\/wp-content\/uploads\/2019\/09\/Shkaterrohen-monumente-Gjirokaster-2.jpg?fit=933%2C501&ssl=1&resize=350%2C200 1x, https:\/\/i0.wp.com\/www.shqiperia.com\/blog\/wp-content\/uploads\/2019\/09\/Shkaterrohen-monumente-Gjirokaster-2.jpg?fit=933%2C501&ssl=1&resize=525%2C300 1.5x, https:\/\/i0.wp.com\/www.shqiperia.com\/blog\/wp-content\/uploads\/2019\/09\/Shkaterrohen-monumente-Gjirokaster-2.jpg?fit=933%2C501&ssl=1&resize=700%2C400 2x"},"classes":[]},{"id":25344,"url":"https:\/\/www.shqiperia.com\/blog\/per-monumentet-e-trashegimise-kulturore-2\/","url_meta":{"origin":34986,"position":4},"title":"Per monumentet e trash\u00ebgimis\u00eb kulturore\u2026","author":"Kurt Farka","date":"September 2, 2019","format":false,"excerpt":"Per monumentet e trash\u00ebgimis\u00eb kulturore\u2026 Nga Ben Antoni K\u00ebto s\u2019duhet t\u2019i p\u00ebrmendim sepse t\u00eb z\u00eb tmerri. Gati nj\u00eb vit e gjysm\u00eb m\u00eb par\u00eb, ish-Ministrja e Kultur\u00ebs Mirela Kumbaro e pranishme n\u00eb Komisionin parlamentar t\u00eb Medias dhe Mjeteve t\u00eb Informimit Publik ka deklaruar se jan\u00eb 219 monumente n\u00eb t\u00eb gjith\u00eb vendin\u2026","rel":"","context":"In &quot;Arte&quot;","block_context":{"text":"Arte","link":"https:\/\/www.shqiperia.com\/blog\/category\/arte\/"},"img":{"alt_text":"","src":"https:\/\/i0.wp.com\/www.shqiperia.com\/blog\/wp-content\/uploads\/2019\/09\/Shkaterrohen-monumente-Gjirokaster-2-1.jpg?fit=933%2C501&ssl=1&resize=350%2C200","width":350,"height":200,"srcset":"https:\/\/i0.wp.com\/www.shqiperia.com\/blog\/wp-content\/uploads\/2019\/09\/Shkaterrohen-monumente-Gjirokaster-2-1.jpg?fit=933%2C501&ssl=1&resize=350%2C200 1x, https:\/\/i0.wp.com\/www.shqiperia.com\/blog\/wp-content\/uploads\/2019\/09\/Shkaterrohen-monumente-Gjirokaster-2-1.jpg?fit=933%2C501&ssl=1&resize=525%2C300 1.5x, https:\/\/i0.wp.com\/www.shqiperia.com\/blog\/wp-content\/uploads\/2019\/09\/Shkaterrohen-monumente-Gjirokaster-2-1.jpg?fit=933%2C501&ssl=1&resize=700%2C400 2x"},"classes":[]},{"id":12057,"url":"https:\/\/www.shqiperia.com\/blog\/sesilia-plasari-leter-ambasadorit-te-be-po-shkaterrohen-monumentet\/","url_meta":{"origin":34986,"position":5},"title":"Sesilia Plasari, let\u00ebr ambasadorit t\u00eb BE: Po shkat\u00ebrrohen monumentet.-","author":"Kurt Farka","date":"September 30, 2018","format":false,"excerpt":"Sesilia Plasari, let\u00ebr ambasadorit t\u00eb BE: Po shkat\u00ebrrohen monumentet.- Regjisorja Sesilia Plasari drejtuar me nj\u00eb let\u00ebr t\u00eb hapur ambasadorit t\u00eb ri t\u00eb BE-s\u00eb, Luigi Soreca shkruan mes t\u00eb tjerave se kryebashkiaku dhe t\u00eb tjer\u00eb politikan\u00eb po orvaten t\u00eb shkat\u00ebrrojn\u00eb Teatrin Komb\u00ebtar, nj\u00eb monument me r\u00ebnd\u00ebsi kulturore. \u201cKryetari i Bashkis\u00eb s\u00eb\u2026","rel":"","context":"In &quot;Kultura&quot;","block_context":{"text":"Kultura","link":"https:\/\/www.shqiperia.com\/blog\/category\/kultura\/"},"img":{"alt_text":"","src":"https:\/\/i0.wp.com\/www.shqiperia.com\/blog\/wp-content\/uploads\/2018\/09\/une_jam_teatri_sesilia_plasarii_faqe_18-2-300x220.jpg?resize=350%2C200","width":350,"height":200},"classes":[]}],"_links":{"self":[{"href":"https:\/\/www.shqiperia.com\/blog\/wp-json\/wp\/v2\/posts\/34986","targetHints":{"allow":["GET"]}}],"collection":[{"href":"https:\/\/www.shqiperia.com\/blog\/wp-json\/wp\/v2\/posts"}],"about":[{"href":"https:\/\/www.shqiperia.com\/blog\/wp-json\/wp\/v2\/types\/post"}],"author":[{"embeddable":true,"href":"https:\/\/www.shqiperia.com\/blog\/wp-json\/wp\/v2\/users\/9"}],"replies":[{"embeddable":true,"href":"https:\/\/www.shqiperia.com\/blog\/wp-json\/wp\/v2\/comments?post=34986"}],"version-history":[{"count":2,"href":"https:\/\/www.shqiperia.com\/blog\/wp-json\/wp\/v2\/posts\/34986\/revisions"}],"predecessor-version":[{"id":34991,"href":"https:\/\/www.shqiperia.com\/blog\/wp-json\/wp\/v2\/posts\/34986\/revisions\/34991"}],"wp:featuredmedia":[{"embeddable":true,"href":"https:\/\/www.shqiperia.com\/blog\/wp-json\/wp\/v2\/media\/34987"}],"wp:attachment":[{"href":"https:\/\/www.shqiperia.com\/blog\/wp-json\/wp\/v2\/media?parent=34986"}],"wp:term":[{"taxonomy":"category","embeddable":true,"href":"https:\/\/www.shqiperia.com\/blog\/wp-json\/wp\/v2\/categories?post=34986"},{"taxonomy":"post_tag","embeddable":true,"href":"https:\/\/www.shqiperia.com\/blog\/wp-json\/wp\/v2\/tags?post=34986"}],"curies":[{"name":"wp","href":"https:\/\/api.w.org\/{rel}","templated":true}]}}