{"id":34983,"date":"2020-05-24T09:24:10","date_gmt":"2020-05-24T09:24:10","guid":{"rendered":"https:\/\/www.shqiperia.com\/blog\/?p=34983"},"modified":"2020-05-24T09:24:43","modified_gmt":"2020-05-24T09:24:43","slug":"akt-ekspertimi-si-u-vendos-per-qendrueshmerine-e-teatrit-mbi-bazen-e-eurokodeve-edhe-ministrite-ne-bulevard-do-duhet-te-shpallen-te-paqendrueshme","status":"publish","type":"post","link":"https:\/\/www.shqiperia.com\/blog\/akt-ekspertimi-si-u-vendos-per-qendrueshmerine-e-teatrit-mbi-bazen-e-eurokodeve-edhe-ministrite-ne-bulevard-do-duhet-te-shpallen-te-paqendrueshme\/","title":{"rendered":"Akt-ekspertimi\/ Si u vendos p\u00ebr q\u00ebndrueshm\u00ebrin\u00eb e Teatrit mbi baz\u00ebn e eurokodeve. \u00a0Edhe Ministrite ne bulevard do duhet t\u00eb shpallen t\u00eb paq\u00ebndrueshme."},"content":{"rendered":"<p><img data-recalc-dims=\"1\" loading=\"lazy\" decoding=\"async\" data-attachment-id=\"34984\" data-permalink=\"https:\/\/www.shqiperia.com\/blog\/akt-ekspertimi-si-u-vendos-per-qendrueshmerine-e-teatrit-mbi-bazen-e-eurokodeve-edhe-ministrite-ne-bulevard-do-duhet-te-shpallen-te-paqendrueshme\/godina-e-shembur-e-teatrit-kombetar\/\" data-orig-file=\"https:\/\/i0.wp.com\/www.shqiperia.com\/blog\/wp-content\/uploads\/2020\/05\/godina-e-shembur-e-teatrit-kombetar.jpg?fit=1920%2C1080&amp;ssl=1\" data-orig-size=\"1920,1080\" data-comments-opened=\"1\" data-image-meta=\"{&quot;aperture&quot;:&quot;0&quot;,&quot;credit&quot;:&quot;&quot;,&quot;camera&quot;:&quot;&quot;,&quot;caption&quot;:&quot;&quot;,&quot;created_timestamp&quot;:&quot;0&quot;,&quot;copyright&quot;:&quot;&quot;,&quot;focal_length&quot;:&quot;0&quot;,&quot;iso&quot;:&quot;0&quot;,&quot;shutter_speed&quot;:&quot;0&quot;,&quot;title&quot;:&quot;&quot;,&quot;orientation&quot;:&quot;0&quot;}\" data-image-title=\"godina-e-shembur-e-teatrit-kombetar\" data-image-description=\"\" data-image-caption=\"\" data-medium-file=\"https:\/\/i0.wp.com\/www.shqiperia.com\/blog\/wp-content\/uploads\/2020\/05\/godina-e-shembur-e-teatrit-kombetar.jpg?fit=300%2C169&amp;ssl=1\" data-large-file=\"https:\/\/i0.wp.com\/www.shqiperia.com\/blog\/wp-content\/uploads\/2020\/05\/godina-e-shembur-e-teatrit-kombetar.jpg?fit=1024%2C576&amp;ssl=1\" class=\"alignnone wp-image-34984\" alt=\"\" src=\"https:\/\/i0.wp.com\/www.shqiperia.com\/blog\/wp-content\/uploads\/2020\/05\/godina-e-shembur-e-teatrit-kombetar.jpg?resize=518%2C292&#038;ssl=1\" width=\"518\" height=\"292\" srcset=\"https:\/\/i0.wp.com\/www.shqiperia.com\/blog\/wp-content\/uploads\/2020\/05\/godina-e-shembur-e-teatrit-kombetar.jpg?resize=300%2C169&amp;ssl=1 300w, https:\/\/i0.wp.com\/www.shqiperia.com\/blog\/wp-content\/uploads\/2020\/05\/godina-e-shembur-e-teatrit-kombetar.jpg?resize=1024%2C576&amp;ssl=1 1024w, https:\/\/i0.wp.com\/www.shqiperia.com\/blog\/wp-content\/uploads\/2020\/05\/godina-e-shembur-e-teatrit-kombetar.jpg?resize=768%2C432&amp;ssl=1 768w, https:\/\/i0.wp.com\/www.shqiperia.com\/blog\/wp-content\/uploads\/2020\/05\/godina-e-shembur-e-teatrit-kombetar.jpg?resize=1536%2C864&amp;ssl=1 1536w, https:\/\/i0.wp.com\/www.shqiperia.com\/blog\/wp-content\/uploads\/2020\/05\/godina-e-shembur-e-teatrit-kombetar.jpg?resize=450%2C253&amp;ssl=1 450w, https:\/\/i0.wp.com\/www.shqiperia.com\/blog\/wp-content\/uploads\/2020\/05\/godina-e-shembur-e-teatrit-kombetar.jpg?resize=600%2C338&amp;ssl=1 600w, https:\/\/i0.wp.com\/www.shqiperia.com\/blog\/wp-content\/uploads\/2020\/05\/godina-e-shembur-e-teatrit-kombetar.jpg?resize=1500%2C844&amp;ssl=1 1500w, https:\/\/i0.wp.com\/www.shqiperia.com\/blog\/wp-content\/uploads\/2020\/05\/godina-e-shembur-e-teatrit-kombetar.jpg?resize=1300%2C731&amp;ssl=1 1300w, https:\/\/i0.wp.com\/www.shqiperia.com\/blog\/wp-content\/uploads\/2020\/05\/godina-e-shembur-e-teatrit-kombetar.jpg?resize=400%2C225&amp;ssl=1 400w, https:\/\/i0.wp.com\/www.shqiperia.com\/blog\/wp-content\/uploads\/2020\/05\/godina-e-shembur-e-teatrit-kombetar.jpg?w=1920&amp;ssl=1 1920w\" sizes=\"auto, (max-width: 518px) 100vw, 518px\" \/><\/p>\n<p>Akt-ekspertimi\/ Si u vendos p\u00ebr q\u00ebndrueshm\u00ebrin\u00eb e Teatrit mbi baz\u00ebn e eurokodeve. \u00a0Edhe Ministrite ne bulevard do duhet t\u00eb shpallen t\u00eb paq\u00ebndrueshme.<\/p>\n<p><em>20 maji 2020<\/em><\/p>\n<p><em>\u00a0<\/em><em>\u201c<\/em>N\u00ebse do t\u00eb zbatohej pika e par\u00eb k\u00ebtij akt-ekspertimi t\u00eb Institutit t\u00eb Nd\u00ebrtimit, edhe nd\u00ebrtesat e ministrive n\u00eb qend\u00ebr t\u00eb Tiran\u00ebs, t\u00eb ngritura gjat\u00eb Mbret\u00ebris\u00eb, do duhet t\u00eb shpallen t\u00eb paq\u00ebndrueshme.\u201d<\/p>\n<p><strong>Teatri Komb\u00ebtar, para se t\u00eb shembej, ishte konsideruar si nj\u00eb godin\u00eb jo e q\u00ebndrueshme, pasi nuk ishte nd\u00ebrtuar sipas standardeve q\u00eb p\u00ebrcaktohen nga eurokodet p\u00ebr procedurat e nd\u00ebrtimit.<\/strong><\/p>\n<p>N\u00eb akt-ekspertimin e vitit 2018, specifikohej se nd\u00ebrtesa e Teatrit Komb\u00ebtar nuk ishte n\u00eb p\u00ebrputhje q\u00eb k\u00ebrkojn\u00eb eurokodet p\u00ebr nd\u00ebrtimin e objekteve. \u201cProjekti strukturor i objektit \u00ebsht\u00eb kryer n\u00eb referenca t\u00eb kushteve teknike t\u00eb projektimit t\u00eb KTP-ve para viteve 1940, jo sipas kritereve dhe k\u00ebrkesave t\u00eb Eurokodeve Strukturore Europiane\u201d, thuhet n\u00eb pik\u00ebn 1 t\u00eb aktekspertimit t\u00eb b\u00ebr\u00eb nga Instituti i Nd\u00ebrtimit.<\/p>\n<p>K\u00ebt\u00eb konstatim t\u00eb b\u00ebr\u00eb n\u00eb dokument e p\u00ebrforcoi edhe drejtori i Institutit t\u00eb Nd\u00ebrtimit, Agron Hysenlliu. Ai deklaroi m\u00ebnyra se si ishte nd\u00ebrtuar ai objekt, ishte jasht\u00eb standardeve q\u00eb k\u00ebrkojn\u00eb eurokodet p\u00ebr nd\u00ebrtimin.<\/p>\n<p>\u201c\u00cbsht\u00eb kryer nj\u00eb akt-ekspertimi n\u00eb vitin 2018. Me nd\u00ebrrimin e pronarit, ai ka k\u00ebrkuar q\u00eb ne t\u00eb shprehemi. Mir\u00ebpo, duke qen\u00eb se sipas kushteve teknike dhe eurokodeve, n\u00ebse nj\u00eb institucion e ka kryer nj\u00eb akt-ekspertimi dhe nuk ka pasur nd\u00ebrhyrje, at\u00ebher\u00eb Instituti ka marr\u00eb n\u00eb konsiderat\u00eb akt-ekspertimin e vitit 2018\u201d, tha Agron Hysenlliu.<\/p>\n<p>Por n\u00eb k\u00ebt\u00eb akt konstatimi, si dhe n\u00eb deklarat\u00ebn e Hysenlliut, ngrihet nj\u00eb pik\u00ebpyetje e madhe, pasi bashk\u00eb me godin\u00ebn e Tetarit q\u00eb tashm\u00eb \u00ebsht\u00eb rrafshuar, jasht\u00eb standardeve t\u00eb eurokodeve jan\u00eb edhe nd\u00ebrtesat e kompleksit t\u00eb ministrive n\u00eb sheshin \u201cSk\u00ebnderbej\u201d dhe bulevardin \u201cD\u00ebshmor\u00ebt e Kombit\u201d.<\/p>\n<p>N\u00ebse do t\u00eb zbatohej pika e par\u00eb k\u00ebtij akt-ekspertimi t\u00eb Institutit t\u00eb Nd\u00ebrtimit, edhe nd\u00ebrtesat e ministrive n\u00eb qend\u00ebr t\u00eb Tiran\u00ebs, t\u00eb ngritura gjat\u00eb Mbret\u00ebris\u00eb, do duhet t\u00eb shpallen t\u00eb paq\u00ebndrueshme.<\/p>\n<p>Panorama.al<\/p>\n","protected":false},"excerpt":{"rendered":"<p>Akt-ekspertimi\/ Si u vendos p\u00ebr q\u00ebndrueshm\u00ebrin\u00eb e Teatrit mbi baz\u00ebn e eurokodeve. \u00a0Edhe Ministrite ne bulevard do duhet t\u00eb shpallen t\u00eb paq\u00ebndrueshme. 20 maji 2020 \u00a0\u201cN\u00ebse do t\u00eb zbatohej pika e par\u00eb k\u00ebtij akt-ekspertimi t\u00eb Institutit t\u00eb Nd\u00ebrtimit, edhe nd\u00ebrtesat e ministrive n\u00eb qend\u00ebr t\u00eb Tiran\u00ebs, t\u00eb ngritura gjat\u00eb Mbret\u00ebris\u00eb, do duhet t\u00eb shpallen t\u00eb [&hellip;]<\/p>\n","protected":false},"author":9,"featured_media":34984,"comment_status":"open","ping_status":"open","sticky":false,"template":"","format":"standard","meta":{"jetpack_post_was_ever_published":false,"_jetpack_newsletter_access":"","_jetpack_dont_email_post_to_subs":false,"_jetpack_newsletter_tier_id":0,"_jetpack_memberships_contains_paywalled_content":false,"_jetpack_memberships_contains_paid_content":false,"footnotes":"","jetpack_publicize_message":"","jetpack_publicize_feature_enabled":true,"jetpack_social_post_already_shared":true,"jetpack_social_options":{"image_generator_settings":{"template":"highway","default_image_id":0,"font":"","enabled":false},"version":2}},"categories":[1,2,86],"tags":[],"class_list":["post-34983","post","type-post","status-publish","format-standard","has-post-thumbnail","hentry","category-njoftime-shtypi","category-politika","category-trashegimi-kulturore"],"jetpack_publicize_connections":[],"jetpack_featured_media_url":"https:\/\/i0.wp.com\/www.shqiperia.com\/blog\/wp-content\/uploads\/2020\/05\/godina-e-shembur-e-teatrit-kombetar.jpg?fit=1920%2C1080&ssl=1","jetpack_sharing_enabled":true,"jetpack_shortlink":"https:\/\/wp.me\/p5Z6wp-96f","jetpack-related-posts":[{"id":35048,"url":"https:\/\/www.shqiperia.com\/blog\/prestigjiozja-franceze-le-monde-shembja-e-teatrit-kombetar-akt-barbarie-nga-qeveria\/","url_meta":{"origin":34983,"position":0},"title":"Prestigjiozja franceze, Le Monde: Shembja e Teatrit Komb\u00ebtar, akt barbarie nga qeveria","author":"Kurt Farka","date":"May 25, 2020","format":false,"excerpt":"Prestigjiozja franceze, Le Monde: Shembja e Teatrit Komb\u00ebtar, akt barbarie nga qeveria 25\/05\/20 Nga Le Monde Kryeministri shqiptar Edi Rama d\u00ebrgoi polic\u00eb dhe ndihm\u00ebs t\u00eb tjer\u00eb shtet\u00ebror\u00eb, p\u00ebr t\u00eb shkat\u00ebrruar nj\u00eb nga institucionet kryesore t\u00eb vendit dhe nga nd\u00ebrtesat e pakta t\u00eb vjetra n\u00eb kryeqytetin e shqiptar\u00ebve, Tiran\u00eb. Kryeministri shqiptar\u2026","rel":"","context":"In &quot;Kultura&quot;","block_context":{"text":"Kultura","link":"https:\/\/www.shqiperia.com\/blog\/category\/kultura\/"},"img":{"alt_text":"","src":"https:\/\/i0.wp.com\/www.shqiperia.com\/blog\/wp-content\/uploads\/2020\/05\/Edi-Rama-dhe-teatri-kombetar1.jpg?fit=424%2C277&ssl=1&resize=350%2C200","width":350,"height":200},"classes":[]},{"id":20687,"url":"https:\/\/www.shqiperia.com\/blog\/naten-e-se-premtes-se-madhe-kur-hiqeshin-germat-e-emrit-te-teatrit-me-makinen-e-dekorit-te-bashkise\/","url_meta":{"origin":34983,"position":1},"title":"Nat\u00ebn e s\u00eb premtes s\u00eb Madhe, kur hiqeshin germat e emrit t\u00eb teatrit me makinen e Dekorit te Bashkise. &#8211;","author":"Kurt Farka","date":"May 4, 2019","format":false,"excerpt":"Nat\u00ebn e s\u00eb premtes s\u00eb Madhe, kur hiqeshin germat e emrit t\u00eb teatrit me makinen e Dekorit te Bashkise. - Nga: Fatmira Nikolli\u00a0 \u2013\u00a0M\u00ebngjesin e s\u00eb Premtes s\u00eb Madhe para Pashk\u00ebve, godina e Teatrit Komb\u00ebtar u gdhi pa shkronjat identifikuese n\u00eb fasad\u00ebn e saj. 14 shkronjat e emrit TEATRI KOMB\u00cbTAR\u2026","rel":"","context":"In &quot;Blogu i Udh\u00ebtarit&quot;","block_context":{"text":"Blogu i Udh\u00ebtarit","link":"https:\/\/www.shqiperia.com\/blog\/category\/blogu-i-udhetarit\/"},"img":{"alt_text":"","src":"https:\/\/i0.wp.com\/www.shqiperia.com\/blog\/wp-content\/uploads\/2019\/05\/hiqen-shkronjat-e-teatrit-720x433.jpg?fit=720%2C417&ssl=1&resize=350%2C200","width":350,"height":200,"srcset":"https:\/\/i0.wp.com\/www.shqiperia.com\/blog\/wp-content\/uploads\/2019\/05\/hiqen-shkronjat-e-teatrit-720x433.jpg?fit=720%2C417&ssl=1&resize=350%2C200 1x, https:\/\/i0.wp.com\/www.shqiperia.com\/blog\/wp-content\/uploads\/2019\/05\/hiqen-shkronjat-e-teatrit-720x433.jpg?fit=720%2C417&ssl=1&resize=525%2C300 1.5x, https:\/\/i0.wp.com\/www.shqiperia.com\/blog\/wp-content\/uploads\/2019\/05\/hiqen-shkronjat-e-teatrit-720x433.jpg?fit=720%2C417&ssl=1&resize=700%2C400 2x"},"classes":[]},{"id":34870,"url":"https:\/\/www.shqiperia.com\/blog\/budina-prokuroria-te-hetoje-dhunen-e-17-majit-ose-qytetaret-do-mbrojne-veten\/","url_meta":{"origin":34983,"position":2},"title":"Budina: &#8211; Prokuroria t\u00eb hetoj\u00eb dhun\u00ebn e 17 majit, ose qytetar\u00ebt do mbrojn\u00eb veten &#8230;","author":"Kurt Farka","date":"May 21, 2020","format":false,"excerpt":"Budina: - Prokuroria t\u00eb hetoj\u00eb dhun\u00ebn e 17 majit, ose qytetar\u00ebt do mbrojn\u00eb veten... 20 maji 2020 Regjisori Robert Budina tha sot n\u00eb fjal\u00ebn e tij n\u00eb protest\u00ebn e dyt\u00eb p\u00ebr shembjen e Teatrit se Aleanca p\u00ebr Mbrojtjen e tij nuk do t\u00eb t\u00ebrhiqet.\u00a0\u201cNe nuk do t\u00ebrhiqemi se jemi kock\u00eb\u2026","rel":"","context":"In &quot;Blogu i Udh\u00ebtarit&quot;","block_context":{"text":"Blogu i Udh\u00ebtarit","link":"https:\/\/www.shqiperia.com\/blog\/category\/blogu-i-udhetarit\/"},"img":{"alt_text":"","src":"https:\/\/i0.wp.com\/www.shqiperia.com\/blog\/wp-content\/uploads\/2020\/05\/Edmond-Budina-2.jpg?fit=1107%2C645&ssl=1&resize=350%2C200","width":350,"height":200,"srcset":"https:\/\/i0.wp.com\/www.shqiperia.com\/blog\/wp-content\/uploads\/2020\/05\/Edmond-Budina-2.jpg?fit=1107%2C645&ssl=1&resize=350%2C200 1x, https:\/\/i0.wp.com\/www.shqiperia.com\/blog\/wp-content\/uploads\/2020\/05\/Edmond-Budina-2.jpg?fit=1107%2C645&ssl=1&resize=525%2C300 1.5x, https:\/\/i0.wp.com\/www.shqiperia.com\/blog\/wp-content\/uploads\/2020\/05\/Edmond-Budina-2.jpg?fit=1107%2C645&ssl=1&resize=700%2C400 2x, https:\/\/i0.wp.com\/www.shqiperia.com\/blog\/wp-content\/uploads\/2020\/05\/Edmond-Budina-2.jpg?fit=1107%2C645&ssl=1&resize=1050%2C600 3x"},"classes":[]},{"id":29462,"url":"https:\/\/www.shqiperia.com\/blog\/muzeu-historik-kombetar-i-mbyllur-deri-ne-nje-njoftim-te-dyte-reagon-ministria-e-kultures\/","url_meta":{"origin":34983,"position":3},"title":"Muzeu Historik Kombetar i mbyllur deri n\u00eb nj\u00eb njoftim t\u00eb dyt\u00eb: &#8211; Reagon Ministria e Kultur\u00ebs. &#8211;","author":"Kurt Farka","date":"December 18, 2019","format":false,"excerpt":"Muzeu Historik Kombetar i mbyllur deri n\u00eb nj\u00eb njoftim t\u00eb dyt\u00eb: - Reagon Ministria e Kultur\u00ebs. - - 18.12.19 Ministria e Kultur\u00ebs ka konfirmuar mbylljen e Muzeut Historik Komb\u00ebtar p\u00ebr shkak t\u00eb d\u00ebmeve nga t\u00ebrmeti. Zyra e shtypit tha k\u00ebt\u00eb t\u00eb m\u00ebrkur\u00eb se \u201cMuzeu \u00ebsht\u00eb mbyllur p\u00ebr shkak t\u00eb t\u00ebrmetit.\u2026","rel":"","context":"In &quot;Blogu i Udh\u00ebtarit&quot;","block_context":{"text":"Blogu i Udh\u00ebtarit","link":"https:\/\/www.shqiperia.com\/blog\/category\/blogu-i-udhetarit\/"},"img":{"alt_text":"","src":"https:\/\/i0.wp.com\/www.shqiperia.com\/blog\/wp-content\/uploads\/2019\/12\/aaa082d2257ab65aecf61c2340e9c5b9_XL.jpg?fit=643%2C345&ssl=1&resize=350%2C200","width":350,"height":200,"srcset":"https:\/\/i0.wp.com\/www.shqiperia.com\/blog\/wp-content\/uploads\/2019\/12\/aaa082d2257ab65aecf61c2340e9c5b9_XL.jpg?fit=643%2C345&ssl=1&resize=350%2C200 1x, https:\/\/i0.wp.com\/www.shqiperia.com\/blog\/wp-content\/uploads\/2019\/12\/aaa082d2257ab65aecf61c2340e9c5b9_XL.jpg?fit=643%2C345&ssl=1&resize=525%2C300 1.5x"},"classes":[]},{"id":35389,"url":"https:\/\/www.shqiperia.com\/blog\/kryeministri-mbron-ne-le-monde-aktin-barbar-me-citate-fallso-shekspiriane-dhe-genjeshtra-te-medha-shqiptare\/","url_meta":{"origin":34983,"position":4},"title":"Kryeministri mbron n\u00eb Le Monde \u201caktin barbar\u201d me citate fallso shekspiriane dhe g\u00ebnjeshtra t\u00eb m\u00ebdha shqiptare","author":"Kurt Farka","date":"June 4, 2020","format":false,"excerpt":"Kryeministri mbron n\u00eb Le Monde \u201caktin barbar\u201d me citate fallso shekspiriane dhe g\u00ebnjeshtra t\u00eb m\u00ebdha shqiptare Nga\u00a0Alba Mborja \u201c\u2019Budallall\u00ebku dhe men\u00e7uria jan\u00eb aq t\u00eb lehta p\u00ebr t\u2019u kapur sa edhe s\u00ebmundjet infektive\u2019, ka shkruar Uilliam Shekspiri. \u2018Pra, zgjidhini miqt\u00eb tuaj me kujdes\u2019, shtoi ai.\u201d Me k\u00ebto fjal\u00eb \u201cshekspiriane\u201d ka hapur\u00a0nj\u00eb\u2026","rel":"","context":"In &quot;Blogu i Udh\u00ebtarit&quot;","block_context":{"text":"Blogu i Udh\u00ebtarit","link":"https:\/\/www.shqiperia.com\/blog\/category\/blogu-i-udhetarit\/"},"img":{"alt_text":"","src":"https:\/\/i0.wp.com\/www.shqiperia.com\/blog\/wp-content\/uploads\/2020\/06\/edi-rama-teatri-kombetar.jpg?fit=800%2C416&ssl=1&resize=350%2C200","width":350,"height":200,"srcset":"https:\/\/i0.wp.com\/www.shqiperia.com\/blog\/wp-content\/uploads\/2020\/06\/edi-rama-teatri-kombetar.jpg?fit=800%2C416&ssl=1&resize=350%2C200 1x, https:\/\/i0.wp.com\/www.shqiperia.com\/blog\/wp-content\/uploads\/2020\/06\/edi-rama-teatri-kombetar.jpg?fit=800%2C416&ssl=1&resize=525%2C300 1.5x, https:\/\/i0.wp.com\/www.shqiperia.com\/blog\/wp-content\/uploads\/2020\/06\/edi-rama-teatri-kombetar.jpg?fit=800%2C416&ssl=1&resize=700%2C400 2x"},"classes":[]},{"id":12873,"url":"https:\/\/www.shqiperia.com\/blog\/michele-placido-nje-vend-nuk-ndertohet-duke-shkaterruar-ndertesa-kulturore\/","url_meta":{"origin":34983,"position":5},"title":"Michele Placido: Nj\u00eb vend nuk nd\u00ebrtohet duke shkat\u00ebrruar nd\u00ebrtesa kulturore. &#8211;","author":"Kurt Farka","date":"October 22, 2018","format":false,"excerpt":"Michele Placido: Nj\u00eb vend nuk nd\u00ebrtohet duke shkat\u00ebrruar nd\u00ebrtesa kulturore. - Aktori i njohur italian Michele Placido \u00ebsht\u00eb shprehur p\u00ebr Teatrin Komb\u00ebtar Tirane, duke e cil\u00ebsuar shembjen e tij si nj\u00eb akt barbar. I njohur nga publiku shqiptar me rolin e komisar Katanit te \u201cOktapodi\u201d ai ka dal\u00eb n\u00eb mbrojtje\u2026","rel":"","context":"In &quot;Arte&quot;","block_context":{"text":"Arte","link":"https:\/\/www.shqiperia.com\/blog\/category\/arte\/"},"img":{"alt_text":"","src":"https:\/\/i0.wp.com\/www.shqiperia.com\/blog\/wp-content\/uploads\/2018\/10\/4-17.jpg?fit=500%2C295&ssl=1&resize=350%2C200","width":350,"height":200},"classes":[]}],"_links":{"self":[{"href":"https:\/\/www.shqiperia.com\/blog\/wp-json\/wp\/v2\/posts\/34983","targetHints":{"allow":["GET"]}}],"collection":[{"href":"https:\/\/www.shqiperia.com\/blog\/wp-json\/wp\/v2\/posts"}],"about":[{"href":"https:\/\/www.shqiperia.com\/blog\/wp-json\/wp\/v2\/types\/post"}],"author":[{"embeddable":true,"href":"https:\/\/www.shqiperia.com\/blog\/wp-json\/wp\/v2\/users\/9"}],"replies":[{"embeddable":true,"href":"https:\/\/www.shqiperia.com\/blog\/wp-json\/wp\/v2\/comments?post=34983"}],"version-history":[{"count":1,"href":"https:\/\/www.shqiperia.com\/blog\/wp-json\/wp\/v2\/posts\/34983\/revisions"}],"predecessor-version":[{"id":34985,"href":"https:\/\/www.shqiperia.com\/blog\/wp-json\/wp\/v2\/posts\/34983\/revisions\/34985"}],"wp:featuredmedia":[{"embeddable":true,"href":"https:\/\/www.shqiperia.com\/blog\/wp-json\/wp\/v2\/media\/34984"}],"wp:attachment":[{"href":"https:\/\/www.shqiperia.com\/blog\/wp-json\/wp\/v2\/media?parent=34983"}],"wp:term":[{"taxonomy":"category","embeddable":true,"href":"https:\/\/www.shqiperia.com\/blog\/wp-json\/wp\/v2\/categories?post=34983"},{"taxonomy":"post_tag","embeddable":true,"href":"https:\/\/www.shqiperia.com\/blog\/wp-json\/wp\/v2\/tags?post=34983"}],"curies":[{"name":"wp","href":"https:\/\/api.w.org\/{rel}","templated":true}]}}