{"id":34980,"date":"2020-05-24T01:15:51","date_gmt":"2020-05-24T01:15:51","guid":{"rendered":"https:\/\/www.shqiperia.com\/blog\/?p=34980"},"modified":"2020-05-24T01:15:51","modified_gmt":"2020-05-24T01:15:51","slug":"nga-tokat-ne-bregdet-tek-koncesionet-pd-keto-jane-5-vendimet-qe-iu-diktuan-nga-okigarket-rama-nder-me-te-pasurit-ne-evrope-2","status":"publish","type":"post","link":"https:\/\/www.shqiperia.com\/blog\/nga-tokat-ne-bregdet-tek-koncesionet-pd-keto-jane-5-vendimet-qe-iu-diktuan-nga-okigarket-rama-nder-me-te-pasurit-ne-evrope-2\/","title":{"rendered":"\u201cNga tokat n\u00eb bregdet tek koncesionet\u201d- PD: \u2013 K\u00ebto jan\u00eb 5 vendimet q\u00eb iu diktuan nga okigark\u00ebt. Rama nd\u00ebr m\u00eb t\u00eb pasurit n\u00eb Evrop\u00eb."},"content":{"rendered":"<p><img data-recalc-dims=\"1\" loading=\"lazy\" decoding=\"async\" data-attachment-id=\"34981\" data-permalink=\"https:\/\/www.shqiperia.com\/blog\/nga-tokat-ne-bregdet-tek-koncesionet-pd-keto-jane-5-vendimet-qe-iu-diktuan-nga-okigarket-rama-nder-me-te-pasurit-ne-evrope-2\/alibeaj2-2\/\" data-orig-file=\"https:\/\/i0.wp.com\/www.shqiperia.com\/blog\/wp-content\/uploads\/2020\/05\/alibeaj2-1.jpg?fit=664%2C338&amp;ssl=1\" data-orig-size=\"664,338\" data-comments-opened=\"1\" data-image-meta=\"{&quot;aperture&quot;:&quot;0&quot;,&quot;credit&quot;:&quot;&quot;,&quot;camera&quot;:&quot;&quot;,&quot;caption&quot;:&quot;&quot;,&quot;created_timestamp&quot;:&quot;0&quot;,&quot;copyright&quot;:&quot;&quot;,&quot;focal_length&quot;:&quot;0&quot;,&quot;iso&quot;:&quot;0&quot;,&quot;shutter_speed&quot;:&quot;0&quot;,&quot;title&quot;:&quot;&quot;,&quot;orientation&quot;:&quot;0&quot;}\" data-image-title=\"alibeaj2\" data-image-description=\"\" data-image-caption=\"\" data-medium-file=\"https:\/\/i0.wp.com\/www.shqiperia.com\/blog\/wp-content\/uploads\/2020\/05\/alibeaj2-1.jpg?fit=300%2C153&amp;ssl=1\" data-large-file=\"https:\/\/i0.wp.com\/www.shqiperia.com\/blog\/wp-content\/uploads\/2020\/05\/alibeaj2-1.jpg?fit=664%2C338&amp;ssl=1\" class=\"alignnone  wp-image-34981\" alt=\"\" src=\"https:\/\/i0.wp.com\/www.shqiperia.com\/blog\/wp-content\/uploads\/2020\/05\/alibeaj2-1.jpg?resize=504%2C257&#038;ssl=1\" width=\"504\" height=\"257\" srcset=\"https:\/\/i0.wp.com\/www.shqiperia.com\/blog\/wp-content\/uploads\/2020\/05\/alibeaj2-1.jpg?resize=300%2C153&amp;ssl=1 300w, https:\/\/i0.wp.com\/www.shqiperia.com\/blog\/wp-content\/uploads\/2020\/05\/alibeaj2-1.jpg?resize=450%2C229&amp;ssl=1 450w, https:\/\/i0.wp.com\/www.shqiperia.com\/blog\/wp-content\/uploads\/2020\/05\/alibeaj2-1.jpg?resize=600%2C305&amp;ssl=1 600w, https:\/\/i0.wp.com\/www.shqiperia.com\/blog\/wp-content\/uploads\/2020\/05\/alibeaj2-1.jpg?resize=400%2C204&amp;ssl=1 400w, https:\/\/i0.wp.com\/www.shqiperia.com\/blog\/wp-content\/uploads\/2020\/05\/alibeaj2-1.jpg?w=664&amp;ssl=1 664w\" sizes=\"auto, (max-width: 504px) 100vw, 504px\" \/><\/p>\n<p>\u201cNga tokat n\u00eb bregdet tek koncesionet\u201d- PD: \u2013 K\u00ebto jan\u00eb 5 vendimet q\u00eb iu diktuan nga okigark\u00ebt. Rama nd\u00ebr m\u00eb t\u00eb pasurit n\u00eb Evrop\u00eb.<\/p>\n<p><em>\u00a012 maji 2020<\/em><\/p>\n<p><strong>Ish-deputeti i PD-s\u00eb, Enkelejd Alibeaj ka radhitur vendimet q\u00eb sipas\u00a0tij, i jan\u00eb diktuar kryeministrit nga oligark\u00ebt.<\/strong><\/p>\n<p><em>\u00a0\u201cRamavirusi \u00ebsht\u00eb kryetari dhe ideologu i nj\u00eb pakice q\u00eb hiqen si sip\u00ebrmarr\u00ebs, por q\u00eb nuk prodhojn\u00eb\u201d<\/em>, shkruan ai.<\/p>\n<p>Alibeaj thekson se gjith\u00e7ka n\u00eb qeverisjen e Edi Ram\u00ebs \u00ebsht\u00eb p\u00ebr oligark\u00ebt dhe jo p\u00ebr qytetar\u00ebt, dhe pandemia sipas tij, e provoi s\u00ebrish.<\/p>\n<p><strong>Reagimi i plot\u00eb:<\/strong><\/p>\n<p>Sa i kalbur duhet t\u00eb jet\u00eb Edi Rama q\u00eb t\u00eb arrij\u00eb deri atje sa t\u00eb thot\u00eb se e zeza nuk \u00ebsht\u00eb e zez\u00eb, se n\u00eb Shqip\u00ebri nuk paska oligark\u00eb?!<\/p>\n<p>Njeriu q\u00eb e nis dit\u00ebn duke b\u00ebr\u00eb llogari sesa do t\u00eb vjedh\u00eb me oligarkun e karburanteve, sa leje nd\u00ebrtimi do t\u00eb jap\u00eb p\u00ebr oligarkun e nd\u00ebrtimeve, sa do t\u00eb p\u00ebrfitoj\u00eb nga shembja e Teatrit dhe ngritja e kullave, sa taksa do t\u2019i heq\u00eb oligarkut t\u00eb kudogjendur e k\u00ebshtu me radh\u00eb me \u00e7do pasuri q\u00eb ia ka falur nj\u00eb grushti oligark\u00ebsh, b\u00ebn \u00e7do gj\u00eb p\u00ebr t\u00eb mashtruar shqiptar\u00ebt q\u00eb i rropi nga taksat p\u00ebr 7 vjet dhe tani i ka braktisur pa asnj\u00eb qindark\u00eb ndihm\u00eb.<\/p>\n<p>Disa vendime t\u00eb qepura p\u00ebr oligark\u00ebt, q\u00eb e kan\u00eb b\u00ebr\u00eb Edi Ram\u00ebn nj\u00eb nd\u00ebr njer\u00ebzit m\u00eb t\u00eb pasur n\u00eb Evrop\u00eb.<\/p>\n<ul>\n<li>Ligjin e Korporat\u00ebs s\u00eb Investimeve p\u00ebr t\u00eb shtet\u00ebzuar tok\u00ebn dhe p\u00ebr t\u2019ua dh\u00ebn\u00eb privat\u00ebve p\u00ebr nd\u00ebrtim ia diktoi nj\u00eb oligark.<\/li>\n<li>Ligjin e Investitorit Strategjik p\u00ebr t\u2019u falur tokat n\u00eb bregdet privat\u00ebve e b\u00ebri sipas porosis\u00eb s\u00eb nj\u00eb okigarku.<\/li>\n<li>Dh\u00ebnien me Koncesion t\u00eb rrug\u00ebve ia diktoi nj\u00eb oligark tjet\u00ebr.<\/li>\n<li>Unaz\u00ebn e Re me 20 milion\u00eb euro kilometrin e b\u00ebri n\u00eb favor t\u00eb oligark\u00ebve.<\/li>\n<li>Koncesionet n\u00eb sh\u00ebndet\u00ebsi ua shp\u00ebrndau okigark\u00ebve<\/li>\n<\/ul>\n<p>Ramavirusi \u00ebsht\u00eb kryetari dhe ideologu i nj\u00eb pakice q\u00eb hiqen si sip\u00ebrmarr\u00ebs, por q\u00eb nuk prodhojn\u00eb. Puna e tyre e p\u00ebrditshme \u00ebsht\u00eb biznesi me qeverin\u00eb p\u00ebr t\u00eb zhvatur e varf\u00ebruar shqiptar\u00ebt dhe Shqip\u00ebrin\u00eb.<\/p>\n<p>Ramavirusi \u00ebsht\u00eb ai q\u00eb parlamentin e ktheu n\u00eb noter t\u00eb ligjeve me em\u00ebr oligarku dhe zyrat e oligark\u00ebve i shnd\u00ebrroi n\u00eb Ministri Financash, Ekonomie, Energjitike dhe Infrastrukture.<\/p>\n<p>Gjith\u00e7ka n\u00eb qeverisjen e Edi Ram\u00ebs \u00ebsht\u00eb p\u00ebr oligark\u00ebt. Asgj\u00eb p\u00ebr qytetar\u00ebt. Pandemia e provoi k\u00ebt\u00eb s\u00ebrish, prandaj na duhet ta largojm\u00eb kryeministrin e oligark\u00ebve dhe t\u00eb varf\u00ebris\u00eb s\u00eb shqiptar\u00ebve. E kemi p\u00ebr detyr\u00eb historike t\u00eb rikthejm\u00eb shpres\u00ebn dhe t\u00eb vler\u00ebsojm\u00eb konkurenc\u00ebn e lir\u00eb, tregun e lir\u00eb, ndershm\u00ebrin\u00eb n\u00eb vend t\u00eb oligarkis\u00eb.<\/p>\n<p>Gazeta Panorama<\/p>\n","protected":false},"excerpt":{"rendered":"<p>\u201cNga tokat n\u00eb bregdet tek koncesionet\u201d- PD: \u2013 K\u00ebto jan\u00eb 5 vendimet q\u00eb iu diktuan nga okigark\u00ebt. Rama nd\u00ebr m\u00eb t\u00eb pasurit n\u00eb Evrop\u00eb. \u00a012 maji 2020 Ish-deputeti i PD-s\u00eb, Enkelejd Alibeaj ka radhitur vendimet q\u00eb sipas\u00a0tij, i jan\u00eb diktuar kryeministrit nga oligark\u00ebt. \u00a0\u201cRamavirusi \u00ebsht\u00eb kryetari dhe ideologu i nj\u00eb pakice q\u00eb hiqen si sip\u00ebrmarr\u00ebs, [&hellip;]<\/p>\n","protected":false},"author":9,"featured_media":34981,"comment_status":"open","ping_status":"open","sticky":false,"template":"","format":"standard","meta":{"jetpack_post_was_ever_published":false,"_jetpack_newsletter_access":"","_jetpack_dont_email_post_to_subs":false,"_jetpack_newsletter_tier_id":0,"_jetpack_memberships_contains_paywalled_content":false,"_jetpack_memberships_contains_paid_content":false,"footnotes":"","jetpack_publicize_message":"","jetpack_publicize_feature_enabled":true,"jetpack_social_post_already_shared":true,"jetpack_social_options":{"image_generator_settings":{"template":"highway","default_image_id":0,"font":"","enabled":false},"version":2}},"categories":[27,2,35],"tags":[],"class_list":["post-34980","post","type-post","status-publish","format-standard","has-post-thumbnail","hentry","category-blogu-i-udhetarit","category-politika","category-shoqerore"],"jetpack_publicize_connections":[],"jetpack_featured_media_url":"https:\/\/i0.wp.com\/www.shqiperia.com\/blog\/wp-content\/uploads\/2020\/05\/alibeaj2-1.jpg?fit=664%2C338&ssl=1","jetpack_sharing_enabled":true,"jetpack_shortlink":"https:\/\/wp.me\/p5Z6wp-96c","jetpack-related-posts":[{"id":34587,"url":"https:\/\/www.shqiperia.com\/blog\/nga-tokat-ne-bregdet-tek-koncesionet-pd-keto-jane-5-vendimet-qe-iu-diktuan-nga-okigarket-rama-nder-me-te-pasurit-ne-evrope\/","url_meta":{"origin":34980,"position":0},"title":"\u201cNga tokat n\u00eb bregdet tek koncesionet\u201d- PD: \u2013 K\u00ebto jan\u00eb 5 vendimet q\u00eb iu diktuan nga okigark\u00ebt. Rama nd\u00ebr m\u00eb t\u00eb pasurit n\u00eb Evrop\u00eb.","author":"Kurt Farka","date":"May 13, 2020","format":false,"excerpt":"\u201cNga tokat n\u00eb bregdet tek koncesionet\u201d- PD: - K\u00ebto jan\u00eb 5 vendimet q\u00eb iu diktuan nga okigark\u00ebt. Rama nd\u00ebr m\u00eb t\u00eb pasurit n\u00eb Evrop\u00eb. \u00a012 maji 2020 Ish-deputeti i PD-s\u00eb, Enkelejd Alibeaj ka radhitur vendimet q\u00eb sipas\u00a0tij, i jan\u00eb diktuar kryeministrit nga oligark\u00ebt. \u00a0\u201cRamavirusi \u00ebsht\u00eb kryetari dhe ideologu i nj\u00eb\u2026","rel":"","context":"In &quot;Blogu i Udh\u00ebtarit&quot;","block_context":{"text":"Blogu i Udh\u00ebtarit","link":"https:\/\/www.shqiperia.com\/blog\/category\/blogu-i-udhetarit\/"},"img":{"alt_text":"","src":"https:\/\/i0.wp.com\/www.shqiperia.com\/blog\/wp-content\/uploads\/2020\/05\/alibeaj2.jpg?fit=664%2C338&ssl=1&resize=350%2C200","width":350,"height":200,"srcset":"https:\/\/i0.wp.com\/www.shqiperia.com\/blog\/wp-content\/uploads\/2020\/05\/alibeaj2.jpg?fit=664%2C338&ssl=1&resize=350%2C200 1x, https:\/\/i0.wp.com\/www.shqiperia.com\/blog\/wp-content\/uploads\/2020\/05\/alibeaj2.jpg?fit=664%2C338&ssl=1&resize=525%2C300 1.5x"},"classes":[]},{"id":57761,"url":"https:\/\/www.shqiperia.com\/blog\/analisti-eduard-zaloshnja-i-ftuar-ne-rubriken-opinion-ne-news-24-foli-per-situaten-ne-pd\/","url_meta":{"origin":34980,"position":1},"title":"Analisti Eduard Zaloshnja, i ftuar n\u00eb rubrik\u00ebn \u201cOpinion\u201d n\u00eb \u201cNews 24\u201d, foli p\u00ebr situat\u00ebn n\u00eb PD.","author":"Kurt Farka","date":"May 10, 2022","format":false,"excerpt":"10 MAji 2022 Analisti Eduard Zaloshnja, i ftuar n\u00eb rubrik\u00ebn \u201cOpinion\u201d n\u00eb \u201cNews 24\u201d, foli p\u00ebr situat\u00ebn n\u00eb PD. Berisha ka mb\u00ebshtetjen e 60% t\u00eb an\u00ebtar\u00ebsis\u00eb s\u00eb PD, 20% e ka Alibeaj dhe 20% tjet\u00ebr p\u00ebrb\u00ebhet nga ata q\u00eb jan\u00eb neutral\u00eb n\u00eb proces.N\u00eb k\u00ebt\u00eb linj\u00eb logjike tha se po veprohet\u2026","rel":"","context":"In &quot;Blogu i Udh\u00ebtarit&quot;","block_context":{"text":"Blogu i Udh\u00ebtarit","link":"https:\/\/www.shqiperia.com\/blog\/category\/blogu-i-udhetarit\/"},"img":{"alt_text":"","src":"https:\/\/i0.wp.com\/www.shqiperia.com\/blog\/wp-content\/uploads\/2022\/05\/800-0-627a672f9387d.jpg?fit=800%2C470&ssl=1&resize=350%2C200","width":350,"height":200,"srcset":"https:\/\/i0.wp.com\/www.shqiperia.com\/blog\/wp-content\/uploads\/2022\/05\/800-0-627a672f9387d.jpg?fit=800%2C470&ssl=1&resize=350%2C200 1x, https:\/\/i0.wp.com\/www.shqiperia.com\/blog\/wp-content\/uploads\/2022\/05\/800-0-627a672f9387d.jpg?fit=800%2C470&ssl=1&resize=525%2C300 1.5x, https:\/\/i0.wp.com\/www.shqiperia.com\/blog\/wp-content\/uploads\/2022\/05\/800-0-627a672f9387d.jpg?fit=800%2C470&ssl=1&resize=700%2C400 2x"},"classes":[]},{"id":23351,"url":"https:\/\/www.shqiperia.com\/blog\/rama-kryeministri-me-hajdut-me-arrogant-dhe-me-mashtrues-basha-takime-ne-lezhe-drejtesia-teresisht-e-privatizuar\/","url_meta":{"origin":34980,"position":2},"title":"\u201cRama, kryeministri m\u00eb hajdut, m\u00eb arrogant dhe m\u00eb mashtrues\u201d-Basha takime n\u00eb Lezh\u00eb: Drejt\u00ebsia t\u00ebr\u00ebsisht e privatizuar","author":"Kurt Farka","date":"July 21, 2019","format":false,"excerpt":"\u201cRama, kryeministri m\u00eb hajdut, m\u00eb arrogant dhe m\u00eb mashtrues\u201d-Basha takime n\u00eb Lezh\u00eb: Drejt\u00ebsia t\u00ebr\u00ebsisht e privatizuar \u00a0 N\u00eb takimin me demokrat\u00ebt e Lezh\u00ebs, kreu i opozit\u00ebs e konsideroi Edi Ram\u00ebn si problemin m\u00eb t\u00eb madh p\u00ebr ekonomin\u00eb, papun\u00ebsin\u00eb dhe shkat\u00ebrrimin e drejt\u00ebsis\u00eb. \u00a0 Zoti Basha iu referua skandalit t\u00eb Gjykat\u00ebs\u2026","rel":"","context":"In &quot;Politika&quot;","block_context":{"text":"Politika","link":"https:\/\/www.shqiperia.com\/blog\/category\/politika\/"},"img":{"alt_text":"","src":"https:\/\/i0.wp.com\/www.shqiperia.com\/blog\/wp-content\/uploads\/2019\/07\/1558515096_edirama.jpg?fit=539%2C305&ssl=1&resize=350%2C200","width":350,"height":200,"srcset":"https:\/\/i0.wp.com\/www.shqiperia.com\/blog\/wp-content\/uploads\/2019\/07\/1558515096_edirama.jpg?fit=539%2C305&ssl=1&resize=350%2C200 1x, https:\/\/i0.wp.com\/www.shqiperia.com\/blog\/wp-content\/uploads\/2019\/07\/1558515096_edirama.jpg?fit=539%2C305&ssl=1&resize=525%2C300 1.5x"},"classes":[]},{"id":46259,"url":"https:\/\/www.shqiperia.com\/blog\/e-paprecedente-alibeaj-nga-pd-edi-rama-dhe-ps-perdorin-te-dhenat-personale-nga-portali-e-albania-per-te\/","url_meta":{"origin":34980,"position":3},"title":"\u201cE paprecedent\u00eb\u201d\/ Alibeaj nga PD: &#8211; Edi Rama dhe PS p\u00ebrdorin t\u00eb dh\u00ebnat personale nga portali e-Albania p\u00ebr t\u00eb\u2026","author":"Kurt Farka","date":"April 11, 2021","format":false,"excerpt":"\u201cE paprecedent\u00eb\u201d\/ Alibeaj nga PD: - Edi Rama dhe PS p\u00ebrdorin t\u00eb dh\u00ebnat personale nga portali e-Albania p\u00ebr t\u00eb\u2026 11 Prill 2021 Partia Demokratike e konsideron skandal p\u00ebrdorimin e t\u00eb dh\u00ebnave personale nga ana e Partis\u00eb Socialiste, duke shfryt\u00ebzuar sipas saj t\u00eb dh\u00ebnat e portalit shtet\u00ebror e-Albania. Kandidati p\u00ebr deputet,\u2026","rel":"","context":"In &quot;Politika&quot;","block_context":{"text":"Politika","link":"https:\/\/www.shqiperia.com\/blog\/category\/politika\/"},"img":{"alt_text":"","src":"https:\/\/i0.wp.com\/www.shqiperia.com\/blog\/wp-content\/uploads\/2021\/04\/Enkelejd-Alibeaj.jpeg?fit=1200%2C619&ssl=1&resize=350%2C200","width":350,"height":200,"srcset":"https:\/\/i0.wp.com\/www.shqiperia.com\/blog\/wp-content\/uploads\/2021\/04\/Enkelejd-Alibeaj.jpeg?fit=1200%2C619&ssl=1&resize=350%2C200 1x, https:\/\/i0.wp.com\/www.shqiperia.com\/blog\/wp-content\/uploads\/2021\/04\/Enkelejd-Alibeaj.jpeg?fit=1200%2C619&ssl=1&resize=525%2C300 1.5x, https:\/\/i0.wp.com\/www.shqiperia.com\/blog\/wp-content\/uploads\/2021\/04\/Enkelejd-Alibeaj.jpeg?fit=1200%2C619&ssl=1&resize=700%2C400 2x, https:\/\/i0.wp.com\/www.shqiperia.com\/blog\/wp-content\/uploads\/2021\/04\/Enkelejd-Alibeaj.jpeg?fit=1200%2C619&ssl=1&resize=1050%2C600 3x"},"classes":[]},{"id":52189,"url":"https:\/\/www.shqiperia.com\/blog\/kuvend-i-hajnise-basha-akuzon-berisha-po-mbeshtetet-nga-rama-meta-oligarket-dhe-krimi-i-organizuar\/","url_meta":{"origin":34980,"position":4},"title":"\u201cKuvend i Hajnis\u00eb\u201d . Basha akuzon: &#8211; Berisha po mb\u00ebshtetet nga Rama-Meta, oligark\u00ebt dhe krimi i organizuar","author":"Kurt Farka","date":"December 10, 2021","format":false,"excerpt":"\u201cKuvend i Hajnis\u00eb\u201d . Basha akuzon: - Berisha po mb\u00ebshtetet nga Rama-Meta, oligark\u00ebt dhe krimi i organizuar 9 DHJETOR 2021 Lulzim Basha e quajti \u201cKuvendi i Hajnis\u00eb\u201d Kuvendin e thirrur nga Sali Berisha m\u00eb 11 dhjetor dhe akuzoi Edi Ram\u00ebn se po e mb\u00ebshtet ish-Kryeministrin s\u00eb bashku me Ilir Met\u00ebn.\u2026","rel":"","context":"In &quot;Blogu i Udh\u00ebtarit&quot;","block_context":{"text":"Blogu i Udh\u00ebtarit","link":"https:\/\/www.shqiperia.com\/blog\/category\/blogu-i-udhetarit\/"},"img":{"alt_text":"","src":"https:\/\/i0.wp.com\/www.shqiperia.com\/blog\/wp-content\/uploads\/2021\/12\/640-0-373802825f33fa05d9228cb207f42a3e.jpg?fit=640%2C389&ssl=1&resize=350%2C200","width":350,"height":200,"srcset":"https:\/\/i0.wp.com\/www.shqiperia.com\/blog\/wp-content\/uploads\/2021\/12\/640-0-373802825f33fa05d9228cb207f42a3e.jpg?fit=640%2C389&ssl=1&resize=350%2C200 1x, https:\/\/i0.wp.com\/www.shqiperia.com\/blog\/wp-content\/uploads\/2021\/12\/640-0-373802825f33fa05d9228cb207f42a3e.jpg?fit=640%2C389&ssl=1&resize=525%2C300 1.5x"},"classes":[]},{"id":39133,"url":"https:\/\/www.shqiperia.com\/blog\/10-oligarke-moren-2100-tendera-vitin-e-shkuar-rama-pa-asnje-opsion-per-ringritjen-ekonomike-vetem-shane-projektet-e-pd\/","url_meta":{"origin":34980,"position":5},"title":"\u201c10 oligark\u00eb mor\u00ebn 2100 tendera vitin e shkuar\u201d. Rama pa asnje opsion per ringritjen Ekonomike.\u00a0 Vetem shane Projektet e PD.","author":"Kurt Farka","date":"October 1, 2020","format":false,"excerpt":"\u201c10 oligark\u00eb mor\u00ebn 2100 tendera vitin e shkuar\u201d. Rama pa asnje opsion per ringritjen Ekonomike.\u00a0 Vetem shane Projektet e PD. 1 tetor \u00a02020 Ish-deputetja e Partis\u00eb Demokratike, Jorida Tabaku i \u00ebsht\u00eb p\u00ebrgjigjur kryeministrit Edi Rama, i fundit ky i cili ka deklaruar se opozita i quan paturp\u00ebsisht oligark\u00eb disa biznesmen\u00eb,\u2026","rel":"","context":"In &quot;Blogu i Udh\u00ebtarit&quot;","block_context":{"text":"Blogu i Udh\u00ebtarit","link":"https:\/\/www.shqiperia.com\/blog\/category\/blogu-i-udhetarit\/"},"img":{"alt_text":"","src":"https:\/\/i0.wp.com\/www.shqiperia.com\/blog\/wp-content\/uploads\/2020\/10\/ilir-meta-tedi-blushi-edi-rama-Copy.jpg?resize=350%2C200&ssl=1","width":350,"height":200},"classes":[]}],"_links":{"self":[{"href":"https:\/\/www.shqiperia.com\/blog\/wp-json\/wp\/v2\/posts\/34980","targetHints":{"allow":["GET"]}}],"collection":[{"href":"https:\/\/www.shqiperia.com\/blog\/wp-json\/wp\/v2\/posts"}],"about":[{"href":"https:\/\/www.shqiperia.com\/blog\/wp-json\/wp\/v2\/types\/post"}],"author":[{"embeddable":true,"href":"https:\/\/www.shqiperia.com\/blog\/wp-json\/wp\/v2\/users\/9"}],"replies":[{"embeddable":true,"href":"https:\/\/www.shqiperia.com\/blog\/wp-json\/wp\/v2\/comments?post=34980"}],"version-history":[{"count":1,"href":"https:\/\/www.shqiperia.com\/blog\/wp-json\/wp\/v2\/posts\/34980\/revisions"}],"predecessor-version":[{"id":34982,"href":"https:\/\/www.shqiperia.com\/blog\/wp-json\/wp\/v2\/posts\/34980\/revisions\/34982"}],"wp:featuredmedia":[{"embeddable":true,"href":"https:\/\/www.shqiperia.com\/blog\/wp-json\/wp\/v2\/media\/34981"}],"wp:attachment":[{"href":"https:\/\/www.shqiperia.com\/blog\/wp-json\/wp\/v2\/media?parent=34980"}],"wp:term":[{"taxonomy":"category","embeddable":true,"href":"https:\/\/www.shqiperia.com\/blog\/wp-json\/wp\/v2\/categories?post=34980"},{"taxonomy":"post_tag","embeddable":true,"href":"https:\/\/www.shqiperia.com\/blog\/wp-json\/wp\/v2\/tags?post=34980"}],"curies":[{"name":"wp","href":"https:\/\/api.w.org\/{rel}","templated":true}]}}