{"id":34968,"date":"2020-05-24T00:39:03","date_gmt":"2020-05-24T00:39:03","guid":{"rendered":"https:\/\/www.shqiperia.com\/blog\/?p=34968"},"modified":"2020-05-24T00:39:03","modified_gmt":"2020-05-24T00:39:03","slug":"meta-thirrje-qytetareve-tu-bashkohemi-levizjeve-qytetare-qe-po-ngrihen-ne-te-gjithe-vendin","status":"publish","type":"post","link":"https:\/\/www.shqiperia.com\/blog\/meta-thirrje-qytetareve-tu-bashkohemi-levizjeve-qytetare-qe-po-ngrihen-ne-te-gjithe-vendin\/","title":{"rendered":"Meta thirrje qytetareve: &#8211; T\u2019u bashkohemi l\u00ebvizjeve qytetare q\u00eb po ngrihen n\u00eb t\u00eb gjith\u00eb vendin"},"content":{"rendered":"<p><img data-recalc-dims=\"1\" loading=\"lazy\" decoding=\"async\" data-attachment-id=\"34969\" data-permalink=\"https:\/\/www.shqiperia.com\/blog\/meta-thirrje-qytetareve-tu-bashkohemi-levizjeve-qytetare-qe-po-ngrihen-ne-te-gjithe-vendin\/meta-kushtetuta-600x360-2\/\" data-orig-file=\"https:\/\/i0.wp.com\/www.shqiperia.com\/blog\/wp-content\/uploads\/2020\/05\/meta-kushtetuta-600x360-2.jpg?fit=600%2C331&amp;ssl=1\" data-orig-size=\"600,331\" data-comments-opened=\"1\" data-image-meta=\"{&quot;aperture&quot;:&quot;0&quot;,&quot;credit&quot;:&quot;&quot;,&quot;camera&quot;:&quot;&quot;,&quot;caption&quot;:&quot;&quot;,&quot;created_timestamp&quot;:&quot;0&quot;,&quot;copyright&quot;:&quot;&quot;,&quot;focal_length&quot;:&quot;0&quot;,&quot;iso&quot;:&quot;0&quot;,&quot;shutter_speed&quot;:&quot;0&quot;,&quot;title&quot;:&quot;&quot;,&quot;orientation&quot;:&quot;0&quot;}\" data-image-title=\"meta-kushtetuta-600&#215;360\" data-image-description=\"\" data-image-caption=\"\" data-medium-file=\"https:\/\/i0.wp.com\/www.shqiperia.com\/blog\/wp-content\/uploads\/2020\/05\/meta-kushtetuta-600x360-2.jpg?fit=300%2C166&amp;ssl=1\" data-large-file=\"https:\/\/i0.wp.com\/www.shqiperia.com\/blog\/wp-content\/uploads\/2020\/05\/meta-kushtetuta-600x360-2.jpg?fit=600%2C331&amp;ssl=1\" class=\"alignnone  wp-image-34969\" alt=\"\" src=\"https:\/\/i0.wp.com\/www.shqiperia.com\/blog\/wp-content\/uploads\/2020\/05\/meta-kushtetuta-600x360-2.jpg?resize=520%2C288&#038;ssl=1\" width=\"520\" height=\"288\" srcset=\"https:\/\/i0.wp.com\/www.shqiperia.com\/blog\/wp-content\/uploads\/2020\/05\/meta-kushtetuta-600x360-2.jpg?resize=300%2C166&amp;ssl=1 300w, https:\/\/i0.wp.com\/www.shqiperia.com\/blog\/wp-content\/uploads\/2020\/05\/meta-kushtetuta-600x360-2.jpg?resize=450%2C248&amp;ssl=1 450w, https:\/\/i0.wp.com\/www.shqiperia.com\/blog\/wp-content\/uploads\/2020\/05\/meta-kushtetuta-600x360-2.jpg?resize=400%2C221&amp;ssl=1 400w, https:\/\/i0.wp.com\/www.shqiperia.com\/blog\/wp-content\/uploads\/2020\/05\/meta-kushtetuta-600x360-2.jpg?w=600&amp;ssl=1 600w\" sizes=\"auto, (max-width: 520px) 100vw, 520px\" \/><\/p>\n<p>Meta thirrje qytetareve: &#8211; T\u2019u bashkohemi l\u00ebvizjeve qytetare q\u00eb po ngrihen n\u00eb t\u00eb gjith\u00eb vendin<a href=\"https:\/\/lajmifundit.al\/politika-shqiperia\/\"><\/a><\/p>\n<p><strong>22 maji \u00a02020<\/strong><\/p>\n<p>Presidenti Ilir Meta teksa ka kujtuar revoltat e Qaf\u00eb Barit, ndersa thot\u00eb se \u201csot kur shohim ku ka r\u00ebn\u00eb demokracia jon\u00eb, nderimi i vet\u00ebm q\u00eb mund dhe duhet t\u2019u b\u00ebjm\u00eb sakrificave t\u00eb tyre \u00ebsht\u00eb t\u2019u bashkohemi l\u00ebvizjeve qytetare q\u00eb po ngrihen n\u00eb t\u00eb gjith\u00eb vendin\u201d.<\/p>\n<p>Statusi i Met\u00ebs<br \/>\nMaji \u00ebsht\u00eb nj\u00eb muaj i ve\u00e7ant\u00eb, i p\u00ebrkujtimit t\u00eb Revoltave kund\u00ebr diktatur\u00ebs m\u00eb t\u00eb eg\u00ebr q\u00eb njohu Europa p\u00ebr gjysm\u00eb shekulli. Ndaj ne nderojm\u00eb me mir\u00ebnjohje zem\u00ebrluan\u00ebt e Qaf\u00eb Barit dhe t\u00eb Spa\u00e7it, dy burgjeve m\u00eb t\u00eb tmerrshme, t\u00eb cil\u00ebt guxuan t\u00eb ngrihen e t\u00eb luftojn\u00eb p\u00ebr lirin\u00eb dhe t\u00eb drejtat e tyre duke dh\u00ebn\u00eb edhe jet\u00ebn.<\/p>\n<p>Ata thyen mitin e paprekshm\u00ebris\u00eb t\u00eb regjimit kriminal dhe treguan se nuk mund t\u00eb ishte i p\u00ebrjetsh\u00ebm.<\/p>\n<p>Sot kur shohim ku ka r\u00ebn\u00eb demokracia jon\u00eb, nderimi i vet\u00ebm q\u00eb mund dhe duhet t\u2019u b\u00ebjm\u00eb sakrificave t\u00eb tyre \u00ebsht\u00eb t\u2019u bashkohemi l\u00ebvizjeve qytetare q\u00eb po ngrihen n\u00eb t\u00eb gjith\u00eb vendin p\u00ebr t\u00eb krijuar nj\u00eb FRONT T\u00cb BASHKUAR P\u00cbR RIVENDOSJEN E DEMOKRACIS\u00cb p\u00ebrmes Zgjedhjeve t\u00eb Lira e t\u00eb Ndershme.<\/p>\n<p>Q\u00ebndresa p\u00ebr 27 muaj e artist\u00ebve \u00ebsht\u00eb kauza m\u00eb fisnike e k\u00ebtyre dekadave dhe shembull frym\u00ebzimi p\u00ebr t\u00eb gjith\u00eb ata t\u00eb cil\u00ebt kan\u00eb dinjitet dhe e meritojn\u00eb lirin\u00eb.<\/p>\n<p>Nderim zem\u00ebrluan\u00ebve t\u00eb Spa\u00e7it dhe Qaf\u00eb Barit t\u00eb cil\u00ebt trondit\u00ebn diktatur\u00ebn m\u00eb t\u00eb eg\u00ebr t\u00eb Europ\u00ebs.<br \/>\nNderim zem\u00ebrluan\u00ebve t\u00eb Aleanc\u00ebs t\u00eb Mbrojtjes t\u00eb Teatrit, t\u00eb cil\u00ebt fituan admirimin e mbar\u00eb Europ\u00ebs p\u00ebr kauzen e tyre fisnike dhe i hoq\u00ebn mask\u00ebn e fundit regjimit t\u00eb dhun\u00ebs kriminale.<br \/>\nT\u00cb GJITH\u00cb T\u00cb NGRIHEMI P\u00cbR DEMOKRACIN\u00cb!<br \/>\nKUR NGRIHET POPULLI BIE TIRANIA!<\/p>\n","protected":false},"excerpt":{"rendered":"<p>Meta thirrje qytetareve: &#8211; T\u2019u bashkohemi l\u00ebvizjeve qytetare q\u00eb po ngrihen n\u00eb t\u00eb gjith\u00eb vendin 22 maji \u00a02020 Presidenti Ilir Meta teksa ka kujtuar revoltat e Qaf\u00eb Barit, ndersa thot\u00eb se \u201csot kur shohim ku ka r\u00ebn\u00eb demokracia jon\u00eb, nderimi i vet\u00ebm q\u00eb mund dhe duhet t\u2019u b\u00ebjm\u00eb sakrificave t\u00eb tyre \u00ebsht\u00eb t\u2019u bashkohemi l\u00ebvizjeve [&hellip;]<\/p>\n","protected":false},"author":9,"featured_media":34969,"comment_status":"open","ping_status":"open","sticky":false,"template":"","format":"standard","meta":{"jetpack_post_was_ever_published":false,"_jetpack_newsletter_access":"","_jetpack_dont_email_post_to_subs":false,"_jetpack_newsletter_tier_id":0,"_jetpack_memberships_contains_paywalled_content":false,"_jetpack_memberships_contains_paid_content":false,"footnotes":"","jetpack_publicize_message":"","jetpack_publicize_feature_enabled":true,"jetpack_social_post_already_shared":true,"jetpack_social_options":{"image_generator_settings":{"template":"highway","default_image_id":0,"font":"","enabled":false},"version":2}},"categories":[27,1,35],"tags":[],"class_list":["post-34968","post","type-post","status-publish","format-standard","has-post-thumbnail","hentry","category-blogu-i-udhetarit","category-njoftime-shtypi","category-shoqerore"],"jetpack_publicize_connections":[],"jetpack_featured_media_url":"https:\/\/i0.wp.com\/www.shqiperia.com\/blog\/wp-content\/uploads\/2020\/05\/meta-kushtetuta-600x360-2.jpg?fit=600%2C331&ssl=1","jetpack_sharing_enabled":true,"jetpack_shortlink":"https:\/\/wp.me\/p5Z6wp-960","jetpack-related-posts":[{"id":79922,"url":"https:\/\/www.shqiperia.com\/blog\/ilir-meta-i-bashkohet-protestes-tek-bashkia-e-tiranes\/","url_meta":{"origin":34968,"position":0},"title":"Ilir Meta i bashkohet protest\u00ebs tek Bashkia e Tiranes","author":"Kurt Farka","date":"April 5, 2024","format":false,"excerpt":"5 Prill 2024 Kreu i Partis\u00eb s\u00eb Liris\u00eb, Ilir Meta iu \u00ebsht\u00eb bashkuar protest\u00ebs para Bashkis\u00eb s\u00eb Tiran\u00ebs, ku gjat\u00eb fjal\u00ebs s\u00eb tij ka deklaruar se Prokuroria e Posa\u00e7me komandohet nga gjykata. Meta u shpreh se SPAK ka tmerr nga fjala e ish-kryeministrit Sali Berisha, dhe sipas tij, q\u00ebllimi i\u2026","rel":"","context":"In &quot;Blogu i Udh\u00ebtarit&quot;","block_context":{"text":"Blogu i Udh\u00ebtarit","link":"https:\/\/www.shqiperia.com\/blog\/category\/blogu-i-udhetarit\/"},"img":{"alt_text":"","src":"https:\/\/i0.wp.com\/www.shqiperia.com\/blog\/wp-content\/uploads\/2024\/04\/ilir-meta11.jpg?fit=1200%2C651&ssl=1&resize=350%2C200","width":350,"height":200,"srcset":"https:\/\/i0.wp.com\/www.shqiperia.com\/blog\/wp-content\/uploads\/2024\/04\/ilir-meta11.jpg?fit=1200%2C651&ssl=1&resize=350%2C200 1x, https:\/\/i0.wp.com\/www.shqiperia.com\/blog\/wp-content\/uploads\/2024\/04\/ilir-meta11.jpg?fit=1200%2C651&ssl=1&resize=525%2C300 1.5x, https:\/\/i0.wp.com\/www.shqiperia.com\/blog\/wp-content\/uploads\/2024\/04\/ilir-meta11.jpg?fit=1200%2C651&ssl=1&resize=700%2C400 2x, https:\/\/i0.wp.com\/www.shqiperia.com\/blog\/wp-content\/uploads\/2024\/04\/ilir-meta11.jpg?fit=1200%2C651&ssl=1&resize=1050%2C600 3x"},"classes":[]},{"id":22309,"url":"https:\/\/www.shqiperia.com\/blog\/aleanca-qytetare-ne-berat-kerkese-presidentit-shpall-zgjedhjet-e-parakohshme-parlamentare\/","url_meta":{"origin":34968,"position":1},"title":"Aleanca Qytetare n\u00eb Berat k\u00ebrkes\u00eb Presidentit: Shpall zgjedhjet e parakohshme parlamentare","author":"Kurt Farka","date":"June 25, 2019","format":false,"excerpt":"Aleanca Qytetare n\u00eb Berat k\u00ebrkes\u00eb Presidentit: Shpall zgjedhjet e parakohshme parlamentare \u00a025 qershor 2019 Aleanca Qytetare p\u00ebr Mbrojtjen e Demokracis\u00eb n\u00eb Berat i k\u00ebrkon Presidentit t\u00eb Republik\u00ebs, Ilir Meta t\u00eb p\u00ebrdor\u00eb t\u00eb gjitha mekanizmat ligjor\u00eb q\u00eb ka n\u00eb dispozicion p\u00ebr t\u00eb shpallur sa m\u00eb par\u00eb zgjedhjet e p\u00ebrgjithshme parlamentare t\u00eb\u2026","rel":"","context":"In &quot;Blogu i Udh\u00ebtarit&quot;","block_context":{"text":"Blogu i Udh\u00ebtarit","link":"https:\/\/www.shqiperia.com\/blog\/category\/blogu-i-udhetarit\/"},"img":{"alt_text":"","src":"https:\/\/i0.wp.com\/www.shqiperia.com\/blog\/wp-content\/uploads\/2019\/06\/7d426e7d-bbd6-4c5f-853c-3003050da7ee-1.jpg?fit=1200%2C592&ssl=1&resize=350%2C200","width":350,"height":200,"srcset":"https:\/\/i0.wp.com\/www.shqiperia.com\/blog\/wp-content\/uploads\/2019\/06\/7d426e7d-bbd6-4c5f-853c-3003050da7ee-1.jpg?fit=1200%2C592&ssl=1&resize=350%2C200 1x, https:\/\/i0.wp.com\/www.shqiperia.com\/blog\/wp-content\/uploads\/2019\/06\/7d426e7d-bbd6-4c5f-853c-3003050da7ee-1.jpg?fit=1200%2C592&ssl=1&resize=525%2C300 1.5x, https:\/\/i0.wp.com\/www.shqiperia.com\/blog\/wp-content\/uploads\/2019\/06\/7d426e7d-bbd6-4c5f-853c-3003050da7ee-1.jpg?fit=1200%2C592&ssl=1&resize=700%2C400 2x, https:\/\/i0.wp.com\/www.shqiperia.com\/blog\/wp-content\/uploads\/2019\/06\/7d426e7d-bbd6-4c5f-853c-3003050da7ee-1.jpg?fit=1200%2C592&ssl=1&resize=1050%2C600 3x"},"classes":[]},{"id":59505,"url":"https:\/\/www.shqiperia.com\/blog\/humbje-jete-nga-covid-19-ne-shqiperi\/","url_meta":{"origin":34968,"position":2},"title":"Humbje jete nga Covid-19 n\u00eb Shqip\u00ebri","author":"Kurt Farka","date":"June 28, 2022","format":false,"excerpt":"28 Qershor 2022 COVID19\/ Ministria e Sh\u00ebndet\u00ebsis\u00eb: 1537 testime, 550 qytetar\u00eb t\u00eb infektuar, nj\u00eb humbje jete dhe 210 t\u00eb sh\u00ebruar n\u00eb 24 or\u00ebt e fundit Nisur nga rritja e numrit t\u00eb qytetar\u00ebve t\u00eb prekur nga Covid19, Ministria e Sh\u00ebndet\u00ebsis\u00eb i b\u00ebn s\u00ebrish thirrje qytetar\u00ebve t\u00eb mos neglizhojn\u00eb vaksinimin anticovid, posa\u00e7\u00ebrisht\u2026","rel":"","context":"In &quot;Blogu i Udh\u00ebtarit&quot;","block_context":{"text":"Blogu i Udh\u00ebtarit","link":"https:\/\/www.shqiperia.com\/blog\/category\/blogu-i-udhetarit\/"},"img":{"alt_text":"","src":"https:\/\/i0.wp.com\/www.shqiperia.com\/blog\/wp-content\/uploads\/2022\/06\/800-0-62bb1aee3dec3.jpg?fit=800%2C440&ssl=1&resize=350%2C200","width":350,"height":200,"srcset":"https:\/\/i0.wp.com\/www.shqiperia.com\/blog\/wp-content\/uploads\/2022\/06\/800-0-62bb1aee3dec3.jpg?fit=800%2C440&ssl=1&resize=350%2C200 1x, https:\/\/i0.wp.com\/www.shqiperia.com\/blog\/wp-content\/uploads\/2022\/06\/800-0-62bb1aee3dec3.jpg?fit=800%2C440&ssl=1&resize=525%2C300 1.5x, https:\/\/i0.wp.com\/www.shqiperia.com\/blog\/wp-content\/uploads\/2022\/06\/800-0-62bb1aee3dec3.jpg?fit=800%2C440&ssl=1&resize=700%2C400 2x"},"classes":[]},{"id":80513,"url":"https:\/\/www.shqiperia.com\/blog\/ilir-meta-te-bashkohemi-kunder-shpopullimit-duke\/","url_meta":{"origin":34968,"position":3},"title":"Ilir Meta: &#8211; T\u00eb bashkohemi kund\u00ebr shpopullimit duke\u2026","author":"Kurt Farka","date":"April 29, 2024","format":false,"excerpt":"29 Prill 2024 Meta b\u00ebn thirrje q\u00eb shqiptar\u00ebt\u00a0 t\u00eb b\u00ebhen bashk\u00eb duke mb\u00ebshtetu prioritetet e Partis\u00eb s\u00eb Liris\u00eb. Ai tha se \u00ebsht\u00eb prioritet q\u00eb shqiptar\u00ebt t\u00eb kthehen n\u00eb vendin e tyre dhe Shqip\u00ebria t\u00eb ngrihet n\u00eb nivelet ku sakrificat e shqiptar\u00ebve meritojn\u00eb. \u201cT\u00eb bashkohemi kund\u00ebr shpopullimit duke mb\u00ebshtetur 5 prioritetet\u2026","rel":"","context":"In &quot;Blogu i Udh\u00ebtarit&quot;","block_context":{"text":"Blogu i Udh\u00ebtarit","link":"https:\/\/www.shqiperia.com\/blog\/category\/blogu-i-udhetarit\/"},"img":{"alt_text":"","src":"https:\/\/i0.wp.com\/www.shqiperia.com\/blog\/wp-content\/uploads\/2024\/04\/ilir-meta22-1-scaled.jpg?fit=1200%2C800&ssl=1&resize=350%2C200","width":350,"height":200,"srcset":"https:\/\/i0.wp.com\/www.shqiperia.com\/blog\/wp-content\/uploads\/2024\/04\/ilir-meta22-1-scaled.jpg?fit=1200%2C800&ssl=1&resize=350%2C200 1x, https:\/\/i0.wp.com\/www.shqiperia.com\/blog\/wp-content\/uploads\/2024\/04\/ilir-meta22-1-scaled.jpg?fit=1200%2C800&ssl=1&resize=525%2C300 1.5x, https:\/\/i0.wp.com\/www.shqiperia.com\/blog\/wp-content\/uploads\/2024\/04\/ilir-meta22-1-scaled.jpg?fit=1200%2C800&ssl=1&resize=700%2C400 2x, https:\/\/i0.wp.com\/www.shqiperia.com\/blog\/wp-content\/uploads\/2024\/04\/ilir-meta22-1-scaled.jpg?fit=1200%2C800&ssl=1&resize=1050%2C600 3x"},"classes":[]},{"id":99205,"url":"https:\/\/www.shqiperia.com\/blog\/kryeministri-dje-ne-lezhe-kellici-denoncon-ngjarje-qe-ka-ndodhur-ne\/","url_meta":{"origin":34968,"position":4},"title":"Kryeministri dje n\u00eb Lezh\u00eb, K\u00eblli\u00e7i denoncon: Ngjarje q\u00eb ka ndodhur n\u00eb\u2026","author":"Kurt Farka","date":"April 8, 2026","format":false,"excerpt":"8 Prill 2026 Deputeti i Partis\u00eb Demokratike, Belind K\u00eblli\u00e7i ka denoncuar nj\u00eb rast t\u00eb ndodhur sipas tij n\u00eb Lezh\u00eb dit\u00ebn e djeshme. N\u00eb nj\u00eb postim n\u00eb rrjetet sociale, K\u00eblli\u00e7i shkruan se dy qytetar\u00eb, t\u00eb cil\u00ebt njihen p\u00ebr q\u00ebndrimet e tyre kund\u00ebr qeveris\u00eb, jan\u00eb provuar nga liria dhe jan\u00eb liruar m\u00eb\u2026","rel":"","context":"In &quot;Blogu i Udh\u00ebtarit&quot;","block_context":{"text":"Blogu i Udh\u00ebtarit","link":"https:\/\/www.shqiperia.com\/blog\/category\/blogu-i-udhetarit\/"},"img":{"alt_text":"","src":"https:\/\/i0.wp.com\/www.shqiperia.com\/blog\/wp-content\/uploads\/2026\/04\/649276472_2166612417493606_342874270928890806_n.jpg?fit=720%2C528&ssl=1&resize=350%2C200","width":350,"height":200,"srcset":"https:\/\/i0.wp.com\/www.shqiperia.com\/blog\/wp-content\/uploads\/2026\/04\/649276472_2166612417493606_342874270928890806_n.jpg?fit=720%2C528&ssl=1&resize=350%2C200 1x, https:\/\/i0.wp.com\/www.shqiperia.com\/blog\/wp-content\/uploads\/2026\/04\/649276472_2166612417493606_342874270928890806_n.jpg?fit=720%2C528&ssl=1&resize=525%2C300 1.5x, https:\/\/i0.wp.com\/www.shqiperia.com\/blog\/wp-content\/uploads\/2026\/04\/649276472_2166612417493606_342874270928890806_n.jpg?fit=720%2C528&ssl=1&resize=700%2C400 2x"},"classes":[]},{"id":60106,"url":"https:\/\/www.shqiperia.com\/blog\/tri-humbje-jete-nga-covidi\/","url_meta":{"origin":34968,"position":5},"title":"Tri humbje jete nga Covidi","author":"Kurt Farka","date":"July 26, 2022","format":false,"excerpt":"26 KORRIK 2022 COVID19\/ Ministria e Sh\u00ebndet\u00ebsis\u00eb: 3474 testime, 1666 qytetar\u00eb t\u00eb infektuar, tre humbje jete dhe 1391 t\u00eb sh\u00ebruar n\u00eb 24 or\u00ebt e fundit Nisur nga rritja e numrit t\u00eb qytetar\u00ebve t\u00eb prekur nga Covid19, Ministria e Sh\u00ebndet\u00ebsis\u00eb i b\u00ebn s\u00ebrish thirrje qytetar\u00ebve t\u00eb mos neglizhojn\u00eb vaksinimin anticovid, posa\u00e7\u00ebrisht\u2026","rel":"","context":"In &quot;Blogu i Udh\u00ebtarit&quot;","block_context":{"text":"Blogu i Udh\u00ebtarit","link":"https:\/\/www.shqiperia.com\/blog\/category\/blogu-i-udhetarit\/"},"img":{"alt_text":"","src":"https:\/\/i0.wp.com\/www.shqiperia.com\/blog\/wp-content\/uploads\/2022\/07\/1140-covid-heart-damage.jpg?fit=1140%2C655&ssl=1&resize=350%2C200","width":350,"height":200,"srcset":"https:\/\/i0.wp.com\/www.shqiperia.com\/blog\/wp-content\/uploads\/2022\/07\/1140-covid-heart-damage.jpg?fit=1140%2C655&ssl=1&resize=350%2C200 1x, https:\/\/i0.wp.com\/www.shqiperia.com\/blog\/wp-content\/uploads\/2022\/07\/1140-covid-heart-damage.jpg?fit=1140%2C655&ssl=1&resize=525%2C300 1.5x, https:\/\/i0.wp.com\/www.shqiperia.com\/blog\/wp-content\/uploads\/2022\/07\/1140-covid-heart-damage.jpg?fit=1140%2C655&ssl=1&resize=700%2C400 2x, https:\/\/i0.wp.com\/www.shqiperia.com\/blog\/wp-content\/uploads\/2022\/07\/1140-covid-heart-damage.jpg?fit=1140%2C655&ssl=1&resize=1050%2C600 3x"},"classes":[]}],"_links":{"self":[{"href":"https:\/\/www.shqiperia.com\/blog\/wp-json\/wp\/v2\/posts\/34968","targetHints":{"allow":["GET"]}}],"collection":[{"href":"https:\/\/www.shqiperia.com\/blog\/wp-json\/wp\/v2\/posts"}],"about":[{"href":"https:\/\/www.shqiperia.com\/blog\/wp-json\/wp\/v2\/types\/post"}],"author":[{"embeddable":true,"href":"https:\/\/www.shqiperia.com\/blog\/wp-json\/wp\/v2\/users\/9"}],"replies":[{"embeddable":true,"href":"https:\/\/www.shqiperia.com\/blog\/wp-json\/wp\/v2\/comments?post=34968"}],"version-history":[{"count":1,"href":"https:\/\/www.shqiperia.com\/blog\/wp-json\/wp\/v2\/posts\/34968\/revisions"}],"predecessor-version":[{"id":34970,"href":"https:\/\/www.shqiperia.com\/blog\/wp-json\/wp\/v2\/posts\/34968\/revisions\/34970"}],"wp:featuredmedia":[{"embeddable":true,"href":"https:\/\/www.shqiperia.com\/blog\/wp-json\/wp\/v2\/media\/34969"}],"wp:attachment":[{"href":"https:\/\/www.shqiperia.com\/blog\/wp-json\/wp\/v2\/media?parent=34968"}],"wp:term":[{"taxonomy":"category","embeddable":true,"href":"https:\/\/www.shqiperia.com\/blog\/wp-json\/wp\/v2\/categories?post=34968"},{"taxonomy":"post_tag","embeddable":true,"href":"https:\/\/www.shqiperia.com\/blog\/wp-json\/wp\/v2\/tags?post=34968"}],"curies":[{"name":"wp","href":"https:\/\/api.w.org\/{rel}","templated":true}]}}