{"id":34963,"date":"2020-05-24T00:25:56","date_gmt":"2020-05-24T00:25:56","guid":{"rendered":"https:\/\/www.shqiperia.com\/blog\/?p=34963"},"modified":"2020-05-24T00:25:56","modified_gmt":"2020-05-24T00:25:56","slug":"astronomet-zbulojne-galaksine-qe-nuk-duhet-te-ekzistonte","status":"publish","type":"post","link":"https:\/\/www.shqiperia.com\/blog\/astronomet-zbulojne-galaksine-qe-nuk-duhet-te-ekzistonte\/","title":{"rendered":"Astronom\u00ebt zbulojn\u00eb galaksin\u00eb q\u00eb nuk duhet t\u00eb ekzistonte!"},"content":{"rendered":"<p><img data-recalc-dims=\"1\" loading=\"lazy\" decoding=\"async\" data-attachment-id=\"34964\" data-permalink=\"https:\/\/www.shqiperia.com\/blog\/astronomet-zbulojne-galaksine-qe-nuk-duhet-te-ekzistonte\/cv-cv-2-905x450\/\" data-orig-file=\"https:\/\/i0.wp.com\/www.shqiperia.com\/blog\/wp-content\/uploads\/2020\/05\/cv-cv-2-905x450-1.jpg?fit=905%2C450&amp;ssl=1\" data-orig-size=\"905,450\" data-comments-opened=\"1\" data-image-meta=\"{&quot;aperture&quot;:&quot;0&quot;,&quot;credit&quot;:&quot;&quot;,&quot;camera&quot;:&quot;&quot;,&quot;caption&quot;:&quot;&quot;,&quot;created_timestamp&quot;:&quot;0&quot;,&quot;copyright&quot;:&quot;&quot;,&quot;focal_length&quot;:&quot;0&quot;,&quot;iso&quot;:&quot;0&quot;,&quot;shutter_speed&quot;:&quot;0&quot;,&quot;title&quot;:&quot;&quot;,&quot;orientation&quot;:&quot;0&quot;}\" data-image-title=\"cv-cv-2-905&#215;450\" data-image-description=\"\" data-image-caption=\"\" data-medium-file=\"https:\/\/i0.wp.com\/www.shqiperia.com\/blog\/wp-content\/uploads\/2020\/05\/cv-cv-2-905x450-1.jpg?fit=300%2C149&amp;ssl=1\" data-large-file=\"https:\/\/i0.wp.com\/www.shqiperia.com\/blog\/wp-content\/uploads\/2020\/05\/cv-cv-2-905x450-1.jpg?fit=905%2C450&amp;ssl=1\" class=\"alignnone  wp-image-34964\" alt=\"\" src=\"https:\/\/i0.wp.com\/www.shqiperia.com\/blog\/wp-content\/uploads\/2020\/05\/cv-cv-2-905x450-1.jpg?resize=532%2C264&#038;ssl=1\" width=\"532\" height=\"264\" srcset=\"https:\/\/i0.wp.com\/www.shqiperia.com\/blog\/wp-content\/uploads\/2020\/05\/cv-cv-2-905x450-1.jpg?resize=300%2C149&amp;ssl=1 300w, https:\/\/i0.wp.com\/www.shqiperia.com\/blog\/wp-content\/uploads\/2020\/05\/cv-cv-2-905x450-1.jpg?resize=768%2C382&amp;ssl=1 768w, https:\/\/i0.wp.com\/www.shqiperia.com\/blog\/wp-content\/uploads\/2020\/05\/cv-cv-2-905x450-1.jpg?resize=450%2C224&amp;ssl=1 450w, https:\/\/i0.wp.com\/www.shqiperia.com\/blog\/wp-content\/uploads\/2020\/05\/cv-cv-2-905x450-1.jpg?resize=600%2C298&amp;ssl=1 600w, https:\/\/i0.wp.com\/www.shqiperia.com\/blog\/wp-content\/uploads\/2020\/05\/cv-cv-2-905x450-1.jpg?resize=400%2C199&amp;ssl=1 400w, https:\/\/i0.wp.com\/www.shqiperia.com\/blog\/wp-content\/uploads\/2020\/05\/cv-cv-2-905x450-1.jpg?w=905&amp;ssl=1 905w\" sizes=\"auto, (max-width: 532px) 100vw, 532px\" \/><\/p>\n<p><strong>Astronom\u00ebt zbulojn\u00eb galaksin\u00eb q\u00eb nuk duhet t\u00eb ekzistonte!<\/strong><\/p>\n<p>23 Maji 2020<\/p>\n<p>Astronom\u00ebt kan\u00eb zbuluar nj\u00eb galaksi masive n\u00eb form\u00eb disku, jo si e jona, e cila u formua 12.5 miliard\u00eb vjet m\u00eb par\u00eb kur universi yn\u00eb 13.8 miliard\u00eb vje\u00e7ar ishte vet\u00ebm sa nj\u00eb e dhjeta e mosh\u00ebs s\u00eb tij aktuale.<\/p>\n<p>Shkenc\u00ebtar\u00ebt thon\u00eb se kjo galaktik\u00eb, nuk duhet t\u00eb ekzistonte. Zbulimi i saj p\u00ebrb\u00ebn nj\u00eb sfid\u00eb ndaj m\u00ebnyr\u00ebs sesi e mendojn\u00eb astronom\u00ebt krijimin e galaksive n\u00eb fillesat e universit. Ekspert\u00ebt e kan\u00eb mbiquajtur \u201c Disku Wolfe\u201d, n\u00eb nder t\u00eb astronomit t\u00eb ndjer\u00eb Arthur M. \u00cbolfe. Ajo \u00ebsht\u00eb praktikisht galaktika m\u00eb e larg\u00ebt e k\u00ebtij lloji q\u00eb \u00ebsht\u00eb pikasur ndonj\u00ebher\u00eb, e kjo fal\u00eb teleskopit t\u00eb fuqish\u00ebm ALMA q\u00eb gjendet n\u00eb Kili.<\/p>\n<p><img data-recalc-dims=\"1\" loading=\"lazy\" decoding=\"async\" data-attachment-id=\"34965\" data-permalink=\"https:\/\/www.shqiperia.com\/blog\/astronomet-zbulojne-galaksine-qe-nuk-duhet-te-ekzistonte\/kfnbjfnbjfnbjf\/\" data-orig-file=\"https:\/\/i0.wp.com\/www.shqiperia.com\/blog\/wp-content\/uploads\/2020\/05\/kfnbjfnbjfnbjf.jpg?fit=780%2C438&amp;ssl=1\" data-orig-size=\"780,438\" data-comments-opened=\"1\" data-image-meta=\"{&quot;aperture&quot;:&quot;0&quot;,&quot;credit&quot;:&quot;&quot;,&quot;camera&quot;:&quot;&quot;,&quot;caption&quot;:&quot;&quot;,&quot;created_timestamp&quot;:&quot;0&quot;,&quot;copyright&quot;:&quot;&quot;,&quot;focal_length&quot;:&quot;0&quot;,&quot;iso&quot;:&quot;0&quot;,&quot;shutter_speed&quot;:&quot;0&quot;,&quot;title&quot;:&quot;&quot;,&quot;orientation&quot;:&quot;0&quot;}\" data-image-title=\"kfnbjfnbjfnbjf\" data-image-description=\"\" data-image-caption=\"\" data-medium-file=\"https:\/\/i0.wp.com\/www.shqiperia.com\/blog\/wp-content\/uploads\/2020\/05\/kfnbjfnbjfnbjf.jpg?fit=300%2C168&amp;ssl=1\" data-large-file=\"https:\/\/i0.wp.com\/www.shqiperia.com\/blog\/wp-content\/uploads\/2020\/05\/kfnbjfnbjfnbjf.jpg?fit=780%2C438&amp;ssl=1\" class=\"alignnone  wp-image-34965\" alt=\"\" src=\"https:\/\/i0.wp.com\/www.shqiperia.com\/blog\/wp-content\/uploads\/2020\/05\/kfnbjfnbjfnbjf.jpg?resize=632%2C354&#038;ssl=1\" width=\"632\" height=\"354\" srcset=\"https:\/\/i0.wp.com\/www.shqiperia.com\/blog\/wp-content\/uploads\/2020\/05\/kfnbjfnbjfnbjf.jpg?resize=300%2C168&amp;ssl=1 300w, https:\/\/i0.wp.com\/www.shqiperia.com\/blog\/wp-content\/uploads\/2020\/05\/kfnbjfnbjfnbjf.jpg?resize=768%2C431&amp;ssl=1 768w, https:\/\/i0.wp.com\/www.shqiperia.com\/blog\/wp-content\/uploads\/2020\/05\/kfnbjfnbjfnbjf.jpg?resize=450%2C253&amp;ssl=1 450w, https:\/\/i0.wp.com\/www.shqiperia.com\/blog\/wp-content\/uploads\/2020\/05\/kfnbjfnbjfnbjf.jpg?resize=600%2C337&amp;ssl=1 600w, https:\/\/i0.wp.com\/www.shqiperia.com\/blog\/wp-content\/uploads\/2020\/05\/kfnbjfnbjfnbjf.jpg?resize=400%2C225&amp;ssl=1 400w, https:\/\/i0.wp.com\/www.shqiperia.com\/blog\/wp-content\/uploads\/2020\/05\/kfnbjfnbjfnbjf.jpg?w=780&amp;ssl=1 780w\" sizes=\"auto, (max-width: 632px) 100vw, 632px\" \/><\/p>\n<p>Sipas v\u00ebzhgimeve t\u00eb tyre, disku i galaktik\u00ebs ka nj\u00eb mas\u00eb 70 miliard\u00eb her\u00eb m\u00eb t\u00eb madhe se dielli yn\u00eb. Ajo gjithashtu rrotullohet me 170 milje n\u00eb sekond\u00eb, ngjash\u00ebm me Rrug\u00ebn ton\u00eb t\u00eb Qum\u00ebshtit.<\/p>\n<p><img data-recalc-dims=\"1\" loading=\"lazy\" decoding=\"async\" data-attachment-id=\"34966\" data-permalink=\"https:\/\/www.shqiperia.com\/blog\/astronomet-zbulojne-galaksine-qe-nuk-duhet-te-ekzistonte\/jdfnbjndjbfnbf-1\/\" data-orig-file=\"https:\/\/i0.wp.com\/www.shqiperia.com\/blog\/wp-content\/uploads\/2020\/05\/jdfnbjndjbfnbf-1.jpg?fit=780%2C438&amp;ssl=1\" data-orig-size=\"780,438\" data-comments-opened=\"1\" data-image-meta=\"{&quot;aperture&quot;:&quot;0&quot;,&quot;credit&quot;:&quot;&quot;,&quot;camera&quot;:&quot;&quot;,&quot;caption&quot;:&quot;&quot;,&quot;created_timestamp&quot;:&quot;0&quot;,&quot;copyright&quot;:&quot;&quot;,&quot;focal_length&quot;:&quot;0&quot;,&quot;iso&quot;:&quot;0&quot;,&quot;shutter_speed&quot;:&quot;0&quot;,&quot;title&quot;:&quot;&quot;,&quot;orientation&quot;:&quot;0&quot;}\" data-image-title=\"jdfnbjndjbfnbf-1\" data-image-description=\"\" data-image-caption=\"\" data-medium-file=\"https:\/\/i0.wp.com\/www.shqiperia.com\/blog\/wp-content\/uploads\/2020\/05\/jdfnbjndjbfnbf-1.jpg?fit=300%2C168&amp;ssl=1\" data-large-file=\"https:\/\/i0.wp.com\/www.shqiperia.com\/blog\/wp-content\/uploads\/2020\/05\/jdfnbjndjbfnbf-1.jpg?fit=780%2C438&amp;ssl=1\" class=\"alignnone  wp-image-34966\" alt=\"\" src=\"https:\/\/i0.wp.com\/www.shqiperia.com\/blog\/wp-content\/uploads\/2020\/05\/jdfnbjndjbfnbf-1.jpg?resize=616%2C345&#038;ssl=1\" width=\"616\" height=\"345\" srcset=\"https:\/\/i0.wp.com\/www.shqiperia.com\/blog\/wp-content\/uploads\/2020\/05\/jdfnbjndjbfnbf-1.jpg?resize=300%2C168&amp;ssl=1 300w, https:\/\/i0.wp.com\/www.shqiperia.com\/blog\/wp-content\/uploads\/2020\/05\/jdfnbjndjbfnbf-1.jpg?resize=768%2C431&amp;ssl=1 768w, https:\/\/i0.wp.com\/www.shqiperia.com\/blog\/wp-content\/uploads\/2020\/05\/jdfnbjndjbfnbf-1.jpg?resize=450%2C253&amp;ssl=1 450w, https:\/\/i0.wp.com\/www.shqiperia.com\/blog\/wp-content\/uploads\/2020\/05\/jdfnbjndjbfnbf-1.jpg?resize=600%2C337&amp;ssl=1 600w, https:\/\/i0.wp.com\/www.shqiperia.com\/blog\/wp-content\/uploads\/2020\/05\/jdfnbjndjbfnbf-1.jpg?resize=400%2C225&amp;ssl=1 400w, https:\/\/i0.wp.com\/www.shqiperia.com\/blog\/wp-content\/uploads\/2020\/05\/jdfnbjndjbfnbf-1.jpg?w=780&amp;ssl=1 780w\" sizes=\"auto, (max-width: 616px) 100vw, 616px\" \/><\/p>\n<p>Por galaktikat me disqe t\u00eb q\u00ebndruesh\u00ebm e t\u00eb formuar mir\u00eb, si Rruga e Qum\u00ebshtit u krijuan shum\u00eb gradualisht, e u shfaq\u00ebn m\u00eb von\u00eb n\u00eb shtrirjen kohore t\u00eb t\u00eb universit. N\u00eb periudh\u00ebn e par\u00eb pas Bing Bangt-ut, universi ishte si n\u00ebj pllak\u00eb bosh, thot\u00eb CNN, e formimi i galaktive qe shum\u00eb i \u00e7rregullt, ndaj ekspert\u00ebve u gjenden p\u00ebrball\u00eb pyetjes sesi ka mundur nj\u00eb galaktik\u00eb e till\u00eb disk e mir\u00ebformuar, t\u00eb shfaqej n\u00eb nj\u00eb periudhe aq t\u00eb trazuar sa ajo.<\/p>\n<p>Gazeta Dita<\/p>\n","protected":false},"excerpt":{"rendered":"<p>Astronom\u00ebt zbulojn\u00eb galaksin\u00eb q\u00eb nuk duhet t\u00eb ekzistonte! 23 Maji 2020 Astronom\u00ebt kan\u00eb zbuluar nj\u00eb galaksi masive n\u00eb form\u00eb disku, jo si e jona, e cila u formua 12.5 miliard\u00eb vjet m\u00eb par\u00eb kur universi yn\u00eb 13.8 miliard\u00eb vje\u00e7ar ishte vet\u00ebm sa nj\u00eb e dhjeta e mosh\u00ebs s\u00eb tij aktuale. Shkenc\u00ebtar\u00ebt thon\u00eb se kjo galaktik\u00eb, [&hellip;]<\/p>\n","protected":false},"author":9,"featured_media":34964,"comment_status":"open","ping_status":"open","sticky":false,"template":"","format":"standard","meta":{"jetpack_post_was_ever_published":false,"_jetpack_newsletter_access":"","_jetpack_dont_email_post_to_subs":false,"_jetpack_newsletter_tier_id":0,"_jetpack_memberships_contains_paywalled_content":false,"_jetpack_memberships_contains_paid_content":false,"footnotes":"","jetpack_publicize_message":"","jetpack_publicize_feature_enabled":true,"jetpack_social_post_already_shared":true,"jetpack_social_options":{"image_generator_settings":{"template":"highway","default_image_id":0,"font":"","enabled":false},"version":2}},"categories":[27,1,14],"tags":[],"class_list":["post-34963","post","type-post","status-publish","format-standard","has-post-thumbnail","hentry","category-blogu-i-udhetarit","category-njoftime-shtypi","category-press-releases"],"jetpack_publicize_connections":[],"jetpack_featured_media_url":"https:\/\/i0.wp.com\/www.shqiperia.com\/blog\/wp-content\/uploads\/2020\/05\/cv-cv-2-905x450-1.jpg?fit=905%2C450&ssl=1","jetpack_sharing_enabled":true,"jetpack_shortlink":"https:\/\/wp.me\/p5Z6wp-95V","jetpack-related-posts":[{"id":70228,"url":"https:\/\/www.shqiperia.com\/blog\/nje-vrime-e-zeze-ultramasive-rreth-33-miliarde-here-me-e-madhe-se-masa-e-diellit-eshte-zbuluar-nga-astronomet\/","url_meta":{"origin":34963,"position":0},"title":"Nj\u00eb vrim\u00eb e zez\u00eb ultramasive rreth 33 miliard\u00eb her\u00eb m\u00eb e madhe se masa e Diellit \u00ebsht\u00eb zbuluar nga astronom\u00ebt","author":"Kurt Farka","date":"March 29, 2023","format":false,"excerpt":"29 Mars 2023 Shkenc\u00ebtar\u00ebt nga Universiteti Durham than\u00eb se vrima e zez\u00eb gjigante \u00ebsht\u00eb nj\u00eb nga m\u00eb t\u00eb m\u00ebdhat\u00eb e gjetura ndonj\u00ebher\u00eb. Ekipi i p\u00ebrshkroi gjetjet e tij, t\u00eb botuara n\u00eb revist\u00ebn Monthly Notices of the Royal Astronomical Society, si \u201cjasht\u00ebzakonisht emocionuese\u201d. \u201cKjo vrim\u00eb e zez\u00eb e ve\u00e7ant\u00eb, e cila\u2026","rel":"","context":"In &quot;Blogu i Udh\u00ebtarit&quot;","block_context":{"text":"Blogu i Udh\u00ebtarit","link":"https:\/\/www.shqiperia.com\/blog\/category\/blogu-i-udhetarit\/"},"img":{"alt_text":"","src":"https:\/\/i0.wp.com\/www.shqiperia.com\/blog\/wp-content\/uploads\/2023\/03\/800-0-6423fa6995997.jpg?fit=800%2C460&ssl=1&resize=350%2C200","width":350,"height":200,"srcset":"https:\/\/i0.wp.com\/www.shqiperia.com\/blog\/wp-content\/uploads\/2023\/03\/800-0-6423fa6995997.jpg?fit=800%2C460&ssl=1&resize=350%2C200 1x, https:\/\/i0.wp.com\/www.shqiperia.com\/blog\/wp-content\/uploads\/2023\/03\/800-0-6423fa6995997.jpg?fit=800%2C460&ssl=1&resize=525%2C300 1.5x, https:\/\/i0.wp.com\/www.shqiperia.com\/blog\/wp-content\/uploads\/2023\/03\/800-0-6423fa6995997.jpg?fit=800%2C460&ssl=1&resize=700%2C400 2x"},"classes":[]},{"id":73440,"url":"https:\/\/www.shqiperia.com\/blog\/nese-marsianet-ekzistojne-duhet-nje-ungjill-edhe-per-ta-astronomet-e-papes-zbulojne-sekretet-e-jetes-jashtetokesore\/","url_meta":{"origin":34963,"position":1},"title":"\u201cN\u00ebse marsian\u00ebt ekzistojn\u00eb, duhet nj\u00eb ungjill edhe p\u00ebr ta\u201d. &#8211; Astronom\u00ebt e Pap\u00ebs zbulojn\u00eb sekretet e jet\u00ebs jasht\u00ebtok\u00ebsore","author":"Kurt Farka","date":"August 12, 2023","format":false,"excerpt":"12 Gusht 2023 N\u00eb Castel Gandolfo ndodhet nj\u00eb observator ku astronom\u00ebt e Pap\u00ebs jan\u00eb p\u00ebrpjekur prej shekujsh t\u00eb kuptojn\u00eb edhe jet\u00ebn jasht\u00ebtok\u00ebsore, l\u00ebvizjen e yjeve dhe ciklet e Universit. Objektivi: T\u00eb p\u00ebrqafohet krijimi n\u00eb t\u00eb gjitha dimensionet e tij. \u201cN\u00ebse marsian\u00ebt ekzistojn\u00eb, at\u00ebher\u00eb duhet t\u00eb ket\u00eb nj\u00eb ungjill p\u00ebr marsian\u00ebt\u201d,\u2026","rel":"","context":"In &quot;Blogu i Udh\u00ebtarit&quot;","block_context":{"text":"Blogu i Udh\u00ebtarit","link":"https:\/\/www.shqiperia.com\/blog\/category\/blogu-i-udhetarit\/"},"img":{"alt_text":"","src":"https:\/\/i0.wp.com\/www.shqiperia.com\/blog\/wp-content\/uploads\/2023\/08\/800-0-37fe392f2e44e59ecbccf15e96bd6812.jpg?fit=800%2C450&ssl=1&resize=350%2C200","width":350,"height":200,"srcset":"https:\/\/i0.wp.com\/www.shqiperia.com\/blog\/wp-content\/uploads\/2023\/08\/800-0-37fe392f2e44e59ecbccf15e96bd6812.jpg?fit=800%2C450&ssl=1&resize=350%2C200 1x, https:\/\/i0.wp.com\/www.shqiperia.com\/blog\/wp-content\/uploads\/2023\/08\/800-0-37fe392f2e44e59ecbccf15e96bd6812.jpg?fit=800%2C450&ssl=1&resize=525%2C300 1.5x, https:\/\/i0.wp.com\/www.shqiperia.com\/blog\/wp-content\/uploads\/2023\/08\/800-0-37fe392f2e44e59ecbccf15e96bd6812.jpg?fit=800%2C450&ssl=1&resize=700%2C400 2x"},"classes":[]},{"id":78445,"url":"https:\/\/www.shqiperia.com\/blog\/astronomet-zbulojne-objektin-me-te-ndritshem-ne-univers\/","url_meta":{"origin":34963,"position":2},"title":"Astronom\u00ebt zbulojn\u00eb objektin m\u00eb t\u00eb ndritsh\u00ebm n\u00eb Univers","author":"Kurt Farka","date":"February 20, 2024","format":false,"excerpt":"20 Shkurt 2024 Kuazari Avery i ndritsh\u00ebm, objekti m\u00eb i ndritsh\u00ebm i v\u00ebzhguar ndonj\u00ebher\u00eb n\u00eb Univers, \u00ebsht\u00eb zbuluar nga astronom\u00ebt duke p\u00ebrdorur teleskopin shum\u00eb t\u00eb madh (VLT) t\u00eb Observatorit Jugor Evropian (ESO). Hulumtimi \u00ebsht\u00eb publikuar sot n\u00eb revist\u00ebn Nature Astronomy. Kuazar\u00ebt jan\u00eb b\u00ebrthamat ndri\u00e7uese t\u00eb galaktikave t\u00eb larg\u00ebta dhe fuqizohen\u2026","rel":"","context":"In &quot;Blogu i Udh\u00ebtarit&quot;","block_context":{"text":"Blogu i Udh\u00ebtarit","link":"https:\/\/www.shqiperia.com\/blog\/category\/blogu-i-udhetarit\/"},"img":{"alt_text":"","src":"https:\/\/i0.wp.com\/www.shqiperia.com\/blog\/wp-content\/uploads\/2024\/02\/640-0-bee38d87a157e105d3ee2a71e7f3f3d4.png?fit=640%2C411&ssl=1&resize=350%2C200","width":350,"height":200,"srcset":"https:\/\/i0.wp.com\/www.shqiperia.com\/blog\/wp-content\/uploads\/2024\/02\/640-0-bee38d87a157e105d3ee2a71e7f3f3d4.png?fit=640%2C411&ssl=1&resize=350%2C200 1x, https:\/\/i0.wp.com\/www.shqiperia.com\/blog\/wp-content\/uploads\/2024\/02\/640-0-bee38d87a157e105d3ee2a71e7f3f3d4.png?fit=640%2C411&ssl=1&resize=525%2C300 1.5x"},"classes":[]},{"id":30509,"url":"https:\/\/www.shqiperia.com\/blog\/perplasja-jone-me-galaktiken-tjeter-ka-filluar-tashme-po-formohen-yje-te-reja\/","url_meta":{"origin":34963,"position":3},"title":"P\u00ebrplasja jon\u00eb me galaktik\u00ebn tjet\u00ebr ka filluar, tashm\u00eb po formohen yje t\u00eb reja.","author":"Kurt Farka","date":"January 20, 2020","format":false,"excerpt":"P\u00ebrplasja jon\u00eb me galaktik\u00ebn tjet\u00ebr ka filluar, tashm\u00eb po formohen yje t\u00eb reja. Kur d\u00ebgjojm\u00eb p\u00ebr p\u00ebrplasjen e galaktik\u00ebs son\u00eb t\u00eb Rrug\u00ebs s\u00eb Qum\u00ebshtit me dik\u00eb tjet\u00ebr, menj\u00ebher\u00eb mendojm\u00eb p\u00ebr Andromeda \u2013 nj\u00eb galaktik\u00eb e madhe spirale q\u00eb duhet t\u00eb p\u00ebrplaset me ton\u00ebn pas rreth kat\u00ebr miliard\u00eb vjet\u00ebsh. Por kjo\u2026","rel":"","context":"In &quot;Blogu i Udh\u00ebtarit&quot;","block_context":{"text":"Blogu i Udh\u00ebtarit","link":"https:\/\/www.shqiperia.com\/blog\/category\/blogu-i-udhetarit\/"},"img":{"alt_text":"","src":"https:\/\/i0.wp.com\/www.shqiperia.com\/blog\/wp-content\/uploads\/2020\/01\/twsal-1-905x450-1.jpg?fit=905%2C450&ssl=1&resize=350%2C200","width":350,"height":200,"srcset":"https:\/\/i0.wp.com\/www.shqiperia.com\/blog\/wp-content\/uploads\/2020\/01\/twsal-1-905x450-1.jpg?fit=905%2C450&ssl=1&resize=350%2C200 1x, https:\/\/i0.wp.com\/www.shqiperia.com\/blog\/wp-content\/uploads\/2020\/01\/twsal-1-905x450-1.jpg?fit=905%2C450&ssl=1&resize=525%2C300 1.5x, https:\/\/i0.wp.com\/www.shqiperia.com\/blog\/wp-content\/uploads\/2020\/01\/twsal-1-905x450-1.jpg?fit=905%2C450&ssl=1&resize=700%2C400 2x"},"classes":[]},{"id":61753,"url":"https:\/\/www.shqiperia.com\/blog\/tani-e-dime-sa-vjec-eshte-dielli-dhe-kur-do-te-vdese-ai\/","url_meta":{"origin":34963,"position":4},"title":"Tani e dim\u00eb sa vje\u00e7 \u00ebsht\u00eb Dielli dhe kur do t\u00eb vdes\u00eb ai","author":"Kurt Farka","date":"September 3, 2022","format":false,"excerpt":"3 Shtator 2022 Si do t\u00eb evoluoj\u00eb Dielli n\u00eb t\u00eb ardhmen? Cila do t\u00eb jet\u00eb data e \u201cvdekjes\u201d s\u00eb tij? Tani astronom\u00ebt kan\u00eb t\u00eb dh\u00ebna t\u00eb reja n\u00eb dispozicion p\u00ebr t\u2019iu p\u00ebrgjigjur k\u00ebtyre pyetjeve, fal\u00eb misionit Gaia t\u00eb Agjencis\u00eb Evropiane t\u00eb Hap\u00ebsir\u00ebs dhe informacionit t\u00eb ri t\u00eb mbledhur, i cili\u2026","rel":"","context":"In &quot;Blogu i Udh\u00ebtarit&quot;","block_context":{"text":"Blogu i Udh\u00ebtarit","link":"https:\/\/www.shqiperia.com\/blog\/category\/blogu-i-udhetarit\/"},"img":{"alt_text":"","src":"https:\/\/i0.wp.com\/www.shqiperia.com\/blog\/wp-content\/uploads\/2022\/09\/Tani-e-dime-sa-vjec-eshte-Dielli-dhe-kur-do-te-vdese-ai.png?fit=569%2C319&ssl=1&resize=350%2C200","width":350,"height":200,"srcset":"https:\/\/i0.wp.com\/www.shqiperia.com\/blog\/wp-content\/uploads\/2022\/09\/Tani-e-dime-sa-vjec-eshte-Dielli-dhe-kur-do-te-vdese-ai.png?fit=569%2C319&ssl=1&resize=350%2C200 1x, https:\/\/i0.wp.com\/www.shqiperia.com\/blog\/wp-content\/uploads\/2022\/09\/Tani-e-dime-sa-vjec-eshte-Dielli-dhe-kur-do-te-vdese-ai.png?fit=569%2C319&ssl=1&resize=525%2C300 1.5x"},"classes":[]},{"id":77781,"url":"https:\/\/www.shqiperia.com\/blog\/astronomet-zbulojne-nje-lloj-te-ri-ylli-te-fshehur-ne-qender-te-galaktikes\/","url_meta":{"origin":34963,"position":5},"title":"Astronom\u00ebt zbulojn\u00eb nj\u00eb lloj t\u00eb ri ylli t\u00eb fshehur n\u00eb qend\u00ebr t\u00eb galaktik\u00ebs","author":"Kurt Farka","date":"January 31, 2024","format":false,"excerpt":"31 Janar 2024 Nj\u00eb studim i gjat\u00eb 10-vje\u00e7ar ka zbuluar nj\u00eb lloj t\u00eb ri yjesh n\u00eb hap\u00ebsir\u00eb. Sipas CNN, astronom\u00ebt v\u00ebzhguan yjet p\u00ebr her\u00eb t\u00eb par\u00eb gjat\u00eb nj\u00eb sondazhi q\u00eb p\u00ebrfshinte monitorimin e afro nj\u00eb miliard yjeve n\u00eb rrezen infra t\u00eb kuqe, e cila \u00ebsht\u00eb e padukshme p\u00ebr syrin e\u2026","rel":"","context":"In &quot;Blogu i Udh\u00ebtarit&quot;","block_context":{"text":"Blogu i Udh\u00ebtarit","link":"https:\/\/www.shqiperia.com\/blog\/category\/blogu-i-udhetarit\/"},"img":{"alt_text":"","src":"https:\/\/i0.wp.com\/www.shqiperia.com\/blog\/wp-content\/uploads\/2024\/01\/640-0-yll-1706686398.jpg?fit=640%2C359&ssl=1&resize=350%2C200","width":350,"height":200,"srcset":"https:\/\/i0.wp.com\/www.shqiperia.com\/blog\/wp-content\/uploads\/2024\/01\/640-0-yll-1706686398.jpg?fit=640%2C359&ssl=1&resize=350%2C200 1x, https:\/\/i0.wp.com\/www.shqiperia.com\/blog\/wp-content\/uploads\/2024\/01\/640-0-yll-1706686398.jpg?fit=640%2C359&ssl=1&resize=525%2C300 1.5x"},"classes":[]}],"_links":{"self":[{"href":"https:\/\/www.shqiperia.com\/blog\/wp-json\/wp\/v2\/posts\/34963","targetHints":{"allow":["GET"]}}],"collection":[{"href":"https:\/\/www.shqiperia.com\/blog\/wp-json\/wp\/v2\/posts"}],"about":[{"href":"https:\/\/www.shqiperia.com\/blog\/wp-json\/wp\/v2\/types\/post"}],"author":[{"embeddable":true,"href":"https:\/\/www.shqiperia.com\/blog\/wp-json\/wp\/v2\/users\/9"}],"replies":[{"embeddable":true,"href":"https:\/\/www.shqiperia.com\/blog\/wp-json\/wp\/v2\/comments?post=34963"}],"version-history":[{"count":1,"href":"https:\/\/www.shqiperia.com\/blog\/wp-json\/wp\/v2\/posts\/34963\/revisions"}],"predecessor-version":[{"id":34967,"href":"https:\/\/www.shqiperia.com\/blog\/wp-json\/wp\/v2\/posts\/34963\/revisions\/34967"}],"wp:featuredmedia":[{"embeddable":true,"href":"https:\/\/www.shqiperia.com\/blog\/wp-json\/wp\/v2\/media\/34964"}],"wp:attachment":[{"href":"https:\/\/www.shqiperia.com\/blog\/wp-json\/wp\/v2\/media?parent=34963"}],"wp:term":[{"taxonomy":"category","embeddable":true,"href":"https:\/\/www.shqiperia.com\/blog\/wp-json\/wp\/v2\/categories?post=34963"},{"taxonomy":"post_tag","embeddable":true,"href":"https:\/\/www.shqiperia.com\/blog\/wp-json\/wp\/v2\/tags?post=34963"}],"curies":[{"name":"wp","href":"https:\/\/api.w.org\/{rel}","templated":true}]}}