{"id":34946,"date":"2020-05-23T12:50:49","date_gmt":"2020-05-23T12:50:49","guid":{"rendered":"https:\/\/www.shqiperia.com\/blog\/?p=34946"},"modified":"2020-05-23T12:50:49","modified_gmt":"2020-05-23T12:50:49","slug":"u-emerua-keshilltari-i-rucit-vjen-reagimi-i-forte-i-numrit-2-te-pd-se-nxjerr-prapaskenat-e-postit-te-rendesishem-te-knut-fleckenstein-justifikim-banal-zvarritu-edvin","status":"publish","type":"post","link":"https:\/\/www.shqiperia.com\/blog\/u-emerua-keshilltari-i-rucit-vjen-reagimi-i-forte-i-numrit-2-te-pd-se-nxjerr-prapaskenat-e-postit-te-rendesishem-te-knut-fleckenstein-justifikim-banal-zvarritu-edvin\/","title":{"rendered":"U em\u00ebrua k\u00ebshilltari i Ru\u00e7it, vjen reagimi i fort\u00eb i numrit 2 t\u00eb PD-s\u00eb, nxjerr prapaskenat e postit t\u00eb r\u00ebnd\u00ebsish\u00ebm t\u00eb Knut Fleckenstein: Justifikim banal. Zvarritu Edvin"},"content":{"rendered":"<p><img data-recalc-dims=\"1\" loading=\"lazy\" decoding=\"async\" data-attachment-id=\"34947\" data-permalink=\"https:\/\/www.shqiperia.com\/blog\/u-emerua-keshilltari-i-rucit-vjen-reagimi-i-forte-i-numrit-2-te-pd-se-nxjerr-prapaskenat-e-postit-te-rendesishem-te-knut-fleckenstein-justifikim-banal-zvarritu-edvin\/640-0-5ec90e483669e\/\" data-orig-file=\"https:\/\/i0.wp.com\/www.shqiperia.com\/blog\/wp-content\/uploads\/2020\/05\/640-0-5ec90e483669e.jpg?fit=640%2C351&amp;ssl=1\" data-orig-size=\"640,351\" data-comments-opened=\"1\" data-image-meta=\"{&quot;aperture&quot;:&quot;0&quot;,&quot;credit&quot;:&quot;&quot;,&quot;camera&quot;:&quot;&quot;,&quot;caption&quot;:&quot;&quot;,&quot;created_timestamp&quot;:&quot;0&quot;,&quot;copyright&quot;:&quot;&quot;,&quot;focal_length&quot;:&quot;0&quot;,&quot;iso&quot;:&quot;0&quot;,&quot;shutter_speed&quot;:&quot;0&quot;,&quot;title&quot;:&quot;&quot;,&quot;orientation&quot;:&quot;0&quot;}\" data-image-title=\"-640-0-5ec90e483669e\" data-image-description=\"\" data-image-caption=\"\" data-medium-file=\"https:\/\/i0.wp.com\/www.shqiperia.com\/blog\/wp-content\/uploads\/2020\/05\/640-0-5ec90e483669e.jpg?fit=300%2C165&amp;ssl=1\" data-large-file=\"https:\/\/i0.wp.com\/www.shqiperia.com\/blog\/wp-content\/uploads\/2020\/05\/640-0-5ec90e483669e.jpg?fit=640%2C351&amp;ssl=1\" class=\"alignnone  wp-image-34947\" alt=\"\" src=\"https:\/\/i0.wp.com\/www.shqiperia.com\/blog\/wp-content\/uploads\/2020\/05\/640-0-5ec90e483669e.jpg?resize=573%2C315&#038;ssl=1\" width=\"573\" height=\"315\" srcset=\"https:\/\/i0.wp.com\/www.shqiperia.com\/blog\/wp-content\/uploads\/2020\/05\/640-0-5ec90e483669e.jpg?resize=300%2C165&amp;ssl=1 300w, https:\/\/i0.wp.com\/www.shqiperia.com\/blog\/wp-content\/uploads\/2020\/05\/640-0-5ec90e483669e.jpg?resize=450%2C247&amp;ssl=1 450w, https:\/\/i0.wp.com\/www.shqiperia.com\/blog\/wp-content\/uploads\/2020\/05\/640-0-5ec90e483669e.jpg?resize=600%2C329&amp;ssl=1 600w, https:\/\/i0.wp.com\/www.shqiperia.com\/blog\/wp-content\/uploads\/2020\/05\/640-0-5ec90e483669e.jpg?resize=400%2C219&amp;ssl=1 400w, https:\/\/i0.wp.com\/www.shqiperia.com\/blog\/wp-content\/uploads\/2020\/05\/640-0-5ec90e483669e.jpg?w=640&amp;ssl=1 640w\" sizes=\"auto, (max-width: 573px) 100vw, 573px\" \/><\/p>\n<p>U em\u00ebrua k\u00ebshilltari i Ru\u00e7it, vjen reagimi i fort\u00eb i numrit 2 t\u00eb PD-s\u00eb, nxjerr prapaskenat e postit t\u00eb r\u00ebnd\u00ebsish\u00ebm t\u00eb Knut Fleckenstein: Justifikim banal. Zvarritu Edvin<\/p>\n<p>23 MAJ 2020<\/p>\n<p>N\u00ebnkryetari i PD, Edi Paloka ka reaguar pas p\u00ebrgjigjes s\u00eb PS n\u00eb komitetin politik p\u00ebr reform\u00ebn zgjedhore se tryeza nuk mund t\u00eb mblidhet t\u00eb h\u00ebn\u00ebn kur k\u00ebrkoi opozita pasi \u00ebsht\u00eb dit\u00eb pushimi dhe OSBE ka siguruar t\u00eb mart\u00ebn sall\u00ebn.<\/p>\n<p>N\u00eb nj\u00eb postim n\u00eb \u201cFacebook\u201d, Paloka akuzon kryeministrin Edi Rama p\u00ebr zvarritjen e reform\u00ebs zgjedhore dhe thot\u00eb se kan\u00eb para p\u00ebr Knut Fleckenstein dhe jo p\u00ebr zgjedhoren q\u00eb \u00ebsht\u00eb kusht p\u00ebr integrimin.<\/p>\n<p><strong>POSTIMI I PLOT\u00cb<\/strong><\/p>\n<p>\u00c7do justifikim banal \u00ebsht\u00eb i mir\u00eb p\u00ebr Ramin , mjafton q\u00eb t\u00eb zvarris\u00eb sa t\u00eb mundet Reform\u00ebn Zgjedhore.<\/p>\n<p>K\u00ebrkes\u00ebn e p\u00ebrfaq\u00ebsuesve t\u00eb opozit\u00ebs p\u00ebr t\u00eb mbledhur tryez\u00ebn t\u00eb h\u00ebn\u00ebn, Rama (n\u00ebp\u00ebrmjet Gjiknurit) e ka kund\u00ebrshtuar me dy \u201cargumente\u201d, justifikime qesharake;<\/p>\n<p>Ky qafir q\u00eb n\u00eb nj\u00eb dit\u00eb t\u00eb shenjt\u00eb p\u00ebr mysliman\u00ebt, si\u00e7 \u00ebsht\u00eb festa e Fiter Bajramit, k\u00ebrkon t\u00eb tallet duke marr\u00eb rolin e Padishahut q\u00eb ka n\u00eb dor\u00eb t\u2019i lejoj\u00eb ose jo lutjen tradicionale, qenka kujtuar se e h\u00ebna \u00ebsht\u00eb pushim dhe p\u00ebrfaq\u00ebsuesit e tij nuk mund t\u00eb privohen nga kjo \u201ce drejt\u00eb\u201d\u2026 E pas k\u00ebsaj vjen dhe justifikimi tjet\u00ebr, p\u00ebr pamund\u00ebsin\u00eb q\u00eb t\u00eb paguajn\u00eb p\u00ebr t\u00eb marr\u00eb nj\u00eb sall\u00eb n\u00eb Pallatin e Kongreseve!!!<\/p>\n<p>Kan\u00eb para p\u00ebr t\u2019i lidhur pension suplementar dhe Knutit q\u00eb \u201cdo na ndihmoj\u00eb p\u00ebr integrimin\u201d duke k\u00ebshilluar Ru\u00e7in, po nuk kemi p\u00ebr Tryez\u00ebn Zgjedhore q\u00eb \u00ebsht\u00eb kusht i BE p\u00ebr integrimin. Vazhdo zvarritu Edvin \u2026<\/p>\n<p>Gazeta Sot<\/p>\n","protected":false},"excerpt":{"rendered":"<p>U em\u00ebrua k\u00ebshilltari i Ru\u00e7it, vjen reagimi i fort\u00eb i numrit 2 t\u00eb PD-s\u00eb, nxjerr prapaskenat e postit t\u00eb r\u00ebnd\u00ebsish\u00ebm t\u00eb Knut Fleckenstein: Justifikim banal. Zvarritu Edvin 23 MAJ 2020 N\u00ebnkryetari i PD, Edi Paloka ka reaguar pas p\u00ebrgjigjes s\u00eb PS n\u00eb komitetin politik p\u00ebr reform\u00ebn zgjedhore se tryeza nuk mund t\u00eb mblidhet t\u00eb h\u00ebn\u00ebn [&hellip;]<\/p>\n","protected":false},"author":9,"featured_media":34947,"comment_status":"open","ping_status":"open","sticky":false,"template":"","format":"standard","meta":{"jetpack_post_was_ever_published":false,"_jetpack_newsletter_access":"","_jetpack_dont_email_post_to_subs":false,"_jetpack_newsletter_tier_id":0,"_jetpack_memberships_contains_paywalled_content":false,"_jetpack_memberships_contains_paid_content":false,"footnotes":"","jetpack_publicize_message":"","jetpack_publicize_feature_enabled":true,"jetpack_social_post_already_shared":true,"jetpack_social_options":{"image_generator_settings":{"template":"highway","default_image_id":0,"font":"","enabled":false},"version":2}},"categories":[27,35],"tags":[],"class_list":["post-34946","post","type-post","status-publish","format-standard","has-post-thumbnail","hentry","category-blogu-i-udhetarit","category-shoqerore"],"jetpack_publicize_connections":[],"jetpack_featured_media_url":"https:\/\/i0.wp.com\/www.shqiperia.com\/blog\/wp-content\/uploads\/2020\/05\/640-0-5ec90e483669e.jpg?fit=640%2C351&ssl=1","jetpack_sharing_enabled":true,"jetpack_shortlink":"https:\/\/wp.me\/p5Z6wp-95E","jetpack-related-posts":[{"id":100236,"url":"https:\/\/www.shqiperia.com\/blog\/po-ra-belinda-balluku-bie-edi-rama-alfred-cako-nxjerr-te-pathenat-pse-kryeministri-po-bunkerizon-parlamentin-per\/","url_meta":{"origin":34946,"position":0},"title":"Po ra Belinda Balluku bie Edi Rama, Alfred Cako nxjerr t\u00eb path\u00ebnat, pse kryeministri po \u201cbunkerizon\u201d Parlamentin p\u00ebr\u2026","author":"Kurt Farka","date":"May 13, 2026","format":false,"excerpt":"13 Maji 2026 Konspiracionisti dhe teoricieni i njohur, Alfred Cako ka l\u00ebshuar akuza t\u00eb forta lidhur me zhvillimet e fundit politike, duke zb\u00ebrthyer at\u00eb q\u00eb ai e cil\u00ebson si nj\u00eb \u201cgrup t\u00eb strukturuar kriminal\u201d brenda mazhoranc\u00ebs socialiste. Sipas Cakos, mbrojtja e pal\u00ebkundur q\u00eb kryeministri Edi Rama po i b\u00ebn ish-ministres\u2026","rel":"","context":"In &quot;Njoftime Shtypi&quot;","block_context":{"text":"Njoftime Shtypi","link":"https:\/\/www.shqiperia.com\/blog\/category\/njoftime-shtypi\/"},"img":{"alt_text":"","src":"https:\/\/i0.wp.com\/www.shqiperia.com\/blog\/wp-content\/uploads\/2026\/05\/Alfred-Cako.jpg?fit=1140%2C570&ssl=1&resize=350%2C200","width":350,"height":200,"srcset":"https:\/\/i0.wp.com\/www.shqiperia.com\/blog\/wp-content\/uploads\/2026\/05\/Alfred-Cako.jpg?fit=1140%2C570&ssl=1&resize=350%2C200 1x, https:\/\/i0.wp.com\/www.shqiperia.com\/blog\/wp-content\/uploads\/2026\/05\/Alfred-Cako.jpg?fit=1140%2C570&ssl=1&resize=525%2C300 1.5x, https:\/\/i0.wp.com\/www.shqiperia.com\/blog\/wp-content\/uploads\/2026\/05\/Alfred-Cako.jpg?fit=1140%2C570&ssl=1&resize=700%2C400 2x, https:\/\/i0.wp.com\/www.shqiperia.com\/blog\/wp-content\/uploads\/2026\/05\/Alfred-Cako.jpg?fit=1140%2C570&ssl=1&resize=1050%2C600 3x"},"classes":[]},{"id":105244,"url":"https:\/\/www.shqiperia.com\/blog\/spartak-ngjela-shqiperia-ende-nuk-po-drejtohet-nga-patrotizmi-shqiptar-por-nga-ish-renegatet-shqiptare\/","url_meta":{"origin":34946,"position":1},"title":"Spartak Ngjela: &#8211; Shqip\u00ebria ende nuk po drejtohet nga patrotizmi shqiptar, por nga ish renegatet shqiptar\u00eb","author":"Kurt Farka","date":"August 26, 2026","format":false,"excerpt":"26 Gusht 2026 Spartak Ngjela zb\u00ebrthen prapaskenat e forta dhe nxjerr zbuluar loj\u00ebn e Tiran\u00ebs, ja si frika nga SHBA dhe faktorizimi i shqiptar\u00ebve ka trembur Edi Ram\u00ebn Avokat i njohur, Spartak Ngjela ka zb\u00ebrthyer prapaskenat e forta politike, duke nxjerr\u00eb zbuluar loj\u00ebn e Tiran\u00ebs zyrtare dhe frik\u00ebn e saj\u2026","rel":"","context":"In &quot;Kultura&quot;","block_context":{"text":"Kultura","link":"https:\/\/www.shqiperia.com\/blog\/category\/kultura\/"},"img":{"alt_text":"","src":"https:\/\/i0.wp.com\/www.shqiperia.com\/blog\/wp-content\/uploads\/2026\/08\/ajdss-6a8ea84e2f7cd-1.png?fit=622%2C386&ssl=1&resize=350%2C200","width":350,"height":200,"srcset":"https:\/\/i0.wp.com\/www.shqiperia.com\/blog\/wp-content\/uploads\/2026\/08\/ajdss-6a8ea84e2f7cd-1.png?fit=622%2C386&ssl=1&resize=350%2C200 1x, https:\/\/i0.wp.com\/www.shqiperia.com\/blog\/wp-content\/uploads\/2026\/08\/ajdss-6a8ea84e2f7cd-1.png?fit=622%2C386&ssl=1&resize=525%2C300 1.5x"},"classes":[]},{"id":102104,"url":"https:\/\/www.shqiperia.com\/blog\/banoret-e-nivices-refuzojne-te-takojne-edi-ramen\/","url_meta":{"origin":34946,"position":2},"title":"Banor\u00ebt e Nivic\u00ebs refuzojn\u00eb t\u00eb takojn\u00eb Edi Ram\u00ebn","author":"Kurt Farka","date":"July 1, 2026","format":false,"excerpt":"1 Korrik 2026 Kryeministri Rama ka anuluar takimin e k\u00ebrkuar pre tij me banor\u00ebt e Nivic\u00ebs pas kund\u00ebrshtimit t\u00eb k\u00ebtyre t\u00eb fundit. Dit\u00ebn e djeshme u publikua nj\u00eb informacion se kryeministri Edi Rama kishte k\u00ebrkuar nj\u00eb takim me banor\u00ebt e Nivic\u00ebs te Rrapi i Nivic\u00ebs. Pas k\u00ebsaj ka ardhur reagimi\u2026","rel":"","context":"In &quot;Blogu i Udh\u00ebtarit&quot;","block_context":{"text":"Blogu i Udh\u00ebtarit","link":"https:\/\/www.shqiperia.com\/blog\/category\/blogu-i-udhetarit\/"},"img":{"alt_text":"","src":"https:\/\/i0.wp.com\/www.shqiperia.com\/blog\/wp-content\/uploads\/2026\/07\/731983557_2144742882925339_5562525319558845746_n.jpg?fit=526%2C469&ssl=1&resize=350%2C200","width":350,"height":200,"srcset":"https:\/\/i0.wp.com\/www.shqiperia.com\/blog\/wp-content\/uploads\/2026\/07\/731983557_2144742882925339_5562525319558845746_n.jpg?fit=526%2C469&ssl=1&resize=350%2C200 1x, https:\/\/i0.wp.com\/www.shqiperia.com\/blog\/wp-content\/uploads\/2026\/07\/731983557_2144742882925339_5562525319558845746_n.jpg?fit=526%2C469&ssl=1&resize=525%2C300 1.5x"},"classes":[]},{"id":102817,"url":"https:\/\/www.shqiperia.com\/blog\/rama-ne-fillim-e-perbuzi-protesten-tani-e-konsideron-opozite-te-rrezikshme-kikia-protesta-shte-kthyer-ne-institucion\/","url_meta":{"origin":34946,"position":3},"title":"\u2018Rama n\u00eb fillim e p\u00ebrbuzi protest\u00ebn, tani e konsideron opozit\u00eb t\u00eb rrezikshme\u2019, Kikia: &#8211; Protesta sht\u00eb kthyer n\u00eb institucion\u2026","author":"Kurt Farka","date":"July 17, 2026","format":false,"excerpt":"17 Korrik 2026 Analisti Mentor Kikia, i ftuar n\u00eb nj\u00eb studio televizive deklaroi se k\u00ebrkesa kryesore e protestuesve \u00ebsht\u00eb dor\u00ebheqja e kryeministrit Edi Rama. Ai tha se n\u00ebse Rama n\u00eb fillim e p\u00ebrbuzi tani e konsideron si opozit\u00ebn m\u00eb t\u00eb rrezikshme. Sipas analistit protesta pati disa arritje dhe nj\u00eb nd\u00ebr\u2026","rel":"","context":"In &quot;Blogu i Udh\u00ebtarit&quot;","block_context":{"text":"Blogu i Udh\u00ebtarit","link":"https:\/\/www.shqiperia.com\/blog\/category\/blogu-i-udhetarit\/"},"img":{"alt_text":"","src":"https:\/\/i0.wp.com\/www.shqiperia.com\/blog\/wp-content\/uploads\/2026\/07\/Edi-Rama-1.jpg?fit=526%2C374&ssl=1&resize=350%2C200","width":350,"height":200,"srcset":"https:\/\/i0.wp.com\/www.shqiperia.com\/blog\/wp-content\/uploads\/2026\/07\/Edi-Rama-1.jpg?fit=526%2C374&ssl=1&resize=350%2C200 1x, https:\/\/i0.wp.com\/www.shqiperia.com\/blog\/wp-content\/uploads\/2026\/07\/Edi-Rama-1.jpg?fit=526%2C374&ssl=1&resize=525%2C300 1.5x"},"classes":[]},{"id":105288,"url":"https:\/\/www.shqiperia.com\/blog\/arrestimi-i-agasit-reagon-shehaj-radha-e-rames-e-kishte-krah-te-djathte-e-mbrojti-nderkombetarisht\/","url_meta":{"origin":34946,"position":4},"title":"Arrestimi i Agasit, reagon Shehaj: Radha e Ram\u00ebs, e kishte krah t\u00eb djatht\u00eb, e mbrojti nd\u00ebrkomb\u00ebtarisht","author":"Kurt Farka","date":"August 27, 2026","format":false,"excerpt":"27 Gusht 2026 Kryetari i Partis\u00eb Mund\u00ebsia Agron Shehaj ka reaguar lidhur me arrestimin e Ergys Agasit, i shpallur n\u00eb k\u00ebrkim nga SPAK n\u00eb kuad\u00ebr t\u00eb dosjes s\u00eb AKSHI-t. N\u00eb nj\u00eb video n\u00eb rrjetet sociale Shehaj thekson se Agasi ishte krahu i djatht\u00eb i kryeministrit dhe se tani radha \u00ebsht\u00eb\u2026","rel":"","context":"In &quot;Blogu i Udh\u00ebtarit&quot;","block_context":{"text":"Blogu i Udh\u00ebtarit","link":"https:\/\/www.shqiperia.com\/blog\/category\/blogu-i-udhetarit\/"},"img":{"alt_text":"","src":"https:\/\/i0.wp.com\/www.shqiperia.com\/blog\/wp-content\/uploads\/2026\/08\/shehaj-3.jpg?fit=621%2C323&ssl=1&resize=350%2C200","width":350,"height":200,"srcset":"https:\/\/i0.wp.com\/www.shqiperia.com\/blog\/wp-content\/uploads\/2026\/08\/shehaj-3.jpg?fit=621%2C323&ssl=1&resize=350%2C200 1x, https:\/\/i0.wp.com\/www.shqiperia.com\/blog\/wp-content\/uploads\/2026\/08\/shehaj-3.jpg?fit=621%2C323&ssl=1&resize=525%2C300 1.5x"},"classes":[]},{"id":102651,"url":"https:\/\/www.shqiperia.com\/blog\/boll-me-eunuke-e-minj-politike-murrizi-kritika-ndaj-berishes-para-mbledhjes-se-pd-nxirri-emrat-mos-na-shit-moshen\/","url_meta":{"origin":34946,"position":5},"title":"\u201cBoll me eunuk\u00eb, e minj politik\u00eb\u201d\/ Murrizi kritika ndaj Berish\u00ebs para mbledhjes s\u00eb PD: Nxirri emrat, mos na shit mosh\u00ebn","author":"Kurt Farka","date":"July 14, 2026","format":false,"excerpt":"14 Korrik 2026 An\u00ebtari i K\u00ebshillit Komb\u00ebtar t\u00eb Partis\u00eb Demokratike, Myslim Murrizi, ka l\u00ebshuar nj\u00eb lum\u00eb kritikash t\u00eb ashpra n\u00eb drejtim t\u00eb kreut t\u00eb PD-s\u00eb, Sali Berisha, dhe lidershipit t\u00eb partis\u00eb, p\u00ebrpara mbledhjes s\u00eb K\u00ebshillit Komb\u00ebtar t\u00eb thirrur p\u00ebr t\u00eb m\u00ebrkur\u00ebn e 15 korrikut. P\u00ebrmes nj\u00eb reagimi t\u00eb fort\u00eb, Murrizi\u2026","rel":"","context":"In &quot;Kultura&quot;","block_context":{"text":"Kultura","link":"https:\/\/www.shqiperia.com\/blog\/category\/kultura\/"},"img":{"alt_text":"","src":"https:\/\/i0.wp.com\/www.shqiperia.com\/blog\/wp-content\/uploads\/2026\/07\/Murrizi-Berisha.jpg?fit=1000%2C563&ssl=1&resize=350%2C200","width":350,"height":200,"srcset":"https:\/\/i0.wp.com\/www.shqiperia.com\/blog\/wp-content\/uploads\/2026\/07\/Murrizi-Berisha.jpg?fit=1000%2C563&ssl=1&resize=350%2C200 1x, https:\/\/i0.wp.com\/www.shqiperia.com\/blog\/wp-content\/uploads\/2026\/07\/Murrizi-Berisha.jpg?fit=1000%2C563&ssl=1&resize=525%2C300 1.5x, https:\/\/i0.wp.com\/www.shqiperia.com\/blog\/wp-content\/uploads\/2026\/07\/Murrizi-Berisha.jpg?fit=1000%2C563&ssl=1&resize=700%2C400 2x"},"classes":[]}],"_links":{"self":[{"href":"https:\/\/www.shqiperia.com\/blog\/wp-json\/wp\/v2\/posts\/34946","targetHints":{"allow":["GET"]}}],"collection":[{"href":"https:\/\/www.shqiperia.com\/blog\/wp-json\/wp\/v2\/posts"}],"about":[{"href":"https:\/\/www.shqiperia.com\/blog\/wp-json\/wp\/v2\/types\/post"}],"author":[{"embeddable":true,"href":"https:\/\/www.shqiperia.com\/blog\/wp-json\/wp\/v2\/users\/9"}],"replies":[{"embeddable":true,"href":"https:\/\/www.shqiperia.com\/blog\/wp-json\/wp\/v2\/comments?post=34946"}],"version-history":[{"count":1,"href":"https:\/\/www.shqiperia.com\/blog\/wp-json\/wp\/v2\/posts\/34946\/revisions"}],"predecessor-version":[{"id":34948,"href":"https:\/\/www.shqiperia.com\/blog\/wp-json\/wp\/v2\/posts\/34946\/revisions\/34948"}],"wp:featuredmedia":[{"embeddable":true,"href":"https:\/\/www.shqiperia.com\/blog\/wp-json\/wp\/v2\/media\/34947"}],"wp:attachment":[{"href":"https:\/\/www.shqiperia.com\/blog\/wp-json\/wp\/v2\/media?parent=34946"}],"wp:term":[{"taxonomy":"category","embeddable":true,"href":"https:\/\/www.shqiperia.com\/blog\/wp-json\/wp\/v2\/categories?post=34946"},{"taxonomy":"post_tag","embeddable":true,"href":"https:\/\/www.shqiperia.com\/blog\/wp-json\/wp\/v2\/tags?post=34946"}],"curies":[{"name":"wp","href":"https:\/\/api.w.org\/{rel}","templated":true}]}}