{"id":34913,"date":"2020-05-22T13:26:25","date_gmt":"2020-05-22T13:26:25","guid":{"rendered":"https:\/\/www.shqiperia.com\/blog\/?p=34913"},"modified":"2020-05-22T13:26:25","modified_gmt":"2020-05-22T13:26:25","slug":"kjo-eshte-kambane-alarmi-per-kpa-ne-klodiana-lala-plas-deklaraten-e-forte-kane-fshehur-fakte-jane-falsifikuar","status":"publish","type":"post","link":"https:\/\/www.shqiperia.com\/blog\/kjo-eshte-kambane-alarmi-per-kpa-ne-klodiana-lala-plas-deklaraten-e-forte-kane-fshehur-fakte-jane-falsifikuar\/","title":{"rendered":"\u201cKjo \u00ebsht\u00eb kamban\u00eb alarmi p\u00ebr KPA-n\u00eb\u201d, Klodiana Lala \u2018plas\u2019 deklarat\u00ebn e fort\u00eb: &#8211; Kan\u00eb fshehur fakte, jan\u00eb falsifikuar&#8230;"},"content":{"rendered":"<p><img data-recalc-dims=\"1\" loading=\"lazy\" decoding=\"async\" data-attachment-id=\"34914\" data-permalink=\"https:\/\/www.shqiperia.com\/blog\/kjo-eshte-kambane-alarmi-per-kpa-ne-klodiana-lala-plas-deklaraten-e-forte-kane-fshehur-fakte-jane-falsifikuar\/800-0-5ec7cfc2d0ce2\/\" data-orig-file=\"https:\/\/i0.wp.com\/www.shqiperia.com\/blog\/wp-content\/uploads\/2020\/05\/800-0-5ec7cfc2d0ce2.jpg?fit=800%2C445&amp;ssl=1\" data-orig-size=\"800,445\" data-comments-opened=\"1\" data-image-meta=\"{&quot;aperture&quot;:&quot;0&quot;,&quot;credit&quot;:&quot;&quot;,&quot;camera&quot;:&quot;&quot;,&quot;caption&quot;:&quot;&quot;,&quot;created_timestamp&quot;:&quot;0&quot;,&quot;copyright&quot;:&quot;&quot;,&quot;focal_length&quot;:&quot;0&quot;,&quot;iso&quot;:&quot;0&quot;,&quot;shutter_speed&quot;:&quot;0&quot;,&quot;title&quot;:&quot;&quot;,&quot;orientation&quot;:&quot;0&quot;}\" data-image-title=\"-800-0-5ec7cfc2d0ce2\" data-image-description=\"\" data-image-caption=\"\" data-medium-file=\"https:\/\/i0.wp.com\/www.shqiperia.com\/blog\/wp-content\/uploads\/2020\/05\/800-0-5ec7cfc2d0ce2.jpg?fit=300%2C167&amp;ssl=1\" data-large-file=\"https:\/\/i0.wp.com\/www.shqiperia.com\/blog\/wp-content\/uploads\/2020\/05\/800-0-5ec7cfc2d0ce2.jpg?fit=800%2C445&amp;ssl=1\" class=\"alignnone  wp-image-34914\" alt=\"\" src=\"https:\/\/i0.wp.com\/www.shqiperia.com\/blog\/wp-content\/uploads\/2020\/05\/800-0-5ec7cfc2d0ce2.jpg?resize=483%2C269&#038;ssl=1\" width=\"483\" height=\"269\" srcset=\"https:\/\/i0.wp.com\/www.shqiperia.com\/blog\/wp-content\/uploads\/2020\/05\/800-0-5ec7cfc2d0ce2.jpg?resize=300%2C167&amp;ssl=1 300w, https:\/\/i0.wp.com\/www.shqiperia.com\/blog\/wp-content\/uploads\/2020\/05\/800-0-5ec7cfc2d0ce2.jpg?resize=768%2C427&amp;ssl=1 768w, https:\/\/i0.wp.com\/www.shqiperia.com\/blog\/wp-content\/uploads\/2020\/05\/800-0-5ec7cfc2d0ce2.jpg?resize=450%2C250&amp;ssl=1 450w, https:\/\/i0.wp.com\/www.shqiperia.com\/blog\/wp-content\/uploads\/2020\/05\/800-0-5ec7cfc2d0ce2.jpg?resize=600%2C334&amp;ssl=1 600w, https:\/\/i0.wp.com\/www.shqiperia.com\/blog\/wp-content\/uploads\/2020\/05\/800-0-5ec7cfc2d0ce2.jpg?resize=400%2C223&amp;ssl=1 400w, https:\/\/i0.wp.com\/www.shqiperia.com\/blog\/wp-content\/uploads\/2020\/05\/800-0-5ec7cfc2d0ce2.jpg?w=800&amp;ssl=1 800w\" sizes=\"auto, (max-width: 483px) 100vw, 483px\" \/><\/p>\n<p>\u201cKjo \u00ebsht\u00eb kamban\u00eb alarmi p\u00ebr KPA-n\u00eb\u201d, Klodiana Lala \u2018plas\u2019 deklarat\u00ebn e fort\u00eb: &#8211; Kan\u00eb fshehur fakte, jan\u00eb falsifikuar&#8230;<\/p>\n<p>22 MAJ 2020<\/p>\n<p>FacebookWhatsAppTwitterEmail<\/p>\n<p>Gazetarja Klodiana Lala nga studio e \u2018Ne\u00ebs24\u2019 tha se rasti i pezullimit nga detyra t\u00eb gjyqtarit Luan Daci, v\u00eb n\u00eb pik\u00ebpyetje institucionin e KPA-s\u00eb.<\/p>\n<p>Lala tha se kjo \u00ebsht\u00eb nj\u00eb kamban\u00eb alarmi, pasi dyshohet se mund t\u00eb ket\u00eb t\u00eb tjer\u00eb an\u00ebtar\u00eb t\u00eb KPA-s\u00eb q\u00eb mund t\u00eb ken\u00eb fshehur t\u00eb dh\u00ebnat personale dhe t\u00eb ken\u00eb dor\u00ebzuar gjat\u00eb procesit t\u00eb vettingut dokumente t\u00eb falsifikuara.<\/p>\n<p>Po ashtu, gazetarja Lala tha se reforma n\u00eb drejt\u00ebsi ka devijuar, nd\u00ebrsa theksoi se ka tentativa brenda PS-s\u00eb q\u00eb mund t\u00eb ndryshojn\u00eb disa nene t\u00eb kushtetut\u00ebs. Mes t\u00eb tjerash Lala pohoi se n\u00eb radh\u00ebn e gjyqtar\u00ebve dhe prokuror\u00ebve ka ende t\u00eb korruptuar, nd\u00ebrsa jan\u00eb l\u00ebn\u00eb jasht\u00eb sistemit t\u00eb drejt\u00ebsis\u00eb figura t\u00eb pastra.<\/p>\n<p>\u201cLuan Daci ka fshehur nj\u00eb rekord t\u00eb jet\u00ebs s\u00eb tij. Kur u pyet n\u00eb Kuvend, nga detyra e gjykat\u00ebsit n\u00eb 97 \u00ebsht\u00eb larguar me dor\u00ebheqje, por nga hetimi i SPAK ai \u00ebsht\u00eb shkarkuar p\u00ebr shkelje t\u00eb renda. Pra nj\u00eb gjyqtar \u00ebsht\u00eb shkarkuar p\u00ebr paaft\u00ebsi, p\u00ebr shkelje t\u00eb renda. Kjo e minon k\u00ebt\u00eb institucion dhe i v\u00eb n\u00eb pik\u00ebpyetje \u00e7\u00ebshtjet q\u00eb ka pasur. Kjo \u00ebsht\u00eb kamban\u00eb alarmi pasi ka fakte se t\u00eb tjer\u00eb an\u00ebtar\u00eb t\u00eb KPA kan\u00eb fshehur fakte dhe kan\u00eb vendosur n\u00eb dosjet e tyre dokumente t\u00eb falsifikuara. Kjo do t\u00eb vinte n\u00eb pik\u00ebpyetje vettingun q\u00eb po u b\u00ebhet gjyqtar\u00ebve dhe prokuror\u00ebve. A duhet t\u00eb kishte vetting p\u00ebr ta? Pa diskutim q\u00eb po. Nga Vettingui jan\u00eb djegur disa emra shum\u00eb t\u00eb zot\u00eb. Si\u00e7 \u00ebsht\u00eb Antoneta Sevdari. Ai ka fshehur nj\u00eb rekord kriminal. T\u00eb b\u00ebsh pastrimin e sistemit t\u00eb drejt\u00ebsis\u00eb nga t\u00eb korruptuarit, nga nj\u00eb person q\u00eb ka ikur p\u00ebr paaft\u00ebsi, \u00ebsht\u00eb e r\u00ebnd\u00eb. SPAK do i duhet t\u00eb reagoj\u00eb. Reforma nuk \u00ebsht\u00eb ajo q\u00eb u nis n\u00eb fillim. Ishte nj\u00eb reform\u00eb q\u00eb mendohej se do i sh\u00ebrbente publikut shqiptar. Ajo ka devijuar nga q\u00ebndrimi fillestar. Kemi prokuror\u00eb dhe gjyqtar\u00eb q\u00eb kan\u00eb dal\u00eb padrejt\u00ebsisht jan\u00eb sistemit dhe t\u00eb tjer\u00eb q\u00eb nuk duhet t\u00eb ishin. Po vijojn\u00eb t\u00eb jen\u00eb pjes\u00eb e hetimeve t\u00eb \u00e7\u00ebshtjeve, nd\u00ebrkoh\u00eb q\u00eb nuk e meritojn\u00eb t\u00eb jen\u00eb. E kan\u00eb kaluar filtrin gjyqtar\u00eb dhe prokuror\u00eb q\u00eb nuk duhet ta kalonin. SPAK duhet t\u00eb reagoj\u00eb. Mendoj se edhe nd\u00ebrkomb\u00ebtar\u00ebt kan\u00eb pjes\u00ebn e tyre t\u00eb fajit pasi n\u00eb Kolegjin e Posa\u00e7\u00ebm t\u00eb Apelimit, nd\u00ebrkomb\u00ebtar\u00ebt kan\u00eb marr\u00eb denoncime konkrete. Reforma po b\u00ebn d\u00ebm t\u00eb madhe n\u00eb sistemin e drejt\u00ebsis\u00eb, nd\u00ebrsa nga brenda PS thuhet se mund t\u00eb ket\u00eb ndryshime ligjore n\u00eb kushtetut\u00eb. Kjo \u00ebsht\u00eb kamban\u00eb alarmi. Ato duhen t\u00eb b\u00ebhen kur \u00ebsht\u00eb e nevojshme. Nuk e di n\u00ebse ka marr\u00ebveshje mes pal\u00ebve politike, si\u00e7 tha zonja Kim, por sa her\u00eb politika e ndjen veten ngusht\u00eb b\u00ebn di\u00e7ka.\u201d, tha Lala.<\/p>\n<p>Gazeta Sot<\/p>\n","protected":false},"excerpt":{"rendered":"<p>\u201cKjo \u00ebsht\u00eb kamban\u00eb alarmi p\u00ebr KPA-n\u00eb\u201d, Klodiana Lala \u2018plas\u2019 deklarat\u00ebn e fort\u00eb: &#8211; Kan\u00eb fshehur fakte, jan\u00eb falsifikuar&#8230; 22 MAJ 2020 FacebookWhatsAppTwitterEmail Gazetarja Klodiana Lala nga studio e \u2018Ne\u00ebs24\u2019 tha se rasti i pezullimit nga detyra t\u00eb gjyqtarit Luan Daci, v\u00eb n\u00eb pik\u00ebpyetje institucionin e KPA-s\u00eb. Lala tha se kjo \u00ebsht\u00eb nj\u00eb kamban\u00eb alarmi, pasi [&hellip;]<\/p>\n","protected":false},"author":9,"featured_media":34914,"comment_status":"open","ping_status":"open","sticky":false,"template":"","format":"standard","meta":{"jetpack_post_was_ever_published":false,"_jetpack_newsletter_access":"","_jetpack_dont_email_post_to_subs":false,"_jetpack_newsletter_tier_id":0,"_jetpack_memberships_contains_paywalled_content":false,"_jetpack_memberships_contains_paid_content":false,"footnotes":"","jetpack_publicize_message":"","jetpack_publicize_feature_enabled":true,"jetpack_social_post_already_shared":true,"jetpack_social_options":{"image_generator_settings":{"template":"highway","default_image_id":0,"font":"","enabled":false},"version":2}},"categories":[27,35],"tags":[],"class_list":["post-34913","post","type-post","status-publish","format-standard","has-post-thumbnail","hentry","category-blogu-i-udhetarit","category-shoqerore"],"jetpack_publicize_connections":[],"jetpack_featured_media_url":"https:\/\/i0.wp.com\/www.shqiperia.com\/blog\/wp-content\/uploads\/2020\/05\/800-0-5ec7cfc2d0ce2.jpg?fit=800%2C445&ssl=1","jetpack_sharing_enabled":true,"jetpack_shortlink":"https:\/\/wp.me\/p5Z6wp-957","jetpack-related-posts":[{"id":90790,"url":"https:\/\/www.shqiperia.com\/blog\/maskat-te-one-klodiana-lala-jep-detaje-per-ngjarjen-e-fshehur-te-tre-muajve-me-pare\/","url_meta":{"origin":34913,"position":0},"title":"MASKAT TE \u201cONE\u201d, Klodiana Lala jep detaje p\u00ebr ngjarjen e fshehur t\u00eb tre muajve m\u00eb par\u00eb","author":"Kurt Farka","date":"March 28, 2025","format":false,"excerpt":"28 Mars 2025 Kompania \"One\" \u00ebsht\u00eb nj\u00eb nga klientet kryesore t\u00eb Arb\u00ebr Veliajt, q\u00eb \u00ebsht\u00eb v\u00ebllai i kryebashkiakut t\u00eb Tiran\u00ebs, Erion Veliaj. Gazetarja Klodiana Lala shpjegoi n\u00eb emisionin \u201cT\u00eb Paekspozuarit\u201d n\u00eb MCN TV bastisjen e maskave n\u00eb zyrat e kompanis\u00eb telefonike \u201cOne\u201d nat\u00ebn e Krishtlindjeve 2024 dhe njoftimin e policis\u00eb\u2026","rel":"","context":"In &quot;Blogu i Udh\u00ebtarit&quot;","block_context":{"text":"Blogu i Udh\u00ebtarit","link":"https:\/\/www.shqiperia.com\/blog\/category\/blogu-i-udhetarit\/"},"img":{"alt_text":"","src":"https:\/\/i0.wp.com\/www.shqiperia.com\/blog\/wp-content\/uploads\/2025\/03\/Ngjarja-kompania-One-celularet-maskat-prishja-kompjuterat.jpg?fit=1185%2C610&ssl=1&resize=350%2C200","width":350,"height":200,"srcset":"https:\/\/i0.wp.com\/www.shqiperia.com\/blog\/wp-content\/uploads\/2025\/03\/Ngjarja-kompania-One-celularet-maskat-prishja-kompjuterat.jpg?fit=1185%2C610&ssl=1&resize=350%2C200 1x, https:\/\/i0.wp.com\/www.shqiperia.com\/blog\/wp-content\/uploads\/2025\/03\/Ngjarja-kompania-One-celularet-maskat-prishja-kompjuterat.jpg?fit=1185%2C610&ssl=1&resize=525%2C300 1.5x, https:\/\/i0.wp.com\/www.shqiperia.com\/blog\/wp-content\/uploads\/2025\/03\/Ngjarja-kompania-One-celularet-maskat-prishja-kompjuterat.jpg?fit=1185%2C610&ssl=1&resize=700%2C400 2x, https:\/\/i0.wp.com\/www.shqiperia.com\/blog\/wp-content\/uploads\/2025\/03\/Ngjarja-kompania-One-celularet-maskat-prishja-kompjuterat.jpg?fit=1185%2C610&ssl=1&resize=1050%2C600 3x"},"classes":[]},{"id":90308,"url":"https:\/\/www.shqiperia.com\/blog\/klodiana-lala-provat-e-reja-do-ta-rendojne-poziten-e-veliajt-ka-kontrata-transaksione\/","url_meta":{"origin":34913,"position":1},"title":"Klodiana Lala: Provat e reja do ta r\u00ebndojn\u00eb pozit\u00ebn e Veliajt. &#8211; Ka kontrata, transaksione\u2026","author":"Kurt Farka","date":"March 12, 2025","format":false,"excerpt":"12 Mars 2025 Provat e reja t\u00eb SPAK q\u00eb shtyn\u00eb seanc\u00ebn e s\u00eb mart\u00ebs n\u00eb Apelin e GJKKO ndaj kryebashkiakut Erion Veliaj, mund ta r\u00ebndojn\u00eb pozit\u00ebn e tij. Gazetarja e News24, Klodiana Lala, e ftuar n\u00eb emisionin \u201cOpen\u201d, tha se Erion Veliaj \u00ebsht\u00eb p\u00ebrgjuar me autorizim t\u00eb gjykat\u00ebs, teksa ka\u2026","rel":"","context":"In &quot;Blogu i Udh\u00ebtarit&quot;","block_context":{"text":"Blogu i Udh\u00ebtarit","link":"https:\/\/www.shqiperia.com\/blog\/category\/blogu-i-udhetarit\/"},"img":{"alt_text":"","src":"https:\/\/i0.wp.com\/www.shqiperia.com\/blog\/wp-content\/uploads\/2025\/03\/images-1.jpg?resize=350%2C200&ssl=1","width":350,"height":200,"srcset":"https:\/\/i0.wp.com\/www.shqiperia.com\/blog\/wp-content\/uploads\/2025\/03\/images-1.jpg?resize=350%2C200&ssl=1 1x, https:\/\/i0.wp.com\/www.shqiperia.com\/blog\/wp-content\/uploads\/2025\/03\/images-1.jpg?resize=525%2C300&ssl=1 1.5x"},"classes":[]},{"id":59246,"url":"https:\/\/www.shqiperia.com\/blog\/komunikata-sekrete-per-eliminimin-e-te-penduarit-te-drejtesise-klodiana-lala-e-alarmuar-plas-deklaraten-e-forte-mund-te-vritet\/","url_meta":{"origin":34913,"position":2},"title":"Komunikata sekrete p\u00ebr eliminimin e t\u00eb penduarit t\u00eb drejt\u00ebsis\u00eb. &#8211; Klodiana Lala e alarmuar plas deklarat\u00ebn e fort\u00eb: \u201cMund t\u00eb vritet&#8230;\u201d","author":"Kurt Farka","date":"June 23, 2022","format":false,"excerpt":"23 Qershor 2022 Gazetarja Klodiana Lala shkruan n\u00eb Facebook se efektivin e burgjeve q\u00eb bashk\u00ebpunoi me SPAK p\u00ebr t\u00eb zbardhur planin p\u00ebr vrasjen e nj\u00eb t\u00eb penduari t\u00eb drejt\u00ebsis\u00eb po e kthejn\u00eb n\u00eb Shqip\u00ebri. Postimi i Lal\u00ebs Policin e burgjeve qe bashkepunoi me SPAK per te zbardhur planin per vrasjen\u2026","rel":"","context":"In &quot;Blogu i Udh\u00ebtarit&quot;","block_context":{"text":"Blogu i Udh\u00ebtarit","link":"https:\/\/www.shqiperia.com\/blog\/category\/blogu-i-udhetarit\/"},"img":{"alt_text":"","src":"https:\/\/i0.wp.com\/www.shqiperia.com\/blog\/wp-content\/uploads\/2022\/06\/800-0-62b453a9329c4.jpg?fit=800%2C416&ssl=1&resize=350%2C200","width":350,"height":200,"srcset":"https:\/\/i0.wp.com\/www.shqiperia.com\/blog\/wp-content\/uploads\/2022\/06\/800-0-62b453a9329c4.jpg?fit=800%2C416&ssl=1&resize=350%2C200 1x, https:\/\/i0.wp.com\/www.shqiperia.com\/blog\/wp-content\/uploads\/2022\/06\/800-0-62b453a9329c4.jpg?fit=800%2C416&ssl=1&resize=525%2C300 1.5x, https:\/\/i0.wp.com\/www.shqiperia.com\/blog\/wp-content\/uploads\/2022\/06\/800-0-62b453a9329c4.jpg?fit=800%2C416&ssl=1&resize=700%2C400 2x"},"classes":[]},{"id":45474,"url":"https:\/\/www.shqiperia.com\/blog\/klodiana-lala-plas-bomben-i-tregova-policise-parcelen-me-kanabis-nuk-e-shkaterruan-por\/","url_meta":{"origin":34913,"position":3},"title":"Klodiana Lala plas \u201cbomb\u00ebn\u201d: \u00a0&#8211; I tregova policis\u00eb parcel\u00ebn me kanabis, nuk e shkat\u00ebrruan por\u2026","author":"Kurt Farka","date":"March 18, 2021","format":false,"excerpt":"Klodiana Lala plas \u201cbomb\u00ebn\u201d: \u00a0- I tregova policis\u00eb parcel\u00ebn me kanabis, nuk e shkat\u00ebrruan por\u2026 18 Mars, 2021 Gazetarja Klodiana Lala, ka denoncuar n\u00eb emisionin \u201cT\u00eb Paekspozuarit\u201d nga Ylli Rakipi n\u00eb MCN TV,\u00a0 nj\u00eb rast flagrant t\u00eb shkeljes s\u00eb ligjit nga Policia e Shtetit. Gazetarja deklaroi se gjat\u00eb pandemis\u00eb, ka\u2026","rel":"","context":"In &quot;Blogu i Udh\u00ebtarit&quot;","block_context":{"text":"Blogu i Udh\u00ebtarit","link":"https:\/\/www.shqiperia.com\/blog\/category\/blogu-i-udhetarit\/"},"img":{"alt_text":"","src":"https:\/\/i0.wp.com\/www.shqiperia.com\/blog\/wp-content\/uploads\/2021\/03\/Klodiana-Lala.png?fit=1200%2C671&ssl=1&resize=350%2C200","width":350,"height":200,"srcset":"https:\/\/i0.wp.com\/www.shqiperia.com\/blog\/wp-content\/uploads\/2021\/03\/Klodiana-Lala.png?fit=1200%2C671&ssl=1&resize=350%2C200 1x, https:\/\/i0.wp.com\/www.shqiperia.com\/blog\/wp-content\/uploads\/2021\/03\/Klodiana-Lala.png?fit=1200%2C671&ssl=1&resize=525%2C300 1.5x, https:\/\/i0.wp.com\/www.shqiperia.com\/blog\/wp-content\/uploads\/2021\/03\/Klodiana-Lala.png?fit=1200%2C671&ssl=1&resize=700%2C400 2x, https:\/\/i0.wp.com\/www.shqiperia.com\/blog\/wp-content\/uploads\/2021\/03\/Klodiana-Lala.png?fit=1200%2C671&ssl=1&resize=1050%2C600 3x"},"classes":[]},{"id":56592,"url":"https:\/\/www.shqiperia.com\/blog\/kjo-nuk-perfundon-me-disa-biznesmene-te-arrestuar-afera-e-inceneratoreve-klodiana-lala-plas-bomben-te-hapen-dosjet-e-kaluara-edi-rama-akuzohej-qe-ne\/","url_meta":{"origin":34913,"position":4},"title":"\u201cKjo nuk p\u00ebrfundon me disa biznesmen\u00eb t\u00eb arrestuar\u201d. Afera e incenerator\u00ebve, Klodiana Lala plas \u2018bomb\u00ebn\u2019: T\u00eb hapen dosjet e kaluara! Edi Rama akuzohej q\u00eb n\u00eb&#8230;","author":"Kurt Farka","date":"April 11, 2022","format":false,"excerpt":"\u201cKjo nuk p\u00ebrfundon me disa biznesmen\u00eb t\u00eb arrestuar\u201d. Afera e incenerator\u00ebve, Klodiana Lala plas \u2018bomb\u00ebn\u2019: T\u00eb hapen dosjet e kaluara! Edi Rama akuzohej q\u00eb n\u00eb... 11 PRILL 2022 Gazetarja Klodiana Lala komentoi sot n\u00eb emisionin \u2018Pikat mbi i\u2019, deklarat\u00ebn ne kryeministrit Rama gjat\u00eb Kongresit t\u00eb PS-s\u00eb. Gazetarja Lala tha se\u2026","rel":"","context":"In &quot;Blogu i Udh\u00ebtarit&quot;","block_context":{"text":"Blogu i Udh\u00ebtarit","link":"https:\/\/www.shqiperia.com\/blog\/category\/blogu-i-udhetarit\/"},"img":{"alt_text":"","src":"https:\/\/i0.wp.com\/www.shqiperia.com\/blog\/wp-content\/uploads\/2022\/04\/Edi-Rama-3.jpg?fit=640%2C360&ssl=1&resize=350%2C200","width":350,"height":200,"srcset":"https:\/\/i0.wp.com\/www.shqiperia.com\/blog\/wp-content\/uploads\/2022\/04\/Edi-Rama-3.jpg?fit=640%2C360&ssl=1&resize=350%2C200 1x, https:\/\/i0.wp.com\/www.shqiperia.com\/blog\/wp-content\/uploads\/2022\/04\/Edi-Rama-3.jpg?fit=640%2C360&ssl=1&resize=525%2C300 1.5x"},"classes":[]},{"id":57894,"url":"https:\/\/www.shqiperia.com\/blog\/deklarata-e-forte-e-klodiana-lales-kompania-ku-gjet-droga-ne-port-zoterohet-nga-nje-biznesmen-i-fuqishem-ne-te-kaluaren\/","url_meta":{"origin":34913,"position":5},"title":"Deklarata e fort\u00eb e Klodiana Lal\u00ebs: &#8211; Kompania ku gjet droga n\u00eb port zot\u00ebrohet nga nj\u00eb biznesmen i fuqish\u00ebm n\u00eb t\u00eb kaluar\u00ebn","author":"Kurt Farka","date":"May 17, 2022","format":false,"excerpt":"Deklarata e fort\u00eb e Klodiana Lal\u00ebs: - Kompania ku gjet droga n\u00eb port zot\u00ebrohet nga nj\u00eb biznesmen i fuqish\u00ebm n\u00eb t\u00eb kaluar\u00ebn 17 MAJ 2022 Gazetarja Klodiana Lala ka th\u00ebn\u00eb n\u00eb \u201cOpen\u201d se Porti i Durr\u00ebsit \u00ebsht\u00eb shpesh pika ku p\u00ebrplasen grupet kriminale n\u00eb qytetin bregdetar. Sipas saj, t\u00eb gjitha\u2026","rel":"","context":"In &quot;Blogu i Udh\u00ebtarit&quot;","block_context":{"text":"Blogu i Udh\u00ebtarit","link":"https:\/\/www.shqiperia.com\/blog\/category\/blogu-i-udhetarit\/"},"img":{"alt_text":"","src":"https:\/\/i0.wp.com\/www.shqiperia.com\/blog\/wp-content\/uploads\/2022\/05\/Klodiana-Lala.jpg?fit=800%2C462&ssl=1&resize=350%2C200","width":350,"height":200,"srcset":"https:\/\/i0.wp.com\/www.shqiperia.com\/blog\/wp-content\/uploads\/2022\/05\/Klodiana-Lala.jpg?fit=800%2C462&ssl=1&resize=350%2C200 1x, https:\/\/i0.wp.com\/www.shqiperia.com\/blog\/wp-content\/uploads\/2022\/05\/Klodiana-Lala.jpg?fit=800%2C462&ssl=1&resize=525%2C300 1.5x, https:\/\/i0.wp.com\/www.shqiperia.com\/blog\/wp-content\/uploads\/2022\/05\/Klodiana-Lala.jpg?fit=800%2C462&ssl=1&resize=700%2C400 2x"},"classes":[]}],"_links":{"self":[{"href":"https:\/\/www.shqiperia.com\/blog\/wp-json\/wp\/v2\/posts\/34913","targetHints":{"allow":["GET"]}}],"collection":[{"href":"https:\/\/www.shqiperia.com\/blog\/wp-json\/wp\/v2\/posts"}],"about":[{"href":"https:\/\/www.shqiperia.com\/blog\/wp-json\/wp\/v2\/types\/post"}],"author":[{"embeddable":true,"href":"https:\/\/www.shqiperia.com\/blog\/wp-json\/wp\/v2\/users\/9"}],"replies":[{"embeddable":true,"href":"https:\/\/www.shqiperia.com\/blog\/wp-json\/wp\/v2\/comments?post=34913"}],"version-history":[{"count":1,"href":"https:\/\/www.shqiperia.com\/blog\/wp-json\/wp\/v2\/posts\/34913\/revisions"}],"predecessor-version":[{"id":34915,"href":"https:\/\/www.shqiperia.com\/blog\/wp-json\/wp\/v2\/posts\/34913\/revisions\/34915"}],"wp:featuredmedia":[{"embeddable":true,"href":"https:\/\/www.shqiperia.com\/blog\/wp-json\/wp\/v2\/media\/34914"}],"wp:attachment":[{"href":"https:\/\/www.shqiperia.com\/blog\/wp-json\/wp\/v2\/media?parent=34913"}],"wp:term":[{"taxonomy":"category","embeddable":true,"href":"https:\/\/www.shqiperia.com\/blog\/wp-json\/wp\/v2\/categories?post=34913"},{"taxonomy":"post_tag","embeddable":true,"href":"https:\/\/www.shqiperia.com\/blog\/wp-json\/wp\/v2\/tags?post=34913"}],"curies":[{"name":"wp","href":"https:\/\/api.w.org\/{rel}","templated":true}]}}