{"id":34909,"date":"2020-05-22T13:01:39","date_gmt":"2020-05-22T13:01:39","guid":{"rendered":"https:\/\/www.shqiperia.com\/blog\/?p=34909"},"modified":"2020-05-22T13:03:06","modified_gmt":"2020-05-22T13:03:06","slug":"mblodhi-ekspertet-e-reformes-zgjedhore-basha-komunikon-vendimin-e-rendesishem-ne-vendosem-qe-tia-mohojme-rames-kete-plan-dinak","status":"publish","type":"post","link":"https:\/\/www.shqiperia.com\/blog\/mblodhi-ekspertet-e-reformes-zgjedhore-basha-komunikon-vendimin-e-rendesishem-ne-vendosem-qe-tia-mohojme-rames-kete-plan-dinak\/","title":{"rendered":"Mblodhi ekspert\u00ebt e Reform\u00ebs Zgjedhore, Basha komunikon vendimin e r\u00ebnd\u00ebsish\u00ebm: Ne vendos\u00ebm q\u00eb t\u2019ia mohojm\u00eb Ram\u00ebs k\u00ebt\u00eb plan dinak!"},"content":{"rendered":"<p><img data-recalc-dims=\"1\" loading=\"lazy\" decoding=\"async\" data-attachment-id=\"34910\" data-permalink=\"https:\/\/www.shqiperia.com\/blog\/mblodhi-ekspertet-e-reformes-zgjedhore-basha-komunikon-vendimin-e-rendesishem-ne-vendosem-qe-tia-mohojme-rames-kete-plan-dinak\/800-0-5ec7cc01071cd\/\" data-orig-file=\"https:\/\/i0.wp.com\/www.shqiperia.com\/blog\/wp-content\/uploads\/2020\/05\/800-0-5ec7cc01071cd.jpg?fit=800%2C475&amp;ssl=1\" data-orig-size=\"800,475\" data-comments-opened=\"1\" data-image-meta=\"{&quot;aperture&quot;:&quot;0&quot;,&quot;credit&quot;:&quot;&quot;,&quot;camera&quot;:&quot;&quot;,&quot;caption&quot;:&quot;&quot;,&quot;created_timestamp&quot;:&quot;0&quot;,&quot;copyright&quot;:&quot;&quot;,&quot;focal_length&quot;:&quot;0&quot;,&quot;iso&quot;:&quot;0&quot;,&quot;shutter_speed&quot;:&quot;0&quot;,&quot;title&quot;:&quot;&quot;,&quot;orientation&quot;:&quot;0&quot;}\" data-image-title=\"-800-0-5ec7cc01071cd\" data-image-description=\"\" data-image-caption=\"\" data-medium-file=\"https:\/\/i0.wp.com\/www.shqiperia.com\/blog\/wp-content\/uploads\/2020\/05\/800-0-5ec7cc01071cd.jpg?fit=300%2C178&amp;ssl=1\" data-large-file=\"https:\/\/i0.wp.com\/www.shqiperia.com\/blog\/wp-content\/uploads\/2020\/05\/800-0-5ec7cc01071cd.jpg?fit=800%2C475&amp;ssl=1\" class=\"alignnone wp-image-34910\" alt=\"\" src=\"https:\/\/i0.wp.com\/www.shqiperia.com\/blog\/wp-content\/uploads\/2020\/05\/800-0-5ec7cc01071cd.jpg?resize=482%2C286&#038;ssl=1\" width=\"482\" height=\"286\" srcset=\"https:\/\/i0.wp.com\/www.shqiperia.com\/blog\/wp-content\/uploads\/2020\/05\/800-0-5ec7cc01071cd.jpg?resize=300%2C178&amp;ssl=1 300w, https:\/\/i0.wp.com\/www.shqiperia.com\/blog\/wp-content\/uploads\/2020\/05\/800-0-5ec7cc01071cd.jpg?resize=768%2C456&amp;ssl=1 768w, https:\/\/i0.wp.com\/www.shqiperia.com\/blog\/wp-content\/uploads\/2020\/05\/800-0-5ec7cc01071cd.jpg?resize=450%2C267&amp;ssl=1 450w, https:\/\/i0.wp.com\/www.shqiperia.com\/blog\/wp-content\/uploads\/2020\/05\/800-0-5ec7cc01071cd.jpg?resize=600%2C356&amp;ssl=1 600w, https:\/\/i0.wp.com\/www.shqiperia.com\/blog\/wp-content\/uploads\/2020\/05\/800-0-5ec7cc01071cd.jpg?resize=400%2C238&amp;ssl=1 400w, https:\/\/i0.wp.com\/www.shqiperia.com\/blog\/wp-content\/uploads\/2020\/05\/800-0-5ec7cc01071cd.jpg?w=800&amp;ssl=1 800w\" sizes=\"auto, (max-width: 482px) 100vw, 482px\" \/><\/p>\n<p>Mblodhi ekspert\u00ebt e Reform\u00ebs Zgjedhore, Basha komunikon vendimin e r\u00ebnd\u00ebsish\u00ebm: Ne vendos\u00ebm q\u00eb t\u2019ia mohojm\u00eb Ram\u00ebs k\u00ebt\u00eb plan dinak!<\/p>\n<p>22 MAJ 2020<\/p>\n<p>Kreu i PD , Lulszim Basha pas mbledhje s me ekspert\u00ebt e PD p\u00ebr reform\u00ebn Zgjedhore ka dal\u00eb n\u00eb nj\u00eb prononcim p\u00ebr mediat.<\/p>\n<p>Basha b\u00ebri t\u00eb ditur se PD nuk do ta braktis Reform\u00ebn Zgjedhore, duke l\u00ebn\u00eb t\u00eb n\u00ebnkuptohet se do t\u2019i kthehet tryez\u00ebs s\u00eb p\u00ebrbashk\u00ebt politike.<\/p>\n<p>\u201cNe vendos\u00ebm q\u00eb t\u2019ia mohojm\u00eb Ram\u00ebs k\u00ebt\u00eb plan dinak dhe t\u2019iu ofrojm\u00eb shqiptar\u00ebve zgjedhje t\u00eb lira dhe t\u00eb ndershme. Ne nuk do ta bllokojm\u00eb reform\u00ebn zgjedhore\u201d, u shpren Basha.<\/p>\n<p>Gazeta Sot.<\/p>\n","protected":false},"excerpt":{"rendered":"<p>Mblodhi ekspert\u00ebt e Reform\u00ebs Zgjedhore, Basha komunikon vendimin e r\u00ebnd\u00ebsish\u00ebm: Ne vendos\u00ebm q\u00eb t\u2019ia mohojm\u00eb Ram\u00ebs k\u00ebt\u00eb plan dinak! 22 MAJ 2020 Kreu i PD , Lulszim Basha pas mbledhje s me ekspert\u00ebt e PD p\u00ebr reform\u00ebn Zgjedhore ka dal\u00eb n\u00eb nj\u00eb prononcim p\u00ebr mediat. Basha b\u00ebri t\u00eb ditur se PD nuk do ta braktis [&hellip;]<\/p>\n","protected":false},"author":9,"featured_media":34910,"comment_status":"open","ping_status":"open","sticky":false,"template":"","format":"standard","meta":{"jetpack_post_was_ever_published":false,"_jetpack_newsletter_access":"","_jetpack_dont_email_post_to_subs":false,"_jetpack_newsletter_tier_id":0,"_jetpack_memberships_contains_paywalled_content":false,"_jetpack_memberships_contains_paid_content":false,"footnotes":"","jetpack_publicize_message":"","jetpack_publicize_feature_enabled":true,"jetpack_social_post_already_shared":true,"jetpack_social_options":{"image_generator_settings":{"template":"highway","default_image_id":0,"font":"","enabled":false},"version":2}},"categories":[1,2],"tags":[],"class_list":["post-34909","post","type-post","status-publish","format-standard","has-post-thumbnail","hentry","category-njoftime-shtypi","category-politika"],"jetpack_publicize_connections":[],"jetpack_featured_media_url":"https:\/\/i0.wp.com\/www.shqiperia.com\/blog\/wp-content\/uploads\/2020\/05\/800-0-5ec7cc01071cd.jpg?fit=800%2C475&ssl=1","jetpack_sharing_enabled":true,"jetpack_shortlink":"https:\/\/wp.me\/p5Z6wp-953","jetpack-related-posts":[{"id":30921,"url":"https:\/\/www.shqiperia.com\/blog\/basha-u-ulem-per-reformen-zgjedhore-vetem-per-te-arritur-zgjedhjet-e-parakohshme\/","url_meta":{"origin":34909,"position":0},"title":"Basha: U ul\u00ebm p\u00ebr Reform\u00ebn Zgjedhore, vet\u00ebm p\u00ebr t\u00eb arritur zgjedhjet e parakohshme.","author":"Kurt Farka","date":"February 1, 2020","format":false,"excerpt":"Basha: U ul\u00ebm p\u00ebr Reform\u00ebn Zgjedhore, vet\u00ebm p\u00ebr t\u00eb arritur zgjedhjet e parakohshme 31\/01\/2020 \u00a0\u00a0\u00a0\u00a0 Marr\u00ebveshja p\u00ebr Reform\u00ebn Zgjedhore me Edi Ram\u00ebn do prodhoj\u00eb edhe zgjedhjet e parakohshme, konfirmimi vjen nga kryetari i PD Lulzim Basha. \u201cNe i qendrojm\u00eb propozimit ton\u00eb p\u00ebr nj\u00eb qeveri tranzitore jo vet\u00ebm p\u00ebr t\u00eb kaluar\u2026","rel":"","context":"In &quot;Blogu i Udh\u00ebtarit&quot;","block_context":{"text":"Blogu i Udh\u00ebtarit","link":"https:\/\/www.shqiperia.com\/blog\/category\/blogu-i-udhetarit\/"},"img":{"alt_text":"","src":"https:\/\/i0.wp.com\/www.shqiperia.com\/blog\/wp-content\/uploads\/2020\/02\/hqdefault.jpg?fit=480%2C319&ssl=1&resize=350%2C200","width":350,"height":200},"classes":[]},{"id":34916,"url":"https:\/\/www.shqiperia.com\/blog\/reforma-zgjedhore-reagon-kryemadhi-lsi-te-njejtin-qendrim-me-bashen-shembja-e-teatrit-provokim-i-rames-per-ta-sabotuar\/","url_meta":{"origin":34909,"position":1},"title":"Reforma Zgjedhore\/ Reagon Kryemadhi: LSI t\u00eb nj\u00ebjtin q\u00ebndrim me Bash\u00ebn. Shembja e Teatrit provokim i Ram\u00ebs p\u00ebr ta sabotuar","author":"Kurt Farka","date":"May 22, 2020","format":false,"excerpt":"Reforma Zgjedhore\/ Reagon Kryemadhi: LSI t\u00eb nj\u00ebjtin q\u00ebndrim me Bash\u00ebn. Shembja e Teatrit provokim i Ram\u00ebs p\u00ebr ta sabotuar 22 maji \u00a02020 Kryetarja e LSI-s\u00eb, Monika Kryemadhi, tha se mb\u00ebshtet q\u00ebndrimin e kreut t\u00eb PD-s\u00eb,\u00a0 Lulzim Bash\u00ebs, p\u00ebr Reform\u00ebn Zgjedhore p\u00ebr t\u2019u kthyer n\u00eb tryez\u00eb\u00a0. Kryemadhi thekson se realizimi i\u2026","rel":"","context":"In &quot;Blogu i Udh\u00ebtarit&quot;","block_context":{"text":"Blogu i Udh\u00ebtarit","link":"https:\/\/www.shqiperia.com\/blog\/category\/blogu-i-udhetarit\/"},"img":{"alt_text":"","src":"https:\/\/i0.wp.com\/www.shqiperia.com\/blog\/wp-content\/uploads\/2020\/05\/Kryemadhi-600x300-1.png?fit=600%2C300&ssl=1&resize=350%2C200","width":350,"height":200,"srcset":"https:\/\/i0.wp.com\/www.shqiperia.com\/blog\/wp-content\/uploads\/2020\/05\/Kryemadhi-600x300-1.png?fit=600%2C300&ssl=1&resize=350%2C200 1x, https:\/\/i0.wp.com\/www.shqiperia.com\/blog\/wp-content\/uploads\/2020\/05\/Kryemadhi-600x300-1.png?fit=600%2C300&ssl=1&resize=525%2C300 1.5x"},"classes":[]},{"id":50683,"url":"https:\/\/www.shqiperia.com\/blog\/basha-paralajmeron-zhvillime-te-reja-zbulon-tre-amendamentet-qe-pd-do-te-dorezoje-ne-kuvend\/","url_meta":{"origin":34909,"position":2},"title":"Basha paralajm\u00ebron zhvillime t\u00eb reja, zbulon tre amendamentet q\u00eb PD do t\u00eb dor\u00ebzoj\u00eb n\u00eb Kuvend","author":"Kurt Farka","date":"October 18, 2021","format":false,"excerpt":"Basha paralajm\u00ebron zhvillime t\u00eb reja, zbulon tre amendamentet q\u00eb PD do t\u00eb dor\u00ebzoj\u00eb n\u00eb Kuvend 18 TETOR 2021 Pas p\u00ebrfundimit t\u00eb mbledhjes s\u00eb grupit, kryedemokrati Lulzim Basha ka dal\u00eb n\u00eb nj\u00eb deklarat\u00eb p\u00ebr mediat. Ai k\u00ebrkon q\u00eb SPAK t\u00eb b\u00ebj\u00eb vettingun e politikan\u00ebve. \u201cGrupi i PD ka miratuar sot vendimin\u2026","rel":"","context":"In &quot;Kultura&quot;","block_context":{"text":"Kultura","link":"https:\/\/www.shqiperia.com\/blog\/category\/kultura\/"},"img":{"alt_text":"","src":"https:\/\/i0.wp.com\/www.shqiperia.com\/blog\/wp-content\/uploads\/2021\/10\/rama-basha-shtrengim-duarsh.jpg?fit=723%2C428&ssl=1&resize=350%2C200","width":350,"height":200,"srcset":"https:\/\/i0.wp.com\/www.shqiperia.com\/blog\/wp-content\/uploads\/2021\/10\/rama-basha-shtrengim-duarsh.jpg?fit=723%2C428&ssl=1&resize=350%2C200 1x, https:\/\/i0.wp.com\/www.shqiperia.com\/blog\/wp-content\/uploads\/2021\/10\/rama-basha-shtrengim-duarsh.jpg?fit=723%2C428&ssl=1&resize=525%2C300 1.5x, https:\/\/i0.wp.com\/www.shqiperia.com\/blog\/wp-content\/uploads\/2021\/10\/rama-basha-shtrengim-duarsh.jpg?fit=723%2C428&ssl=1&resize=700%2C400 2x"},"classes":[]},{"id":36186,"url":"https:\/\/www.shqiperia.com\/blog\/basha-zbulon-propozimin-e-rames-ti-kryeminister-une-president-vetem\/","url_meta":{"origin":34909,"position":3},"title":"Basha zbulon propozimin e\u00a0 Ram\u00ebs: Ti kryeminist\u00ebr, un\u00eb president vet\u00ebm&#8230;","author":"Kurt Farka","date":"July 10, 2020","format":false,"excerpt":"Basha zbulon propozimin e\u00a0 Ram\u00ebs: Ti kryeminist\u00ebr, un\u00eb president vet\u00ebm... 10 KORRIK 2020 Kryedemokrati Lulzim Basha ka zbuluar negociatat e fshehta mes PS-s\u00eb dhe PD-s\u00eb p\u00ebr reform\u00ebn zgjedhore. Basha deklaroi se p\u00ebrher\u00eb n\u00eb adres\u00eb t\u00eb tij kan\u00eb d\u00ebguar nd\u00ebrmjet\u00ebsuesit e emissar\u00ebt e tij p\u00ebr t\u00eb arritur nj\u00eb marr\u00ebveshje. \u201cPrej nj\u00eb\u2026","rel":"","context":"In &quot;Blogu i Udh\u00ebtarit&quot;","block_context":{"text":"Blogu i Udh\u00ebtarit","link":"https:\/\/www.shqiperia.com\/blog\/category\/blogu-i-udhetarit\/"},"img":{"alt_text":"","src":"https:\/\/i0.wp.com\/www.shqiperia.com\/blog\/wp-content\/uploads\/2020\/07\/640-0-5f086836c5672.jpg?fit=640%2C353&ssl=1&resize=350%2C200","width":350,"height":200,"srcset":"https:\/\/i0.wp.com\/www.shqiperia.com\/blog\/wp-content\/uploads\/2020\/07\/640-0-5f086836c5672.jpg?fit=640%2C353&ssl=1&resize=350%2C200 1x, https:\/\/i0.wp.com\/www.shqiperia.com\/blog\/wp-content\/uploads\/2020\/07\/640-0-5f086836c5672.jpg?fit=640%2C353&ssl=1&resize=525%2C300 1.5x"},"classes":[]},{"id":77974,"url":"https:\/\/www.shqiperia.com\/blog\/alibeaj-fshihet-perballe-demokrateve\/","url_meta":{"origin":34909,"position":4},"title":"Alibeaj fshihet p\u00ebrball\u00eb demokrat\u00ebve","author":"Kurt Farka","date":"February 6, 2024","format":false,"excerpt":"6 Shkurt 2024 Prej disa jav\u00ebsh tashm\u00eb, Lul Basha dhe Enkelejd Alibeaj kan\u00eb nisur nj\u00eb loj\u00eb t\u00eb pis\u00ebt me Reform\u00ebn Zgjedhore. Fillimisht Alibeaj u ul n\u00eb nj\u00eb tryez\u00eb me Damian Gjiknurin e PS-s\u00eb dhe m\u00eb pas Basha doli e g\u00ebnjeu publikisht duke th\u00ebn\u00eb se kjo gj\u00eb kishte ndodhur me nd\u00ebrmjet\u00ebsimin\u2026","rel":"","context":"In &quot;Blogu i Udh\u00ebtarit&quot;","block_context":{"text":"Blogu i Udh\u00ebtarit","link":"https:\/\/www.shqiperia.com\/blog\/category\/blogu-i-udhetarit\/"},"img":{"alt_text":"","src":"https:\/\/i0.wp.com\/www.shqiperia.com\/blog\/wp-content\/uploads\/2024\/02\/alibeaj-basha-bardhi-696x464-1.jpg?fit=532%2C438&ssl=1&resize=350%2C200","width":350,"height":200,"srcset":"https:\/\/i0.wp.com\/www.shqiperia.com\/blog\/wp-content\/uploads\/2024\/02\/alibeaj-basha-bardhi-696x464-1.jpg?fit=532%2C438&ssl=1&resize=350%2C200 1x, https:\/\/i0.wp.com\/www.shqiperia.com\/blog\/wp-content\/uploads\/2024\/02\/alibeaj-basha-bardhi-696x464-1.jpg?fit=532%2C438&ssl=1&resize=525%2C300 1.5x"},"classes":[]},{"id":30449,"url":"https:\/\/www.shqiperia.com\/blog\/rama-basha-drejt-qeverise-se-integrimit-pd-le-ne-balte-lsi-per-zyrtarizimin-e-koalicionit-ja-si-po-shkohet-te-skenari-i-2017\/","url_meta":{"origin":34909,"position":5},"title":"Rama-Basha drejt \u201cqeveris\u00eb s\u00eb integrimit\u201d, PD l\u00eb n\u00eb balt\u00eb LSI p\u00ebr zyrtarizimin e koalicionit, ja si po shkohet te skenari i 2017","author":"Kurt Farka","date":"January 18, 2020","format":false,"excerpt":"Rama-Basha drejt \u201cqeveris\u00eb s\u00eb integrimit\u201d, PD l\u00eb n\u00eb balt\u00eb LSI p\u00ebr zyrtarizimin e koalicionit, ja si po shkohet te skenari i 2017 NGA KLITI TOPALLI 18 JANAR 2020 Tryeza e dialogut p\u00ebr reform\u00ebn zgjedhore pritet t\u00eb prodhoj\u00eb surpriza. Ashtu si takimi Rama-Basha i 17 majit, edhe k\u00ebt\u00eb her\u00eb pal\u00ebt jan\u00eb\u2026","rel":"","context":"In &quot;Blogu i Udh\u00ebtarit&quot;","block_context":{"text":"Blogu i Udh\u00ebtarit","link":"https:\/\/www.shqiperia.com\/blog\/category\/blogu-i-udhetarit\/"},"img":{"alt_text":"","src":"https:\/\/i0.wp.com\/www.shqiperia.com\/blog\/wp-content\/uploads\/2020\/01\/800-0-5e22b148c9ead.jpg?fit=753%2C407&ssl=1&resize=350%2C200","width":350,"height":200,"srcset":"https:\/\/i0.wp.com\/www.shqiperia.com\/blog\/wp-content\/uploads\/2020\/01\/800-0-5e22b148c9ead.jpg?fit=753%2C407&ssl=1&resize=350%2C200 1x, https:\/\/i0.wp.com\/www.shqiperia.com\/blog\/wp-content\/uploads\/2020\/01\/800-0-5e22b148c9ead.jpg?fit=753%2C407&ssl=1&resize=525%2C300 1.5x, https:\/\/i0.wp.com\/www.shqiperia.com\/blog\/wp-content\/uploads\/2020\/01\/800-0-5e22b148c9ead.jpg?fit=753%2C407&ssl=1&resize=700%2C400 2x"},"classes":[]}],"_links":{"self":[{"href":"https:\/\/www.shqiperia.com\/blog\/wp-json\/wp\/v2\/posts\/34909","targetHints":{"allow":["GET"]}}],"collection":[{"href":"https:\/\/www.shqiperia.com\/blog\/wp-json\/wp\/v2\/posts"}],"about":[{"href":"https:\/\/www.shqiperia.com\/blog\/wp-json\/wp\/v2\/types\/post"}],"author":[{"embeddable":true,"href":"https:\/\/www.shqiperia.com\/blog\/wp-json\/wp\/v2\/users\/9"}],"replies":[{"embeddable":true,"href":"https:\/\/www.shqiperia.com\/blog\/wp-json\/wp\/v2\/comments?post=34909"}],"version-history":[{"count":2,"href":"https:\/\/www.shqiperia.com\/blog\/wp-json\/wp\/v2\/posts\/34909\/revisions"}],"predecessor-version":[{"id":34912,"href":"https:\/\/www.shqiperia.com\/blog\/wp-json\/wp\/v2\/posts\/34909\/revisions\/34912"}],"wp:featuredmedia":[{"embeddable":true,"href":"https:\/\/www.shqiperia.com\/blog\/wp-json\/wp\/v2\/media\/34910"}],"wp:attachment":[{"href":"https:\/\/www.shqiperia.com\/blog\/wp-json\/wp\/v2\/media?parent=34909"}],"wp:term":[{"taxonomy":"category","embeddable":true,"href":"https:\/\/www.shqiperia.com\/blog\/wp-json\/wp\/v2\/categories?post=34909"},{"taxonomy":"post_tag","embeddable":true,"href":"https:\/\/www.shqiperia.com\/blog\/wp-json\/wp\/v2\/tags?post=34909"}],"curies":[{"name":"wp","href":"https:\/\/api.w.org\/{rel}","templated":true}]}}