{"id":34848,"date":"2020-05-20T23:45:44","date_gmt":"2020-05-20T23:45:44","guid":{"rendered":"https:\/\/www.shqiperia.com\/blog\/?p=34848"},"modified":"2020-05-20T23:50:57","modified_gmt":"2020-05-20T23:50:57","slug":"kryemadhi-del-me-deklarate-te-forte-flet-per-nje-plan-te-erret-serb-qe-fshihet-pas-shembjes-se-teatrit","status":"publish","type":"post","link":"https:\/\/www.shqiperia.com\/blog\/kryemadhi-del-me-deklarate-te-forte-flet-per-nje-plan-te-erret-serb-qe-fshihet-pas-shembjes-se-teatrit\/","title":{"rendered":"Kryemadhi del me deklarat\u00eb t\u00eb fort\u00eb, flet p\u00ebr nj\u00eb plan t\u00eb err\u00ebt serb q\u00eb fshihet pas shembjes s\u00eb Teatrit"},"content":{"rendered":"<p><img data-recalc-dims=\"1\" loading=\"lazy\" decoding=\"async\" data-attachment-id=\"34851\" data-permalink=\"https:\/\/www.shqiperia.com\/blog\/kryemadhi-del-me-deklarate-te-forte-flet-per-nje-plan-te-erret-serb-qe-fshihet-pas-shembjes-se-teatrit\/kryemadhi-2\/\" data-orig-file=\"https:\/\/i0.wp.com\/www.shqiperia.com\/blog\/wp-content\/uploads\/2020\/05\/Kryemadhi-1.png?fit=745%2C437&amp;ssl=1\" data-orig-size=\"745,437\" data-comments-opened=\"1\" data-image-meta=\"{&quot;aperture&quot;:&quot;0&quot;,&quot;credit&quot;:&quot;&quot;,&quot;camera&quot;:&quot;&quot;,&quot;caption&quot;:&quot;&quot;,&quot;created_timestamp&quot;:&quot;0&quot;,&quot;copyright&quot;:&quot;&quot;,&quot;focal_length&quot;:&quot;0&quot;,&quot;iso&quot;:&quot;0&quot;,&quot;shutter_speed&quot;:&quot;0&quot;,&quot;title&quot;:&quot;&quot;,&quot;orientation&quot;:&quot;0&quot;}\" data-image-title=\"Kryemadhi\" data-image-description=\"\" data-image-caption=\"\" data-medium-file=\"https:\/\/i0.wp.com\/www.shqiperia.com\/blog\/wp-content\/uploads\/2020\/05\/Kryemadhi-1.png?fit=300%2C176&amp;ssl=1\" data-large-file=\"https:\/\/i0.wp.com\/www.shqiperia.com\/blog\/wp-content\/uploads\/2020\/05\/Kryemadhi-1.png?fit=745%2C437&amp;ssl=1\" class=\"alignnone  wp-image-34851\" alt=\"\" src=\"https:\/\/i0.wp.com\/www.shqiperia.com\/blog\/wp-content\/uploads\/2020\/05\/Kryemadhi-1.png?resize=566%2C332&#038;ssl=1\" width=\"566\" height=\"332\" srcset=\"https:\/\/i0.wp.com\/www.shqiperia.com\/blog\/wp-content\/uploads\/2020\/05\/Kryemadhi-1.png?resize=300%2C176&amp;ssl=1 300w, https:\/\/i0.wp.com\/www.shqiperia.com\/blog\/wp-content\/uploads\/2020\/05\/Kryemadhi-1.png?resize=450%2C264&amp;ssl=1 450w, https:\/\/i0.wp.com\/www.shqiperia.com\/blog\/wp-content\/uploads\/2020\/05\/Kryemadhi-1.png?resize=600%2C352&amp;ssl=1 600w, https:\/\/i0.wp.com\/www.shqiperia.com\/blog\/wp-content\/uploads\/2020\/05\/Kryemadhi-1.png?resize=400%2C235&amp;ssl=1 400w, https:\/\/i0.wp.com\/www.shqiperia.com\/blog\/wp-content\/uploads\/2020\/05\/Kryemadhi-1.png?w=745&amp;ssl=1 745w\" sizes=\"auto, (max-width: 566px) 100vw, 566px\" \/><\/p>\n<p>Kryemadhi del me deklarat\u00eb t\u00eb fort\u00eb, flet p\u00ebr nj\u00eb plan t\u00eb err\u00ebt serb q\u00eb fshihet pas shembjes s\u00eb Teatrit<\/p>\n<p>20 MAJ 2020<\/p>\n<p>Kryetarja e LSI-s\u00eb Monika Kryemadhi ka b\u00ebr\u00eb nj\u00eb deklarat\u00eb fort\u00eb, ku hodhi dyshimet se pas shembjes s\u00eb Teatrit Komb\u00ebtar mund t\u00eb fshihet nj\u00eb plan i err\u00ebt anti-shqiptar q\u00eb i ka rr\u00ebnj\u00ebt deri n\u00eb Beograd.<\/p>\n<p>Pjes\u00eb nga deklarata e Kryemadhit:<\/p>\n<p>I tha sot Xakja nj\u00eb Petro-Nins i vjet\u00ebr, q\u00eb s\u2019ke lexuar dot \u00c7ufon. Jo rast\u00ebsisht po ndodhin shum\u00eb gj\u00ebra n\u00eb Ballkan, jo rast\u00ebsisht kemi situat\u00ebn n\u00eb Kosov\u00eb. Jo rast\u00ebsisht kemi shqiptar\u00ebt n\u00eb Jugun e Serbis\u00eb q\u00eb kan\u00eb probleme t\u00eb m\u00ebdha me t\u00eb drejtat. Pra jo pa q\u00ebllim jan\u00eb disa l\u00ebvizje q\u00eb kan\u00eb filluar duke c\u00ebnuar kufijt\u00eb e Shqip\u00ebris\u00eb, pra eshtrat e Isa Boletinit shkojn\u00eb n\u00eb Serbi. Se shkon ky toni me harta. Jo rast\u00ebsisht jan\u00eb larguar 600 mij\u00eb t\u00eb rinj dhe t\u00eb reja n\u00eb vitet e fundit. Jo rast\u00ebsisht, pra \u00e7far\u00eb po ndodh? A mos i \u00ebsht\u00eb kthyer Serbia planit t\u00eb saj t\u00eb vitit 1980 p\u00ebr kthimin e tokave shqiptare n\u00eb toka sllave? Jo rast\u00ebsisht ky zot\u00ebria ka transformuar totalisht identitetin ton\u00eb komb\u00ebtar, Butrintin ky do ta mbush\u00eb me kioska me qofte. Teatri Komb\u00ebtar, kullat jan\u00eb parat\u00eb e drog\u00ebs q\u00eb do t\u00eb pastrohen, dhe n\u00ebp\u00ebrmjet parat\u00eb e drog\u00ebs blen goj\u00ebt q\u00eb dalin p\u00ebr t\u00eb th\u00ebn\u00eb q\u00eb t\u00eb prishet teatri. Ky zot\u00ebria mos kujto se ka hall kullat p\u00ebr veten e tij. Ky ka hall se u ka marr\u00eb parat\u00eb paradh\u00ebnie. Ky e ka patur n\u00eb program n\u00eb 2013-\u00ebn rikonstruksionin e plot\u00eb t\u00eb teatrit.<\/p>\n<p>Gazeta Sot<\/p>\n","protected":false},"excerpt":{"rendered":"<p>Kryemadhi del me deklarat\u00eb t\u00eb fort\u00eb, flet p\u00ebr nj\u00eb plan t\u00eb err\u00ebt serb q\u00eb fshihet pas shembjes s\u00eb Teatrit 20 MAJ 2020 Kryetarja e LSI-s\u00eb Monika Kryemadhi ka b\u00ebr\u00eb nj\u00eb deklarat\u00eb fort\u00eb, ku hodhi dyshimet se pas shembjes s\u00eb Teatrit Komb\u00ebtar mund t\u00eb fshihet nj\u00eb plan i err\u00ebt anti-shqiptar q\u00eb i ka rr\u00ebnj\u00ebt deri n\u00eb [&hellip;]<\/p>\n","protected":false},"author":9,"featured_media":34851,"comment_status":"open","ping_status":"open","sticky":false,"template":"","format":"standard","meta":{"jetpack_post_was_ever_published":false,"_jetpack_newsletter_access":"","_jetpack_dont_email_post_to_subs":false,"_jetpack_newsletter_tier_id":0,"_jetpack_memberships_contains_paywalled_content":false,"_jetpack_memberships_contains_paid_content":false,"footnotes":"","jetpack_publicize_message":"","jetpack_publicize_feature_enabled":true,"jetpack_social_post_already_shared":true,"jetpack_social_options":{"image_generator_settings":{"template":"highway","default_image_id":0,"font":"","enabled":false},"version":2}},"categories":[27,10,35],"tags":[],"class_list":["post-34848","post","type-post","status-publish","format-standard","has-post-thumbnail","hentry","category-blogu-i-udhetarit","category-kultura","category-shoqerore"],"jetpack_publicize_connections":[],"jetpack_featured_media_url":"https:\/\/i0.wp.com\/www.shqiperia.com\/blog\/wp-content\/uploads\/2020\/05\/Kryemadhi-1.png?fit=745%2C437&ssl=1","jetpack_sharing_enabled":true,"jetpack_shortlink":"https:\/\/wp.me\/p5Z6wp-944","jetpack-related-posts":[{"id":13754,"url":"https:\/\/www.shqiperia.com\/blog\/kryemadhi-nje-pergjim-skandaloz-ndodhet-ne-duart-e-opozites-do-te-jete-shkaterrues-per-qeverine-ku-rrezikohet-jo-vetem-politikisht-mazhoranca-por-edhe-koka-te-medha\/","url_meta":{"origin":34848,"position":0},"title":"Kryemadhi: -Nj\u00eb p\u00ebrgjim skandaloz  ndodhet n\u00eb duart e opozit\u00ebs, do t\u00eb jet\u00eb shkat\u00ebrrues p\u00ebr qeverin\u00eb, ku rrezikohet jo vet\u00ebm politikisht mazhoranca por edhe koka t\u00eb m\u00ebdha. &#8211;","author":"Kurt Farka","date":"November 16, 2018","format":false,"excerpt":"Kryemadhi: -Nj\u00eb p\u00ebrgjim skandaloz \u00a0ndodhet n\u00eb duart e opozit\u00ebs, do t\u00eb jet\u00eb shkat\u00ebrrues p\u00ebr qeverin\u00eb, ku rrezikohet jo vet\u00ebm politikisht mazhoranca por edhe koka t\u00eb m\u00ebdha. - \u00a0 Skandalet e fundit q\u00eb faktojn\u00eb p\u00ebrfshirjen e zyrtar\u00ebve qeveritar\u00eb n\u00eb vjedhjen e votave dhe bashk\u00ebpunimin me bandat e drog\u00ebs nuk i kan\u00eb\u2026","rel":"","context":"In &quot;Blogu i Udh\u00ebtarit&quot;","block_context":{"text":"Blogu i Udh\u00ebtarit","link":"https:\/\/www.shqiperia.com\/blog\/category\/blogu-i-udhetarit\/"},"img":{"alt_text":"","src":"https:\/\/i0.wp.com\/www.shqiperia.com\/blog\/wp-content\/uploads\/2018\/11\/monika-Kryemadhi-2.png?fit=627%2C319&ssl=1&resize=350%2C200","width":350,"height":200,"srcset":"https:\/\/i0.wp.com\/www.shqiperia.com\/blog\/wp-content\/uploads\/2018\/11\/monika-Kryemadhi-2.png?fit=627%2C319&ssl=1&resize=350%2C200 1x, https:\/\/i0.wp.com\/www.shqiperia.com\/blog\/wp-content\/uploads\/2018\/11\/monika-Kryemadhi-2.png?fit=627%2C319&ssl=1&resize=525%2C300 1.5x"},"classes":[]},{"id":45796,"url":"https:\/\/www.shqiperia.com\/blog\/monika-kryemadhi-kjo-eshte-gruaja-qe-do-zevendesoje-ramen-ne-krye-te-partise-socialiste-pas-25-prillit\/","url_meta":{"origin":34848,"position":1},"title":"Monika Kryemadhi: &#8211; Kjo \u00ebsht\u00eb gruaja q\u00eb do z\u00ebvend\u00ebsoj\u00eb Ram\u00ebn n\u00eb krye t\u00eb Partis\u00eb Socialiste pas 25 prillit!","author":"Kurt Farka","date":"March 26, 2021","format":false,"excerpt":"Monika Kryemadhi: - Kjo \u00ebsht\u00eb gruaja q\u00eb do z\u00ebvend\u00ebsoj\u00eb Ram\u00ebn n\u00eb krye t\u00eb Partis\u00eb Socialiste pas 25 prillit! 26 MARS 2021 Kryetarja e LSI-s\u00eb Monika Kryemadhi ka b\u00ebr\u00eb nj\u00eb deklarat\u00eb t\u00eb fort\u00eb duke treguar gruan q\u00eb do t\u00eb pasoj\u00eb kryeministrin Rama n\u00eb Partin\u00eb Socialiste. Kryemadhi deklaroi se pasardh\u00ebsja e Ram\u00ebs\u2026","rel":"","context":"In &quot;Blogu i Udh\u00ebtarit&quot;","block_context":{"text":"Blogu i Udh\u00ebtarit","link":"https:\/\/www.shqiperia.com\/blog\/category\/blogu-i-udhetarit\/"},"img":{"alt_text":"","src":"https:\/\/i0.wp.com\/www.shqiperia.com\/blog\/wp-content\/uploads\/2021\/03\/800-0-605d823fdf23d.jpg?fit=800%2C400&ssl=1&resize=350%2C200","width":350,"height":200,"srcset":"https:\/\/i0.wp.com\/www.shqiperia.com\/blog\/wp-content\/uploads\/2021\/03\/800-0-605d823fdf23d.jpg?fit=800%2C400&ssl=1&resize=350%2C200 1x, https:\/\/i0.wp.com\/www.shqiperia.com\/blog\/wp-content\/uploads\/2021\/03\/800-0-605d823fdf23d.jpg?fit=800%2C400&ssl=1&resize=525%2C300 1.5x, https:\/\/i0.wp.com\/www.shqiperia.com\/blog\/wp-content\/uploads\/2021\/03\/800-0-605d823fdf23d.jpg?fit=800%2C400&ssl=1&resize=700%2C400 2x"},"classes":[]},{"id":96787,"url":"https:\/\/www.shqiperia.com\/blog\/po-shitet-shqiperia-marin-mema-dhe-paralajmerimi-i-forte-per-skenarin-e-erret-qe-pret-vendin\/","url_meta":{"origin":34848,"position":2},"title":"Po shitet Shqip\u00ebria!&#8221; \u2013 Marin Mema dhe Paralajm\u00ebrimi i Fort\u00eb p\u00ebr Skenarin e Err\u00ebt q\u00eb Pret Vendin","author":"Kurt Farka","date":"January 21, 2026","format":false,"excerpt":"21 Janar 2026 N\u00eb peizazhin mediatik shqiptar, pak figura kan\u00eb arritur t\u00eb prekin nervin e ndjeshm\u00ebris\u00eb komb\u00ebtare ashtu si gazetari dhe studiuesi Marin Mema. Me nj\u00eb dedikim t\u00eb vazhduesh\u00ebm ndaj historis\u00eb dhe identitetit, deklaratat e tij shpesh sh\u00ebrbejn\u00eb si kambana alarmi. Titulli i fundit q\u00eb po qarkullon \u2013\u00a0\"Po shitet Shqip\u00ebria!\"\u00a0\u2013\u2026","rel":"","context":"In &quot;Blogu i Udh\u00ebtarit&quot;","block_context":{"text":"Blogu i Udh\u00ebtarit","link":"https:\/\/www.shqiperia.com\/blog\/category\/blogu-i-udhetarit\/"},"img":{"alt_text":"","src":"https:\/\/i0.wp.com\/www.shqiperia.com\/blog\/wp-content\/uploads\/2026\/01\/616144042_1297593492389202_8675926462053184695_n.jpg?fit=1200%2C812&ssl=1&resize=350%2C200","width":350,"height":200,"srcset":"https:\/\/i0.wp.com\/www.shqiperia.com\/blog\/wp-content\/uploads\/2026\/01\/616144042_1297593492389202_8675926462053184695_n.jpg?fit=1200%2C812&ssl=1&resize=350%2C200 1x, https:\/\/i0.wp.com\/www.shqiperia.com\/blog\/wp-content\/uploads\/2026\/01\/616144042_1297593492389202_8675926462053184695_n.jpg?fit=1200%2C812&ssl=1&resize=525%2C300 1.5x, https:\/\/i0.wp.com\/www.shqiperia.com\/blog\/wp-content\/uploads\/2026\/01\/616144042_1297593492389202_8675926462053184695_n.jpg?fit=1200%2C812&ssl=1&resize=700%2C400 2x, https:\/\/i0.wp.com\/www.shqiperia.com\/blog\/wp-content\/uploads\/2026\/01\/616144042_1297593492389202_8675926462053184695_n.jpg?fit=1200%2C812&ssl=1&resize=1050%2C600 3x"},"classes":[]},{"id":52934,"url":"https:\/\/www.shqiperia.com\/blog\/kush-fshihet-pas-portit-te-durresit-adriana-kalaja-flet-me-emra-kjo-eshte-afera-me-e-rende-per-shqiptaret\/","url_meta":{"origin":34848,"position":3},"title":"Kush fshihet pas portit t\u00eb Durr\u00ebsit? Adriana Kalaja flet me emra: Kjo \u00ebsht\u00eb afera m\u00eb e r\u00ebnd\u00eb p\u00ebr shqiptar\u00ebt","author":"Kurt Farka","date":"January 7, 2022","format":false,"excerpt":"Kush fshihet pas portit t\u00eb Durr\u00ebsit? Adriana Kalaja flet me emra: Kjo \u00ebsht\u00eb afera m\u00eb e r\u00ebnd\u00eb p\u00ebr shqiptar\u00ebt 5 JANAR 2022 Avokatja Adriana Kalaja, ka denoncuar mbr\u00ebmjen e sotme gjat\u00eb nj\u00eb interviste televizive mega-afer\u00ebn me portin e Durr\u00ebsit. Kalaja thot\u00eb se kjo \u00ebsht\u00eb afera me t\u00eb cil\u00ebn u shit\u00ebn\u2026","rel":"","context":"In &quot;Kultura&quot;","block_context":{"text":"Kultura","link":"https:\/\/www.shqiperia.com\/blog\/category\/kultura\/"},"img":{"alt_text":"","src":"https:\/\/i0.wp.com\/www.shqiperia.com\/blog\/wp-content\/uploads\/2022\/01\/800-0-61d608799825e-1.jpg?fit=800%2C502&ssl=1&resize=350%2C200","width":350,"height":200,"srcset":"https:\/\/i0.wp.com\/www.shqiperia.com\/blog\/wp-content\/uploads\/2022\/01\/800-0-61d608799825e-1.jpg?fit=800%2C502&ssl=1&resize=350%2C200 1x, https:\/\/i0.wp.com\/www.shqiperia.com\/blog\/wp-content\/uploads\/2022\/01\/800-0-61d608799825e-1.jpg?fit=800%2C502&ssl=1&resize=525%2C300 1.5x, https:\/\/i0.wp.com\/www.shqiperia.com\/blog\/wp-content\/uploads\/2022\/01\/800-0-61d608799825e-1.jpg?fit=800%2C502&ssl=1&resize=700%2C400 2x"},"classes":[]},{"id":34662,"url":"https:\/\/www.shqiperia.com\/blog\/monika-kryemadhi-po-guxoi-ta-shembe-teatrin-dhe-te-derdhi-pike-gjaku-do-paguhet-me-koken-e-edi-rames-dhe-erjon-veliajt\/","url_meta":{"origin":34848,"position":4},"title":"Monika Kryemadhi: &#8211; Po guxoi ta shemb\u00eb Teatrin dhe t\u00eb derdhi pik\u00eb gjaku, do paguhet me kok\u00ebn e Edi Ram\u00ebs dhe Erjon Veliajt","author":"Kurt Farka","date":"May 15, 2020","format":false,"excerpt":"Monika Kryemadhi: - Po guxoi ta shemb\u00eb Teatrin dhe t\u00eb derdhi pik\u00eb gjaku, do paguhet me kok\u00ebn e Edi Ram\u00ebs dhe Erjon Veliajt E habitshme se si nuk reagon prokuroria p\u00ebr t\u00eb hetuar fallsifikimin e madh t\u00eb kryer nga kryetari i k\u00ebshillit bashkiak q\u00eb ka firmosur vendim pa mbledhje, natyrisht\u2026","rel":"","context":"In &quot;Blogu i Udh\u00ebtarit&quot;","block_context":{"text":"Blogu i Udh\u00ebtarit","link":"https:\/\/www.shqiperia.com\/blog\/category\/blogu-i-udhetarit\/"},"img":{"alt_text":"","src":"https:\/\/i0.wp.com\/www.shqiperia.com\/blog\/wp-content\/uploads\/2020\/05\/800-0-5ebdb74ad9506.png?fit=800%2C456&ssl=1&resize=350%2C200","width":350,"height":200,"srcset":"https:\/\/i0.wp.com\/www.shqiperia.com\/blog\/wp-content\/uploads\/2020\/05\/800-0-5ebdb74ad9506.png?fit=800%2C456&ssl=1&resize=350%2C200 1x, https:\/\/i0.wp.com\/www.shqiperia.com\/blog\/wp-content\/uploads\/2020\/05\/800-0-5ebdb74ad9506.png?fit=800%2C456&ssl=1&resize=525%2C300 1.5x, https:\/\/i0.wp.com\/www.shqiperia.com\/blog\/wp-content\/uploads\/2020\/05\/800-0-5ebdb74ad9506.png?fit=800%2C456&ssl=1&resize=700%2C400 2x"},"classes":[]},{"id":28943,"url":"https:\/\/www.shqiperia.com\/blog\/gruaja-ndertoi-hotelin-qe-u-shkaterrua-nga-termeti-ne-durres-me-dy-kate-shtese-burri-e-kolaudoi-cfare-fshihet-pas-shembjes-se-palmes\/","url_meta":{"origin":34848,"position":5},"title":"Gruaja nd\u00ebrtoi hotelin q\u00eb u shkat\u00ebrrua nga t\u00ebrmeti n\u00eb Durr\u00ebs me dy kate shtes\u00eb, burri e kolaudoi! \u00c7far\u00eb fshihet pas shembjes s\u00eb \u201cPalm\u00ebs\u201d? &#8211;","author":"Kurt Farka","date":"December 5, 2019","format":false,"excerpt":"Gruaja nd\u00ebrtoi hotelin q\u00eb u shkat\u00ebrrua nga t\u00ebrmeti n\u00eb Durr\u00ebs me dy kate shtes\u00eb, burri e kolaudoi! \u00c7far\u00eb fshihet pas shembjes s\u00eb \u201cPalm\u00ebs\u201d? - 3 dhjetor 2019 T\u00ebrmeti shkat\u00ebrrimtar q\u00eb goditi vendin ton\u00eb m\u00ebngjesin e t\u00eb mart\u00ebs p\u00ebrve\u00e7 humbjes s\u00eb jet\u00ebve, la pas edhe shum\u00eb godina t\u00eb shembura dhe objekte\u2026","rel":"","context":"In &quot;Blogu i Udh\u00ebtarit&quot;","block_context":{"text":"Blogu i Udh\u00ebtarit","link":"https:\/\/www.shqiperia.com\/blog\/category\/blogu-i-udhetarit\/"},"img":{"alt_text":"","src":"https:\/\/i0.wp.com\/www.shqiperia.com\/blog\/wp-content\/uploads\/2019\/12\/Still1203_00022.jpg?fit=850%2C478&ssl=1&resize=350%2C200","width":350,"height":200,"srcset":"https:\/\/i0.wp.com\/www.shqiperia.com\/blog\/wp-content\/uploads\/2019\/12\/Still1203_00022.jpg?fit=850%2C478&ssl=1&resize=350%2C200 1x, https:\/\/i0.wp.com\/www.shqiperia.com\/blog\/wp-content\/uploads\/2019\/12\/Still1203_00022.jpg?fit=850%2C478&ssl=1&resize=525%2C300 1.5x, https:\/\/i0.wp.com\/www.shqiperia.com\/blog\/wp-content\/uploads\/2019\/12\/Still1203_00022.jpg?fit=850%2C478&ssl=1&resize=700%2C400 2x"},"classes":[]}],"_links":{"self":[{"href":"https:\/\/www.shqiperia.com\/blog\/wp-json\/wp\/v2\/posts\/34848","targetHints":{"allow":["GET"]}}],"collection":[{"href":"https:\/\/www.shqiperia.com\/blog\/wp-json\/wp\/v2\/posts"}],"about":[{"href":"https:\/\/www.shqiperia.com\/blog\/wp-json\/wp\/v2\/types\/post"}],"author":[{"embeddable":true,"href":"https:\/\/www.shqiperia.com\/blog\/wp-json\/wp\/v2\/users\/9"}],"replies":[{"embeddable":true,"href":"https:\/\/www.shqiperia.com\/blog\/wp-json\/wp\/v2\/comments?post=34848"}],"version-history":[{"count":2,"href":"https:\/\/www.shqiperia.com\/blog\/wp-json\/wp\/v2\/posts\/34848\/revisions"}],"predecessor-version":[{"id":34852,"href":"https:\/\/www.shqiperia.com\/blog\/wp-json\/wp\/v2\/posts\/34848\/revisions\/34852"}],"wp:featuredmedia":[{"embeddable":true,"href":"https:\/\/www.shqiperia.com\/blog\/wp-json\/wp\/v2\/media\/34851"}],"wp:attachment":[{"href":"https:\/\/www.shqiperia.com\/blog\/wp-json\/wp\/v2\/media?parent=34848"}],"wp:term":[{"taxonomy":"category","embeddable":true,"href":"https:\/\/www.shqiperia.com\/blog\/wp-json\/wp\/v2\/categories?post=34848"},{"taxonomy":"post_tag","embeddable":true,"href":"https:\/\/www.shqiperia.com\/blog\/wp-json\/wp\/v2\/tags?post=34848"}],"curies":[{"name":"wp","href":"https:\/\/api.w.org\/{rel}","templated":true}]}}