{"id":34844,"date":"2020-05-20T18:42:42","date_gmt":"2020-05-20T18:42:42","guid":{"rendered":"https:\/\/www.shqiperia.com\/blog\/?p=34844"},"modified":"2020-05-21T00:19:58","modified_gmt":"2020-05-21T00:19:58","slug":"53-monumente-kulture-te-demtuara-nga-termeti-por-ministerja-e-kultures-thote-duhet-te-shkaterrojme-teatrin-qe-te-kerkojme-para-per-cilin-cilet-emrat-dihen","status":"publish","type":"post","link":"https:\/\/www.shqiperia.com\/blog\/53-monumente-kulture-te-demtuara-nga-termeti-por-ministerja-e-kultures-thote-duhet-te-shkaterrojme-teatrin-qe-te-kerkojme-para-per-cilin-cilet-emrat-dihen\/","title":{"rendered":"53 monumente kulture t\u00eb d\u00ebmtuara nga t\u00ebrmeti por Ministerja e Kultures thote duhet te shkaterrojme Teatrin qe te kerkojme para per cilin (cilet) .. Emrat dihen\u2026."},"content":{"rendered":"<p><img data-recalc-dims=\"1\" loading=\"lazy\" decoding=\"async\" data-attachment-id=\"34845\" data-permalink=\"https:\/\/www.shqiperia.com\/blog\/53-monumente-kulture-te-demtuara-nga-termeti-por-ministerja-e-kultures-thote-duhet-te-shkaterrojme-teatrin-qe-te-kerkojme-para-per-cilin-cilet-emrat-dihen\/78543659_1560893947401522_7986777276467380224_n-1\/\" data-orig-file=\"https:\/\/i0.wp.com\/www.shqiperia.com\/blog\/wp-content\/uploads\/2020\/05\/78543659_1560893947401522_7986777276467380224_n-1.jpg?fit=728%2C430&amp;ssl=1\" data-orig-size=\"728,430\" data-comments-opened=\"1\" data-image-meta=\"{&quot;aperture&quot;:&quot;0&quot;,&quot;credit&quot;:&quot;&quot;,&quot;camera&quot;:&quot;&quot;,&quot;caption&quot;:&quot;&quot;,&quot;created_timestamp&quot;:&quot;0&quot;,&quot;copyright&quot;:&quot;&quot;,&quot;focal_length&quot;:&quot;0&quot;,&quot;iso&quot;:&quot;0&quot;,&quot;shutter_speed&quot;:&quot;0&quot;,&quot;title&quot;:&quot;&quot;,&quot;orientation&quot;:&quot;0&quot;}\" data-image-title=\"78543659_1560893947401522_7986777276467380224_n (1)\" data-image-description=\"\" data-image-caption=\"\" data-medium-file=\"https:\/\/i0.wp.com\/www.shqiperia.com\/blog\/wp-content\/uploads\/2020\/05\/78543659_1560893947401522_7986777276467380224_n-1.jpg?fit=300%2C177&amp;ssl=1\" data-large-file=\"https:\/\/i0.wp.com\/www.shqiperia.com\/blog\/wp-content\/uploads\/2020\/05\/78543659_1560893947401522_7986777276467380224_n-1.jpg?fit=728%2C430&amp;ssl=1\" class=\"alignnone wp-image-34845\" alt=\"\" src=\"https:\/\/i0.wp.com\/www.shqiperia.com\/blog\/wp-content\/uploads\/2020\/05\/78543659_1560893947401522_7986777276467380224_n-1.jpg?resize=514%2C303&#038;ssl=1\" width=\"514\" height=\"303\" srcset=\"https:\/\/i0.wp.com\/www.shqiperia.com\/blog\/wp-content\/uploads\/2020\/05\/78543659_1560893947401522_7986777276467380224_n-1.jpg?resize=300%2C177&amp;ssl=1 300w, https:\/\/i0.wp.com\/www.shqiperia.com\/blog\/wp-content\/uploads\/2020\/05\/78543659_1560893947401522_7986777276467380224_n-1.jpg?resize=450%2C266&amp;ssl=1 450w, https:\/\/i0.wp.com\/www.shqiperia.com\/blog\/wp-content\/uploads\/2020\/05\/78543659_1560893947401522_7986777276467380224_n-1.jpg?resize=600%2C354&amp;ssl=1 600w, https:\/\/i0.wp.com\/www.shqiperia.com\/blog\/wp-content\/uploads\/2020\/05\/78543659_1560893947401522_7986777276467380224_n-1.jpg?resize=400%2C236&amp;ssl=1 400w, https:\/\/i0.wp.com\/www.shqiperia.com\/blog\/wp-content\/uploads\/2020\/05\/78543659_1560893947401522_7986777276467380224_n-1.jpg?w=728&amp;ssl=1 728w\" sizes=\"auto, (max-width: 514px) 100vw, 514px\" \/><\/p>\n<p><strong>53 monumente kulture t\u00eb d\u00ebmtuara nga t\u00ebrmeti por<\/strong> Ministerja e Kultures thote duhet te shkaterrojme Teatrin qe te kerkojme para per\u00a0 .. Emrat dihen\u2026.<\/p>\n<p>Ministria e Kultures ne vend qe te merret me pune, Krijon germadha, me votimin e Zv.Ministrave dhe antare bordesh me 3-4 rroga nga buxheti i shtetit\u2026.<\/p>\n<p>Ja Lista e Demtimeve te nga termeti i vitit te kaluar:<\/p>\n<p><strong>53 monumente kulture t\u00eb d\u00ebmtuara nga t\u00ebrmeti, 23 me risk t\u00eb lart\u00eb! Margariti: V\u00ebshtir\u00eb kthimi i tyre n\u00eb origjinalitet (RAPORTI)<\/strong><\/p>\n<p><em>Dy muaj me vone nga 26 n\u00ebntori, Ministria e Kultur\u00ebs ka publikuar nj\u00eb raport mbi situat\u00ebn n\u00eb t\u00eb cil\u00ebn ndodhen monumentet Kulturore, pas asaj l\u00ebkundje tragjike.<\/em><\/p>\n<p><strong>RAPORTI,\u00a0 <\/strong>11 Shkurt 2020<\/p>\n<p><strong>TIRAN\u00cb<\/strong>\u2013 Kur kan\u00eb kaluar m\u00eb shum\u00eb se dy muaj nga t\u00ebrmeti i 26 n\u00ebntorit, Ministria e Kultur\u00ebs ka publikuar nj\u00eb raport mbi situat\u00ebn n\u00eb t\u00eb cil\u00ebn ndodhen monumentet Kulturore, pas asaj l\u00ebkundje tragjike. N\u00eb raport, evidentohet se 23 monumente kan\u00eb dal\u00eb jasht\u00eb p\u00ebrdorimit, 30 prej tyre jan\u00eb pjes\u00ebrisht t\u00eb p\u00ebrdorshme dhe 48 prej tyre nuk kan\u00eb pasur problem. K\u00ebto monumente ndodhen n\u00eb zonat e prekura nga t\u00ebrmeti 6.4 ball\u00eb.<\/p>\n<p>N\u00eb Komisionin e Medias, ministrja e Kultur\u00ebs p\u00ebr d\u00ebmet e t\u00ebrmetit n\u00eb monumentet e kultur\u00ebs,\u00a0<strong>Elva Margariti raportoi se nga 216 objekte t\u00eb trash\u00ebgimis\u00eb<\/strong>, t\u00eb cilat jan\u00eb inspektuar pas t\u00ebrmetit, rreth 30 me risk t\u00eb lart\u00eb. P\u00ebr\u00a0<strong>rikuperimin e tyre 707 mln lek\u00eb.<\/strong>\u00a0M\u00eb rrezikuarat, kulla e Kruj\u00ebs, e cila \u00ebsht\u00eb rrethuar dhe ka vendosur tabela parandaluese. Si nj\u00eb mas\u00eb e marr\u00eb nga ministria, jan\u00eb mbyllur muzet\u00eb edhe sitet ku Instituti i Monumenteve t\u00eb Kultur\u00ebs dhe ai i Nd\u00ebrtimit pan\u00eb domosdoshm\u00ebri p\u00ebr riparimin e d\u00ebmeve.<\/p>\n<p>Margariti b\u00ebri me dije se \u00ebsht\u00eb e v\u00ebshtir\u00eb kthimi i tyre n\u00eb origjinalitet.<\/p>\n<div id=\"attachment_34846\" style=\"width: 800px\" class=\"wp-caption alignnone\"><img data-recalc-dims=\"1\" loading=\"lazy\" decoding=\"async\" aria-describedby=\"caption-attachment-34846\" data-attachment-id=\"34846\" data-permalink=\"https:\/\/www.shqiperia.com\/blog\/53-monumente-kulture-te-demtuara-nga-termeti-por-ministerja-e-kultures-thote-duhet-te-shkaterrojme-teatrin-qe-te-kerkojme-para-per-cilin-cilet-emrat-dihen\/demtime-ne-kalane-e-krujes-2\/\" data-orig-file=\"https:\/\/i0.wp.com\/www.shqiperia.com\/blog\/wp-content\/uploads\/2020\/05\/Demtime-ne-Kalane-e-Krujes.-1.jpg?fit=780%2C440&amp;ssl=1\" data-orig-size=\"780,440\" data-comments-opened=\"1\" data-image-meta=\"{&quot;aperture&quot;:&quot;0&quot;,&quot;credit&quot;:&quot;&quot;,&quot;camera&quot;:&quot;&quot;,&quot;caption&quot;:&quot;&quot;,&quot;created_timestamp&quot;:&quot;0&quot;,&quot;copyright&quot;:&quot;&quot;,&quot;focal_length&quot;:&quot;0&quot;,&quot;iso&quot;:&quot;0&quot;,&quot;shutter_speed&quot;:&quot;0&quot;,&quot;title&quot;:&quot;&quot;,&quot;orientation&quot;:&quot;0&quot;}\" data-image-title=\"Demtime-ne-Kalane-e-Krujes.\" data-image-description=\"\" data-image-caption=\"&lt;p&gt;Demtime-ne-Kalane-e-Krujes.&lt;\/p&gt;\n\" data-medium-file=\"https:\/\/i0.wp.com\/www.shqiperia.com\/blog\/wp-content\/uploads\/2020\/05\/Demtime-ne-Kalane-e-Krujes.-1.jpg?fit=300%2C169&amp;ssl=1\" data-large-file=\"https:\/\/i0.wp.com\/www.shqiperia.com\/blog\/wp-content\/uploads\/2020\/05\/Demtime-ne-Kalane-e-Krujes.-1.jpg?fit=780%2C440&amp;ssl=1\" class=\" wp-image-34846\" alt=\"\" src=\"https:\/\/i0.wp.com\/www.shqiperia.com\/blog\/wp-content\/uploads\/2020\/05\/Demtime-ne-Kalane-e-Krujes.-1.jpg?resize=790%2C445&#038;ssl=1\" width=\"790\" height=\"445\" srcset=\"https:\/\/i0.wp.com\/www.shqiperia.com\/blog\/wp-content\/uploads\/2020\/05\/Demtime-ne-Kalane-e-Krujes.-1.jpg?resize=300%2C169&amp;ssl=1 300w, https:\/\/i0.wp.com\/www.shqiperia.com\/blog\/wp-content\/uploads\/2020\/05\/Demtime-ne-Kalane-e-Krujes.-1.jpg?resize=768%2C433&amp;ssl=1 768w, https:\/\/i0.wp.com\/www.shqiperia.com\/blog\/wp-content\/uploads\/2020\/05\/Demtime-ne-Kalane-e-Krujes.-1.jpg?resize=450%2C254&amp;ssl=1 450w, https:\/\/i0.wp.com\/www.shqiperia.com\/blog\/wp-content\/uploads\/2020\/05\/Demtime-ne-Kalane-e-Krujes.-1.jpg?resize=600%2C338&amp;ssl=1 600w, https:\/\/i0.wp.com\/www.shqiperia.com\/blog\/wp-content\/uploads\/2020\/05\/Demtime-ne-Kalane-e-Krujes.-1.jpg?resize=400%2C226&amp;ssl=1 400w, https:\/\/i0.wp.com\/www.shqiperia.com\/blog\/wp-content\/uploads\/2020\/05\/Demtime-ne-Kalane-e-Krujes.-1.jpg?w=780&amp;ssl=1 780w\" sizes=\"auto, (max-width: 790px) 100vw, 790px\" \/><p id=\"caption-attachment-34846\" class=\"wp-caption-text\">Demtime-ne-Kalane-e-Krujes.<\/p><\/div>\n<p>Gazeta Shqiptarja. Com<\/p>\n","protected":false},"excerpt":{"rendered":"<p>53 monumente kulture t\u00eb d\u00ebmtuara nga t\u00ebrmeti por Ministerja e Kultures thote duhet te shkaterrojme Teatrin qe te kerkojme para per\u00a0 .. Emrat dihen\u2026. Ministria e Kultures ne vend qe te merret me pune, Krijon germadha, me votimin e Zv.Ministrave dhe antare bordesh me 3-4 rroga nga buxheti i shtetit\u2026. Ja Lista e Demtimeve te [&hellip;]<\/p>\n","protected":false},"author":9,"featured_media":34845,"comment_status":"open","ping_status":"open","sticky":false,"template":"","format":"standard","meta":{"jetpack_post_was_ever_published":false,"_jetpack_newsletter_access":"","_jetpack_dont_email_post_to_subs":false,"_jetpack_newsletter_tier_id":0,"_jetpack_memberships_contains_paywalled_content":false,"_jetpack_memberships_contains_paid_content":false,"footnotes":"","jetpack_publicize_message":"","jetpack_publicize_feature_enabled":true,"jetpack_social_post_already_shared":true,"jetpack_social_options":{"image_generator_settings":{"template":"highway","default_image_id":0,"font":"","enabled":false},"version":2}},"categories":[85,2,86],"tags":[],"class_list":["post-34844","post","type-post","status-publish","format-standard","has-post-thumbnail","hentry","category-histori","category-politika","category-trashegimi-kulturore"],"jetpack_publicize_connections":[],"jetpack_featured_media_url":"https:\/\/i0.wp.com\/www.shqiperia.com\/blog\/wp-content\/uploads\/2020\/05\/78543659_1560893947401522_7986777276467380224_n-1.jpg?fit=728%2C430&ssl=1","jetpack_sharing_enabled":true,"jetpack_shortlink":"https:\/\/wp.me\/p5Z6wp-940","jetpack-related-posts":[{"id":34839,"url":"https:\/\/www.shqiperia.com\/blog\/53-monumente-kulture-te-demtuara-nga-termeti-por-ministerja-e-kultures-duhet-thote-duhet-te-shkaterrojme-teatrin-qe-te-kerkojme-para-per-cilin-cilet-emrat-dihen\/","url_meta":{"origin":34844,"position":0},"title":"53 monumente kulture t\u00eb d\u00ebmtuara nga t\u00ebrmeti por Ministerja e Kultures duhet thote duhet te shkaterrojme Teatrin qe te kerkojme para per cilin (cilet) .. Emrat dihen&#8230;.","author":"Kurt Farka","date":"May 20, 2020","format":false,"excerpt":"53 monumente kulture t\u00eb d\u00ebmtuara nga t\u00ebrmeti por Ministerja e Kultures duhet thote duhet te shkaterrojme Teatrin qe te kerkojme para per cilin (cilet) .. Emrat dihen.... Ministria e Kultures ne vend qe te merret me pune, Krijon germadha, me votimin e Zv.Ministrave dhe antare bordesh me 3-4 rroga nga\u2026","rel":"","context":"In &quot;Politika&quot;","block_context":{"text":"Politika","link":"https:\/\/www.shqiperia.com\/blog\/category\/politika\/"},"img":{"alt_text":"","src":"https:\/\/i0.wp.com\/www.shqiperia.com\/blog\/wp-content\/uploads\/2020\/05\/78543659_1560893947401522_7986777276467380224_n.jpg?fit=728%2C430&ssl=1&resize=350%2C200","width":350,"height":200,"srcset":"https:\/\/i0.wp.com\/www.shqiperia.com\/blog\/wp-content\/uploads\/2020\/05\/78543659_1560893947401522_7986777276467380224_n.jpg?fit=728%2C430&ssl=1&resize=350%2C200 1x, https:\/\/i0.wp.com\/www.shqiperia.com\/blog\/wp-content\/uploads\/2020\/05\/78543659_1560893947401522_7986777276467380224_n.jpg?fit=728%2C430&ssl=1&resize=525%2C300 1.5x, https:\/\/i0.wp.com\/www.shqiperia.com\/blog\/wp-content\/uploads\/2020\/05\/78543659_1560893947401522_7986777276467380224_n.jpg?fit=728%2C430&ssl=1&resize=700%2C400 2x"},"classes":[]},{"id":31497,"url":"https:\/\/www.shqiperia.com\/blog\/23-monumente-te-demtuara-rende-kostoja-mbi-5-milione-euro\/","url_meta":{"origin":34844,"position":1},"title":"\u201c23 monumente t\u00eb d\u00ebmtuara r\u00ebnd\u00eb, kostoja mbi 5 milion\u00eb euro\u201d","author":"Kurt Farka","date":"February 14, 2020","format":false,"excerpt":"\u201c23 monumente t\u00eb d\u00ebmtuara r\u00ebnd\u00eb, kostoja mbi 5 milion\u00eb euro\u201d - 12.02.20 Nga Fatmira Nikolli\u00a0 \u2013\u00a0Nga 260 monumente kulture t\u00eb inspektuara pas t\u00ebrmetit, prej t\u00eb cilave 111 objekte n\u00eb zon\u00ebn m\u00eb t\u00eb prekur nga t\u00ebrmeti, \u00ebsht\u00eb arritur n\u00eb p\u00ebrfundimin se 23 monumente jan\u00eb n\u00eb rrezikshm\u00ebri t\u00eb lart\u00eb (t\u00eb pap\u00ebrdorshme Grada\u2026","rel":"","context":"In &quot;Histori&quot;","block_context":{"text":"Histori","link":"https:\/\/www.shqiperia.com\/blog\/category\/histori\/"},"img":{"alt_text":"","src":"https:\/\/i0.wp.com\/www.shqiperia.com\/blog\/wp-content\/uploads\/2020\/02\/Monumentet-pas-t%C3%ABrmetit.jpg?fit=728%2C430&ssl=1&resize=350%2C200","width":350,"height":200,"srcset":"https:\/\/i0.wp.com\/www.shqiperia.com\/blog\/wp-content\/uploads\/2020\/02\/Monumentet-pas-t%C3%ABrmetit.jpg?fit=728%2C430&ssl=1&resize=350%2C200 1x, https:\/\/i0.wp.com\/www.shqiperia.com\/blog\/wp-content\/uploads\/2020\/02\/Monumentet-pas-t%C3%ABrmetit.jpg?fit=728%2C430&ssl=1&resize=525%2C300 1.5x, https:\/\/i0.wp.com\/www.shqiperia.com\/blog\/wp-content\/uploads\/2020\/02\/Monumentet-pas-t%C3%ABrmetit.jpg?fit=728%2C430&ssl=1&resize=700%2C400 2x"},"classes":[]},{"id":37229,"url":"https:\/\/www.shqiperia.com\/blog\/nderkohe-qe-shqiperia-i-shkaterron-ke-jep-miliona-euro-per-monumentet-e-demtuara-nga-termeti\/","url_meta":{"origin":34844,"position":2},"title":"Nd\u00ebrkoh\u00eb q\u00eb Shqip\u00ebria i shkat\u00ebrron, KE jep miliona euro p\u00ebr monumentet e d\u00ebmtuara nga t\u00ebrmeti","author":"Kurt Farka","date":"August 15, 2020","format":false,"excerpt":"Nd\u00ebrkoh\u00eb q\u00eb Shqip\u00ebria i shkat\u00ebrron, KE jep miliona euro p\u00ebr monumentet e d\u00ebmtuara nga t\u00ebrmeti Nga\u00a0Lorena Resulaj Kala, monumente, muze dhe site arkeologjike u d\u00ebmtuan r\u00ebnd\u00eb pas t\u00ebrmetit t\u00eb 26 n\u00ebntorit. Komisioni Europian do i vij\u00eb n\u00eb ndihm\u00eb Shqip\u00ebris\u00eb p\u00ebr restaurimin e tyre me nj\u00eb fond prej 50 milion\u00eb eurosh.\u2026","rel":"","context":"In &quot;Histori&quot;","block_context":{"text":"Histori","link":"https:\/\/www.shqiperia.com\/blog\/category\/histori\/"},"img":{"alt_text":"","src":"https:\/\/i0.wp.com\/www.shqiperia.com\/blog\/wp-content\/uploads\/2020\/08\/termet.jpg?fit=861%2C463&ssl=1&resize=350%2C200","width":350,"height":200,"srcset":"https:\/\/i0.wp.com\/www.shqiperia.com\/blog\/wp-content\/uploads\/2020\/08\/termet.jpg?fit=861%2C463&ssl=1&resize=350%2C200 1x, https:\/\/i0.wp.com\/www.shqiperia.com\/blog\/wp-content\/uploads\/2020\/08\/termet.jpg?fit=861%2C463&ssl=1&resize=525%2C300 1.5x, https:\/\/i0.wp.com\/www.shqiperia.com\/blog\/wp-content\/uploads\/2020\/08\/termet.jpg?fit=861%2C463&ssl=1&resize=700%2C400 2x"},"classes":[]},{"id":31901,"url":"https:\/\/www.shqiperia.com\/blog\/demet-ne-monumente-eksperte-shqiptare-dhe-te-huaj-do-te-hartojne-projektet\/","url_meta":{"origin":34844,"position":3},"title":"D\u00ebmet n\u00eb monumente, ekspert\u00eb shqiptar\u00eb dhe t\u00eb huaj do t\u00eb hartojn\u00eb projektet","author":"Kurt Farka","date":"February 29, 2020","format":false,"excerpt":"D\u00ebmet n\u00eb monumente, ekspert\u00eb shqiptar\u00eb dhe t\u00eb huaj do t\u00eb hartojn\u00eb projektet 29 SHKURT 2020 T\u00ebrmeti i 26 n\u00ebntorit n\u00eb vendin ton\u00eb d\u00ebmtoi edhe monumentet e kultur\u00ebs n\u00eb vend. Gjat\u00eb k\u00ebsaj kohe Ministria e Kultur\u00ebs ngriti ekipe pune s\u00eb bashku me specialist\u00ebt shqiptar\u00eb dhe t\u00eb huaj, ku prej disa jav\u00ebsh\u2026","rel":"","context":"In &quot;Histori&quot;","block_context":{"text":"Histori","link":"https:\/\/www.shqiperia.com\/blog\/category\/histori\/"},"img":{"alt_text":"","src":"https:\/\/i0.wp.com\/www.shqiperia.com\/blog\/wp-content\/uploads\/2020\/02\/Kulla-e-Kalase-se-Krujes-Copy.jpg?fit=800%2C399&ssl=1&resize=350%2C200","width":350,"height":200,"srcset":"https:\/\/i0.wp.com\/www.shqiperia.com\/blog\/wp-content\/uploads\/2020\/02\/Kulla-e-Kalase-se-Krujes-Copy.jpg?fit=800%2C399&ssl=1&resize=350%2C200 1x, https:\/\/i0.wp.com\/www.shqiperia.com\/blog\/wp-content\/uploads\/2020\/02\/Kulla-e-Kalase-se-Krujes-Copy.jpg?fit=800%2C399&ssl=1&resize=525%2C300 1.5x, https:\/\/i0.wp.com\/www.shqiperia.com\/blog\/wp-content\/uploads\/2020\/02\/Kulla-e-Kalase-se-Krujes-Copy.jpg?fit=800%2C399&ssl=1&resize=700%2C400 2x"},"classes":[]},{"id":63718,"url":"https:\/\/www.shqiperia.com\/blog\/122-monumente-kulture-nuk-ekzistojne-dhe-po-kaq-jane-shkaterruar-plotesisht\/","url_meta":{"origin":34844,"position":4},"title":"122 Monumente Kulture nuk ekzistojn\u00eb dhe po kaq jan\u00eb shkat\u00ebrruar plot\u00ebsisht","author":"Kurt Farka","date":"October 28, 2022","format":false,"excerpt":"28 Tetor 2022 T\u00eb pakt\u00ebn 122 monumente nuk ekzistojn\u00eb m\u00eb n\u00eb vendin ton\u00eb dhe po kaq \u00ebsht\u00eb numri i atyre q\u00eb jan\u00eb shkat\u00ebrruar plot\u00ebsisht. Nj\u00eb raport auditimi i Kontrollit t\u00eb Lart\u00eb t\u00eb Shtetit me tematik\u00ebn e menaxhimit t\u00eb monumenteve t\u00eb kultur\u00ebs ndalet pik\u00ebrisht n\u00eb k\u00ebt\u00eb aspekt, duke v\u00ebn\u00eb theksin te\u2026","rel":"","context":"In &quot;Arte&quot;","block_context":{"text":"Arte","link":"https:\/\/www.shqiperia.com\/blog\/category\/arte\/"},"img":{"alt_text":"","src":"https:\/\/i0.wp.com\/www.shqiperia.com\/blog\/wp-content\/uploads\/2022\/10\/Foto-Ilustruese-Dy-TEZET-e-Mnistrise-se-Kulture.jpg?fit=1200%2C635&ssl=1&resize=350%2C200","width":350,"height":200,"srcset":"https:\/\/i0.wp.com\/www.shqiperia.com\/blog\/wp-content\/uploads\/2022\/10\/Foto-Ilustruese-Dy-TEZET-e-Mnistrise-se-Kulture.jpg?fit=1200%2C635&ssl=1&resize=350%2C200 1x, https:\/\/i0.wp.com\/www.shqiperia.com\/blog\/wp-content\/uploads\/2022\/10\/Foto-Ilustruese-Dy-TEZET-e-Mnistrise-se-Kulture.jpg?fit=1200%2C635&ssl=1&resize=525%2C300 1.5x, https:\/\/i0.wp.com\/www.shqiperia.com\/blog\/wp-content\/uploads\/2022\/10\/Foto-Ilustruese-Dy-TEZET-e-Mnistrise-se-Kulture.jpg?fit=1200%2C635&ssl=1&resize=700%2C400 2x, https:\/\/i0.wp.com\/www.shqiperia.com\/blog\/wp-content\/uploads\/2022\/10\/Foto-Ilustruese-Dy-TEZET-e-Mnistrise-se-Kulture.jpg?fit=1200%2C635&ssl=1&resize=1050%2C600 3x"},"classes":[]},{"id":9534,"url":"https:\/\/www.shqiperia.com\/blog\/berati-10-vjet-ne-unesco-specialistet-kumbaro-tregon-fasadat-ne-facebook-ne-monumente-nje-makabritet\/","url_meta":{"origin":34844,"position":5},"title":"Berati 10 vjet n\u00eb UNESCO, specialist\u00ebt: -Kumbaro tregon fasadat n\u00eb Facebook, n\u00eb monumente nj\u00eb makabritet. &#8211;","author":"Kurt Farka","date":"July 10, 2018","format":false,"excerpt":"Berati 10 vjet n\u00eb UNESCO, specialist\u00ebt: -Kumbaro tregon fasadat n\u00eb Facebook, n\u00eb monumente nj\u00eb makabritet. - Berati dhjet\u00eb vjet n\u00eb UNESCO, specialist\u00ebt e trash\u00ebgimis\u00eb pohojn\u00eb gjendja n\u00eb qendr\u00ebn historike l\u00eb p\u00ebr t\u00eb d\u00ebshiruar. P\u00ebrball\u00eb pohimeve q\u00eb b\u00ebn Ministria e Kultur\u00ebs specialist\u00eb t\u00eb fush\u00ebs pohojn\u00eb se gjendja sot \u00ebsht\u00eb m\u00eb problematike\u2026","rel":"","context":"In &quot;Arte&quot;","block_context":{"text":"Arte","link":"https:\/\/www.shqiperia.com\/blog\/category\/arte\/"},"img":{"alt_text":"","src":"https:\/\/i0.wp.com\/www.shqiperia.com\/blog\/wp-content\/uploads\/2018\/07\/beratiii_faqe_18-1-1-300x200.jpg?resize=350%2C200","width":350,"height":200},"classes":[]}],"_links":{"self":[{"href":"https:\/\/www.shqiperia.com\/blog\/wp-json\/wp\/v2\/posts\/34844","targetHints":{"allow":["GET"]}}],"collection":[{"href":"https:\/\/www.shqiperia.com\/blog\/wp-json\/wp\/v2\/posts"}],"about":[{"href":"https:\/\/www.shqiperia.com\/blog\/wp-json\/wp\/v2\/types\/post"}],"author":[{"embeddable":true,"href":"https:\/\/www.shqiperia.com\/blog\/wp-json\/wp\/v2\/users\/9"}],"replies":[{"embeddable":true,"href":"https:\/\/www.shqiperia.com\/blog\/wp-json\/wp\/v2\/comments?post=34844"}],"version-history":[{"count":3,"href":"https:\/\/www.shqiperia.com\/blog\/wp-json\/wp\/v2\/posts\/34844\/revisions"}],"predecessor-version":[{"id":34862,"href":"https:\/\/www.shqiperia.com\/blog\/wp-json\/wp\/v2\/posts\/34844\/revisions\/34862"}],"wp:featuredmedia":[{"embeddable":true,"href":"https:\/\/www.shqiperia.com\/blog\/wp-json\/wp\/v2\/media\/34845"}],"wp:attachment":[{"href":"https:\/\/www.shqiperia.com\/blog\/wp-json\/wp\/v2\/media?parent=34844"}],"wp:term":[{"taxonomy":"category","embeddable":true,"href":"https:\/\/www.shqiperia.com\/blog\/wp-json\/wp\/v2\/categories?post=34844"},{"taxonomy":"post_tag","embeddable":true,"href":"https:\/\/www.shqiperia.com\/blog\/wp-json\/wp\/v2\/tags?post=34844"}],"curies":[{"name":"wp","href":"https:\/\/api.w.org\/{rel}","templated":true}]}}