{"id":34839,"date":"2020-05-20T18:29:43","date_gmt":"2020-05-20T18:29:43","guid":{"rendered":"https:\/\/www.shqiperia.com\/blog\/?p=34839"},"modified":"2020-05-20T18:30:26","modified_gmt":"2020-05-20T18:30:26","slug":"53-monumente-kulture-te-demtuara-nga-termeti-por-ministerja-e-kultures-duhet-thote-duhet-te-shkaterrojme-teatrin-qe-te-kerkojme-para-per-cilin-cilet-emrat-dihen","status":"publish","type":"post","link":"https:\/\/www.shqiperia.com\/blog\/53-monumente-kulture-te-demtuara-nga-termeti-por-ministerja-e-kultures-duhet-thote-duhet-te-shkaterrojme-teatrin-qe-te-kerkojme-para-per-cilin-cilet-emrat-dihen\/","title":{"rendered":"53 monumente kulture t\u00eb d\u00ebmtuara nga t\u00ebrmeti por Ministerja e Kultures duhet thote duhet te shkaterrojme Teatrin qe te kerkojme para per cilin (cilet) .. Emrat dihen&#8230;."},"content":{"rendered":"<p><img data-recalc-dims=\"1\" loading=\"lazy\" decoding=\"async\" data-attachment-id=\"34840\" data-permalink=\"https:\/\/www.shqiperia.com\/blog\/53-monumente-kulture-te-demtuara-nga-termeti-por-ministerja-e-kultures-duhet-thote-duhet-te-shkaterrojme-teatrin-qe-te-kerkojme-para-per-cilin-cilet-emrat-dihen\/78543659_1560893947401522_7986777276467380224_n\/\" data-orig-file=\"https:\/\/i0.wp.com\/www.shqiperia.com\/blog\/wp-content\/uploads\/2020\/05\/78543659_1560893947401522_7986777276467380224_n.jpg?fit=728%2C430&amp;ssl=1\" data-orig-size=\"728,430\" data-comments-opened=\"1\" data-image-meta=\"{&quot;aperture&quot;:&quot;0&quot;,&quot;credit&quot;:&quot;&quot;,&quot;camera&quot;:&quot;&quot;,&quot;caption&quot;:&quot;&quot;,&quot;created_timestamp&quot;:&quot;0&quot;,&quot;copyright&quot;:&quot;&quot;,&quot;focal_length&quot;:&quot;0&quot;,&quot;iso&quot;:&quot;0&quot;,&quot;shutter_speed&quot;:&quot;0&quot;,&quot;title&quot;:&quot;&quot;,&quot;orientation&quot;:&quot;0&quot;}\" data-image-title=\"78543659_1560893947401522_7986777276467380224_n\" data-image-description=\"\" data-image-caption=\"\" data-medium-file=\"https:\/\/i0.wp.com\/www.shqiperia.com\/blog\/wp-content\/uploads\/2020\/05\/78543659_1560893947401522_7986777276467380224_n.jpg?fit=300%2C177&amp;ssl=1\" data-large-file=\"https:\/\/i0.wp.com\/www.shqiperia.com\/blog\/wp-content\/uploads\/2020\/05\/78543659_1560893947401522_7986777276467380224_n.jpg?fit=728%2C430&amp;ssl=1\" class=\"alignnone wp-image-34840\" alt=\"\" src=\"https:\/\/i0.wp.com\/www.shqiperia.com\/blog\/wp-content\/uploads\/2020\/05\/78543659_1560893947401522_7986777276467380224_n.jpg?resize=593%2C350&#038;ssl=1\" width=\"593\" height=\"350\" srcset=\"https:\/\/i0.wp.com\/www.shqiperia.com\/blog\/wp-content\/uploads\/2020\/05\/78543659_1560893947401522_7986777276467380224_n.jpg?resize=300%2C177&amp;ssl=1 300w, https:\/\/i0.wp.com\/www.shqiperia.com\/blog\/wp-content\/uploads\/2020\/05\/78543659_1560893947401522_7986777276467380224_n.jpg?resize=450%2C266&amp;ssl=1 450w, https:\/\/i0.wp.com\/www.shqiperia.com\/blog\/wp-content\/uploads\/2020\/05\/78543659_1560893947401522_7986777276467380224_n.jpg?resize=600%2C354&amp;ssl=1 600w, https:\/\/i0.wp.com\/www.shqiperia.com\/blog\/wp-content\/uploads\/2020\/05\/78543659_1560893947401522_7986777276467380224_n.jpg?resize=400%2C236&amp;ssl=1 400w, https:\/\/i0.wp.com\/www.shqiperia.com\/blog\/wp-content\/uploads\/2020\/05\/78543659_1560893947401522_7986777276467380224_n.jpg?w=728&amp;ssl=1 728w\" sizes=\"auto, (max-width: 593px) 100vw, 593px\" \/><\/p>\n<p><span><strong>53 monumente kulture t\u00eb d\u00ebmtuara nga t\u00ebrmeti por<\/strong> Ministerja e Kultures duhet thote duhet te shkaterrojme Teatrin qe te kerkojme para per cilin (cilet) .. Emrat dihen&#8230;.<\/span><\/p>\n<p><span>Ministria e Kultures ne vend qe te merret me pune, Krijon germadha, me votimin e Zv.Ministrave dhe antare bordesh me 3-4 rroga nga buxheti i shteti&#8230;.<\/span><br \/>\n<span>Termeti demtoi shume monumente, por duhet te shkaterrojme Teatrin qe te kerkojme para per cilin (cilet) .. Emrat dihen&#8230;.<\/span><\/p>\n<p>Ja Lista e Demtimeve te nga termeti i vitit te kaluar:<\/p>\n<p><strong>53 monumente kulture t\u00eb d\u00ebmtuara nga t\u00ebrmeti, 23 me risk t\u00eb lart\u00eb! Margariti: V\u00ebshtir\u00eb kthimi i tyre n\u00eb origjinalitet (RAPORTI)<\/strong><\/p>\n<p><em>Kur kan\u00eb kaluar m\u00eb shum\u00eb se dy muaj nga t\u00ebrmeti i 26 n\u00ebntorit, Ministria e Kultur\u00ebs ka publikuar nj\u00eb raport mbi situat\u00ebn n\u00eb t\u00eb cil\u00ebn ndodhen monumentet Kulturore, pas asaj l\u00ebkundje tragjike.<\/em><\/p>\n<p>: 11 Shkurt, 16:18<\/p>\n<p><strong>TIRAN\u00cb<\/strong>&#8211; Kur kan\u00eb kaluar m\u00eb shum\u00eb se dy muaj nga t\u00ebrmeti i 26 n\u00ebntorit, Ministria e Kultur\u00ebs ka publikuar nj\u00eb raport mbi situat\u00ebn n\u00eb t\u00eb cil\u00ebn ndodhen monumentet Kulturore, pas asaj l\u00ebkundje tragjike. N\u00eb raport, evidentohet se 23 monumente kan\u00eb dal\u00eb jasht\u00eb p\u00ebrdorimit, 30 prej tyre jan\u00eb pjes\u00ebrisht t\u00eb p\u00ebrdorshme dhe 48 prej tyre nuk kan\u00eb pasur problem. K\u00ebto monumente ndodhen n\u00eb zonat e prekura nga t\u00ebrmeti 6.4 ball\u00eb.<\/p>\n<p>N\u00eb Komisionin e Medias, ministrja e Kultur\u00ebs p\u00ebr d\u00ebmet e t\u00ebrmetit n\u00eb monumentet e kultur\u00ebs,\u00a0<strong>Elva Margariti raportoi se nga 216 objekte t\u00eb trash\u00ebgimis\u00eb<\/strong>, t\u00eb cilat jan\u00eb inspektuar pas t\u00ebrmetit, rreth 30 me risk t\u00eb lart\u00eb. P\u00ebr\u00a0<strong>rikuperimin e tyre 707 mln lek\u00eb.<\/strong>\u00a0M\u00eb rrezikuarat, kulla e Kruj\u00ebs, e cila \u00ebsht\u00eb rrethuar dhe ka vendosur tabela parandaluese. Si nj\u00eb mas\u00eb e marr\u00eb nga ministria, jan\u00eb mbyllur muzet\u00eb edhe sitet ku Instituti i Monumenteve t\u00eb Kultur\u00ebs dhe ai i Nd\u00ebrtimit pan\u00eb domosdoshm\u00ebri p\u00ebr riparimin e d\u00ebmeve.<\/p>\n<p>Margariti b\u00ebri me dije se \u00ebsht\u00eb e v\u00ebshtir\u00eb kthimi i tyre n\u00eb origjinalitet.<\/p>\n<p><img data-recalc-dims=\"1\" loading=\"lazy\" decoding=\"async\" data-attachment-id=\"34841\" data-permalink=\"https:\/\/www.shqiperia.com\/blog\/53-monumente-kulture-te-demtuara-nga-termeti-por-ministerja-e-kultures-duhet-thote-duhet-te-shkaterrojme-teatrin-qe-te-kerkojme-para-per-cilin-cilet-emrat-dihen\/demtime-ne-kalane-e-krujes\/\" data-orig-file=\"https:\/\/i0.wp.com\/www.shqiperia.com\/blog\/wp-content\/uploads\/2020\/05\/Demtime-ne-Kalane-e-Krujes..jpg?fit=780%2C440&amp;ssl=1\" data-orig-size=\"780,440\" data-comments-opened=\"1\" data-image-meta=\"{&quot;aperture&quot;:&quot;0&quot;,&quot;credit&quot;:&quot;&quot;,&quot;camera&quot;:&quot;&quot;,&quot;caption&quot;:&quot;&quot;,&quot;created_timestamp&quot;:&quot;0&quot;,&quot;copyright&quot;:&quot;&quot;,&quot;focal_length&quot;:&quot;0&quot;,&quot;iso&quot;:&quot;0&quot;,&quot;shutter_speed&quot;:&quot;0&quot;,&quot;title&quot;:&quot;&quot;,&quot;orientation&quot;:&quot;0&quot;}\" data-image-title=\"Demtime ne Kalane e Krujes.\" data-image-description=\"\" data-image-caption=\"\" data-medium-file=\"https:\/\/i0.wp.com\/www.shqiperia.com\/blog\/wp-content\/uploads\/2020\/05\/Demtime-ne-Kalane-e-Krujes..jpg?fit=300%2C169&amp;ssl=1\" data-large-file=\"https:\/\/i0.wp.com\/www.shqiperia.com\/blog\/wp-content\/uploads\/2020\/05\/Demtime-ne-Kalane-e-Krujes..jpg?fit=780%2C440&amp;ssl=1\" class=\"alignnone wp-image-34841\" alt=\"\" src=\"https:\/\/i0.wp.com\/www.shqiperia.com\/blog\/wp-content\/uploads\/2020\/05\/Demtime-ne-Kalane-e-Krujes..jpg?resize=772%2C435&#038;ssl=1\" width=\"772\" height=\"435\" srcset=\"https:\/\/i0.wp.com\/www.shqiperia.com\/blog\/wp-content\/uploads\/2020\/05\/Demtime-ne-Kalane-e-Krujes..jpg?resize=300%2C169&amp;ssl=1 300w, https:\/\/i0.wp.com\/www.shqiperia.com\/blog\/wp-content\/uploads\/2020\/05\/Demtime-ne-Kalane-e-Krujes..jpg?resize=768%2C433&amp;ssl=1 768w, https:\/\/i0.wp.com\/www.shqiperia.com\/blog\/wp-content\/uploads\/2020\/05\/Demtime-ne-Kalane-e-Krujes..jpg?resize=450%2C254&amp;ssl=1 450w, https:\/\/i0.wp.com\/www.shqiperia.com\/blog\/wp-content\/uploads\/2020\/05\/Demtime-ne-Kalane-e-Krujes..jpg?resize=600%2C338&amp;ssl=1 600w, https:\/\/i0.wp.com\/www.shqiperia.com\/blog\/wp-content\/uploads\/2020\/05\/Demtime-ne-Kalane-e-Krujes..jpg?resize=400%2C226&amp;ssl=1 400w, https:\/\/i0.wp.com\/www.shqiperia.com\/blog\/wp-content\/uploads\/2020\/05\/Demtime-ne-Kalane-e-Krujes..jpg?w=780&amp;ssl=1 780w\" sizes=\"auto, (max-width: 772px) 100vw, 772px\" \/><\/p>\n<p>Gazeta Shqiptarja. Com<\/p>\n","protected":false},"excerpt":{"rendered":"<p>53 monumente kulture t\u00eb d\u00ebmtuara nga t\u00ebrmeti por Ministerja e Kultures duhet thote duhet te shkaterrojme Teatrin qe te kerkojme para per cilin (cilet) .. Emrat dihen&#8230;. Ministria e Kultures ne vend qe te merret me pune, Krijon germadha, me votimin e Zv.Ministrave dhe antare bordesh me 3-4 rroga nga buxheti i shteti&#8230;. Termeti demtoi [&hellip;]<\/p>\n","protected":false},"author":9,"featured_media":34840,"comment_status":"open","ping_status":"open","sticky":false,"template":"","format":"standard","meta":{"jetpack_post_was_ever_published":false,"_jetpack_newsletter_access":"","_jetpack_dont_email_post_to_subs":false,"_jetpack_newsletter_tier_id":0,"_jetpack_memberships_contains_paywalled_content":false,"_jetpack_memberships_contains_paid_content":false,"footnotes":"","jetpack_publicize_message":"","jetpack_publicize_feature_enabled":true,"jetpack_social_post_already_shared":true,"jetpack_social_options":{"image_generator_settings":{"template":"highway","default_image_id":0,"font":"","enabled":false},"version":2}},"categories":[2,86],"tags":[],"class_list":["post-34839","post","type-post","status-publish","format-standard","has-post-thumbnail","hentry","category-politika","category-trashegimi-kulturore"],"jetpack_publicize_connections":[],"jetpack_featured_media_url":"https:\/\/i0.wp.com\/www.shqiperia.com\/blog\/wp-content\/uploads\/2020\/05\/78543659_1560893947401522_7986777276467380224_n.jpg?fit=728%2C430&ssl=1","jetpack_sharing_enabled":true,"jetpack_shortlink":"https:\/\/wp.me\/p5Z6wp-93V","jetpack-related-posts":[{"id":34844,"url":"https:\/\/www.shqiperia.com\/blog\/53-monumente-kulture-te-demtuara-nga-termeti-por-ministerja-e-kultures-thote-duhet-te-shkaterrojme-teatrin-qe-te-kerkojme-para-per-cilin-cilet-emrat-dihen\/","url_meta":{"origin":34839,"position":0},"title":"53 monumente kulture t\u00eb d\u00ebmtuara nga t\u00ebrmeti por Ministerja e Kultures thote duhet te shkaterrojme Teatrin qe te kerkojme para per cilin (cilet) .. Emrat dihen\u2026.","author":"Kurt Farka","date":"May 20, 2020","format":false,"excerpt":"53 monumente kulture t\u00eb d\u00ebmtuara nga t\u00ebrmeti por Ministerja e Kultures thote duhet te shkaterrojme Teatrin qe te kerkojme para per\u00a0 .. Emrat dihen\u2026. Ministria e Kultures ne vend qe te merret me pune, Krijon germadha, me votimin e Zv.Ministrave dhe antare bordesh me 3-4 rroga nga buxheti i shtetit\u2026.\u2026","rel":"","context":"In &quot;Histori&quot;","block_context":{"text":"Histori","link":"https:\/\/www.shqiperia.com\/blog\/category\/histori\/"},"img":{"alt_text":"","src":"https:\/\/i0.wp.com\/www.shqiperia.com\/blog\/wp-content\/uploads\/2020\/05\/78543659_1560893947401522_7986777276467380224_n-1.jpg?fit=728%2C430&ssl=1&resize=350%2C200","width":350,"height":200,"srcset":"https:\/\/i0.wp.com\/www.shqiperia.com\/blog\/wp-content\/uploads\/2020\/05\/78543659_1560893947401522_7986777276467380224_n-1.jpg?fit=728%2C430&ssl=1&resize=350%2C200 1x, https:\/\/i0.wp.com\/www.shqiperia.com\/blog\/wp-content\/uploads\/2020\/05\/78543659_1560893947401522_7986777276467380224_n-1.jpg?fit=728%2C430&ssl=1&resize=525%2C300 1.5x, https:\/\/i0.wp.com\/www.shqiperia.com\/blog\/wp-content\/uploads\/2020\/05\/78543659_1560893947401522_7986777276467380224_n-1.jpg?fit=728%2C430&ssl=1&resize=700%2C400 2x"},"classes":[]},{"id":37229,"url":"https:\/\/www.shqiperia.com\/blog\/nderkohe-qe-shqiperia-i-shkaterron-ke-jep-miliona-euro-per-monumentet-e-demtuara-nga-termeti\/","url_meta":{"origin":34839,"position":1},"title":"Nd\u00ebrkoh\u00eb q\u00eb Shqip\u00ebria i shkat\u00ebrron, KE jep miliona euro p\u00ebr monumentet e d\u00ebmtuara nga t\u00ebrmeti","author":"Kurt Farka","date":"August 15, 2020","format":false,"excerpt":"Nd\u00ebrkoh\u00eb q\u00eb Shqip\u00ebria i shkat\u00ebrron, KE jep miliona euro p\u00ebr monumentet e d\u00ebmtuara nga t\u00ebrmeti Nga\u00a0Lorena Resulaj Kala, monumente, muze dhe site arkeologjike u d\u00ebmtuan r\u00ebnd\u00eb pas t\u00ebrmetit t\u00eb 26 n\u00ebntorit. Komisioni Europian do i vij\u00eb n\u00eb ndihm\u00eb Shqip\u00ebris\u00eb p\u00ebr restaurimin e tyre me nj\u00eb fond prej 50 milion\u00eb eurosh.\u2026","rel":"","context":"In &quot;Histori&quot;","block_context":{"text":"Histori","link":"https:\/\/www.shqiperia.com\/blog\/category\/histori\/"},"img":{"alt_text":"","src":"https:\/\/i0.wp.com\/www.shqiperia.com\/blog\/wp-content\/uploads\/2020\/08\/termet.jpg?fit=861%2C463&ssl=1&resize=350%2C200","width":350,"height":200,"srcset":"https:\/\/i0.wp.com\/www.shqiperia.com\/blog\/wp-content\/uploads\/2020\/08\/termet.jpg?fit=861%2C463&ssl=1&resize=350%2C200 1x, https:\/\/i0.wp.com\/www.shqiperia.com\/blog\/wp-content\/uploads\/2020\/08\/termet.jpg?fit=861%2C463&ssl=1&resize=525%2C300 1.5x, https:\/\/i0.wp.com\/www.shqiperia.com\/blog\/wp-content\/uploads\/2020\/08\/termet.jpg?fit=861%2C463&ssl=1&resize=700%2C400 2x"},"classes":[]},{"id":31901,"url":"https:\/\/www.shqiperia.com\/blog\/demet-ne-monumente-eksperte-shqiptare-dhe-te-huaj-do-te-hartojne-projektet\/","url_meta":{"origin":34839,"position":2},"title":"D\u00ebmet n\u00eb monumente, ekspert\u00eb shqiptar\u00eb dhe t\u00eb huaj do t\u00eb hartojn\u00eb projektet","author":"Kurt Farka","date":"February 29, 2020","format":false,"excerpt":"D\u00ebmet n\u00eb monumente, ekspert\u00eb shqiptar\u00eb dhe t\u00eb huaj do t\u00eb hartojn\u00eb projektet 29 SHKURT 2020 T\u00ebrmeti i 26 n\u00ebntorit n\u00eb vendin ton\u00eb d\u00ebmtoi edhe monumentet e kultur\u00ebs n\u00eb vend. Gjat\u00eb k\u00ebsaj kohe Ministria e Kultur\u00ebs ngriti ekipe pune s\u00eb bashku me specialist\u00ebt shqiptar\u00eb dhe t\u00eb huaj, ku prej disa jav\u00ebsh\u2026","rel":"","context":"In &quot;Histori&quot;","block_context":{"text":"Histori","link":"https:\/\/www.shqiperia.com\/blog\/category\/histori\/"},"img":{"alt_text":"","src":"https:\/\/i0.wp.com\/www.shqiperia.com\/blog\/wp-content\/uploads\/2020\/02\/Kulla-e-Kalase-se-Krujes-Copy.jpg?fit=800%2C399&ssl=1&resize=350%2C200","width":350,"height":200,"srcset":"https:\/\/i0.wp.com\/www.shqiperia.com\/blog\/wp-content\/uploads\/2020\/02\/Kulla-e-Kalase-se-Krujes-Copy.jpg?fit=800%2C399&ssl=1&resize=350%2C200 1x, https:\/\/i0.wp.com\/www.shqiperia.com\/blog\/wp-content\/uploads\/2020\/02\/Kulla-e-Kalase-se-Krujes-Copy.jpg?fit=800%2C399&ssl=1&resize=525%2C300 1.5x, https:\/\/i0.wp.com\/www.shqiperia.com\/blog\/wp-content\/uploads\/2020\/02\/Kulla-e-Kalase-se-Krujes-Copy.jpg?fit=800%2C399&ssl=1&resize=700%2C400 2x"},"classes":[]},{"id":31497,"url":"https:\/\/www.shqiperia.com\/blog\/23-monumente-te-demtuara-rende-kostoja-mbi-5-milione-euro\/","url_meta":{"origin":34839,"position":3},"title":"\u201c23 monumente t\u00eb d\u00ebmtuara r\u00ebnd\u00eb, kostoja mbi 5 milion\u00eb euro\u201d","author":"Kurt Farka","date":"February 14, 2020","format":false,"excerpt":"\u201c23 monumente t\u00eb d\u00ebmtuara r\u00ebnd\u00eb, kostoja mbi 5 milion\u00eb euro\u201d - 12.02.20 Nga Fatmira Nikolli\u00a0 \u2013\u00a0Nga 260 monumente kulture t\u00eb inspektuara pas t\u00ebrmetit, prej t\u00eb cilave 111 objekte n\u00eb zon\u00ebn m\u00eb t\u00eb prekur nga t\u00ebrmeti, \u00ebsht\u00eb arritur n\u00eb p\u00ebrfundimin se 23 monumente jan\u00eb n\u00eb rrezikshm\u00ebri t\u00eb lart\u00eb (t\u00eb pap\u00ebrdorshme Grada\u2026","rel":"","context":"In &quot;Histori&quot;","block_context":{"text":"Histori","link":"https:\/\/www.shqiperia.com\/blog\/category\/histori\/"},"img":{"alt_text":"","src":"https:\/\/i0.wp.com\/www.shqiperia.com\/blog\/wp-content\/uploads\/2020\/02\/Monumentet-pas-t%C3%ABrmetit.jpg?fit=728%2C430&ssl=1&resize=350%2C200","width":350,"height":200,"srcset":"https:\/\/i0.wp.com\/www.shqiperia.com\/blog\/wp-content\/uploads\/2020\/02\/Monumentet-pas-t%C3%ABrmetit.jpg?fit=728%2C430&ssl=1&resize=350%2C200 1x, https:\/\/i0.wp.com\/www.shqiperia.com\/blog\/wp-content\/uploads\/2020\/02\/Monumentet-pas-t%C3%ABrmetit.jpg?fit=728%2C430&ssl=1&resize=525%2C300 1.5x, https:\/\/i0.wp.com\/www.shqiperia.com\/blog\/wp-content\/uploads\/2020\/02\/Monumentet-pas-t%C3%ABrmetit.jpg?fit=728%2C430&ssl=1&resize=700%2C400 2x"},"classes":[]},{"id":28857,"url":"https:\/\/www.shqiperia.com\/blog\/raporti-termeti-i-21-shtatorit-riparimet-u-zvarriten-ne-menyre-fatale\/","url_meta":{"origin":34839,"position":4},"title":"RAPORTI: T\u00ebrmeti i 21 shtatorit, riparimet u zvarrit\u00ebn n\u00eb m\u00ebnyr\u00eb fatale. &#8211;","author":"Kurt Farka","date":"December 3, 2019","format":false,"excerpt":"RAPORTI: T\u00ebrmeti i 21 shtatorit, riparimet u zvarrit\u00ebn n\u00eb m\u00ebnyr\u00eb fatale 3 dhjetor \u00a02019 \u201cOpen Data Albania\u201d thot\u00eb se gati gjysm\u00eb miliard\u00eb lek\u00eb ose 3.7 milion\u00eb euro u akorduan p\u00ebr riparimin e 233 banesave n\u00eb qytetet: Durr\u00ebs, Kruj\u00eb, Shijak, Kavaj\u00eb, Rrogozhin\u00eb dhe Kamz\u00eb pas t\u00ebrmetit t\u00eb 21 shtatorit. \u201cQeveria ka\u2026","rel":"","context":"In &quot;Blogu i Udh\u00ebtarit&quot;","block_context":{"text":"Blogu i Udh\u00ebtarit","link":"https:\/\/www.shqiperia.com\/blog\/category\/blogu-i-udhetarit\/"},"img":{"alt_text":"","src":"https:\/\/i0.wp.com\/www.shqiperia.com\/blog\/wp-content\/uploads\/2019\/12\/21-shtator-905x450.jpg?fit=905%2C450&ssl=1&resize=350%2C200","width":350,"height":200,"srcset":"https:\/\/i0.wp.com\/www.shqiperia.com\/blog\/wp-content\/uploads\/2019\/12\/21-shtator-905x450.jpg?fit=905%2C450&ssl=1&resize=350%2C200 1x, https:\/\/i0.wp.com\/www.shqiperia.com\/blog\/wp-content\/uploads\/2019\/12\/21-shtator-905x450.jpg?fit=905%2C450&ssl=1&resize=525%2C300 1.5x, https:\/\/i0.wp.com\/www.shqiperia.com\/blog\/wp-content\/uploads\/2019\/12\/21-shtator-905x450.jpg?fit=905%2C450&ssl=1&resize=700%2C400 2x"},"classes":[]},{"id":62958,"url":"https:\/\/www.shqiperia.com\/blog\/banoret-e-prekur-nga-termeti-ne-durres-kundershtojne-zhvendosjen-ne-periferi-do-ngreme-cadrat-ketu\/","url_meta":{"origin":34839,"position":5},"title":"Banor\u00ebt e prekur nga t\u00ebrmeti n\u00eb Durr\u00ebs kund\u00ebrshtojn\u00eb zhvendosjen n\u00eb periferi: &#8211; Do ngrem\u00eb \u00e7adrat k\u00ebtu!","author":"Kurt Farka","date":"October 5, 2022","format":false,"excerpt":"4 Tetor 2022 Banor\u00ebt e lagjes num\u00ebr 5 n\u00eb Durr\u00ebs t\u00eb cil\u00ebt kan\u00eb mbetur jasht\u00eb sht\u00ebpive t\u00eb tyre si pasoj\u00eb e d\u00ebmtimeve nga t\u00ebrmeti, kan\u00eb dal\u00eb sot n\u00eb protest\u00eb pasi kund\u00ebrshtojn\u00eb zhvendosjen n\u00eb periferi t\u00eb qytetit. \u201cPushteti dhe shteti jan\u00eb b\u00ebr\u00eb bashk\u00eb p\u00ebr t\u00eb vjedhur pronat tona. Un\u00eb dua pron\u00ebn\u2026","rel":"","context":"In &quot;Blogu i Udh\u00ebtarit&quot;","block_context":{"text":"Blogu i Udh\u00ebtarit","link":"https:\/\/www.shqiperia.com\/blog\/category\/blogu-i-udhetarit\/"},"img":{"alt_text":"","src":"https:\/\/i0.wp.com\/www.shqiperia.com\/blog\/wp-content\/uploads\/2022\/10\/Capture39.jpg?fit=676%2C353&ssl=1&resize=350%2C200","width":350,"height":200,"srcset":"https:\/\/i0.wp.com\/www.shqiperia.com\/blog\/wp-content\/uploads\/2022\/10\/Capture39.jpg?fit=676%2C353&ssl=1&resize=350%2C200 1x, https:\/\/i0.wp.com\/www.shqiperia.com\/blog\/wp-content\/uploads\/2022\/10\/Capture39.jpg?fit=676%2C353&ssl=1&resize=525%2C300 1.5x"},"classes":[]}],"_links":{"self":[{"href":"https:\/\/www.shqiperia.com\/blog\/wp-json\/wp\/v2\/posts\/34839","targetHints":{"allow":["GET"]}}],"collection":[{"href":"https:\/\/www.shqiperia.com\/blog\/wp-json\/wp\/v2\/posts"}],"about":[{"href":"https:\/\/www.shqiperia.com\/blog\/wp-json\/wp\/v2\/types\/post"}],"author":[{"embeddable":true,"href":"https:\/\/www.shqiperia.com\/blog\/wp-json\/wp\/v2\/users\/9"}],"replies":[{"embeddable":true,"href":"https:\/\/www.shqiperia.com\/blog\/wp-json\/wp\/v2\/comments?post=34839"}],"version-history":[{"count":2,"href":"https:\/\/www.shqiperia.com\/blog\/wp-json\/wp\/v2\/posts\/34839\/revisions"}],"predecessor-version":[{"id":34843,"href":"https:\/\/www.shqiperia.com\/blog\/wp-json\/wp\/v2\/posts\/34839\/revisions\/34843"}],"wp:featuredmedia":[{"embeddable":true,"href":"https:\/\/www.shqiperia.com\/blog\/wp-json\/wp\/v2\/media\/34840"}],"wp:attachment":[{"href":"https:\/\/www.shqiperia.com\/blog\/wp-json\/wp\/v2\/media?parent=34839"}],"wp:term":[{"taxonomy":"category","embeddable":true,"href":"https:\/\/www.shqiperia.com\/blog\/wp-json\/wp\/v2\/categories?post=34839"},{"taxonomy":"post_tag","embeddable":true,"href":"https:\/\/www.shqiperia.com\/blog\/wp-json\/wp\/v2\/tags?post=34839"}],"curies":[{"name":"wp","href":"https:\/\/api.w.org\/{rel}","templated":true}]}}