{"id":34662,"date":"2020-05-15T00:24:02","date_gmt":"2020-05-15T00:24:02","guid":{"rendered":"https:\/\/www.shqiperia.com\/blog\/?p=34662"},"modified":"2020-05-15T00:24:02","modified_gmt":"2020-05-15T00:24:02","slug":"monika-kryemadhi-po-guxoi-ta-shembe-teatrin-dhe-te-derdhi-pike-gjaku-do-paguhet-me-koken-e-edi-rames-dhe-erjon-veliajt","status":"publish","type":"post","link":"https:\/\/www.shqiperia.com\/blog\/monika-kryemadhi-po-guxoi-ta-shembe-teatrin-dhe-te-derdhi-pike-gjaku-do-paguhet-me-koken-e-edi-rames-dhe-erjon-veliajt\/","title":{"rendered":"Monika Kryemadhi: &#8211; Po guxoi ta shemb\u00eb Teatrin dhe t\u00eb derdhi pik\u00eb gjaku, do paguhet me kok\u00ebn e Edi Ram\u00ebs dhe Erjon Veliajt"},"content":{"rendered":"<p><img data-recalc-dims=\"1\" loading=\"lazy\" decoding=\"async\" data-attachment-id=\"34663\" data-permalink=\"https:\/\/www.shqiperia.com\/blog\/monika-kryemadhi-po-guxoi-ta-shembe-teatrin-dhe-te-derdhi-pike-gjaku-do-paguhet-me-koken-e-edi-rames-dhe-erjon-veliajt\/800-0-5ebdb74ad9506\/\" data-orig-file=\"https:\/\/i0.wp.com\/www.shqiperia.com\/blog\/wp-content\/uploads\/2020\/05\/800-0-5ebdb74ad9506.png?fit=800%2C456&amp;ssl=1\" data-orig-size=\"800,456\" data-comments-opened=\"1\" data-image-meta=\"{&quot;aperture&quot;:&quot;0&quot;,&quot;credit&quot;:&quot;&quot;,&quot;camera&quot;:&quot;&quot;,&quot;caption&quot;:&quot;&quot;,&quot;created_timestamp&quot;:&quot;0&quot;,&quot;copyright&quot;:&quot;&quot;,&quot;focal_length&quot;:&quot;0&quot;,&quot;iso&quot;:&quot;0&quot;,&quot;shutter_speed&quot;:&quot;0&quot;,&quot;title&quot;:&quot;&quot;,&quot;orientation&quot;:&quot;0&quot;}\" data-image-title=\"-800-0-5ebdb74ad9506\" data-image-description=\"\" data-image-caption=\"\" data-medium-file=\"https:\/\/i0.wp.com\/www.shqiperia.com\/blog\/wp-content\/uploads\/2020\/05\/800-0-5ebdb74ad9506.png?fit=300%2C171&amp;ssl=1\" data-large-file=\"https:\/\/i0.wp.com\/www.shqiperia.com\/blog\/wp-content\/uploads\/2020\/05\/800-0-5ebdb74ad9506.png?fit=800%2C456&amp;ssl=1\" class=\"alignnone  wp-image-34663\" alt=\"\" src=\"https:\/\/i0.wp.com\/www.shqiperia.com\/blog\/wp-content\/uploads\/2020\/05\/800-0-5ebdb74ad9506.png?resize=563%2C321&#038;ssl=1\" width=\"563\" height=\"321\" srcset=\"https:\/\/i0.wp.com\/www.shqiperia.com\/blog\/wp-content\/uploads\/2020\/05\/800-0-5ebdb74ad9506.png?resize=300%2C171&amp;ssl=1 300w, https:\/\/i0.wp.com\/www.shqiperia.com\/blog\/wp-content\/uploads\/2020\/05\/800-0-5ebdb74ad9506.png?resize=768%2C438&amp;ssl=1 768w, https:\/\/i0.wp.com\/www.shqiperia.com\/blog\/wp-content\/uploads\/2020\/05\/800-0-5ebdb74ad9506.png?resize=450%2C257&amp;ssl=1 450w, https:\/\/i0.wp.com\/www.shqiperia.com\/blog\/wp-content\/uploads\/2020\/05\/800-0-5ebdb74ad9506.png?resize=600%2C342&amp;ssl=1 600w, https:\/\/i0.wp.com\/www.shqiperia.com\/blog\/wp-content\/uploads\/2020\/05\/800-0-5ebdb74ad9506.png?resize=400%2C228&amp;ssl=1 400w, https:\/\/i0.wp.com\/www.shqiperia.com\/blog\/wp-content\/uploads\/2020\/05\/800-0-5ebdb74ad9506.png?w=800&amp;ssl=1 800w\" sizes=\"auto, (max-width: 563px) 100vw, 563px\" \/><\/p>\n<p>Monika Kryemadhi: &#8211; Po guxoi ta shemb\u00eb Teatrin dhe t\u00eb derdhi pik\u00eb gjaku, do paguhet me kok\u00ebn e Edi Ram\u00ebs dhe Erjon Veliajt<\/p>\n<p>E habitshme se si nuk reagon prokuroria p\u00ebr t\u00eb hetuar fallsifikimin e madh t\u00eb kryer nga kryetari i k\u00ebshillit bashkiak q\u00eb ka firmosur vendim pa mbledhje, natyrisht me urdh\u00ebr t\u00eb kryeministrit dhe kryebashkiakut; si ka mund\u00ebsi q\u00eb k\u00ebta ambasador\u00ebt e huaj nuk flasin para k\u00ebtij akti kriminal, por na japin leksione p\u00ebr demokracin\u00eb<\/p>\n<p><a href=\"https:\/\/kohajone.com\/monika-kryemadhi-po-guxoi-ta-shembe-teatrin-dhe-derdhi-gjak-do-jete-koke-per-koke-me-ramen-dhe-veliajn\/\">14\/05\/2020 <\/a><\/p>\n<p>Skandali m\u00eb i madh q\u00eb ka ndodhur vitet e fundit mbetet ky i fundit, kur firmoset vendimi n\u00eb em\u00ebr t\u00eb K\u00ebshillit Bashkiak p\u00ebr shembjen e Teatrit, pa u mbledhur K\u00ebshilli!<\/p>\n<p>Dokumenti i publikuar nga Monika Kryemadhi e cila tha p\u00ebr TCH se nga brenda Bashkis\u00eb s\u00eb Tiran\u00ebs i kan\u00eb nxjerr\u00eb vendimin pa patur asnj\u00eb mbledhje, gj\u00eb e cila \u00ebsht\u00eb skandaloze, ndaj duhet prokuroria t\u00eb hetoj\u00eb e t\u00eb arrestoj\u00eb autor\u00ebt e k\u00ebtij fallsifikimi t\u00eb madh n\u00eb nj\u00eb \u00e7\u00ebshtje kaq t\u00eb ndjeshme si Godina e Teatrit Komb\u00ebtar, pra kjo tregon se ku ka p\u00ebrfunduar shteti dhe si drejton mafia.<\/p>\n<p>Monika Kryemadhi tha live te Eni Vasili se n\u00ebse Edi Rama dhe Erjon Veliaj guxojn\u00eb ti afrohen Teatrit Komb\u00ebtar me fadroma dhe polici p\u00ebr ta shembur aty do b\u00ebhet p\u00ebrplasje dhe n\u00ebse do t\u00eb derdhet nj\u00eb pike gjaku at\u00ebhere Kryemadhi tha prer\u00eb se do paguhet me kok\u00ebn e Edi Ram\u00ebs dhe Erjon Veliajt.<\/p>\n<p><strong>\u201cNuk ka p\u00ebr t\u00eb pasur shans t\u00eb hyj\u00eb asnj\u00eb fadrom\u00eb q\u00eb t\u00eb prek edhe tabel\u00ebn. Un\u00eb do t\u00eb jem e para. E kam l\u00ebn\u00eb amanet. Nj\u00eb pik\u00eb gjaku u derdh n\u00eb at\u00eb rrug\u00eb, kok\u00eb m\u00eb kok\u00eb me Edi Ram\u00ebn dhe Erjon Veliaj. Nuk ka m\u00eb fjalime dhe mesazhe p\u00ebr demokracin\u00eb.<\/strong><\/p>\n<p><strong>Teatri nuk ka kompromis dhe t\u00eb mos guxoj\u00eb njeri q\u00eb t\u00eb flas\u00eb p\u00ebr demokraci. Nuk ka nevoj\u00eb as p\u00ebr 100 mij\u00eb njer\u00ebz. Nj\u00eb pik\u00eb gjaku ra n\u00eb at\u00eb shesh \u00ebsht\u00eb kok\u00eb p\u00ebr kok\u00eb me Edi Ram\u00ebn dhe Erion Veliajn. K\u00ebtu shtet nuk ka, gjykat\u00eb nuk ka, prokurori nuk ka. Ndaj le t\u00eb guxoj\u00eb Rama dhe Veliaj\u201d-<\/strong>\u00a0tha ajo.<\/p>\n<p>Nd\u00ebrkoh\u00eb m\u00ebsohet se pas fallsifikimit t\u00eb sot\u00ebm nga K\u00ebshilli Bashkiak, kryeministri ka urdh\u00ebruar se Godin\u00ebn e Teatrit Komb\u00ebtar e dua p\u00ebrtok\u00eb deri t\u00eb h\u00ebn\u00ebn n\u00eb m\u00ebngjez. E habitshme se si nuk reagon prokuroria p\u00ebr t\u00eb hetuar fallsifikimin e madh t\u00eb kryer nga kryetari i k\u00ebshillit bashkiak q\u00eb ka firmosur vendim pa mbledhje, natyrisht me urdh\u00ebr t\u00eb kryeministrit dhe kryebashkiakut; si ka mund\u00ebsi q\u00eb k\u00ebta ambasador\u00ebt e huaj nuk flasin para k\u00ebtij akti kriminal, por na japin leksione p\u00ebr demokracin\u00eb.<\/p>\n<p>Koha e Jone<\/p>\n","protected":false},"excerpt":{"rendered":"<p>Monika Kryemadhi: &#8211; Po guxoi ta shemb\u00eb Teatrin dhe t\u00eb derdhi pik\u00eb gjaku, do paguhet me kok\u00ebn e Edi Ram\u00ebs dhe Erjon Veliajt E habitshme se si nuk reagon prokuroria p\u00ebr t\u00eb hetuar fallsifikimin e madh t\u00eb kryer nga kryetari i k\u00ebshillit bashkiak q\u00eb ka firmosur vendim pa mbledhje, natyrisht me urdh\u00ebr t\u00eb kryeministrit dhe [&hellip;]<\/p>\n","protected":false},"author":9,"featured_media":34663,"comment_status":"open","ping_status":"open","sticky":false,"template":"","format":"standard","meta":{"jetpack_post_was_ever_published":false,"_jetpack_newsletter_access":"","_jetpack_dont_email_post_to_subs":false,"_jetpack_newsletter_tier_id":0,"_jetpack_memberships_contains_paywalled_content":false,"_jetpack_memberships_contains_paid_content":false,"footnotes":"","jetpack_publicize_message":"","jetpack_publicize_feature_enabled":true,"jetpack_social_post_already_shared":true,"jetpack_social_options":{"image_generator_settings":{"template":"highway","default_image_id":0,"font":"","enabled":false},"version":2}},"categories":[27,2],"tags":[],"class_list":["post-34662","post","type-post","status-publish","format-standard","has-post-thumbnail","hentry","category-blogu-i-udhetarit","category-politika"],"jetpack_publicize_connections":[],"jetpack_featured_media_url":"https:\/\/i0.wp.com\/www.shqiperia.com\/blog\/wp-content\/uploads\/2020\/05\/800-0-5ebdb74ad9506.png?fit=800%2C456&ssl=1","jetpack_sharing_enabled":true,"jetpack_shortlink":"https:\/\/wp.me\/p5Z6wp-914","jetpack-related-posts":[{"id":52456,"url":"https:\/\/www.shqiperia.com\/blog\/cfare-hetimi-kerkohet-me-kur-eshte-me-firme-dhe-me-vule-dorezoi-informacione-shtese-ne-spak-monika-kryemadhi-publikon-dokumentet-dhe-hedh-akuzat-e-renda\/","url_meta":{"origin":34662,"position":0},"title":"\u201c\u00c7far\u00eb hetimi k\u00ebrkohet m\u00eb, kur \u00ebsht\u00eb me firm\u00eb dhe me vul\u00eb?\u201d &#8211; Dor\u00ebzoi informacione shtes\u00eb n\u00eb SPAK, Monika Kryemadhi publikon dokumentet dhe hedh akuzat e r\u00ebnda","author":"Kurt Farka","date":"December 17, 2021","format":false,"excerpt":"\u201c\u00c7far\u00eb hetimi k\u00ebrkohet m\u00eb, kur \u00ebsht\u00eb me firm\u00eb dhe me vul\u00eb?\u201d - Dor\u00ebzoi informacione shtes\u00eb n\u00eb SPAK, Monika Kryemadhi publikon dokumentet dhe hedh akuzat e r\u00ebnda 17 DHJETOR 2021 Kryetarja e LSI-s\u00eb Monika Kryemadhi pas informacioneve q\u00eb dor\u00ebzoi dje n\u00eb SPAK p\u00ebr afer\u00ebn e incenator\u00ebve, ka dal\u00eb me nj\u00eb deklarat\u00eb\u2026","rel":"","context":"In &quot;Blogu i Udh\u00ebtarit&quot;","block_context":{"text":"Blogu i Udh\u00ebtarit","link":"https:\/\/www.shqiperia.com\/blog\/category\/blogu-i-udhetarit\/"},"img":{"alt_text":"","src":"https:\/\/i0.wp.com\/www.shqiperia.com\/blog\/wp-content\/uploads\/2021\/12\/01.jpg?fit=676%2C387&ssl=1&resize=350%2C200","width":350,"height":200,"srcset":"https:\/\/i0.wp.com\/www.shqiperia.com\/blog\/wp-content\/uploads\/2021\/12\/01.jpg?fit=676%2C387&ssl=1&resize=350%2C200 1x, https:\/\/i0.wp.com\/www.shqiperia.com\/blog\/wp-content\/uploads\/2021\/12\/01.jpg?fit=676%2C387&ssl=1&resize=525%2C300 1.5x"},"classes":[]},{"id":44820,"url":"https:\/\/www.shqiperia.com\/blog\/monika-kryemadhi-paralajmeron-skandalin-e-kryeministrit-rama-brenda-dy-ditesh-do-denoncoj-me-fakte\/","url_meta":{"origin":34662,"position":1},"title":"Monika Kryemadhi, paralajm\u00ebron skandalin e Kryeministrit Rama: &#8211; Brenda dy dit\u00ebsh do denoncoj me fakte!","author":"Kurt Farka","date":"March 1, 2021","format":false,"excerpt":"Monika Kryemadhi, paralajm\u00ebron skandalin e Kryeministrit Rama: - Brenda dy dit\u00ebsh do denoncoj me fakte! 1 MARS 2021 Kryetarja e LSI-s\u00eb Monika Kryemadhi paralajm\u00ebron nj\u00eb denoncim shum\u00eb t\u00eb fort\u00eb p\u00ebr kryeministrin Rama dit\u00ebt n\u00eb vijim. Ajo i k\u00ebrkoi moderatorit Blendi Fevziu live q\u00eb ta ftoj\u00eb n\u00eb studio pas publikimit t\u00eb\u2026","rel":"","context":"In &quot;Blogu i Udh\u00ebtarit&quot;","block_context":{"text":"Blogu i Udh\u00ebtarit","link":"https:\/\/www.shqiperia.com\/blog\/category\/blogu-i-udhetarit\/"},"img":{"alt_text":"","src":"https:\/\/i0.wp.com\/www.shqiperia.com\/blog\/wp-content\/uploads\/2021\/03\/Monika-Kryemadhi.jpg?fit=800%2C515&ssl=1&resize=350%2C200","width":350,"height":200,"srcset":"https:\/\/i0.wp.com\/www.shqiperia.com\/blog\/wp-content\/uploads\/2021\/03\/Monika-Kryemadhi.jpg?fit=800%2C515&ssl=1&resize=350%2C200 1x, https:\/\/i0.wp.com\/www.shqiperia.com\/blog\/wp-content\/uploads\/2021\/03\/Monika-Kryemadhi.jpg?fit=800%2C515&ssl=1&resize=525%2C300 1.5x, https:\/\/i0.wp.com\/www.shqiperia.com\/blog\/wp-content\/uploads\/2021\/03\/Monika-Kryemadhi.jpg?fit=800%2C515&ssl=1&resize=700%2C400 2x"},"classes":[]},{"id":67921,"url":"https:\/\/www.shqiperia.com\/blog\/monika-kryemadhi-shthur-gojen-ne-parlament-edi-rama-eshte-dhjaks-i-ka-mbushur-breket\/","url_meta":{"origin":34662,"position":2},"title":"Monika Kryemadhi shthur goj\u00ebn n\u00eb parlament: &#8211; Edi Rama \u00ebsht\u00eb dhjaks, i ka mbushur brek\u00ebt","author":"Kurt Farka","date":"February 13, 2023","format":false,"excerpt":"13 Shkurt 2023 Deputetja e Partis\u00eb s\u00eb Liris\u00eb, Monika Kryemadhi ka shp\u00ebrthyer me nj\u00eb fjalor t\u00eb ashp\u00ebr n\u00eb seanc\u00ebn e sotme plenare, teksa e ka quajtur kryeministrin Edi Rama si frikacak q\u00eb \u201cmbush brek\u00ebt\u201d. Teksa ka marr\u00eb fjal\u00ebn duke i k\u00ebrkuar kryetares s\u00eb kuvendit, Lindita Nikolla t\u00eb t\u00ebrhiqet nga vendimi\u2026","rel":"","context":"In &quot;Blogu i Udh\u00ebtarit&quot;","block_context":{"text":"Blogu i Udh\u00ebtarit","link":"https:\/\/www.shqiperia.com\/blog\/category\/blogu-i-udhetarit\/"},"img":{"alt_text":"","src":"https:\/\/i0.wp.com\/www.shqiperia.com\/blog\/wp-content\/uploads\/2023\/02\/ilir-meta-2.jpg?fit=1024%2C768&ssl=1&resize=350%2C200","width":350,"height":200,"srcset":"https:\/\/i0.wp.com\/www.shqiperia.com\/blog\/wp-content\/uploads\/2023\/02\/ilir-meta-2.jpg?fit=1024%2C768&ssl=1&resize=350%2C200 1x, https:\/\/i0.wp.com\/www.shqiperia.com\/blog\/wp-content\/uploads\/2023\/02\/ilir-meta-2.jpg?fit=1024%2C768&ssl=1&resize=525%2C300 1.5x, https:\/\/i0.wp.com\/www.shqiperia.com\/blog\/wp-content\/uploads\/2023\/02\/ilir-meta-2.jpg?fit=1024%2C768&ssl=1&resize=700%2C400 2x"},"classes":[]},{"id":67934,"url":"https:\/\/www.shqiperia.com\/blog\/monika-kryemadhi-shthur-gojen-ne-parlament-edi-rama-eshte-dhjaks-i-ka-mbushur-breket-2\/","url_meta":{"origin":34662,"position":3},"title":"Monika Kryemadhi shthur goj\u00ebn n\u00eb parlament: &#8211; Edi Rama \u00ebsht\u00eb dhjaks, i ka mbushur brek\u00ebt","author":"Kurt Farka","date":"February 13, 2023","format":false,"excerpt":"13 Dhjetor 2023 Deputetja e Partis\u00eb s\u00eb Liris\u00eb, Monika Kryemadhi ka shp\u00ebrthyer me nj\u00eb fjalor t\u00eb ashp\u00ebr n\u00eb seanc\u00ebn e sotme plenare, teksa e ka quajtur kryeministrin Edi Rama si frikacak q\u00eb \u201cmbush brek\u00ebt\u201d. Teksa ka marr\u00eb fjal\u00ebn duke i k\u00ebrkuar kryetares s\u00eb kuvendit, Lindita Nikolla t\u00eb t\u00ebrhiqet nga vendimi\u2026","rel":"","context":"In &quot;Blogu i Udh\u00ebtarit&quot;","block_context":{"text":"Blogu i Udh\u00ebtarit","link":"https:\/\/www.shqiperia.com\/blog\/category\/blogu-i-udhetarit\/"},"img":{"alt_text":"","src":"https:\/\/i0.wp.com\/www.shqiperia.com\/blog\/wp-content\/uploads\/2023\/02\/800-0-63ea6b5854bdc-1.png?fit=800%2C519&ssl=1&resize=350%2C200","width":350,"height":200,"srcset":"https:\/\/i0.wp.com\/www.shqiperia.com\/blog\/wp-content\/uploads\/2023\/02\/800-0-63ea6b5854bdc-1.png?fit=800%2C519&ssl=1&resize=350%2C200 1x, https:\/\/i0.wp.com\/www.shqiperia.com\/blog\/wp-content\/uploads\/2023\/02\/800-0-63ea6b5854bdc-1.png?fit=800%2C519&ssl=1&resize=525%2C300 1.5x, https:\/\/i0.wp.com\/www.shqiperia.com\/blog\/wp-content\/uploads\/2023\/02\/800-0-63ea6b5854bdc-1.png?fit=800%2C519&ssl=1&resize=700%2C400 2x"},"classes":[]},{"id":39603,"url":"https:\/\/www.shqiperia.com\/blog\/befason-me-deklaraten-monika-kryemadhi-ja-cpo-ndodh-me-kryeministrin\/","url_meta":{"origin":34662,"position":4},"title":"Befason me deklarat\u00ebn Monika Kryemadhi, &#8211; Ja \u00e7\u2019po ndodh me kryeministrin","author":"Kurt Farka","date":"October 13, 2020","format":false,"excerpt":"Befason me deklarat\u00ebn Monika Kryemadhi, - Ja \u00e7\u2019po ndodh me kryeministrin 10 TETOR 2020 Kryetarja e LSI, Monika Kryemadhi ka treguar se \u00e7far\u00eb i thon\u00eb miqt\u00eb e Edi Ram\u00ebs p\u00ebr t\u00eb. Kryemadhi shprehet \u00a0n\u00eb emisionin \u2018\u2019Kjo Jav\u00eb\u2019\u2019 se prej koh\u00ebsh miqt\u00eb e tij i thon\u00eb se ai \u00ebsht\u00eb nervoz, n\u00eb\u2026","rel":"","context":"In &quot;Blogu i Udh\u00ebtarit&quot;","block_context":{"text":"Blogu i Udh\u00ebtarit","link":"https:\/\/www.shqiperia.com\/blog\/category\/blogu-i-udhetarit\/"},"img":{"alt_text":"","src":"https:\/\/i0.wp.com\/www.shqiperia.com\/blog\/wp-content\/uploads\/2020\/10\/edi-rama-2000.jpg?fit=1200%2C600&ssl=1&resize=350%2C200","width":350,"height":200,"srcset":"https:\/\/i0.wp.com\/www.shqiperia.com\/blog\/wp-content\/uploads\/2020\/10\/edi-rama-2000.jpg?fit=1200%2C600&ssl=1&resize=350%2C200 1x, https:\/\/i0.wp.com\/www.shqiperia.com\/blog\/wp-content\/uploads\/2020\/10\/edi-rama-2000.jpg?fit=1200%2C600&ssl=1&resize=525%2C300 1.5x, https:\/\/i0.wp.com\/www.shqiperia.com\/blog\/wp-content\/uploads\/2020\/10\/edi-rama-2000.jpg?fit=1200%2C600&ssl=1&resize=700%2C400 2x, https:\/\/i0.wp.com\/www.shqiperia.com\/blog\/wp-content\/uploads\/2020\/10\/edi-rama-2000.jpg?fit=1200%2C600&ssl=1&resize=1050%2C600 3x"},"classes":[]},{"id":34916,"url":"https:\/\/www.shqiperia.com\/blog\/reforma-zgjedhore-reagon-kryemadhi-lsi-te-njejtin-qendrim-me-bashen-shembja-e-teatrit-provokim-i-rames-per-ta-sabotuar\/","url_meta":{"origin":34662,"position":5},"title":"Reforma Zgjedhore\/ Reagon Kryemadhi: LSI t\u00eb nj\u00ebjtin q\u00ebndrim me Bash\u00ebn. Shembja e Teatrit provokim i Ram\u00ebs p\u00ebr ta sabotuar","author":"Kurt Farka","date":"May 22, 2020","format":false,"excerpt":"Reforma Zgjedhore\/ Reagon Kryemadhi: LSI t\u00eb nj\u00ebjtin q\u00ebndrim me Bash\u00ebn. Shembja e Teatrit provokim i Ram\u00ebs p\u00ebr ta sabotuar 22 maji \u00a02020 Kryetarja e LSI-s\u00eb, Monika Kryemadhi, tha se mb\u00ebshtet q\u00ebndrimin e kreut t\u00eb PD-s\u00eb,\u00a0 Lulzim Bash\u00ebs, p\u00ebr Reform\u00ebn Zgjedhore p\u00ebr t\u2019u kthyer n\u00eb tryez\u00eb\u00a0. Kryemadhi thekson se realizimi i\u2026","rel":"","context":"In &quot;Blogu i Udh\u00ebtarit&quot;","block_context":{"text":"Blogu i Udh\u00ebtarit","link":"https:\/\/www.shqiperia.com\/blog\/category\/blogu-i-udhetarit\/"},"img":{"alt_text":"","src":"https:\/\/i0.wp.com\/www.shqiperia.com\/blog\/wp-content\/uploads\/2020\/05\/Kryemadhi-600x300-1.png?fit=600%2C300&ssl=1&resize=350%2C200","width":350,"height":200,"srcset":"https:\/\/i0.wp.com\/www.shqiperia.com\/blog\/wp-content\/uploads\/2020\/05\/Kryemadhi-600x300-1.png?fit=600%2C300&ssl=1&resize=350%2C200 1x, https:\/\/i0.wp.com\/www.shqiperia.com\/blog\/wp-content\/uploads\/2020\/05\/Kryemadhi-600x300-1.png?fit=600%2C300&ssl=1&resize=525%2C300 1.5x"},"classes":[]}],"_links":{"self":[{"href":"https:\/\/www.shqiperia.com\/blog\/wp-json\/wp\/v2\/posts\/34662","targetHints":{"allow":["GET"]}}],"collection":[{"href":"https:\/\/www.shqiperia.com\/blog\/wp-json\/wp\/v2\/posts"}],"about":[{"href":"https:\/\/www.shqiperia.com\/blog\/wp-json\/wp\/v2\/types\/post"}],"author":[{"embeddable":true,"href":"https:\/\/www.shqiperia.com\/blog\/wp-json\/wp\/v2\/users\/9"}],"replies":[{"embeddable":true,"href":"https:\/\/www.shqiperia.com\/blog\/wp-json\/wp\/v2\/comments?post=34662"}],"version-history":[{"count":1,"href":"https:\/\/www.shqiperia.com\/blog\/wp-json\/wp\/v2\/posts\/34662\/revisions"}],"predecessor-version":[{"id":34664,"href":"https:\/\/www.shqiperia.com\/blog\/wp-json\/wp\/v2\/posts\/34662\/revisions\/34664"}],"wp:featuredmedia":[{"embeddable":true,"href":"https:\/\/www.shqiperia.com\/blog\/wp-json\/wp\/v2\/media\/34663"}],"wp:attachment":[{"href":"https:\/\/www.shqiperia.com\/blog\/wp-json\/wp\/v2\/media?parent=34662"}],"wp:term":[{"taxonomy":"category","embeddable":true,"href":"https:\/\/www.shqiperia.com\/blog\/wp-json\/wp\/v2\/categories?post=34662"},{"taxonomy":"post_tag","embeddable":true,"href":"https:\/\/www.shqiperia.com\/blog\/wp-json\/wp\/v2\/tags?post=34662"}],"curies":[{"name":"wp","href":"https:\/\/api.w.org\/{rel}","templated":true}]}}