{"id":34659,"date":"2020-05-15T00:12:11","date_gmt":"2020-05-15T00:12:11","guid":{"rendered":"https:\/\/www.shqiperia.com\/blog\/?p=34659"},"modified":"2020-05-15T00:12:11","modified_gmt":"2020-05-15T00:12:11","slug":"sot-ishte-dita-me-e-nxehte-ja-si-do-vijojne-temperaturat-neser","status":"publish","type":"post","link":"https:\/\/www.shqiperia.com\/blog\/sot-ishte-dita-me-e-nxehte-ja-si-do-vijojne-temperaturat-neser\/","title":{"rendered":"Sot ishte dita m\u00eb e nxeht\u00eb, ja si do vijojn\u00eb temperaturat nes\u00ebr"},"content":{"rendered":"<p><img data-recalc-dims=\"1\" loading=\"lazy\" decoding=\"async\" data-attachment-id=\"34660\" data-permalink=\"https:\/\/www.shqiperia.com\/blog\/sot-ishte-dita-me-e-nxehte-ja-si-do-vijojne-temperaturat-neser\/moti-3\/\" data-orig-file=\"https:\/\/i0.wp.com\/www.shqiperia.com\/blog\/wp-content\/uploads\/2020\/05\/moti-3.jpg?fit=600%2C360&amp;ssl=1\" data-orig-size=\"600,360\" data-comments-opened=\"1\" data-image-meta=\"{&quot;aperture&quot;:&quot;0&quot;,&quot;credit&quot;:&quot;&quot;,&quot;camera&quot;:&quot;&quot;,&quot;caption&quot;:&quot;&quot;,&quot;created_timestamp&quot;:&quot;0&quot;,&quot;copyright&quot;:&quot;&quot;,&quot;focal_length&quot;:&quot;0&quot;,&quot;iso&quot;:&quot;0&quot;,&quot;shutter_speed&quot;:&quot;0&quot;,&quot;title&quot;:&quot;&quot;,&quot;orientation&quot;:&quot;0&quot;}\" data-image-title=\"moti-3\" data-image-description=\"\" data-image-caption=\"\" data-medium-file=\"https:\/\/i0.wp.com\/www.shqiperia.com\/blog\/wp-content\/uploads\/2020\/05\/moti-3.jpg?fit=300%2C180&amp;ssl=1\" data-large-file=\"https:\/\/i0.wp.com\/www.shqiperia.com\/blog\/wp-content\/uploads\/2020\/05\/moti-3.jpg?fit=600%2C360&amp;ssl=1\" class=\"alignnone  wp-image-34660\" alt=\"\" src=\"https:\/\/i0.wp.com\/www.shqiperia.com\/blog\/wp-content\/uploads\/2020\/05\/moti-3.jpg?resize=472%2C283&#038;ssl=1\" width=\"472\" height=\"283\" srcset=\"https:\/\/i0.wp.com\/www.shqiperia.com\/blog\/wp-content\/uploads\/2020\/05\/moti-3.jpg?resize=300%2C180&amp;ssl=1 300w, https:\/\/i0.wp.com\/www.shqiperia.com\/blog\/wp-content\/uploads\/2020\/05\/moti-3.jpg?resize=450%2C270&amp;ssl=1 450w, https:\/\/i0.wp.com\/www.shqiperia.com\/blog\/wp-content\/uploads\/2020\/05\/moti-3.jpg?resize=400%2C240&amp;ssl=1 400w, https:\/\/i0.wp.com\/www.shqiperia.com\/blog\/wp-content\/uploads\/2020\/05\/moti-3.jpg?w=600&amp;ssl=1 600w\" sizes=\"auto, (max-width: 472px) 100vw, 472px\" \/><\/p>\n<p><strong>Sot ishte dita m\u00eb e nxeht\u00eb, ja si do vijojn\u00eb temperaturat nes\u00ebr<\/strong><\/p>\n<p>&#8211; 14\/05\/20<\/p>\n<p>Temperaturat sot arrit\u00ebn t\u00eb regjistronin vlerat 34 \u00baC n\u00eb Ku\u00e7ov\u00eb dhe 35 \u00baC n\u00eb Tiran\u00eb. Sipas Sh\u00ebrbimit Meteorologjik Ushtarak, kjo situat\u00eb erdhi si pasoj\u00eb e nd\u00ebrhyrjes s\u00eb rrymave t\u00eb nxehta nga Saharaja, duke e cil\u00ebsuar k\u00ebshtu si val\u00ebn e par\u00eb t\u00eb nxeht\u00eb t\u00eb k\u00ebtij viti.<\/p>\n<p>K\u00ebto rryma do t\u00eb vijojn\u00eb t\u00eb qarkullojn\u00eb edhe dit\u00ebn e premte. Or\u00ebt n\u00eb vijim si dhe deri n\u00eb mesdit\u00ebn e s\u00eb premtes era e vrullshme jugore do t\u00eb sjell\u00eb temperatura t\u00eb larta dhe zagushi, pasi vran\u00ebsirat shtresore do t\u00eb mbeten prezente gjat\u00eb nat\u00ebs dhe m\u00ebngjesit t\u00eb nes\u00ebrm<\/p>\n<p>N\u00ebs\u00ebr n\u00eb mesdit\u00eb, jugu i vendit parashikohet t\u00eb sh\u00ebnoj\u00eb vlerat m\u00eb t\u00eb larta t\u00eb temperaturave. Era do t\u00eb humb\u00eb forc\u00eb mesdit\u00ebn e s\u00eb premtes, po k\u00ebshtu dhe val\u00ebzimi n\u00eb dete.<\/p>\n<p><strong>Temperaturat nes\u00ebr parashikohen n\u00eb:<\/strong><\/p>\n<p><em>zonat malore 18\u00ba deri 30\u00baC<\/em><\/p>\n<p><em>zonat e ul\u00ebta 21\u00ba deri 34\u00baC<\/em><\/p>\n<p><em>zonat bregdetare 21\u00ba deri 31\u00baC\u00a0\u00a0\u00a0\u00a0\u00a0\u00a0\u00a0\u00a0\u00a0\u00a0\u00a0\u00a0\u00a0\u00a0\u00a0\u00a0\u00a0\u00a0\u00a0\u00a0\u00a0\u00a0\u00a0\u00a0\u00a0\u00a0\u00a0\u00a0\u00a0\u00a0\u00a0\u00a0\u00a0 <\/em><\/p>\n<p><a href=\"https:\/\/gazetamapo.al\/sot-dita-me-e-nxehte-ja-si-do-vijojne-temperaturat-neser\/\"><strong>mapo.al<\/strong><\/a><\/p>\n","protected":false},"excerpt":{"rendered":"<p>Sot ishte dita m\u00eb e nxeht\u00eb, ja si do vijojn\u00eb temperaturat nes\u00ebr &#8211; 14\/05\/20 Temperaturat sot arrit\u00ebn t\u00eb regjistronin vlerat 34 \u00baC n\u00eb Ku\u00e7ov\u00eb dhe 35 \u00baC n\u00eb Tiran\u00eb. Sipas Sh\u00ebrbimit Meteorologjik Ushtarak, kjo situat\u00eb erdhi si pasoj\u00eb e nd\u00ebrhyrjes s\u00eb rrymave t\u00eb nxehta nga Saharaja, duke e cil\u00ebsuar k\u00ebshtu si val\u00ebn e par\u00eb t\u00eb [&hellip;]<\/p>\n","protected":false},"author":9,"featured_media":34660,"comment_status":"open","ping_status":"open","sticky":false,"template":"","format":"standard","meta":{"jetpack_post_was_ever_published":false,"_jetpack_newsletter_access":"","_jetpack_dont_email_post_to_subs":false,"_jetpack_newsletter_tier_id":0,"_jetpack_memberships_contains_paywalled_content":false,"_jetpack_memberships_contains_paid_content":false,"footnotes":"","jetpack_publicize_message":"","jetpack_publicize_feature_enabled":true,"jetpack_social_post_already_shared":true,"jetpack_social_options":{"image_generator_settings":{"template":"highway","default_image_id":0,"font":"","enabled":false},"version":2}},"categories":[27],"tags":[],"class_list":["post-34659","post","type-post","status-publish","format-standard","has-post-thumbnail","hentry","category-blogu-i-udhetarit"],"jetpack_publicize_connections":[],"jetpack_featured_media_url":"https:\/\/i0.wp.com\/www.shqiperia.com\/blog\/wp-content\/uploads\/2020\/05\/moti-3.jpg?fit=600%2C360&ssl=1","jetpack_sharing_enabled":true,"jetpack_shortlink":"https:\/\/wp.me\/p5Z6wp-911","jetpack-related-posts":[{"id":82811,"url":"https:\/\/www.shqiperia.com\/blog\/e-merkura-do-te-jete-dita-me-e-nxehte-e-korrikut-ja-sa-pritet-te-shkojne-temperaturat\/","url_meta":{"origin":34659,"position":0},"title":"E m\u00ebrkura do t\u00eb jet\u00eb dita m\u00eb e nxeht\u00eb e Korrikut, ja sa pritet t\u00eb shkojn\u00eb temperaturat","author":"Kurt Farka","date":"July 16, 2024","format":false,"excerpt":"16 Korrik 2024 Java ka nisur e nxeht\u00eb dhe me temperatura t\u00eb larta, duke sh\u00ebnuar sot edhe viktim\u00ebn e par\u00eb n\u00eb Memaliaj, por sipas meteorologes Tanja Porja, nes\u00ebr do t\u00eb jet\u00eb dita m\u00eb e nxeht\u00eb e jav\u00ebs dhe ndoshta e t\u00eb gjith\u00eb korrikut. Ajo thekson se e m\u00ebrkura dhe enjtja\u2026","rel":"","context":"In &quot;Blogu i Udh\u00ebtarit&quot;","block_context":{"text":"Blogu i Udh\u00ebtarit","link":"https:\/\/www.shqiperia.com\/blog\/category\/blogu-i-udhetarit\/"},"img":{"alt_text":"","src":"https:\/\/i0.wp.com\/www.shqiperia.com\/blog\/wp-content\/uploads\/2024\/07\/640-0-375cfb20fd30acb81ae6587a510fbb18.jpg?fit=640%2C356&ssl=1&resize=350%2C200","width":350,"height":200,"srcset":"https:\/\/i0.wp.com\/www.shqiperia.com\/blog\/wp-content\/uploads\/2024\/07\/640-0-375cfb20fd30acb81ae6587a510fbb18.jpg?fit=640%2C356&ssl=1&resize=350%2C200 1x, https:\/\/i0.wp.com\/www.shqiperia.com\/blog\/wp-content\/uploads\/2024\/07\/640-0-375cfb20fd30acb81ae6587a510fbb18.jpg?fit=640%2C356&ssl=1&resize=525%2C300 1.5x"},"classes":[]},{"id":72952,"url":"https:\/\/www.shqiperia.com\/blog\/sot-dita-me-e-nxehte-ne-berat-dhe-elbasan-temperaturat-shkojne-deri-ne-43c\/","url_meta":{"origin":34659,"position":1},"title":"Sot dita m\u00eb e nxeht\u00eb, n\u00eb Berat dhe Elbasan temperaturat shkojn\u00eb deri n\u00eb 43\u00b0C","author":"Kurt Farka","date":"July 25, 2023","format":false,"excerpt":"25 Korrik 2023 Riaktivizimi i val\u00ebve t\u00eb t\u00eb nxehtit Afrikan do t\u00eb kusht\u00ebzoje n\u00eb vendin ton\u00eb s\u00ebrisht mot t\u00eb kthjell\u00ebt dhe shum\u00eb t\u00eb nxeht\u00eb. Problematike situata nga temperaturat ekstremisht t\u00eb larta do t\u00eb jen\u00eb n\u00eb zon\u00ebn midis Elbasanit deri posht\u00eb n\u00eb Berat ku termometri do t\u00eb ngjitet s\u00ebrish n\u00eb 43\u2026","rel":"","context":"In &quot;Blogu i Udh\u00ebtarit&quot;","block_context":{"text":"Blogu i Udh\u00ebtarit","link":"https:\/\/www.shqiperia.com\/blog\/category\/blogu-i-udhetarit\/"},"img":{"alt_text":"","src":"https:\/\/i0.wp.com\/www.shqiperia.com\/blog\/wp-content\/uploads\/2023\/07\/moti-1-691x400-1-300x174.jpg?resize=350%2C200&ssl=1","width":350,"height":200,"srcset":"https:\/\/i0.wp.com\/www.shqiperia.com\/blog\/wp-content\/uploads\/2023\/07\/moti-1-691x400-1-300x174.jpg?resize=350%2C200&ssl=1 1x, https:\/\/i0.wp.com\/www.shqiperia.com\/blog\/wp-content\/uploads\/2023\/07\/moti-1-691x400-1-300x174.jpg?resize=525%2C300&ssl=1 1.5x"},"classes":[]},{"id":29697,"url":"https:\/\/www.shqiperia.com\/blog\/moti-neser-temperaturat-zbresin-nen-zero\/","url_meta":{"origin":34659,"position":2},"title":"Moti, nes\u00ebr temperaturat zbresin n\u00ebn zero. &#8211;","author":"Kurt Farka","date":"December 25, 2019","format":false,"excerpt":"Moti, nes\u00ebr temperaturat zbresin n\u00ebn zero. Dita e nes\u00ebrme do t\u00eb sjell\u00eb ulje t\u00eb m\u00ebtejshme t\u00eb temperaturave. N\u00eb kryeqytet temperaturat e ul\u00ebta pritet t\u00eb bien n\u00ebn zero grad\u00eb celsius, nd\u00ebrsa n\u00eb vendet malore do t\u00eb shkojn\u00eb n\u00eb -3. Sa i p\u00ebrket temperaturave t\u00eb larta n\u00eb vendet e ul\u00ebta pritet t\u00eb\u2026","rel":"","context":"In &quot;Blogu i Udh\u00ebtarit&quot;","block_context":{"text":"Blogu i Udh\u00ebtarit","link":"https:\/\/www.shqiperia.com\/blog\/category\/blogu-i-udhetarit\/"},"img":{"alt_text":"","src":"https:\/\/i0.wp.com\/www.shqiperia.com\/blog\/wp-content\/uploads\/2019\/12\/moti-1.jpg?fit=600%2C334&ssl=1&resize=350%2C200","width":350,"height":200,"srcset":"https:\/\/i0.wp.com\/www.shqiperia.com\/blog\/wp-content\/uploads\/2019\/12\/moti-1.jpg?fit=600%2C334&ssl=1&resize=350%2C200 1x, https:\/\/i0.wp.com\/www.shqiperia.com\/blog\/wp-content\/uploads\/2019\/12\/moti-1.jpg?fit=600%2C334&ssl=1&resize=525%2C300 1.5x"},"classes":[]},{"id":43038,"url":"https:\/\/www.shqiperia.com\/blog\/neser-dita-me-e-ftohte-igjeum-parashikon-si-do-te-jete-moti-te-henen-dhe-ne-cilat-zona-do-te-bien-reshje-bore-ja-sa-grade-nen-zero-pritet-te-jene-temperaturat\/","url_meta":{"origin":34659,"position":3},"title":"Nes\u00ebr dita m\u00eb e ftoht\u00eb\/ IGJEUM parashikon si do t\u00eb jet\u00eb moti t\u00eb h\u00ebn\u00ebn dhe n\u00eb cilat zona do t\u00eb bien reshje bore (Ja sa grad\u00eb n\u00ebn zero pritet t\u00eb jen\u00eb temperaturat)","author":"Kurt Farka","date":"January 17, 2021","format":false,"excerpt":"Nes\u00ebr dita m\u00eb e ftoht\u00eb\/ IGJEUM parashikon si do t\u00eb jet\u00eb moti t\u00eb h\u00ebn\u00ebn dhe n\u00eb cilat zona do t\u00eb bien reshje bore (Ja sa grad\u00eb n\u00ebn zero pritet t\u00eb jen\u00eb temperaturat) 17 JANAR 2021 Instituti i Gjeoshkencave, n\u00eb parashikimin q\u00eb b\u00ebn p\u00ebr nes\u00ebr, thot\u00eb se temperaturat do t\u00eb arrijn\u00eb\u2026","rel":"","context":"In &quot;Blogu i Udh\u00ebtarit&quot;","block_context":{"text":"Blogu i Udh\u00ebtarit","link":"https:\/\/www.shqiperia.com\/blog\/category\/blogu-i-udhetarit\/"},"img":{"alt_text":"","src":"https:\/\/i0.wp.com\/www.shqiperia.com\/blog\/wp-content\/uploads\/2021\/01\/640-0-6004194fc1da3.jpg?fit=640%2C351&ssl=1&resize=350%2C200","width":350,"height":200,"srcset":"https:\/\/i0.wp.com\/www.shqiperia.com\/blog\/wp-content\/uploads\/2021\/01\/640-0-6004194fc1da3.jpg?fit=640%2C351&ssl=1&resize=350%2C200 1x, https:\/\/i0.wp.com\/www.shqiperia.com\/blog\/wp-content\/uploads\/2021\/01\/640-0-6004194fc1da3.jpg?fit=640%2C351&ssl=1&resize=525%2C300 1.5x"},"classes":[]},{"id":58559,"url":"https:\/\/www.shqiperia.com\/blog\/i-nxehti-afrikan-godet-vendin-tone-mesoni-sa-grade-pritet-te-shkojne-sot-temperaturat-dhe-surprizat-qe-ka-rezervuar-moti\/","url_meta":{"origin":34659,"position":4},"title":"I nxehti afrikan godet vendin ton\u00eb, m\u00ebsoni sa grad\u00eb pritet t\u00eb shkojn\u00eb sot temperaturat dhe surprizat q\u00eb ka rezervuar moti","author":"Kurt Farka","date":"June 4, 2022","format":false,"excerpt":"4 Qershor 2022 Sipas MeteoAlb, dep\u00ebrtimi i masave ajrore me origjin\u00eb Afrikane do t\u00eb diktoj\u00eb n\u00eb vendin tone mot te kthjellet dhe t\u00eb nxeht\u00eb gjat\u00eb gjith\u00eb paradites por or\u00ebt e pasdites do t\u00eb sjellin kalime vran\u00ebsirash n\u00ebp\u00ebr t\u00eb gjith\u00eb territorin e vendit ku m\u00eb t\u00eb theksuara vran\u00ebsirat paraqiten n\u00eb zonat\u2026","rel":"","context":"In &quot;Kultura&quot;","block_context":{"text":"Kultura","link":"https:\/\/www.shqiperia.com\/blog\/category\/kultura\/"},"img":{"alt_text":"","src":"https:\/\/i0.wp.com\/www.shqiperia.com\/blog\/wp-content\/uploads\/2022\/06\/800-0-b34d08e676f2c80a72201718b72e7b6f.jpg?fit=800%2C471&ssl=1&resize=350%2C200","width":350,"height":200,"srcset":"https:\/\/i0.wp.com\/www.shqiperia.com\/blog\/wp-content\/uploads\/2022\/06\/800-0-b34d08e676f2c80a72201718b72e7b6f.jpg?fit=800%2C471&ssl=1&resize=350%2C200 1x, https:\/\/i0.wp.com\/www.shqiperia.com\/blog\/wp-content\/uploads\/2022\/06\/800-0-b34d08e676f2c80a72201718b72e7b6f.jpg?fit=800%2C471&ssl=1&resize=525%2C300 1.5x, https:\/\/i0.wp.com\/www.shqiperia.com\/blog\/wp-content\/uploads\/2022\/06\/800-0-b34d08e676f2c80a72201718b72e7b6f.jpg?fit=800%2C471&ssl=1&resize=700%2C400 2x"},"classes":[]},{"id":42914,"url":"https:\/\/www.shqiperia.com\/blog\/neser-ulen-akoma-temperaturat-ngrica-te-forta-ne-rruge-dhesinoptikanet-bora-rikthehet-ne-mbremje\/","url_meta":{"origin":34659,"position":5},"title":"Nes\u00ebr ulen akoma temperaturat, ngrica t\u00eb forta n\u00eb rrug\u00eb dhe\u2026sinoptikan\u00ebt: Bora rikthehet n\u00eb mbr\u00ebmje","author":"Kurt Farka","date":"January 14, 2021","format":false,"excerpt":"Nes\u00ebr ulen akoma temperaturat, ngrica t\u00eb forta n\u00eb rrug\u00eb dhe\u2026sinoptikan\u00ebt: Bora rikthehet n\u00eb mbr\u00ebmje 14 janar 2021 Reshjet e shiut dhe t\u00eb d\u00ebbor\u00ebs do t\u00eb jen\u00eb t\u00eb pranishme deri n\u00eb or\u00ebt e para t\u00eb m\u00ebngjesit t\u00eb s\u00eb premtes. Sipas sinoptikan\u00ebve, ato do t\u00eb nd\u00ebrpriten n\u00eb t\u00eb gjith\u00eb vendin p\u00ebr tu\u2026","rel":"","context":"In &quot;Blogu i Udh\u00ebtarit&quot;","block_context":{"text":"Blogu i Udh\u00ebtarit","link":"https:\/\/www.shqiperia.com\/blog\/category\/blogu-i-udhetarit\/"},"img":{"alt_text":"","src":"https:\/\/i0.wp.com\/www.shqiperia.com\/blog\/wp-content\/uploads\/2021\/01\/bore-ne-rruge.jpg?fit=576%2C355&ssl=1&resize=350%2C200","width":350,"height":200,"srcset":"https:\/\/i0.wp.com\/www.shqiperia.com\/blog\/wp-content\/uploads\/2021\/01\/bore-ne-rruge.jpg?fit=576%2C355&ssl=1&resize=350%2C200 1x, https:\/\/i0.wp.com\/www.shqiperia.com\/blog\/wp-content\/uploads\/2021\/01\/bore-ne-rruge.jpg?fit=576%2C355&ssl=1&resize=525%2C300 1.5x"},"classes":[]}],"_links":{"self":[{"href":"https:\/\/www.shqiperia.com\/blog\/wp-json\/wp\/v2\/posts\/34659","targetHints":{"allow":["GET"]}}],"collection":[{"href":"https:\/\/www.shqiperia.com\/blog\/wp-json\/wp\/v2\/posts"}],"about":[{"href":"https:\/\/www.shqiperia.com\/blog\/wp-json\/wp\/v2\/types\/post"}],"author":[{"embeddable":true,"href":"https:\/\/www.shqiperia.com\/blog\/wp-json\/wp\/v2\/users\/9"}],"replies":[{"embeddable":true,"href":"https:\/\/www.shqiperia.com\/blog\/wp-json\/wp\/v2\/comments?post=34659"}],"version-history":[{"count":1,"href":"https:\/\/www.shqiperia.com\/blog\/wp-json\/wp\/v2\/posts\/34659\/revisions"}],"predecessor-version":[{"id":34661,"href":"https:\/\/www.shqiperia.com\/blog\/wp-json\/wp\/v2\/posts\/34659\/revisions\/34661"}],"wp:featuredmedia":[{"embeddable":true,"href":"https:\/\/www.shqiperia.com\/blog\/wp-json\/wp\/v2\/media\/34660"}],"wp:attachment":[{"href":"https:\/\/www.shqiperia.com\/blog\/wp-json\/wp\/v2\/media?parent=34659"}],"wp:term":[{"taxonomy":"category","embeddable":true,"href":"https:\/\/www.shqiperia.com\/blog\/wp-json\/wp\/v2\/categories?post=34659"},{"taxonomy":"post_tag","embeddable":true,"href":"https:\/\/www.shqiperia.com\/blog\/wp-json\/wp\/v2\/tags?post=34659"}],"curies":[{"name":"wp","href":"https:\/\/api.w.org\/{rel}","templated":true}]}}