{"id":34656,"date":"2020-05-14T23:00:57","date_gmt":"2020-05-14T23:00:57","guid":{"rendered":"https:\/\/www.shqiperia.com\/blog\/?p=34656"},"modified":"2020-05-14T23:00:57","modified_gmt":"2020-05-14T23:00:57","slug":"aktorja-e-mirenjohur-roza-anagnosti-jam-me-teatrin-dhe-artistet-nuk-duhet-shembur","status":"publish","type":"post","link":"https:\/\/www.shqiperia.com\/blog\/aktorja-e-mirenjohur-roza-anagnosti-jam-me-teatrin-dhe-artistet-nuk-duhet-shembur\/","title":{"rendered":"Aktorja e mir\u00ebnjohur Roza Anagnosti: Jam me teatrin dhe artist\u00ebt. Nuk duhet shembur"},"content":{"rendered":"<p><img data-recalc-dims=\"1\" loading=\"lazy\" decoding=\"async\" data-attachment-id=\"34657\" data-permalink=\"https:\/\/www.shqiperia.com\/blog\/aktorja-e-mirenjohur-roza-anagnosti-jam-me-teatrin-dhe-artistet-nuk-duhet-shembur\/roza-anagnosti-3\/\" data-orig-file=\"https:\/\/i0.wp.com\/www.shqiperia.com\/blog\/wp-content\/uploads\/2020\/05\/Roza-Anagnosti.jpg?fit=750%2C375&amp;ssl=1\" data-orig-size=\"750,375\" data-comments-opened=\"1\" data-image-meta=\"{&quot;aperture&quot;:&quot;0&quot;,&quot;credit&quot;:&quot;&quot;,&quot;camera&quot;:&quot;&quot;,&quot;caption&quot;:&quot;&quot;,&quot;created_timestamp&quot;:&quot;0&quot;,&quot;copyright&quot;:&quot;&quot;,&quot;focal_length&quot;:&quot;0&quot;,&quot;iso&quot;:&quot;0&quot;,&quot;shutter_speed&quot;:&quot;0&quot;,&quot;title&quot;:&quot;&quot;,&quot;orientation&quot;:&quot;0&quot;}\" data-image-title=\"Roza Anagnosti\" data-image-description=\"\" data-image-caption=\"\" data-medium-file=\"https:\/\/i0.wp.com\/www.shqiperia.com\/blog\/wp-content\/uploads\/2020\/05\/Roza-Anagnosti.jpg?fit=300%2C150&amp;ssl=1\" data-large-file=\"https:\/\/i0.wp.com\/www.shqiperia.com\/blog\/wp-content\/uploads\/2020\/05\/Roza-Anagnosti.jpg?fit=750%2C375&amp;ssl=1\" class=\"alignnone  wp-image-34657\" alt=\"\" src=\"https:\/\/i0.wp.com\/www.shqiperia.com\/blog\/wp-content\/uploads\/2020\/05\/Roza-Anagnosti.jpg?resize=516%2C258&#038;ssl=1\" width=\"516\" height=\"258\" srcset=\"https:\/\/i0.wp.com\/www.shqiperia.com\/blog\/wp-content\/uploads\/2020\/05\/Roza-Anagnosti.jpg?resize=300%2C150&amp;ssl=1 300w, https:\/\/i0.wp.com\/www.shqiperia.com\/blog\/wp-content\/uploads\/2020\/05\/Roza-Anagnosti.jpg?resize=450%2C225&amp;ssl=1 450w, https:\/\/i0.wp.com\/www.shqiperia.com\/blog\/wp-content\/uploads\/2020\/05\/Roza-Anagnosti.jpg?resize=600%2C300&amp;ssl=1 600w, https:\/\/i0.wp.com\/www.shqiperia.com\/blog\/wp-content\/uploads\/2020\/05\/Roza-Anagnosti.jpg?resize=400%2C200&amp;ssl=1 400w, https:\/\/i0.wp.com\/www.shqiperia.com\/blog\/wp-content\/uploads\/2020\/05\/Roza-Anagnosti.jpg?w=750&amp;ssl=1 750w\" sizes=\"auto, (max-width: 516px) 100vw, 516px\" \/><\/p>\n<p>Aktorja e mir\u00ebnjohur Roza Anagnosti: Jam me teatrin dhe artist\u00ebt. Nuk duhet shembur<\/p>\n<p>Ai \u00ebsht\u00eb vler\u00eb q\u00eb duhet ruajtur dhe duket rikonstruktuar, aq m\u00eb tep\u00ebr q\u00eb i kan\u00eb gjetur fondet<\/p>\n<p><a href=\"https:\/\/kohajone.com\/aktorja-e-mirenjohur-roza-anagnosti-jam-me-teatrin-dhe-artistet-nuk-duhet-shembur\/\">14\/05\/2020 <\/a><\/p>\n<p>Sot ka reaguar edhe aktorja e mir\u00ebnjohur Roza Anagnosti. Ajo ka shkruar se do jet\u00eb n\u00eb krah t\u00eb kauz\u00ebs s\u00eb Teatrit Komb\u00ebtar. Anagnosti thot\u00eb se \u00ebsht\u00eb me teatrin dhe i bashkohet koleg\u00ebve, pavar\u00ebsisht se nuk mund t\u00eb jet\u00eb n\u00eb shesh me ta p\u00ebr arsye fizike.<\/p>\n<p><strong>\u201cUn\u00eb jam me teatrin, e mb\u00ebshtes teatrin, \u00ebsht\u00eb memorie, p\u00ebr ne q\u00eb jemi k\u00ebtu e p\u00ebr ata q\u00eb jan\u00eb jasht\u00eb. Zhvillimet e reja e kuptoj q\u00eb vijn\u00eb, por jan\u00eb disa gj\u00ebra, q\u00eb duhet t\u2019i ruajm\u00eb. U bashkohem koleg\u00ebve, kam ndjeshm\u00ebrin\u00eb e sinqert\u00eb, \u00ebsht\u00eb vend ku kam emocione. Un\u00eb s\u2019mund t\u00eb rri n\u00eb shesh, por jam me ta. Aty jan\u00eb shpirtrat e shum\u00eb artist\u00ebve q\u00eb kan\u00eb b\u00ebr\u00eb.<\/strong><\/p>\n<p><strong>Kan\u00eb folur p\u00ebr t\u00eb emra t\u00eb njohur t\u00eb trash\u00ebgimis\u00eb, nga Emin Riza te Maks Velo i shkret\u00eb, u besoj gjykimeve t\u00eb tyre.<\/strong><br \/>\n<strong>Un\u00eb nuk e kuptoj gjith\u00eb k\u00ebt\u00eb, q\u00eb po ndodh. Thon\u00eb se \u00ebsht\u00eb shumica! Por duhet t\u00eb respektosh popullin t\u00ebnd. Nuk jan\u00eb vet\u00ebm artist\u00ebt q\u00eb e mb\u00ebshtesin, \u00ebsht\u00eb edhe populli, e nuk mund t\u00eb mos e respektosh, duhet t\u2019i d\u00ebgjosh. Ne e kemi th\u00ebn\u00eb fjal\u00ebn ton\u00eb, n\u00eb m\u00ebnyr\u00ebn m\u00eb humane e t\u00eb kulturuar.<\/strong><br \/>\n<strong>Ai \u00ebsht\u00eb vler\u00eb q\u00eb duhet ruajtur dhe duket rikonstruktuar, aq m\u00eb tep\u00ebr q\u00eb i kan\u00eb gjetur fondet. Por njer\u00ebzit, edhe mund t\u00eb jepnin para p\u00ebr t\u00eb ndihmuar.<\/strong><br \/>\n<strong>Do ishte mir\u00eb, q\u00eb kjo koh\u00eb t\u00eb kishte vlejtur, p\u00ebr bashk\u00ebpunim e bashk\u00ebrendim. Nuk \u00ebsht\u00eb \u00ebsht\u00eb koh\u00eb p\u00ebr k\u00ebt\u00eb, kur i kemi njer\u00ebzit jasht\u00eb, kur jemi t\u00eb bllokuar. Nuk m\u00eb duket e arsyeshme t\u00eb krijohen artifica n\u00eb k\u00ebt\u00eb situat\u00eb q\u00eb po kalojm\u00eb.\u201d<\/strong>\u00a0-shkruan Anagnosti n\u00eb nj\u00eb deklarat\u00eb shp\u00ebrndar\u00eb mediave.<\/p>\n<p>Gazeta Koha e Jone<\/p>\n","protected":false},"excerpt":{"rendered":"<p>Aktorja e mir\u00ebnjohur Roza Anagnosti: Jam me teatrin dhe artist\u00ebt. Nuk duhet shembur Ai \u00ebsht\u00eb vler\u00eb q\u00eb duhet ruajtur dhe duket rikonstruktuar, aq m\u00eb tep\u00ebr q\u00eb i kan\u00eb gjetur fondet 14\/05\/2020 Sot ka reaguar edhe aktorja e mir\u00ebnjohur Roza Anagnosti. Ajo ka shkruar se do jet\u00eb n\u00eb krah t\u00eb kauz\u00ebs s\u00eb Teatrit Komb\u00ebtar. Anagnosti thot\u00eb [&hellip;]<\/p>\n","protected":false},"author":9,"featured_media":34657,"comment_status":"open","ping_status":"open","sticky":false,"template":"","format":"standard","meta":{"jetpack_post_was_ever_published":false,"_jetpack_newsletter_access":"","_jetpack_dont_email_post_to_subs":false,"_jetpack_newsletter_tier_id":0,"_jetpack_memberships_contains_paywalled_content":false,"_jetpack_memberships_contains_paid_content":false,"footnotes":"","jetpack_publicize_message":"","jetpack_publicize_feature_enabled":true,"jetpack_social_post_already_shared":true,"jetpack_social_options":{"image_generator_settings":{"template":"highway","default_image_id":0,"font":"","enabled":false},"version":2}},"categories":[27,35,86],"tags":[],"class_list":["post-34656","post","type-post","status-publish","format-standard","has-post-thumbnail","hentry","category-blogu-i-udhetarit","category-shoqerore","category-trashegimi-kulturore"],"jetpack_publicize_connections":[],"jetpack_featured_media_url":"https:\/\/i0.wp.com\/www.shqiperia.com\/blog\/wp-content\/uploads\/2020\/05\/Roza-Anagnosti.jpg?fit=750%2C375&ssl=1","jetpack_sharing_enabled":true,"jetpack_shortlink":"https:\/\/wp.me\/p5Z6wp-90Y","jetpack-related-posts":[{"id":3313,"url":"https:\/\/www.shqiperia.com\/blog\/roza-anagnosti-teatri-eshte-shenjte-jam-artistet-jam-ndreniken-_\/","url_meta":{"origin":34656,"position":0},"title":"Roza Anagnosti: Teatri \u00ebsht\u00eb i shenjt\u00eb, jam me artist\u00ebt! Jam me Ndrenik\u00ebn. _","author":"Kurt Farka","date":"February 16, 2018","format":false,"excerpt":"\u201cTeatri \u00ebsht\u00eb i shenjt\u00eb, un\u00eb jam me artist\u00ebt. Jam me Robert Ndrenik\u00ebn\u201d. K\u00ebshtu u shpreh dje aktorja e njohur Roza Anagnosti p\u00ebr \u201cGazeta Shqiptare\u201d. E pyetur p\u00ebr debatin q\u00eb po zhvillohet, Anganosti tha dje se teatri duhet t\u00eb jet\u00eb n\u00eb qend\u00ebr, n\u00eb t\u00eb nj\u00ebjtin truall ku \u00ebsht\u00eb Teatri Komb\u00ebtar ekzistues.\u2026","rel":"","context":"In &quot;Arte&quot;","block_context":{"text":"Arte","link":"https:\/\/www.shqiperia.com\/blog\/category\/arte\/"},"img":{"alt_text":"","src":"https:\/\/i0.wp.com\/www.shqiperia.com\/blog\/wp-content\/uploads\/2018\/02\/Roza-Anagnosti.jpg?fit=770%2C433&ssl=1&resize=350%2C200","width":350,"height":200,"srcset":"https:\/\/i0.wp.com\/www.shqiperia.com\/blog\/wp-content\/uploads\/2018\/02\/Roza-Anagnosti.jpg?fit=770%2C433&ssl=1&resize=350%2C200 1x, https:\/\/i0.wp.com\/www.shqiperia.com\/blog\/wp-content\/uploads\/2018\/02\/Roza-Anagnosti.jpg?fit=770%2C433&ssl=1&resize=525%2C300 1.5x, https:\/\/i0.wp.com\/www.shqiperia.com\/blog\/wp-content\/uploads\/2018\/02\/Roza-Anagnosti.jpg?fit=770%2C433&ssl=1&resize=700%2C400 2x"},"classes":[]},{"id":40210,"url":"https:\/\/www.shqiperia.com\/blog\/aktorja-e-njohur-roza-anagnosti-feston-77-vjetorin\/","url_meta":{"origin":34656,"position":1},"title":"Aktorja e njohur Roza Anagnosti feston 77-vjetorin","author":"Kurt Farka","date":"October 28, 2020","format":false,"excerpt":"Aktorja e njohur Roza Anagnosti feston 77-vjetorin 27 Tetor, 2020 Roza Anagnosti festoi dit\u00eblindjen e saj t\u00eb 77. Aktorja e njohur i p\u00ebrket atij brezi q\u00eb themeluan teatrin dhe kinematografin\u00eb shqiptare dhe \u00ebsht\u00eb nd\u00ebr t\u00eb paktat aktore q\u00eb jan\u00eb modeli ku aktoret dhe aktor\u00ebt e rinj i referohen p\u00ebr t\u2019u\u2026","rel":"","context":"In &quot;Arte&quot;","block_context":{"text":"Arte","link":"https:\/\/www.shqiperia.com\/blog\/category\/arte\/"},"img":{"alt_text":"","src":"https:\/\/i0.wp.com\/www.shqiperia.com\/blog\/wp-content\/uploads\/2020\/10\/Roza-Anagnosti..jpg?fit=770%2C443&ssl=1&resize=350%2C200","width":350,"height":200,"srcset":"https:\/\/i0.wp.com\/www.shqiperia.com\/blog\/wp-content\/uploads\/2020\/10\/Roza-Anagnosti..jpg?fit=770%2C443&ssl=1&resize=350%2C200 1x, https:\/\/i0.wp.com\/www.shqiperia.com\/blog\/wp-content\/uploads\/2020\/10\/Roza-Anagnosti..jpg?fit=770%2C443&ssl=1&resize=525%2C300 1.5x, https:\/\/i0.wp.com\/www.shqiperia.com\/blog\/wp-content\/uploads\/2020\/10\/Roza-Anagnosti..jpg?fit=770%2C443&ssl=1&resize=700%2C400 2x"},"classes":[]},{"id":13127,"url":"https:\/\/www.shqiperia.com\/blog\/eva-pellumbi-nuk-u-vleresova-kurre-per-cfare-dhashe-ne-art-as-emrin-nuk-ma-shenonin-ne-filmat-ku-luaja\/","url_meta":{"origin":34656,"position":2},"title":"Eva P\u00ebllumbi: Nuk u vler\u00ebsova kurr\u00eb p\u00ebr \u00e7far\u00eb dhash\u00eb n\u00eb art, as emrin nuk ma sh\u00ebnonin n\u00eb filmat ku luaja&#8230;-","author":"Kurt Farka","date":"October 28, 2018","format":false,"excerpt":"Eva P\u00ebllumbi: Nuk u vler\u00ebsova kurr\u00eb p\u00ebr \u00e7far\u00eb dhash\u00eb n\u00eb art, as emrin nuk ma sh\u00ebnonin n\u00eb filmat ku luaja...- Aktorja Eva P\u00ebllumbi pas largimit n\u00eb vitin 1990 nga Shqip\u00ebria, filloi jet\u00ebn e saj n\u00eb Gjermani. V\u00ebshtir\u00ebsit\u00eb n\u00eb fillim me jet\u00ebn e re nuk munguan p\u00ebr aktoren, por fal\u00eb pun\u00ebs\u2026","rel":"","context":"In &quot;Arte&quot;","block_context":{"text":"Arte","link":"https:\/\/www.shqiperia.com\/blog\/category\/arte\/"},"img":{"alt_text":"","src":"https:\/\/i0.wp.com\/www.shqiperia.com\/blog\/wp-content\/uploads\/2018\/10\/EVA-PELLUMBI-7-300x169-300x169.jpg?resize=350%2C200","width":350,"height":200},"classes":[]},{"id":93443,"url":"https:\/\/www.shqiperia.com\/blog\/ndahet-nga-jeta-ne-moshen-89-vjecare-regjisori-i-njohur-dhimiter-anagnosti\/","url_meta":{"origin":34656,"position":3},"title":"Ndahet nga jeta n\u00eb mosh\u00ebn 89-vje\u00e7are regjisori i njohur, Dhimit\u00ebr Anagnosti","author":"Kurt Farka","date":"September 1, 2025","format":false,"excerpt":"1 Shtator 2025 Ka nd\u00ebrruar jet\u00eb n\u00eb mosh\u00ebn 89-vje\u00e7are regjisori i njohur, Dhimit\u00ebr Anagnosti. Lajmin e trisht\u00eb e ka b\u00ebr\u00eb me dije vajza e tij, Juna Anagnosti p\u00ebrmes nj\u00eb postimi n\u00eb rrjete sociale, e cila thote se \u201cpas nj\u00eb l\u00ebngimi t\u00eb gjat\u00eb iu binde ligjit t\u00eb jet\u00ebs\u201d. \u201cLamtumir\u00eb Dhimit\u00ebr Anagnosti,\u2026","rel":"","context":"In &quot;Blogu i Udh\u00ebtarit&quot;","block_context":{"text":"Blogu i Udh\u00ebtarit","link":"https:\/\/www.shqiperia.com\/blog\/category\/blogu-i-udhetarit\/"},"img":{"alt_text":"","src":"https:\/\/i0.wp.com\/www.shqiperia.com\/blog\/wp-content\/uploads\/2025\/09\/dhimiter-anagnosti-1-1.jpg?fit=631%2C543&ssl=1&resize=350%2C200","width":350,"height":200,"srcset":"https:\/\/i0.wp.com\/www.shqiperia.com\/blog\/wp-content\/uploads\/2025\/09\/dhimiter-anagnosti-1-1.jpg?fit=631%2C543&ssl=1&resize=350%2C200 1x, https:\/\/i0.wp.com\/www.shqiperia.com\/blog\/wp-content\/uploads\/2025\/09\/dhimiter-anagnosti-1-1.jpg?fit=631%2C543&ssl=1&resize=525%2C300 1.5x"},"classes":[]},{"id":27534,"url":"https:\/\/www.shqiperia.com\/blog\/senatori-italian-ne-teatrin-kombetar-godina-vlere-e-perbashket-sduhet-shembur\/","url_meta":{"origin":34656,"position":4},"title":"Senatori italian n\u00eb Teatrin Komb\u00ebtar: Godina vler\u00eb e p\u00ebrbashk\u00ebt, s\u2019duhet shembur.  &#8211;","author":"Kurt Farka","date":"October 31, 2019","format":false,"excerpt":"Senatori italian n\u00eb Teatrin Komb\u00ebtar: Godina vler\u00eb e p\u00ebrbashk\u00ebt, s\u2019duhet shembur 29 tetor \u00a02019 ANILA DEDAJ\/\u00a0Senatori i Italis\u00eb, Roberto Rampi, ka vizituar dit\u00ebn e djeshme Teatrin Komb\u00ebtar. I njohur me q\u00ebllimin e qeveris\u00eb shqiptare p\u00ebr ta shembur k\u00ebt\u00eb godin\u00eb, gjat\u00eb k\u00ebtyre 2 dit\u00ebve t\u00eb q\u00ebndrimit n\u00eb vendin ton\u00eb, duket se\u2026","rel":"","context":"In &quot;Blogu i Udh\u00ebtarit&quot;","block_context":{"text":"Blogu i Udh\u00ebtarit","link":"https:\/\/www.shqiperia.com\/blog\/category\/blogu-i-udhetarit\/"},"img":{"alt_text":"","src":"https:\/\/i0.wp.com\/www.shqiperia.com\/blog\/wp-content\/uploads\/2019\/10\/SENATORI-ITALIAN-PER-TAHIRIN.mpg_snapshot_00.20.jpg?fit=1200%2C675&ssl=1&resize=350%2C200","width":350,"height":200,"srcset":"https:\/\/i0.wp.com\/www.shqiperia.com\/blog\/wp-content\/uploads\/2019\/10\/SENATORI-ITALIAN-PER-TAHIRIN.mpg_snapshot_00.20.jpg?fit=1200%2C675&ssl=1&resize=350%2C200 1x, https:\/\/i0.wp.com\/www.shqiperia.com\/blog\/wp-content\/uploads\/2019\/10\/SENATORI-ITALIAN-PER-TAHIRIN.mpg_snapshot_00.20.jpg?fit=1200%2C675&ssl=1&resize=525%2C300 1.5x, https:\/\/i0.wp.com\/www.shqiperia.com\/blog\/wp-content\/uploads\/2019\/10\/SENATORI-ITALIAN-PER-TAHIRIN.mpg_snapshot_00.20.jpg?fit=1200%2C675&ssl=1&resize=700%2C400 2x, https:\/\/i0.wp.com\/www.shqiperia.com\/blog\/wp-content\/uploads\/2019\/10\/SENATORI-ITALIAN-PER-TAHIRIN.mpg_snapshot_00.20.jpg?fit=1200%2C675&ssl=1&resize=1050%2C600 3x"},"classes":[]},{"id":34929,"url":"https:\/\/www.shqiperia.com\/blog\/protesta-e-aleances-per-teatrin-ne-durres-mblidhen-mbi-6-mije-firma-per\/","url_meta":{"origin":34656,"position":5},"title":"Protesta e Aleanc\u00ebs p\u00ebr Teatrin n\u00eb Durr\u00ebs\/ Mblidhen mbi 6 mij\u00eb firma p\u00ebr\u2026","author":"Kurt Farka","date":"May 23, 2020","format":false,"excerpt":"Protesta e Aleanc\u00ebs p\u00ebr Teatrin n\u00eb Durr\u00ebs\/ Mblidhen mbi 6 mij\u00eb firma p\u00ebr\u2026 22 maji 2020 Dit\u00ebn e sotme pran\u00eb \u201cPallatit t\u00eb Kultur\u00ebs\u201d n\u00eb qytetin e Durr\u00ebsit, Aleanca p\u00ebr Mbrojtjen e Teatrit, mbajti nj\u00eb miting, gjat\u00eb t\u00eb cilit u shtuan qindra firma, n\u00eb Peticionin ku k\u00ebrkohet t\u00eb rind\u00ebrtohet Teatri Komb\u00ebtar\u2026","rel":"","context":"In &quot;Blogu i Udh\u00ebtarit&quot;","block_context":{"text":"Blogu i Udh\u00ebtarit","link":"https:\/\/www.shqiperia.com\/blog\/category\/blogu-i-udhetarit\/"},"img":{"alt_text":"","src":"https:\/\/i0.wp.com\/www.shqiperia.com\/blog\/wp-content\/uploads\/2020\/05\/1114.jpg?fit=655%2C390&ssl=1&resize=350%2C200","width":350,"height":200,"srcset":"https:\/\/i0.wp.com\/www.shqiperia.com\/blog\/wp-content\/uploads\/2020\/05\/1114.jpg?fit=655%2C390&ssl=1&resize=350%2C200 1x, https:\/\/i0.wp.com\/www.shqiperia.com\/blog\/wp-content\/uploads\/2020\/05\/1114.jpg?fit=655%2C390&ssl=1&resize=525%2C300 1.5x"},"classes":[]}],"_links":{"self":[{"href":"https:\/\/www.shqiperia.com\/blog\/wp-json\/wp\/v2\/posts\/34656","targetHints":{"allow":["GET"]}}],"collection":[{"href":"https:\/\/www.shqiperia.com\/blog\/wp-json\/wp\/v2\/posts"}],"about":[{"href":"https:\/\/www.shqiperia.com\/blog\/wp-json\/wp\/v2\/types\/post"}],"author":[{"embeddable":true,"href":"https:\/\/www.shqiperia.com\/blog\/wp-json\/wp\/v2\/users\/9"}],"replies":[{"embeddable":true,"href":"https:\/\/www.shqiperia.com\/blog\/wp-json\/wp\/v2\/comments?post=34656"}],"version-history":[{"count":1,"href":"https:\/\/www.shqiperia.com\/blog\/wp-json\/wp\/v2\/posts\/34656\/revisions"}],"predecessor-version":[{"id":34658,"href":"https:\/\/www.shqiperia.com\/blog\/wp-json\/wp\/v2\/posts\/34656\/revisions\/34658"}],"wp:featuredmedia":[{"embeddable":true,"href":"https:\/\/www.shqiperia.com\/blog\/wp-json\/wp\/v2\/media\/34657"}],"wp:attachment":[{"href":"https:\/\/www.shqiperia.com\/blog\/wp-json\/wp\/v2\/media?parent=34656"}],"wp:term":[{"taxonomy":"category","embeddable":true,"href":"https:\/\/www.shqiperia.com\/blog\/wp-json\/wp\/v2\/categories?post=34656"},{"taxonomy":"post_tag","embeddable":true,"href":"https:\/\/www.shqiperia.com\/blog\/wp-json\/wp\/v2\/tags?post=34656"}],"curies":[{"name":"wp","href":"https:\/\/api.w.org\/{rel}","templated":true}]}}