{"id":34561,"date":"2020-05-12T01:46:33","date_gmt":"2020-05-12T01:46:33","guid":{"rendered":"https:\/\/www.shqiperia.com\/blog\/?p=34561"},"modified":"2020-05-12T01:46:33","modified_gmt":"2020-05-12T01:46:33","slug":"tjeter-bombe-ekologjike-mbetje-spitalore-e-inertet-pushtojne-erzenin-nga-vijne-keto-mbetje-spitalore-banoret-e-ndroqit-ujitja-me-uje-te-ndotur-rrezikon-bimesine-vezhgimi-i-report-tv","status":"publish","type":"post","link":"https:\/\/www.shqiperia.com\/blog\/tjeter-bombe-ekologjike-mbetje-spitalore-e-inertet-pushtojne-erzenin-nga-vijne-keto-mbetje-spitalore-banoret-e-ndroqit-ujitja-me-uje-te-ndotur-rrezikon-bimesine-vezhgimi-i-report-tv\/","title":{"rendered":"Tjet\u00ebr &#8216;bomb\u00eb&#8217; ekologjike, mbetje spitalore e inertet &#8216;pushtojn\u00eb&#8217; Erzenin! Nga vijn\u00eb k\u00ebto mbetje spitalore? Banor\u00ebt e Ndroqit: Ujitja me uj\u00eb t\u00eb ndotur rrezikon bim\u00ebsin\u00eb (V\u00ebzhgimi i Report Tv)"},"content":{"rendered":"<p><img data-recalc-dims=\"1\" loading=\"lazy\" decoding=\"async\" data-attachment-id=\"34562\" data-permalink=\"https:\/\/www.shqiperia.com\/blog\/tjeter-bombe-ekologjike-mbetje-spitalore-e-inertet-pushtojne-erzenin-nga-vijne-keto-mbetje-spitalore-banoret-e-ndroqit-ujitja-me-uje-te-ndotur-rrezikon-bimesine-vezhgimi-i-report-tv\/1589109194_lumitiranes6\/\" data-orig-file=\"https:\/\/i0.wp.com\/www.shqiperia.com\/blog\/wp-content\/uploads\/2020\/05\/1589109194_lumitiranes6.jpg?fit=1203%2C643&amp;ssl=1\" data-orig-size=\"1203,643\" data-comments-opened=\"1\" data-image-meta=\"{&quot;aperture&quot;:&quot;0&quot;,&quot;credit&quot;:&quot;&quot;,&quot;camera&quot;:&quot;&quot;,&quot;caption&quot;:&quot;&quot;,&quot;created_timestamp&quot;:&quot;0&quot;,&quot;copyright&quot;:&quot;&quot;,&quot;focal_length&quot;:&quot;0&quot;,&quot;iso&quot;:&quot;0&quot;,&quot;shutter_speed&quot;:&quot;0&quot;,&quot;title&quot;:&quot;&quot;,&quot;orientation&quot;:&quot;0&quot;}\" data-image-title=\"1589109194_lumitiranes6\" data-image-description=\"\" data-image-caption=\"\" data-medium-file=\"https:\/\/i0.wp.com\/www.shqiperia.com\/blog\/wp-content\/uploads\/2020\/05\/1589109194_lumitiranes6.jpg?fit=300%2C160&amp;ssl=1\" data-large-file=\"https:\/\/i0.wp.com\/www.shqiperia.com\/blog\/wp-content\/uploads\/2020\/05\/1589109194_lumitiranes6.jpg?fit=1024%2C547&amp;ssl=1\" class=\"alignnone  wp-image-34562\" alt=\"\" src=\"https:\/\/i0.wp.com\/www.shqiperia.com\/blog\/wp-content\/uploads\/2020\/05\/1589109194_lumitiranes6.jpg?resize=523%2C279&#038;ssl=1\" width=\"523\" height=\"279\" srcset=\"https:\/\/i0.wp.com\/www.shqiperia.com\/blog\/wp-content\/uploads\/2020\/05\/1589109194_lumitiranes6.jpg?resize=300%2C160&amp;ssl=1 300w, https:\/\/i0.wp.com\/www.shqiperia.com\/blog\/wp-content\/uploads\/2020\/05\/1589109194_lumitiranes6.jpg?resize=1024%2C547&amp;ssl=1 1024w, https:\/\/i0.wp.com\/www.shqiperia.com\/blog\/wp-content\/uploads\/2020\/05\/1589109194_lumitiranes6.jpg?resize=768%2C410&amp;ssl=1 768w, https:\/\/i0.wp.com\/www.shqiperia.com\/blog\/wp-content\/uploads\/2020\/05\/1589109194_lumitiranes6.jpg?resize=450%2C241&amp;ssl=1 450w, https:\/\/i0.wp.com\/www.shqiperia.com\/blog\/wp-content\/uploads\/2020\/05\/1589109194_lumitiranes6.jpg?resize=600%2C321&amp;ssl=1 600w, https:\/\/i0.wp.com\/www.shqiperia.com\/blog\/wp-content\/uploads\/2020\/05\/1589109194_lumitiranes6.jpg?resize=400%2C214&amp;ssl=1 400w, https:\/\/i0.wp.com\/www.shqiperia.com\/blog\/wp-content\/uploads\/2020\/05\/1589109194_lumitiranes6.jpg?w=1203&amp;ssl=1 1203w\" sizes=\"auto, (max-width: 523px) 100vw, 523px\" \/><\/p>\n<p><strong>Tjet\u00ebr &#8216;bomb\u00eb&#8217; ekologjike, mbetje spitalore e inertet &#8216;pushtojn\u00eb&#8217; Erzenin! Nga vijn\u00eb k\u00ebto mbetje spitalore? Banor\u00ebt e Ndroqit: Ujitja me uj\u00eb t\u00eb ndotur rrezikon bim\u00ebsin\u00eb (V\u00ebzhgimi i Report Tv)<\/strong><\/p>\n<p>Nga: <a href=\"https:\/\/shqiptarja.com\/autori\/8\">Arsen Rusta<br \/>\n<\/a><\/p>\n<p><em>Shirignat, plastika dhe mbetjet inerte kan\u00eb z\u00ebn\u00eb basenin e p\u00ebrroit t\u00eb Arban\u00ebs dhe lumit Erzen i cili para se t\u00eb d\u00ebrgoj mbetjet n\u00eb det vadit edhe tokat e fshatar\u00ebve t\u00eb zon\u00ebs. P\u00ebr kamer\u00ebn e Report Tv ata shprehen se ky uj\u00eb po rrezikon bim\u00ebsin, nd\u00ebrsa ende institucionet nuk japin nj\u00eb dat\u00eb kur do t\u00eb nis\u00eb pastrimi lumenjve.<\/em><a href=\"https:\/\/shqiptarja.com\/autori\/8\"><br \/>\n<\/a><\/p>\n<p>Me dhjet\u00ebra polic\u00eb dhe vet\u00eb ministri i brendsh\u00ebm\u00a0<a href=\"https:\/\/shqiptarja.com\/lajm\/per-lumin-nuk-duhet-te-derdhesh-gjak-por-mos-te-hedhesh-mbetje-lleshaj-ne-erzen-lumin-ta-trajtojme-si-thesar\"><strong><em>Sand\u00ebr Lleshaj\u00a0<\/em><\/strong><\/a>nj\u00eb dit\u00eb m\u00eb par\u00eb zbarkuan n\u00eb burimin e lumit Erzen, atje ku n\u00eb dalje t\u00eb fshatit Pajet\u00eb, merr jet\u00eb rrjedha e k\u00ebtij lumi,\u00a0 uji i t\u00eb cilit \u00ebsht\u00eb i pijsh\u00ebm, por m\u00eb pas p\u00ebrfundon n\u00eb Adriatik i ndotur.<\/p>\n<p>Nd\u00ebrsa n\u00eb pak minuta n\u00eb periferi t\u00eb kryeqytetit rr\u00ebz\u00eb Arban\u00ebs, kamera e ReportTv u ndal n\u00eb basenin e p\u00ebrroit, i cili para se t\u00eb bashkohet me Erzenin, \u00e7on n\u00eb t\u00eb, edhe mbetje spitalore si shiringa e shishe ilacesh. Nuk mungojn\u00eb as mbetjet plastike apo inerte n\u00eb basenin e k\u00ebtij p\u00ebrroi si dhe n\u00eb k\u00ebmb\u00ebt e k\u00ebsaj ure.<\/p>\n<p><img data-recalc-dims=\"1\" loading=\"lazy\" decoding=\"async\" data-attachment-id=\"34563\" data-permalink=\"https:\/\/www.shqiperia.com\/blog\/tjeter-bombe-ekologjike-mbetje-spitalore-e-inertet-pushtojne-erzenin-nga-vijne-keto-mbetje-spitalore-banoret-e-ndroqit-ujitja-me-uje-te-ndotur-rrezikon-bimesine-vezhgimi-i-report-tv\/mbetje-spitalore\/\" data-orig-file=\"https:\/\/i0.wp.com\/www.shqiperia.com\/blog\/wp-content\/uploads\/2020\/05\/Mbetje-Spitalore.jpg?fit=512%2C285&amp;ssl=1\" data-orig-size=\"512,285\" data-comments-opened=\"1\" data-image-meta=\"{&quot;aperture&quot;:&quot;0&quot;,&quot;credit&quot;:&quot;&quot;,&quot;camera&quot;:&quot;&quot;,&quot;caption&quot;:&quot;&quot;,&quot;created_timestamp&quot;:&quot;0&quot;,&quot;copyright&quot;:&quot;&quot;,&quot;focal_length&quot;:&quot;0&quot;,&quot;iso&quot;:&quot;0&quot;,&quot;shutter_speed&quot;:&quot;0&quot;,&quot;title&quot;:&quot;&quot;,&quot;orientation&quot;:&quot;0&quot;}\" data-image-title=\"Mbetje Spitalore\" data-image-description=\"\" data-image-caption=\"\" data-medium-file=\"https:\/\/i0.wp.com\/www.shqiperia.com\/blog\/wp-content\/uploads\/2020\/05\/Mbetje-Spitalore.jpg?fit=300%2C167&amp;ssl=1\" data-large-file=\"https:\/\/i0.wp.com\/www.shqiperia.com\/blog\/wp-content\/uploads\/2020\/05\/Mbetje-Spitalore.jpg?fit=512%2C285&amp;ssl=1\" class=\"alignnone  wp-image-34563\" alt=\"\" src=\"https:\/\/i0.wp.com\/www.shqiperia.com\/blog\/wp-content\/uploads\/2020\/05\/Mbetje-Spitalore.jpg?resize=510%2C284&#038;ssl=1\" width=\"510\" height=\"284\" srcset=\"https:\/\/i0.wp.com\/www.shqiperia.com\/blog\/wp-content\/uploads\/2020\/05\/Mbetje-Spitalore.jpg?resize=300%2C167&amp;ssl=1 300w, https:\/\/i0.wp.com\/www.shqiperia.com\/blog\/wp-content\/uploads\/2020\/05\/Mbetje-Spitalore.jpg?resize=450%2C250&amp;ssl=1 450w, https:\/\/i0.wp.com\/www.shqiperia.com\/blog\/wp-content\/uploads\/2020\/05\/Mbetje-Spitalore.jpg?resize=400%2C223&amp;ssl=1 400w, https:\/\/i0.wp.com\/www.shqiperia.com\/blog\/wp-content\/uploads\/2020\/05\/Mbetje-Spitalore.jpg?w=512&amp;ssl=1 512w\" sizes=\"auto, (max-width: 510px) 100vw, 510px\" \/><\/p>\n<p><strong>Por kush i ka hedhur, nga kan\u00eb ardhur k\u00ebto mbetje, sa t\u00eb rrezikshme jan\u00eb, p\u00ebrse nuk \u00ebsht\u00eb parandaluar hedhja e tyre, jan\u00eb pyetjet t\u00eb cilat institucionet duhet t&#8217;i japin nj\u00eb p\u00ebrgjigje dhe Report Tv do e ndjek k\u00ebt\u00eb situat\u00eb n\u00eb vijim.<\/strong><\/p>\n<p>Pak metra m\u00eb tutje, n\u00eb ur\u00ebn e Damian, situata \u00ebsht\u00eb thuajse e nj\u00ebjt\u00eb&#8230; mbetje plastike, inerte dhe deri n\u00eb kolltuk t\u00eb nxjerr\u00eb jasht\u00eb p\u00ebrdorimit e goma makinash ndodhen n\u00eb lum.<\/p>\n<p><em>Po ku p\u00ebrfundojn\u00eb k\u00ebto mbetje?\u00a0<\/em>Teksa rrjedha futet n\u00eb fshatin Ndroq situata b\u00ebhet edhe m\u00eb kritike. Sipas banor\u00ebve t\u00eb zon\u00ebs, k\u00ebto mbetje t\u00eb rrezikshme prishin edhe produktet bujq\u00ebsore t\u00eb cilat njomen me k\u00ebt\u00eb uj\u00eb.<\/p>\n<p><em>&#8220;N\u00eb asnj\u00eb m\u00ebnyr\u00eb nuk vadisim tok\u00ebn, vet\u00ebm ata q\u00eb kan\u00eb af\u00ebr, kanali kryesor q\u00eb p\u00ebrdorej p\u00ebr vaditje \u00ebsht\u00eb prishur.\u00a0 Ka qen\u00eb me pllaka, sipas njer\u00ebzve kan\u00eb marr\u00eb tokat e veta. Pa dyshim q\u00eb pisll\u00ebku d\u00ebmtohen toka, ka shum\u00eb mbetje spitalore dhe vijn\u00eb deri te tokat tona&#8221;<\/em>, tregon nj\u00eb nga banor\u00ebt e zon\u00ebs.<\/p>\n<p>Nd\u00ebrsa e rrezikuar mbetet edhe diga e vetme e Erzenit e cila e mbushur plot me inerte e mbetje plastike n\u00eb k\u00ebmb\u00ebt e saj, her\u00eb pas her\u00eb b\u00ebn\u00eb q\u00eb lumi t\u00eb dal nga shtrati dhe t\u00eb marr me vete tokat bujq\u00ebsore dhe t\u00eb mbjellat.<\/p>\n<p><a href=\"https:\/\/shqiptarja.com\/lajm\/vezhgimi-i-report-tv-ne-lumin-e-tiranes-se-kthyer-ne-bombe-ekologjike-mbetjet-urbane-i-marrin-frymen-natyres\"><strong><em>Prej dit\u00ebsh kamera e Report TV\u00a0<\/em><\/strong><\/a>ka ndjekur basenet e ndotura t\u00eb lumit Tirana, lumit Ish\u00ebm dhe sot Erzenit, por ende institucionet nuk kan\u00eb nj\u00eb dat\u00eb se kur do t\u00eb nis\u00eb pastrimi, p\u00ebrse ende nuk nd\u00ebrhyhet, \u00a0qoft\u00eb p\u00ebr t\u00eb hequr masivin e pirgjeve t\u00eb plastik\u00ebs q\u00eb p\u00ebrfundon n\u00eb det nd\u00ebrkoh\u00eb q\u00eb shteti planifikon operacionin se kur dhe nga ku t\u00eb nis\u00eb nga puna.<\/p>\n<p>Shqiptarja.com<\/p>\n","protected":false},"excerpt":{"rendered":"<p>Tjet\u00ebr &#8216;bomb\u00eb&#8217; ekologjike, mbetje spitalore e inertet &#8216;pushtojn\u00eb&#8217; Erzenin! Nga vijn\u00eb k\u00ebto mbetje spitalore? Banor\u00ebt e Ndroqit: Ujitja me uj\u00eb t\u00eb ndotur rrezikon bim\u00ebsin\u00eb (V\u00ebzhgimi i Report Tv) Nga: Arsen Rusta Shirignat, plastika dhe mbetjet inerte kan\u00eb z\u00ebn\u00eb basenin e p\u00ebrroit t\u00eb Arban\u00ebs dhe lumit Erzen i cili para se t\u00eb d\u00ebrgoj mbetjet n\u00eb det [&hellip;]<\/p>\n","protected":false},"author":9,"featured_media":34562,"comment_status":"open","ping_status":"open","sticky":false,"template":"","format":"standard","meta":{"jetpack_post_was_ever_published":false,"_jetpack_newsletter_access":"","_jetpack_dont_email_post_to_subs":false,"_jetpack_newsletter_tier_id":0,"_jetpack_memberships_contains_paywalled_content":false,"_jetpack_memberships_contains_paid_content":false,"footnotes":"","jetpack_publicize_message":"","jetpack_publicize_feature_enabled":true,"jetpack_social_post_already_shared":true,"jetpack_social_options":{"image_generator_settings":{"template":"highway","default_image_id":0,"font":"","enabled":false},"version":2}},"categories":[27,35],"tags":[],"class_list":["post-34561","post","type-post","status-publish","format-standard","has-post-thumbnail","hentry","category-blogu-i-udhetarit","category-shoqerore"],"jetpack_publicize_connections":[],"jetpack_featured_media_url":"https:\/\/i0.wp.com\/www.shqiperia.com\/blog\/wp-content\/uploads\/2020\/05\/1589109194_lumitiranes6.jpg?fit=1203%2C643&ssl=1","jetpack_sharing_enabled":true,"jetpack_shortlink":"https:\/\/wp.me\/p5Z6wp-8Zr","jetpack-related-posts":[{"id":35366,"url":"https:\/\/www.shqiperia.com\/blog\/bashkia-e-durresit-derdh-tonelata-me-mbetje-ne-mes-te-rruges-skandali-i-rrathes\/","url_meta":{"origin":34561,"position":0},"title":"Bashkia e Durr\u00ebsit derdh tonelata me mbetje n\u00eb mes t\u00eb rrug\u00ebs &#8211; Skandali i rrathes","author":"Kurt Farka","date":"June 3, 2020","format":false,"excerpt":"\u00a0Bashkia e Durr\u00ebsit derdh tonelata me mbetje n\u00eb mes t\u00eb rrug\u00ebs 3 Qershor 2020 Porto Romano \u00ebsht\u00eb kthyer prej vitesh n\u00eb nj\u00eb problem p\u00ebr sa i p\u00ebrket depozitimit t\u00eb mbetjeve urbane n\u00eb k\u00ebt\u00eb zon\u00eb, jo shum\u00eb larg universitetit t\u00eb k\u00ebtij qyteti. Sikur t\u00eb mos mjaftonte kjo zona u kthye n\u00eb\u2026","rel":"","context":"In &quot;Blogu i Udh\u00ebtarit&quot;","block_context":{"text":"Blogu i Udh\u00ebtarit","link":"https:\/\/www.shqiperia.com\/blog\/category\/blogu-i-udhetarit\/"},"img":{"alt_text":"","src":"https:\/\/i0.wp.com\/www.shqiperia.com\/blog\/wp-content\/uploads\/2020\/06\/plehrat-ne-rruge-durres.jpg?fit=848%2C480&ssl=1&resize=350%2C200","width":350,"height":200,"srcset":"https:\/\/i0.wp.com\/www.shqiperia.com\/blog\/wp-content\/uploads\/2020\/06\/plehrat-ne-rruge-durres.jpg?fit=848%2C480&ssl=1&resize=350%2C200 1x, https:\/\/i0.wp.com\/www.shqiperia.com\/blog\/wp-content\/uploads\/2020\/06\/plehrat-ne-rruge-durres.jpg?fit=848%2C480&ssl=1&resize=525%2C300 1.5x, https:\/\/i0.wp.com\/www.shqiperia.com\/blog\/wp-content\/uploads\/2020\/06\/plehrat-ne-rruge-durres.jpg?fit=848%2C480&ssl=1&resize=700%2C400 2x"},"classes":[]},{"id":84724,"url":"https:\/\/www.shqiperia.com\/blog\/trafiku-i-mbetjeve-msc-hesht-per-102-kontenieret-me-lende-toksike-ne-vitin-2019-iu-zbulua-anija-me-kokaine-1-mld-dollare-stafi-i-kompanise-i-perfshire-ne-trafik-droge\/","url_meta":{"origin":34561,"position":1},"title":"Trafiku i mbetjeve\/ MSC hesht p\u00ebr 102 kontenier\u00ebt me l\u00ebnd\u00eb toksike, n\u00eb vitin 2019 iu zbulua anija me kokain\u00eb 1 mld dollar\u00eb, stafi i kompanis\u00eb i p\u00ebrfshir\u00eb n\u00eb trafik droge","author":"Kurt Farka","date":"September 19, 2024","format":false,"excerpt":"19 Shtator 2024 Nj\u00eb nga kompanit\u00eb q\u00eb kan\u00eb ndenjur n\u00eb hije \u00ebsht\u00eb kompania e kontenier\u00ebve q\u00eb \u00ebsht\u00eb marr\u00eb me ngarkesat q\u00eb supozoheshin t\u00eb shkonin n\u00eb Tajland\u00eb. Kur jan\u00eb nisur n\u00eb fillim t\u00eb korrikut nga Porti i Durr\u00ebsit, k\u00ebto ngarkesa jan\u00eb shkarkuar n\u00eb Portin e Triestes dhe jan\u00eb ngarkuar te anijet\u2026","rel":"","context":"In &quot;Blogu i Udh\u00ebtarit&quot;","block_context":{"text":"Blogu i Udh\u00ebtarit","link":"https:\/\/www.shqiperia.com\/blog\/category\/blogu-i-udhetarit\/"},"img":{"alt_text":"","src":"https:\/\/i0.wp.com\/www.shqiperia.com\/blog\/wp-content\/uploads\/2024\/09\/e5193561-946a-4487-8239-02bcfec984a6-770x434-1.jpeg?fit=770%2C434&ssl=1&resize=350%2C200","width":350,"height":200,"srcset":"https:\/\/i0.wp.com\/www.shqiperia.com\/blog\/wp-content\/uploads\/2024\/09\/e5193561-946a-4487-8239-02bcfec984a6-770x434-1.jpeg?fit=770%2C434&ssl=1&resize=350%2C200 1x, https:\/\/i0.wp.com\/www.shqiperia.com\/blog\/wp-content\/uploads\/2024\/09\/e5193561-946a-4487-8239-02bcfec984a6-770x434-1.jpeg?fit=770%2C434&ssl=1&resize=525%2C300 1.5x, https:\/\/i0.wp.com\/www.shqiperia.com\/blog\/wp-content\/uploads\/2024\/09\/e5193561-946a-4487-8239-02bcfec984a6-770x434-1.jpeg?fit=770%2C434&ssl=1&resize=700%2C400 2x"},"classes":[]},{"id":97741,"url":"https:\/\/www.shqiperia.com\/blog\/bradasheshi-nen-uje-emergjencat-civile-akuzojne-salillarin-inertet-e-tij-bllokuan-kanalet\/","url_meta":{"origin":34561,"position":2},"title":"Bradasheshi n\u00ebn uj\u00eb, Emergjencat Civile akuzojn\u00eb Salillarin: &#8211; Inertet e tij bllokuan kanalet","author":"Kurt Farka","date":"February 15, 2026","format":false,"excerpt":"15 Shkurt 2026 Reshjet e fundit t\u00eb shiut kan\u00eb shkaktuar p\u00ebrmbytje n\u00eb disa banesa n\u00eb Nj\u00ebsin\u00eb Administrative Bradashesh, pran\u00eb zon\u00ebs s\u00eb Ish-Kombinatit Metalurgjik n\u00eb Elbasan, duke rikthyer shqet\u00ebsimin tek banor\u00ebt. Sipas strukturave t\u00eb Emergjencave Civile pran\u00eb Bashkis\u00eb Elbasan, situata \u00ebsht\u00eb p\u00ebrkeq\u00ebsuar p\u00ebr shkak t\u00eb bllokimit t\u00eb kanaleve kulluese, t\u00eb cilat\u2026","rel":"","context":"In &quot;Njoftime Shtypi&quot;","block_context":{"text":"Njoftime Shtypi","link":"https:\/\/www.shqiperia.com\/blog\/category\/njoftime-shtypi\/"},"img":{"alt_text":"","src":"https:\/\/i0.wp.com\/www.shqiperia.com\/blog\/wp-content\/uploads\/2026\/02\/640-0-capturepng-1771177617.png?fit=640%2C358&ssl=1&resize=350%2C200","width":350,"height":200,"srcset":"https:\/\/i0.wp.com\/www.shqiperia.com\/blog\/wp-content\/uploads\/2026\/02\/640-0-capturepng-1771177617.png?fit=640%2C358&ssl=1&resize=350%2C200 1x, https:\/\/i0.wp.com\/www.shqiperia.com\/blog\/wp-content\/uploads\/2026\/02\/640-0-capturepng-1771177617.png?fit=640%2C358&ssl=1&resize=525%2C300 1.5x"},"classes":[]},{"id":89683,"url":"https:\/\/www.shqiperia.com\/blog\/sekuestrohen-ne-ankona-58-ton-mbetje-toksike-ngarkesa-u-nis-nga-shqiperia\/","url_meta":{"origin":34561,"position":3},"title":"Sekuestrohen n\u00eb Ankona 58 ton mbetje toksike, ngarkesa u nis nga Shqip\u00ebria","author":"Kurt Farka","date":"February 20, 2025","format":false,"excerpt":"20 Shkurt 2025 Mbetjet, t\u00eb deklaruara zyrtarisht si mbeturina alumini, n\u00eb fakt p\u00ebrmbanin nj\u00eb p\u00ebrq\u00ebndrim t\u00eb konsideruesh\u00ebm t\u00eb zinkut, plumbit dhe bakrit q\u00eb shkaktojn\u00eb toksicitet akut p\u00ebr mjedisin ujor. Mbi 58 ton mbetje toksike, t\u00eb importuara ilegalisht nga Shqip\u00ebria, u sekuestruan nga Guardia di Finanza italiane dhe Agjencia e Doganave\u2026","rel":"","context":"In &quot;Blogu i Udh\u00ebtarit&quot;","block_context":{"text":"Blogu i Udh\u00ebtarit","link":"https:\/\/www.shqiperia.com\/blog\/category\/blogu-i-udhetarit\/"},"img":{"alt_text":"","src":"https:\/\/i0.wp.com\/www.shqiperia.com\/blog\/wp-content\/uploads\/2025\/02\/policia-italiane-1024x624-1-750x375-1.webp?fit=750%2C375&ssl=1&resize=350%2C200","width":350,"height":200,"srcset":"https:\/\/i0.wp.com\/www.shqiperia.com\/blog\/wp-content\/uploads\/2025\/02\/policia-italiane-1024x624-1-750x375-1.webp?fit=750%2C375&ssl=1&resize=350%2C200 1x, https:\/\/i0.wp.com\/www.shqiperia.com\/blog\/wp-content\/uploads\/2025\/02\/policia-italiane-1024x624-1-750x375-1.webp?fit=750%2C375&ssl=1&resize=525%2C300 1.5x, https:\/\/i0.wp.com\/www.shqiperia.com\/blog\/wp-content\/uploads\/2025\/02\/policia-italiane-1024x624-1-750x375-1.webp?fit=750%2C375&ssl=1&resize=700%2C400 2x"},"classes":[]},{"id":91718,"url":"https:\/\/www.shqiperia.com\/blog\/afera-e-shekullit-harxhi-denoncon-miliona-euro-te-zhdukura-varrezat-e-sharres-mbi-nje-bombe-ekologjike\/","url_meta":{"origin":34561,"position":4},"title":"\u2018Afera e Shekullit\u2019 \/ Harxhi denoncon miliona euro t\u00eb zhdukura, varrezat e Sharr\u00ebs mbi nj\u00eb bomb\u00eb ekologjike","author":"Kurt Farka","date":"April 21, 2025","format":false,"excerpt":"21 Prill 2025 ... Situat\u00eb alarmante t\u00eb varrezave t\u00eb Sharr\u00ebs dhe landfillit pran\u00eb tyre. An\u00ebtarja e Kryesis\u00eb s\u00eb Partis\u00eb Demokratike dhe nj\u00ebkoh\u00ebsisht kandidate p\u00ebr deputete n\u00eb Qarkun e Tiran\u00ebs, Edith Harxhi, ka denoncuar p\u00ebr Syri TV nj\u00eb nga skandalet m\u00eb t\u00eb r\u00ebnda mjedisore dhe njer\u00ebzore q\u00eb po ndodh sot n\u00eb\u2026","rel":"","context":"In &quot;Blogu i Udh\u00ebtarit&quot;","block_context":{"text":"Blogu i Udh\u00ebtarit","link":"https:\/\/www.shqiperia.com\/blog\/category\/blogu-i-udhetarit\/"},"img":{"alt_text":"","src":"https:\/\/i0.wp.com\/www.shqiperia.com\/blog\/wp-content\/uploads\/2025\/04\/492287036_1279984620796437_1387850332721871049_n.jpg?fit=1091%2C703&ssl=1&resize=350%2C200","width":350,"height":200,"srcset":"https:\/\/i0.wp.com\/www.shqiperia.com\/blog\/wp-content\/uploads\/2025\/04\/492287036_1279984620796437_1387850332721871049_n.jpg?fit=1091%2C703&ssl=1&resize=350%2C200 1x, https:\/\/i0.wp.com\/www.shqiperia.com\/blog\/wp-content\/uploads\/2025\/04\/492287036_1279984620796437_1387850332721871049_n.jpg?fit=1091%2C703&ssl=1&resize=525%2C300 1.5x, https:\/\/i0.wp.com\/www.shqiperia.com\/blog\/wp-content\/uploads\/2025\/04\/492287036_1279984620796437_1387850332721871049_n.jpg?fit=1091%2C703&ssl=1&resize=700%2C400 2x, https:\/\/i0.wp.com\/www.shqiperia.com\/blog\/wp-content\/uploads\/2025\/04\/492287036_1279984620796437_1387850332721871049_n.jpg?fit=1091%2C703&ssl=1&resize=1050%2C600 3x"},"classes":[]},{"id":95631,"url":"https:\/\/www.shqiperia.com\/blog\/lumi-tigri-drejt-zhdukjes-ndotja-thatesira-dhe-digat-rrezikojne-lumin-historik-te-irakut\/","url_meta":{"origin":34561,"position":5},"title":"Lumi TIGRI drejt Zhdukjes\/ Ndotja, that\u00ebsira dhe digat rrezikojn\u00eb lumin historik t\u00eb Irakut","author":"Kurt Farka","date":"December 16, 2025","format":false,"excerpt":"16 Dhjetor 2025 Lumi Tig\u00ebr n\u00eb Irak rrezikon t\u00eb zhduket p\u00ebr shkak t\u00eb ndotjes, that\u00ebsir\u00ebs dhe uljes s\u00eb prurjeve ujore. Kriza k\u00ebrc\u00ebnon jet\u00ebn e miliona banor\u00ebve dhe komuniteteve t\u00eb lashta q\u00eb varen nga lumi p\u00ebr mbijetes\u00eb. Ekspert\u00ebt paralajm\u00ebrojn\u00eb se pa veprim urgjent, pasojat do t\u00eb jen\u00eb t\u00eb pakthyeshme. Lumi Tig\u00ebr,\u2026","rel":"","context":"In &quot;Blogu i Udh\u00ebtarit&quot;","block_context":{"text":"Blogu i Udh\u00ebtarit","link":"https:\/\/www.shqiperia.com\/blog\/category\/blogu-i-udhetarit\/"},"img":{"alt_text":"","src":"https:\/\/i0.wp.com\/www.shqiperia.com\/blog\/wp-content\/uploads\/2025\/12\/640-0-capturepng-1765884790.png?fit=640%2C351&ssl=1&resize=350%2C200","width":350,"height":200,"srcset":"https:\/\/i0.wp.com\/www.shqiperia.com\/blog\/wp-content\/uploads\/2025\/12\/640-0-capturepng-1765884790.png?fit=640%2C351&ssl=1&resize=350%2C200 1x, https:\/\/i0.wp.com\/www.shqiperia.com\/blog\/wp-content\/uploads\/2025\/12\/640-0-capturepng-1765884790.png?fit=640%2C351&ssl=1&resize=525%2C300 1.5x"},"classes":[]}],"_links":{"self":[{"href":"https:\/\/www.shqiperia.com\/blog\/wp-json\/wp\/v2\/posts\/34561","targetHints":{"allow":["GET"]}}],"collection":[{"href":"https:\/\/www.shqiperia.com\/blog\/wp-json\/wp\/v2\/posts"}],"about":[{"href":"https:\/\/www.shqiperia.com\/blog\/wp-json\/wp\/v2\/types\/post"}],"author":[{"embeddable":true,"href":"https:\/\/www.shqiperia.com\/blog\/wp-json\/wp\/v2\/users\/9"}],"replies":[{"embeddable":true,"href":"https:\/\/www.shqiperia.com\/blog\/wp-json\/wp\/v2\/comments?post=34561"}],"version-history":[{"count":1,"href":"https:\/\/www.shqiperia.com\/blog\/wp-json\/wp\/v2\/posts\/34561\/revisions"}],"predecessor-version":[{"id":34564,"href":"https:\/\/www.shqiperia.com\/blog\/wp-json\/wp\/v2\/posts\/34561\/revisions\/34564"}],"wp:featuredmedia":[{"embeddable":true,"href":"https:\/\/www.shqiperia.com\/blog\/wp-json\/wp\/v2\/media\/34562"}],"wp:attachment":[{"href":"https:\/\/www.shqiperia.com\/blog\/wp-json\/wp\/v2\/media?parent=34561"}],"wp:term":[{"taxonomy":"category","embeddable":true,"href":"https:\/\/www.shqiperia.com\/blog\/wp-json\/wp\/v2\/categories?post=34561"},{"taxonomy":"post_tag","embeddable":true,"href":"https:\/\/www.shqiperia.com\/blog\/wp-json\/wp\/v2\/tags?post=34561"}],"curies":[{"name":"wp","href":"https:\/\/api.w.org\/{rel}","templated":true}]}}