{"id":34557,"date":"2020-05-12T01:23:34","date_gmt":"2020-05-12T01:23:34","guid":{"rendered":"https:\/\/www.shqiperia.com\/blog\/?p=34557"},"modified":"2020-05-12T01:23:46","modified_gmt":"2020-05-12T01:23:46","slug":"studim-me-i-fundit-ja-sa-vite-me-heret-do-vdesin-njerezit-qe-u-infektuan-me-koronavirus","status":"publish","type":"post","link":"https:\/\/www.shqiperia.com\/blog\/studim-me-i-fundit-ja-sa-vite-me-heret-do-vdesin-njerezit-qe-u-infektuan-me-koronavirus\/","title":{"rendered":"Studim m\u00eb i fundit: &#8211; Ja sa vite m\u00eb her\u00ebt do vdesin njer\u00ebzit q\u00eb u infektuan me koronavirus"},"content":{"rendered":"<p><img data-recalc-dims=\"1\" loading=\"lazy\" decoding=\"async\" data-attachment-id=\"34558\" data-permalink=\"https:\/\/www.shqiperia.com\/blog\/studim-me-i-fundit-ja-sa-vite-me-heret-do-vdesin-njerezit-qe-u-infektuan-me-koronavirus\/800-0-5eb94d4d387cb\/\" data-orig-file=\"https:\/\/i0.wp.com\/www.shqiperia.com\/blog\/wp-content\/uploads\/2020\/05\/800-0-5eb94d4d387cb.jpg?fit=800%2C412&amp;ssl=1\" data-orig-size=\"800,412\" data-comments-opened=\"1\" data-image-meta=\"{&quot;aperture&quot;:&quot;0&quot;,&quot;credit&quot;:&quot;&quot;,&quot;camera&quot;:&quot;&quot;,&quot;caption&quot;:&quot;&quot;,&quot;created_timestamp&quot;:&quot;0&quot;,&quot;copyright&quot;:&quot;&quot;,&quot;focal_length&quot;:&quot;0&quot;,&quot;iso&quot;:&quot;0&quot;,&quot;shutter_speed&quot;:&quot;0&quot;,&quot;title&quot;:&quot;&quot;,&quot;orientation&quot;:&quot;0&quot;}\" data-image-title=\"-800-0-5eb94d4d387cb\" data-image-description=\"\" data-image-caption=\"\" data-medium-file=\"https:\/\/i0.wp.com\/www.shqiperia.com\/blog\/wp-content\/uploads\/2020\/05\/800-0-5eb94d4d387cb.jpg?fit=300%2C155&amp;ssl=1\" data-large-file=\"https:\/\/i0.wp.com\/www.shqiperia.com\/blog\/wp-content\/uploads\/2020\/05\/800-0-5eb94d4d387cb.jpg?fit=800%2C412&amp;ssl=1\" class=\"alignnone  wp-image-34558\" alt=\"\" src=\"https:\/\/i0.wp.com\/www.shqiperia.com\/blog\/wp-content\/uploads\/2020\/05\/800-0-5eb94d4d387cb.jpg?resize=455%2C235&#038;ssl=1\" width=\"455\" height=\"235\" srcset=\"https:\/\/i0.wp.com\/www.shqiperia.com\/blog\/wp-content\/uploads\/2020\/05\/800-0-5eb94d4d387cb.jpg?resize=300%2C155&amp;ssl=1 300w, https:\/\/i0.wp.com\/www.shqiperia.com\/blog\/wp-content\/uploads\/2020\/05\/800-0-5eb94d4d387cb.jpg?resize=768%2C396&amp;ssl=1 768w, https:\/\/i0.wp.com\/www.shqiperia.com\/blog\/wp-content\/uploads\/2020\/05\/800-0-5eb94d4d387cb.jpg?resize=450%2C232&amp;ssl=1 450w, https:\/\/i0.wp.com\/www.shqiperia.com\/blog\/wp-content\/uploads\/2020\/05\/800-0-5eb94d4d387cb.jpg?resize=600%2C309&amp;ssl=1 600w, https:\/\/i0.wp.com\/www.shqiperia.com\/blog\/wp-content\/uploads\/2020\/05\/800-0-5eb94d4d387cb.jpg?resize=400%2C206&amp;ssl=1 400w, https:\/\/i0.wp.com\/www.shqiperia.com\/blog\/wp-content\/uploads\/2020\/05\/800-0-5eb94d4d387cb.jpg?w=800&amp;ssl=1 800w\" sizes=\"auto, (max-width: 455px) 100vw, 455px\" \/><\/p>\n<p>Studim m\u00eb i fundit: &#8211; Ja sa vite m\u00eb her\u00ebt do vdesin njer\u00ebzit q\u00eb u infektuan me koronavirus<\/p>\n<p>11 MAJ 2020<\/p>\n<p>Sipas nj\u00eb studimi t\u00eb b\u00ebr\u00eb nga Universiteti i Glasgow, edhe pse numri i t\u00eb infektuarve nga koronavirusi nuk duhet n\u00ebnvler\u00ebsuar, fokusi gjithashtu duhet t\u00eb jet\u00eb edhe tek pasojat q\u00eb do t\u2019i l\u00eb ky virus tek t\u00eb sh\u00ebruarit.<\/p>\n<p>Universiteti i Glasgow, duke p\u00ebrdorur nj\u00eb mas\u00eb statistikore e quajtur \u201cVitet e humbura t\u00eb jet\u00ebs\u201d, zbuluan se virusi vdekjeprur\u00ebs, heq nga njeriu i prekur me Covid-19, m\u00eb shum\u00eb se nj\u00eb dekad\u00eb jet\u00eb.<\/p>\n<p>Sipas studiuesve ky virus viral tek burrat heq 13 vjet nga jeta e tyre, nd\u00ebrsa tek grat\u00eb 11 vjet. Koncepti \u201cVitet e humbura t\u00eb jet\u00ebs\u201d, \u00ebsht\u00eb nj\u00eb ekuacion matematikor q\u00eb vler\u00ebson koh\u00ebn mesatare q\u00eb do t\u00eb kishte jetuar n\u00ebse nuk do t\u00eb kishin vdekur nga nj\u00eb ngjarje e paparashikuar sh\u00ebndet\u00ebsore si Covid-19.<\/p>\n<p>Studimi i cili ende \u00ebsht\u00eb n\u00eb pritje t\u00eb verifikimit nga koleg\u00ebt e tjer\u00eb studiues, p\u00ebr sakt\u00ebsi, pretendon q\u00eb Covid-19 nuk po vret tashm\u00eb njer\u00ebz n\u00eb m\u00ebnyr\u00eb t\u00eb shpejt\u00eb, por po synon t\u00eb marr\u00eb m\u00eb shum\u00eb se nj\u00eb dekad\u00eb jet\u00eb t\u00eb tyre nga vitet e tyre.<\/p>\n<p>\u201cStudimi i quajtur YLL, \u00ebsht\u00eb nj\u00eb statistik\u00eb e zakonshme e aprovuar gjer\u00ebsisht p\u00ebr sh\u00ebndetin publik p\u00ebr t\u00eb vler\u00ebsuar numrin e viteve t\u00eb humbura p\u00ebr shkak t\u00eb vdekshm\u00ebris\u00eb s\u00eb parakohshme nga koronavirusi\u201d,\u00a0tha Dr. John Brownstein, zyrtari kryesor i ionvacionit n\u00eb spitalin e f\u00ebmij\u00ebve n\u00eb Boston p\u00ebr abc.news.<\/p>\n<p>Metrika YLL ka p\u00ebr q\u00ebllim t\u00eb siguroj\u00eb nj\u00eb v\u00ebshtrim t\u00eb dobish\u00ebm n\u00eb natyr\u00ebn shkat\u00ebrruese t\u00eb k\u00ebtij virusi. Nd\u00ebrsa qeverit\u00eb n\u00eb t\u00eb gjith\u00eb globin konsiderojn\u00eb rihapjen, ky studim mund t\u00eb ndihmoj\u00eb n\u00eb informimin e vendimmarrjes dhe t\u00eb zbuloj\u00eb sakt\u00ebsisht se \u00e7far\u00eb \u00ebsht\u00eb rrezik.<\/p>\n<p>Gazeta Sot<\/p>\n","protected":false},"excerpt":{"rendered":"<p>Studim m\u00eb i fundit: &#8211; Ja sa vite m\u00eb her\u00ebt do vdesin njer\u00ebzit q\u00eb u infektuan me koronavirus 11 MAJ 2020 Sipas nj\u00eb studimi t\u00eb b\u00ebr\u00eb nga Universiteti i Glasgow, edhe pse numri i t\u00eb infektuarve nga koronavirusi nuk duhet n\u00ebnvler\u00ebsuar, fokusi gjithashtu duhet t\u00eb jet\u00eb edhe tek pasojat q\u00eb do t\u2019i l\u00eb ky virus [&hellip;]<\/p>\n","protected":false},"author":9,"featured_media":34558,"comment_status":"open","ping_status":"open","sticky":false,"template":"","format":"standard","meta":{"jetpack_post_was_ever_published":false,"_jetpack_newsletter_access":"","_jetpack_dont_email_post_to_subs":false,"_jetpack_newsletter_tier_id":0,"_jetpack_memberships_contains_paywalled_content":false,"_jetpack_memberships_contains_paid_content":false,"footnotes":"","jetpack_publicize_message":"","jetpack_publicize_feature_enabled":true,"jetpack_social_post_already_shared":true,"jetpack_social_options":{"image_generator_settings":{"template":"highway","default_image_id":0,"font":"","enabled":false},"version":2}},"categories":[27,35],"tags":[],"class_list":["post-34557","post","type-post","status-publish","format-standard","has-post-thumbnail","hentry","category-blogu-i-udhetarit","category-shoqerore"],"jetpack_publicize_connections":[],"jetpack_featured_media_url":"https:\/\/i0.wp.com\/www.shqiperia.com\/blog\/wp-content\/uploads\/2020\/05\/800-0-5eb94d4d387cb.jpg?fit=800%2C412&ssl=1","jetpack_sharing_enabled":true,"jetpack_shortlink":"https:\/\/wp.me\/p5Z6wp-8Zn","jetpack-related-posts":[{"id":49328,"url":"https:\/\/www.shqiperia.com\/blog\/si-e-ka-ndryshuar-delta-situaten-nese-nje-person-me-covid-infektonte-dy-te-tjere-tani-ja-cilat-jane-simptomat-qe-shfaqen-tek-femijet\/","url_meta":{"origin":34557,"position":0},"title":"Si e ka ndryshuar \u2018Delta\u2019 situat\u00ebn: &#8211; \u00a0N\u00ebse nj\u00eb person me Covid, infektonte dy t\u00eb tjer\u00eb, tani\u2026 &#8211; Ja cilat jan\u00eb simptomat q\u00eb shfaqen tek f\u00ebmij\u00ebt","author":"Kurt Farka","date":"August 25, 2021","format":false,"excerpt":"Si e ka ndryshuar \u2018Delta\u2019 situat\u00ebn: - \u00a0N\u00ebse nj\u00eb person me Covid, infektonte dy t\u00eb tjer\u00eb, tani\u2026 - Ja cilat jan\u00eb simptomat q\u00eb shfaqen tek f\u00ebmij\u00ebt 25 gusht 2021 Jav\u00ebve t\u00eb fundit, Kosova po regjistron rritje t\u00eb rasteve me koronavirus, teksa varianti Delta \u2013 q\u00eb \u00ebsht\u00eb variant m\u00eb ngjit\u00ebs \u2013\u2026","rel":"","context":"In &quot;Njoftime Shtypi&quot;","block_context":{"text":"Njoftime Shtypi","link":"https:\/\/www.shqiperia.com\/blog\/category\/njoftime-shtypi\/"},"img":{"alt_text":"","src":"https:\/\/i0.wp.com\/www.shqiperia.com\/blog\/wp-content\/uploads\/2021\/08\/delta.jpg?fit=675%2C344&ssl=1&resize=350%2C200","width":350,"height":200,"srcset":"https:\/\/i0.wp.com\/www.shqiperia.com\/blog\/wp-content\/uploads\/2021\/08\/delta.jpg?fit=675%2C344&ssl=1&resize=350%2C200 1x, https:\/\/i0.wp.com\/www.shqiperia.com\/blog\/wp-content\/uploads\/2021\/08\/delta.jpg?fit=675%2C344&ssl=1&resize=525%2C300 1.5x"},"classes":[]},{"id":37444,"url":"https:\/\/www.shqiperia.com\/blog\/studimi-i-ri-humbja-e-nuhatjes-si-ta-kuptoni-se-jeni-infektuar-me-koronavirus\/","url_meta":{"origin":34557,"position":1},"title":"Studimi i ri\/ Humbja e nuhatjes, si ta kuptoni se jeni infektuar me koronavirus","author":"Kurt Farka","date":"August 20, 2020","format":false,"excerpt":"Studimi i ri\/ Humbja e nuhatjes, si ta kuptoni se jeni infektuar me koronavirus 20 GUSHT 2020 Humbja e aft\u00ebsis\u00eb p\u00ebr t\u00eb nuhatur q\u00eb mund t\u00eb shoq\u00ebroj\u00eb koronavirusin \u00ebsht\u00eb unike dhe e ndryshme nga ajo q\u00eb p\u00ebrjetohet nga dikush \u00ebsht\u00eb thjesht i ftohur ose i prekur nga gripi i zakonsh\u00ebm.\u2026","rel":"","context":"In &quot;Njoftime Shtypi&quot;","block_context":{"text":"Njoftime Shtypi","link":"https:\/\/www.shqiperia.com\/blog\/category\/njoftime-shtypi\/"},"img":{"alt_text":"","src":"https:\/\/i0.wp.com\/www.shqiperia.com\/blog\/wp-content\/uploads\/2020\/08\/640-0-5f3e68bf60c4b.jpg?fit=640%2C360&ssl=1&resize=350%2C200","width":350,"height":200,"srcset":"https:\/\/i0.wp.com\/www.shqiperia.com\/blog\/wp-content\/uploads\/2020\/08\/640-0-5f3e68bf60c4b.jpg?fit=640%2C360&ssl=1&resize=350%2C200 1x, https:\/\/i0.wp.com\/www.shqiperia.com\/blog\/wp-content\/uploads\/2020\/08\/640-0-5f3e68bf60c4b.jpg?fit=640%2C360&ssl=1&resize=525%2C300 1.5x"},"classes":[]},{"id":8820,"url":"https:\/\/www.shqiperia.com\/blog\/pse-po-vdesin-pemet-e-jetes\/","url_meta":{"origin":34557,"position":2},"title":"Pse po vdesin \u201cPem\u00ebt e Jet\u00ebs\u201d? &#8211;","author":"Kurt Farka","date":"June 18, 2018","format":false,"excerpt":"Pse po vdesin \u201cPem\u00ebt e Jet\u00ebs\u201d? - Sunland Baobab me mosh\u00eb 1000 vje\u00e7are dhe pema m\u00eb e madhe e Afrik\u00ebs u rr\u00ebzua vitin e kaluar. Nj\u00eb tjet\u00ebr baobab i famsh\u00ebm, pema Chapman n\u00eb Botsvana u rr\u00ebzua n\u00eb vitin 2016. Sipas nj\u00eb studimi t\u00eb publikuar n\u00eb \u201cNature Plants\u201d di\u00e7ka e ngjashme\u2026","rel":"","context":"In &quot;Blogu i Udh\u00ebtarit&quot;","block_context":{"text":"Blogu i Udh\u00ebtarit","link":"https:\/\/www.shqiperia.com\/blog\/category\/blogu-i-udhetarit\/"},"img":{"alt_text":"","src":"https:\/\/i0.wp.com\/www.shqiperia.com\/blog\/wp-content\/uploads\/2018\/06\/Pema-e-Jetes-Afrike.jpg?fit=993%2C644&ssl=1&resize=350%2C200","width":350,"height":200,"srcset":"https:\/\/i0.wp.com\/www.shqiperia.com\/blog\/wp-content\/uploads\/2018\/06\/Pema-e-Jetes-Afrike.jpg?fit=993%2C644&ssl=1&resize=350%2C200 1x, https:\/\/i0.wp.com\/www.shqiperia.com\/blog\/wp-content\/uploads\/2018\/06\/Pema-e-Jetes-Afrike.jpg?fit=993%2C644&ssl=1&resize=525%2C300 1.5x, https:\/\/i0.wp.com\/www.shqiperia.com\/blog\/wp-content\/uploads\/2018\/06\/Pema-e-Jetes-Afrike.jpg?fit=993%2C644&ssl=1&resize=700%2C400 2x"},"classes":[]},{"id":95122,"url":"https:\/\/www.shqiperia.com\/blog\/viktima-e-pare-nga-gripi-i-shpendeve\/","url_meta":{"origin":34557,"position":3},"title":"Viktima e par\u00eb nga gripi i shpend\u00ebve","author":"Kurt Farka","date":"November 23, 2025","format":false,"excerpt":"23 Nentor 2025 Personi q\u00eb u diagnostikua me varianin H5N5 t\u00eb Gripit t\u00eb Shpend\u00ebve duke u b\u00ebr\u00eb i pari pacient i diagnostikuar me k\u00ebt\u00eb version n\u00eb mbar\u00eb bot\u00ebn ka nd\u00ebrruar jet\u00eb. Lajmi u konfirmua nga autoritetet sh\u00ebndet\u00ebsore t\u00eb \u00cbashingtonit q\u00eb theksuan se viktima ishte nj\u00eb i moshuar me nj\u00eb s\u00ebr\u00eb\u2026","rel":"","context":"In &quot;Blogu i Udh\u00ebtarit&quot;","block_context":{"text":"Blogu i Udh\u00ebtarit","link":"https:\/\/www.shqiperia.com\/blog\/category\/blogu-i-udhetarit\/"},"img":{"alt_text":"","src":"https:\/\/i0.wp.com\/www.shqiperia.com\/blog\/wp-content\/uploads\/2025\/11\/640-0-7b5c1834e1bd6c3a2d9d995f7f5f2ed4.jpg?fit=640%2C384&ssl=1&resize=350%2C200","width":350,"height":200,"srcset":"https:\/\/i0.wp.com\/www.shqiperia.com\/blog\/wp-content\/uploads\/2025\/11\/640-0-7b5c1834e1bd6c3a2d9d995f7f5f2ed4.jpg?fit=640%2C384&ssl=1&resize=350%2C200 1x, https:\/\/i0.wp.com\/www.shqiperia.com\/blog\/wp-content\/uploads\/2025\/11\/640-0-7b5c1834e1bd6c3a2d9d995f7f5f2ed4.jpg?fit=640%2C384&ssl=1&resize=525%2C300 1.5x"},"classes":[]},{"id":40782,"url":"https:\/\/www.shqiperia.com\/blog\/covid-19-i-afte-te-shkaktoje-probleme-edhe-tek-ata-qe-nuk-kane-pasur-me-pare-studimi-me-i-fundit-me-ultratinguj-zbardh-detaje-tronditese-ja-si-e-demton-zemren-koronavirusi-dhe-sa-perqind-preken-r\/","url_meta":{"origin":34557,"position":4},"title":"Covid-19, i aft\u00eb t\u00eb shkaktoj\u00eb probleme edhe tek ata q\u00eb nuk kan\u00eb pasur m\u00eb par\u00eb! Studimi m\u00eb i fundit me ultratinguj zbardh detaje trondit\u00ebse: &#8211; Ja si e d\u00ebmton zemr\u00ebn koronavirusi dhe sa p\u00ebrqind preken r\u00ebnd\u00eb","author":"Kurt Farka","date":"November 12, 2020","format":false,"excerpt":"Covid-19, i aft\u00eb t\u00eb shkaktoj\u00eb probleme edhe tek ata q\u00eb nuk kan\u00eb pasur m\u00eb par\u00eb! Studimi m\u00eb i fundit me ultratinguj zbardh detaje trondit\u00ebse: - Ja si e d\u00ebmton zemr\u00ebn koronavirusi dhe sa p\u00ebrqind preken r\u00ebnd\u00eb 12 N\u00cbNTOR 2020 Ne kemi m\u00ebsuar mjaftuesh\u00ebm mbi Covid-19, p\u00ebr t\u00eb ditur se deri\u2026","rel":"","context":"In &quot;Blogu i Udh\u00ebtarit&quot;","block_context":{"text":"Blogu i Udh\u00ebtarit","link":"https:\/\/www.shqiperia.com\/blog\/category\/blogu-i-udhetarit\/"},"img":{"alt_text":"","src":"https:\/\/i0.wp.com\/www.shqiperia.com\/blog\/wp-content\/uploads\/2020\/11\/800-0-330727666564ddf806af19471b8d617b.jpg?fit=800%2C401&ssl=1&resize=350%2C200","width":350,"height":200,"srcset":"https:\/\/i0.wp.com\/www.shqiperia.com\/blog\/wp-content\/uploads\/2020\/11\/800-0-330727666564ddf806af19471b8d617b.jpg?fit=800%2C401&ssl=1&resize=350%2C200 1x, https:\/\/i0.wp.com\/www.shqiperia.com\/blog\/wp-content\/uploads\/2020\/11\/800-0-330727666564ddf806af19471b8d617b.jpg?fit=800%2C401&ssl=1&resize=525%2C300 1.5x, https:\/\/i0.wp.com\/www.shqiperia.com\/blog\/wp-content\/uploads\/2020\/11\/800-0-330727666564ddf806af19471b8d617b.jpg?fit=800%2C401&ssl=1&resize=700%2C400 2x"},"classes":[]},{"id":41815,"url":"https:\/\/www.shqiperia.com\/blog\/ekspertet-zbulojne-sa-kohe-qendroni-te-mbrojtur-pasi-keni-kaluar-covid-19\/","url_meta":{"origin":34557,"position":5},"title":"Ekspert\u00ebt zbulojn\u00eb sa koh\u00eb q\u00ebndroni t\u00eb mbrojtur pasi keni kaluar Covid-19","author":"Kurt Farka","date":"December 12, 2020","format":false,"excerpt":"Ekspert\u00ebt zbulojn\u00eb sa koh\u00eb q\u00ebndroni t\u00eb mbrojtur pasi keni kaluar Covid-19 - 10.12.20 Nj\u00eb studim i ri i Institutit p\u00ebr Imunologji \u201cLa Jolla\u201d n\u00eb Kaliforni, pretendon se\u00a0pacient\u00ebt\u00a0e sh\u00ebruar nga koronavirusi, kan\u00eb t\u00eb ngjar\u00eb t\u00eb ken\u00eb nj\u00eb memorie t\u00eb organizmit imun, q\u00eb vazhdon p\u00ebr t\u00eb pakt\u00ebn 8 muaj. Ky imunitet, p\u00ebrve\u00e7\u2026","rel":"","context":"In &quot;Blogu i Udh\u00ebtarit&quot;","block_context":{"text":"Blogu i Udh\u00ebtarit","link":"https:\/\/www.shqiperia.com\/blog\/category\/blogu-i-udhetarit\/"},"img":{"alt_text":"","src":"https:\/\/i0.wp.com\/www.shqiperia.com\/blog\/wp-content\/uploads\/2020\/12\/imuniteti2.jpg?fit=520%2C294&ssl=1&resize=350%2C200","width":350,"height":200},"classes":[]}],"_links":{"self":[{"href":"https:\/\/www.shqiperia.com\/blog\/wp-json\/wp\/v2\/posts\/34557","targetHints":{"allow":["GET"]}}],"collection":[{"href":"https:\/\/www.shqiperia.com\/blog\/wp-json\/wp\/v2\/posts"}],"about":[{"href":"https:\/\/www.shqiperia.com\/blog\/wp-json\/wp\/v2\/types\/post"}],"author":[{"embeddable":true,"href":"https:\/\/www.shqiperia.com\/blog\/wp-json\/wp\/v2\/users\/9"}],"replies":[{"embeddable":true,"href":"https:\/\/www.shqiperia.com\/blog\/wp-json\/wp\/v2\/comments?post=34557"}],"version-history":[{"count":2,"href":"https:\/\/www.shqiperia.com\/blog\/wp-json\/wp\/v2\/posts\/34557\/revisions"}],"predecessor-version":[{"id":34560,"href":"https:\/\/www.shqiperia.com\/blog\/wp-json\/wp\/v2\/posts\/34557\/revisions\/34560"}],"wp:featuredmedia":[{"embeddable":true,"href":"https:\/\/www.shqiperia.com\/blog\/wp-json\/wp\/v2\/media\/34558"}],"wp:attachment":[{"href":"https:\/\/www.shqiperia.com\/blog\/wp-json\/wp\/v2\/media?parent=34557"}],"wp:term":[{"taxonomy":"category","embeddable":true,"href":"https:\/\/www.shqiperia.com\/blog\/wp-json\/wp\/v2\/categories?post=34557"},{"taxonomy":"post_tag","embeddable":true,"href":"https:\/\/www.shqiperia.com\/blog\/wp-json\/wp\/v2\/tags?post=34557"}],"curies":[{"name":"wp","href":"https:\/\/api.w.org\/{rel}","templated":true}]}}