{"id":34554,"date":"2020-05-12T01:09:25","date_gmt":"2020-05-12T01:09:25","guid":{"rendered":"https:\/\/www.shqiperia.com\/blog\/?p=34554"},"modified":"2020-05-12T01:09:25","modified_gmt":"2020-05-12T01:09:25","slug":"imunologu-zbulon-kur-pritet-vala-e-dyte-e-covid-19-ne-shqiperi","status":"publish","type":"post","link":"https:\/\/www.shqiperia.com\/blog\/imunologu-zbulon-kur-pritet-vala-e-dyte-e-covid-19-ne-shqiperi\/","title":{"rendered":"Imunologu zbulon kur pritet vala e dyt\u00eb e Covid-19 n\u00eb Shqip\u00ebri"},"content":{"rendered":"<p><img data-recalc-dims=\"1\" loading=\"lazy\" decoding=\"async\" data-attachment-id=\"34555\" data-permalink=\"https:\/\/www.shqiperia.com\/blog\/imunologu-zbulon-kur-pritet-vala-e-dyte-e-covid-19-ne-shqiperi\/1580817610_koronavirusi\/\" data-orig-file=\"https:\/\/i0.wp.com\/www.shqiperia.com\/blog\/wp-content\/uploads\/2020\/05\/1580817610_koronavirusi.jpg?fit=780%2C440&amp;ssl=1\" data-orig-size=\"780,440\" data-comments-opened=\"1\" data-image-meta=\"{&quot;aperture&quot;:&quot;0&quot;,&quot;credit&quot;:&quot;&quot;,&quot;camera&quot;:&quot;&quot;,&quot;caption&quot;:&quot;&quot;,&quot;created_timestamp&quot;:&quot;0&quot;,&quot;copyright&quot;:&quot;&quot;,&quot;focal_length&quot;:&quot;0&quot;,&quot;iso&quot;:&quot;0&quot;,&quot;shutter_speed&quot;:&quot;0&quot;,&quot;title&quot;:&quot;&quot;,&quot;orientation&quot;:&quot;0&quot;}\" data-image-title=\"1580817610_koronavirusi\" data-image-description=\"\" data-image-caption=\"\" data-medium-file=\"https:\/\/i0.wp.com\/www.shqiperia.com\/blog\/wp-content\/uploads\/2020\/05\/1580817610_koronavirusi.jpg?fit=300%2C169&amp;ssl=1\" data-large-file=\"https:\/\/i0.wp.com\/www.shqiperia.com\/blog\/wp-content\/uploads\/2020\/05\/1580817610_koronavirusi.jpg?fit=780%2C440&amp;ssl=1\" class=\"alignnone  wp-image-34555\" alt=\"\" src=\"https:\/\/i0.wp.com\/www.shqiperia.com\/blog\/wp-content\/uploads\/2020\/05\/1580817610_koronavirusi.jpg?resize=604%2C340&#038;ssl=1\" width=\"604\" height=\"340\" srcset=\"https:\/\/i0.wp.com\/www.shqiperia.com\/blog\/wp-content\/uploads\/2020\/05\/1580817610_koronavirusi.jpg?resize=300%2C169&amp;ssl=1 300w, https:\/\/i0.wp.com\/www.shqiperia.com\/blog\/wp-content\/uploads\/2020\/05\/1580817610_koronavirusi.jpg?resize=768%2C433&amp;ssl=1 768w, https:\/\/i0.wp.com\/www.shqiperia.com\/blog\/wp-content\/uploads\/2020\/05\/1580817610_koronavirusi.jpg?resize=450%2C254&amp;ssl=1 450w, https:\/\/i0.wp.com\/www.shqiperia.com\/blog\/wp-content\/uploads\/2020\/05\/1580817610_koronavirusi.jpg?resize=600%2C338&amp;ssl=1 600w, https:\/\/i0.wp.com\/www.shqiperia.com\/blog\/wp-content\/uploads\/2020\/05\/1580817610_koronavirusi.jpg?resize=400%2C226&amp;ssl=1 400w, https:\/\/i0.wp.com\/www.shqiperia.com\/blog\/wp-content\/uploads\/2020\/05\/1580817610_koronavirusi.jpg?w=780&amp;ssl=1 780w\" sizes=\"auto, (max-width: 604px) 100vw, 604px\" \/><\/p>\n<p><strong>Imunologu zbulon kur pritet vala e dyt\u00eb e Covid-19 n\u00eb Shqip\u00ebri<\/strong><\/p>\n<p><strong>11 Maj 2020 <\/strong><\/p>\n<p>Imunologu Genc Sul\u00e7ebe, n\u00eb nj\u00eb lidhje direkte me \u201cDita jon\u00eb\u201d n\u00eb A2, u shpreh se \u00ebsht\u00eb normale q\u00eb viruse t\u00eb tilla si koronavirusi i ri t\u00eb ken\u00eb nj\u00eb val\u00eb t\u00eb dyt\u00eb.<\/p>\n<p>N\u00eb lidhje me val\u00ebn e dyt\u00eb t\u00eb Covid-19 n\u00eb vendin ton\u00eb, Sul\u00e7ebe tha: \u201cK\u00ebto viruse rikthehen. N\u00eb vendin ton\u00eb zakonisht rikthehen nga n\u00ebntori. Un\u00eb mendoj se deri n\u00eb n\u00ebntor nuk duhet t\u00eb trembemi dhe deri at\u00ebher\u00eb do t\u00eb kemi imunizim t\u00eb p\u00ebrgjithsh\u00ebm t\u00eb popullat\u00ebs\u201d.<\/p>\n<p>Sipas imunologut, tani q\u00eb ka nisur lirimi i masave, popullata duhet t\u00eb m\u00ebsohet me p\u00ebrdorimin e mask\u00ebs: \u201cDuhet t\u00eb m\u00ebsohemi me mbajtjen e mask\u00ebs tani q\u00eb jan\u00eb \u00e7liruar masat. Duhet t\u00eb m\u00ebsohemi t\u00eb bashk\u00ebjetojm\u00eb me k\u00ebt\u00eb virus. Ka shum\u00eb s\u00ebmundje m\u00eb vdekjeprur\u00ebse sesa koronavirusi, nuk duhet t\u00eb tmerrohemi\u201d.<\/p>\n<p>Kur u pyet mbi lajmet e shumta q\u00eb qarkullojn\u00eb mbi pandemin\u00eb, Sul\u00e7ebe k\u00ebshilloi q\u00eb t\u00eb b\u00ebjm\u00eb kujdes ndaj lajmeve t\u00eb rreme apo teorive konspirative: \u201cKam d\u00ebgjuar p\u00ebr nj\u00eb nobelist japonez q\u00eb u tha se ka qen\u00eb n\u00eb laboratorin e Wuhanit dhe aty kishte kuptuar origjin\u00ebn e virusit. Ishte nj\u00eb lajm krejt\u00ebsisht i rrem\u00eb q\u00eb u p\u00ebrhap dhe ishte \u00e7orientues. Ka edhe shum\u00eb teori konspirative n\u00eb t\u00eb gjith\u00eb bot\u00ebn. Secili thot\u00eb gjith\u00e7ka dhe \u00ebsht\u00eb v\u00ebshtir\u00eb p\u00ebr njeriun q\u00eb t\u00eb orientohet. \u00cbsht\u00eb e d\u00ebmshme q\u00eb t\u00eb thuash se koronavirusi nuk ekziston, q\u00eb \u00ebsht\u00eb shpikje dhe ne nuk ka nevoj\u00eb q\u00eb t\u00eb ruhemi. Shkenc\u00ebrisht \u00ebsht\u00eb e qart\u00eb se ky virus \u00ebsht\u00eb kudo dhe transmetohet nga njer\u00ebzit. Mjafton t\u00eb ruajm\u00eb rrug\u00ebt e frym\u00ebmarrjes me maska, mos t\u00eb rrim\u00eb n\u00eb grup dhe t\u00eb ruajm\u00eb higjien\u00ebn. Kaq mjafton q\u00eb t\u00eb ruhemi, nuk ka nevoj\u00eb p\u00ebr informacione t\u00eb tjera q\u00eb mund t\u00eb jen\u00eb t\u00eb d\u00ebmshme\u201d.<\/p>\n<p>\u201cShkenc\u00ebtar\u00ebt q\u00eb botojn\u00eb n\u00eb revista shkencore serioze thon\u00eb q\u00eb nuk ka mund\u00ebsi q\u00eb ky virus t\u00eb jet\u00eb krijuar n\u00eb laborator. Ata thon\u00eb q\u00eb ky virus \u00ebsht\u00eb shum\u00eb i ngjash\u00ebm me nj\u00eb tjet\u00ebr q\u00eb \u00ebsht\u00eb gjetur te lakuriq\u00ebt e nat\u00ebs. Sipas tyre, duhej t\u00eb pakt\u00ebn 20 vjet q\u00eb ky virus t\u00eb kishte evoluar dhe t\u00eb kalonte te njeriu. Gjat\u00eb k\u00ebtyre viteve, virusi mund t\u00eb ket\u00eb kaluar n\u00eb nj\u00eb kafsh\u00eb nd\u00ebrmjet\u00ebse q\u00eb ka sh\u00ebrbyer si ur\u00eb, nga lakuriqi i nat\u00ebs te njeriu. E nj\u00ebjta gj\u00eb ka ndodhur me HIV\/AIDS, k\u00ebto jan\u00eb fenomene q\u00eb ndodhin\u201d, shtoi Genc Sul\u00e7ebe.<\/p>\n<p><strong>\u00a9Copyright Gazeta SHQIP<\/strong><\/p>\n","protected":false},"excerpt":{"rendered":"<p>Imunologu zbulon kur pritet vala e dyt\u00eb e Covid-19 n\u00eb Shqip\u00ebri 11 Maj 2020 Imunologu Genc Sul\u00e7ebe, n\u00eb nj\u00eb lidhje direkte me \u201cDita jon\u00eb\u201d n\u00eb A2, u shpreh se \u00ebsht\u00eb normale q\u00eb viruse t\u00eb tilla si koronavirusi i ri t\u00eb ken\u00eb nj\u00eb val\u00eb t\u00eb dyt\u00eb. N\u00eb lidhje me val\u00ebn e dyt\u00eb t\u00eb Covid-19 n\u00eb vendin [&hellip;]<\/p>\n","protected":false},"author":9,"featured_media":34555,"comment_status":"open","ping_status":"open","sticky":false,"template":"","format":"standard","meta":{"jetpack_post_was_ever_published":false,"_jetpack_newsletter_access":"","_jetpack_dont_email_post_to_subs":false,"_jetpack_newsletter_tier_id":0,"_jetpack_memberships_contains_paywalled_content":false,"_jetpack_memberships_contains_paid_content":false,"footnotes":"","jetpack_publicize_message":"","jetpack_publicize_feature_enabled":true,"jetpack_social_post_already_shared":true,"jetpack_social_options":{"image_generator_settings":{"template":"highway","default_image_id":0,"font":"","enabled":false},"version":2}},"categories":[27,35],"tags":[],"class_list":["post-34554","post","type-post","status-publish","format-standard","has-post-thumbnail","hentry","category-blogu-i-udhetarit","category-shoqerore"],"jetpack_publicize_connections":[],"jetpack_featured_media_url":"https:\/\/i0.wp.com\/www.shqiperia.com\/blog\/wp-content\/uploads\/2020\/05\/1580817610_koronavirusi.jpg?fit=780%2C440&ssl=1","jetpack_sharing_enabled":true,"jetpack_shortlink":"https:\/\/wp.me\/p5Z6wp-8Zk","jetpack-related-posts":[{"id":45048,"url":"https:\/\/www.shqiperia.com\/blog\/duroni-dhe-2-muaj-imunologu-i-njohur-ne-itali-tregon-menyren-se-si-do-te-shpetoje-bota-nga-koronavirusi\/","url_meta":{"origin":34554,"position":0},"title":"\u201cDuroni dhe 2 muaj!\u201d, imunologu i njohur n\u00eb Itali tregon m\u00ebnyr\u00ebn se si do t\u00eb shp\u00ebtoj\u00eb bota nga koronavirusi","author":"Kurt Farka","date":"March 6, 2021","format":false,"excerpt":"\u201cDuroni dhe 2 muaj!\u201d, imunologu i njohur n\u00eb Itali tregon m\u00ebnyr\u00ebn se si do t\u00eb shp\u00ebtoj\u00eb bota nga koronavirusi MARS 2021 Imunologu dhe alergologu i njohur n\u00eb Itali, Francesco Le Foche, babai i tre f\u00ebmij\u00ebve t\u00eb mosh\u00ebs 20, 13 dhe 12 vje\u00e7, e di se \u00e7far\u00eb do t\u00eb thot\u00eb t\u00eb\u2026","rel":"","context":"In &quot;Blogu i Udh\u00ebtarit&quot;","block_context":{"text":"Blogu i Udh\u00ebtarit","link":"https:\/\/www.shqiperia.com\/blog\/category\/blogu-i-udhetarit\/"},"img":{"alt_text":"","src":"https:\/\/i0.wp.com\/www.shqiperia.com\/blog\/wp-content\/uploads\/2021\/03\/800-0-60439452d6918.jpg?fit=800%2C416&ssl=1&resize=350%2C200","width":350,"height":200,"srcset":"https:\/\/i0.wp.com\/www.shqiperia.com\/blog\/wp-content\/uploads\/2021\/03\/800-0-60439452d6918.jpg?fit=800%2C416&ssl=1&resize=350%2C200 1x, https:\/\/i0.wp.com\/www.shqiperia.com\/blog\/wp-content\/uploads\/2021\/03\/800-0-60439452d6918.jpg?fit=800%2C416&ssl=1&resize=525%2C300 1.5x, https:\/\/i0.wp.com\/www.shqiperia.com\/blog\/wp-content\/uploads\/2021\/03\/800-0-60439452d6918.jpg?fit=800%2C416&ssl=1&resize=700%2C400 2x"},"classes":[]},{"id":59697,"url":"https:\/\/www.shqiperia.com\/blog\/po-behet-thirrje-per-kthimin-e-maskes-ne-transport-france-vala-e-7-te-e-virusit-po-pershpejtohet\/","url_meta":{"origin":34554,"position":1},"title":"Po b\u00ebhet thirrje p\u00ebr kthimin e mask\u00ebs n\u00eb transport. &#8211; Franc\u00eb.: &#8211; Vala e 7-t\u00eb e virusit po p\u00ebrshpejtohet,","author":"Kurt Farka","date":"July 2, 2022","format":false,"excerpt":"\u00a0- 29.06.22 Vala e shtat\u00eb e epidemis\u00eb s\u00eb Covid-19 po p\u00ebrshpejtohet n\u00eb Franc\u00eb dhe rekomandimet p\u00ebr rivendosjen e mask\u00ebs mbrojt\u00ebse, ve\u00e7an\u00ebrisht n\u00eb transport, po shum\u00ebfishohen nga qeveria, pa siguri se kjo, s\u00eb bashku me vaksinimin, do t\u00eb mjaftonte p\u00ebr ta ndaluar transmetimin. A do t\u00eb jet\u00eb kjo val\u00eb nj\u00eb cunam?\u2026","rel":"","context":"In &quot;Blogu i Udh\u00ebtarit&quot;","block_context":{"text":"Blogu i Udh\u00ebtarit","link":"https:\/\/www.shqiperia.com\/blog\/category\/blogu-i-udhetarit\/"},"img":{"alt_text":"","src":"https:\/\/i0.wp.com\/www.shqiperia.com\/blog\/wp-content\/uploads\/2022\/07\/covid-3.jpg?fit=1200%2C675&ssl=1&resize=350%2C200","width":350,"height":200,"srcset":"https:\/\/i0.wp.com\/www.shqiperia.com\/blog\/wp-content\/uploads\/2022\/07\/covid-3.jpg?fit=1200%2C675&ssl=1&resize=350%2C200 1x, https:\/\/i0.wp.com\/www.shqiperia.com\/blog\/wp-content\/uploads\/2022\/07\/covid-3.jpg?fit=1200%2C675&ssl=1&resize=525%2C300 1.5x, https:\/\/i0.wp.com\/www.shqiperia.com\/blog\/wp-content\/uploads\/2022\/07\/covid-3.jpg?fit=1200%2C675&ssl=1&resize=700%2C400 2x, https:\/\/i0.wp.com\/www.shqiperia.com\/blog\/wp-content\/uploads\/2022\/07\/covid-3.jpg?fit=1200%2C675&ssl=1&resize=1050%2C600 3x"},"classes":[]},{"id":39670,"url":"https:\/\/www.shqiperia.com\/blog\/pellumb-pipero-del-hapur-kunder-rames-kjo-eshte-e-tepert-i-them-kryeministrit-se\/","url_meta":{"origin":34554,"position":2},"title":"P\u00ebllumb Pipero del hapur kund\u00ebr Ram\u00ebs: Kjo \u00ebsht\u00eb e tep\u00ebrt, i them kryeministrit se&#8230;.","author":"Kurt Farka","date":"October 14, 2020","format":false,"excerpt":"P\u00ebllumb Pipero del hapur kund\u00ebr Ram\u00ebs: Kjo \u00ebsht\u00eb e tep\u00ebrt, i them kryeministrit se.... 14 TETOR 2020 Mjeku P\u00ebllumb Pipero foli p\u00ebr r\u00ebnd\u00ebsin\u00eb e mbajtjes s\u00eb mask\u00ebs dhe mb\u00ebshteti vendimin q\u00eb ajo t\u00eb mbahet edhe n\u00eb ambiente jasht\u00eb. Por e vetmja gj\u00eb q\u00eb Pipero nuk \u00ebsht\u00eb dakord jan\u00eb gjobat. Mjeku\u2026","rel":"","context":"In &quot;Blogu i Udh\u00ebtarit&quot;","block_context":{"text":"Blogu i Udh\u00ebtarit","link":"https:\/\/www.shqiperia.com\/blog\/category\/blogu-i-udhetarit\/"},"img":{"alt_text":"","src":"https:\/\/i0.wp.com\/www.shqiperia.com\/blog\/wp-content\/uploads\/2020\/10\/Pipero-Rama.png?fit=640%2C342&ssl=1&resize=350%2C200","width":350,"height":200,"srcset":"https:\/\/i0.wp.com\/www.shqiperia.com\/blog\/wp-content\/uploads\/2020\/10\/Pipero-Rama.png?fit=640%2C342&ssl=1&resize=350%2C200 1x, https:\/\/i0.wp.com\/www.shqiperia.com\/blog\/wp-content\/uploads\/2020\/10\/Pipero-Rama.png?fit=640%2C342&ssl=1&resize=525%2C300 1.5x"},"classes":[]},{"id":46207,"url":"https:\/\/www.shqiperia.com\/blog\/brataj-zbulon-kur-pritet-vala-e-trete-e-covid-19-ne-vend\/","url_meta":{"origin":34554,"position":3},"title":"Brataj zbulon kur pritet vala e tret\u00eb e Covid-19 n\u00eb vend","author":"Kurt Farka","date":"April 9, 2021","format":false,"excerpt":"Brataj zbulon kur pritet vala e tret\u00eb e Covid-19 n\u00eb vend 9 PRILL 2021 Fushata elektorale po jep efekte negative n\u00eb p\u00ebrhapjen e koronavirusit. Kreu i Urgjenc\u00ebs Komb\u00ebtare tregon se k\u00ebt\u00eb periudh\u00eb parazgjedhore jan\u00eb rritur infektimet n\u00eb fshatra edhe n\u00eb ato zona t\u00eb paprekura m\u00eb par\u00eb nga Covid-19. \u201cL\u00ebvizjet e\u2026","rel":"","context":"In &quot;Shoqerore&quot;","block_context":{"text":"Shoqerore","link":"https:\/\/www.shqiperia.com\/blog\/category\/shoqerore\/"},"img":{"alt_text":"","src":"https:\/\/i0.wp.com\/www.shqiperia.com\/blog\/wp-content\/uploads\/2021\/04\/Corona-virus-photo-for-the-webpage.jpg?fit=1200%2C673&ssl=1&resize=350%2C200","width":350,"height":200,"srcset":"https:\/\/i0.wp.com\/www.shqiperia.com\/blog\/wp-content\/uploads\/2021\/04\/Corona-virus-photo-for-the-webpage.jpg?fit=1200%2C673&ssl=1&resize=350%2C200 1x, https:\/\/i0.wp.com\/www.shqiperia.com\/blog\/wp-content\/uploads\/2021\/04\/Corona-virus-photo-for-the-webpage.jpg?fit=1200%2C673&ssl=1&resize=525%2C300 1.5x, https:\/\/i0.wp.com\/www.shqiperia.com\/blog\/wp-content\/uploads\/2021\/04\/Corona-virus-photo-for-the-webpage.jpg?fit=1200%2C673&ssl=1&resize=700%2C400 2x, https:\/\/i0.wp.com\/www.shqiperia.com\/blog\/wp-content\/uploads\/2021\/04\/Corona-virus-photo-for-the-webpage.jpg?fit=1200%2C673&ssl=1&resize=1050%2C600 3x"},"classes":[]},{"id":34065,"url":"https:\/\/www.shqiperia.com\/blog\/deklarata-e-epidemiologut-ne-vjeshte-do-jete-vala-e-dyte-e-covid-19-perkon-me-nisjen-e-gripit-stinor\/","url_meta":{"origin":34554,"position":4},"title":"Deklarata e epidemiologut: N\u00eb vjesht\u00eb do jet\u00eb vala e dyt\u00eb e COVID 19, p\u00ebrkon me nisjen e gripit stinor","author":"Kurt Farka","date":"April 29, 2020","format":false,"excerpt":"Deklarata e epidemiologut: N\u00eb vjesht\u00eb do jet\u00eb vala e dyt\u00eb e COVID 19, p\u00ebrkon me nisjen e gripit stinor 29 Prill 2020 Mjeku epidemiolog, Ilir Alimehmeti, \u00ebsht\u00eb shprehur sot se n\u00eb Shqip\u00ebri do t\u00eb ket\u00eb nj\u00eb val\u00eb t\u00eb fyt\u00eb t\u00eb COVID-19 n\u00eb shtator. I ftuar sot n\u00eb emisionin \u201cOpen\u201d n\u00eb\u2026","rel":"","context":"In &quot;Blogu i Udh\u00ebtarit&quot;","block_context":{"text":"Blogu i Udh\u00ebtarit","link":"https:\/\/www.shqiperia.com\/blog\/category\/blogu-i-udhetarit\/"},"img":{"alt_text":"","src":"https:\/\/i0.wp.com\/www.shqiperia.com\/blog\/wp-content\/uploads\/2020\/04\/epidemiolog-1.jpg?fit=484%2C308&ssl=1&resize=350%2C200","width":350,"height":200},"classes":[]},{"id":49639,"url":"https:\/\/www.shqiperia.com\/blog\/pandemia-ne-shqiperi-ja-grupmosha-me-e-prekur-nga-koronavirusi-ne-vendin-tone-studimi-zbulon-detaje-te-panjohura\/","url_meta":{"origin":34554,"position":5},"title":"Pandemia n\u00eb Shqip\u00ebri: &#8211;\u00a0 Ja grupmosha m\u00eb e prekur nga koronavirusi n\u00eb vendin ton\u00eb, studimi zbulon detaje t\u00eb panjohura","author":"Kurt Farka","date":"September 5, 2021","format":false,"excerpt":"Pandemia n\u00eb Shqip\u00ebri: -\u00a0 Ja grupmosha m\u00eb e prekur nga koronavirusi n\u00eb vendin ton\u00eb, studimi zbulon detaje t\u00eb panjohura 5 shtator 2021 I vetmi studim i publikuar q\u00eb hedh drit\u00eb mbi ecurin\u00eb e pandemis\u00eb n\u00eb Shqip\u00ebri me autor\u00ebsin\u00eb e ekspert\u00ebve t\u00eb ISHP, tregon se gjat\u00eb dimrit 2020-2021, grupmosha m\u00eb e\u2026","rel":"","context":"In &quot;Blogu i Udh\u00ebtarit&quot;","block_context":{"text":"Blogu i Udh\u00ebtarit","link":"https:\/\/www.shqiperia.com\/blog\/category\/blogu-i-udhetarit\/"},"img":{"alt_text":"","src":"https:\/\/i0.wp.com\/www.shqiperia.com\/blog\/wp-content\/uploads\/2021\/09\/shq.jpg?fit=801%2C486&ssl=1&resize=350%2C200","width":350,"height":200,"srcset":"https:\/\/i0.wp.com\/www.shqiperia.com\/blog\/wp-content\/uploads\/2021\/09\/shq.jpg?fit=801%2C486&ssl=1&resize=350%2C200 1x, https:\/\/i0.wp.com\/www.shqiperia.com\/blog\/wp-content\/uploads\/2021\/09\/shq.jpg?fit=801%2C486&ssl=1&resize=525%2C300 1.5x, https:\/\/i0.wp.com\/www.shqiperia.com\/blog\/wp-content\/uploads\/2021\/09\/shq.jpg?fit=801%2C486&ssl=1&resize=700%2C400 2x"},"classes":[]}],"_links":{"self":[{"href":"https:\/\/www.shqiperia.com\/blog\/wp-json\/wp\/v2\/posts\/34554","targetHints":{"allow":["GET"]}}],"collection":[{"href":"https:\/\/www.shqiperia.com\/blog\/wp-json\/wp\/v2\/posts"}],"about":[{"href":"https:\/\/www.shqiperia.com\/blog\/wp-json\/wp\/v2\/types\/post"}],"author":[{"embeddable":true,"href":"https:\/\/www.shqiperia.com\/blog\/wp-json\/wp\/v2\/users\/9"}],"replies":[{"embeddable":true,"href":"https:\/\/www.shqiperia.com\/blog\/wp-json\/wp\/v2\/comments?post=34554"}],"version-history":[{"count":1,"href":"https:\/\/www.shqiperia.com\/blog\/wp-json\/wp\/v2\/posts\/34554\/revisions"}],"predecessor-version":[{"id":34556,"href":"https:\/\/www.shqiperia.com\/blog\/wp-json\/wp\/v2\/posts\/34554\/revisions\/34556"}],"wp:featuredmedia":[{"embeddable":true,"href":"https:\/\/www.shqiperia.com\/blog\/wp-json\/wp\/v2\/media\/34555"}],"wp:attachment":[{"href":"https:\/\/www.shqiperia.com\/blog\/wp-json\/wp\/v2\/media?parent=34554"}],"wp:term":[{"taxonomy":"category","embeddable":true,"href":"https:\/\/www.shqiperia.com\/blog\/wp-json\/wp\/v2\/categories?post=34554"},{"taxonomy":"post_tag","embeddable":true,"href":"https:\/\/www.shqiperia.com\/blog\/wp-json\/wp\/v2\/tags?post=34554"}],"curies":[{"name":"wp","href":"https:\/\/api.w.org\/{rel}","templated":true}]}}