{"id":34550,"date":"2020-05-12T01:04:54","date_gmt":"2020-05-12T01:04:54","guid":{"rendered":"https:\/\/www.shqiperia.com\/blog\/?p=34550"},"modified":"2020-05-12T01:05:05","modified_gmt":"2020-05-12T01:05:05","slug":"flet-zonja-qe-u-terhoq-zvarre-nga-policia-ne-sheshin-skenderbej-jam-shokuar-ja-e-verteta-ime-cfare-me-tha-policia-ne-komisariat-dhe-kush-me-futi-thonjte-ne-fyt","status":"publish","type":"post","link":"https:\/\/www.shqiperia.com\/blog\/flet-zonja-qe-u-terhoq-zvarre-nga-policia-ne-sheshin-skenderbej-jam-shokuar-ja-e-verteta-ime-cfare-me-tha-policia-ne-komisariat-dhe-kush-me-futi-thonjte-ne-fyt\/","title":{"rendered":"Flet zonja q\u00eb u t\u00ebrhoq zvarr\u00eb nga policia n\u00eb sheshin &#8216;Sk\u00ebnd\u00ebrbej&#8217;: Jam shokuar! Ja e v\u00ebrteta ime. \u00c7far\u00eb m\u00eb tha policia n\u00eb komisariat dhe kush m\u00eb futi thonjt\u00eb n\u00eb fyt"},"content":{"rendered":"<p><img data-recalc-dims=\"1\" loading=\"lazy\" decoding=\"async\" data-attachment-id=\"34551\" data-permalink=\"https:\/\/www.shqiperia.com\/blog\/flet-zonja-qe-u-terhoq-zvarre-nga-policia-ne-sheshin-skenderbej-jam-shokuar-ja-e-verteta-ime-cfare-me-tha-policia-ne-komisariat-dhe-kush-me-futi-thonjte-ne-fyt\/800-0-5eb9cb5f3ffbd\/\" data-orig-file=\"https:\/\/i0.wp.com\/www.shqiperia.com\/blog\/wp-content\/uploads\/2020\/05\/800-0-5eb9cb5f3ffbd.jpg?fit=800%2C450&amp;ssl=1\" data-orig-size=\"800,450\" data-comments-opened=\"1\" data-image-meta=\"{&quot;aperture&quot;:&quot;0&quot;,&quot;credit&quot;:&quot;&quot;,&quot;camera&quot;:&quot;&quot;,&quot;caption&quot;:&quot;&quot;,&quot;created_timestamp&quot;:&quot;0&quot;,&quot;copyright&quot;:&quot;&quot;,&quot;focal_length&quot;:&quot;0&quot;,&quot;iso&quot;:&quot;0&quot;,&quot;shutter_speed&quot;:&quot;0&quot;,&quot;title&quot;:&quot;&quot;,&quot;orientation&quot;:&quot;0&quot;}\" data-image-title=\"-800-0-5eb9cb5f3ffbd\" data-image-description=\"\" data-image-caption=\"\" data-medium-file=\"https:\/\/i0.wp.com\/www.shqiperia.com\/blog\/wp-content\/uploads\/2020\/05\/800-0-5eb9cb5f3ffbd.jpg?fit=300%2C169&amp;ssl=1\" data-large-file=\"https:\/\/i0.wp.com\/www.shqiperia.com\/blog\/wp-content\/uploads\/2020\/05\/800-0-5eb9cb5f3ffbd.jpg?fit=800%2C450&amp;ssl=1\" class=\"alignnone  wp-image-34551\" alt=\"\" src=\"https:\/\/i0.wp.com\/www.shqiperia.com\/blog\/wp-content\/uploads\/2020\/05\/800-0-5eb9cb5f3ffbd.jpg?resize=474%2C267&#038;ssl=1\" width=\"474\" height=\"267\" srcset=\"https:\/\/i0.wp.com\/www.shqiperia.com\/blog\/wp-content\/uploads\/2020\/05\/800-0-5eb9cb5f3ffbd.jpg?resize=300%2C169&amp;ssl=1 300w, https:\/\/i0.wp.com\/www.shqiperia.com\/blog\/wp-content\/uploads\/2020\/05\/800-0-5eb9cb5f3ffbd.jpg?resize=768%2C432&amp;ssl=1 768w, https:\/\/i0.wp.com\/www.shqiperia.com\/blog\/wp-content\/uploads\/2020\/05\/800-0-5eb9cb5f3ffbd.jpg?resize=450%2C253&amp;ssl=1 450w, https:\/\/i0.wp.com\/www.shqiperia.com\/blog\/wp-content\/uploads\/2020\/05\/800-0-5eb9cb5f3ffbd.jpg?resize=600%2C338&amp;ssl=1 600w, https:\/\/i0.wp.com\/www.shqiperia.com\/blog\/wp-content\/uploads\/2020\/05\/800-0-5eb9cb5f3ffbd.jpg?resize=400%2C225&amp;ssl=1 400w, https:\/\/i0.wp.com\/www.shqiperia.com\/blog\/wp-content\/uploads\/2020\/05\/800-0-5eb9cb5f3ffbd.jpg?w=800&amp;ssl=1 800w\" sizes=\"auto, (max-width: 474px) 100vw, 474px\" \/><\/p>\n<p>Flet zonja q\u00eb u t\u00ebrhoq zvarr\u00eb nga policia n\u00eb sheshin &#8216;Sk\u00ebnd\u00ebrbej&#8217;: Jam shokuar! Ja e v\u00ebrteta ime. \u00c7far\u00eb m\u00eb tha policia n\u00eb komisariat dhe kush m\u00eb futi thonjt\u00eb n\u00eb fyt<\/p>\n<p>11 MAJ 2020<\/p>\n<ul>\n<li><a href=\"https:\/\/sot.com.al\/aktualitet\/ira-kurti-rrefen-me-lot-ne-sy-per-dhunen-barbare-nga-policia-dhe-treg\">Ira Kurti rr\u00ebfen me lot n\u00eb sy p\u00ebr dhun\u00ebn barbare nga policia dhe tregon pasojat e r\u00ebnda q\u00eb i ka l\u00ebn\u00eb: Kam plag\u00eb n\u00eb trup, <\/a><\/li>\n<li>Kurti:\u00a0Policia me kapi p\u00ebr krahu, nuk e p\u00eblqeva se jam e p\u00ebrgjegjshme dhe e maturuar. Nuk kisha asgj\u00eb me vete, as bi\u00e7iklet\u00ebn. Mua m\u2019u pren\u00eb gjunj\u00ebt. M\u00eb vinte zor. Nuk kisha frik\u00eb. Un\u00eb nuk jam heroin\u00eb, \u00ebsht\u00eb nj\u00eb popull si ky q\u00eb ka duruar p\u00ebr 30 vite.<\/li>\n<\/ul>\n<p>Pasi m\u2019u pren\u00eb gjunj\u00ebt ata m\u00eb t\u00ebrhoq\u00ebn zvarr\u00eb, kur u ula policja m\u00eb futi thonjt\u00eb n\u00eb fyt. I thash \u00e7far\u00eb b\u00ebn, un\u00eb jam n\u00ebna jote. Ajo m\u00eb tha n\u00eb komisariat q\u00eb e ka p\u00ebr turp t\u00eb jet\u00eb bija ime.<\/p>\n<p>Un\u00eb kam qen\u00eb e shokuar nga sjellja e tyre. Kisha dhimbje fizike aty. Un\u00eb nuk e dija se kisha kamera q\u00eb po filmonin, isha e p\u00ebrqendruar te sjellja e policis\u00eb. U thash se jeni k\u00ebtu p\u00ebr t\u00eb ruajtur qytetar\u00ebt.<\/p>\n<p>Gazeta Sot<\/p>\n","protected":false},"excerpt":{"rendered":"<p>Flet zonja q\u00eb u t\u00ebrhoq zvarr\u00eb nga policia n\u00eb sheshin &#8216;Sk\u00ebnd\u00ebrbej&#8217;: Jam shokuar! Ja e v\u00ebrteta ime. \u00c7far\u00eb m\u00eb tha policia n\u00eb komisariat dhe kush m\u00eb futi thonjt\u00eb n\u00eb fyt 11 MAJ 2020 Ira Kurti rr\u00ebfen me lot n\u00eb sy p\u00ebr dhun\u00ebn barbare nga policia dhe tregon pasojat e r\u00ebnda q\u00eb i ka l\u00ebn\u00eb: Kam [&hellip;]<\/p>\n","protected":false},"author":9,"featured_media":34551,"comment_status":"open","ping_status":"open","sticky":false,"template":"","format":"standard","meta":{"jetpack_post_was_ever_published":false,"_jetpack_newsletter_access":"","_jetpack_dont_email_post_to_subs":false,"_jetpack_newsletter_tier_id":0,"_jetpack_memberships_contains_paywalled_content":false,"_jetpack_memberships_contains_paid_content":false,"footnotes":"","jetpack_publicize_message":"","jetpack_publicize_feature_enabled":true,"jetpack_social_post_already_shared":true,"jetpack_social_options":{"image_generator_settings":{"template":"highway","default_image_id":0,"font":"","enabled":false},"version":2}},"categories":[27,10,35],"tags":[],"class_list":["post-34550","post","type-post","status-publish","format-standard","has-post-thumbnail","hentry","category-blogu-i-udhetarit","category-kultura","category-shoqerore"],"jetpack_publicize_connections":[],"jetpack_featured_media_url":"https:\/\/i0.wp.com\/www.shqiperia.com\/blog\/wp-content\/uploads\/2020\/05\/800-0-5eb9cb5f3ffbd.jpg?fit=800%2C450&ssl=1","jetpack_sharing_enabled":true,"jetpack_shortlink":"https:\/\/wp.me\/p5Z6wp-8Zg","jetpack-related-posts":[{"id":51561,"url":"https:\/\/www.shqiperia.com\/blog\/sherr-masiv-mes-nje-grupi-grash-prisnin-qe-burrat-ti-ke-sjelle-nje-plake-nga-fshati-dhe-ajo-na-ka-bere-magji-femijeve\/","url_meta":{"origin":34550,"position":0},"title":"Sherr masiv mes nj\u00eb grupi grash, prisnin q\u00eb burrat&#8230;  &#8211; Ti ke sjell\u00eb nj\u00eb plak\u00eb nga fshati dhe ajo na ka b\u00ebr\u00eb magji f\u00ebmij\u00ebve.","author":"Kurt Farka","date":"November 21, 2021","format":false,"excerpt":"Sherr masiv mes nj\u00eb grupi grash, prisnin q\u00eb burrat...Ti ke sjell\u00eb nj\u00eb plak\u00eb nga fshati dhe ajo na ka b\u00ebr\u00eb magji f\u00ebmij\u00ebve. 20 N\u00cbNTOR 2021 P\u00ebrfundimisht sherri i grave \u00ebsht\u00eb i hidhur edhe kur nuk ka shkak. Grat\u00eb e nj\u00eb pallati kan\u00eb p\u00ebrfunduar n\u00eb sherr masiv than\u00eb burime policore, duke\u2026","rel":"","context":"In &quot;Press Releases&quot;","block_context":{"text":"Press Releases","link":"https:\/\/www.shqiperia.com\/blog\/category\/press-releases\/"},"img":{"alt_text":"","src":"https:\/\/i0.wp.com\/www.shqiperia.com\/blog\/wp-content\/uploads\/2021\/11\/policia-3-750x375-1.jpg?fit=750%2C375&ssl=1&resize=350%2C200","width":350,"height":200,"srcset":"https:\/\/i0.wp.com\/www.shqiperia.com\/blog\/wp-content\/uploads\/2021\/11\/policia-3-750x375-1.jpg?fit=750%2C375&ssl=1&resize=350%2C200 1x, https:\/\/i0.wp.com\/www.shqiperia.com\/blog\/wp-content\/uploads\/2021\/11\/policia-3-750x375-1.jpg?fit=750%2C375&ssl=1&resize=525%2C300 1.5x, https:\/\/i0.wp.com\/www.shqiperia.com\/blog\/wp-content\/uploads\/2021\/11\/policia-3-750x375-1.jpg?fit=750%2C375&ssl=1&resize=700%2C400 2x"},"classes":[]},{"id":23487,"url":"https:\/\/www.shqiperia.com\/blog\/shembja-e-teatrit-regjisori-i-njohur-terhiqet-zvarre-nga-policia\/","url_meta":{"origin":34550,"position":1},"title":"Shembja e teatrit, regjisori i njohur t\u00ebrhiqet zvarr\u00eb nga policia. &#8211;","author":"Kurt Farka","date":"July 24, 2019","format":false,"excerpt":"Shembja e teatrit, regjisori i njohur t\u00ebrhiqet zvarr\u00eb nga policia. - 24\/07\/19 Policia e Shtetit prej or\u00ebve t\u00eb para t\u00eb m\u00ebngjesit ka rrethuar Teatrin Komb\u00ebtar. Policia ka larguar me forc\u00eb disa prej artist\u00ebve q\u00eb protestonin aty, por edhe qytetar\u00eb dhe mes tyre ka pasur p\u00ebrplasje. Regjisori Edmond Budina, u shpreh\u2026","rel":"","context":"In &quot;Blogu i Udh\u00ebtarit&quot;","block_context":{"text":"Blogu i Udh\u00ebtarit","link":"https:\/\/www.shqiperia.com\/blog\/category\/blogu-i-udhetarit\/"},"img":{"alt_text":"","src":"https:\/\/i0.wp.com\/www.shqiperia.com\/blog\/wp-content\/uploads\/2019\/07\/auto_Screenshot_11563948551-770x433.jpg?fit=770%2C433&ssl=1&resize=350%2C200","width":350,"height":200,"srcset":"https:\/\/i0.wp.com\/www.shqiperia.com\/blog\/wp-content\/uploads\/2019\/07\/auto_Screenshot_11563948551-770x433.jpg?fit=770%2C433&ssl=1&resize=350%2C200 1x, https:\/\/i0.wp.com\/www.shqiperia.com\/blog\/wp-content\/uploads\/2019\/07\/auto_Screenshot_11563948551-770x433.jpg?fit=770%2C433&ssl=1&resize=525%2C300 1.5x, https:\/\/i0.wp.com\/www.shqiperia.com\/blog\/wp-content\/uploads\/2019\/07\/auto_Screenshot_11563948551-770x433.jpg?fit=770%2C433&ssl=1&resize=700%2C400 2x"},"classes":[]},{"id":30739,"url":"https:\/\/www.shqiperia.com\/blog\/32-vite-i-vdekur\/","url_meta":{"origin":34550,"position":2},"title":"32 vite i vdekur.","author":"Kurt Farka","date":"January 28, 2020","format":false,"excerpt":"Takimi im me bashk\u00ebshorten pas 32 vjet\u00ebsh n\u00eb Mosk\u00eb 27 Janar, 2020 Rr\u00ebfimi prek\u00ebs i ish-studentit t\u00eb BS Foto Proko: \u00a0Si na larguan nga Rusia, pas prishjes s\u00eb mardh\u00ebnieve, ndarja nga gruaja dhe vajza 2 muajshe dhe kthimi n\u00eb Korcc\u00eb. Fillimi I ferrit, p\u00ebrjashtimi nga partia dhe pse m\u00eb burgos\u00ebn.\u2026","rel":"","context":"In &quot;Blogu i Udh\u00ebtarit&quot;","block_context":{"text":"Blogu i Udh\u00ebtarit","link":"https:\/\/www.shqiperia.com\/blog\/category\/blogu-i-udhetarit\/"},"img":{"alt_text":"","src":"https:\/\/i0.wp.com\/www.shqiperia.com\/blog\/wp-content\/uploads\/2020\/01\/1212-1.jpg?resize=350%2C200&ssl=1","width":350,"height":200,"srcset":"https:\/\/i0.wp.com\/www.shqiperia.com\/blog\/wp-content\/uploads\/2020\/01\/1212-1.jpg?resize=350%2C200&ssl=1 1x, https:\/\/i0.wp.com\/www.shqiperia.com\/blog\/wp-content\/uploads\/2020\/01\/1212-1.jpg?resize=525%2C300&ssl=1 1.5x"},"classes":[]},{"id":13592,"url":"https:\/\/www.shqiperia.com\/blog\/thonjte-tregojne-semundjen-tuaj\/","url_meta":{"origin":34550,"position":3},"title":"Thonjt\u00eb \u201ctregojn\u00eb\u201d s\u00ebmundjen tuaj. &#8211;","author":"Kurt Farka","date":"November 11, 2018","format":false,"excerpt":"Thonjt\u00eb \u201ctregojn\u00eb\u201d s\u00ebmundjen tuaj. - A e dini se thonjt\u00eb jan\u00eb nj\u00eb tregues mjaft i mir\u00eb se n\u00eb \u00e7far\u00eb gjendjeje \u00ebsht\u00eb sh\u00ebndeti juaj. M\u00ebposht\u00eb po ju japim disa k\u00ebshilla se si t\u00eb kuponi s\u00eb \u00e7far\u00eb problemesh keni duke par\u00eb n\u00ebp\u00ebrmjet thonjve. Lexoni k\u00ebto k\u00ebshilla: Thonjt\u00eb tuaj nuk jan\u00eb vet\u00ebm nj\u00eb\u2026","rel":"","context":"In &quot;Blogu i Udh\u00ebtarit&quot;","block_context":{"text":"Blogu i Udh\u00ebtarit","link":"https:\/\/www.shqiperia.com\/blog\/category\/blogu-i-udhetarit\/"},"img":{"alt_text":"","src":"https:\/\/i0.wp.com\/www.shqiperia.com\/blog\/wp-content\/uploads\/2018\/11\/auto_1_81541876348-770x433.jpg?fit=770%2C433&ssl=1&resize=350%2C200","width":350,"height":200,"srcset":"https:\/\/i0.wp.com\/www.shqiperia.com\/blog\/wp-content\/uploads\/2018\/11\/auto_1_81541876348-770x433.jpg?fit=770%2C433&ssl=1&resize=350%2C200 1x, https:\/\/i0.wp.com\/www.shqiperia.com\/blog\/wp-content\/uploads\/2018\/11\/auto_1_81541876348-770x433.jpg?fit=770%2C433&ssl=1&resize=525%2C300 1.5x, https:\/\/i0.wp.com\/www.shqiperia.com\/blog\/wp-content\/uploads\/2018\/11\/auto_1_81541876348-770x433.jpg?fit=770%2C433&ssl=1&resize=700%2C400 2x"},"classes":[]},{"id":61925,"url":"https:\/\/www.shqiperia.com\/blog\/rama-fik-veliajn-4-5-mije-metra-pa-leje-ne-sheshin-skenderbej-konfiskim-e-burg-per-ndertuesit\/","url_meta":{"origin":34550,"position":4},"title":"Rama \u201cfik\u201d Veliajn:  4-5 mij\u00eb metra pa leje n\u00eb sheshin \u201cSk\u00ebnderbej\u201d, konfiskim e burg p\u00ebr nd\u00ebrtuesit","author":"Kurt Farka","date":"September 8, 2022","format":false,"excerpt":"8 Shtator 2022 Kryeministri Edi Rama n\u00eb nj\u00eb dalje p\u00ebr mediet nga ministria e Brendshme u shpreh se \u00ebsht\u00eb e papranueshme q\u00eb t\u00eb lul\u00ebzojn\u00eb katet n\u00eb pallatet q\u00eb t\u00eb kamurit nd\u00ebrtojn\u00eb sa n\u00eb det, sa n\u00eb mes t\u00eb Tiran\u00ebs, Ai tha se kjo gj\u00eb k\u00ebrkon nj\u00eb adresim t\u00eb pam\u00ebshirsh\u00ebm, qoft\u00eb\u2026","rel":"","context":"In &quot;Blogu i Udh\u00ebtarit&quot;","block_context":{"text":"Blogu i Udh\u00ebtarit","link":"https:\/\/www.shqiperia.com\/blog\/category\/blogu-i-udhetarit\/"},"img":{"alt_text":"","src":"https:\/\/i0.wp.com\/www.shqiperia.com\/blog\/wp-content\/uploads\/2022\/09\/Eion-veliaj.jpg?fit=728%2C447&ssl=1&resize=350%2C200","width":350,"height":200,"srcset":"https:\/\/i0.wp.com\/www.shqiperia.com\/blog\/wp-content\/uploads\/2022\/09\/Eion-veliaj.jpg?fit=728%2C447&ssl=1&resize=350%2C200 1x, https:\/\/i0.wp.com\/www.shqiperia.com\/blog\/wp-content\/uploads\/2022\/09\/Eion-veliaj.jpg?fit=728%2C447&ssl=1&resize=525%2C300 1.5x, https:\/\/i0.wp.com\/www.shqiperia.com\/blog\/wp-content\/uploads\/2022\/09\/Eion-veliaj.jpg?fit=728%2C447&ssl=1&resize=700%2C400 2x"},"classes":[]},{"id":91441,"url":"https:\/\/www.shqiperia.com\/blog\/zhupa-mazhoranca-kerceu-vallen-e-hajduteve-ne-sheshin-skenderbej-synojme-te-marrim-6-mandate-ne-vlore\/","url_meta":{"origin":34550,"position":5},"title":"Zhupa: Mazhoranca k\u00ebrceu \u201cVallen e hajdut\u00ebve\u201d n\u00eb sheshin Sk\u00ebnderbej! &#8211; Synojm\u00eb t\u00eb marrim 6 mandate n\u00eb Vlor\u00eb","author":"Kurt Farka","date":"April 14, 2025","format":false,"excerpt":"14 Prill 2025 Drejtuesja politike e PD p\u00ebr qarkun e Vlor\u00ebs, Ina Zhupa n\u00eb nj\u00eb intervist\u00eb live me Skype n\u00eb News 24 foli p\u00ebr zgjedhjet parlamentar\u00eb t\u00eb 11 majit. Zhupa tha se PS n\u00eb sheshin qendror t\u00eb Tiran\u00ebs k\u00ebrceu \u201cVallen e hajdut\u00ebve\u201d. \u201cN\u00eb Sarand\u00eb po shtrohet asfalt elektoral. PS-ja \u00ebsht\u00eb\u2026","rel":"","context":"In &quot;Blogu i Udh\u00ebtarit&quot;","block_context":{"text":"Blogu i Udh\u00ebtarit","link":"https:\/\/www.shqiperia.com\/blog\/category\/blogu-i-udhetarit\/"},"img":{"alt_text":"","src":"https:\/\/i0.wp.com\/www.shqiperia.com\/blog\/wp-content\/uploads\/2025\/04\/Zhupa1.jpg?fit=1108%2C555&ssl=1&resize=350%2C200","width":350,"height":200,"srcset":"https:\/\/i0.wp.com\/www.shqiperia.com\/blog\/wp-content\/uploads\/2025\/04\/Zhupa1.jpg?fit=1108%2C555&ssl=1&resize=350%2C200 1x, https:\/\/i0.wp.com\/www.shqiperia.com\/blog\/wp-content\/uploads\/2025\/04\/Zhupa1.jpg?fit=1108%2C555&ssl=1&resize=525%2C300 1.5x, https:\/\/i0.wp.com\/www.shqiperia.com\/blog\/wp-content\/uploads\/2025\/04\/Zhupa1.jpg?fit=1108%2C555&ssl=1&resize=700%2C400 2x, https:\/\/i0.wp.com\/www.shqiperia.com\/blog\/wp-content\/uploads\/2025\/04\/Zhupa1.jpg?fit=1108%2C555&ssl=1&resize=1050%2C600 3x"},"classes":[]}],"_links":{"self":[{"href":"https:\/\/www.shqiperia.com\/blog\/wp-json\/wp\/v2\/posts\/34550","targetHints":{"allow":["GET"]}}],"collection":[{"href":"https:\/\/www.shqiperia.com\/blog\/wp-json\/wp\/v2\/posts"}],"about":[{"href":"https:\/\/www.shqiperia.com\/blog\/wp-json\/wp\/v2\/types\/post"}],"author":[{"embeddable":true,"href":"https:\/\/www.shqiperia.com\/blog\/wp-json\/wp\/v2\/users\/9"}],"replies":[{"embeddable":true,"href":"https:\/\/www.shqiperia.com\/blog\/wp-json\/wp\/v2\/comments?post=34550"}],"version-history":[{"count":2,"href":"https:\/\/www.shqiperia.com\/blog\/wp-json\/wp\/v2\/posts\/34550\/revisions"}],"predecessor-version":[{"id":34553,"href":"https:\/\/www.shqiperia.com\/blog\/wp-json\/wp\/v2\/posts\/34550\/revisions\/34553"}],"wp:featuredmedia":[{"embeddable":true,"href":"https:\/\/www.shqiperia.com\/blog\/wp-json\/wp\/v2\/media\/34551"}],"wp:attachment":[{"href":"https:\/\/www.shqiperia.com\/blog\/wp-json\/wp\/v2\/media?parent=34550"}],"wp:term":[{"taxonomy":"category","embeddable":true,"href":"https:\/\/www.shqiperia.com\/blog\/wp-json\/wp\/v2\/categories?post=34550"},{"taxonomy":"post_tag","embeddable":true,"href":"https:\/\/www.shqiperia.com\/blog\/wp-json\/wp\/v2\/tags?post=34550"}],"curies":[{"name":"wp","href":"https:\/\/api.w.org\/{rel}","templated":true}]}}