{"id":34547,"date":"2020-05-11T20:06:50","date_gmt":"2020-05-11T20:06:50","guid":{"rendered":"https:\/\/www.shqiperia.com\/blog\/?p=34547"},"modified":"2020-05-11T20:06:50","modified_gmt":"2020-05-11T20:06:50","slug":"raporti-alarmi-i-keshillit-te-europes-per-situaten-e-medias-ne-shqiperi","status":"publish","type":"post","link":"https:\/\/www.shqiperia.com\/blog\/raporti-alarmi-i-keshillit-te-europes-per-situaten-e-medias-ne-shqiperi\/","title":{"rendered":"RAPORTI: Alarmi i K\u00ebshillit t\u00eb Europ\u00ebs p\u00ebr situat\u00ebn e medias n\u00eb Shqip\u00ebri"},"content":{"rendered":"<p><img data-recalc-dims=\"1\" loading=\"lazy\" decoding=\"async\" data-attachment-id=\"34548\" data-permalink=\"https:\/\/www.shqiperia.com\/blog\/raporti-alarmi-i-keshillit-te-europes-per-situaten-e-medias-ne-shqiperi\/36536b1ac753d9de095a0df2e65d0b5229147188-905x450\/\" data-orig-file=\"https:\/\/i0.wp.com\/www.shqiperia.com\/blog\/wp-content\/uploads\/2020\/05\/36536b1ac753d9de095a0df2e65d0b5229147188-905x450-1.jpeg?fit=905%2C450&amp;ssl=1\" data-orig-size=\"905,450\" data-comments-opened=\"1\" data-image-meta=\"{&quot;aperture&quot;:&quot;0&quot;,&quot;credit&quot;:&quot;&quot;,&quot;camera&quot;:&quot;&quot;,&quot;caption&quot;:&quot;&quot;,&quot;created_timestamp&quot;:&quot;0&quot;,&quot;copyright&quot;:&quot;&quot;,&quot;focal_length&quot;:&quot;0&quot;,&quot;iso&quot;:&quot;0&quot;,&quot;shutter_speed&quot;:&quot;0&quot;,&quot;title&quot;:&quot;&quot;,&quot;orientation&quot;:&quot;0&quot;}\" data-image-title=\"36536b1ac753d9de095a0df2e65d0b5229147188-905&#215;450\" data-image-description=\"\" data-image-caption=\"\" data-medium-file=\"https:\/\/i0.wp.com\/www.shqiperia.com\/blog\/wp-content\/uploads\/2020\/05\/36536b1ac753d9de095a0df2e65d0b5229147188-905x450-1.jpeg?fit=300%2C149&amp;ssl=1\" data-large-file=\"https:\/\/i0.wp.com\/www.shqiperia.com\/blog\/wp-content\/uploads\/2020\/05\/36536b1ac753d9de095a0df2e65d0b5229147188-905x450-1.jpeg?fit=905%2C450&amp;ssl=1\" class=\"alignnone  wp-image-34548\" alt=\"\" src=\"https:\/\/i0.wp.com\/www.shqiperia.com\/blog\/wp-content\/uploads\/2020\/05\/36536b1ac753d9de095a0df2e65d0b5229147188-905x450-1.jpeg?resize=471%2C234&#038;ssl=1\" width=\"471\" height=\"234\" srcset=\"https:\/\/i0.wp.com\/www.shqiperia.com\/blog\/wp-content\/uploads\/2020\/05\/36536b1ac753d9de095a0df2e65d0b5229147188-905x450-1.jpeg?resize=300%2C149&amp;ssl=1 300w, https:\/\/i0.wp.com\/www.shqiperia.com\/blog\/wp-content\/uploads\/2020\/05\/36536b1ac753d9de095a0df2e65d0b5229147188-905x450-1.jpeg?resize=768%2C382&amp;ssl=1 768w, https:\/\/i0.wp.com\/www.shqiperia.com\/blog\/wp-content\/uploads\/2020\/05\/36536b1ac753d9de095a0df2e65d0b5229147188-905x450-1.jpeg?resize=450%2C224&amp;ssl=1 450w, https:\/\/i0.wp.com\/www.shqiperia.com\/blog\/wp-content\/uploads\/2020\/05\/36536b1ac753d9de095a0df2e65d0b5229147188-905x450-1.jpeg?resize=600%2C298&amp;ssl=1 600w, https:\/\/i0.wp.com\/www.shqiperia.com\/blog\/wp-content\/uploads\/2020\/05\/36536b1ac753d9de095a0df2e65d0b5229147188-905x450-1.jpeg?resize=400%2C199&amp;ssl=1 400w, https:\/\/i0.wp.com\/www.shqiperia.com\/blog\/wp-content\/uploads\/2020\/05\/36536b1ac753d9de095a0df2e65d0b5229147188-905x450-1.jpeg?w=905&amp;ssl=1 905w\" sizes=\"auto, (max-width: 471px) 100vw, 471px\" \/><\/p>\n<p><strong>RAPORTI: Alarmi i K\u00ebshillit t\u00eb Europ\u00ebs p\u00ebr situat\u00ebn e medias n\u00eb Shqip\u00ebri<\/strong><\/p>\n<p>11 maji 2020<\/p>\n<p>Raporti vjetor i Platform\u00ebs s\u00eb K\u00ebshillit t\u00eb Europ\u00ebs p\u00ebr t\u00eb Promovuar dhe Mbrojtur Gazetarin\u00eb dhe Sigurin\u00eb e Gazetar\u00ebve (2020) ka \u201cnxir\u00eb\u201d qeverin\u00eb shqiptare n\u00eb lidhje me sjelljen ndaj medias.<\/p>\n<p>N\u00eb raportin e publikuar theksohen t\u00eb gjitha rastet, kur qeveria ka urdh\u00ebruar mbyllje emisionesh dhe mediash online, t\u00eb cilat kan\u00eb qen\u00eb kritike ndaj tij.<\/p>\n<p><strong>Pjes\u00eb nga raporti p\u00ebr Shqip\u00ebrin\u00eb:<\/strong><\/p>\n<p><em>34 alarme n\u00eb 11 vende n\u00eb lidhje me dhun\u00ebn kund\u00ebr ose pengimin e gazetar\u00ebve gjat\u00eb protestave, tubimeve dhe ngjarjeve t\u00eb tjera publike.\u00a0 Ato p\u00ebrfshijn\u00eb sulme fizike ndaj gazetar\u00ebve, shkat\u00ebrrim t\u00eb pajisjeve profesionale dhe arrestime ose ndalime.\u00a0 Kjo rritje e dhun\u00ebs anti-media n\u00eb tubimet publike p\u00ebrfaq\u00ebsoi rritjen m\u00eb t\u00eb mpreht\u00eb t\u00eb t\u00eb gjitha kategorive t\u00eb alarmeve n\u00eb vitin 2019, duke reflektuar kulmin e sulmeve n\u00eb rrug\u00eb qoft\u00eb nga policia ose nga protestuesit dhe aktivist\u00ebt n\u00eb pjes\u00eb t\u00eb ndryshme t\u00eb Evrop\u00ebs. Sulmet fizike nga autoritetet ligjzbatuese u pasqyruan n\u00eb Platform\u00eb n\u00eb lidhje me p\u00ebrplasjet n\u00eb Shqip\u00ebri, Bullgari, Franc\u00eb, Itali dhe Federat\u00ebn Ruse.<\/em><\/p>\n<p><strong><em>Lirit\u00eb n\u00eb median online<\/em><\/strong><\/p>\n<p><em>Alarmet e dh\u00ebna n\u00eb vitin 2019 p\u00ebr Shqip\u00ebrin\u00eb, Turqin\u00eb dhe Ukrain\u00ebn, nxor\u00ebn n\u00eb pah vendimet gjyq\u00ebsore ose rregullatore q\u00eb bllokojn\u00eb aksesin n\u00eb faqet e internetit q\u00eb p\u00ebrmbajn\u00eb lajme dhe informacione. N\u00eb korrik, nj\u00eb gjykat\u00ebs n\u00eb Turqi bllokoi aksesin n\u00eb 136 faqe interneti, p\u00ebrfshir\u00eb portalet e lajmeve, si dhe dhjet\u00ebra llogari t\u00eb mediave sociale.<\/em><\/p>\n<p><em>M\u00eb 1 dhjetor, Kryeministri i Shqip\u00ebris\u00eb Edi Rama urdh\u00ebroi Autoritetin e Komunikimeve Elektronike dhe Postare t\u00eb bllokoj\u00eb portalet e lajmeve n\u00eb internet me justifikimin e shp\u00ebrndarjes s\u00eb\u2019lajmeve t\u00eb rreme\u2019, q\u00eb shkaktuan panik pas t\u00ebrmetit shkat\u00ebrrimtar.<\/em><\/p>\n<p><em>Probleme t\u00eb ngjashme u raportuan n\u00eb shum\u00eb shtete an\u00ebtare: Gazetar\u00ebt gjithashtu u k\u00ebrc\u00ebnuan, sulmuan ose arrestuan gjat\u00eb demonstratave n\u00eb Katalonja (Spanj\u00eb);\u00a0 n\u00eb Turqi gjat\u00eb protestave kund\u00ebr operacioneve ushtarake n\u00eb Siri dhe kund\u00ebr shkarkimit t\u00eb kryebashkiak\u00ebve t\u00eb zgjedhur n\u00eb qytete t\u00eb juglindjes s\u00eb vendit; gjat\u00eb protestave kund\u00ebr korrupsionit dhe politikave publike n\u00eb Shqip\u00ebri dhe Azerbajxhan, dhe n\u00eb vazhd\u00ebn e zgjedhjeve lokale n\u00eb Federat\u00ebn Ruse.<\/em><\/p>\n<p><em>N\u00eb Shqip\u00ebri,gazetarja britanike Alice Taylor ishte subjekt i nj\u00eb fushate sulmesh e shpifjesh n\u00eb internet, pasi foli p\u00ebr \u2018Russia Today\u2019 lidhur me protestat n\u00eb vend.<\/em><\/p>\n<p><em>Alarmet e reja n\u00eb vitin 2019 q\u00eb sinjalizuan p\u00ebrkeq\u00ebsimin e kushteve t\u00eb pun\u00ebs s\u00eb gazetar\u00ebve n\u00eb Shqip\u00ebri.<\/em><\/p>\n<p><em>N\u00eb fund t\u00eb dhjetorit 2019 kishte 11 alarme aktive p\u00ebr Shqip\u00ebrin\u00eb, me 7 raste t\u00eb reja t\u00eb paraqitura n\u00eb Platform\u00eb n\u00eb vitin 2019, krahasuar me vet\u00ebm 1 n\u00eb vitin 2018. Kjo rritje e dukshme sinjalizon nj\u00eb p\u00ebrkeq\u00ebsim t\u00eb kushteve t\u00eb pun\u00ebs s\u00eb gazetar\u00ebve n\u00eb vend.<\/em><\/p>\n<p><em>Kat\u00ebr alarme kishin n\u00eb fokus ngacmimin dhe frik\u00ebsimin e gazetar\u00ebve, p\u00ebrfshir\u00eb dhun\u00ebn fizike. Nj\u00eb gazetare britanike, Alice Taylor, e cila punon p\u00ebr portalin n\u00eb internet Exit.al, ishte sh\u00ebnjestra e nj\u00eb fushate shpifjesh pas deklarat\u00ebs q\u00eb ajo dha p\u00ebr \u2018Russia Today\u2019. Portalet lokale publikuan foto ku akuzonin gazetaren se kishte lidhje dhe ishte e paguar nga Rusia, teksa pretendohej se portali i saj ishte i lidhur me nj\u00eb parti opozitare.<\/em><\/p>\n<p><em>M\u00eb 13 prill 2019, disa gazetar\u00eb u l\u00ebnduan kur policia shqiptare hodhi gaz lotsjell\u00ebs drejt turm\u00ebs s\u00eb njer\u00ebzve gjat\u00eb nj\u00eb demonstrate n\u00eb Tiran\u00eb. Nj\u00eb reporter thuajse humbi ndjenjat nga gazi lotsjell\u00ebs dhe ishte i paaft\u00eb p\u00ebr t\u00eb b\u00ebr\u00eb pun\u00ebn e tij. Nj\u00eb tjet\u00ebr u godit n\u00eb kok\u00eb me nj\u00eb shkop metalik. Dyshohej se personi q\u00eb e goditi ishte oficer policie. Autoritetet shqiptare iu p\u00ebrgjigj\u00ebn alarmit n\u00eb qershor, duke th\u00ebn\u00eb se n\u00eb asnj\u00eb rast policia nuk kishte ushtruar dhun\u00eb ndaj gazetar\u00ebve apo kameraman\u00ebve.<\/em><\/p>\n<p><em>M\u00eb 29 qershor 2019, gazetari dhe kameramani Enver Do\u00e7i i televizionit \u2018News 24\u2019 u sulmua nga oficer\u00ebt e policis\u00eb, nd\u00ebrsa po filmonte arrestimin e demonstruesve n\u00eb Dib\u00ebr. Raportohet se policia e goditi dhunsh\u00ebm n\u00eb k\u00ebmb\u00eb dhe n\u00eb nj\u00ebrin krah. Policia e Shtetit iu p\u00ebrgjigj alarmit, duke th\u00ebn\u00eb se i vinte keq p\u00ebr \u2018veprimin e pakujdessh\u00ebm t\u00eb kryer nga nj\u00eb oficer i Forcave t\u00eb Nd\u00ebrhyrjes s\u00eb Shpejt\u00eb, duke shtyr\u00eb gazetarin Enver Do\u00e7i, teksa ai ishte duke filmuar operacionin policor\u2019.<\/em><\/p>\n<p><em>Televizioni \u2018News 24\u2019 njoftoi mbylljen e dy emisioneve: \u2018T\u00eb Paekspozuarit\u2019 t\u00eb Ylli Rakipit dhe \u2018Krasta\/A Sho\u00eb\u2019 t\u00eb Adi Krast\u00ebs. T\u00eb dyja emisionet ishin kritike ndaj Kryeministrit Edi Rama. Gazetari Adi Krasta e kishte nd\u00ebrprer\u00eb pun\u00ebn me emisionin e tij, pas raportimeve se presidenti i \u2018Ne\u00ebs 24\u2019, Irfan Hysenbelliu, ishte \u2018k\u00ebrc\u00ebnuar\u2019 nga Kryeministri dhe kryetari i Bashkis\u00eb s\u00eb Tiran\u00ebs, Erion Veliaj. M\u00eb 19 korrik 2019, gazetari Artur \u00c7ani zbuloi se Kryeministri kishte takuar pronarin e \u2018Ne\u00ebs 24\u2019 p\u00ebr t\u00eb k\u00ebrkuar shkarkimin e gazetarit Ylli Rakipi nga detyra n\u00eb k\u00ebt\u00eb televizion, duke e paralajm\u00ebruar se edhe Adi Krasta kishte t\u00eb ngjar\u00eb t\u00eb humbiste pun\u00ebn e tij.<\/em><\/p>\n<p><em>K\u00ebshilli Shqiptar i Mediave, nj\u00eb OJQ q\u00eb p\u00ebrb\u00ebhet nga gazetar\u00eb dhe profesionist\u00eb t\u00eb mediave, ka akuzuar kryeministrin Edi Rama se shfryt\u00ebzoi situat\u00ebn pas t\u00ebrmetit t\u00eb 26 n\u00ebntorit 2019 p\u00ebr t\u00eb mbyllur ose bllokuar mediat kritike n\u00eb internet. M\u00eb 30 n\u00ebntor 2019, Autoriteti i Komunikimeve Elektronike dhe Postare bllokoi portalin e lajmeve \u2018joqalbania.com\u2019.<\/em><\/p>\n<p><em>Nj\u00eb tjet\u00ebr \u00e7\u00ebshtje madhore n\u00eb Shqip\u00ebri ishte edhe nj\u00eb seri ndryshimesh ligjore n\u00eb ligjet nr. 9918 \u2018P\u00ebr komunikimet elektronike n\u00eb Republik\u00ebn e Shqip\u00ebris\u00eb\u2019 dhe nr. 97\/2013 \u2018P\u00ebr median audio-vizuale n\u00eb Republik\u00ebn e Shqip\u00ebris\u00eb\u2019, q\u00eb do t\u2019u jepnin m\u00eb shum\u00eb fuqi autoriteteve shtet\u00ebrore p\u00ebr t\u00eb rregulluar p\u00ebrmbajtjen e publikuar nga media online.<\/em><\/p>\n<p><em>Ky legjislacion u prezantua si paketa \u2018anti-shpifje\u2019 dhe u miratua nga K\u00ebshilli i Ministrave t\u00eb Shqip\u00ebris\u00eb m\u00eb 3 korrik 2019. N\u00eb dhjetor 2019, Parlamenti shqiptar miratoi k\u00ebto ndryshime ligjore me shumic\u00eb t\u00eb madhe votash. Organizatat p\u00ebr lirin\u00eb e mediave paralajm\u00ebruan se paketa ligjore do t\u00eb z\u00ebvend\u00ebsoj\u00eb vet\u00eb-rregullimin aktual t\u00eb mediave online me rregullore t\u00eb p\u00ebrcaktuara nga autoritetet shtet\u00ebrore, duke refuzuar ndryshimet e minut\u00ebs s\u00eb fundit, q\u00eb u cil\u00ebsuan si \u2018kozmetike\u2019. Pasi Presidenti shqiptar i ktheu ligjet p\u00ebr shqyrtim, shumica parlamentare ra dakord t\u00eb pres\u00eb mendimin e Komisionit t\u00eb Venecias p\u00ebrpara se t\u00eb votonte paket\u00ebn legjislative me nj\u00eb procedur\u00eb t\u00eb p\u00ebrshpejtuar n\u00eb mars 2020.<\/em><\/p>\n","protected":false},"excerpt":{"rendered":"<p>RAPORTI: Alarmi i K\u00ebshillit t\u00eb Europ\u00ebs p\u00ebr situat\u00ebn e medias n\u00eb Shqip\u00ebri 11 maji 2020 Raporti vjetor i Platform\u00ebs s\u00eb K\u00ebshillit t\u00eb Europ\u00ebs p\u00ebr t\u00eb Promovuar dhe Mbrojtur Gazetarin\u00eb dhe Sigurin\u00eb e Gazetar\u00ebve (2020) ka \u201cnxir\u00eb\u201d qeverin\u00eb shqiptare n\u00eb lidhje me sjelljen ndaj medias. N\u00eb raportin e publikuar theksohen t\u00eb gjitha rastet, kur qeveria ka [&hellip;]<\/p>\n","protected":false},"author":9,"featured_media":34548,"comment_status":"open","ping_status":"open","sticky":false,"template":"","format":"standard","meta":{"jetpack_post_was_ever_published":false,"_jetpack_newsletter_access":"","_jetpack_dont_email_post_to_subs":false,"_jetpack_newsletter_tier_id":0,"_jetpack_memberships_contains_paywalled_content":false,"_jetpack_memberships_contains_paid_content":false,"footnotes":"","jetpack_publicize_message":"","jetpack_publicize_feature_enabled":true,"jetpack_social_post_already_shared":true,"jetpack_social_options":{"image_generator_settings":{"template":"highway","default_image_id":0,"font":"","enabled":false},"version":2}},"categories":[27,1],"tags":[],"class_list":["post-34547","post","type-post","status-publish","format-standard","has-post-thumbnail","hentry","category-blogu-i-udhetarit","category-njoftime-shtypi"],"jetpack_publicize_connections":[],"jetpack_featured_media_url":"https:\/\/i0.wp.com\/www.shqiperia.com\/blog\/wp-content\/uploads\/2020\/05\/36536b1ac753d9de095a0df2e65d0b5229147188-905x450-1.jpeg?fit=905%2C450&ssl=1","jetpack_sharing_enabled":true,"jetpack_shortlink":"https:\/\/wp.me\/p5Z6wp-8Zd","jetpack-related-posts":[{"id":22071,"url":"https:\/\/www.shqiperia.com\/blog\/raporti-nderkombetar-liria-e-mediat-ne-vend-eshte-shume-e-rende\/","url_meta":{"origin":34547,"position":0},"title":"Raporti nd\u00ebrkomb\u00ebtar\/ &#8211; liria e mediat n\u00eb vend \u00ebsht\u00eb shum\u00eb e r\u00ebnd\u00eb","author":"Kurt Farka","date":"June 21, 2019","format":false,"excerpt":"Raporti nd\u00ebrkomb\u00ebtar\/ - Rama, Veliaj, Fuga n\u00eb list\u00ebn e zez\u00eb. 21\/06\/2019 Shenim i redaksise Shqiperia.com: Raporti ne origjinal nuk permend asnje \"liste te zeze\". Pershkrimi i listes se zeze eshte pjese e titullit te lajmit origjinal te botuar nga syri.net Nj\u00eb delegacion i p\u00ebrb\u00ebr\u00eb nga shtat\u00eb organizata globale q\u00eb merren\u2026","rel":"","context":"In &quot;Blogu i Udh\u00ebtarit&quot;","block_context":{"text":"Blogu i Udh\u00ebtarit","link":"https:\/\/www.shqiperia.com\/blog\/category\/blogu-i-udhetarit\/"},"img":{"alt_text":"","src":"https:\/\/i0.wp.com\/www.shqiperia.com\/blog\/wp-content\/uploads\/2019\/06\/qyqja-1-653x405.jpg?fit=653%2C366&ssl=1&resize=350%2C200","width":350,"height":200,"srcset":"https:\/\/i0.wp.com\/www.shqiperia.com\/blog\/wp-content\/uploads\/2019\/06\/qyqja-1-653x405.jpg?fit=653%2C366&ssl=1&resize=350%2C200 1x, https:\/\/i0.wp.com\/www.shqiperia.com\/blog\/wp-content\/uploads\/2019\/06\/qyqja-1-653x405.jpg?fit=653%2C366&ssl=1&resize=525%2C300 1.5x"},"classes":[]},{"id":92050,"url":"https:\/\/www.shqiperia.com\/blog\/raporti-paraprak-i-osbe-odihr-damkos-zgjedhjet-ne-shqiperi-jepet-alarmi-per-polarizim-politik-abuzime-dhe-censure\/","url_meta":{"origin":34547,"position":1},"title":"Raporti paraprak i OSBE\/ODIHR damkos zgjedhjet n\u00eb Shqip\u00ebri. &#8211; Jepet alarmi p\u00ebr polarizim politik, abuzime dhe censur\u00eb","author":"Kurt Farka","date":"April 29, 2025","format":false,"excerpt":"29 Prill 2025 N\u00eb nj\u00eb deklarat\u00eb p\u00ebr mediat, drejtuesi i Departamentit t\u00eb Drejt\u00ebsis\u00eb n\u00eb PD, Franc Nuri theksoi se ky raport jep arlamrmin p\u00ebr polarizim politik, abuzime dhe censur\u00eb. \u2018Raporti paraprak i OSBE\/ODIHR damkos zgjedhjet n\u00eb Shqip\u00ebri, jepet alarmi p\u00ebr polarizim politik, abuzime dhe censur\u00eb\u2019, u shpreh Nuri. Deklarata e\u2026","rel":"","context":"In &quot;Blogu i Udh\u00ebtarit&quot;","block_context":{"text":"Blogu i Udh\u00ebtarit","link":"https:\/\/www.shqiperia.com\/blog\/category\/blogu-i-udhetarit\/"},"img":{"alt_text":"","src":"https:\/\/i0.wp.com\/www.shqiperia.com\/blog\/wp-content\/uploads\/2025\/04\/116817.jpg?fit=940%2C508&ssl=1&resize=350%2C200","width":350,"height":200,"srcset":"https:\/\/i0.wp.com\/www.shqiperia.com\/blog\/wp-content\/uploads\/2025\/04\/116817.jpg?fit=940%2C508&ssl=1&resize=350%2C200 1x, https:\/\/i0.wp.com\/www.shqiperia.com\/blog\/wp-content\/uploads\/2025\/04\/116817.jpg?fit=940%2C508&ssl=1&resize=525%2C300 1.5x, https:\/\/i0.wp.com\/www.shqiperia.com\/blog\/wp-content\/uploads\/2025\/04\/116817.jpg?fit=940%2C508&ssl=1&resize=700%2C400 2x"},"classes":[]},{"id":82314,"url":"https:\/\/www.shqiperia.com\/blog\/publikohet-raporti-liria-e-medias-ne-shqiperi-eshte-ne-rrezik-te-larte-te-fundit-ne-europe-per-pluralizmin-mediatik\/","url_meta":{"origin":34547,"position":2},"title":"Publikohet raporti: &#8211; Liria e medias n\u00eb Shqip\u00ebri \u00ebsht\u00eb n\u00eb rrezik t\u00eb lart\u00eb. &#8211; \u201cT\u00eb fundit n\u00eb Europ\u00eb p\u00ebr pluralizmin mediatik\u201d","author":"Kurt Farka","date":"June 29, 2024","format":false,"excerpt":"29 Qershor 2024 Raporti i p\u00ebrvitsh\u00ebm mbi pluralizmin n\u00eb media nga Qendra p\u00ebr Pluralizmin dhe Lirin\u00eb e Medias, CMPF, n\u00eb Institutin Evropian Universitar n\u00eb Firence p\u00ebr vitin 2023 e vendos Shqip\u00ebrin\u00eb n\u00eb list\u00ebn e vendeve me nj\u00eb media n\u00eb \u2018rrezik t\u00eb lart\u00eb\u2019. Raporti v\u00eb n\u00eb dukje se n\u00eb pjes\u00ebn m\u00eb\u2026","rel":"","context":"In &quot;Blogu i Udh\u00ebtarit&quot;","block_context":{"text":"Blogu i Udh\u00ebtarit","link":"https:\/\/www.shqiperia.com\/blog\/category\/blogu-i-udhetarit\/"},"img":{"alt_text":"","src":"https:\/\/i0.wp.com\/www.shqiperia.com\/blog\/wp-content\/uploads\/2024\/06\/liria-e-medias-770x437-1.jpg?fit=770%2C437&ssl=1&resize=350%2C200","width":350,"height":200,"srcset":"https:\/\/i0.wp.com\/www.shqiperia.com\/blog\/wp-content\/uploads\/2024\/06\/liria-e-medias-770x437-1.jpg?fit=770%2C437&ssl=1&resize=350%2C200 1x, https:\/\/i0.wp.com\/www.shqiperia.com\/blog\/wp-content\/uploads\/2024\/06\/liria-e-medias-770x437-1.jpg?fit=770%2C437&ssl=1&resize=525%2C300 1.5x, https:\/\/i0.wp.com\/www.shqiperia.com\/blog\/wp-content\/uploads\/2024\/06\/liria-e-medias-770x437-1.jpg?fit=770%2C437&ssl=1&resize=700%2C400 2x"},"classes":[]},{"id":22316,"url":"https:\/\/www.shqiperia.com\/blog\/rama-padi-tiede-s-reagon-qendra-europiane-boll-me-kazane\/","url_meta":{"origin":34547,"position":3},"title":"Rama padi Tiede-s, reagon Qendra Europiane: Boll me \u201ckazan\u00eb\u201d","author":"Kurt Farka","date":"June 26, 2019","format":false,"excerpt":"Rama padi Tiede-s, reagon Qendra Europiane: Boll me \u201ckazan\u00eb\u201d 26 qershor 2019 Kryeministri Edi Rama njoftoi t\u00eb mart\u00ebn p\u00ebrmes rrjeteve sociale se autorizoi sot nj\u00eb avokat gjerman p\u00ebr nisjen e procesit gjyq\u00ebsor mbi publikimet e BILD. \u201cGjykatat gjermane le ta vendosin kush ka t\u00eb drejt\u00eb e kush ka faj n\u00eb\u2026","rel":"","context":"In &quot;Blogu i Udh\u00ebtarit&quot;","block_context":{"text":"Blogu i Udh\u00ebtarit","link":"https:\/\/www.shqiperia.com\/blog\/category\/blogu-i-udhetarit\/"},"img":{"alt_text":"","src":"https:\/\/i0.wp.com\/www.shqiperia.com\/blog\/wp-content\/uploads\/2019\/06\/Capture-19-905x450.png?fit=905%2C450&ssl=1&resize=350%2C200","width":350,"height":200,"srcset":"https:\/\/i0.wp.com\/www.shqiperia.com\/blog\/wp-content\/uploads\/2019\/06\/Capture-19-905x450.png?fit=905%2C450&ssl=1&resize=350%2C200 1x, https:\/\/i0.wp.com\/www.shqiperia.com\/blog\/wp-content\/uploads\/2019\/06\/Capture-19-905x450.png?fit=905%2C450&ssl=1&resize=525%2C300 1.5x, https:\/\/i0.wp.com\/www.shqiperia.com\/blog\/wp-content\/uploads\/2019\/06\/Capture-19-905x450.png?fit=905%2C450&ssl=1&resize=700%2C400 2x"},"classes":[]},{"id":18364,"url":"https:\/\/www.shqiperia.com\/blog\/raporti-i-departamentit-amerikan-te-shtetit-zyrtaret-nuk-po-ndeshkohen-korrupsioni-problem\/","url_meta":{"origin":34547,"position":4},"title":"Raporti i Departamentit Amerikan te Shtetit: Zyrtar\u00ebt nuk po nd\u00ebshkohen, korrupsioni problem","author":"Kurt Farka","date":"March 15, 2019","format":false,"excerpt":"Raporti i Departamentit Amerikan te Shtetit: Zyrtar\u00ebt nuk po nd\u00ebshkohen, korrupsioni problem. - 13 mars \u00a02019 19:07 T\u00eb m\u00ebrkur\u00ebn, Departamenti amerikan i Shtetit publikoi raportin mbi t\u00eb drejtat e njeriut n\u00eb bot\u00eb. N\u00eb pjes\u00ebn p\u00ebr Shqip\u00ebrin\u00eb trajtohen nj\u00eb num\u00ebr \u00e7\u00ebshtjesh. Ja disa prej tyre: Mosnd\u00ebshkimi mbeti problem. Ndjekja penale dhe\u2026","rel":"","context":"In &quot;Blogu i Udh\u00ebtarit&quot;","block_context":{"text":"Blogu i Udh\u00ebtarit","link":"https:\/\/www.shqiperia.com\/blog\/category\/blogu-i-udhetarit\/"},"img":{"alt_text":"","src":"https:\/\/i0.wp.com\/www.shqiperia.com\/blog\/wp-content\/uploads\/2019\/03\/Departamenti-Amerikan-i-Shtetit.jpg?fit=905%2C395&ssl=1&resize=350%2C200","width":350,"height":200,"srcset":"https:\/\/i0.wp.com\/www.shqiperia.com\/blog\/wp-content\/uploads\/2019\/03\/Departamenti-Amerikan-i-Shtetit.jpg?fit=905%2C395&ssl=1&resize=350%2C200 1x, https:\/\/i0.wp.com\/www.shqiperia.com\/blog\/wp-content\/uploads\/2019\/03\/Departamenti-Amerikan-i-Shtetit.jpg?fit=905%2C395&ssl=1&resize=525%2C300 1.5x, https:\/\/i0.wp.com\/www.shqiperia.com\/blog\/wp-content\/uploads\/2019\/03\/Departamenti-Amerikan-i-Shtetit.jpg?fit=905%2C395&ssl=1&resize=700%2C400 2x"},"classes":[]},{"id":47374,"url":"https:\/\/www.shqiperia.com\/blog\/raporti-rajonal-ne-shqiperi-shfaqet-forma-me-e-rende-e-kapjes-se-shtetit\/","url_meta":{"origin":34547,"position":5},"title":"Raporti rajonal: &#8211; N\u00eb Shqip\u00ebri shfaqet forma m\u00eb e r\u00ebnd\u00eb e kapjes s\u00eb shtetit","author":"Kurt Farka","date":"May 10, 2021","format":false,"excerpt":"Raporti rajonal: - N\u00eb Shqip\u00ebri shfaqet forma m\u00eb e r\u00ebnd\u00eb e kapjes s\u00eb shtetit - 10\/05\/21 Gazeta mapo.al N\u00eb Shqip\u00ebri mund\u00ebsit\u00eb p\u00ebr kapjen e shtetit nga grupet e interesit jan\u00eb m\u00eb t\u00eb m\u00ebdha se kudo n\u00eb rajon, raportohet n\u00eb nj\u00eb studim t\u00eb fundit q\u00eb publikoi Lidershipi p\u00ebr integritet dhe Zhvillim\u2026","rel":"","context":"In &quot;Blogu i Udh\u00ebtarit&quot;","block_context":{"text":"Blogu i Udh\u00ebtarit","link":"https:\/\/www.shqiperia.com\/blog\/category\/blogu-i-udhetarit\/"},"img":{"alt_text":"","src":"https:\/\/i0.wp.com\/www.shqiperia.com\/blog\/wp-content\/uploads\/2021\/05\/tiranacityview-min.jpg?fit=1200%2C674&ssl=1&resize=350%2C200","width":350,"height":200,"srcset":"https:\/\/i0.wp.com\/www.shqiperia.com\/blog\/wp-content\/uploads\/2021\/05\/tiranacityview-min.jpg?fit=1200%2C674&ssl=1&resize=350%2C200 1x, https:\/\/i0.wp.com\/www.shqiperia.com\/blog\/wp-content\/uploads\/2021\/05\/tiranacityview-min.jpg?fit=1200%2C674&ssl=1&resize=525%2C300 1.5x, https:\/\/i0.wp.com\/www.shqiperia.com\/blog\/wp-content\/uploads\/2021\/05\/tiranacityview-min.jpg?fit=1200%2C674&ssl=1&resize=700%2C400 2x, https:\/\/i0.wp.com\/www.shqiperia.com\/blog\/wp-content\/uploads\/2021\/05\/tiranacityview-min.jpg?fit=1200%2C674&ssl=1&resize=1050%2C600 3x"},"classes":[]}],"_links":{"self":[{"href":"https:\/\/www.shqiperia.com\/blog\/wp-json\/wp\/v2\/posts\/34547","targetHints":{"allow":["GET"]}}],"collection":[{"href":"https:\/\/www.shqiperia.com\/blog\/wp-json\/wp\/v2\/posts"}],"about":[{"href":"https:\/\/www.shqiperia.com\/blog\/wp-json\/wp\/v2\/types\/post"}],"author":[{"embeddable":true,"href":"https:\/\/www.shqiperia.com\/blog\/wp-json\/wp\/v2\/users\/9"}],"replies":[{"embeddable":true,"href":"https:\/\/www.shqiperia.com\/blog\/wp-json\/wp\/v2\/comments?post=34547"}],"version-history":[{"count":1,"href":"https:\/\/www.shqiperia.com\/blog\/wp-json\/wp\/v2\/posts\/34547\/revisions"}],"predecessor-version":[{"id":34549,"href":"https:\/\/www.shqiperia.com\/blog\/wp-json\/wp\/v2\/posts\/34547\/revisions\/34549"}],"wp:featuredmedia":[{"embeddable":true,"href":"https:\/\/www.shqiperia.com\/blog\/wp-json\/wp\/v2\/media\/34548"}],"wp:attachment":[{"href":"https:\/\/www.shqiperia.com\/blog\/wp-json\/wp\/v2\/media?parent=34547"}],"wp:term":[{"taxonomy":"category","embeddable":true,"href":"https:\/\/www.shqiperia.com\/blog\/wp-json\/wp\/v2\/categories?post=34547"},{"taxonomy":"post_tag","embeddable":true,"href":"https:\/\/www.shqiperia.com\/blog\/wp-json\/wp\/v2\/tags?post=34547"}],"curies":[{"name":"wp","href":"https:\/\/api.w.org\/{rel}","templated":true}]}}