{"id":34213,"date":"2020-05-04T00:27:56","date_gmt":"2020-05-04T00:27:56","guid":{"rendered":"https:\/\/www.shqiperia.com\/blog\/?p=34213"},"modified":"2020-05-04T00:27:56","modified_gmt":"2020-05-04T00:27:56","slug":"sa-here-u-rindertua-keshtjella-e-shkodres","status":"publish","type":"post","link":"https:\/\/www.shqiperia.com\/blog\/sa-here-u-rindertua-keshtjella-e-shkodres\/","title":{"rendered":"Sa her\u00eb u rind\u00ebrtua k\u00ebshtjella e Shkodr\u00ebs?"},"content":{"rendered":"<p><img data-recalc-dims=\"1\" loading=\"lazy\" decoding=\"async\" data-attachment-id=\"34214\" data-permalink=\"https:\/\/www.shqiperia.com\/blog\/sa-here-u-rindertua-keshtjella-e-shkodres\/shk_arc_kalaja-e-rozafes_03-e1521559215703\/\" data-orig-file=\"https:\/\/i0.wp.com\/www.shqiperia.com\/blog\/wp-content\/uploads\/2020\/05\/SHK_ARC_KALAJA-E-ROZAFES_03-e1521559215703.jpg?fit=1800%2C1012&amp;ssl=1\" data-orig-size=\"1800,1012\" data-comments-opened=\"1\" data-image-meta=\"{&quot;aperture&quot;:&quot;0&quot;,&quot;credit&quot;:&quot;&quot;,&quot;camera&quot;:&quot;&quot;,&quot;caption&quot;:&quot;&quot;,&quot;created_timestamp&quot;:&quot;0&quot;,&quot;copyright&quot;:&quot;&quot;,&quot;focal_length&quot;:&quot;0&quot;,&quot;iso&quot;:&quot;0&quot;,&quot;shutter_speed&quot;:&quot;0&quot;,&quot;title&quot;:&quot;&quot;,&quot;orientation&quot;:&quot;0&quot;}\" data-image-title=\"SHK_ARC_KALAJA-E-ROZAFES_03-e1521559215703\" data-image-description=\"\" data-image-caption=\"\" data-medium-file=\"https:\/\/i0.wp.com\/www.shqiperia.com\/blog\/wp-content\/uploads\/2020\/05\/SHK_ARC_KALAJA-E-ROZAFES_03-e1521559215703.jpg?fit=300%2C169&amp;ssl=1\" data-large-file=\"https:\/\/i0.wp.com\/www.shqiperia.com\/blog\/wp-content\/uploads\/2020\/05\/SHK_ARC_KALAJA-E-ROZAFES_03-e1521559215703.jpg?fit=1024%2C576&amp;ssl=1\" class=\"alignnone  wp-image-34214\" alt=\"\" src=\"https:\/\/i0.wp.com\/www.shqiperia.com\/blog\/wp-content\/uploads\/2020\/05\/SHK_ARC_KALAJA-E-ROZAFES_03-e1521559215703-300x169.jpg?resize=566%2C319&#038;ssl=1\" width=\"566\" height=\"319\" srcset=\"https:\/\/i0.wp.com\/www.shqiperia.com\/blog\/wp-content\/uploads\/2020\/05\/SHK_ARC_KALAJA-E-ROZAFES_03-e1521559215703.jpg?resize=300%2C169&amp;ssl=1 300w, https:\/\/i0.wp.com\/www.shqiperia.com\/blog\/wp-content\/uploads\/2020\/05\/SHK_ARC_KALAJA-E-ROZAFES_03-e1521559215703.jpg?resize=1024%2C576&amp;ssl=1 1024w, https:\/\/i0.wp.com\/www.shqiperia.com\/blog\/wp-content\/uploads\/2020\/05\/SHK_ARC_KALAJA-E-ROZAFES_03-e1521559215703.jpg?resize=768%2C432&amp;ssl=1 768w, https:\/\/i0.wp.com\/www.shqiperia.com\/blog\/wp-content\/uploads\/2020\/05\/SHK_ARC_KALAJA-E-ROZAFES_03-e1521559215703.jpg?resize=1536%2C864&amp;ssl=1 1536w, https:\/\/i0.wp.com\/www.shqiperia.com\/blog\/wp-content\/uploads\/2020\/05\/SHK_ARC_KALAJA-E-ROZAFES_03-e1521559215703.jpg?resize=450%2C253&amp;ssl=1 450w, https:\/\/i0.wp.com\/www.shqiperia.com\/blog\/wp-content\/uploads\/2020\/05\/SHK_ARC_KALAJA-E-ROZAFES_03-e1521559215703.jpg?resize=600%2C337&amp;ssl=1 600w, https:\/\/i0.wp.com\/www.shqiperia.com\/blog\/wp-content\/uploads\/2020\/05\/SHK_ARC_KALAJA-E-ROZAFES_03-e1521559215703.jpg?resize=1500%2C843&amp;ssl=1 1500w, https:\/\/i0.wp.com\/www.shqiperia.com\/blog\/wp-content\/uploads\/2020\/05\/SHK_ARC_KALAJA-E-ROZAFES_03-e1521559215703.jpg?resize=1300%2C731&amp;ssl=1 1300w, https:\/\/i0.wp.com\/www.shqiperia.com\/blog\/wp-content\/uploads\/2020\/05\/SHK_ARC_KALAJA-E-ROZAFES_03-e1521559215703.jpg?resize=400%2C225&amp;ssl=1 400w, https:\/\/i0.wp.com\/www.shqiperia.com\/blog\/wp-content\/uploads\/2020\/05\/SHK_ARC_KALAJA-E-ROZAFES_03-e1521559215703.jpg?w=1800&amp;ssl=1 1800w\" sizes=\"auto, (max-width: 566px) 100vw, 566px\" \/><\/p>\n<p><strong>Sa her\u00eb u rind\u00ebrtua k\u00ebshtjella e Shkodr\u00ebs?<\/strong><\/p>\n<p>2 maji 2020<\/p>\n<p>N\u00eb muret e k\u00ebshtjell\u00ebs s\u00eb Shkodr\u00ebs dallohen nd\u00ebrtimet e kat\u00ebr periudhave kryesore: e Balshajve, e zot\u00ebrimit venecian, e pushtimit osman dhe e Bushatllinjve.<\/p>\n<p>Ajo \u00ebsht\u00eb ngritur mbi nj\u00eb kod\u00ebr shk\u00ebmbore n\u00eb per\u00ebndim t\u00eb qytetit dhe muret rrethuese t\u00eb saj z\u00ebn\u00eb nj\u00eb sip\u00ebrfaqe rreth 9 ha.<\/p>\n<p>N\u00eb periudh\u00ebn m\u00eb t\u00eb lasht\u00eb t\u00eb saj muret ishin t\u00eb stilit poligonal, gjurm\u00eb t\u00eb t\u00eb cilave ruhen edhe sot.<\/p>\n<p>Si qend\u00ebr e fortifikuar ilire p\u00ebrmendet p\u00ebr her\u00eb t\u00eb par\u00eb gjat\u00eb sundimit t\u00eb mbretit Gent.<\/p>\n<p><img data-recalc-dims=\"1\" loading=\"lazy\" decoding=\"async\" data-attachment-id=\"34215\" data-permalink=\"https:\/\/www.shqiperia.com\/blog\/sa-here-u-rindertua-keshtjella-e-shkodres\/keshtjella-e-shkodres-2\/\" data-orig-file=\"https:\/\/i0.wp.com\/www.shqiperia.com\/blog\/wp-content\/uploads\/2020\/05\/Keshtjella-e-Shkodres-2.jpg?fit=340%2C148&amp;ssl=1\" data-orig-size=\"340,148\" data-comments-opened=\"1\" data-image-meta=\"{&quot;aperture&quot;:&quot;0&quot;,&quot;credit&quot;:&quot;&quot;,&quot;camera&quot;:&quot;&quot;,&quot;caption&quot;:&quot;&quot;,&quot;created_timestamp&quot;:&quot;0&quot;,&quot;copyright&quot;:&quot;&quot;,&quot;focal_length&quot;:&quot;0&quot;,&quot;iso&quot;:&quot;0&quot;,&quot;shutter_speed&quot;:&quot;0&quot;,&quot;title&quot;:&quot;&quot;,&quot;orientation&quot;:&quot;0&quot;}\" data-image-title=\"Keshtjella e Shkodres (2)\" data-image-description=\"\" data-image-caption=\"\" data-medium-file=\"https:\/\/i0.wp.com\/www.shqiperia.com\/blog\/wp-content\/uploads\/2020\/05\/Keshtjella-e-Shkodres-2.jpg?fit=300%2C131&amp;ssl=1\" data-large-file=\"https:\/\/i0.wp.com\/www.shqiperia.com\/blog\/wp-content\/uploads\/2020\/05\/Keshtjella-e-Shkodres-2.jpg?fit=340%2C148&amp;ssl=1\" class=\"alignnone  wp-image-34215\" alt=\"\" src=\"https:\/\/i0.wp.com\/www.shqiperia.com\/blog\/wp-content\/uploads\/2020\/05\/Keshtjella-e-Shkodres-2.jpg?resize=655%2C286&#038;ssl=1\" width=\"655\" height=\"286\" srcset=\"https:\/\/i0.wp.com\/www.shqiperia.com\/blog\/wp-content\/uploads\/2020\/05\/Keshtjella-e-Shkodres-2.jpg?resize=300%2C131&amp;ssl=1 300w, https:\/\/i0.wp.com\/www.shqiperia.com\/blog\/wp-content\/uploads\/2020\/05\/Keshtjella-e-Shkodres-2.jpg?w=340&amp;ssl=1 340w\" sizes=\"auto, (max-width: 655px) 100vw, 655px\" \/><\/p>\n<p>N\u00eb periudh\u00ebn e mesjet\u00ebs k\u00ebshtjella del me emrin Rozafa.<\/p>\n<p>Brenda mureve ruhen mir\u00eb mjediset p\u00ebr garnizonin, depot, nj\u00eb nd\u00ebrtes\u00eb administrative etj.<\/p>\n<p>Gazeta Dita<\/p>\n","protected":false},"excerpt":{"rendered":"<p>Sa her\u00eb u rind\u00ebrtua k\u00ebshtjella e Shkodr\u00ebs? 2 maji 2020 N\u00eb muret e k\u00ebshtjell\u00ebs s\u00eb Shkodr\u00ebs dallohen nd\u00ebrtimet e kat\u00ebr periudhave kryesore: e Balshajve, e zot\u00ebrimit venecian, e pushtimit osman dhe e Bushatllinjve. Ajo \u00ebsht\u00eb ngritur mbi nj\u00eb kod\u00ebr shk\u00ebmbore n\u00eb per\u00ebndim t\u00eb qytetit dhe muret rrethuese t\u00eb saj z\u00ebn\u00eb nj\u00eb sip\u00ebrfaqe rreth 9 ha. [&hellip;]<\/p>\n","protected":false},"author":9,"featured_media":34214,"comment_status":"open","ping_status":"open","sticky":false,"template":"","format":"standard","meta":{"jetpack_post_was_ever_published":false,"_jetpack_newsletter_access":"","_jetpack_dont_email_post_to_subs":false,"_jetpack_newsletter_tier_id":0,"_jetpack_memberships_contains_paywalled_content":false,"_jetpack_memberships_contains_paid_content":false,"footnotes":"","jetpack_publicize_message":"","jetpack_publicize_feature_enabled":true,"jetpack_social_post_already_shared":true,"jetpack_social_options":{"image_generator_settings":{"template":"highway","default_image_id":0,"font":"","enabled":false},"version":2}},"categories":[27,10,86],"tags":[],"class_list":["post-34213","post","type-post","status-publish","format-standard","has-post-thumbnail","hentry","category-blogu-i-udhetarit","category-kultura","category-trashegimi-kulturore"],"jetpack_publicize_connections":[],"jetpack_featured_media_url":"https:\/\/i0.wp.com\/www.shqiperia.com\/blog\/wp-content\/uploads\/2020\/05\/SHK_ARC_KALAJA-E-ROZAFES_03-e1521559215703.jpg?fit=1800%2C1012&ssl=1","jetpack_sharing_enabled":true,"jetpack_shortlink":"https:\/\/wp.me\/p5Z6wp-8TP","jetpack-related-posts":[{"id":98338,"url":"https:\/\/www.shqiperia.com\/blog\/kalaja-e-drishtit-destinacion-i-preferuar-i-turizmit-kulturor\/","url_meta":{"origin":34213,"position":0},"title":"Kalaja e Drishtit, destinacion i preferuar i turizmit kulturor","author":"Kurt Farka","date":"March 11, 2026","format":false,"excerpt":"11 Mars 2026 Kalaja e Drishtit \u00ebsht\u00eb nj\u00eb destinacion i turizmit historiko-kulturor t\u00eb zon\u00ebs s\u00eb Shkodr\u00ebs. Ajo ngrihet mbi lugin\u00ebn e lumit Kir, n\u00eb pjes\u0113n fundore t\u00eb saj, dhe \u00ebsht\u00eb nj\u00eb nga d\u00ebshmit\u00eb m\u00eb t\u00eb r\u00ebnd\u00ebsishme t\u00eb qytet\u00ebrimit mesjetar n\u00eb arealin e Shkodr\u00ebs. Dikur pjes\u00eb e qytetit t\u00eb fortifikuar t\u00eb\u2026","rel":"","context":"In &quot;Blogu i Udh\u00ebtarit&quot;","block_context":{"text":"Blogu i Udh\u00ebtarit","link":"https:\/\/www.shqiperia.com\/blog\/category\/blogu-i-udhetarit\/"},"img":{"alt_text":"","src":"https:\/\/i0.wp.com\/www.shqiperia.com\/blog\/wp-content\/uploads\/2026\/03\/640-0-drishti2-1773249512.png?fit=640%2C387&ssl=1&resize=350%2C200","width":350,"height":200,"srcset":"https:\/\/i0.wp.com\/www.shqiperia.com\/blog\/wp-content\/uploads\/2026\/03\/640-0-drishti2-1773249512.png?fit=640%2C387&ssl=1&resize=350%2C200 1x, https:\/\/i0.wp.com\/www.shqiperia.com\/blog\/wp-content\/uploads\/2026\/03\/640-0-drishti2-1773249512.png?fit=640%2C387&ssl=1&resize=525%2C300 1.5x"},"classes":[]},{"id":31614,"url":"https:\/\/www.shqiperia.com\/blog\/keshtjella-e-keqekolles-kosove-album-foto\/","url_meta":{"origin":34213,"position":1},"title":"K\u00ebshtjella e Keqekoll\u00ebs &#8211; Kosove. (album foto).","author":"Kurt Farka","date":"February 20, 2020","format":false,"excerpt":"K\u00ebshtjella e Keqekoll\u00ebs (album foto). K\u00ebshtjella Antike e Keqekoll\u00ebs ndodhet n\u00eb per\u00ebndim t\u00eb fshatit, n\u00eb vendin e njohur si Gjytet dhe Kala, e ngritur mbi nj\u00eb kod\u00ebr me pozit\u00eb t\u00eb jasht\u00ebzakonshme strategjike, 864 m mbi nivelin e detit. K\u00ebshtjella n\u00eb verilindje kufizohet me rrug\u00ebn malore q\u00eb lidh\u00eb terrenin malor e\u2026","rel":"","context":"In &quot;Histori&quot;","block_context":{"text":"Histori","link":"https:\/\/www.shqiperia.com\/blog\/category\/histori\/"},"img":{"alt_text":"","src":"https:\/\/i0.wp.com\/www.shqiperia.com\/blog\/wp-content\/uploads\/2020\/02\/75419070_1000056797034284_5884832041425436672_n.jpg?fit=546%2C410&ssl=1&resize=350%2C200","width":350,"height":200,"srcset":"https:\/\/i0.wp.com\/www.shqiperia.com\/blog\/wp-content\/uploads\/2020\/02\/75419070_1000056797034284_5884832041425436672_n.jpg?fit=546%2C410&ssl=1&resize=350%2C200 1x, https:\/\/i0.wp.com\/www.shqiperia.com\/blog\/wp-content\/uploads\/2020\/02\/75419070_1000056797034284_5884832041425436672_n.jpg?fit=546%2C410&ssl=1&resize=525%2C300 1.5x"},"classes":[]},{"id":9597,"url":"https:\/\/www.shqiperia.com\/blog\/imk-harton-projekt-per-restaurimin-e-kalase-se-bashtoves\/","url_meta":{"origin":34213,"position":2},"title":"IMK harton projekt p\u00ebr restaurimin e kalas\u00eb s\u00eb Bashtov\u00ebs. &#8211;","author":"Kurt Farka","date":"July 11, 2018","format":false,"excerpt":"IMK harton projekt p\u00ebr restaurimin e kalas\u00eb s\u00eb Bashtov\u00ebs. - Instituti i Monumenteve t\u00eb Kultur\u00ebs ka hartuar projektin p\u00ebr \u201cRestaurimin e Kalas\u00eb s\u00eb Bashtov\u00ebs\u201d, pran\u00eb fshatit Vil\u00eb, Rrogozhin\u00eb. Projekti i miratuar n\u00eb K\u00ebshillin Komb\u00ebtar t\u00eb Restaurimeve konsiston n\u00eb kryerjen e nd\u00ebrhyrjeve konservuese dhe restauruese n\u00eb monument. \u201cInstituti i Monumenteve t\u00eb\u2026","rel":"","context":"In &quot;Histori&quot;","block_context":{"text":"Histori","link":"https:\/\/www.shqiperia.com\/blog\/category\/histori\/"},"img":{"alt_text":"","src":"https:\/\/i0.wp.com\/www.shqiperia.com\/blog\/wp-content\/uploads\/2018\/07\/bashtova_kalaja_faqe_18-2-300x250.jpg?resize=350%2C200","width":350,"height":200},"classes":[]},{"id":5486,"url":"https:\/\/www.shqiperia.com\/blog\/kalaja-e-bashtoves-castle-bashtova\/","url_meta":{"origin":34213,"position":3},"title":"Kalaja e Bashtov\u00ebs (Castle Bashtova). &#8211;","author":"Kurt Farka","date":"March 23, 2018","format":false,"excerpt":"\u00a0 Kalaja e Bashtov\u00ebs ngrihet pran\u00eb fshatit t\u00ebVile-Bashtov\u00ebs n\u00eb nj\u00eb distanc\u00eb prej 3-4 km, n\u00eb veri t\u00eb gryk\u00ebderdhjes s\u00eb lumit t\u00eb Shkumbinit. K\u00ebshtjella \u00ebsht\u00eb nd\u00ebrtuar n\u00eb shekullin XV dhe u ka sh\u00ebrbyer venecian\u00ebve,per shkembime tregtare. Zona e Bashtov\u00ebs \u00ebsht\u00eb p\u00ebrmendur si nj\u00eb port lumor n\u00eb Shkumbin si dhe nj\u00eb qend\u00ebr\u2026","rel":"","context":"In &quot;Trashegimi Kulturore&quot;","block_context":{"text":"Trashegimi Kulturore","link":"https:\/\/www.shqiperia.com\/blog\/category\/trashegimi-kulturore\/"},"img":{"alt_text":"","src":"https:\/\/i0.wp.com\/www.shqiperia.com\/blog\/wp-content\/uploads\/2018\/03\/Castle_of_Bashtov%C3%AB-Kalaja-e-Bashtov%C3%ABs-2.jpg?resize=350%2C200","width":350,"height":200},"classes":[]},{"id":20866,"url":"https:\/\/www.shqiperia.com\/blog\/kalaja-e-bashtoves-kavaje\/","url_meta":{"origin":34213,"position":4},"title":"Kalaja e Bashtov\u00ebs Kavaje. &#8211;","author":"Kurt Farka","date":"May 8, 2019","format":false,"excerpt":"Kalaja e Bashtov\u00ebs Kavaje. Kalaja e Bashtov\u00ebs (Castle Bashtova) ngrihet pran\u00eb fshatit t\u00ebVile-Bashtov\u00ebs n\u00eb nj\u00eb distanc\u00eb prej 3-4 km, n\u00eb veri t\u00eb gryk\u00ebderdhjes s\u00eb\u00a0lumit t\u00eb Shkumbinit. K\u00ebshtjella \u00ebsht\u00eb nd\u00ebrtuar n\u00eb shekullin XV dhe u ka sh\u00ebrbyer venecian\u00ebve,per shkembime tregtare. Zona e Bashtov\u00ebs \u00ebsht\u00eb p\u00ebrmendur si nj\u00eb port lumor n\u00eb Shkumbin\u2026","rel":"","context":"In &quot;Blogu i Udh\u00ebtarit&quot;","block_context":{"text":"Blogu i Udh\u00ebtarit","link":"https:\/\/www.shqiperia.com\/blog\/category\/blogu-i-udhetarit\/"},"img":{"alt_text":"","src":"https:\/\/i0.wp.com\/www.shqiperia.com\/blog\/wp-content\/uploads\/2019\/05\/Kalaja-e-Bashtoves-Copy.jpg?fit=756%2C293&ssl=1&resize=350%2C200","width":350,"height":200,"srcset":"https:\/\/i0.wp.com\/www.shqiperia.com\/blog\/wp-content\/uploads\/2019\/05\/Kalaja-e-Bashtoves-Copy.jpg?fit=756%2C293&ssl=1&resize=350%2C200 1x, https:\/\/i0.wp.com\/www.shqiperia.com\/blog\/wp-content\/uploads\/2019\/05\/Kalaja-e-Bashtoves-Copy.jpg?fit=756%2C293&ssl=1&resize=525%2C300 1.5x, https:\/\/i0.wp.com\/www.shqiperia.com\/blog\/wp-content\/uploads\/2019\/05\/Kalaja-e-Bashtoves-Copy.jpg?fit=756%2C293&ssl=1&resize=700%2C400 2x"},"classes":[]},{"id":10509,"url":"https:\/\/www.shqiperia.com\/blog\/zbulohet-nje-vendbanim-dardan-i-periudhes-se-vone-te-bronzit-kosove\/","url_meta":{"origin":34213,"position":5},"title":"Zbulohet nje vendbanim dardan i periudhes se vone te bronzit, Kosove.  &#8211;","author":"Kurt Farka","date":"August 2, 2018","format":false,"excerpt":"Zbulohet nje vendbanim dardan i periudhes se vone te bronzit.Kosove.\u00a0 - . Vendbanimi parahistorik n\u00eb Mal\u00ebsin\u00eb e Gollakut ngrihej mbi nj\u00eb kod\u00ebr t\u00eb but\u00eb n\u00eb an\u00ebn e majt\u00eb t\u00eb bregut t\u00eb lagj\u00ebs s\u00eb Ka\u00e7ot\u00ebve, rreth 300 metra n\u00eb jug t\u00eb varrez\u00ebs dardane t\u00eb gjurmuar gjat\u00eb viteve 2000 \u2013 2005 po\u2026","rel":"","context":"In &quot;Histori&quot;","block_context":{"text":"Histori","link":"https:\/\/www.shqiperia.com\/blog\/category\/histori\/"},"img":{"alt_text":"","src":"https:\/\/i0.wp.com\/www.shqiperia.com\/blog\/wp-content\/uploads\/2018\/08\/37526137_631892560530167_9053700930079293440_n.jpg?fit=410%2C289&ssl=1&resize=350%2C200","width":350,"height":200},"classes":[]}],"_links":{"self":[{"href":"https:\/\/www.shqiperia.com\/blog\/wp-json\/wp\/v2\/posts\/34213","targetHints":{"allow":["GET"]}}],"collection":[{"href":"https:\/\/www.shqiperia.com\/blog\/wp-json\/wp\/v2\/posts"}],"about":[{"href":"https:\/\/www.shqiperia.com\/blog\/wp-json\/wp\/v2\/types\/post"}],"author":[{"embeddable":true,"href":"https:\/\/www.shqiperia.com\/blog\/wp-json\/wp\/v2\/users\/9"}],"replies":[{"embeddable":true,"href":"https:\/\/www.shqiperia.com\/blog\/wp-json\/wp\/v2\/comments?post=34213"}],"version-history":[{"count":1,"href":"https:\/\/www.shqiperia.com\/blog\/wp-json\/wp\/v2\/posts\/34213\/revisions"}],"predecessor-version":[{"id":34216,"href":"https:\/\/www.shqiperia.com\/blog\/wp-json\/wp\/v2\/posts\/34213\/revisions\/34216"}],"wp:featuredmedia":[{"embeddable":true,"href":"https:\/\/www.shqiperia.com\/blog\/wp-json\/wp\/v2\/media\/34214"}],"wp:attachment":[{"href":"https:\/\/www.shqiperia.com\/blog\/wp-json\/wp\/v2\/media?parent=34213"}],"wp:term":[{"taxonomy":"category","embeddable":true,"href":"https:\/\/www.shqiperia.com\/blog\/wp-json\/wp\/v2\/categories?post=34213"},{"taxonomy":"post_tag","embeddable":true,"href":"https:\/\/www.shqiperia.com\/blog\/wp-json\/wp\/v2\/tags?post=34213"}],"curies":[{"name":"wp","href":"https:\/\/api.w.org\/{rel}","templated":true}]}}