{"id":34208,"date":"2020-05-04T00:21:40","date_gmt":"2020-05-04T00:21:40","guid":{"rendered":"https:\/\/www.shqiperia.com\/blog\/?p=34208"},"modified":"2020-05-04T00:21:40","modified_gmt":"2020-05-04T00:21:40","slug":"nipi-i-kadri-cakranit-hedh-ne-gjyq-alfred-moisiun-pas-replikes-ne-dita","status":"publish","type":"post","link":"https:\/\/www.shqiperia.com\/blog\/nipi-i-kadri-cakranit-hedh-ne-gjyq-alfred-moisiun-pas-replikes-ne-dita\/","title":{"rendered":"Nipi i Kadri Cakranit hedh n\u00eb gjyq Alfred Moisiun pas replik\u00ebs n\u00eb DITA"},"content":{"rendered":"<p><img data-recalc-dims=\"1\" loading=\"lazy\" decoding=\"async\" data-attachment-id=\"34210\" data-permalink=\"https:\/\/www.shqiperia.com\/blog\/nipi-i-kadri-cakranit-hedh-ne-gjyq-alfred-moisiun-pas-replikes-ne-dita\/15-905x450\/\" data-orig-file=\"https:\/\/i0.wp.com\/www.shqiperia.com\/blog\/wp-content\/uploads\/2020\/05\/15-905x450-1.jpg?fit=905%2C450&amp;ssl=1\" data-orig-size=\"905,450\" data-comments-opened=\"1\" data-image-meta=\"{&quot;aperture&quot;:&quot;0&quot;,&quot;credit&quot;:&quot;&quot;,&quot;camera&quot;:&quot;&quot;,&quot;caption&quot;:&quot;&quot;,&quot;created_timestamp&quot;:&quot;0&quot;,&quot;copyright&quot;:&quot;&quot;,&quot;focal_length&quot;:&quot;0&quot;,&quot;iso&quot;:&quot;0&quot;,&quot;shutter_speed&quot;:&quot;0&quot;,&quot;title&quot;:&quot;&quot;,&quot;orientation&quot;:&quot;0&quot;}\" data-image-title=\"15-905&#215;450\" data-image-description=\"\" data-image-caption=\"\" data-medium-file=\"https:\/\/i0.wp.com\/www.shqiperia.com\/blog\/wp-content\/uploads\/2020\/05\/15-905x450-1.jpg?fit=300%2C149&amp;ssl=1\" data-large-file=\"https:\/\/i0.wp.com\/www.shqiperia.com\/blog\/wp-content\/uploads\/2020\/05\/15-905x450-1.jpg?fit=905%2C450&amp;ssl=1\" class=\"alignnone  wp-image-34210\" alt=\"\" src=\"https:\/\/i0.wp.com\/www.shqiperia.com\/blog\/wp-content\/uploads\/2020\/05\/15-905x450-1.jpg?resize=399%2C198&#038;ssl=1\" width=\"399\" height=\"198\" srcset=\"https:\/\/i0.wp.com\/www.shqiperia.com\/blog\/wp-content\/uploads\/2020\/05\/15-905x450-1.jpg?resize=300%2C149&amp;ssl=1 300w, https:\/\/i0.wp.com\/www.shqiperia.com\/blog\/wp-content\/uploads\/2020\/05\/15-905x450-1.jpg?resize=768%2C382&amp;ssl=1 768w, https:\/\/i0.wp.com\/www.shqiperia.com\/blog\/wp-content\/uploads\/2020\/05\/15-905x450-1.jpg?resize=450%2C224&amp;ssl=1 450w, https:\/\/i0.wp.com\/www.shqiperia.com\/blog\/wp-content\/uploads\/2020\/05\/15-905x450-1.jpg?resize=600%2C298&amp;ssl=1 600w, https:\/\/i0.wp.com\/www.shqiperia.com\/blog\/wp-content\/uploads\/2020\/05\/15-905x450-1.jpg?resize=400%2C199&amp;ssl=1 400w, https:\/\/i0.wp.com\/www.shqiperia.com\/blog\/wp-content\/uploads\/2020\/05\/15-905x450-1.jpg?w=905&amp;ssl=1 905w\" sizes=\"auto, (max-width: 399px) 100vw, 399px\" \/><\/p>\n<p><strong>Nipi i Kadri Cakranit hedh n\u00eb gjyq Alfred Moisiun pas replik\u00ebs n\u00eb DITA<\/strong><\/p>\n<p>3 maji , 2020<\/p>\n<p>Pak dit\u00eb m\u00eb par\u00eb DITA botoi dy replika t\u00eb cilat lidhen me figur\u00ebn e Kadri Cakranit.<\/p>\n<p>Fillimisht ishte studiuesi Auron Tare q\u00eb n\u00eb nj\u00eb replik\u00eb me nj\u00eb ish zyrtar t\u00eb arkivave kund\u00ebrshtonte me dokumente faktin se Kadri Cakrani n\u00eb burgun e Ahmet Zogut ka qen\u00eb me kushte t\u00eb rehatshme.<\/p>\n<p>P\u00ebr k\u00ebt\u00eb zoti Tare botoi kujtimet e vet\u00eb Kadri Cakranit q\u00eb tregonte se si e trajtoi Zogu at\u00eb dhe familjar\u00ebt e tij pas d\u00ebshtimit t\u00eb kryengritjes s\u00eb Fierit.<\/p>\n<p>Duhet th\u00ebn\u00eb se kjo Kryengritje q\u00eb e trazoi shum\u00eb Zogun u p\u00ebrball me nj\u00eb kund\u00ebr-p\u00ebrgjigje shum\u00eb t\u00eb ashp\u00ebr dhe u desh nd\u00ebrhyrja e huaj p\u00ebr t\u00eb falur disa nga kund\u00ebrshtar\u00ebt e Zogut nga d\u00ebnimi me vdekje.<\/p>\n<p><img data-recalc-dims=\"1\" loading=\"lazy\" decoding=\"async\" data-attachment-id=\"34211\" data-permalink=\"https:\/\/www.shqiperia.com\/blog\/nipi-i-kadri-cakranit-hedh-ne-gjyq-alfred-moisiun-pas-replikes-ne-dita\/alfred-moisiu-2\/\" data-orig-file=\"https:\/\/i0.wp.com\/www.shqiperia.com\/blog\/wp-content\/uploads\/2020\/05\/Alfred-Moisiu..jpg?fit=150%2C150&amp;ssl=1\" data-orig-size=\"150,150\" data-comments-opened=\"1\" data-image-meta=\"{&quot;aperture&quot;:&quot;0&quot;,&quot;credit&quot;:&quot;&quot;,&quot;camera&quot;:&quot;&quot;,&quot;caption&quot;:&quot;&quot;,&quot;created_timestamp&quot;:&quot;0&quot;,&quot;copyright&quot;:&quot;&quot;,&quot;focal_length&quot;:&quot;0&quot;,&quot;iso&quot;:&quot;0&quot;,&quot;shutter_speed&quot;:&quot;0&quot;,&quot;title&quot;:&quot;&quot;,&quot;orientation&quot;:&quot;0&quot;}\" data-image-title=\"Alfred Moisiu.\" data-image-description=\"\" data-image-caption=\"\" data-medium-file=\"https:\/\/i0.wp.com\/www.shqiperia.com\/blog\/wp-content\/uploads\/2020\/05\/Alfred-Moisiu..jpg?fit=150%2C150&amp;ssl=1\" data-large-file=\"https:\/\/i0.wp.com\/www.shqiperia.com\/blog\/wp-content\/uploads\/2020\/05\/Alfred-Moisiu..jpg?fit=150%2C150&amp;ssl=1\" class=\"alignnone  wp-image-34211\" alt=\"\" src=\"https:\/\/i0.wp.com\/www.shqiperia.com\/blog\/wp-content\/uploads\/2020\/05\/Alfred-Moisiu..jpg?resize=332%2C332&#038;ssl=1\" width=\"332\" height=\"332\" srcset=\"https:\/\/i0.wp.com\/www.shqiperia.com\/blog\/wp-content\/uploads\/2020\/05\/Alfred-Moisiu..jpg?w=150&amp;ssl=1 150w, https:\/\/i0.wp.com\/www.shqiperia.com\/blog\/wp-content\/uploads\/2020\/05\/Alfred-Moisiu..jpg?resize=65%2C65&amp;ssl=1 65w, https:\/\/i0.wp.com\/www.shqiperia.com\/blog\/wp-content\/uploads\/2020\/05\/Alfred-Moisiu..jpg?resize=50%2C50&amp;ssl=1 50w\" sizes=\"auto, (max-width: 332px) 100vw, 332px\" \/><\/p>\n<p>N\u00eb kujtimet e tij Cakrani p\u00ebrmend edhe Spiro Moisiun si \u201cnj\u00eb drejtor i krishter\u00eb i devotsh\u00ebm\u201d.<\/p>\n<p>Pas k\u00ebtij botimi ish Presidenti Moisiu n\u00eb nj\u00eb intervist\u00eb n\u00eb DITA reagoi p\u00ebr k\u00ebto kujtime.<\/p>\n<p>Mes t\u00eb tjerave zoti Moisiu shkruan: \u201c<em>P\u00ebrpjekja p\u00ebr ta kthyer k\u00ebt\u00eb kriminel n\u00eb figur\u00eb pozitive \u00ebsht\u00eb krejt e kot\u00eb, qoft\u00eb edhe duke botuar disa fragmente kujtimesh t\u00eb tij pas kaq shum\u00eb vjet\u00ebsh nga ajo luft\u00eb. Duket se ka nj\u00eb prapavij\u00eb t\u00eb qart\u00eb dhe t\u00eb organizuar mir\u00eb p\u00ebr ta kthyer historin\u00eb ton\u00eb p\u00ebrmbys\u2026\u201d<\/em><\/p>\n<p>Pas k\u00ebsaj replike ka reaguar edhe nipi i Kadri Cakranit, avokati Kujtim Cakrani, i cili thot\u00eb se do ta \u00e7oj\u00eb n\u00eb gjyq ish presidentin p\u00ebr fyerje ndaj figurave historike.<\/p>\n<p>N\u00eb nj\u00eb reagim n\u00eb rrjetet sociale ai shkruan:\u00a0<em>Nga botimi i pjes\u00ebve t\u00eb kujtimeve t\u00eb Kadri Cakranit, ish-presidenti i Shqip\u00ebris\u00eb z. Alfred Moisiu, ka replikuar n\u00eb gazet\u00ebn \u201cDita\u201d mbi figur\u00ebn e t\u00eb atit Spiro Moisiu, ish-drejtor n\u00eb burgun e Fierit ku Mbreti Zog e solli si t\u00eb devotsh\u00ebm nga oficer rezervist.<br \/>\nN\u00eb k\u00ebt\u00eb replik\u00eb z. Moisiu anatemon me fjal\u00eb t\u00eb d\u00ebnueshme nga kodi yn\u00eb penal Komandantin e P\u00ebrgj. B. Komb\u00ebtar, q\u00eb n\u00eb at\u00eb koh\u00eb ishte n\u00eb burg, si i arrestuar p\u00ebr kryengritjen e Fierit.<br \/>\nN\u00eb vijim t\u00eb nj\u00eb akuze t\u00eb r\u00ebnd\u00eb ndaj Kadri Hajredin Cakranit, nga ish-presidenti i shtetit, Studio Ligjore Cakrani po p\u00ebrgatit akuz\u00ebn ndaj ish-presidentit z. A.Moisiu, p\u00ebr ta paraqitur n\u00eb gjykat\u00eb n\u00eb fillim t\u00eb jav\u00ebs ardh\u00ebshme\u2026 Shpifjet, fyerjet, nxitja e urrejtjes dhe do lloj anatemimi ndaj figurave t\u00eb ndritura t\u00eb nacionalizmit, duhet t\u00eb marrin fund p\u00ebrgjithmon\u00eb n\u00eb k\u00ebt\u00eb vend.\u201d<\/em><\/p>\n<p>Cakrani \u00ebsht\u00eb gjithashtu avokat i Agron Tuf\u00ebs, i cili pasi hodhi n\u00eb gjyq thuajse gjith\u00eb analist\u00ebt e gazet\u00ebs Dita, e braktisi gjyqin dhe u largua nga vendi duke k\u00ebrkuar azil politik.<\/p>\n<p>Shkrimin e Auron Tares nga nis zanafilla e debatit t\u00eb fundit mund ta lexoni\u00a0<a href=\"http:\/\/www.gazetadita.al\/mashtrimi-me-nje-foto-dhe-nje-deshmi-e-rralle-botohet-per-here-te-pare\/\">KETU,<\/a>\u00a0nd\u00ebrsa replik\u00ebn e zotit Moisiu mund ta lexoni\u00a0<a href=\"http:\/\/www.gazetadita.al\/alfred-moisiu-reagon-kunder-kadri-cakranit\/\">KETU.<\/a><\/p>\n<p><strong>Gazeta dita<\/strong><\/p>\n","protected":false},"excerpt":{"rendered":"<p>Nipi i Kadri Cakranit hedh n\u00eb gjyq Alfred Moisiun pas replik\u00ebs n\u00eb DITA 3 maji , 2020 Pak dit\u00eb m\u00eb par\u00eb DITA botoi dy replika t\u00eb cilat lidhen me figur\u00ebn e Kadri Cakranit. Fillimisht ishte studiuesi Auron Tare q\u00eb n\u00eb nj\u00eb replik\u00eb me nj\u00eb ish zyrtar t\u00eb arkivave kund\u00ebrshtonte me dokumente faktin se Kadri Cakrani [&hellip;]<\/p>\n","protected":false},"author":9,"featured_media":34210,"comment_status":"open","ping_status":"open","sticky":false,"template":"","format":"standard","meta":{"jetpack_post_was_ever_published":false,"_jetpack_newsletter_access":"","_jetpack_dont_email_post_to_subs":false,"_jetpack_newsletter_tier_id":0,"_jetpack_memberships_contains_paywalled_content":false,"_jetpack_memberships_contains_paid_content":false,"footnotes":"","jetpack_publicize_message":"","jetpack_publicize_feature_enabled":true,"jetpack_social_post_already_shared":true,"jetpack_social_options":{"image_generator_settings":{"template":"highway","default_image_id":0,"font":"","enabled":false},"version":2}},"categories":[14,35],"tags":[],"class_list":["post-34208","post","type-post","status-publish","format-standard","has-post-thumbnail","hentry","category-press-releases","category-shoqerore"],"jetpack_publicize_connections":[],"jetpack_featured_media_url":"https:\/\/i0.wp.com\/www.shqiperia.com\/blog\/wp-content\/uploads\/2020\/05\/15-905x450-1.jpg?fit=905%2C450&ssl=1","jetpack_sharing_enabled":true,"jetpack_shortlink":"https:\/\/wp.me\/p5Z6wp-8TK","jetpack-related-posts":[{"id":12343,"url":"https:\/\/www.shqiperia.com\/blog\/kush-ka-qene-kadri-prishtina\/","url_meta":{"origin":34208,"position":0},"title":"Kush ka qen\u00eb Kadri Prishtina? &#8211;","author":"Kurt Farka","date":"October 6, 2018","format":false,"excerpt":"Kush ka qen\u00eb Kadri Prishtina? - Hoxh\u00eb Kadri Prishtina, 1878 \u2013 1925) ka qen\u00eb jurist dhe atdhetar i njohur. Ka lindur n\u00eb Prishtin\u00eb, por arsimin e lart\u00eb e mori n\u00eb Stamboll p\u00ebr pedagogji e drejt\u00ebsi. Atje u burgos p\u00ebr veprimtari patriotike. M\u00eb 1914-n u kthye n\u00eb atdhe dhe ishte nj\u00eb\u2026","rel":"","context":"In &quot;Blogu i Udh\u00ebtarit&quot;","block_context":{"text":"Blogu i Udh\u00ebtarit","link":"https:\/\/www.shqiperia.com\/blog\/category\/blogu-i-udhetarit\/"},"img":{"alt_text":"","src":"https:\/\/i0.wp.com\/www.shqiperia.com\/blog\/wp-content\/uploads\/2018\/10\/kadri-prishtina.jpg?fit=660%2C330&ssl=1&resize=350%2C200","width":350,"height":200,"srcset":"https:\/\/i0.wp.com\/www.shqiperia.com\/blog\/wp-content\/uploads\/2018\/10\/kadri-prishtina.jpg?fit=660%2C330&ssl=1&resize=350%2C200 1x, https:\/\/i0.wp.com\/www.shqiperia.com\/blog\/wp-content\/uploads\/2018\/10\/kadri-prishtina.jpg?fit=660%2C330&ssl=1&resize=525%2C300 1.5x"},"classes":[]},{"id":19028,"url":"https:\/\/www.shqiperia.com\/blog\/kadrinjte-si-ndihesh-me-kete-emer-mapo-bisedon-me-kadri-vokopolen\/","url_meta":{"origin":34208,"position":1},"title":"\u201cKadrinjt\u00eb\u201d\/Si ndihesh me k\u00ebt\u00eb em\u00ebr? Mapo bisedon me Kadri Vokopol\u00ebn. &#8211;","author":"Kurt Farka","date":"April 1, 2019","format":false,"excerpt":"\u201cKadrinjt\u00eb\u201d\/Si ndihesh me k\u00ebt\u00eb em\u00ebr? Mapo bisedon me Kadri Vokopol\u00ebn. - 31\/03\/19 Nga:\u00a0\u00a0 mapo.al Prej n\u00ebntorit t\u00eb vitit t\u00eb kaluar, Edi Rama hodhi n\u00eb treg nj\u00eb batut\u00eb, q\u00eb e p\u00ebrdori pastaj cdo dit\u00eb duke etiketuar me tendenc\u00eb negative, gazetar\u00ebt dhe drejtuesit e medias. Gjithcka nisi nga nj\u00eb replik\u00eb e tij\u2026","rel":"","context":"In &quot;Blogu i Udh\u00ebtarit&quot;","block_context":{"text":"Blogu i Udh\u00ebtarit","link":"https:\/\/www.shqiperia.com\/blog\/category\/blogu-i-udhetarit\/"},"img":{"alt_text":"","src":"https:\/\/i0.wp.com\/www.shqiperia.com\/blog\/wp-content\/uploads\/2019\/04\/Kadri-Vokopola.png?fit=439%2C250&ssl=1&resize=350%2C200","width":350,"height":200},"classes":[]},{"id":33312,"url":"https:\/\/www.shqiperia.com\/blog\/pengu-i-kadri-roshit-regjisori-publikon-40-sekondat-e-artistit-nen-petkun-e-ali-pashe-tepelenes\/","url_meta":{"origin":34208,"position":2},"title":"Pengu i Kadri Roshit, regjisori publikon 40 sekondat e artistit n\u00ebn petkun e Ali Pash\u00eb Tepelen\u00ebs","author":"Kurt Farka","date":"April 11, 2020","format":false,"excerpt":"Pengu i Kadri Roshit, regjisori publikon 40 sekondat e artistit n\u00ebn petkun e Ali Pash\u00eb Tepelen\u00ebs Regjisori Petrit Ruka dhuron p\u00ebr t\u00eb gjith\u00eb artdash\u00ebsit nj\u00eb fragment t\u00eb shkurt\u00ebr filmik, ku aktori Kadri Roshi, luan rolin e Ali Pash\u00eb Tepelen\u00ebs, duke i shkruar let\u00ebr Napoleonit Nj\u00eb nga pengjet e artistit t\u00eb\u2026","rel":"","context":"In &quot;Arte&quot;","block_context":{"text":"Arte","link":"https:\/\/www.shqiperia.com\/blog\/category\/arte\/"},"img":{"alt_text":"","src":"https:\/\/i0.wp.com\/www.shqiperia.com\/blog\/wp-content\/uploads\/2020\/04\/kadri-roshi-2.jpg?fit=780%2C440&ssl=1&resize=350%2C200","width":350,"height":200,"srcset":"https:\/\/i0.wp.com\/www.shqiperia.com\/blog\/wp-content\/uploads\/2020\/04\/kadri-roshi-2.jpg?fit=780%2C440&ssl=1&resize=350%2C200 1x, https:\/\/i0.wp.com\/www.shqiperia.com\/blog\/wp-content\/uploads\/2020\/04\/kadri-roshi-2.jpg?fit=780%2C440&ssl=1&resize=525%2C300 1.5x, https:\/\/i0.wp.com\/www.shqiperia.com\/blog\/wp-content\/uploads\/2020\/04\/kadri-roshi-2.jpg?fit=780%2C440&ssl=1&resize=700%2C400 2x"},"classes":[]},{"id":7131,"url":"https:\/\/www.shqiperia.com\/blog\/zoi-themeli-me-1956-kadri-hazbiu-u-dorezoi-jugosllaveve-gjithe-agjentet-tane-kosovar-tito-i-vrau\/","url_meta":{"origin":34208,"position":3},"title":"Zoi Themeli: M\u00eb 1956, Kadri Hazbiu u dor\u00ebzoi jugosllav\u00ebve gjith\u00eb agjent\u00ebt tan\u00eb kosovar, Tito i vrau. &#8211;","author":"Kurt Farka","date":"May 6, 2018","format":false,"excerpt":"Zoi Themeli: M\u00eb 1956, Kadri Hazbiu u dor\u00ebzoi jugosllav\u00ebve gjith\u00eb agjent\u00ebt tan\u00eb kosovar, Tito i vrau. - Nga: Kujtim Bori\u00e7i.- \u201cShum\u00eb nga k\u00ebta agjent\u00eb u ekzekutuan nga Tito, t\u00eb tjer\u00eb u vun\u00eb me dhun\u00eb n\u00eb sh\u00ebrbim t\u00eb UDB-s\u00eb. Nd\u00ebrkoh\u00eb, ndaj popullsis\u00eb shqiptare n\u00eb Kosov\u00eb nisi nj\u00eb val\u00eb e re genocidi\u201d\u2026","rel":"","context":"In &quot;Politika&quot;","block_context":{"text":"Politika","link":"https:\/\/www.shqiperia.com\/blog\/category\/politika\/"},"img":{"alt_text":"","src":"https:\/\/i0.wp.com\/www.shqiperia.com\/blog\/wp-content\/uploads\/2018\/05\/kadri-hazbiu-enveri.jpg?fit=600%2C373&ssl=1&resize=350%2C200","width":350,"height":200,"srcset":"https:\/\/i0.wp.com\/www.shqiperia.com\/blog\/wp-content\/uploads\/2018\/05\/kadri-hazbiu-enveri.jpg?fit=600%2C373&ssl=1&resize=350%2C200 1x, https:\/\/i0.wp.com\/www.shqiperia.com\/blog\/wp-content\/uploads\/2018\/05\/kadri-hazbiu-enveri.jpg?fit=600%2C373&ssl=1&resize=525%2C300 1.5x"},"classes":[]},{"id":87579,"url":"https:\/\/www.shqiperia.com\/blog\/uba-bank-ka-hapur-degen-e-saj-edhe-ne-fushe-arrez\/","url_meta":{"origin":34208,"position":4},"title":"UBA bank, ka hapur deg\u00ebn e saj edhe n\u00eb Fush\u00eb &#8211; Arr\u00ebz","author":"Kurt Farka","date":"December 19, 2024","format":false,"excerpt":"19 Dhjetor 2024 UBA bank, pjes\u00eb e grupit t\u00eb madh financiar ka hapur deg\u00ebn e saj edhe n\u00eb Fush\u00eb Arr\u00ebs. Nj\u00eb investim i shum\u00ebpritur ky p\u00ebr banor\u00ebt e k\u00ebsaj zone q\u00eb nuk kishin asnj\u00eb lloj sh\u00ebrbimi bankar. M\u00eb nj\u00eb infrastruktur\u00eb bashk\u00ebkohore dega m\u00eb e fundit e Bank\u00ebs s\u00eb Bashkuar t\u00eb\u2026","rel":"","context":"In &quot;Blogu i Udh\u00ebtarit&quot;","block_context":{"text":"Blogu i Udh\u00ebtarit","link":"https:\/\/www.shqiperia.com\/blog\/category\/blogu-i-udhetarit\/"},"img":{"alt_text":"","src":"https:\/\/i0.wp.com\/www.shqiperia.com\/blog\/wp-content\/uploads\/2024\/12\/Fushe-Arres.jpg?fit=1200%2C675&ssl=1&resize=350%2C200","width":350,"height":200,"srcset":"https:\/\/i0.wp.com\/www.shqiperia.com\/blog\/wp-content\/uploads\/2024\/12\/Fushe-Arres.jpg?fit=1200%2C675&ssl=1&resize=350%2C200 1x, https:\/\/i0.wp.com\/www.shqiperia.com\/blog\/wp-content\/uploads\/2024\/12\/Fushe-Arres.jpg?fit=1200%2C675&ssl=1&resize=525%2C300 1.5x, https:\/\/i0.wp.com\/www.shqiperia.com\/blog\/wp-content\/uploads\/2024\/12\/Fushe-Arres.jpg?fit=1200%2C675&ssl=1&resize=700%2C400 2x, https:\/\/i0.wp.com\/www.shqiperia.com\/blog\/wp-content\/uploads\/2024\/12\/Fushe-Arres.jpg?fit=1200%2C675&ssl=1&resize=1050%2C600 3x"},"classes":[]},{"id":15961,"url":"https:\/\/www.shqiperia.com\/blog\/lubonja-eshte-kadri-deputeti-sulmon-ramen-ky-eshte-fundi-i-botes-lidheni-kete-budalla\/","url_meta":{"origin":34208,"position":5},"title":"&#8220;Lubonja \u00ebsht\u00eb Kadri&#8221;\/ Deputeti sulmon Ram\u00ebn: Ky \u00ebsht\u00eb fundi i bot\u00ebs, lidheni k\u00ebt\u00eb budalla! &#8211;","author":"Kurt Farka","date":"January 13, 2019","format":false,"excerpt":"\"Lubonja \u00ebsht\u00eb Kadri\"\/ Deputeti sulmon Ram\u00ebn: Ky \u00ebsht\u00eb fundi i bot\u00ebs, lidheni k\u00ebt\u00eb budalla! - 12\/01\/2019 Kreu i grupit parlamentar t\u00eb LSI, Petrit Vasili\u00a0 i ka dal\u00eb n\u00eb mbrojtje analistit, Fatos Lubonja, pas opinionit sulmues t\u00eb kryeministrit Edi Rama. Sipas Vasilit, ky \u00ebsht\u00eb fundi i bot\u00ebs, nj\u00eb i falimentuar si\u00a0\u2026","rel":"","context":"In &quot;Blogu i Udh\u00ebtarit&quot;","block_context":{"text":"Blogu i Udh\u00ebtarit","link":"https:\/\/www.shqiperia.com\/blog\/category\/blogu-i-udhetarit\/"},"img":{"alt_text":"","src":"https:\/\/i0.wp.com\/www.shqiperia.com\/blog\/wp-content\/uploads\/2019\/01\/rll_0-300x163.jpg?resize=350%2C200","width":350,"height":200},"classes":[]}],"_links":{"self":[{"href":"https:\/\/www.shqiperia.com\/blog\/wp-json\/wp\/v2\/posts\/34208","targetHints":{"allow":["GET"]}}],"collection":[{"href":"https:\/\/www.shqiperia.com\/blog\/wp-json\/wp\/v2\/posts"}],"about":[{"href":"https:\/\/www.shqiperia.com\/blog\/wp-json\/wp\/v2\/types\/post"}],"author":[{"embeddable":true,"href":"https:\/\/www.shqiperia.com\/blog\/wp-json\/wp\/v2\/users\/9"}],"replies":[{"embeddable":true,"href":"https:\/\/www.shqiperia.com\/blog\/wp-json\/wp\/v2\/comments?post=34208"}],"version-history":[{"count":1,"href":"https:\/\/www.shqiperia.com\/blog\/wp-json\/wp\/v2\/posts\/34208\/revisions"}],"predecessor-version":[{"id":34212,"href":"https:\/\/www.shqiperia.com\/blog\/wp-json\/wp\/v2\/posts\/34208\/revisions\/34212"}],"wp:featuredmedia":[{"embeddable":true,"href":"https:\/\/www.shqiperia.com\/blog\/wp-json\/wp\/v2\/media\/34210"}],"wp:attachment":[{"href":"https:\/\/www.shqiperia.com\/blog\/wp-json\/wp\/v2\/media?parent=34208"}],"wp:term":[{"taxonomy":"category","embeddable":true,"href":"https:\/\/www.shqiperia.com\/blog\/wp-json\/wp\/v2\/categories?post=34208"},{"taxonomy":"post_tag","embeddable":true,"href":"https:\/\/www.shqiperia.com\/blog\/wp-json\/wp\/v2\/tags?post=34208"}],"curies":[{"name":"wp","href":"https:\/\/api.w.org\/{rel}","templated":true}]}}