{"id":34202,"date":"2020-05-03T12:30:10","date_gmt":"2020-05-03T12:30:10","guid":{"rendered":"https:\/\/www.shqiperia.com\/blog\/?p=34202"},"modified":"2020-05-03T12:32:13","modified_gmt":"2020-05-03T12:32:13","slug":"arte-figurative-dhermiu-autor-arben-basha","status":"publish","type":"post","link":"https:\/\/www.shqiperia.com\/blog\/arte-figurative-dhermiu-autor-arben-basha\/","title":{"rendered":"Arte Figurative: &#8220;Dhermiu&#8221;. Autor Arben Basha."},"content":{"rendered":"<p><img data-recalc-dims=\"1\" loading=\"lazy\" decoding=\"async\" data-attachment-id=\"34203\" data-permalink=\"https:\/\/www.shqiperia.com\/blog\/arte-figurative-dhermiu-autor-arben-basha\/dhermiu-autor-arben-basha-vaj-2011\/\" data-orig-file=\"https:\/\/i0.wp.com\/www.shqiperia.com\/blog\/wp-content\/uploads\/2020\/05\/Dhermiu.-Autor-Arben-Basha.-Vaj-2011..jpg?fit=960%2C722&amp;ssl=1\" data-orig-size=\"960,722\" data-comments-opened=\"1\" data-image-meta=\"{&quot;aperture&quot;:&quot;0&quot;,&quot;credit&quot;:&quot;&quot;,&quot;camera&quot;:&quot;&quot;,&quot;caption&quot;:&quot;&quot;,&quot;created_timestamp&quot;:&quot;0&quot;,&quot;copyright&quot;:&quot;&quot;,&quot;focal_length&quot;:&quot;0&quot;,&quot;iso&quot;:&quot;0&quot;,&quot;shutter_speed&quot;:&quot;0&quot;,&quot;title&quot;:&quot;&quot;,&quot;orientation&quot;:&quot;0&quot;}\" data-image-title=\"Dhermiu. Autor Arben Basha. Vaj, 2011.\" data-image-description=\"\" data-image-caption=\"\" data-medium-file=\"https:\/\/i0.wp.com\/www.shqiperia.com\/blog\/wp-content\/uploads\/2020\/05\/Dhermiu.-Autor-Arben-Basha.-Vaj-2011..jpg?fit=300%2C226&amp;ssl=1\" data-large-file=\"https:\/\/i0.wp.com\/www.shqiperia.com\/blog\/wp-content\/uploads\/2020\/05\/Dhermiu.-Autor-Arben-Basha.-Vaj-2011..jpg?fit=960%2C722&amp;ssl=1\" class=\"alignnone wp-image-34203\" alt=\"\" src=\"https:\/\/i0.wp.com\/www.shqiperia.com\/blog\/wp-content\/uploads\/2020\/05\/Dhermiu.-Autor-Arben-Basha.-Vaj-2011..jpg?resize=354%2C267&#038;ssl=1\" width=\"354\" height=\"267\" srcset=\"https:\/\/i0.wp.com\/www.shqiperia.com\/blog\/wp-content\/uploads\/2020\/05\/Dhermiu.-Autor-Arben-Basha.-Vaj-2011..jpg?resize=300%2C226&amp;ssl=1 300w, https:\/\/i0.wp.com\/www.shqiperia.com\/blog\/wp-content\/uploads\/2020\/05\/Dhermiu.-Autor-Arben-Basha.-Vaj-2011..jpg?resize=768%2C578&amp;ssl=1 768w, https:\/\/i0.wp.com\/www.shqiperia.com\/blog\/wp-content\/uploads\/2020\/05\/Dhermiu.-Autor-Arben-Basha.-Vaj-2011..jpg?resize=450%2C338&amp;ssl=1 450w, https:\/\/i0.wp.com\/www.shqiperia.com\/blog\/wp-content\/uploads\/2020\/05\/Dhermiu.-Autor-Arben-Basha.-Vaj-2011..jpg?resize=600%2C451&amp;ssl=1 600w, https:\/\/i0.wp.com\/www.shqiperia.com\/blog\/wp-content\/uploads\/2020\/05\/Dhermiu.-Autor-Arben-Basha.-Vaj-2011..jpg?resize=400%2C301&amp;ssl=1 400w, https:\/\/i0.wp.com\/www.shqiperia.com\/blog\/wp-content\/uploads\/2020\/05\/Dhermiu.-Autor-Arben-Basha.-Vaj-2011..jpg?w=960&amp;ssl=1 960w\" sizes=\"auto, (max-width: 354px) 100vw, 354px\" \/><\/p>\n<p>Arte Figurative: &#8220;Dhermiu&#8221;. Autor Arben Basha.<\/p>\n<p>Vaj, 2011.<\/p>\n<p>Ruhet; Koleksion privat.<\/p>\n<div id=\"attachment_34204\" style=\"width: 691px\" class=\"wp-caption alignnone\"><img data-recalc-dims=\"1\" loading=\"lazy\" decoding=\"async\" aria-describedby=\"caption-attachment-34204\" data-attachment-id=\"34204\" data-permalink=\"https:\/\/www.shqiperia.com\/blog\/arte-figurative-dhermiu-autor-arben-basha\/dhermiu-autor-arben-basha-vaj-2011-2\/\" data-orig-file=\"https:\/\/i0.wp.com\/www.shqiperia.com\/blog\/wp-content\/uploads\/2020\/05\/Dhermiu.-Autor-Arben-Basha.-Vaj-2011.-1.jpg?fit=960%2C722&amp;ssl=1\" data-orig-size=\"960,722\" data-comments-opened=\"1\" data-image-meta=\"{&quot;aperture&quot;:&quot;0&quot;,&quot;credit&quot;:&quot;&quot;,&quot;camera&quot;:&quot;&quot;,&quot;caption&quot;:&quot;&quot;,&quot;created_timestamp&quot;:&quot;0&quot;,&quot;copyright&quot;:&quot;&quot;,&quot;focal_length&quot;:&quot;0&quot;,&quot;iso&quot;:&quot;0&quot;,&quot;shutter_speed&quot;:&quot;0&quot;,&quot;title&quot;:&quot;&quot;,&quot;orientation&quot;:&quot;0&quot;}\" data-image-title=\"Dhermiu. Autor Arben Basha. Vaj, 2011.\" data-image-description=\"\" data-image-caption=\"&lt;p&gt;Dhermiu. Autor Arben Basha. Vaj, 2011.&lt;\/p&gt;\n\" data-medium-file=\"https:\/\/i0.wp.com\/www.shqiperia.com\/blog\/wp-content\/uploads\/2020\/05\/Dhermiu.-Autor-Arben-Basha.-Vaj-2011.-1.jpg?fit=300%2C226&amp;ssl=1\" data-large-file=\"https:\/\/i0.wp.com\/www.shqiperia.com\/blog\/wp-content\/uploads\/2020\/05\/Dhermiu.-Autor-Arben-Basha.-Vaj-2011.-1.jpg?fit=960%2C722&amp;ssl=1\" class=\" wp-image-34204\" alt=\"\" src=\"https:\/\/i0.wp.com\/www.shqiperia.com\/blog\/wp-content\/uploads\/2020\/05\/Dhermiu.-Autor-Arben-Basha.-Vaj-2011.-1.jpg?resize=681%2C513&#038;ssl=1\" width=\"681\" height=\"513\" srcset=\"https:\/\/i0.wp.com\/www.shqiperia.com\/blog\/wp-content\/uploads\/2020\/05\/Dhermiu.-Autor-Arben-Basha.-Vaj-2011.-1.jpg?resize=300%2C226&amp;ssl=1 300w, https:\/\/i0.wp.com\/www.shqiperia.com\/blog\/wp-content\/uploads\/2020\/05\/Dhermiu.-Autor-Arben-Basha.-Vaj-2011.-1.jpg?resize=768%2C578&amp;ssl=1 768w, https:\/\/i0.wp.com\/www.shqiperia.com\/blog\/wp-content\/uploads\/2020\/05\/Dhermiu.-Autor-Arben-Basha.-Vaj-2011.-1.jpg?resize=450%2C338&amp;ssl=1 450w, https:\/\/i0.wp.com\/www.shqiperia.com\/blog\/wp-content\/uploads\/2020\/05\/Dhermiu.-Autor-Arben-Basha.-Vaj-2011.-1.jpg?resize=600%2C451&amp;ssl=1 600w, https:\/\/i0.wp.com\/www.shqiperia.com\/blog\/wp-content\/uploads\/2020\/05\/Dhermiu.-Autor-Arben-Basha.-Vaj-2011.-1.jpg?resize=400%2C301&amp;ssl=1 400w, https:\/\/i0.wp.com\/www.shqiperia.com\/blog\/wp-content\/uploads\/2020\/05\/Dhermiu.-Autor-Arben-Basha.-Vaj-2011.-1.jpg?w=960&amp;ssl=1 960w\" sizes=\"auto, (max-width: 681px) 100vw, 681px\" \/><p id=\"caption-attachment-34204\" class=\"wp-caption-text\">Dhermiu. Autor Arben Basha. Vaj, 2011.<\/p><\/div>\n","protected":false},"excerpt":{"rendered":"<p>Arte Figurative: &#8220;Dhermiu&#8221;. Autor Arben Basha. Vaj, 2011. Ruhet; Koleksion privat.<\/p>\n","protected":false},"author":9,"featured_media":34203,"comment_status":"open","ping_status":"open","sticky":false,"template":"","format":"standard","meta":{"jetpack_post_was_ever_published":false,"_jetpack_newsletter_access":"","_jetpack_dont_email_post_to_subs":false,"_jetpack_newsletter_tier_id":0,"_jetpack_memberships_contains_paywalled_content":false,"_jetpack_memberships_contains_paid_content":false,"footnotes":"","jetpack_publicize_message":"","jetpack_publicize_feature_enabled":true,"jetpack_social_post_already_shared":true,"jetpack_social_options":{"image_generator_settings":{"template":"highway","default_image_id":0,"font":"","enabled":false},"version":2}},"categories":[87,10,14],"tags":[],"class_list":["post-34202","post","type-post","status-publish","format-standard","has-post-thumbnail","hentry","category-arte","category-kultura","category-press-releases"],"jetpack_publicize_connections":[],"jetpack_featured_media_url":"https:\/\/i0.wp.com\/www.shqiperia.com\/blog\/wp-content\/uploads\/2020\/05\/Dhermiu.-Autor-Arben-Basha.-Vaj-2011..jpg?fit=960%2C722&ssl=1","jetpack_sharing_enabled":true,"jetpack_shortlink":"https:\/\/wp.me\/p5Z6wp-8TE","jetpack-related-posts":[{"id":51249,"url":"https:\/\/www.shqiperia.com\/blog\/kendi-i-fotografise-arte-figurative\/","url_meta":{"origin":34202,"position":0},"title":"Kendi i Fotografise.  Arte Figurative","author":"Kurt Farka","date":"November 10, 2021","format":false,"excerpt":"Kendi i Fotografise. Arte Figurative. Gjergj Elez Ali. Autor Parid Dule, Vaj kanavars, 2021","rel":"","context":"In &quot;Arte&quot;","block_context":{"text":"Arte","link":"https:\/\/www.shqiperia.com\/blog\/category\/arte\/"},"img":{"alt_text":"","src":"https:\/\/i0.wp.com\/www.shqiperia.com\/blog\/wp-content\/uploads\/2021\/11\/Gjergj-Elez-Alia.-Autor-Parid-Dule-Vaj-kanavars-2021.png?fit=500%2C475&ssl=1&resize=350%2C200","width":350,"height":200},"classes":[]},{"id":26108,"url":"https:\/\/www.shqiperia.com\/blog\/rrugetimi-lasgushian-arte-figurative\/","url_meta":{"origin":34202,"position":1},"title":"Rrugetimi LASGUSHIAN. Arte figurative.","author":"Kurt Farka","date":"September 20, 2019","format":false,"excerpt":"RRUGETIMI LASGUSHIAN. Autor Pellumb Bylyku. Vaj mbi kanavace - (2 foto).","rel":"","context":"In &quot;Arte&quot;","block_context":{"text":"Arte","link":"https:\/\/www.shqiperia.com\/blog\/category\/arte\/"},"img":{"alt_text":"","src":"https:\/\/i0.wp.com\/www.shqiperia.com\/blog\/wp-content\/uploads\/2019\/09\/RRUGETIMI-LASGUSHIANAutor-Pellumb-Bylyku.-Vaj-mbi-kanavace-Copy.jpg?fit=595%2C333&ssl=1&resize=350%2C200","width":350,"height":200,"srcset":"https:\/\/i0.wp.com\/www.shqiperia.com\/blog\/wp-content\/uploads\/2019\/09\/RRUGETIMI-LASGUSHIANAutor-Pellumb-Bylyku.-Vaj-mbi-kanavace-Copy.jpg?fit=595%2C333&ssl=1&resize=350%2C200 1x, https:\/\/i0.wp.com\/www.shqiperia.com\/blog\/wp-content\/uploads\/2019\/09\/RRUGETIMI-LASGUSHIANAutor-Pellumb-Bylyku.-Vaj-mbi-kanavace-Copy.jpg?fit=595%2C333&ssl=1&resize=525%2C300 1.5x"},"classes":[]},{"id":42126,"url":"https:\/\/www.shqiperia.com\/blog\/60-vite-krijimtari-ne-art-rrefehet-piktori-i-30-filmave-nga-nentori-i-dyte-tek-mao-ce-duni\/","url_meta":{"origin":34202,"position":2},"title":"60 vite krijimtari n\u00eb art\/ Rr\u00ebfehet piktori i 30 filmave, nga \u2018N\u00ebntori i dyt\u00eb\u2019 tek \u2018Mao Ce Duni\u2019","author":"Kurt Farka","date":"December 21, 2020","format":false,"excerpt":"60 vite krijimtari n\u00eb art\/ Rr\u00ebfehet piktori i 30 filmave, nga \u2018N\u00ebntori i dyt\u00eb\u2019 tek \u2018Mao Ce Duni\u2019 Arben Basha rr\u00ebfen 60 vite krijimtari artistike. Teksa ndalet puna si piktor filmi para viteve \u201990 n\u00eb ish-Kinostudion \u201cShqip\u00ebria e re\u201d, tregon dhe hap\u00ebsir\u00ebn q\u00eb z\u00ebn\u00eb ngjarjet social-politike t\u00eb k\u00ebtyre 30 viteve\u2026","rel":"","context":"In &quot;Arte&quot;","block_context":{"text":"Arte","link":"https:\/\/www.shqiperia.com\/blog\/category\/arte\/"},"img":{"alt_text":"","src":"https:\/\/i0.wp.com\/www.shqiperia.com\/blog\/wp-content\/uploads\/2020\/12\/Piktori-ARBEN-BASHA-2.jpg?fit=781%2C512&ssl=1&resize=350%2C200","width":350,"height":200,"srcset":"https:\/\/i0.wp.com\/www.shqiperia.com\/blog\/wp-content\/uploads\/2020\/12\/Piktori-ARBEN-BASHA-2.jpg?fit=781%2C512&ssl=1&resize=350%2C200 1x, https:\/\/i0.wp.com\/www.shqiperia.com\/blog\/wp-content\/uploads\/2020\/12\/Piktori-ARBEN-BASHA-2.jpg?fit=781%2C512&ssl=1&resize=525%2C300 1.5x, https:\/\/i0.wp.com\/www.shqiperia.com\/blog\/wp-content\/uploads\/2020\/12\/Piktori-ARBEN-BASHA-2.jpg?fit=781%2C512&ssl=1&resize=700%2C400 2x"},"classes":[]},{"id":32812,"url":"https:\/\/www.shqiperia.com\/blog\/arte-figurative-fatos-palushi-pranvera-vaj-1991-2-foto\/","url_meta":{"origin":34202,"position":3},"title":"Arte figurative: Fatos Palushi, &#8220;Pranvera&#8221;, vaj, 1991.. 2 foto.","author":"Kurt Farka","date":"March 27, 2020","format":false,"excerpt":"Pranvera erdhi, dimri duhet te leshoi udhe .... Veper e Fatos Palushit; \"Pranvera\", vaj, 1991.. 2 foto ..","rel":"","context":"In &quot;Arte&quot;","block_context":{"text":"Arte","link":"https:\/\/www.shqiperia.com\/blog\/category\/arte\/"},"img":{"alt_text":"","src":"https:\/\/i0.wp.com\/www.shqiperia.com\/blog\/wp-content\/uploads\/2020\/03\/Pranvera-Fatos-Palushi-1991-2.jpg?fit=632%2C328&ssl=1&resize=350%2C200","width":350,"height":200,"srcset":"https:\/\/i0.wp.com\/www.shqiperia.com\/blog\/wp-content\/uploads\/2020\/03\/Pranvera-Fatos-Palushi-1991-2.jpg?fit=632%2C328&ssl=1&resize=350%2C200 1x, https:\/\/i0.wp.com\/www.shqiperia.com\/blog\/wp-content\/uploads\/2020\/03\/Pranvera-Fatos-Palushi-1991-2.jpg?fit=632%2C328&ssl=1&resize=525%2C300 1.5x"},"classes":[]},{"id":20570,"url":"https:\/\/www.shqiperia.com\/blog\/dhermiu-fshati-i-30-kishave-monument-kulture-qe-po-rilind\/","url_meta":{"origin":34202,"position":4},"title":"Dh\u00ebrmiu, fshati i 30 kishave monument kulture q\u00eb po rilind. &#8211;","author":"Kurt Farka","date":"May 1, 2019","format":false,"excerpt":"Dh\u00ebrmiu, fshati i 30 kishave monument kulture q\u00eb po rilind. - Nga:\u00a0Klotilda Sara\u00e7ini - Dh\u00ebrmiu, fshati i 30 kishave monument kulture t\u00eb kategoris\u00eb s\u00eb par\u00eb n\u00eb bashkin\u00eb e Himar\u00ebs, i vendosur buz\u00eb detit Jon dhe n\u00eb shpatet e maleve, midis gjelb\u00ebrimit t\u00eb ullinjve dhe agrumeve t\u00eb shumta po rilind fal\u00eb\u2026","rel":"","context":"In &quot;Histori&quot;","block_context":{"text":"Histori","link":"https:\/\/www.shqiperia.com\/blog\/category\/histori\/"},"img":{"alt_text":"","src":"https:\/\/i0.wp.com\/www.shqiperia.com\/blog\/wp-content\/uploads\/2019\/05\/Dhermiu-3.jpg?fit=622%2C320&ssl=1&resize=350%2C200","width":350,"height":200,"srcset":"https:\/\/i0.wp.com\/www.shqiperia.com\/blog\/wp-content\/uploads\/2019\/05\/Dhermiu-3.jpg?fit=622%2C320&ssl=1&resize=350%2C200 1x, https:\/\/i0.wp.com\/www.shqiperia.com\/blog\/wp-content\/uploads\/2019\/05\/Dhermiu-3.jpg?fit=622%2C320&ssl=1&resize=525%2C300 1.5x"},"classes":[]},{"id":87110,"url":"https:\/\/www.shqiperia.com\/blog\/kendi-i-fotografise-arte-figurative-ilir-bala\/","url_meta":{"origin":34202,"position":5},"title":"Kendi i Fotografise- Arte Figurative: Ilir Bala","author":"Kurt Farka","date":"December 5, 2024","format":false,"excerpt":"5 Dhjetor 2024 ILIR BALATitulli :\" Makina e madhe \"Viti: 2013Materiali: vaj ne bezeMadhesia 110 X 80 cm.","rel":"","context":"In &quot;Arte&quot;","block_context":{"text":"Arte","link":"https:\/\/www.shqiperia.com\/blog\/category\/arte\/"},"img":{"alt_text":"","src":"https:\/\/i0.wp.com\/www.shqiperia.com\/blog\/wp-content\/uploads\/2024\/12\/460992372_2707536809417357_559967657790755742_n.jpg?fit=1200%2C854&ssl=1&resize=350%2C200","width":350,"height":200,"srcset":"https:\/\/i0.wp.com\/www.shqiperia.com\/blog\/wp-content\/uploads\/2024\/12\/460992372_2707536809417357_559967657790755742_n.jpg?fit=1200%2C854&ssl=1&resize=350%2C200 1x, https:\/\/i0.wp.com\/www.shqiperia.com\/blog\/wp-content\/uploads\/2024\/12\/460992372_2707536809417357_559967657790755742_n.jpg?fit=1200%2C854&ssl=1&resize=525%2C300 1.5x, https:\/\/i0.wp.com\/www.shqiperia.com\/blog\/wp-content\/uploads\/2024\/12\/460992372_2707536809417357_559967657790755742_n.jpg?fit=1200%2C854&ssl=1&resize=700%2C400 2x, https:\/\/i0.wp.com\/www.shqiperia.com\/blog\/wp-content\/uploads\/2024\/12\/460992372_2707536809417357_559967657790755742_n.jpg?fit=1200%2C854&ssl=1&resize=1050%2C600 3x"},"classes":[]}],"_links":{"self":[{"href":"https:\/\/www.shqiperia.com\/blog\/wp-json\/wp\/v2\/posts\/34202","targetHints":{"allow":["GET"]}}],"collection":[{"href":"https:\/\/www.shqiperia.com\/blog\/wp-json\/wp\/v2\/posts"}],"about":[{"href":"https:\/\/www.shqiperia.com\/blog\/wp-json\/wp\/v2\/types\/post"}],"author":[{"embeddable":true,"href":"https:\/\/www.shqiperia.com\/blog\/wp-json\/wp\/v2\/users\/9"}],"replies":[{"embeddable":true,"href":"https:\/\/www.shqiperia.com\/blog\/wp-json\/wp\/v2\/comments?post=34202"}],"version-history":[{"count":2,"href":"https:\/\/www.shqiperia.com\/blog\/wp-json\/wp\/v2\/posts\/34202\/revisions"}],"predecessor-version":[{"id":34206,"href":"https:\/\/www.shqiperia.com\/blog\/wp-json\/wp\/v2\/posts\/34202\/revisions\/34206"}],"wp:featuredmedia":[{"embeddable":true,"href":"https:\/\/www.shqiperia.com\/blog\/wp-json\/wp\/v2\/media\/34203"}],"wp:attachment":[{"href":"https:\/\/www.shqiperia.com\/blog\/wp-json\/wp\/v2\/media?parent=34202"}],"wp:term":[{"taxonomy":"category","embeddable":true,"href":"https:\/\/www.shqiperia.com\/blog\/wp-json\/wp\/v2\/categories?post=34202"},{"taxonomy":"post_tag","embeddable":true,"href":"https:\/\/www.shqiperia.com\/blog\/wp-json\/wp\/v2\/tags?post=34202"}],"curies":[{"name":"wp","href":"https:\/\/api.w.org\/{rel}","templated":true}]}}