{"id":34189,"date":"2020-05-03T10:17:39","date_gmt":"2020-05-03T10:17:39","guid":{"rendered":"https:\/\/www.shqiperia.com\/blog\/?p=34189"},"modified":"2020-05-03T10:17:39","modified_gmt":"2020-05-03T10:17:39","slug":"foto-me-maska-ne-1918-dhe-disa-momente-te-erreta-te-historise-njerezore","status":"publish","type":"post","link":"https:\/\/www.shqiperia.com\/blog\/foto-me-maska-ne-1918-dhe-disa-momente-te-erreta-te-historise-njerezore\/","title":{"rendered":"FOTO: &#8211; Me maska n\u00eb 1918 dhe disa momente t\u00eb err\u00ebta t\u00eb historis\u00eb njer\u00ebzore"},"content":{"rendered":"<p><img data-recalc-dims=\"1\" loading=\"lazy\" decoding=\"async\" data-attachment-id=\"34190\" data-permalink=\"https:\/\/www.shqiperia.com\/blog\/foto-me-maska-ne-1918-dhe-disa-momente-te-erreta-te-historise-njerezore\/828-copy\/\" data-orig-file=\"https:\/\/i0.wp.com\/www.shqiperia.com\/blog\/wp-content\/uploads\/2020\/05\/828-Copy.jpg?fit=562%2C329&amp;ssl=1\" data-orig-size=\"562,329\" data-comments-opened=\"1\" data-image-meta=\"{&quot;aperture&quot;:&quot;0&quot;,&quot;credit&quot;:&quot;&quot;,&quot;camera&quot;:&quot;&quot;,&quot;caption&quot;:&quot;&quot;,&quot;created_timestamp&quot;:&quot;0&quot;,&quot;copyright&quot;:&quot;&quot;,&quot;focal_length&quot;:&quot;0&quot;,&quot;iso&quot;:&quot;0&quot;,&quot;shutter_speed&quot;:&quot;0&quot;,&quot;title&quot;:&quot;&quot;,&quot;orientation&quot;:&quot;0&quot;}\" data-image-title=\"828 &#8211; Copy\" data-image-description=\"\" data-image-caption=\"\" data-medium-file=\"https:\/\/i0.wp.com\/www.shqiperia.com\/blog\/wp-content\/uploads\/2020\/05\/828-Copy.jpg?fit=300%2C176&amp;ssl=1\" data-large-file=\"https:\/\/i0.wp.com\/www.shqiperia.com\/blog\/wp-content\/uploads\/2020\/05\/828-Copy.jpg?fit=562%2C329&amp;ssl=1\" class=\"alignnone  wp-image-34190\" alt=\"\" src=\"https:\/\/i0.wp.com\/www.shqiperia.com\/blog\/wp-content\/uploads\/2020\/05\/828-Copy.jpg?resize=542%2C318&#038;ssl=1\" width=\"542\" height=\"318\" srcset=\"https:\/\/i0.wp.com\/www.shqiperia.com\/blog\/wp-content\/uploads\/2020\/05\/828-Copy.jpg?resize=300%2C176&amp;ssl=1 300w, https:\/\/i0.wp.com\/www.shqiperia.com\/blog\/wp-content\/uploads\/2020\/05\/828-Copy.jpg?resize=450%2C263&amp;ssl=1 450w, https:\/\/i0.wp.com\/www.shqiperia.com\/blog\/wp-content\/uploads\/2020\/05\/828-Copy.jpg?resize=400%2C234&amp;ssl=1 400w, https:\/\/i0.wp.com\/www.shqiperia.com\/blog\/wp-content\/uploads\/2020\/05\/828-Copy.jpg?w=562&amp;ssl=1 562w\" sizes=\"auto, (max-width: 542px) 100vw, 542px\" \/><\/p>\n<p><strong>FOTO: &#8211; Me maska n\u00eb 1918 dhe disa momente t\u00eb err\u00ebta t\u00eb historis\u00eb njer\u00ebzore<\/strong><\/p>\n<p>Ndonj\u00ebher\u00eb nj\u00eb imazh vlen m\u00eb shum\u00eb se nj\u00ebmij\u00eb fjal\u00eb. T\u00eb gjitha k\u00ebto foto t\u00eb mbledhura nga portali listverse.com publikuar n\u00eb DITA jan\u00eb shnd\u00ebrruar n\u00eb ikona historike.<\/p>\n<p>Sot sh\u00ebrbejn\u00eb p\u00ebr t\u2019i kujtuar njer\u00ebzimit se ngjarjet tragjike t\u00eb historis\u00eb nuk duhet t\u00eb p\u00ebrs\u00ebriten.<\/p>\n<p><img data-recalc-dims=\"1\" loading=\"lazy\" decoding=\"async\" data-attachment-id=\"34191\" data-permalink=\"https:\/\/www.shqiperia.com\/blog\/foto-me-maska-ne-1918-dhe-disa-momente-te-erreta-te-historise-njerezore\/1-319\/\" data-orig-file=\"https:\/\/i0.wp.com\/www.shqiperia.com\/blog\/wp-content\/uploads\/2020\/05\/1-319.jpg?fit=306%2C422&amp;ssl=1\" data-orig-size=\"306,422\" data-comments-opened=\"1\" data-image-meta=\"{&quot;aperture&quot;:&quot;0&quot;,&quot;credit&quot;:&quot;&quot;,&quot;camera&quot;:&quot;&quot;,&quot;caption&quot;:&quot;&quot;,&quot;created_timestamp&quot;:&quot;0&quot;,&quot;copyright&quot;:&quot;&quot;,&quot;focal_length&quot;:&quot;0&quot;,&quot;iso&quot;:&quot;0&quot;,&quot;shutter_speed&quot;:&quot;0&quot;,&quot;title&quot;:&quot;&quot;,&quot;orientation&quot;:&quot;0&quot;}\" data-image-title=\"1 319\" data-image-description=\"\" data-image-caption=\"\" data-medium-file=\"https:\/\/i0.wp.com\/www.shqiperia.com\/blog\/wp-content\/uploads\/2020\/05\/1-319.jpg?fit=218%2C300&amp;ssl=1\" data-large-file=\"https:\/\/i0.wp.com\/www.shqiperia.com\/blog\/wp-content\/uploads\/2020\/05\/1-319.jpg?fit=306%2C422&amp;ssl=1\" class=\"alignnone  wp-image-34191\" alt=\"\" src=\"https:\/\/i0.wp.com\/www.shqiperia.com\/blog\/wp-content\/uploads\/2020\/05\/1-319.jpg?resize=323%2C444&#038;ssl=1\" width=\"323\" height=\"444\" srcset=\"https:\/\/i0.wp.com\/www.shqiperia.com\/blog\/wp-content\/uploads\/2020\/05\/1-319.jpg?resize=218%2C300&amp;ssl=1 218w, https:\/\/i0.wp.com\/www.shqiperia.com\/blog\/wp-content\/uploads\/2020\/05\/1-319.jpg?w=306&amp;ssl=1 306w\" sizes=\"auto, (max-width: 323px) 100vw, 323px\" \/><\/p>\n<p>1 Djali i vog\u00ebl ka vdekur. V\u00ebllai i tij vazhdon e mban n\u00eb shpin\u00eb p\u00ebr ta \u00e7uar n\u00eb krematorium. Nagasaki, Japoni, gusht 1945.<\/p>\n<p><img data-recalc-dims=\"1\" loading=\"lazy\" decoding=\"async\" data-attachment-id=\"34192\" data-permalink=\"https:\/\/www.shqiperia.com\/blog\/foto-me-maska-ne-1918-dhe-disa-momente-te-erreta-te-historise-njerezore\/2-185\/\" data-orig-file=\"https:\/\/i0.wp.com\/www.shqiperia.com\/blog\/wp-content\/uploads\/2020\/05\/2-185.jpg?fit=582%2C422&amp;ssl=1\" data-orig-size=\"582,422\" data-comments-opened=\"1\" data-image-meta=\"{&quot;aperture&quot;:&quot;0&quot;,&quot;credit&quot;:&quot;&quot;,&quot;camera&quot;:&quot;&quot;,&quot;caption&quot;:&quot;&quot;,&quot;created_timestamp&quot;:&quot;0&quot;,&quot;copyright&quot;:&quot;&quot;,&quot;focal_length&quot;:&quot;0&quot;,&quot;iso&quot;:&quot;0&quot;,&quot;shutter_speed&quot;:&quot;0&quot;,&quot;title&quot;:&quot;&quot;,&quot;orientation&quot;:&quot;0&quot;}\" data-image-title=\"2 185\" data-image-description=\"\" data-image-caption=\"\" data-medium-file=\"https:\/\/i0.wp.com\/www.shqiperia.com\/blog\/wp-content\/uploads\/2020\/05\/2-185.jpg?fit=300%2C218&amp;ssl=1\" data-large-file=\"https:\/\/i0.wp.com\/www.shqiperia.com\/blog\/wp-content\/uploads\/2020\/05\/2-185.jpg?fit=582%2C422&amp;ssl=1\" class=\"alignnone  wp-image-34192\" alt=\"\" src=\"https:\/\/i0.wp.com\/www.shqiperia.com\/blog\/wp-content\/uploads\/2020\/05\/2-185.jpg?resize=515%2C374&#038;ssl=1\" width=\"515\" height=\"374\" srcset=\"https:\/\/i0.wp.com\/www.shqiperia.com\/blog\/wp-content\/uploads\/2020\/05\/2-185.jpg?resize=300%2C218&amp;ssl=1 300w, https:\/\/i0.wp.com\/www.shqiperia.com\/blog\/wp-content\/uploads\/2020\/05\/2-185.jpg?resize=450%2C326&amp;ssl=1 450w, https:\/\/i0.wp.com\/www.shqiperia.com\/blog\/wp-content\/uploads\/2020\/05\/2-185.jpg?resize=400%2C290&amp;ssl=1 400w, https:\/\/i0.wp.com\/www.shqiperia.com\/blog\/wp-content\/uploads\/2020\/05\/2-185.jpg?w=582&amp;ssl=1 582w\" sizes=\"auto, (max-width: 515px) 100vw, 515px\" \/><br \/>\n2\u00a0\u00a0 Kalimtar\u00ebt nuk i kushtojn\u00eb v\u00ebmendje kufomave t\u00eb uris\u00eb n\u00eb nj\u00eb rrug\u00eb t\u00eb Jarkovit gjat\u00eb Uris\u00eb s\u00eb Madhe. Ukrain\u00eb 1933.<\/p>\n<p><img data-recalc-dims=\"1\" loading=\"lazy\" decoding=\"async\" data-attachment-id=\"34193\" data-permalink=\"https:\/\/www.shqiperia.com\/blog\/foto-me-maska-ne-1918-dhe-disa-momente-te-erreta-te-historise-njerezore\/attachment\/3118\/\" data-orig-file=\"https:\/\/i0.wp.com\/www.shqiperia.com\/blog\/wp-content\/uploads\/2020\/05\/3118.jpg?fit=317%2C422&amp;ssl=1\" data-orig-size=\"317,422\" data-comments-opened=\"1\" data-image-meta=\"{&quot;aperture&quot;:&quot;0&quot;,&quot;credit&quot;:&quot;&quot;,&quot;camera&quot;:&quot;&quot;,&quot;caption&quot;:&quot;&quot;,&quot;created_timestamp&quot;:&quot;0&quot;,&quot;copyright&quot;:&quot;&quot;,&quot;focal_length&quot;:&quot;0&quot;,&quot;iso&quot;:&quot;0&quot;,&quot;shutter_speed&quot;:&quot;0&quot;,&quot;title&quot;:&quot;&quot;,&quot;orientation&quot;:&quot;0&quot;}\" data-image-title=\"3118\" data-image-description=\"\" data-image-caption=\"\" data-medium-file=\"https:\/\/i0.wp.com\/www.shqiperia.com\/blog\/wp-content\/uploads\/2020\/05\/3118.jpg?fit=225%2C300&amp;ssl=1\" data-large-file=\"https:\/\/i0.wp.com\/www.shqiperia.com\/blog\/wp-content\/uploads\/2020\/05\/3118.jpg?fit=317%2C422&amp;ssl=1\" class=\"alignnone  wp-image-34193\" alt=\"\" src=\"https:\/\/i0.wp.com\/www.shqiperia.com\/blog\/wp-content\/uploads\/2020\/05\/3118.jpg?resize=413%2C551&#038;ssl=1\" width=\"413\" height=\"551\" srcset=\"https:\/\/i0.wp.com\/www.shqiperia.com\/blog\/wp-content\/uploads\/2020\/05\/3118.jpg?resize=225%2C300&amp;ssl=1 225w, https:\/\/i0.wp.com\/www.shqiperia.com\/blog\/wp-content\/uploads\/2020\/05\/3118.jpg?w=317&amp;ssl=1 317w\" sizes=\"auto, (max-width: 413px) 100vw, 413px\" \/><\/p>\n<p>3\u00a0\u00a0 Skllev\u00ebr afrikan\u00eb t\u00eb \u00e7liruar, n\u00eb bordin e nj\u00eb luftanije britanike HMS, Daphne. N\u00ebntor, 1868.<\/p>\n<p><img data-recalc-dims=\"1\" loading=\"lazy\" decoding=\"async\" data-attachment-id=\"34194\" data-permalink=\"https:\/\/www.shqiperia.com\/blog\/foto-me-maska-ne-1918-dhe-disa-momente-te-erreta-te-historise-njerezore\/4-97\/\" data-orig-file=\"https:\/\/i0.wp.com\/www.shqiperia.com\/blog\/wp-content\/uploads\/2020\/05\/4-97.jpg?fit=580%2C422&amp;ssl=1\" data-orig-size=\"580,422\" data-comments-opened=\"1\" data-image-meta=\"{&quot;aperture&quot;:&quot;0&quot;,&quot;credit&quot;:&quot;&quot;,&quot;camera&quot;:&quot;&quot;,&quot;caption&quot;:&quot;&quot;,&quot;created_timestamp&quot;:&quot;0&quot;,&quot;copyright&quot;:&quot;&quot;,&quot;focal_length&quot;:&quot;0&quot;,&quot;iso&quot;:&quot;0&quot;,&quot;shutter_speed&quot;:&quot;0&quot;,&quot;title&quot;:&quot;&quot;,&quot;orientation&quot;:&quot;0&quot;}\" data-image-title=\"4 97\" data-image-description=\"\" data-image-caption=\"\" data-medium-file=\"https:\/\/i0.wp.com\/www.shqiperia.com\/blog\/wp-content\/uploads\/2020\/05\/4-97.jpg?fit=300%2C218&amp;ssl=1\" data-large-file=\"https:\/\/i0.wp.com\/www.shqiperia.com\/blog\/wp-content\/uploads\/2020\/05\/4-97.jpg?fit=580%2C422&amp;ssl=1\" class=\"alignnone  wp-image-34194\" alt=\"\" src=\"https:\/\/i0.wp.com\/www.shqiperia.com\/blog\/wp-content\/uploads\/2020\/05\/4-97.jpg?resize=537%2C390&#038;ssl=1\" width=\"537\" height=\"390\" srcset=\"https:\/\/i0.wp.com\/www.shqiperia.com\/blog\/wp-content\/uploads\/2020\/05\/4-97.jpg?resize=300%2C218&amp;ssl=1 300w, https:\/\/i0.wp.com\/www.shqiperia.com\/blog\/wp-content\/uploads\/2020\/05\/4-97.jpg?resize=450%2C327&amp;ssl=1 450w, https:\/\/i0.wp.com\/www.shqiperia.com\/blog\/wp-content\/uploads\/2020\/05\/4-97.jpg?resize=400%2C291&amp;ssl=1 400w, https:\/\/i0.wp.com\/www.shqiperia.com\/blog\/wp-content\/uploads\/2020\/05\/4-97.jpg?w=580&amp;ssl=1 580w\" sizes=\"auto, (max-width: 537px) 100vw, 537px\" \/><\/p>\n<p>4\u00a0\u00a0 Sken\u00eb e prerjes s\u00eb kok\u00ebs n\u00eb nj\u00eb fshat kinez. Gazetat evropiane e publikuan foton n\u00eb 1850. Botimi pasoi nj\u00eb val\u00eb armiq\u00ebsie dhe zem\u00ebrimi ndaj Kin\u00ebs.<\/p>\n<p><img data-recalc-dims=\"1\" loading=\"lazy\" decoding=\"async\" data-attachment-id=\"34195\" data-permalink=\"https:\/\/www.shqiperia.com\/blog\/foto-me-maska-ne-1918-dhe-disa-momente-te-erreta-te-historise-njerezore\/5-4\/\" data-orig-file=\"https:\/\/i0.wp.com\/www.shqiperia.com\/blog\/wp-content\/uploads\/2020\/05\/5.gif?fit=516%2C422&amp;ssl=1\" data-orig-size=\"516,422\" data-comments-opened=\"1\" data-image-meta=\"{&quot;aperture&quot;:&quot;0&quot;,&quot;credit&quot;:&quot;&quot;,&quot;camera&quot;:&quot;&quot;,&quot;caption&quot;:&quot;&quot;,&quot;created_timestamp&quot;:&quot;0&quot;,&quot;copyright&quot;:&quot;&quot;,&quot;focal_length&quot;:&quot;0&quot;,&quot;iso&quot;:&quot;0&quot;,&quot;shutter_speed&quot;:&quot;0&quot;,&quot;title&quot;:&quot;&quot;,&quot;orientation&quot;:&quot;0&quot;}\" data-image-title=\"5\" data-image-description=\"\" data-image-caption=\"\" data-medium-file=\"https:\/\/i0.wp.com\/www.shqiperia.com\/blog\/wp-content\/uploads\/2020\/05\/5.gif?fit=300%2C245&amp;ssl=1\" data-large-file=\"https:\/\/i0.wp.com\/www.shqiperia.com\/blog\/wp-content\/uploads\/2020\/05\/5.gif?fit=516%2C422&amp;ssl=1\" class=\"alignnone  wp-image-34195\" alt=\"\" src=\"https:\/\/i0.wp.com\/www.shqiperia.com\/blog\/wp-content\/uploads\/2020\/05\/5.gif?resize=496%2C405&#038;ssl=1\" width=\"496\" height=\"405\" srcset=\"https:\/\/i0.wp.com\/www.shqiperia.com\/blog\/wp-content\/uploads\/2020\/05\/5.gif?resize=300%2C245&amp;ssl=1 300w, https:\/\/i0.wp.com\/www.shqiperia.com\/blog\/wp-content\/uploads\/2020\/05\/5.gif?resize=450%2C368&amp;ssl=1 450w, https:\/\/i0.wp.com\/www.shqiperia.com\/blog\/wp-content\/uploads\/2020\/05\/5.gif?resize=400%2C327&amp;ssl=1 400w\" sizes=\"auto, (max-width: 496px) 100vw, 496px\" \/><\/p>\n<p>5\u00a0\u00a0 Nj\u00eb f\u00ebmij\u00eb n\u00eb stacionin e trenave n\u00eb Shangai, pas nj\u00eb bombardimi t\u00eb realizuar nga avion\u00ebt japonez gjat\u00eb Luft\u00ebs s\u00eb Dyt\u00eb Sino-Japoneze. Gusht 1937.<\/p>\n<p><img data-recalc-dims=\"1\" loading=\"lazy\" decoding=\"async\" data-attachment-id=\"34196\" data-permalink=\"https:\/\/www.shqiperia.com\/blog\/foto-me-maska-ne-1918-dhe-disa-momente-te-erreta-te-historise-njerezore\/attachment\/648\/\" data-orig-file=\"https:\/\/i0.wp.com\/www.shqiperia.com\/blog\/wp-content\/uploads\/2020\/05\/648.jpg?fit=302%2C422&amp;ssl=1\" data-orig-size=\"302,422\" data-comments-opened=\"1\" data-image-meta=\"{&quot;aperture&quot;:&quot;0&quot;,&quot;credit&quot;:&quot;&quot;,&quot;camera&quot;:&quot;&quot;,&quot;caption&quot;:&quot;&quot;,&quot;created_timestamp&quot;:&quot;0&quot;,&quot;copyright&quot;:&quot;&quot;,&quot;focal_length&quot;:&quot;0&quot;,&quot;iso&quot;:&quot;0&quot;,&quot;shutter_speed&quot;:&quot;0&quot;,&quot;title&quot;:&quot;&quot;,&quot;orientation&quot;:&quot;0&quot;}\" data-image-title=\"648\" data-image-description=\"\" data-image-caption=\"\" data-medium-file=\"https:\/\/i0.wp.com\/www.shqiperia.com\/blog\/wp-content\/uploads\/2020\/05\/648.jpg?fit=215%2C300&amp;ssl=1\" data-large-file=\"https:\/\/i0.wp.com\/www.shqiperia.com\/blog\/wp-content\/uploads\/2020\/05\/648.jpg?fit=302%2C422&amp;ssl=1\" class=\"alignnone  wp-image-34196\" alt=\"\" src=\"https:\/\/i0.wp.com\/www.shqiperia.com\/blog\/wp-content\/uploads\/2020\/05\/648.jpg?resize=344%2C480&#038;ssl=1\" width=\"344\" height=\"480\" srcset=\"https:\/\/i0.wp.com\/www.shqiperia.com\/blog\/wp-content\/uploads\/2020\/05\/648.jpg?resize=215%2C300&amp;ssl=1 215w, https:\/\/i0.wp.com\/www.shqiperia.com\/blog\/wp-content\/uploads\/2020\/05\/648.jpg?w=302&amp;ssl=1 302w\" sizes=\"auto, (max-width: 344px) 100vw, 344px\" \/><\/p>\n<p>6\u00a0\u00a0 Roja i Murit t\u00eb Berlinit lejon nj\u00eb f\u00ebmij\u00eb q\u00eb t\u00eb kaloj\u00eb kufirin mes dy Gjermanive. M\u00eb von\u00eb ai do t\u00eb lirohej nga detyra. Berlin, Gusht 1961.<\/p>\n<p><img data-recalc-dims=\"1\" loading=\"lazy\" decoding=\"async\" data-attachment-id=\"34197\" data-permalink=\"https:\/\/www.shqiperia.com\/blog\/foto-me-maska-ne-1918-dhe-disa-momente-te-erreta-te-historise-njerezore\/attachment\/741\/\" data-orig-file=\"https:\/\/i0.wp.com\/www.shqiperia.com\/blog\/wp-content\/uploads\/2020\/05\/741.jpg?fit=423%2C422&amp;ssl=1\" data-orig-size=\"423,422\" data-comments-opened=\"1\" data-image-meta=\"{&quot;aperture&quot;:&quot;0&quot;,&quot;credit&quot;:&quot;&quot;,&quot;camera&quot;:&quot;&quot;,&quot;caption&quot;:&quot;&quot;,&quot;created_timestamp&quot;:&quot;0&quot;,&quot;copyright&quot;:&quot;&quot;,&quot;focal_length&quot;:&quot;0&quot;,&quot;iso&quot;:&quot;0&quot;,&quot;shutter_speed&quot;:&quot;0&quot;,&quot;title&quot;:&quot;&quot;,&quot;orientation&quot;:&quot;0&quot;}\" data-image-title=\"741\" data-image-description=\"\" data-image-caption=\"\" data-medium-file=\"https:\/\/i0.wp.com\/www.shqiperia.com\/blog\/wp-content\/uploads\/2020\/05\/741.jpg?fit=300%2C300&amp;ssl=1\" data-large-file=\"https:\/\/i0.wp.com\/www.shqiperia.com\/blog\/wp-content\/uploads\/2020\/05\/741.jpg?fit=423%2C422&amp;ssl=1\" class=\"alignnone  wp-image-34197\" alt=\"\" src=\"https:\/\/i0.wp.com\/www.shqiperia.com\/blog\/wp-content\/uploads\/2020\/05\/741.jpg?resize=495%2C495&#038;ssl=1\" width=\"495\" height=\"495\" srcset=\"https:\/\/i0.wp.com\/www.shqiperia.com\/blog\/wp-content\/uploads\/2020\/05\/741.jpg?resize=300%2C300&amp;ssl=1 300w, https:\/\/i0.wp.com\/www.shqiperia.com\/blog\/wp-content\/uploads\/2020\/05\/741.jpg?resize=150%2C150&amp;ssl=1 150w, https:\/\/i0.wp.com\/www.shqiperia.com\/blog\/wp-content\/uploads\/2020\/05\/741.jpg?resize=65%2C65&amp;ssl=1 65w, https:\/\/i0.wp.com\/www.shqiperia.com\/blog\/wp-content\/uploads\/2020\/05\/741.jpg?resize=50%2C50&amp;ssl=1 50w, https:\/\/i0.wp.com\/www.shqiperia.com\/blog\/wp-content\/uploads\/2020\/05\/741.jpg?resize=400%2C399&amp;ssl=1 400w, https:\/\/i0.wp.com\/www.shqiperia.com\/blog\/wp-content\/uploads\/2020\/05\/741.jpg?w=423&amp;ssl=1 423w\" sizes=\"auto, (max-width: 495px) 100vw, 495px\" \/><\/p>\n<p>7\u00a0\u00a0 Varri masiv num\u00ebr 3 i kampit t\u00eb p\u00ebrqendrimit Bergen-Belsen. Gjermani, Prill 1945.<\/p>\n<p><img data-recalc-dims=\"1\" loading=\"lazy\" decoding=\"async\" data-attachment-id=\"34198\" data-permalink=\"https:\/\/www.shqiperia.com\/blog\/foto-me-maska-ne-1918-dhe-disa-momente-te-erreta-te-historise-njerezore\/attachment\/828\/\" data-orig-file=\"https:\/\/i0.wp.com\/www.shqiperia.com\/blog\/wp-content\/uploads\/2020\/05\/828.jpg?fit=562%2C422&amp;ssl=1\" data-orig-size=\"562,422\" data-comments-opened=\"1\" data-image-meta=\"{&quot;aperture&quot;:&quot;0&quot;,&quot;credit&quot;:&quot;&quot;,&quot;camera&quot;:&quot;&quot;,&quot;caption&quot;:&quot;&quot;,&quot;created_timestamp&quot;:&quot;0&quot;,&quot;copyright&quot;:&quot;&quot;,&quot;focal_length&quot;:&quot;0&quot;,&quot;iso&quot;:&quot;0&quot;,&quot;shutter_speed&quot;:&quot;0&quot;,&quot;title&quot;:&quot;&quot;,&quot;orientation&quot;:&quot;0&quot;}\" data-image-title=\"828\" data-image-description=\"\" data-image-caption=\"\" data-medium-file=\"https:\/\/i0.wp.com\/www.shqiperia.com\/blog\/wp-content\/uploads\/2020\/05\/828.jpg?fit=300%2C225&amp;ssl=1\" data-large-file=\"https:\/\/i0.wp.com\/www.shqiperia.com\/blog\/wp-content\/uploads\/2020\/05\/828.jpg?fit=562%2C422&amp;ssl=1\" class=\"alignnone  wp-image-34198\" alt=\"\" src=\"https:\/\/i0.wp.com\/www.shqiperia.com\/blog\/wp-content\/uploads\/2020\/05\/828.jpg?resize=473%2C355&#038;ssl=1\" width=\"473\" height=\"355\" srcset=\"https:\/\/i0.wp.com\/www.shqiperia.com\/blog\/wp-content\/uploads\/2020\/05\/828.jpg?resize=300%2C225&amp;ssl=1 300w, https:\/\/i0.wp.com\/www.shqiperia.com\/blog\/wp-content\/uploads\/2020\/05\/828.jpg?resize=450%2C338&amp;ssl=1 450w, https:\/\/i0.wp.com\/www.shqiperia.com\/blog\/wp-content\/uploads\/2020\/05\/828.jpg?resize=400%2C300&amp;ssl=1 400w, https:\/\/i0.wp.com\/www.shqiperia.com\/blog\/wp-content\/uploads\/2020\/05\/828.jpg?w=562&amp;ssl=1 562w\" sizes=\"auto, (max-width: 473px) 100vw, 473px\" \/><\/p>\n<p>8\u00a0 Maska kirurgjikale sh\u00ebrbejn\u00eb si mas\u00eb mbrojtjeje kund\u00ebr gripit spanjoll p\u00ebr lojtar\u00ebt e bejsbollit n\u00eb SHBA. Pandemia shkaktoi m\u00eb shum\u00eb se 100 milion\u00eb viktima, shif\u00ebr m\u00eb e madhe se ajo e viktimave t\u00eb Luft\u00ebs s\u00eb Par\u00eb Bot\u00ebrore. 1918.<\/p>\n<p><img data-recalc-dims=\"1\" loading=\"lazy\" decoding=\"async\" data-attachment-id=\"34199\" data-permalink=\"https:\/\/www.shqiperia.com\/blog\/foto-me-maska-ne-1918-dhe-disa-momente-te-erreta-te-historise-njerezore\/attachment\/922\/\" data-orig-file=\"https:\/\/i0.wp.com\/www.shqiperia.com\/blog\/wp-content\/uploads\/2020\/05\/922.jpg?fit=561%2C422&amp;ssl=1\" data-orig-size=\"561,422\" data-comments-opened=\"1\" data-image-meta=\"{&quot;aperture&quot;:&quot;0&quot;,&quot;credit&quot;:&quot;&quot;,&quot;camera&quot;:&quot;&quot;,&quot;caption&quot;:&quot;&quot;,&quot;created_timestamp&quot;:&quot;0&quot;,&quot;copyright&quot;:&quot;&quot;,&quot;focal_length&quot;:&quot;0&quot;,&quot;iso&quot;:&quot;0&quot;,&quot;shutter_speed&quot;:&quot;0&quot;,&quot;title&quot;:&quot;&quot;,&quot;orientation&quot;:&quot;0&quot;}\" data-image-title=\"922\" data-image-description=\"\" data-image-caption=\"\" data-medium-file=\"https:\/\/i0.wp.com\/www.shqiperia.com\/blog\/wp-content\/uploads\/2020\/05\/922.jpg?fit=300%2C226&amp;ssl=1\" data-large-file=\"https:\/\/i0.wp.com\/www.shqiperia.com\/blog\/wp-content\/uploads\/2020\/05\/922.jpg?fit=561%2C422&amp;ssl=1\" class=\"alignnone  wp-image-34199\" alt=\"\" src=\"https:\/\/i0.wp.com\/www.shqiperia.com\/blog\/wp-content\/uploads\/2020\/05\/922.jpg?resize=530%2C399&#038;ssl=1\" width=\"530\" height=\"399\" srcset=\"https:\/\/i0.wp.com\/www.shqiperia.com\/blog\/wp-content\/uploads\/2020\/05\/922.jpg?resize=300%2C226&amp;ssl=1 300w, https:\/\/i0.wp.com\/www.shqiperia.com\/blog\/wp-content\/uploads\/2020\/05\/922.jpg?resize=450%2C339&amp;ssl=1 450w, https:\/\/i0.wp.com\/www.shqiperia.com\/blog\/wp-content\/uploads\/2020\/05\/922.jpg?resize=400%2C301&amp;ssl=1 400w, https:\/\/i0.wp.com\/www.shqiperia.com\/blog\/wp-content\/uploads\/2020\/05\/922.jpg?w=561&amp;ssl=1 561w\" sizes=\"auto, (max-width: 530px) 100vw, 530px\" \/><\/p>\n<p>9 Nj\u00eb grua e d\u00ebnuar t\u00eb vdes\u00eb nga uria. Mongoli 1913.<\/p>\n<p><strong>d.a. \/ dita<\/strong><\/p>\n","protected":false},"excerpt":{"rendered":"<p>FOTO: &#8211; Me maska n\u00eb 1918 dhe disa momente t\u00eb err\u00ebta t\u00eb historis\u00eb njer\u00ebzore Ndonj\u00ebher\u00eb nj\u00eb imazh vlen m\u00eb shum\u00eb se nj\u00ebmij\u00eb fjal\u00eb. T\u00eb gjitha k\u00ebto foto t\u00eb mbledhura nga portali listverse.com publikuar n\u00eb DITA jan\u00eb shnd\u00ebrruar n\u00eb ikona historike. Sot sh\u00ebrbejn\u00eb p\u00ebr t\u2019i kujtuar njer\u00ebzimit se ngjarjet tragjike t\u00eb historis\u00eb nuk duhet t\u00eb p\u00ebrs\u00ebriten. [&hellip;]<\/p>\n","protected":false},"author":9,"featured_media":34190,"comment_status":"open","ping_status":"open","sticky":false,"template":"","format":"standard","meta":{"jetpack_post_was_ever_published":false,"_jetpack_newsletter_access":"","_jetpack_dont_email_post_to_subs":false,"_jetpack_newsletter_tier_id":0,"_jetpack_memberships_contains_paywalled_content":false,"_jetpack_memberships_contains_paid_content":false,"footnotes":"","jetpack_publicize_message":"","jetpack_publicize_feature_enabled":true,"jetpack_social_post_already_shared":true,"jetpack_social_options":{"image_generator_settings":{"template":"highway","default_image_id":0,"font":"","enabled":false},"version":2}},"categories":[85,10,14],"tags":[],"class_list":["post-34189","post","type-post","status-publish","format-standard","has-post-thumbnail","hentry","category-histori","category-kultura","category-press-releases"],"jetpack_publicize_connections":[],"jetpack_featured_media_url":"https:\/\/i0.wp.com\/www.shqiperia.com\/blog\/wp-content\/uploads\/2020\/05\/828-Copy.jpg?fit=562%2C329&ssl=1","jetpack_sharing_enabled":true,"jetpack_shortlink":"https:\/\/wp.me\/p5Z6wp-8Tr","jetpack-related-posts":[{"id":52511,"url":"https:\/\/www.shqiperia.com\/blog\/kuriozitete-parashikimet-e-nostradamusit-per-vitin-2022-nga-bomba-berthamore-te-rritja-e-urise\/","url_meta":{"origin":34189,"position":0},"title":"Kuriozitete: Parashikimet e Nostradamusit p\u00ebr vitin 2022. &#8211; Nga bomba b\u00ebrthamore te rritja e uris\u00eb.","author":"Kurt Farka","date":"December 19, 2021","format":false,"excerpt":"Kuriozitete: Parashikimet e Nostradamusit p\u00ebr vitin 2022. - Nga bomba b\u00ebrthamore te rritja e uris\u00eb. 17 Dhjetor 2021 Nd\u00ebrsa ne mund t\u00eb mos jemi shum\u00eb t\u00eb sigurt p\u00ebr k\u00ebto parashikime, ato jan\u00eb padyshim t\u00eb frikshme. Nostradamus parashikoi edhe disa nga ngjarjet m\u00eb t\u00eb m\u00ebdha n\u00eb historin\u00eb bot\u00ebrore, t\u00eb tilla si\u2026","rel":"","context":"In &quot;Blogu i Udh\u00ebtarit&quot;","block_context":{"text":"Blogu i Udh\u00ebtarit","link":"https:\/\/www.shqiperia.com\/blog\/category\/blogu-i-udhetarit\/"},"img":{"alt_text":"","src":"https:\/\/i0.wp.com\/www.shqiperia.com\/blog\/wp-content\/uploads\/2021\/12\/parashikimet-e-Nostradamusit-per-vitin-2022.jpg?fit=832%2C450&ssl=1&resize=350%2C200","width":350,"height":200,"srcset":"https:\/\/i0.wp.com\/www.shqiperia.com\/blog\/wp-content\/uploads\/2021\/12\/parashikimet-e-Nostradamusit-per-vitin-2022.jpg?fit=832%2C450&ssl=1&resize=350%2C200 1x, https:\/\/i0.wp.com\/www.shqiperia.com\/blog\/wp-content\/uploads\/2021\/12\/parashikimet-e-Nostradamusit-per-vitin-2022.jpg?fit=832%2C450&ssl=1&resize=525%2C300 1.5x, https:\/\/i0.wp.com\/www.shqiperia.com\/blog\/wp-content\/uploads\/2021\/12\/parashikimet-e-Nostradamusit-per-vitin-2022.jpg?fit=832%2C450&ssl=1&resize=700%2C400 2x"},"classes":[]},{"id":64667,"url":"https:\/\/www.shqiperia.com\/blog\/si-kane-ndikuar-ngjarjet-e-rastesishme-ne-rrjedhen-e-historise-njerezore\/","url_meta":{"origin":34189,"position":1},"title":"Si kan\u00eb ndikuar ngjarjet e rast\u00ebsishme n\u00eb rrjedh\u00ebn e historis\u00eb njer\u00ebzore","author":"Kurt Farka","date":"November 23, 2022","format":false,"excerpt":"23 Nentor 2022 Nga Tim Brinkhof Diku rreth vitit 193 Para Er\u00ebs Son\u00eb, gjenerali i famsh\u00ebm romak, Shipion Afrini, udh\u00ebhoqi nj\u00eb delegacion nga Qyteti i P\u00ebrjetsh\u00ebm n\u00eb Sirin\u00eb e sotme p\u00ebr t\u2019i th\u00ebn\u00eb mbretit t\u00eb saj, Antiokut III, t\u00eb mos tentonte t\u00eb prekte territoret e Greqis\u00eb. P\u00ebr her\u00eb t\u00eb par\u00eb\u2026","rel":"","context":"In &quot;Blogu i Udh\u00ebtarit&quot;","block_context":{"text":"Blogu i Udh\u00ebtarit","link":"https:\/\/www.shqiperia.com\/blog\/category\/blogu-i-udhetarit\/"},"img":{"alt_text":"","src":"https:\/\/i0.wp.com\/www.shqiperia.com\/blog\/wp-content\/uploads\/2022\/11\/6BF806DE-09F6-4C15-ABF4-1D35A72602E5-727x450-1.jpeg?fit=727%2C450&ssl=1&resize=350%2C200","width":350,"height":200,"srcset":"https:\/\/i0.wp.com\/www.shqiperia.com\/blog\/wp-content\/uploads\/2022\/11\/6BF806DE-09F6-4C15-ABF4-1D35A72602E5-727x450-1.jpeg?fit=727%2C450&ssl=1&resize=350%2C200 1x, https:\/\/i0.wp.com\/www.shqiperia.com\/blog\/wp-content\/uploads\/2022\/11\/6BF806DE-09F6-4C15-ABF4-1D35A72602E5-727x450-1.jpeg?fit=727%2C450&ssl=1&resize=525%2C300 1.5x, https:\/\/i0.wp.com\/www.shqiperia.com\/blog\/wp-content\/uploads\/2022\/11\/6BF806DE-09F6-4C15-ABF4-1D35A72602E5-727x450-1.jpeg?fit=727%2C450&ssl=1&resize=700%2C400 2x"},"classes":[]},{"id":35441,"url":"https:\/\/www.shqiperia.com\/blog\/studimet-tregojne-se-njerezit-po-zhdukin-historine-50-miliarde-vjet-te-evolucionit\/","url_meta":{"origin":34189,"position":2},"title":"Studimet tregojn\u00eb se njer\u00ebzit po zhdukin historin\u00eb 50 miliard\u00eb vjet t\u00eb evolucionit","author":"Kurt Farka","date":"June 5, 2020","format":false,"excerpt":"Studimet tregojn\u00eb se njer\u00ebzit po zhdukin historin\u00eb 50 miliard\u00eb vjet t\u00eb evolucionit 3 qershor \u00a02020 Nj\u00eb studimi i ri ka zbuluar se gjurma e njer\u00ebzve dhe ndryshimet q\u00eb jan\u00eb b\u00ebr\u00eb po k\u00ebrc\u00ebnojn\u00eb disa nga speciet m\u00eb unike n\u00eb Tok\u00eb. Gjetjet e botuara n\u00eb revist\u00ebn\u201d Nature\u201d, treguan se disa nga speciet\u2026","rel":"","context":"In &quot;Blogu i Udh\u00ebtarit&quot;","block_context":{"text":"Blogu i Udh\u00ebtarit","link":"https:\/\/www.shqiperia.com\/blog\/category\/blogu-i-udhetarit\/"},"img":{"alt_text":"","src":"https:\/\/i0.wp.com\/www.shqiperia.com\/blog\/wp-content\/uploads\/2020\/06\/Koala_climbing_tree-696x684-1-905x450-1.jpg?fit=905%2C450&ssl=1&resize=350%2C200","width":350,"height":200,"srcset":"https:\/\/i0.wp.com\/www.shqiperia.com\/blog\/wp-content\/uploads\/2020\/06\/Koala_climbing_tree-696x684-1-905x450-1.jpg?fit=905%2C450&ssl=1&resize=350%2C200 1x, https:\/\/i0.wp.com\/www.shqiperia.com\/blog\/wp-content\/uploads\/2020\/06\/Koala_climbing_tree-696x684-1-905x450-1.jpg?fit=905%2C450&ssl=1&resize=525%2C300 1.5x, https:\/\/i0.wp.com\/www.shqiperia.com\/blog\/wp-content\/uploads\/2020\/06\/Koala_climbing_tree-696x684-1-905x450-1.jpg?fit=905%2C450&ssl=1&resize=700%2C400 2x"},"classes":[]},{"id":90571,"url":"https:\/\/www.shqiperia.com\/blog\/arkeologet-zbulojne-nje-pjese-fytyre-njerezore-te-fosilizuar-qe-daton-mbi-1-milion-vite-me-pare\/","url_meta":{"origin":34189,"position":3},"title":"Arkeolog\u00ebt zbulojn\u00eb nj\u00eb pjes\u00eb fytyre njer\u00ebzore t\u00eb fosilizuar q\u00eb daton mbi 1 milion vite m\u00eb par\u00eb","author":"Kurt Farka","date":"March 19, 2025","format":false,"excerpt":"19 Mars 2025 Pjesa e nj\u00eb fytyre t\u00eb fosilizuar nga nj\u00eb paraardh\u00ebs i njeriut \u00ebsht\u00eb m\u00eb e vjetra e gjetur n\u00eb Evrop\u00ebn Per\u00ebndimore, sipas arkeolog\u00ebve. Kafka jo e plot\u00eb, nj\u00eb pjes\u00eb e kock\u00ebs s\u00eb faqes s\u00eb majt\u00eb dhe nofull\u00ebs s\u00eb sip\u00ebrme, u gjet n\u00eb pjes\u00ebn veriore t\u00eb Spanj\u00ebs n\u00eb vitin\u2026","rel":"","context":"In &quot;Kultura&quot;","block_context":{"text":"Kultura","link":"https:\/\/www.shqiperia.com\/blog\/category\/kultura\/"},"img":{"alt_text":"","src":"https:\/\/i0.wp.com\/www.shqiperia.com\/blog\/wp-content\/uploads\/2025\/03\/image-227.png?fit=1023%2C575&ssl=1&resize=350%2C200","width":350,"height":200,"srcset":"https:\/\/i0.wp.com\/www.shqiperia.com\/blog\/wp-content\/uploads\/2025\/03\/image-227.png?fit=1023%2C575&ssl=1&resize=350%2C200 1x, https:\/\/i0.wp.com\/www.shqiperia.com\/blog\/wp-content\/uploads\/2025\/03\/image-227.png?fit=1023%2C575&ssl=1&resize=525%2C300 1.5x, https:\/\/i0.wp.com\/www.shqiperia.com\/blog\/wp-content\/uploads\/2025\/03\/image-227.png?fit=1023%2C575&ssl=1&resize=700%2C400 2x"},"classes":[]},{"id":58993,"url":"https:\/\/www.shqiperia.com\/blog\/alarmi-zbulohet-planin-i-tmerrshem-i-putinit-per-be-ne\/","url_meta":{"origin":34189,"position":4},"title":"Alarmi: &#8211; Zbulohet planin i tmerrsh\u00ebm i Putinit p\u00ebr BE-n\u00eb","author":"Kurt Farka","date":"June 13, 2022","format":false,"excerpt":"13 Qershor 2022 Profesor i historis\u00eb, Tmothy Sndyer, ka paralajm\u00ebruar se Presidenti i Rusis\u00eb, Vladimir Putin po harton nj\u00eb plan p\u00ebr t\u00eb shkaktuar zi buke n\u00eb pjes\u00ebn m\u00eb t\u00eb madhe t\u00eb bot\u00ebs. \u201cRusia ka nj\u00eb plan urie. N\u00eb faz\u00ebn tjet\u00ebr t\u00eb luft\u00ebs n\u00eb Evrop\u00eb, Vladimir Putin po p\u00ebrgatitet t\u00eb vdes\u00eb\u2026","rel":"","context":"In &quot;Blogu i Udh\u00ebtarit&quot;","block_context":{"text":"Blogu i Udh\u00ebtarit","link":"https:\/\/www.shqiperia.com\/blog\/category\/blogu-i-udhetarit\/"},"img":{"alt_text":"","src":"https:\/\/i0.wp.com\/www.shqiperia.com\/blog\/wp-content\/uploads\/2022\/06\/Vladimir-Putin.jpg?fit=640%2C360&ssl=1&resize=350%2C200","width":350,"height":200,"srcset":"https:\/\/i0.wp.com\/www.shqiperia.com\/blog\/wp-content\/uploads\/2022\/06\/Vladimir-Putin.jpg?fit=640%2C360&ssl=1&resize=350%2C200 1x, https:\/\/i0.wp.com\/www.shqiperia.com\/blog\/wp-content\/uploads\/2022\/06\/Vladimir-Putin.jpg?fit=640%2C360&ssl=1&resize=525%2C300 1.5x"},"classes":[]},{"id":61833,"url":"https:\/\/www.shqiperia.com\/blog\/foto-ufo-t-tmerrojne-qytetaret-disku-fluturues-shfaqet-ne-qiell-menjehere-pas-stuhise\/","url_meta":{"origin":34189,"position":5},"title":"FOTO\/ UFO-t tmerrojn\u00eb qytetar\u00ebt, disku fluturues shfaqet n\u00eb qiell menj\u00ebher\u00eb pas stuhis\u00eb","author":"Kurt Farka","date":"September 6, 2022","format":false,"excerpt":"6 Shtator 2022 Nj\u00eb foto tep\u00ebr e qart\u00eb dyshohet se tregon nj\u00eb UFO me nj\u00eb disk fluturues q\u00eb vler\u00ebsohet t\u00eb jet\u00eb me nj\u00eb diamet\u00ebr rreth 15 metra, i cili shfaqet pas nj\u00eb stuhie p\u00ebrpara se t\u00eb zhduket n\u00eb hap\u00ebsir\u00eb. Seria e imazheve q\u00eb tregojn\u00eb objektin e rrumbullak\u00ebt prej argjendi kan\u00eb\u2026","rel":"","context":"In &quot;Blogu i Udh\u00ebtarit&quot;","block_context":{"text":"Blogu i Udh\u00ebtarit","link":"https:\/\/www.shqiperia.com\/blog\/category\/blogu-i-udhetarit\/"},"img":{"alt_text":"","src":"https:\/\/i0.wp.com\/www.shqiperia.com\/blog\/wp-content\/uploads\/2022\/09\/640-0-6317584c29501.png?fit=640%2C339&ssl=1&resize=350%2C200","width":350,"height":200,"srcset":"https:\/\/i0.wp.com\/www.shqiperia.com\/blog\/wp-content\/uploads\/2022\/09\/640-0-6317584c29501.png?fit=640%2C339&ssl=1&resize=350%2C200 1x, https:\/\/i0.wp.com\/www.shqiperia.com\/blog\/wp-content\/uploads\/2022\/09\/640-0-6317584c29501.png?fit=640%2C339&ssl=1&resize=525%2C300 1.5x"},"classes":[]}],"_links":{"self":[{"href":"https:\/\/www.shqiperia.com\/blog\/wp-json\/wp\/v2\/posts\/34189","targetHints":{"allow":["GET"]}}],"collection":[{"href":"https:\/\/www.shqiperia.com\/blog\/wp-json\/wp\/v2\/posts"}],"about":[{"href":"https:\/\/www.shqiperia.com\/blog\/wp-json\/wp\/v2\/types\/post"}],"author":[{"embeddable":true,"href":"https:\/\/www.shqiperia.com\/blog\/wp-json\/wp\/v2\/users\/9"}],"replies":[{"embeddable":true,"href":"https:\/\/www.shqiperia.com\/blog\/wp-json\/wp\/v2\/comments?post=34189"}],"version-history":[{"count":1,"href":"https:\/\/www.shqiperia.com\/blog\/wp-json\/wp\/v2\/posts\/34189\/revisions"}],"predecessor-version":[{"id":34200,"href":"https:\/\/www.shqiperia.com\/blog\/wp-json\/wp\/v2\/posts\/34189\/revisions\/34200"}],"wp:featuredmedia":[{"embeddable":true,"href":"https:\/\/www.shqiperia.com\/blog\/wp-json\/wp\/v2\/media\/34190"}],"wp:attachment":[{"href":"https:\/\/www.shqiperia.com\/blog\/wp-json\/wp\/v2\/media?parent=34189"}],"wp:term":[{"taxonomy":"category","embeddable":true,"href":"https:\/\/www.shqiperia.com\/blog\/wp-json\/wp\/v2\/categories?post=34189"},{"taxonomy":"post_tag","embeddable":true,"href":"https:\/\/www.shqiperia.com\/blog\/wp-json\/wp\/v2\/tags?post=34189"}],"curies":[{"name":"wp","href":"https:\/\/api.w.org\/{rel}","templated":true}]}}