{"id":34182,"date":"2020-05-03T01:09:05","date_gmt":"2020-05-03T01:09:05","guid":{"rendered":"https:\/\/www.shqiperia.com\/blog\/?p=34182"},"modified":"2020-05-03T01:09:05","modified_gmt":"2020-05-03T01:09:05","slug":"termet-6-5-balle-ne-greqi-banoret-braktisin-banesat-te-frikesuar","status":"publish","type":"post","link":"https:\/\/www.shqiperia.com\/blog\/termet-6-5-balle-ne-greqi-banoret-braktisin-banesat-te-frikesuar\/","title":{"rendered":"T\u00ebrmet 6.5 ball\u00eb n\u00eb Greqi, banor\u00ebt braktisin banesat t\u00eb frik\u00ebsuar"},"content":{"rendered":"<p><img data-recalc-dims=\"1\" loading=\"lazy\" decoding=\"async\" data-attachment-id=\"34183\" data-permalink=\"https:\/\/www.shqiperia.com\/blog\/termet-6-5-balle-ne-greqi-banoret-braktisin-banesat-te-frikesuar\/owpswjeo-1\/\" data-orig-file=\"https:\/\/i0.wp.com\/www.shqiperia.com\/blog\/wp-content\/uploads\/2020\/05\/OwpsWJEO-1.jpg?fit=1200%2C628&amp;ssl=1\" data-orig-size=\"1200,628\" data-comments-opened=\"1\" data-image-meta=\"{&quot;aperture&quot;:&quot;0&quot;,&quot;credit&quot;:&quot;&quot;,&quot;camera&quot;:&quot;&quot;,&quot;caption&quot;:&quot;&quot;,&quot;created_timestamp&quot;:&quot;0&quot;,&quot;copyright&quot;:&quot;&quot;,&quot;focal_length&quot;:&quot;0&quot;,&quot;iso&quot;:&quot;0&quot;,&quot;shutter_speed&quot;:&quot;0&quot;,&quot;title&quot;:&quot;&quot;,&quot;orientation&quot;:&quot;0&quot;}\" data-image-title=\"OwpsWJEO (1)\" data-image-description=\"\" data-image-caption=\"\" data-medium-file=\"https:\/\/i0.wp.com\/www.shqiperia.com\/blog\/wp-content\/uploads\/2020\/05\/OwpsWJEO-1.jpg?fit=300%2C157&amp;ssl=1\" data-large-file=\"https:\/\/i0.wp.com\/www.shqiperia.com\/blog\/wp-content\/uploads\/2020\/05\/OwpsWJEO-1.jpg?fit=1024%2C536&amp;ssl=1\" class=\"alignnone  wp-image-34183\" alt=\"\" src=\"https:\/\/i0.wp.com\/www.shqiperia.com\/blog\/wp-content\/uploads\/2020\/05\/OwpsWJEO-1.jpg?resize=459%2C240&#038;ssl=1\" width=\"459\" height=\"240\" srcset=\"https:\/\/i0.wp.com\/www.shqiperia.com\/blog\/wp-content\/uploads\/2020\/05\/OwpsWJEO-1.jpg?resize=300%2C157&amp;ssl=1 300w, https:\/\/i0.wp.com\/www.shqiperia.com\/blog\/wp-content\/uploads\/2020\/05\/OwpsWJEO-1.jpg?resize=1024%2C536&amp;ssl=1 1024w, https:\/\/i0.wp.com\/www.shqiperia.com\/blog\/wp-content\/uploads\/2020\/05\/OwpsWJEO-1.jpg?resize=768%2C402&amp;ssl=1 768w, https:\/\/i0.wp.com\/www.shqiperia.com\/blog\/wp-content\/uploads\/2020\/05\/OwpsWJEO-1.jpg?resize=450%2C236&amp;ssl=1 450w, https:\/\/i0.wp.com\/www.shqiperia.com\/blog\/wp-content\/uploads\/2020\/05\/OwpsWJEO-1.jpg?resize=600%2C314&amp;ssl=1 600w, https:\/\/i0.wp.com\/www.shqiperia.com\/blog\/wp-content\/uploads\/2020\/05\/OwpsWJEO-1.jpg?resize=400%2C209&amp;ssl=1 400w, https:\/\/i0.wp.com\/www.shqiperia.com\/blog\/wp-content\/uploads\/2020\/05\/OwpsWJEO-1.jpg?w=1200&amp;ssl=1 1200w\" sizes=\"auto, (max-width: 459px) 100vw, 459px\" \/><\/p>\n<p><strong>T\u00ebrmet 6.5 ball\u00eb n\u00eb Greqi, banor\u00ebt braktisin banesat t\u00eb frik\u00ebsuar<\/strong><\/p>\n<p>&#8211; 02\/05\/20<\/p>\n<p>Nj\u00eb t\u00ebrmet i fuqish\u00ebm ka r\u00ebn\u00eb pak sot n\u00eb Greqi. Q\u00ebndra Europiane e T\u00ebrmeteve raporton se l\u00ebkundjet jan\u00eb ndjer\u00eb n\u00eb Kret\u00eb t\u00eb Greqis\u00eb.<\/p>\n<p>T\u00ebrmeti ka patur magnitud\u00eb 6.5 ball\u00eb dhe ka zgjatur disa sekonda.<\/p>\n<p><img data-recalc-dims=\"1\" loading=\"lazy\" decoding=\"async\" data-attachment-id=\"34184\" data-permalink=\"https:\/\/www.shqiperia.com\/blog\/termet-6-5-balle-ne-greqi-banoret-braktisin-banesat-te-frikesuar\/greqi-termet\/\" data-orig-file=\"https:\/\/i0.wp.com\/www.shqiperia.com\/blog\/wp-content\/uploads\/2020\/05\/Greqi-termet.png?fit=768%2C427&amp;ssl=1\" data-orig-size=\"768,427\" data-comments-opened=\"1\" data-image-meta=\"{&quot;aperture&quot;:&quot;0&quot;,&quot;credit&quot;:&quot;&quot;,&quot;camera&quot;:&quot;&quot;,&quot;caption&quot;:&quot;&quot;,&quot;created_timestamp&quot;:&quot;0&quot;,&quot;copyright&quot;:&quot;&quot;,&quot;focal_length&quot;:&quot;0&quot;,&quot;iso&quot;:&quot;0&quot;,&quot;shutter_speed&quot;:&quot;0&quot;,&quot;title&quot;:&quot;&quot;,&quot;orientation&quot;:&quot;0&quot;}\" data-image-title=\"Greqi-termet\" data-image-description=\"\" data-image-caption=\"\" data-medium-file=\"https:\/\/i0.wp.com\/www.shqiperia.com\/blog\/wp-content\/uploads\/2020\/05\/Greqi-termet.png?fit=300%2C167&amp;ssl=1\" data-large-file=\"https:\/\/i0.wp.com\/www.shqiperia.com\/blog\/wp-content\/uploads\/2020\/05\/Greqi-termet.png?fit=768%2C427&amp;ssl=1\" class=\"alignnone  wp-image-34184\" alt=\"\" src=\"https:\/\/i0.wp.com\/www.shqiperia.com\/blog\/wp-content\/uploads\/2020\/05\/Greqi-termet.png?resize=589%2C328&#038;ssl=1\" width=\"589\" height=\"328\" srcset=\"https:\/\/i0.wp.com\/www.shqiperia.com\/blog\/wp-content\/uploads\/2020\/05\/Greqi-termet.png?resize=300%2C167&amp;ssl=1 300w, https:\/\/i0.wp.com\/www.shqiperia.com\/blog\/wp-content\/uploads\/2020\/05\/Greqi-termet.png?resize=450%2C250&amp;ssl=1 450w, https:\/\/i0.wp.com\/www.shqiperia.com\/blog\/wp-content\/uploads\/2020\/05\/Greqi-termet.png?resize=600%2C334&amp;ssl=1 600w, https:\/\/i0.wp.com\/www.shqiperia.com\/blog\/wp-content\/uploads\/2020\/05\/Greqi-termet.png?resize=400%2C222&amp;ssl=1 400w, https:\/\/i0.wp.com\/www.shqiperia.com\/blog\/wp-content\/uploads\/2020\/05\/Greqi-termet.png?w=768&amp;ssl=1 768w\" sizes=\"auto, (max-width: 589px) 100vw, 589px\" \/><\/p>\n<p>L\u00ebkundjet kan\u00eb qen\u00eb t\u00eb fuqishme. Mediat greke shkrujn\u00eb se ka d\u00ebme, nd\u00ebrkoh\u00eb q\u00eb shum\u00eb banor\u00eb t\u00eb zon\u00ebs kan\u00eb dal\u00eb nga banesat.<\/p>\n<p>Gazeta Mapo<\/p>\n","protected":false},"excerpt":{"rendered":"<p>T\u00ebrmet 6.5 ball\u00eb n\u00eb Greqi, banor\u00ebt braktisin banesat t\u00eb frik\u00ebsuar &#8211; 02\/05\/20 Nj\u00eb t\u00ebrmet i fuqish\u00ebm ka r\u00ebn\u00eb pak sot n\u00eb Greqi. Q\u00ebndra Europiane e T\u00ebrmeteve raporton se l\u00ebkundjet jan\u00eb ndjer\u00eb n\u00eb Kret\u00eb t\u00eb Greqis\u00eb. T\u00ebrmeti ka patur magnitud\u00eb 6.5 ball\u00eb dhe ka zgjatur disa sekonda. L\u00ebkundjet kan\u00eb qen\u00eb t\u00eb fuqishme. Mediat greke shkrujn\u00eb se [&hellip;]<\/p>\n","protected":false},"author":9,"featured_media":34183,"comment_status":"open","ping_status":"open","sticky":false,"template":"","format":"standard","meta":{"jetpack_post_was_ever_published":false,"_jetpack_newsletter_access":"","_jetpack_dont_email_post_to_subs":false,"_jetpack_newsletter_tier_id":0,"_jetpack_memberships_contains_paywalled_content":false,"_jetpack_memberships_contains_paid_content":false,"footnotes":"","jetpack_publicize_message":"","jetpack_publicize_feature_enabled":true,"jetpack_social_post_already_shared":true,"jetpack_social_options":{"image_generator_settings":{"template":"highway","default_image_id":0,"font":"","enabled":false},"version":2}},"categories":[27,1],"tags":[],"class_list":["post-34182","post","type-post","status-publish","format-standard","has-post-thumbnail","hentry","category-blogu-i-udhetarit","category-njoftime-shtypi"],"jetpack_publicize_connections":[],"jetpack_featured_media_url":"https:\/\/i0.wp.com\/www.shqiperia.com\/blog\/wp-content\/uploads\/2020\/05\/OwpsWJEO-1.jpg?fit=1200%2C628&ssl=1","jetpack_sharing_enabled":true,"jetpack_shortlink":"https:\/\/wp.me\/p5Z6wp-8Tk","jetpack-related-posts":[{"id":63067,"url":"https:\/\/www.shqiperia.com\/blog\/termet-ne-greqi-me-magnitude-1-3-balle-i-parapriu-pasgoditjes-me-magnitude-5-balle\/","url_meta":{"origin":34182,"position":0},"title":"Termet ne Greqi: &#8211; Me magnitud\u00eb 1.3 ball\u00eb i parapriu\u00a0 pasgoditjes me magnitud\u00eb 5 balle","author":"Kurt Farka","date":"October 9, 2022","format":false,"excerpt":"9 Tetor 2022 Nj\u00eb t\u00ebrmet me magnitud\u00eb 5 ball\u00eb i shkall\u00ebs Rihter ka ndodhur n\u00eb or\u00ebn 01:02 me epiqend\u00ebr 26.1 km n\u00eb juglindje t\u00eb Amfis\u00ebs me nj\u00eb thell\u00ebsi 10 km, sipas Institutit Gjeodinamik t\u00eb Greqis\u00eb. T\u00ebrmeti \u00ebsht\u00eb ndjer\u00eb ve\u00e7an\u00ebrisht n\u00eb Atik\u00eb. Nj\u00eb paragoditje me magnitud\u00eb 1.3 ball\u00eb i parapriu goditjes\u2026","rel":"","context":"In &quot;Blogu i Udh\u00ebtarit&quot;","block_context":{"text":"Blogu i Udh\u00ebtarit","link":"https:\/\/www.shqiperia.com\/blog\/category\/blogu-i-udhetarit\/"},"img":{"alt_text":"","src":"https:\/\/i0.wp.com\/www.shqiperia.com\/blog\/wp-content\/uploads\/2022\/10\/Termet-ne-Greqi.jpg?fit=640%2C340&ssl=1&resize=350%2C200","width":350,"height":200,"srcset":"https:\/\/i0.wp.com\/www.shqiperia.com\/blog\/wp-content\/uploads\/2022\/10\/Termet-ne-Greqi.jpg?fit=640%2C340&ssl=1&resize=350%2C200 1x, https:\/\/i0.wp.com\/www.shqiperia.com\/blog\/wp-content\/uploads\/2022\/10\/Termet-ne-Greqi.jpg?fit=640%2C340&ssl=1&resize=525%2C300 1.5x"},"classes":[]},{"id":34528,"url":"https:\/\/www.shqiperia.com\/blog\/termet-ne-rome-banoret-dalin-nga-banesat-dhe-qendrojne-ne-rruge\/","url_meta":{"origin":34182,"position":1},"title":"T\u00ebrmet n\u00eb Rom\u00eb, banor\u00ebt dalin nga banesat dhe q\u00ebndrojn\u00eb n\u00eb rrug\u00eb","author":"Kurt Farka","date":"May 11, 2020","format":false,"excerpt":"T\u00ebrmet n\u00eb Rom\u00eb, banor\u00ebt dalin nga banesat dhe q\u00ebndrojn\u00eb n\u00eb rrug\u00eb 11 Maj 2020 Nj\u00eb t\u00ebrmet me magintud\u00eb 3.3 t\u00eb shkall\u00ebs rihter \u00ebsht\u00eb regjistruar m\u00ebngjesin e sot\u00ebm n\u00eb Itali. L\u00ebkundjet u ndjen\u00eb n\u00eb or\u00ebn 05:03 t\u00eb m\u00ebngjesit. M\u00ebsohet se epiqendra ka qen\u00eb n\u00eb zon\u00ebn verilindore t\u00eb Rom\u00ebs. Mediat italiane raportojn\u00eb\u2026","rel":"","context":"In &quot;Blogu i Udh\u00ebtarit&quot;","block_context":{"text":"Blogu i Udh\u00ebtarit","link":"https:\/\/www.shqiperia.com\/blog\/category\/blogu-i-udhetarit\/"},"img":{"alt_text":"","src":"https:\/\/i0.wp.com\/www.shqiperia.com\/blog\/wp-content\/uploads\/2020\/05\/LBH-Roma-Luxus-Hotel-foro-romano-1120560-unsplash.jpg?fit=1200%2C675&ssl=1&resize=350%2C200","width":350,"height":200,"srcset":"https:\/\/i0.wp.com\/www.shqiperia.com\/blog\/wp-content\/uploads\/2020\/05\/LBH-Roma-Luxus-Hotel-foro-romano-1120560-unsplash.jpg?fit=1200%2C675&ssl=1&resize=350%2C200 1x, https:\/\/i0.wp.com\/www.shqiperia.com\/blog\/wp-content\/uploads\/2020\/05\/LBH-Roma-Luxus-Hotel-foro-romano-1120560-unsplash.jpg?fit=1200%2C675&ssl=1&resize=525%2C300 1.5x, https:\/\/i0.wp.com\/www.shqiperia.com\/blog\/wp-content\/uploads\/2020\/05\/LBH-Roma-Luxus-Hotel-foro-romano-1120560-unsplash.jpg?fit=1200%2C675&ssl=1&resize=700%2C400 2x, https:\/\/i0.wp.com\/www.shqiperia.com\/blog\/wp-content\/uploads\/2020\/05\/LBH-Roma-Luxus-Hotel-foro-romano-1120560-unsplash.jpg?fit=1200%2C675&ssl=1&resize=1050%2C600 3x"},"classes":[]},{"id":64955,"url":"https:\/\/www.shqiperia.com\/blog\/tjeter-termet-sot-ne-greqi-largohen-banoret-nga-banesat\/","url_meta":{"origin":34182,"position":2},"title":"Tjet\u00ebr t\u00ebrmet sot ne Greqi. &#8211; Largohen banoret nga banesat","author":"Kurt Farka","date":"November 29, 2022","format":false,"excerpt":"29 Nentor 2022 T\u00ebrmet: pak minuta m\u00eb par\u00eb n\u00eb Greqi Lajmin e b\u00ebjn\u00eb t\u00eb ditur mediat greke, sipas t\u00eb cilave l\u00ebkundja zgjati shum\u00eb n\u00eb koh\u00eb dhe kishte nj\u00eb forc\u00eb 4.9 Rihter. Sipas zgjidhjes automatike t\u00eb Institutit Gjeodinamik t\u00eb Observatorit t\u00eb Athin\u00ebs, t\u00ebrmeti ndodhi n\u00eb or\u00ebn 22:06 me or\u00ebn lokale, n\u00eb\u2026","rel":"","context":"In &quot;Kultura&quot;","block_context":{"text":"Kultura","link":"https:\/\/www.shqiperia.com\/blog\/category\/kultura\/"},"img":{"alt_text":"","src":"https:\/\/i0.wp.com\/www.shqiperia.com\/blog\/wp-content\/uploads\/2022\/11\/termet-3-768x432-e1582513195737.jpg?fit=650%2C366&ssl=1&resize=350%2C200","width":350,"height":200,"srcset":"https:\/\/i0.wp.com\/www.shqiperia.com\/blog\/wp-content\/uploads\/2022\/11\/termet-3-768x432-e1582513195737.jpg?fit=650%2C366&ssl=1&resize=350%2C200 1x, https:\/\/i0.wp.com\/www.shqiperia.com\/blog\/wp-content\/uploads\/2022\/11\/termet-3-768x432-e1582513195737.jpg?fit=650%2C366&ssl=1&resize=525%2C300 1.5x"},"classes":[]},{"id":42333,"url":"https:\/\/www.shqiperia.com\/blog\/termet-i-lehte-godet-durresin\/","url_meta":{"origin":34182,"position":3},"title":"T\u00ebrmet i lehte godet Durr\u00ebsin","author":"Kurt Farka","date":"December 26, 2020","format":false,"excerpt":"T\u00ebrmet i lehte godet Durr\u00ebsin 26 dhjetor 2020 Nj\u00eb t\u00ebrmet i fuqish\u00ebm \u00ebsht\u00eb regjistruar sot n\u00eb Shqip\u00ebri, me epiqend\u00ebr fshatin Shkafane t\u00eb qarkut Durr\u00ebs. Epiqendra ishte ne Hamallaj. T\u00ebrmeti \u00ebsht\u00eb ndjer\u00eb n\u00eb Durr\u00ebs, ne zonen e Shijakut, ne Tirane etj. Thell\u00ebsia e l\u00ebkundjes ka qen\u00eb 5 kilometra nga sip\u00ebrfaqja e\u2026","rel":"","context":"In &quot;Blogu i Udh\u00ebtarit&quot;","block_context":{"text":"Blogu i Udh\u00ebtarit","link":"https:\/\/www.shqiperia.com\/blog\/category\/blogu-i-udhetarit\/"},"img":{"alt_text":"","src":"https:\/\/i0.wp.com\/www.shqiperia.com\/blog\/wp-content\/uploads\/2020\/12\/termeti-750x430-2.jpg?fit=518%2C264&ssl=1&resize=350%2C200","width":350,"height":200},"classes":[]},{"id":77054,"url":"https:\/\/www.shqiperia.com\/blog\/termet-i-forte-ne-greqi-lekundjet-ndihen-edhe-ne-shqiperi\/","url_meta":{"origin":34182,"position":4},"title":"T\u00ebrmet i fort\u00eb n\u00eb Greqi, l\u00ebkundjet ndihen edhe n\u00eb Shqip\u00ebri","author":"Kurt Farka","date":"January 6, 2024","format":false,"excerpt":"6 Janar 2024 Nj\u00eb t\u00ebrmet me magnitud\u00eb 4.3 ball\u00eb t\u00eb shkall\u00ebs Rihter tronditi \u00c7am\u00ebrine (Thesprotin\u00eb) t\u00eb premten n\u00eb mbr\u00ebmje rreth or\u00ebs 23:52, 5\/1 me or\u00ebn greke. Epiqendra e t\u00ebrmetit ishte 5 kilometra n\u00eb veri t\u00eb Leptokarias dhe thell\u00ebsia fokale u vler\u00ebsua n\u00eb 42 kilometra, sipas Institutit Gjeodinamik. L\u00ebkundjet jan\u00eb ndjer\u00eb\u2026","rel":"","context":"In &quot;Blogu i Udh\u00ebtarit&quot;","block_context":{"text":"Blogu i Udh\u00ebtarit","link":"https:\/\/www.shqiperia.com\/blog\/category\/blogu-i-udhetarit\/"},"img":{"alt_text":"","src":"https:\/\/i0.wp.com\/www.shqiperia.com\/blog\/wp-content\/uploads\/2024\/01\/640-0-termpng-1704522507.png?fit=640%2C366&ssl=1&resize=350%2C200","width":350,"height":200,"srcset":"https:\/\/i0.wp.com\/www.shqiperia.com\/blog\/wp-content\/uploads\/2024\/01\/640-0-termpng-1704522507.png?fit=640%2C366&ssl=1&resize=350%2C200 1x, https:\/\/i0.wp.com\/www.shqiperia.com\/blog\/wp-content\/uploads\/2024\/01\/640-0-termpng-1704522507.png?fit=640%2C366&ssl=1&resize=525%2C300 1.5x"},"classes":[]},{"id":64885,"url":"https:\/\/www.shqiperia.com\/blog\/termet-ne-greqi\/","url_meta":{"origin":34182,"position":5},"title":"T\u00ebrmet ne Greqi","author":"Kurt Farka","date":"November 29, 2022","format":false,"excerpt":"29 Nentor 2022 Nj\u00eb t\u00ebrmet me magnitud\u00eb 4.8 ball\u00eb t\u00eb shkall\u00ebs Rihter ka ndodhur n\u00eb or\u00ebn 06:32 t\u00eb m\u00ebngjesit t\u00eb k\u00ebsaj t\u00eb marte n\u00eb Evia, t\u00eb Greqis\u00eb. Sipas Institutit Gjeodinamik, t\u00ebrmeti \u00ebsht\u00eb lokalizuar 9 km n\u00eb juglindje t\u00eb Zaraki-t n\u00eb Evia, nd\u00ebrsa thell\u00ebsia fokale e tij llogaritet n\u00eb 13.3 km.\u2026","rel":"","context":"In &quot;Blogu i Udh\u00ebtarit&quot;","block_context":{"text":"Blogu i Udh\u00ebtarit","link":"https:\/\/www.shqiperia.com\/blog\/category\/blogu-i-udhetarit\/"},"img":{"alt_text":"","src":"https:\/\/i0.wp.com\/www.shqiperia.com\/blog\/wp-content\/uploads\/2022\/11\/termet2-433x300-1.jpg?fit=433%2C300&ssl=1&resize=350%2C200","width":350,"height":200},"classes":[]}],"_links":{"self":[{"href":"https:\/\/www.shqiperia.com\/blog\/wp-json\/wp\/v2\/posts\/34182","targetHints":{"allow":["GET"]}}],"collection":[{"href":"https:\/\/www.shqiperia.com\/blog\/wp-json\/wp\/v2\/posts"}],"about":[{"href":"https:\/\/www.shqiperia.com\/blog\/wp-json\/wp\/v2\/types\/post"}],"author":[{"embeddable":true,"href":"https:\/\/www.shqiperia.com\/blog\/wp-json\/wp\/v2\/users\/9"}],"replies":[{"embeddable":true,"href":"https:\/\/www.shqiperia.com\/blog\/wp-json\/wp\/v2\/comments?post=34182"}],"version-history":[{"count":1,"href":"https:\/\/www.shqiperia.com\/blog\/wp-json\/wp\/v2\/posts\/34182\/revisions"}],"predecessor-version":[{"id":34185,"href":"https:\/\/www.shqiperia.com\/blog\/wp-json\/wp\/v2\/posts\/34182\/revisions\/34185"}],"wp:featuredmedia":[{"embeddable":true,"href":"https:\/\/www.shqiperia.com\/blog\/wp-json\/wp\/v2\/media\/34183"}],"wp:attachment":[{"href":"https:\/\/www.shqiperia.com\/blog\/wp-json\/wp\/v2\/media?parent=34182"}],"wp:term":[{"taxonomy":"category","embeddable":true,"href":"https:\/\/www.shqiperia.com\/blog\/wp-json\/wp\/v2\/categories?post=34182"},{"taxonomy":"post_tag","embeddable":true,"href":"https:\/\/www.shqiperia.com\/blog\/wp-json\/wp\/v2\/tags?post=34182"}],"curies":[{"name":"wp","href":"https:\/\/api.w.org\/{rel}","templated":true}]}}