{"id":34179,"date":"2020-05-03T00:49:51","date_gmt":"2020-05-03T00:49:51","guid":{"rendered":"https:\/\/www.shqiperia.com\/blog\/?p=34179"},"modified":"2020-05-03T00:49:51","modified_gmt":"2020-05-03T00:49:51","slug":"europa-do-te-pushtohet-nga-i-nxehti-duke-filluar-nga-e-hena-mesoni-sa-do-shkojne-temperaturat-ne-shqiperi","status":"publish","type":"post","link":"https:\/\/www.shqiperia.com\/blog\/europa-do-te-pushtohet-nga-i-nxehti-duke-filluar-nga-e-hena-mesoni-sa-do-shkojne-temperaturat-ne-shqiperi\/","title":{"rendered":"Europa do t\u00eb pushtohet nga i nxehti duke filluar nga e h\u00ebna, m\u00ebsoni sa do shkojn\u00eb temperaturat n\u00eb Shqip\u00ebri"},"content":{"rendered":"<p><img data-recalc-dims=\"1\" loading=\"lazy\" decoding=\"async\" data-attachment-id=\"34180\" data-permalink=\"https:\/\/www.shqiperia.com\/blog\/europa-do-te-pushtohet-nga-i-nxehti-duke-filluar-nga-e-hena-mesoni-sa-do-shkojne-temperaturat-ne-shqiperi\/640-0-5eadb62d7bd84\/\" data-orig-file=\"https:\/\/i0.wp.com\/www.shqiperia.com\/blog\/wp-content\/uploads\/2020\/05\/640-0-5eadb62d7bd84.jpg?fit=640%2C427&amp;ssl=1\" data-orig-size=\"640,427\" data-comments-opened=\"1\" data-image-meta=\"{&quot;aperture&quot;:&quot;0&quot;,&quot;credit&quot;:&quot;&quot;,&quot;camera&quot;:&quot;&quot;,&quot;caption&quot;:&quot;&quot;,&quot;created_timestamp&quot;:&quot;0&quot;,&quot;copyright&quot;:&quot;&quot;,&quot;focal_length&quot;:&quot;0&quot;,&quot;iso&quot;:&quot;0&quot;,&quot;shutter_speed&quot;:&quot;0&quot;,&quot;title&quot;:&quot;&quot;,&quot;orientation&quot;:&quot;0&quot;}\" data-image-title=\"-640-0-5eadb62d7bd84\" data-image-description=\"\" data-image-caption=\"\" data-medium-file=\"https:\/\/i0.wp.com\/www.shqiperia.com\/blog\/wp-content\/uploads\/2020\/05\/640-0-5eadb62d7bd84.jpg?fit=300%2C200&amp;ssl=1\" data-large-file=\"https:\/\/i0.wp.com\/www.shqiperia.com\/blog\/wp-content\/uploads\/2020\/05\/640-0-5eadb62d7bd84.jpg?fit=640%2C427&amp;ssl=1\" class=\"alignnone  wp-image-34180\" alt=\"\" src=\"https:\/\/i0.wp.com\/www.shqiperia.com\/blog\/wp-content\/uploads\/2020\/05\/640-0-5eadb62d7bd84.jpg?resize=623%2C415&#038;ssl=1\" width=\"623\" height=\"415\" srcset=\"https:\/\/i0.wp.com\/www.shqiperia.com\/blog\/wp-content\/uploads\/2020\/05\/640-0-5eadb62d7bd84.jpg?resize=300%2C200&amp;ssl=1 300w, https:\/\/i0.wp.com\/www.shqiperia.com\/blog\/wp-content\/uploads\/2020\/05\/640-0-5eadb62d7bd84.jpg?resize=600%2C400&amp;ssl=1 600w, https:\/\/i0.wp.com\/www.shqiperia.com\/blog\/wp-content\/uploads\/2020\/05\/640-0-5eadb62d7bd84.jpg?resize=450%2C300&amp;ssl=1 450w, https:\/\/i0.wp.com\/www.shqiperia.com\/blog\/wp-content\/uploads\/2020\/05\/640-0-5eadb62d7bd84.jpg?resize=400%2C267&amp;ssl=1 400w, https:\/\/i0.wp.com\/www.shqiperia.com\/blog\/wp-content\/uploads\/2020\/05\/640-0-5eadb62d7bd84.jpg?w=640&amp;ssl=1 640w\" sizes=\"auto, (max-width: 623px) 100vw, 623px\" \/><\/p>\n<p>Europa do t\u00eb pushtohet nga i nxehti duke filluar nga e h\u00ebna, m\u00ebsoni sa do shkojn\u00eb temperaturat n\u00eb Shqip\u00ebri<\/p>\n<p>2 MAJ 2020<\/p>\n<p>Europa do t\u00eb pushtohet nga temperatura shum\u00eb t\u00eb nxehta, q\u00eb do t\u00eb rriten me m\u00eb shum\u00eb se 10 grad\u00eb celsius mbi mesataren, gjat\u00eb majit.<\/p>\n<p>Spanja dhe nj\u00eb pjes\u00eb e Italis\u00eb n\u00eb ve\u00e7anti, do t\u00eb p\u00ebrballen me nj\u00eb val\u00eb nxeht\u00ebsie gjat\u00eb dit\u00ebve t\u00eb ardhshme. Temperaturat parashikohet t\u00eb arrijn\u00eb n\u00eb 36 grad\u00eb celsius gjat\u00eb dit\u00ebve t\u00eb ardhshme n\u00eb Spanj\u00eb.<\/p>\n<p>Eksperti spanjoll i motit, C\u00e9sar Ballesteros, ka postuar nj\u00eb hart\u00eb n\u00eb t\u00eb cil\u00ebn shfaqet nxeht\u00ebsia q\u00eb do t\u00eb p\u00ebrshkoj\u00eb vendin: \u201cTemperatura maksimale n\u00eb disa zona parashikohet t\u00eb jen\u00eb 30\u00baC, nga e h\u00ebna 4 maj deri m\u00eb 6 maj\u201d.<\/p>\n<p>Franca gjithashtu do t\u00eb p\u00ebrfshihet nga temperaturat e larta, nd\u00ebrsa pritet t\u00eb shkojn\u00eb nga java e ardhshme n\u00eb 24\u00baC.<\/p>\n<p>N\u00eb Veriun e Italis\u00eb gjithashtu do t\u00eb ket\u00eb temperatura shum\u00eb t\u00eb larta, ku n\u00eb Genova mund t\u00eb arrijn\u00eb 22\u00baC, n\u00eb Rom\u00eb 26\u00baC, n\u00eb Si\u00e7ili 27\u00baC gjat\u00eb gjith\u00eb jav\u00ebs.<\/p>\n<p>Kjo do t\u00eb thot\u00eb q\u00eb i nxehti do t\u00eb pushtoj\u00eb edhe vendin ton\u00eb, ku t\u00eb h\u00ebn\u00ebn temperatura maksimale parashikohet 25\u00baC, nd\u00ebrsa t\u00eb mart\u00ebn 26\u00baC.<\/p>\n<p>Po ashtu edhe n\u00eb Britani temperaturat do t\u00eb shkojn\u00eb deri n\u00eb 22\u00baC n\u00eb fund t\u00eb jav\u00ebs tjet\u00ebr.<\/p>\n<p>Gazeta Sot<\/p>\n","protected":false},"excerpt":{"rendered":"<p>Europa do t\u00eb pushtohet nga i nxehti duke filluar nga e h\u00ebna, m\u00ebsoni sa do shkojn\u00eb temperaturat n\u00eb Shqip\u00ebri 2 MAJ 2020 Europa do t\u00eb pushtohet nga temperatura shum\u00eb t\u00eb nxehta, q\u00eb do t\u00eb rriten me m\u00eb shum\u00eb se 10 grad\u00eb celsius mbi mesataren, gjat\u00eb majit. Spanja dhe nj\u00eb pjes\u00eb e Italis\u00eb n\u00eb ve\u00e7anti, do [&hellip;]<\/p>\n","protected":false},"author":9,"featured_media":34180,"comment_status":"open","ping_status":"open","sticky":false,"template":"","format":"standard","meta":{"jetpack_post_was_ever_published":false,"_jetpack_newsletter_access":"","_jetpack_dont_email_post_to_subs":false,"_jetpack_newsletter_tier_id":0,"_jetpack_memberships_contains_paywalled_content":false,"_jetpack_memberships_contains_paid_content":false,"footnotes":"","jetpack_publicize_message":"","jetpack_publicize_feature_enabled":true,"jetpack_social_post_already_shared":true,"jetpack_social_options":{"image_generator_settings":{"template":"highway","default_image_id":0,"font":"","enabled":false},"version":2}},"categories":[1,35],"tags":[],"class_list":["post-34179","post","type-post","status-publish","format-standard","has-post-thumbnail","hentry","category-njoftime-shtypi","category-shoqerore"],"jetpack_publicize_connections":[],"jetpack_featured_media_url":"https:\/\/i0.wp.com\/www.shqiperia.com\/blog\/wp-content\/uploads\/2020\/05\/640-0-5eadb62d7bd84.jpg?fit=640%2C427&ssl=1","jetpack_sharing_enabled":true,"jetpack_shortlink":"https:\/\/wp.me\/p5Z6wp-8Th","jetpack-related-posts":[{"id":73724,"url":"https:\/\/www.shqiperia.com\/blog\/ja-cfare-do-ndodhe-me-motin-duke-nisur-nga-e-premtja\/","url_meta":{"origin":34179,"position":0},"title":"Ja \u00e7far\u00eb do ndodh\u00eb me motin duke nisur nga e premtja","author":"Kurt Farka","date":"August 21, 2023","format":false,"excerpt":"21 Gusht 2023 Sinoptikan\u00ebt parashikojn\u00eb q\u00eb nj\u00eb val\u00eb e re e t\u00eb nxehtit ka p\u00ebrfshir\u00eb Shqip\u00ebrin\u00eb dhe temperaturat pritet t\u00eb shkojn\u00eb mbi 40 grad\u00eb Celsius. Por meteorologia Lajda Porja, tha se vala e t\u00eb nxehtit do t\u00eb zgjas\u00eb vet\u00ebm p\u00ebr pak dit\u00eb, madje nga dita e premte pritet q\u00eb t\u00eb\u2026","rel":"","context":"In &quot;Blogu i Udh\u00ebtarit&quot;","block_context":{"text":"Blogu i Udh\u00ebtarit","link":"https:\/\/www.shqiperia.com\/blog\/category\/blogu-i-udhetarit\/"},"img":{"alt_text":"","src":"https:\/\/i0.wp.com\/www.shqiperia.com\/blog\/wp-content\/uploads\/2023\/08\/snow-radar-map-live-update-1248108-1.jpg?fit=502%2C344&ssl=1&resize=350%2C200","width":350,"height":200},"classes":[]},{"id":58559,"url":"https:\/\/www.shqiperia.com\/blog\/i-nxehti-afrikan-godet-vendin-tone-mesoni-sa-grade-pritet-te-shkojne-sot-temperaturat-dhe-surprizat-qe-ka-rezervuar-moti\/","url_meta":{"origin":34179,"position":1},"title":"I nxehti afrikan godet vendin ton\u00eb, m\u00ebsoni sa grad\u00eb pritet t\u00eb shkojn\u00eb sot temperaturat dhe surprizat q\u00eb ka rezervuar moti","author":"Kurt Farka","date":"June 4, 2022","format":false,"excerpt":"4 Qershor 2022 Sipas MeteoAlb, dep\u00ebrtimi i masave ajrore me origjin\u00eb Afrikane do t\u00eb diktoj\u00eb n\u00eb vendin tone mot te kthjellet dhe t\u00eb nxeht\u00eb gjat\u00eb gjith\u00eb paradites por or\u00ebt e pasdites do t\u00eb sjellin kalime vran\u00ebsirash n\u00ebp\u00ebr t\u00eb gjith\u00eb territorin e vendit ku m\u00eb t\u00eb theksuara vran\u00ebsirat paraqiten n\u00eb zonat\u2026","rel":"","context":"In &quot;Kultura&quot;","block_context":{"text":"Kultura","link":"https:\/\/www.shqiperia.com\/blog\/category\/kultura\/"},"img":{"alt_text":"","src":"https:\/\/i0.wp.com\/www.shqiperia.com\/blog\/wp-content\/uploads\/2022\/06\/800-0-b34d08e676f2c80a72201718b72e7b6f.jpg?fit=800%2C471&ssl=1&resize=350%2C200","width":350,"height":200,"srcset":"https:\/\/i0.wp.com\/www.shqiperia.com\/blog\/wp-content\/uploads\/2022\/06\/800-0-b34d08e676f2c80a72201718b72e7b6f.jpg?fit=800%2C471&ssl=1&resize=350%2C200 1x, https:\/\/i0.wp.com\/www.shqiperia.com\/blog\/wp-content\/uploads\/2022\/06\/800-0-b34d08e676f2c80a72201718b72e7b6f.jpg?fit=800%2C471&ssl=1&resize=525%2C300 1.5x, https:\/\/i0.wp.com\/www.shqiperia.com\/blog\/wp-content\/uploads\/2022\/06\/800-0-b34d08e676f2c80a72201718b72e7b6f.jpg?fit=800%2C471&ssl=1&resize=700%2C400 2x"},"classes":[]},{"id":87470,"url":"https:\/\/www.shqiperia.com\/blog\/australia-perfshihet-nga-vala-e-te-nxehtit-ekstrem-temperaturat-pritet-te-shkojne-deri-ne-45-grade\/","url_meta":{"origin":34179,"position":2},"title":"Australia p\u00ebrfshihet nga vala e t\u00eb nxehtit ekstrem, temperaturat pritet t\u00eb shkojn\u00eb deri n\u00eb 45 grad\u00eb","author":"Kurt Farka","date":"December 16, 2024","format":false,"excerpt":"16 Dhjetor 2024 Australia \u00ebsht\u00eb p\u00ebrfshir\u00eb nga nj\u00eb val\u00eb e t\u00eb nxehtit ekstrem, me temperatura n\u00eb disa vende q\u00eb pritet t\u00eb kalojn\u00eb mbi 40 grad\u00eb Celsius. Sipas parashikimeve, pjes\u00eb t\u00eb rajoneve Uellsi i Ri Jugor, Victoria, Queensland, Australia Jugore dhe Territori Verior mund t\u00eb p\u00ebrjetojn\u00eb temperatura deri n\u00eb 45 ose\u2026","rel":"","context":"In &quot;Blogu i Udh\u00ebtarit&quot;","block_context":{"text":"Blogu i Udh\u00ebtarit","link":"https:\/\/www.shqiperia.com\/blog\/category\/blogu-i-udhetarit\/"},"img":{"alt_text":"","src":"https:\/\/i0.wp.com\/www.shqiperia.com\/blog\/wp-content\/uploads\/2024\/12\/Capture28.jpg?fit=867%2C504&ssl=1&resize=350%2C200","width":350,"height":200,"srcset":"https:\/\/i0.wp.com\/www.shqiperia.com\/blog\/wp-content\/uploads\/2024\/12\/Capture28.jpg?fit=867%2C504&ssl=1&resize=350%2C200 1x, https:\/\/i0.wp.com\/www.shqiperia.com\/blog\/wp-content\/uploads\/2024\/12\/Capture28.jpg?fit=867%2C504&ssl=1&resize=525%2C300 1.5x, https:\/\/i0.wp.com\/www.shqiperia.com\/blog\/wp-content\/uploads\/2024\/12\/Capture28.jpg?fit=867%2C504&ssl=1&resize=700%2C400 2x"},"classes":[]},{"id":81125,"url":"https:\/\/www.shqiperia.com\/blog\/rikthehet-vala-afrikane-i-nxehti-pushton-vendin-tone-ja-sa-pritet-te-shkojne-temperaturat-sot\/","url_meta":{"origin":34179,"position":3},"title":"Rikthehet vala afrikane, i nxehti pushton vendin ton\u00eb, ja sa pritet t\u00eb shkojn\u00eb temperaturat sot","author":"Kurt Farka","date":"May 17, 2024","format":false,"excerpt":"17 Maji 2024 Dit\u00ebn e premte vendi yn\u00eb do t\u00eb jet\u00eb n\u00eb ndikim t\u00eb kushteve atmosferike t\u00eb qendrueshme. Moti parashikohet t\u00eb jet\u00eb me kthjellime dhe vran\u00ebsira kalimtare. Era parashikohet t\u00eb jet\u00eb nga kuadrati i jugut me shpejt\u00ebsi mesatare deri n\u00eb 7m\/sek, e cila hera-her\u00ebs fiton shpejt\u00ebsi deri n\u00eb 14m\/sek. Valezimi\u2026","rel":"","context":"In &quot;Blogu i Udh\u00ebtarit&quot;","block_context":{"text":"Blogu i Udh\u00ebtarit","link":"https:\/\/www.shqiperia.com\/blog\/category\/blogu-i-udhetarit\/"},"img":{"alt_text":"","src":"https:\/\/i0.wp.com\/www.shqiperia.com\/blog\/wp-content\/uploads\/2024\/05\/800-0-6646fe3a52b7b.jpg?fit=800%2C400&ssl=1&resize=350%2C200","width":350,"height":200,"srcset":"https:\/\/i0.wp.com\/www.shqiperia.com\/blog\/wp-content\/uploads\/2024\/05\/800-0-6646fe3a52b7b.jpg?fit=800%2C400&ssl=1&resize=350%2C200 1x, https:\/\/i0.wp.com\/www.shqiperia.com\/blog\/wp-content\/uploads\/2024\/05\/800-0-6646fe3a52b7b.jpg?fit=800%2C400&ssl=1&resize=525%2C300 1.5x, https:\/\/i0.wp.com\/www.shqiperia.com\/blog\/wp-content\/uploads\/2024\/05\/800-0-6646fe3a52b7b.jpg?fit=800%2C400&ssl=1&resize=700%2C400 2x"},"classes":[]},{"id":48758,"url":"https:\/\/www.shqiperia.com\/blog\/i-nxehti-pervelues-ne-shqiperi-njihuni-me-qytetet-ku-temperatura-arrin-43-c\/","url_meta":{"origin":34179,"position":4},"title":"I nxehti p\u00ebrv\u00eblues n\u00eb Shqip\u00ebri, njihuni me qytetet ku temperatura arrin 43 \u00b0C","author":"Kurt Farka","date":"July 28, 2021","format":false,"excerpt":"I nxehti p\u00ebrv\u00eblues n\u00eb Shqip\u00ebri, njihuni me qytetet ku temperatura arrin 43 \u00b0C 28 Korrik 2021 Duke filluar nga sot e deri n\u00eb fundjav\u00eb vendi yn\u00eb do t\u00eb mbizot\u00ebrohet nga temperatura shum\u00eb t\u00eb larta. Sipas Meteoalb, n\u00eb zonat e ul\u00ebta dhe n\u00eb pjes\u00ebn per\u00ebndimore t\u00eb vendit, temperaturat do t\u00eb variojn\u00eb\u2026","rel":"","context":"In &quot;Njoftime Shtypi&quot;","block_context":{"text":"Njoftime Shtypi","link":"https:\/\/www.shqiperia.com\/blog\/category\/njoftime-shtypi\/"},"img":{"alt_text":"","src":"https:\/\/i0.wp.com\/www.shqiperia.com\/blog\/wp-content\/uploads\/2021\/07\/temperaturat-1.jpg?fit=929%2C620&ssl=1&resize=350%2C200","width":350,"height":200,"srcset":"https:\/\/i0.wp.com\/www.shqiperia.com\/blog\/wp-content\/uploads\/2021\/07\/temperaturat-1.jpg?fit=929%2C620&ssl=1&resize=350%2C200 1x, https:\/\/i0.wp.com\/www.shqiperia.com\/blog\/wp-content\/uploads\/2021\/07\/temperaturat-1.jpg?fit=929%2C620&ssl=1&resize=525%2C300 1.5x, https:\/\/i0.wp.com\/www.shqiperia.com\/blog\/wp-content\/uploads\/2021\/07\/temperaturat-1.jpg?fit=929%2C620&ssl=1&resize=700%2C400 2x"},"classes":[]},{"id":72757,"url":"https:\/\/www.shqiperia.com\/blog\/i-nxehti-pritet-te-pushtoje-boten-nga-temperaturat-perveluese-te-stuhia-ja-si-parashikohet-moti-per-javen-e-ardhshme\/","url_meta":{"origin":34179,"position":5},"title":"I nxehti pritet \u201ct\u00eb pushtoj\u00eb\u201d bot\u00ebn\/ Nga temperaturat p\u00ebrv\u00ebluese te stuhia, ja si parashikohet moti p\u00ebr jav\u00ebn e ardhshme","author":"Kurt Farka","date":"July 17, 2023","format":false,"excerpt":"17 Korrik 2023 Gjat\u00eb jav\u00ebs q\u00eb vjen \u00ebsht\u00eb parashikuar mot ekstrem n\u00eb t\u00eb gjith\u00eb bot\u00ebn. Lajmin e kan\u00eb b\u00ebr\u00eb t\u00eb ditur mediat e huaja, sipas t\u00eb cilave Evropa Jugore dhe Afrika Veriore do t\u00eb \u201cpushtohen\u201d nga moti i nxeht\u00eb. Temperaturat n\u00eb k\u00ebto vende do t\u00eb arrijn\u00eb kulmin rreth 45 grad\u00eb\u2026","rel":"","context":"In &quot;Blogu i Udh\u00ebtarit&quot;","block_context":{"text":"Blogu i Udh\u00ebtarit","link":"https:\/\/www.shqiperia.com\/blog\/category\/blogu-i-udhetarit\/"},"img":{"alt_text":"","src":"https:\/\/i0.wp.com\/www.shqiperia.com\/blog\/wp-content\/uploads\/2023\/07\/800-0-e4b91c8a4d8267b8df6d4d8dfa70386e.jpg?fit=800%2C533&ssl=1&resize=350%2C200","width":350,"height":200,"srcset":"https:\/\/i0.wp.com\/www.shqiperia.com\/blog\/wp-content\/uploads\/2023\/07\/800-0-e4b91c8a4d8267b8df6d4d8dfa70386e.jpg?fit=800%2C533&ssl=1&resize=350%2C200 1x, https:\/\/i0.wp.com\/www.shqiperia.com\/blog\/wp-content\/uploads\/2023\/07\/800-0-e4b91c8a4d8267b8df6d4d8dfa70386e.jpg?fit=800%2C533&ssl=1&resize=525%2C300 1.5x, https:\/\/i0.wp.com\/www.shqiperia.com\/blog\/wp-content\/uploads\/2023\/07\/800-0-e4b91c8a4d8267b8df6d4d8dfa70386e.jpg?fit=800%2C533&ssl=1&resize=700%2C400 2x"},"classes":[]}],"_links":{"self":[{"href":"https:\/\/www.shqiperia.com\/blog\/wp-json\/wp\/v2\/posts\/34179","targetHints":{"allow":["GET"]}}],"collection":[{"href":"https:\/\/www.shqiperia.com\/blog\/wp-json\/wp\/v2\/posts"}],"about":[{"href":"https:\/\/www.shqiperia.com\/blog\/wp-json\/wp\/v2\/types\/post"}],"author":[{"embeddable":true,"href":"https:\/\/www.shqiperia.com\/blog\/wp-json\/wp\/v2\/users\/9"}],"replies":[{"embeddable":true,"href":"https:\/\/www.shqiperia.com\/blog\/wp-json\/wp\/v2\/comments?post=34179"}],"version-history":[{"count":1,"href":"https:\/\/www.shqiperia.com\/blog\/wp-json\/wp\/v2\/posts\/34179\/revisions"}],"predecessor-version":[{"id":34181,"href":"https:\/\/www.shqiperia.com\/blog\/wp-json\/wp\/v2\/posts\/34179\/revisions\/34181"}],"wp:featuredmedia":[{"embeddable":true,"href":"https:\/\/www.shqiperia.com\/blog\/wp-json\/wp\/v2\/media\/34180"}],"wp:attachment":[{"href":"https:\/\/www.shqiperia.com\/blog\/wp-json\/wp\/v2\/media?parent=34179"}],"wp:term":[{"taxonomy":"category","embeddable":true,"href":"https:\/\/www.shqiperia.com\/blog\/wp-json\/wp\/v2\/categories?post=34179"},{"taxonomy":"post_tag","embeddable":true,"href":"https:\/\/www.shqiperia.com\/blog\/wp-json\/wp\/v2\/tags?post=34179"}],"curies":[{"name":"wp","href":"https:\/\/api.w.org\/{rel}","templated":true}]}}